{"id":40990,"date":"2024-03-06T11:04:17","date_gmt":"2024-03-06T14:04:17","guid":{"rendered":"https:\/\/noticiasribeiraopreto.com.br\/index.php\/2024\/03\/06\/tres-bairros-podem-ficar-sem-agua-nesta-quarta-feira-em-ribeirao-preto-veja-os-locais\/"},"modified":"2024-03-06T11:04:17","modified_gmt":"2024-03-06T14:04:17","slug":"tres-bairros-podem-ficar-sem-agua-nesta-quarta-feira-em-ribeirao-preto-veja-os-locais","status":"publish","type":"post","link":"https:\/\/noticiasribeiraopreto.com.br\/index.php\/2024\/03\/06\/tres-bairros-podem-ficar-sem-agua-nesta-quarta-feira-em-ribeirao-preto-veja-os-locais\/","title":{"rendered":"Tr\u00eas bairros podem ficar sem \u00e1gua nesta quarta-feira em Ribeir\u00e3o Preto; Veja os locais"},"content":{"rendered":"<div class='code-block code-block-1' style='margin: 8px 0 8px auto; text-align: right; display: block; clear: both;'>\n<p><a href=\"https:\/\/wa.link\/vpicfd\"><img data-recalc-dims=\"1\" class=\"wp-image-4922\" style=\"aspect-ratio: 2.0253164556962027; width: 561px; height: auto;\" src=\"https:\/\/i0.wp.com\/ismaelcolosi.com.br\/wp-content\/uploads\/2023\/11\/grupo-de-empregos-whatsapp-e-facebook-ismael-colosi-vagas.jpg?ssl=1\" alt=\"\" \/><\/a><\/p>\n<!-- \/wp:image -->\n<\/div>\n<p> <br \/>\n<\/p>\n<div data-td-block-uid=\"tdi_101\">\n<div class=\"tdb-block-inner td-fix-index\">\n<p>A <strong>Saerp (<a href=\"https:\/\/www.ribeiraopreto.sp.gov.br\/portal\/saerp\/\" target=\"_blank\" rel=\"noreferrer noopener\">Secretaria de \u00c1gua e Esgoto de Ribeir\u00e3o Preto<\/a>) informou <\/strong>nesta<strong>\u00a0quarta-feira (6)\u00a0<\/strong>um\u00a0<strong>alerta<\/strong>\u00a0para\u00a0<strong>poss\u00edvel falta d\u2019\u00e1gua em tr\u00eas bairros e regi\u00f5es pr\u00f3ximas da zona Leste de Ribeir\u00e3o Preto<\/strong>.<\/p>\n<p>De acordo com a secretaria, est\u00e1 sendo realizada a substitui\u00e7\u00e3o de uma bomba do po\u00e7o Flamboyans, com o objetivo de\u00a0<strong>aperfei\u00e7oar a distribui\u00e7\u00e3o de \u00e1gua na regi\u00e3o<\/strong>.<\/p>\n<p>Por isso, existe a chance de ocasionar falta d\u2019\u00e1gua nos seguintes bairros:<\/p>\n<ul>\n<li><strong>Jardim Ouro Branco, Residencial C\u00e2ndido Portinari, Parque dos Flamboyans e regi\u00f5es<\/strong>.<\/li>\n<\/ul>\n<p>A<strong>\u00a0previs\u00e3o de conclus\u00e3o dos trabalhos \u00e9 ainda nesta quarta-feira, \u00e0s 16h<\/strong>. Ap\u00f3s a finaliza\u00e7\u00e3o, o sistema ser\u00e1 religado e o abastecimento voltar\u00e1 de forma gradativa.<\/p>\n<h4 class=\"wp-block-heading\"><strong>O que fazer?<\/strong><\/h4>\n<p>Caso o seu bairro apresente falhas no abastecimento, entre em contato com a\u00a0<strong>Saerp<\/strong>\u00a0pelo telefone 0800 115 0115 ou procure por um posto de atendimento (<a href=\"https:\/\/www.ribeiraopreto.sp.gov.br\/portal\/saerp\/postos-de-atendimento\" target=\"_blank\" rel=\"noreferrer noopener\">clique aqui<\/a>).<\/p>\n<p>SAIBA MAIS<br \/>Carro sobe em cal\u00e7ada e bate em loja na avenida Independ\u00eancia em Ribeir\u00e3o<\/p>\n<h4 class=\"wp-block-heading\"><strong>FIQUE ON<\/strong><\/h4>\n<p>Fique ligado em tudo que acontece em Ribeir\u00e3o Preto e regi\u00e3o. Siga os perfis do <strong>acidade on <\/strong>no <a href=\"https:\/\/www.instagram.com\/acidadeonribeirao\/\" target=\"_blank\" rel=\"noreferrer noopener\">Instagram<\/a> e no <a href=\"https:\/\/www.facebook.com\/acidadeonribeirao\" target=\"_blank\" rel=\"noreferrer noopener\">Facebook<\/a>.<\/p>\n<p>Receba not\u00edcias do acidade on no WhatsApp. Para entrar no grupo, basta <a href=\"https:\/\/chat.whatsapp.com\/Bnv2w66ZT4VDyZW3oiZ69n\" target=\"_blank\" rel=\"noreferrer noopener\">clicar aqui<\/a>.<\/p>\n<p>Fa\u00e7a uma den\u00fancia ou sugira uma reportagem sobre Ribeir\u00e3o Preto e regi\u00e3o pelo WhatsApp: 16 99117 7802.<\/p>\n<p>VEJA TAMB\u00c9M<br \/>Boninho revela pedido de Yasmin Brunet ap\u00f3s Davi voltar do Pared\u00e3o<\/p>\n<p><!-- AI CONTENT END 1 -->\n<\/div>\n<\/div>\n<p><script async src=\"\/\/www.instagram.com\/embed.js\"><\/script><br \/>\n<br \/><br \/>\n<br \/><a href=\"https:\/\/www.acidadeon.com\/ribeiraopreto\/cotidiano\/tres-bairros-podem-ficar-sem-agua-nesta-quarta-feira-em-ribeirao-preto-veja-os-locais\/\">Source link <\/a><\/p>\n<!-- CONTENT END 1 -->\n","protected":false},"excerpt":{"rendered":"<p>A Saerp (Secretaria de \u00c1gua e Esgoto de Ribeir\u00e3o Preto) informou nesta\u00a0quarta-feira (6)\u00a0um\u00a0alerta\u00a0para\u00a0poss\u00edvel falta d\u2019\u00e1gua em tr\u00eas bairros e regi\u00f5es pr\u00f3ximas da zona Leste de&#8230;<\/p>\n","protected":false},"author":1,"featured_media":40991,"comment_status":"open","ping_status":"open","sticky":false,"template":"","format":"standard","meta":{"advanced_seo_description":"","jetpack_seo_html_title":"","jetpack_seo_noindex":false,"jetpack_post_was_ever_published":false,"_jetpack_newsletter_access":"","_jetpack_dont_email_post_to_subs":false,"_jetpack_newsletter_tier_id":0,"_jetpack_memberships_contains_paywalled_content":false,"_jetpack_memberships_contains_paid_content":false,"footnotes":"","jetpack_publicize_message":"","jetpack_publicize_feature_enabled":true,"jetpack_social_post_already_shared":true,"jetpack_social_options":{"image_generator_settings":{"template":"highway","default_image_id":0,"font":"","enabled":false},"version":2}},"categories":[11],"tags":[],"class_list":["post-40990","post","type-post","status-publish","format-standard","has-post-thumbnail","hentry","category-noticias-de-ribeirao-preto-sp-e-regiao-ismael-colosi"],"jetpack_publicize_connections":[],"jetpack_featured_media_url":"https:\/\/i0.wp.com\/noticiasribeiraopreto.com.br\/wp-content\/uploads\/2024\/03\/water-tap-7055543_1280-2.jpg?fit=1280%2C943&ssl=1","jetpack-related-posts":[{"id":43259,"url":"https:\/\/noticiasribeiraopreto.com.br\/index.php\/2024\/03\/20\/veja-os-bairros-que-podem-ficar-sem-agua-nesta-quarta-feira-em-ribeirao-preto\/","url_meta":{"origin":40990,"position":0},"title":"Veja os bairros que podem ficar sem \u00e1gua nesta quarta-feira em Ribeir\u00e3o Preto","author":"noticiasribeiraopreto.com.br","date":"20 de March de 2024","format":false,"excerpt":"A Saerp (Secretaria de \u00c1gua e Esgoto de Ribeir\u00e3o Preto) publicou nesta\u00a0quarta-feira (20)\u00a0um\u00a0alerta\u00a0para\u00a0poss\u00edvel falta d\u2019\u00e1gua em bairros e condom\u00ednios nas regi\u00f5es Sul e Norte de Ribeir\u00e3o Preto. Segundo a\u00a0Saerp, equipes est\u00e3o substituindo as bombas dos po\u00e7os Aroeira e Jandaia, para\u00a0aperfei\u00e7oar a distribui\u00e7\u00e3o de \u00e1gua na regi\u00e3o. Por isso, existe a\u2026","rel":"","context":"In &quot;Not\u00edcias de Ribeir\u00e3o Preto-SP e Regi\u00e3o&quot;","block_context":{"text":"Not\u00edcias de Ribeir\u00e3o Preto-SP e Regi\u00e3o","link":"https:\/\/noticiasribeiraopreto.com.br\/index.php\/category\/noticias-de-ribeirao-preto-sp-e-regiao-ismael-colosi\/"},"img":{"alt_text":"","src":"https:\/\/i0.wp.com\/noticiasribeiraopreto.com.br\/wp-content\/uploads\/2024\/03\/falta-de-agua-3-1-1.jpg?fit=1200%2C673&ssl=1&resize=350%2C200","width":350,"height":200,"srcset":"https:\/\/i0.wp.com\/noticiasribeiraopreto.com.br\/wp-content\/uploads\/2024\/03\/falta-de-agua-3-1-1.jpg?fit=1200%2C673&ssl=1&resize=350%2C200 1x, https:\/\/i0.wp.com\/noticiasribeiraopreto.com.br\/wp-content\/uploads\/2024\/03\/falta-de-agua-3-1-1.jpg?fit=1200%2C673&ssl=1&resize=525%2C300 1.5x, https:\/\/i0.wp.com\/noticiasribeiraopreto.com.br\/wp-content\/uploads\/2024\/03\/falta-de-agua-3-1-1.jpg?fit=1200%2C673&ssl=1&resize=700%2C400 2x, https:\/\/i0.wp.com\/noticiasribeiraopreto.com.br\/wp-content\/uploads\/2024\/03\/falta-de-agua-3-1-1.jpg?fit=1200%2C673&ssl=1&resize=1050%2C600 3x"},"classes":[]},{"id":63392,"url":"https:\/\/noticiasribeiraopreto.com.br\/index.php\/2025\/02\/12\/bairros-e-condominios-de-ribeirao-podem-ficar-sem-agua-nesta-quarta-feira-veja-locais\/","url_meta":{"origin":40990,"position":1},"title":"Bairros e condom\u00ednios de Ribeir\u00e3o podem ficar sem \u00e1gua nesta quarta-feira; Veja locais","author":"noticiasribeiraopreto.com.br","date":"12 de February de 2025","format":false,"excerpt":"A Saerp (Secretaria de \u00c1gua e Esgoto de Ribeir\u00e3o Preto) informou nesta quarta-feira (12) que dois bairros e dois condom\u00ednios de Ribeir\u00e3o Preto podem ficar sem \u00e1gua. De acordo com a secretaria, uma equipe realiza a limpeza e profilaxia do sistema de abastecimento no reservat\u00f3rio Primavera, o que pode causar\u2026","rel":"","context":"In &quot;Not\u00edcias de Ribeir\u00e3o Preto-SP e Regi\u00e3o&quot;","block_context":{"text":"Not\u00edcias de Ribeir\u00e3o Preto-SP e Regi\u00e3o","link":"https:\/\/noticiasribeiraopreto.com.br\/index.php\/category\/noticias-de-ribeirao-preto-sp-e-regiao-ismael-colosi\/"},"img":{"alt_text":"","src":"https:\/\/i0.wp.com\/noticiasribeiraopreto.com.br\/wp-content\/uploads\/2025\/01\/mao-na-torneira_2025-01-22_13-12-20.webp.webp?fit=1024%2C684&ssl=1&resize=350%2C200","width":350,"height":200,"srcset":"https:\/\/i0.wp.com\/noticiasribeiraopreto.com.br\/wp-content\/uploads\/2025\/01\/mao-na-torneira_2025-01-22_13-12-20.webp.webp?fit=1024%2C684&ssl=1&resize=350%2C200 1x, https:\/\/i0.wp.com\/noticiasribeiraopreto.com.br\/wp-content\/uploads\/2025\/01\/mao-na-torneira_2025-01-22_13-12-20.webp.webp?fit=1024%2C684&ssl=1&resize=525%2C300 1.5x, https:\/\/i0.wp.com\/noticiasribeiraopreto.com.br\/wp-content\/uploads\/2025\/01\/mao-na-torneira_2025-01-22_13-12-20.webp.webp?fit=1024%2C684&ssl=1&resize=700%2C400 2x"},"classes":[]},{"id":39091,"url":"https:\/\/noticiasribeiraopreto.com.br\/index.php\/2024\/02\/23\/tres-bairros-de-ribeirao-preto-podem-ficar-sem-agua-nesta-sexta-veja-os-locais\/","url_meta":{"origin":40990,"position":2},"title":"Tr\u00eas bairros de Ribeir\u00e3o Preto podem ficar sem \u00e1gua nesta sexta; Veja os locais","author":"noticiasribeiraopreto.com.br","date":"23 de February de 2024","format":false,"excerpt":"Nesta sexta-feira (23), a Saerp (Secretaria de \u00c1gua e Esgoto de Ribeir\u00e3o Preto) emitiu um alerta para poss\u00edvel falta d\u2019\u00e1gua em tr\u00eas bairros e regi\u00f5es pr\u00f3ximas, na zona Norte de Ribeir\u00e3o Preto. Em nota, a Saerp informou que realiza a substitui\u00e7\u00e3o de uma bomba do po\u00e7o Top\u00e1zio, com o objetivo\u2026","rel":"","context":"In &quot;Not\u00edcias de Ribeir\u00e3o Preto-SP e Regi\u00e3o&quot;","block_context":{"text":"Not\u00edcias de Ribeir\u00e3o Preto-SP e Regi\u00e3o","link":"https:\/\/noticiasribeiraopreto.com.br\/index.php\/category\/noticias-de-ribeirao-preto-sp-e-regiao-ismael-colosi\/"},"img":{"alt_text":"","src":"https:\/\/i0.wp.com\/noticiasribeiraopreto.com.br\/wp-content\/uploads\/2024\/02\/falta_de_agua.jpg?fit=867%2C478&ssl=1&resize=350%2C200","width":350,"height":200,"srcset":"https:\/\/i0.wp.com\/noticiasribeiraopreto.com.br\/wp-content\/uploads\/2024\/02\/falta_de_agua.jpg?fit=867%2C478&ssl=1&resize=350%2C200 1x, https:\/\/i0.wp.com\/noticiasribeiraopreto.com.br\/wp-content\/uploads\/2024\/02\/falta_de_agua.jpg?fit=867%2C478&ssl=1&resize=525%2C300 1.5x, https:\/\/i0.wp.com\/noticiasribeiraopreto.com.br\/wp-content\/uploads\/2024\/02\/falta_de_agua.jpg?fit=867%2C478&ssl=1&resize=700%2C400 2x"},"classes":[]},{"id":61122,"url":"https:\/\/noticiasribeiraopreto.com.br\/index.php\/2024\/12\/04\/bairros-de-ribeirao-preto-estao-em-alerta-para-falta-dagua-nesta-quarta-veja-locais\/","url_meta":{"origin":40990,"position":3},"title":"Bairros de Ribeir\u00e3o Preto est\u00e3o em alerta para falta d\u2019\u00e1gua nesta quarta; Veja locais","author":"noticiasribeiraopreto.com.br","date":"4 de December de 2024","format":false,"excerpt":"A Saerp (Secretaria de \u00c1gua e Esgoto de Ribeir\u00e3o Preto) informou nesta quarta-feira (4) que bairros de Ribeir\u00e3o Preto e Bonfim Paulista podem apresentar falta d\u2019\u00e1gua. De acordo com a secretaria, uma equipe realiza uma manuten\u00e7\u00e3o preventiva do sistema de abastecimento no reservat\u00f3rio Saint Gerard, o que pode afetar o\u2026","rel":"","context":"In &quot;Not\u00edcias de Ribeir\u00e3o Preto-SP e Regi\u00e3o&quot;","block_context":{"text":"Not\u00edcias de Ribeir\u00e3o Preto-SP e Regi\u00e3o","link":"https:\/\/noticiasribeiraopreto.com.br\/index.php\/category\/noticias-de-ribeirao-preto-sp-e-regiao-ismael-colosi\/"},"img":{"alt_text":"","src":"https:\/\/i0.wp.com\/noticiasribeiraopreto.com.br\/wp-content\/uploads\/2024\/12\/torneira_falta_1024x576_01122020133928.jpg?fit=1024%2C576&ssl=1&resize=350%2C200","width":350,"height":200,"srcset":"https:\/\/i0.wp.com\/noticiasribeiraopreto.com.br\/wp-content\/uploads\/2024\/12\/torneira_falta_1024x576_01122020133928.jpg?fit=1024%2C576&ssl=1&resize=350%2C200 1x, https:\/\/i0.wp.com\/noticiasribeiraopreto.com.br\/wp-content\/uploads\/2024\/12\/torneira_falta_1024x576_01122020133928.jpg?fit=1024%2C576&ssl=1&resize=525%2C300 1.5x, https:\/\/i0.wp.com\/noticiasribeiraopreto.com.br\/wp-content\/uploads\/2024\/12\/torneira_falta_1024x576_01122020133928.jpg?fit=1024%2C576&ssl=1&resize=700%2C400 2x"},"classes":[]},{"id":63175,"url":"https:\/\/noticiasribeiraopreto.com.br\/index.php\/2025\/02\/05\/saerp-alerta-para-falta-dagua-em-oito-bairros-de-ribeirao-preto-veja-quais\/","url_meta":{"origin":40990,"position":4},"title":"Saerp alerta para falta d\u2019\u00e1gua em oito bairros de Ribeir\u00e3o Preto; Veja quais","author":"noticiasribeiraopreto.com.br","date":"5 de February de 2025","format":false,"excerpt":"A Saerp (Secretaria de \u00c1gua e Esgoto de Ribeir\u00e3o Preto) informou nesta quarta-feira (5) que ao menos oito bairros de Ribeir\u00e3o Preto podem ficar sem \u00e1gua. De acordo com a secretaria, uma equipe realiza a manuten\u00e7\u00e3o preventiva nos reservat\u00f3rios Piratininga 1 e 3, o que deve causar falhas no abastecimento\u2026","rel":"","context":"In &quot;Not\u00edcias de Ribeir\u00e3o Preto-SP e Regi\u00e3o&quot;","block_context":{"text":"Not\u00edcias de Ribeir\u00e3o Preto-SP e Regi\u00e3o","link":"https:\/\/noticiasribeiraopreto.com.br\/index.php\/category\/noticias-de-ribeirao-preto-sp-e-regiao-ismael-colosi\/"},"img":{"alt_text":"","src":"https:\/\/i0.wp.com\/noticiasribeiraopreto.com.br\/wp-content\/uploads\/2025\/01\/mao-na-torneira_2025-01-22_13-12-20.webp.webp?fit=1024%2C684&ssl=1&resize=350%2C200","width":350,"height":200,"srcset":"https:\/\/i0.wp.com\/noticiasribeiraopreto.com.br\/wp-content\/uploads\/2025\/01\/mao-na-torneira_2025-01-22_13-12-20.webp.webp?fit=1024%2C684&ssl=1&resize=350%2C200 1x, https:\/\/i0.wp.com\/noticiasribeiraopreto.com.br\/wp-content\/uploads\/2025\/01\/mao-na-torneira_2025-01-22_13-12-20.webp.webp?fit=1024%2C684&ssl=1&resize=525%2C300 1.5x, https:\/\/i0.wp.com\/noticiasribeiraopreto.com.br\/wp-content\/uploads\/2025\/01\/mao-na-torneira_2025-01-22_13-12-20.webp.webp?fit=1024%2C684&ssl=1&resize=700%2C400 2x"},"classes":[]},{"id":42258,"url":"https:\/\/noticiasribeiraopreto.com.br\/index.php\/2024\/03\/13\/saerp-alerta-para-falta-dagua-em-oito-bairros-de-ribeirao-preto\/","url_meta":{"origin":40990,"position":5},"title":"Saerp alerta para falta d\u2019\u00e1gua em oito bairros de Ribeir\u00e3o Preto","author":"noticiasribeiraopreto.com.br","date":"13 de March de 2024","format":false,"excerpt":"A Saerp (Secretaria de \u00c1gua e Esgoto de Ribeir\u00e3o Preto) alerta para falta d\u2019\u00e1gua em oito bairros da cidade nesta quarta-feira (13). De acordo com a secretaria, est\u00e3o sendo realizados dois reparos emergenciais no sistema de abastecimento. Na zona Leste, o servi\u00e7o acontece em uma rede rompida na avenida Treze\u2026","rel":"","context":"In &quot;Not\u00edcias de Ribeir\u00e3o Preto-SP e Regi\u00e3o&quot;","block_context":{"text":"Not\u00edcias de Ribeir\u00e3o Preto-SP e Regi\u00e3o","link":"https:\/\/noticiasribeiraopreto.com.br\/index.php\/category\/noticias-de-ribeirao-preto-sp-e-regiao-ismael-colosi\/"},"img":{"alt_text":"","src":"https:\/\/i0.wp.com\/noticiasribeiraopreto.com.br\/wp-content\/uploads\/2024\/03\/falta-agua.jpg?fit=1068%2C801&ssl=1&resize=350%2C200","width":350,"height":200,"srcset":"https:\/\/i0.wp.com\/noticiasribeiraopreto.com.br\/wp-content\/uploads\/2024\/03\/falta-agua.jpg?fit=1068%2C801&ssl=1&resize=350%2C200 1x, https:\/\/i0.wp.com\/noticiasribeiraopreto.com.br\/wp-content\/uploads\/2024\/03\/falta-agua.jpg?fit=1068%2C801&ssl=1&resize=525%2C300 1.5x, https:\/\/i0.wp.com\/noticiasribeiraopreto.com.br\/wp-content\/uploads\/2024\/03\/falta-agua.jpg?fit=1068%2C801&ssl=1&resize=700%2C400 2x, https:\/\/i0.wp.com\/noticiasribeiraopreto.com.br\/wp-content\/uploads\/2024\/03\/falta-agua.jpg?fit=1068%2C801&ssl=1&resize=1050%2C600 3x"},"classes":[]}],"jetpack_sharing_enabled":true,"jetpack_shortlink":"https:\/\/wp.me\/peQAOb-aF8","_links":{"self":[{"href":"https:\/\/noticiasribeiraopreto.com.br\/index.php\/wp-json\/wp\/v2\/posts\/40990","targetHints":{"allow":["GET"]}}],"collection":[{"href":"https:\/\/noticiasribeiraopreto.com.br\/index.php\/wp-json\/wp\/v2\/posts"}],"about":[{"href":"https:\/\/noticiasribeiraopreto.com.br\/index.php\/wp-json\/wp\/v2\/types\/post"}],"author":[{"embeddable":true,"href":"https:\/\/noticiasribeiraopreto.com.br\/index.php\/wp-json\/wp\/v2\/users\/1"}],"replies":[{"embeddable":true,"href":"https:\/\/noticiasribeiraopreto.com.br\/index.php\/wp-json\/wp\/v2\/comments?post=40990"}],"version-history":[{"count":0,"href":"https:\/\/noticiasribeiraopreto.com.br\/index.php\/wp-json\/wp\/v2\/posts\/40990\/revisions"}],"wp:featuredmedia":[{"embeddable":true,"href":"https:\/\/noticiasribeiraopreto.com.br\/index.php\/wp-json\/wp\/v2\/media\/40991"}],"wp:attachment":[{"href":"https:\/\/noticiasribeiraopreto.com.br\/index.php\/wp-json\/wp\/v2\/media?parent=40990"}],"wp:term":[{"taxonomy":"category","embeddable":true,"href":"https:\/\/noticiasribeiraopreto.com.br\/index.php\/wp-json\/wp\/v2\/categories?post=40990"},{"taxonomy":"post_tag","embeddable":true,"href":"https:\/\/noticiasribeiraopreto.com.br\/index.php\/wp-json\/wp\/v2\/tags?post=40990"}],"curies":[{"name":"wp","href":"https:\/\/api.w.org\/{rel}","templated":true}]}}