{"id":40999,"date":"2024-03-06T11:37:29","date_gmt":"2024-03-06T14:37:29","guid":{"rendered":"https:\/\/noticiasribeiraopreto.com.br\/index.php\/2024\/03\/06\/como-fazer-networking-em-grandes-eventos\/"},"modified":"2024-03-06T11:37:29","modified_gmt":"2024-03-06T14:37:29","slug":"como-fazer-networking-em-grandes-eventos","status":"publish","type":"post","link":"https:\/\/noticiasribeiraopreto.com.br\/index.php\/2024\/03\/06\/como-fazer-networking-em-grandes-eventos\/","title":{"rendered":"Como fazer networking em grandes eventos"},"content":{"rendered":"<div class='code-block code-block-1' style='margin: 8px 0 8px auto; text-align: right; display: block; clear: both;'>\n<p><a href=\"https:\/\/wa.link\/vpicfd\"><img data-recalc-dims=\"1\" class=\"wp-image-4922\" style=\"aspect-ratio: 2.0253164556962027; width: 561px; height: auto;\" src=\"https:\/\/i0.wp.com\/ismaelcolosi.com.br\/wp-content\/uploads\/2023\/11\/grupo-de-empregos-whatsapp-e-facebook-ismael-colosi-vagas.jpg?ssl=1\" alt=\"\" \/><\/a><\/p>\n<!-- \/wp:image -->\n<\/div>\n<p> <br \/>\n<\/p>\n<div>\n<div id=\"attachment_599360\" class=\"wp-caption alignnone style=\" max-width:=\"\"><img data-recalc-dims=\"1\" fetchpriority=\"high\" decoding=\"async\" class=\"alignnone wp-image-599360 size-full\" src=\"https:\/\/i0.wp.com\/forbes.com.br\/wp-content\/uploads\/2024\/03\/carreira-sxsw-networking-768x512.jpg?resize=678%2C452&#038;ssl=1\" http:=\"\" alt=\"Travis P Ball\/Getty Images\" width=\"678\" height=\"452\" data-lazy-src=\"https:\/\/forbes.com.br\/wp-content\/uploads\/2024\/03\/carreira-sxsw-networking-768x512.jpg\"\/><noscript><img data-recalc-dims=\"1\" fetchpriority=\"high\" decoding=\"async\" class=\"alignnone wp-image-599360 size-full\" src=\"https:\/\/i0.wp.com\/forbes.com.br\/wp-content\/uploads\/2024\/03\/carreira-sxsw-networking-768x512.jpg?resize=678%2C452&#038;ssl=1\" alt=\"Travis P Ball\/Getty Images\" width=\"678\" height=\"452\"\/><\/noscript><\/p>\n<p>Travis P Ball\/Getty Images<\/p>\n<p class=\"wp-caption-text\">O SXSW come\u00e7a esta semana em Austin, no Texas, e deve atrair 345 mil pessoas, proporcionando diversas oportunidades de networking<\/p>\n<\/div>\n<p>Fazer conex\u00f5es \u00e9 um dos pontos altos ao participar de grandes eventos e festivais de inova\u00e7\u00e3o, como o <strong>SXSW (South by Southwest)<\/strong>, realizado em Austin, Texas, e o <strong>Rio2C<\/strong>, no Rio de Janeiro.<\/p>\n<p>Nessas ocasi\u00f5es, voc\u00ea se encontra com profissionais do mundo todo que compartilham interesses similares aos seus, abrindo portas para novas oportunidades de neg\u00f3cios, avan\u00e7os na carreira e colabora\u00e7\u00f5es futuras. \u201cTemos headhunters e empresas de recoloca\u00e7\u00e3o, mas a indica\u00e7\u00e3o \u00e9 quase tudo hoje em dia\u201d, observa Andrea Bisker, professora de MBA na ESPM e fundadora da Spark Off, consultoria de inova\u00e7\u00e3o e an\u00e1lise de tend\u00eancias, que tamb\u00e9m cria roteiros personalizados para executivos brasileiros que desejam aproveitar ao m\u00e1ximo o SXSW.<\/p>\n<ul>\n<li><b>Siga a<\/b><a href=\"https:\/\/whatsapp.com\/channel\/0029Va9gQKwBFLgM96cJnu0u\"> <b>Forbes<\/b><\/a><b> no WhatsApp e receba as principais not\u00edcias sobre neg\u00f3cios, carreira, tecnologia e estilo de vida<\/b><\/li>\n<\/ul>\n<p>\u00c0s v\u00e9speras de sua 38\u00aa edi\u00e7\u00e3o, o <strong>SXSW se destaca como um dos principais eventos globais de inova\u00e7\u00e3o<\/strong>, iniciando nesta sexta-feira (8) e se estendendo at\u00e9 o dia 16 de mar\u00e7o. Com mais de duas mil palestras distribu\u00eddas em 24 trilhas tem\u00e1ticas, o evento deve atrair 345 mil visitantes este ano, com a <strong>delega\u00e7\u00e3o brasileira sendo a maior, composta por mais de 1.600 pessoas<\/strong>.<\/p>\n<p>Durante o SXSW, a capital do Texas tamb\u00e9m ser\u00e1 sede de uma<strong> edi\u00e7\u00e3o in\u00e9dita da Forbes Brasil Nightcap<\/strong>. O evento receber\u00e1 convidados do Brasil e de outros pa\u00edses, entre executivos e executivas de marketing, neg\u00f3cios, finan\u00e7as, tecnologia e inova\u00e7\u00e3o no tradicional Antone\u2019s Austin. O projeto ser\u00e1 apresentado pela iD\\TBWA e a SingularityU Brazil.<\/p>\n<p>Al\u00e9m do SXSW, outros eventos importantes no Brasil, como o <strong>Web Summit<\/strong> e o <strong>Rio2C<\/strong>, oferecem oportunidades semelhantes para profissionais de diversas \u00e1reas.<\/p>\n<p>Esses encontros, que re\u00fanem milhares de pessoas dispostas a trocar conhecimento, tamb\u00e9m se destacam como momentos ideais para a amplia\u00e7\u00e3o das redes de contatos, j\u00e1 que os participantes costumam compartilhar esse objetivo. \u201cEmbora seja bom focar nos seus interesses, \u00e9 importante estar aberto a conhecer pessoas de diferentes setores, porque a diversidade pode levar a colabora\u00e7\u00f5es inesperadas\u201d, afirma o CEO e fundador do Rio2C, Rafael Lazarini.<\/p>\n<p>Nesta edi\u00e7\u00e3o do evento, a <strong>Forbes Brasil ser\u00e1 co-curadora do Forbes Brands&amp;Co<\/strong>, palco que conecta nomes de relev\u00e2ncia no marketing, publicidade e cria\u00e7\u00e3o de conte\u00fado com a \u00f3tica de neg\u00f3cios, tecnologia e inova\u00e7\u00e3o.<\/p>\n<p><strong>Leia tamb\u00e9m:<\/strong><\/p>\n<h2>Como fazer networking em eventos<\/h2>\n<p>Para aprimorar suas habilidades de networking em eventos, \u00e9 fundamental mudar a percep\u00e7\u00e3o negativa que muitas vezes rodeia o assunto. \u201cO segredo est\u00e1 em transformar o mito do networking, visto muitas vezes como algo movido apenas por interesse, em um h\u00e1bito que contribui para a longevidade da sua carreira\u201d, afirma Bisker.<\/p>\n<p>A seguir, veja dicas sobre como expandir sua rede de contatos durante festivais como o SXSW e o Rio2C.<\/p>\n<h3>Prepare-se para o networking antes do evento<\/h3>\n<p>O networking come\u00e7a antes do evento propriamente dito. Prepare-se antecipadamente, definindo objetivos e pesquisando sobre os participantes e as atividades al\u00e9m da programa\u00e7\u00e3o principal.<\/p>\n<p>Outra dica \u00e9 buscar grupos de profissionais que tamb\u00e9m ir\u00e3o ao evento. \u201cAquela pergunta cl\u00e1ssica de qual foi a palestra mais interessante do dia sempre \u00e9 um bom quebra gelo e um pontap\u00e9 inicial para a conversa\u201d, diz Lazarini.<\/p>\n<h3>Esteja presente em espa\u00e7os comuns de interesse<\/h3>\n<p>Frequente lugares onde h\u00e1 uma concentra\u00e7\u00e3o natural de profissionais da sua \u00e1rea. Seja no happy hour, workshops ou em sess\u00f5es de mentoria, esses espa\u00e7os oferecem oportunidades org\u00e2nicas de encontro e conversas com experts e profissionais com interesses similares, facilitando a cria\u00e7\u00e3o de novas conex\u00f5es. \u201cColoque na sua agenda um tempo para isso. Quando voc\u00ea vai planejada, voc\u00ea aproveita melhor essas trocas\u201d, diz Bisker.<\/p>\n<h3>Aproveite as filas e momentos de espera<\/h3>\n<p>Utilize qualquer momento de espera ou fila para iniciar conversas casuais com as pessoas ao seu redor. Esses encontros podem evoluir para conex\u00f5es profissionais valiosas no futuro. \u201cQuando estiver nas filas, aproveite para conversar com as pessoas que est\u00e3o na sua frente e atr\u00e1s de voc\u00ea\u201d, sugere a professora.<\/p>\n<h3>Seja proativo<\/h3>\n<p>Inicie conversas e fa\u00e7a conex\u00f5es de forma proativa, mas sempre mantendo a autenticidade. Demonstrar interesse pelas hist\u00f3rias e experi\u00eancias dos outros pode abrir caminhos para rela\u00e7\u00f5es profissionais duradouras. \u201cEmbora seja mais f\u00e1cil estar com pessoas conhecidas, \u00e9 fundamental sair da zona de conforto e se envolver e interagir com novas pessoas\u201d, diz o CEO do Rio2C.<\/p>\n<h3>Utilize a tecnologia a seu favor<\/h3>\n<p>Assim como a curadoria de conte\u00fado e a organiza\u00e7\u00e3o de agendas personalizadas podem ajudar na experi\u00eancia do SXSW e de outros eventos, aplicativos e plataformas podem ser ferramentas valiosas para planejar seu networking em outros contextos.<\/p>\n<h2>Dicas para fazer networking no SXSW<\/h2>\n<h3>Atualize seu perfil no aplicativo do evento<\/h3>\n<p>Trate seu perfil no app do SXSW como uma extens\u00e3o do seu LinkedIn. Utilize-o para buscar e se conectar com profissionais de seu interesse, iniciando conversas e marcando encontros.<\/p>\n<h3>Participe de mentorias<\/h3>\n<p>O SXSW oferece sess\u00f5es de mentoria com profissionais renomados. Esses encontros, embora breves, podem abrir portas para futuras conversas e oportunidades.<\/p>\n<h3>Frequente locais de encontro<\/h3>\n<p>Bares como o Pix e eventos espec\u00edficos para brasileiros, como a Casa S\u00e3o Paulo, s\u00e3o excelentes para conhecer outros profissionais e ampliar sua rede.<\/p>\n<h3>Engaje-se em meetups tem\u00e1ticos<\/h3>\n<p>Os meetups, organizados por temas, s\u00e3o uma chance de encontrar pessoas com interesses similares. Essa \u00e9 uma forma de fazer conex\u00f5es significativas em um ambiente mais intimista.<\/p>\n<\/div>\n<p><script type=\"rocketlazyloadscript\">\n\t\t\t\t(function(d, s, id){\n\t\t\t\t\tvar js, fjs = d.getElementsByTagName(s)[0];\n\t\t\t\t\tif (d.getElementById(id)) return;\n\t\t\t\t\tjs = d.createElement(s); js.id = id;\n\t\t\t\t\tjs.src = \"\/\/connect.facebook.net\/pt_BR\/sdk.js#xfbml=1&version=v2.9\";\n\t\t\t\t\tfjs.parentNode.insertBefore(js, fjs);\n\t\t\t\t}(document, 'script', 'facebook-jssdk'));\n\t\t\t<\/script><br \/>\n<br \/><br \/>\n<br \/><a href=\"https:\/\/forbes.com.br\/carreira\/2024\/03\/precisa-aumentar-sua-rede-dicas-para-fazer-networking-em-grandes-eventos\/\">Source link <\/a><\/p>\n<!-- CONTENT END 1 -->\n","protected":false},"excerpt":{"rendered":"<p>Travis P Ball\/Getty Images O SXSW come\u00e7a esta semana em Austin, no Texas, e deve atrair 345 mil pessoas, proporcionando diversas oportunidades de networking Fazer&#8230;<\/p>\n","protected":false},"author":1,"featured_media":41000,"comment_status":"open","ping_status":"open","sticky":false,"template":"","format":"standard","meta":{"advanced_seo_description":"","jetpack_seo_html_title":"","jetpack_seo_noindex":false,"jetpack_post_was_ever_published":false,"_jetpack_newsletter_access":"","_jetpack_dont_email_post_to_subs":false,"_jetpack_newsletter_tier_id":0,"_jetpack_memberships_contains_paywalled_content":false,"_jetpack_memberships_contains_paid_content":false,"footnotes":"","jetpack_publicize_message":"","jetpack_publicize_feature_enabled":true,"jetpack_social_post_already_shared":true,"jetpack_social_options":{"image_generator_settings":{"template":"highway","default_image_id":0,"font":"","enabled":false},"version":2}},"categories":[1],"tags":[],"class_list":["post-40999","post","type-post","status-publish","format-standard","has-post-thumbnail","hentry","category-blog"],"jetpack_publicize_connections":[],"jetpack_featured_media_url":"https:\/\/i0.wp.com\/noticiasribeiraopreto.com.br\/wp-content\/uploads\/2024\/03\/carreira-sxsw-networking-1024x683.jpg?fit=1024%2C683&ssl=1","jetpack-related-posts":[{"id":42344,"url":"https:\/\/noticiasribeiraopreto.com.br\/index.php\/2024\/03\/14\/principais-tendencias-do-futuro-do-trabalho-direto-do-sxsw\/","url_meta":{"origin":40999,"position":0},"title":"Principais tend\u00eancias do futuro do trabalho direto do SXSW","author":"noticiasribeiraopreto.com.br","date":"14 de March de 2024","format":false,"excerpt":"Renata Rivetti, fundadora da Reconnect \u2013 Happiness at Work, consultoria voltada para o futuro do trabalho que acompanha o piloto da semana de quatro dias no Brasil Discuss\u00f5es sobre o futuro do trabalho t\u00eam pautado o maior festival de inova\u00e7\u00e3o do mundo, o SXSW (South by Southwest). Temas como os\u2026","rel":"","context":"In &quot;Blog&quot;","block_context":{"text":"Blog","link":"https:\/\/noticiasribeiraopreto.com.br\/index.php\/category\/blog\/"},"img":{"alt_text":"","src":"https:\/\/i0.wp.com\/noticiasribeiraopreto.com.br\/wp-content\/uploads\/2024\/03\/carreira-renata-rivetti-1024x683.jpg?fit=1024%2C683&ssl=1&resize=350%2C200","width":350,"height":200,"srcset":"https:\/\/i0.wp.com\/noticiasribeiraopreto.com.br\/wp-content\/uploads\/2024\/03\/carreira-renata-rivetti-1024x683.jpg?fit=1024%2C683&ssl=1&resize=350%2C200 1x, https:\/\/i0.wp.com\/noticiasribeiraopreto.com.br\/wp-content\/uploads\/2024\/03\/carreira-renata-rivetti-1024x683.jpg?fit=1024%2C683&ssl=1&resize=525%2C300 1.5x, https:\/\/i0.wp.com\/noticiasribeiraopreto.com.br\/wp-content\/uploads\/2024\/03\/carreira-renata-rivetti-1024x683.jpg?fit=1024%2C683&ssl=1&resize=700%2C400 2x"},"classes":[]},{"id":68149,"url":"https:\/\/noticiasribeiraopreto.com.br\/index.php\/2025\/04\/23\/setor-do-show-business-tem-evento-para-musicos-que-querem-estourar-na-carreira\/","url_meta":{"origin":40999,"position":1},"title":"Setor do show business t\u00eam evento para m\u00fasicos que querem &#8216;estourar&#8217; na carreira","author":"noticiasribeiraopreto.com.br","date":"23 de April de 2025","format":false,"excerpt":"O empres\u00e1rio Anderson Ricardo, conhecido por descobrir e gerenciar grandes nomes da m\u00fasica brasileira, como Luan Santana, anunciou oficialmente a realiza\u00e7\u00e3o da primeira imers\u00e3o presencial \u201cRevolut MUSIC\u201d, que ocorre no dia 7 de maio, das 8h \u00e0s 21h, na Plataforma Global, em Alphaville (Barueri \u2013 SP). O evento, que custa\u2026","rel":"","context":"In &quot;Not\u00edcias de Franca-SP&quot;","block_context":{"text":"Not\u00edcias de Franca-SP","link":"https:\/\/noticiasribeiraopreto.com.br\/index.php\/category\/noticias-de-ribeirao-preto-sp-e-regiao-ismael-colosi\/noticias-franca-sp\/"},"img":{"alt_text":"","src":"https:\/\/i0.wp.com\/noticiasribeiraopreto.com.br\/wp-content\/uploads\/2025\/04\/expoagro-2024-shows-scaled-e1716594347673.jpeg?fit=700%2C525&ssl=1&resize=350%2C200","width":350,"height":200,"srcset":"https:\/\/i0.wp.com\/noticiasribeiraopreto.com.br\/wp-content\/uploads\/2025\/04\/expoagro-2024-shows-scaled-e1716594347673.jpeg?fit=700%2C525&ssl=1&resize=350%2C200 1x, https:\/\/i0.wp.com\/noticiasribeiraopreto.com.br\/wp-content\/uploads\/2025\/04\/expoagro-2024-shows-scaled-e1716594347673.jpeg?fit=700%2C525&ssl=1&resize=525%2C300 1.5x, https:\/\/i0.wp.com\/noticiasribeiraopreto.com.br\/wp-content\/uploads\/2025\/04\/expoagro-2024-shows-scaled-e1716594347673.jpeg?fit=700%2C525&ssl=1&resize=700%2C400 2x"},"classes":[]},{"id":29396,"url":"https:\/\/noticiasribeiraopreto.com.br\/index.php\/2024\/01\/18\/o-bull-market-de-cripto-oficialmente-comecou-tres-gatilhos-podem-fazer-bitcoin-disparar-e-lista-de-criptomoedas-chegar-a-r-1-milhao\/","url_meta":{"origin":40999,"position":2},"title":"\u2018O bull market de cripto oficialmente come\u00e7ou\u2019: tr\u00eas gatilhos podem fazer Bitcoin disparar e lista de criptomoedas chegar a R$ 1 milh\u00e3o","author":"noticiasribeiraopreto.com.br","date":"18 de January de 2024","format":false,"excerpt":"\u201cO bull market de cripto oficialmente come\u00e7ou com a primeira grande pe\u00e7a caindo ao nosso favor\u201d. A frase acima \u00e9 um trecho da fala do especialista no mercado de criptoativos da Empiricus Research, Paulo Camargo, sobre o in\u00edcio do ciclo de alta que o mercado de cripto est\u00e1 prestes a\u2026","rel":"","context":"In &quot;Dinheiro e Investimento&quot;","block_context":{"text":"Dinheiro e Investimento","link":"https:\/\/noticiasribeiraopreto.com.br\/index.php\/category\/dinheiro-e-investimento-como-fazer-como-ganhar\/"},"img":{"alt_text":"","src":"https:\/\/i0.wp.com\/noticiasribeiraopreto.com.br\/wp-content\/uploads\/2024\/01\/Bull-market-criptomoedas-cripto-touro-Montagem-Andrei-Morais-Shutterstock-Pexels-715x402.jpg?fit=715%2C402&ssl=1&resize=350%2C200","width":350,"height":200,"srcset":"https:\/\/i0.wp.com\/noticiasribeiraopreto.com.br\/wp-content\/uploads\/2024\/01\/Bull-market-criptomoedas-cripto-touro-Montagem-Andrei-Morais-Shutterstock-Pexels-715x402.jpg?fit=715%2C402&ssl=1&resize=350%2C200 1x, https:\/\/i0.wp.com\/noticiasribeiraopreto.com.br\/wp-content\/uploads\/2024\/01\/Bull-market-criptomoedas-cripto-touro-Montagem-Andrei-Morais-Shutterstock-Pexels-715x402.jpg?fit=715%2C402&ssl=1&resize=525%2C300 1.5x, https:\/\/i0.wp.com\/noticiasribeiraopreto.com.br\/wp-content\/uploads\/2024\/01\/Bull-market-criptomoedas-cripto-touro-Montagem-Andrei-Morais-Shutterstock-Pexels-715x402.jpg?fit=715%2C402&ssl=1&resize=700%2C400 2x"},"classes":[]},{"id":65441,"url":"https:\/\/noticiasribeiraopreto.com.br\/index.php\/2025\/03\/20\/jornal-da-franca-fazenda-barra-grande-esta-na-rota-gastronomica-do-sabor-de-sp-em-evento-em-franca\/","url_meta":{"origin":40999,"position":3},"title":"Jornal da Franca &#8211; Fazenda Barra Grande est\u00e1 na Rota Gastron\u00f4mica do Sabor de SP em evento em Franca","author":"noticiasribeiraopreto.com.br","date":"20 de March de 2025","format":false,"excerpt":"compartilhar no whatsapp compartilhar no telegram compartilhar no facebook compartilhar no linkedin Evento fortalece a gastronomia e o turismo regional com produtores, chefs e especialistas de Franca e de v\u00e1rias cidades pr\u00f3ximas O Sabor de S\u00e3o Paulo, maior programa de valoriza\u00e7\u00e3o da gastronomia paulista, est\u00e1 em Franca promovendo a capacita\u00e7\u00e3o\u2026","rel":"","context":"In &quot;Not\u00edcias de Franca-SP&quot;","block_context":{"text":"Not\u00edcias de Franca-SP","link":"https:\/\/noticiasribeiraopreto.com.br\/index.php\/category\/noticias-de-ribeirao-preto-sp-e-regiao-ismael-colosi\/noticias-franca-sp\/"},"img":{"alt_text":"","src":"https:\/\/i0.wp.com\/noticiasribeiraopreto.com.br\/wp-content\/uploads\/2025\/03\/5829b92e311df71bddfeeba201642b6blow.jpeg?fit=960%2C688&ssl=1&resize=350%2C200","width":350,"height":200,"srcset":"https:\/\/i0.wp.com\/noticiasribeiraopreto.com.br\/wp-content\/uploads\/2025\/03\/5829b92e311df71bddfeeba201642b6blow.jpeg?fit=960%2C688&ssl=1&resize=350%2C200 1x, https:\/\/i0.wp.com\/noticiasribeiraopreto.com.br\/wp-content\/uploads\/2025\/03\/5829b92e311df71bddfeeba201642b6blow.jpeg?fit=960%2C688&ssl=1&resize=525%2C300 1.5x, https:\/\/i0.wp.com\/noticiasribeiraopreto.com.br\/wp-content\/uploads\/2025\/03\/5829b92e311df71bddfeeba201642b6blow.jpeg?fit=960%2C688&ssl=1&resize=700%2C400 2x"},"classes":[]},{"id":66936,"url":"https:\/\/noticiasribeiraopreto.com.br\/index.php\/2025\/04\/07\/veja-como-fazer-o-cadastro-de-menores-de-idade-no-ribeirao-rodeo-music\/","url_meta":{"origin":40999,"position":4},"title":"Veja como fazer o cadastro de menores de idade no Ribeir\u00e3o Rodeo Music","author":"noticiasribeiraopreto.com.br","date":"7 de April de 2025","format":false,"excerpt":"O Ribeir\u00e3o Rodeo Music est\u00e1 de portas abertas para p\u00fablicos de idades variadas, inclusive aqueles com menos de 18 anos. A entrada no evento \u00e9 permitida para menores de 7 a 17 anos, desde que acompanhados por um respons\u00e1vel maior de idade (pai, m\u00e3e ou respons\u00e1vel legal) e com autoriza\u00e7\u00e3o\u2026","rel":"","context":"In &quot;Not\u00edcias de Ribeir\u00e3o Preto-SP e Regi\u00e3o&quot;","block_context":{"text":"Not\u00edcias de Ribeir\u00e3o Preto-SP e Regi\u00e3o","link":"https:\/\/noticiasribeiraopreto.com.br\/index.php\/category\/noticias-de-ribeirao-preto-sp-e-regiao-ismael-colosi\/"},"img":{"alt_text":"","src":"https:\/\/i0.wp.com\/noticiasribeiraopreto.com.br\/wp-content\/uploads\/2025\/04\/ribeirao-rodeo-music_2025-02-21_20-03-08_jpg_2025-02-21_20-03-08.webp.webp?fit=1200%2C800&ssl=1&resize=350%2C200","width":350,"height":200,"srcset":"https:\/\/i0.wp.com\/noticiasribeiraopreto.com.br\/wp-content\/uploads\/2025\/04\/ribeirao-rodeo-music_2025-02-21_20-03-08_jpg_2025-02-21_20-03-08.webp.webp?fit=1200%2C800&ssl=1&resize=350%2C200 1x, https:\/\/i0.wp.com\/noticiasribeiraopreto.com.br\/wp-content\/uploads\/2025\/04\/ribeirao-rodeo-music_2025-02-21_20-03-08_jpg_2025-02-21_20-03-08.webp.webp?fit=1200%2C800&ssl=1&resize=525%2C300 1.5x, https:\/\/i0.wp.com\/noticiasribeiraopreto.com.br\/wp-content\/uploads\/2025\/04\/ribeirao-rodeo-music_2025-02-21_20-03-08_jpg_2025-02-21_20-03-08.webp.webp?fit=1200%2C800&ssl=1&resize=700%2C400 2x, https:\/\/i0.wp.com\/noticiasribeiraopreto.com.br\/wp-content\/uploads\/2025\/04\/ribeirao-rodeo-music_2025-02-21_20-03-08_jpg_2025-02-21_20-03-08.webp.webp?fit=1200%2C800&ssl=1&resize=1050%2C600 3x"},"classes":[]},{"id":75303,"url":"https:\/\/noticiasribeiraopreto.com.br\/index.php\/2025\/08\/06\/fenasucro-agrocana-5-motivos-para-nao-perder-a-maior-feira-mundial-de-bioenergia\/","url_meta":{"origin":40999,"position":5},"title":"Fenasucro &#038; Agrocana: 5 motivos para n\u00e3o perder a maior feira mundial de bioenergia","author":"noticiasribeiraopreto.com.br","date":"6 de August de 2025","format":false,"excerpt":"Imagine um evento que re\u00fane inova\u00e7\u00e3o, neg\u00f3cios, conte\u00fado de peso e os principais nomes da cadeia de bioenergia em um s\u00f3 lugar. De 12 a 15 de agosto, Sert\u00e3ozinho se torna o centro das aten\u00e7\u00f5es do setor com a 31\u00aa edi\u00e7\u00e3o da\u00a0Fenasucro\u00a0& Agrocana \u2013 feira que movimentou mais de R$\u2026","rel":"","context":"In &quot;Not\u00edcias de Ribeir\u00e3o Preto-SP e Regi\u00e3o&quot;","block_context":{"text":"Not\u00edcias de Ribeir\u00e3o Preto-SP e Regi\u00e3o","link":"https:\/\/noticiasribeiraopreto.com.br\/index.php\/category\/noticias-de-ribeirao-preto-sp-e-regiao-ismael-colosi\/"},"img":{"alt_text":"","src":"https:\/\/i0.wp.com\/noticiasribeiraopreto.com.br\/wp-content\/uploads\/2025\/08\/Copia-de-Copia-de-Copia-de-TAMANHO-EXATO-PARA-FOTOS-NO-SISTEMA-NOVO-2025-08-06T182152.952_2025-08-06_21-22-09.webp.webp?fit=1200%2C675&ssl=1&resize=350%2C200","width":350,"height":200,"srcset":"https:\/\/i0.wp.com\/noticiasribeiraopreto.com.br\/wp-content\/uploads\/2025\/08\/Copia-de-Copia-de-Copia-de-TAMANHO-EXATO-PARA-FOTOS-NO-SISTEMA-NOVO-2025-08-06T182152.952_2025-08-06_21-22-09.webp.webp?fit=1200%2C675&ssl=1&resize=350%2C200 1x, https:\/\/i0.wp.com\/noticiasribeiraopreto.com.br\/wp-content\/uploads\/2025\/08\/Copia-de-Copia-de-Copia-de-TAMANHO-EXATO-PARA-FOTOS-NO-SISTEMA-NOVO-2025-08-06T182152.952_2025-08-06_21-22-09.webp.webp?fit=1200%2C675&ssl=1&resize=525%2C300 1.5x, https:\/\/i0.wp.com\/noticiasribeiraopreto.com.br\/wp-content\/uploads\/2025\/08\/Copia-de-Copia-de-Copia-de-TAMANHO-EXATO-PARA-FOTOS-NO-SISTEMA-NOVO-2025-08-06T182152.952_2025-08-06_21-22-09.webp.webp?fit=1200%2C675&ssl=1&resize=700%2C400 2x, https:\/\/i0.wp.com\/noticiasribeiraopreto.com.br\/wp-content\/uploads\/2025\/08\/Copia-de-Copia-de-Copia-de-TAMANHO-EXATO-PARA-FOTOS-NO-SISTEMA-NOVO-2025-08-06T182152.952_2025-08-06_21-22-09.webp.webp?fit=1200%2C675&ssl=1&resize=1050%2C600 3x"},"classes":[]}],"jetpack_sharing_enabled":true,"jetpack_shortlink":"https:\/\/wp.me\/peQAOb-aFh","_links":{"self":[{"href":"https:\/\/noticiasribeiraopreto.com.br\/index.php\/wp-json\/wp\/v2\/posts\/40999","targetHints":{"allow":["GET"]}}],"collection":[{"href":"https:\/\/noticiasribeiraopreto.com.br\/index.php\/wp-json\/wp\/v2\/posts"}],"about":[{"href":"https:\/\/noticiasribeiraopreto.com.br\/index.php\/wp-json\/wp\/v2\/types\/post"}],"author":[{"embeddable":true,"href":"https:\/\/noticiasribeiraopreto.com.br\/index.php\/wp-json\/wp\/v2\/users\/1"}],"replies":[{"embeddable":true,"href":"https:\/\/noticiasribeiraopreto.com.br\/index.php\/wp-json\/wp\/v2\/comments?post=40999"}],"version-history":[{"count":0,"href":"https:\/\/noticiasribeiraopreto.com.br\/index.php\/wp-json\/wp\/v2\/posts\/40999\/revisions"}],"wp:featuredmedia":[{"embeddable":true,"href":"https:\/\/noticiasribeiraopreto.com.br\/index.php\/wp-json\/wp\/v2\/media\/41000"}],"wp:attachment":[{"href":"https:\/\/noticiasribeiraopreto.com.br\/index.php\/wp-json\/wp\/v2\/media?parent=40999"}],"wp:term":[{"taxonomy":"category","embeddable":true,"href":"https:\/\/noticiasribeiraopreto.com.br\/index.php\/wp-json\/wp\/v2\/categories?post=40999"},{"taxonomy":"post_tag","embeddable":true,"href":"https:\/\/noticiasribeiraopreto.com.br\/index.php\/wp-json\/wp\/v2\/tags?post=40999"}],"curies":[{"name":"wp","href":"https:\/\/api.w.org\/{rel}","templated":true}]}}