{"id":41044,"date":"2024-03-06T13:40:09","date_gmt":"2024-03-06T16:40:09","guid":{"rendered":"https:\/\/noticiasribeiraopreto.com.br\/index.php\/2024\/03\/06\/saiba-quem-pode-participar-do-feirao-da-casa-propria-em-ribeirao-preto\/"},"modified":"2024-03-06T13:40:09","modified_gmt":"2024-03-06T16:40:09","slug":"saiba-quem-pode-participar-do-feirao-da-casa-propria-em-ribeirao-preto","status":"publish","type":"post","link":"https:\/\/noticiasribeiraopreto.com.br\/index.php\/2024\/03\/06\/saiba-quem-pode-participar-do-feirao-da-casa-propria-em-ribeirao-preto\/","title":{"rendered":"Saiba quem pode participar do feir\u00e3o da casa pr\u00f3pria em Ribeir\u00e3o Preto"},"content":{"rendered":"<div class='code-block code-block-1' style='margin: 8px 0 8px auto; text-align: right; display: block; clear: both;'>\n<p><a href=\"https:\/\/wa.link\/vpicfd\"><img data-recalc-dims=\"1\" class=\"wp-image-4922\" style=\"aspect-ratio: 2.0253164556962027; width: 561px; height: auto;\" src=\"https:\/\/i0.wp.com\/ismaelcolosi.com.br\/wp-content\/uploads\/2023\/11\/grupo-de-empregos-whatsapp-e-facebook-ismael-colosi-vagas.jpg?ssl=1\" alt=\"\" \/><\/a><\/p>\n<!-- \/wp:image -->\n<\/div>\n<p> <br \/>\n<\/p>\n<div data-td-block-uid=\"tdi_101\">\n<div class=\"tdb-block-inner td-fix-index\">\n<p>Come\u00e7ou nesta quarta-feira (6) o feir\u00e3o da casa pr\u00f3pria na esplanada do<strong> Theatro Pedro II<\/strong>, em <strong>Ribeir\u00e3o Preto<\/strong>. <mark style=\"background-color:#fcb900\" class=\"has-inline-color has-black-color\">Podem participar pessoas com renda mensal familiar de at\u00e9 tr\u00eas sal\u00e1rios m\u00ednimos \u2013 equivalente a R$ 3.960.<\/mark><\/p>\n<p>O<strong> Feir\u00e3o da Casa Paulista<\/strong> ser\u00e1 realizado at\u00e9 s\u00e1bado (9), das 8h \u00e0s 19h. O Casa Paulista \u00e9 um programa habitacional da Secretaria de Desenvolvimento Urbano e Habita\u00e7\u00e3o de S\u00e3o Paulo e re\u00fane a\u00e7\u00f5es e servi\u00e7os da pasta e da <strong>CDHU (Companhia de Desenvolvimento Habitacional e Urbano do Estado de S\u00e3o Paulo)<\/strong>.<\/p>\n<p><mark style=\"background-color:#fcb900\" class=\"has-inline-color has-black-color\">Ser\u00e3o disponibilizados 1.098 cheques do programa, no valor de at\u00e9 R$ 13 mil cada, para concess\u00e3o de cr\u00e9dito imobili\u00e1rio para que o cidad\u00e3o possa adquirir o im\u00f3vel diretamente com as construtoras.<\/mark><\/p>\n<p>Os interessados devem fazer a valida\u00e7\u00e3o dos documentos diretamente com as empresas da lista de empreendimentos que t\u00eam subs\u00eddio. O cheque tem validade at\u00e9 a efetiva contrata\u00e7\u00e3o com a Caixa Econ\u00f4mica Federal.<\/p>\n<p>Participam do Feir\u00e3o Casa Paulista as empresas MRV, BRIO, Vitta e Costallat.<\/p>\n<h4 class=\"wp-block-heading\"><strong>Servi\u00e7o<\/strong><\/h4>\n<p>Feir\u00e3o Casa Paulista<\/p>\n<p>Data: 6, 7, 8 e 9 de mar\u00e7o<\/p>\n<p>Local: ao lado da Esplanada do Theatro Pedro II<\/p>\n<p>Hor\u00e1rio: 8h \u00e0s 19h<\/p>\n<p>SAIBA MAIS<br \/>Inscri\u00e7\u00f5es para concursos p\u00fablicos no interior de S\u00e3o Paulo terminam nesta quinta-feira<\/p>\n<h4 class=\"wp-block-heading\"><strong>FIQUE ON<\/strong><\/h4>\n<p>Fique ligado em tudo que acontece em Ribeir\u00e3o Preto e regi\u00e3o. Siga os perfis do <strong>acidade on <\/strong>no <a href=\"https:\/\/www.instagram.com\/acidadeonribeirao\" target=\"_blank\" rel=\"noreferrer noopener nofollow\">Instagram <\/a>e no <a href=\"https:\/\/www.facebook.com\/acidadeonribeirao\" target=\"_blank\" rel=\"noreferrer noopener nofollow\">Facebook<\/a>.<\/p>\n<p>Receba not\u00edcias do <strong>acidade on <\/strong>no WhatsApp. <a href=\"https:\/\/chat.whatsapp.com\/Bnv2w66ZT4VDyZW3oiZ69n\" target=\"_blank\" rel=\"noreferrer noopener nofollow\">Para entrar no grupo, basta clicar aqui.<\/a><\/p>\n<p>Fa\u00e7a uma den\u00fancia ou sugira uma reportagem sobre Ribeir\u00e3o Preto e regi\u00e3o pelo WhatsApp: 16 99117 7802.<\/p>\n<p>VEJA TAMB\u00c9M<br \/>Lula regulamenta nova cesta b\u00e1sica e Programa Cozinha Solid\u00e1ria<\/p>\n<p><!-- AI CONTENT END 1 -->\n<\/div>\n<\/div>\n<p><script async src=\"\/\/www.instagram.com\/embed.js\"><\/script><br \/>\n<br \/><br \/>\n<br \/><a href=\"https:\/\/www.acidadeon.com\/ribeiraopreto\/economia\/saiba-quem-pode-participar-feirao-da-casa-propria-em-ribeirao-preto\/\">Source link <\/a><\/p>\n<!-- CONTENT END 1 -->\n","protected":false},"excerpt":{"rendered":"<p>Come\u00e7ou nesta quarta-feira (6) o feir\u00e3o da casa pr\u00f3pria na esplanada do Theatro Pedro II, em Ribeir\u00e3o Preto. Podem participar pessoas com renda mensal familiar&#8230;<\/p>\n","protected":false},"author":1,"featured_media":41045,"comment_status":"open","ping_status":"open","sticky":false,"template":"","format":"standard","meta":{"advanced_seo_description":"","jetpack_seo_html_title":"","jetpack_seo_noindex":false,"jetpack_post_was_ever_published":false,"_jetpack_newsletter_access":"","_jetpack_dont_email_post_to_subs":false,"_jetpack_newsletter_tier_id":0,"_jetpack_memberships_contains_paywalled_content":false,"_jetpack_memberships_contains_paid_content":false,"footnotes":"","jetpack_publicize_message":"","jetpack_publicize_feature_enabled":true,"jetpack_social_post_already_shared":true,"jetpack_social_options":{"image_generator_settings":{"template":"highway","default_image_id":0,"font":"","enabled":false},"version":2}},"categories":[11],"tags":[],"class_list":["post-41044","post","type-post","status-publish","format-standard","has-post-thumbnail","hentry","category-noticias-de-ribeirao-preto-sp-e-regiao-ismael-colosi"],"jetpack_publicize_connections":[],"jetpack_featured_media_url":"https:\/\/i0.wp.com\/noticiasribeiraopreto.com.br\/wp-content\/uploads\/2024\/03\/casa-propria.jpg?fit=1200%2C800&ssl=1","jetpack-related-posts":[{"id":5029,"url":"https:\/\/noticiasribeiraopreto.com.br\/index.php\/2023\/11\/22\/saiba-tudo-sobre-o-feirao-da-casa-propria-que-acontece-em-ribeirao-preto\/","url_meta":{"origin":41044,"position":0},"title":"Saiba tudo sobre o Feir\u00e3o da Casa Pr\u00f3pria que acontece em Ribeir\u00e3o Preto","author":"noticiasribeiraopreto.com.br","date":"22 de November de 2023","format":false,"excerpt":"O Feir\u00e3o Casa Paulista acontece a partir desta quinta-feira (23), na Pra\u00e7a Carlos Gomes, no Centro de Ribeir\u00e3o Preto, das 8h \u00e0s 19h. O evento ser\u00e1 realizado at\u00e9 s\u00e1bado (25). O programa disponibilizou benef\u00edcios para at\u00e9 1.686 fam\u00edlias que residem na cidade, com investimento de R$ 21,9 milh\u00f5es. Durante o\u2026","rel":"","context":"In &quot;Not\u00edcias de Ribeir\u00e3o Preto-SP e Regi\u00e3o&quot;","block_context":{"text":"Not\u00edcias de Ribeir\u00e3o Preto-SP e Regi\u00e3o","link":"https:\/\/noticiasribeiraopreto.com.br\/index.php\/category\/noticias-de-ribeirao-preto-sp-e-regiao-ismael-colosi\/"},"img":{"alt_text":"","src":"https:\/\/i0.wp.com\/noticiasribeiraopreto.com.br\/wp-content\/uploads\/2023\/11\/minha-casa-minha-vida.jpeg?fit=768%2C441&ssl=1&resize=350%2C200","width":350,"height":200,"srcset":"https:\/\/i0.wp.com\/noticiasribeiraopreto.com.br\/wp-content\/uploads\/2023\/11\/minha-casa-minha-vida.jpeg?fit=768%2C441&ssl=1&resize=350%2C200 1x, https:\/\/i0.wp.com\/noticiasribeiraopreto.com.br\/wp-content\/uploads\/2023\/11\/minha-casa-minha-vida.jpeg?fit=768%2C441&ssl=1&resize=525%2C300 1.5x, https:\/\/i0.wp.com\/noticiasribeiraopreto.com.br\/wp-content\/uploads\/2023\/11\/minha-casa-minha-vida.jpeg?fit=768%2C441&ssl=1&resize=700%2C400 2x"},"classes":[]},{"id":4444,"url":"https:\/\/noticiasribeiraopreto.com.br\/index.php\/2023\/11\/21\/ribeirao-preto-recebe-feirao-de-imoveis-nesta-semana-veja-como-participar\/","url_meta":{"origin":41044,"position":1},"title":"Ribeir\u00e3o Preto recebe feir\u00e3o de im\u00f3veis nesta semana; Veja como participar","author":"noticiasribeiraopreto.com.br","date":"21 de November de 2023","format":false,"excerpt":"Ribeir\u00e3o Preto recebe a partir de quinta-feira (23) o Feir\u00e3o Casa Paulista, com 563 oportunidades de cr\u00e9dito para compra da casa pr\u00f3pria. O evento ser\u00e1 realizado at\u00e9 s\u00e1bado (25) na Pra\u00e7a Carlos Gomes, no Centro, das 8h \u00e0s 19h. O Casa Paulista \u00e9 um programa habitacional do Governo de S\u00e3o\u2026","rel":"","context":"In &quot;Not\u00edcias de Ribeir\u00e3o Preto-SP e Regi\u00e3o&quot;","block_context":{"text":"Not\u00edcias de Ribeir\u00e3o Preto-SP e Regi\u00e3o","link":"https:\/\/noticiasribeiraopreto.com.br\/index.php\/category\/noticias-de-ribeirao-preto-sp-e-regiao-ismael-colosi\/"},"img":{"alt_text":"","src":"https:\/\/i0.wp.com\/noticiasribeiraopreto.com.br\/wp-content\/uploads\/2023\/11\/casas-populares.jpg?fit=754%2C503&ssl=1&resize=350%2C200","width":350,"height":200,"srcset":"https:\/\/i0.wp.com\/noticiasribeiraopreto.com.br\/wp-content\/uploads\/2023\/11\/casas-populares.jpg?fit=754%2C503&ssl=1&resize=350%2C200 1x, https:\/\/i0.wp.com\/noticiasribeiraopreto.com.br\/wp-content\/uploads\/2023\/11\/casas-populares.jpg?fit=754%2C503&ssl=1&resize=525%2C300 1.5x, https:\/\/i0.wp.com\/noticiasribeiraopreto.com.br\/wp-content\/uploads\/2023\/11\/casas-populares.jpg?fit=754%2C503&ssl=1&resize=700%2C400 2x"},"classes":[]},{"id":40343,"url":"https:\/\/noticiasribeiraopreto.com.br\/index.php\/2024\/03\/02\/rp-recebe-o-evento-feirao-casa-paulista\/","url_meta":{"origin":41044,"position":2},"title":"RP recebe o evento\u00a0Feir\u00e3o Casa Paulista \u00a0","author":"noticiasribeiraopreto.com.br","date":"2 de March de 2024","format":false,"excerpt":"2 de mar\u00e7o de 2024 | 17:002 de mar\u00e7o de 2024 | 10:25 0Ribeir\u00e3o Preto sediar\u00e1 na semana que vem, entre quarta-feira (6) e s\u00e1bado, 9 de mar\u00e7o, o Feir\u00e3o Casa Paulista. O evento ser\u00e1 realizado ao lado da Esplanada do Theatro Pedro II, no Quarteir\u00e3o Paulista, Centro Hist\u00f3rico da\u2026","rel":"","context":"In &quot;Not\u00edcias de Ribeir\u00e3o Preto-SP e Regi\u00e3o&quot;","block_context":{"text":"Not\u00edcias de Ribeir\u00e3o Preto-SP e Regi\u00e3o","link":"https:\/\/noticiasribeiraopreto.com.br\/index.php\/category\/noticias-de-ribeirao-preto-sp-e-regiao-ismael-colosi\/"},"img":{"alt_text":"","src":"https:\/\/i0.wp.com\/noticiasribeiraopreto.com.br\/wp-content\/uploads\/2024\/03\/a04195764432f7113192bee17b2060a8.jpg?fit=702%2C390&ssl=1&resize=350%2C200","width":350,"height":200,"srcset":"https:\/\/i0.wp.com\/noticiasribeiraopreto.com.br\/wp-content\/uploads\/2024\/03\/a04195764432f7113192bee17b2060a8.jpg?fit=702%2C390&ssl=1&resize=350%2C200 1x, https:\/\/i0.wp.com\/noticiasribeiraopreto.com.br\/wp-content\/uploads\/2024\/03\/a04195764432f7113192bee17b2060a8.jpg?fit=702%2C390&ssl=1&resize=525%2C300 1.5x, https:\/\/i0.wp.com\/noticiasribeiraopreto.com.br\/wp-content\/uploads\/2024\/03\/a04195764432f7113192bee17b2060a8.jpg?fit=702%2C390&ssl=1&resize=700%2C400 2x"},"classes":[]},{"id":78347,"url":"https:\/\/noticiasribeiraopreto.com.br\/index.php\/2025\/10\/09\/feirao-casa-paulista-oferece-novas-cartas-de-credito-imobiliario-na-regiao-de-ribeirao\/","url_meta":{"origin":41044,"position":3},"title":"Feir\u00e3o Casa Paulista oferece novas Cartas de Cr\u00e9dito Imobili\u00e1rio na regi\u00e3o de Ribeir\u00e3o","author":"noticiasribeiraopreto.com.br","date":"9 de October de 2025","format":false,"excerpt":"A SDUH (Secretaria de Desenvolvimento Urbano e Habita\u00e7\u00e3o) liberou R$ 2,1 milh\u00f5es em subs\u00eddios para novas Cartas de Cr\u00e9dito Imobili\u00e1rio (CCI) destinadas \u00e0 regi\u00e3o de Ribeir\u00e3o Preto. Os benef\u00edcios ser\u00e3o oferecidos durante o Novo Feir\u00e3o Casa Paulista, que acontece entre quinta-feira (9) e s\u00e1bado (11), nas cidades de Serrana e\u2026","rel":"","context":"In &quot;Not\u00edcias de Ribeir\u00e3o Preto-SP e Regi\u00e3o&quot;","block_context":{"text":"Not\u00edcias de Ribeir\u00e3o Preto-SP e Regi\u00e3o","link":"https:\/\/noticiasribeiraopreto.com.br\/index.php\/category\/noticias-de-ribeirao-preto-sp-e-regiao-ismael-colosi\/"},"img":{"alt_text":"","src":"https:\/\/i0.wp.com\/noticiasribeiraopreto.com.br\/wp-content\/uploads\/2025\/10\/casas-populares.jpg?fit=754%2C503&ssl=1&resize=350%2C200","width":350,"height":200,"srcset":"https:\/\/i0.wp.com\/noticiasribeiraopreto.com.br\/wp-content\/uploads\/2025\/10\/casas-populares.jpg?fit=754%2C503&ssl=1&resize=350%2C200 1x, https:\/\/i0.wp.com\/noticiasribeiraopreto.com.br\/wp-content\/uploads\/2025\/10\/casas-populares.jpg?fit=754%2C503&ssl=1&resize=525%2C300 1.5x, https:\/\/i0.wp.com\/noticiasribeiraopreto.com.br\/wp-content\/uploads\/2025\/10\/casas-populares.jpg?fit=754%2C503&ssl=1&resize=700%2C400 2x"},"classes":[]},{"id":83562,"url":"https:\/\/noticiasribeiraopreto.com.br\/index.php\/2026\/03\/20\/feirao-oferece-r-13-milhao-em-subsidios-para-compra-de-casa-propria-em-ribeirao-e-regiao\/","url_meta":{"origin":41044,"position":4},"title":"Feir\u00e3o oferece R$ 1,3 milh\u00e3o em subs\u00eddios para compra de casa pr\u00f3pria em Ribeir\u00e3o e regi\u00e3o","author":"noticiasribeiraopreto.com.br","date":"20 de March de 2026","format":false,"excerpt":"O Governo do estado de S\u00e3o Paulo est\u00e1 disponibilizando mais de R$ 1,3 milh\u00e3o em subs\u00eddios durante a nova edi\u00e7\u00e3o do \u201cFeir\u00e3o Casa Paulista\u201d, que acontece neste final de semana em Ribeir\u00e3o Preto e cidades da regi\u00e3o. De acordo com o Estado, ser\u00e3o oferecidas 119 novas Cartas de Cr\u00e9dito Imobili\u00e1rio\u2026","rel":"","context":"In &quot;Not\u00edcias de Ribeir\u00e3o Preto-SP e Regi\u00e3o&quot;","block_context":{"text":"Not\u00edcias de Ribeir\u00e3o Preto-SP e Regi\u00e3o","link":"https:\/\/noticiasribeiraopreto.com.br\/index.php\/category\/noticias-de-ribeirao-preto-sp-e-regiao-ismael-colosi\/"},"img":{"alt_text":"","src":"https:\/\/i0.wp.com\/noticiasribeiraopreto.com.br\/wp-content\/uploads\/2026\/03\/palace-2_2026-03-20_20-57-45.webp.webp?fit=1200%2C675&ssl=1&resize=350%2C200","width":350,"height":200,"srcset":"https:\/\/i0.wp.com\/noticiasribeiraopreto.com.br\/wp-content\/uploads\/2026\/03\/palace-2_2026-03-20_20-57-45.webp.webp?fit=1200%2C675&ssl=1&resize=350%2C200 1x, https:\/\/i0.wp.com\/noticiasribeiraopreto.com.br\/wp-content\/uploads\/2026\/03\/palace-2_2026-03-20_20-57-45.webp.webp?fit=1200%2C675&ssl=1&resize=525%2C300 1.5x, https:\/\/i0.wp.com\/noticiasribeiraopreto.com.br\/wp-content\/uploads\/2026\/03\/palace-2_2026-03-20_20-57-45.webp.webp?fit=1200%2C675&ssl=1&resize=700%2C400 2x, https:\/\/i0.wp.com\/noticiasribeiraopreto.com.br\/wp-content\/uploads\/2026\/03\/palace-2_2026-03-20_20-57-45.webp.webp?fit=1200%2C675&ssl=1&resize=1050%2C600 3x"},"classes":[]},{"id":40019,"url":"https:\/\/noticiasribeiraopreto.com.br\/index.php\/2024\/02\/29\/ribeirao-preto-recebe-feirao-da-casa-propria-veja-quem-pode-participar\/","url_meta":{"origin":41044,"position":5},"title":"Ribeir\u00e3o Preto recebe feir\u00e3o da casa pr\u00f3pria; Veja quem pode participar","author":"noticiasribeiraopreto.com.br","date":"29 de February de 2024","format":false,"excerpt":"Ribeir\u00e3o Preto nos dias 6, 7, 8 e 9 de mar\u00e7o o Feir\u00e3o Casa Paulista. O evento ser\u00e1 realizado ao lado da esplanada do Theatro Pedro II, das 8h \u00e0s 19h. Podem participar pessoas com renda familiar mensal de at\u00e9 tr\u00eas sal\u00e1rios m\u00ednimos (R$ 3.960). No feir\u00e3o da casa pr\u00f3pria,\u2026","rel":"","context":"In &quot;Not\u00edcias de Ribeir\u00e3o Preto-SP e Regi\u00e3o&quot;","block_context":{"text":"Not\u00edcias de Ribeir\u00e3o Preto-SP e Regi\u00e3o","link":"https:\/\/noticiasribeiraopreto.com.br\/index.php\/category\/noticias-de-ribeirao-preto-sp-e-regiao-ismael-colosi\/"},"img":{"alt_text":"","src":"https:\/\/i0.wp.com\/noticiasribeiraopreto.com.br\/wp-content\/uploads\/2024\/02\/casa-popular.webp.webp?fit=1170%2C700&ssl=1&resize=350%2C200","width":350,"height":200,"srcset":"https:\/\/i0.wp.com\/noticiasribeiraopreto.com.br\/wp-content\/uploads\/2024\/02\/casa-popular.webp.webp?fit=1170%2C700&ssl=1&resize=350%2C200 1x, https:\/\/i0.wp.com\/noticiasribeiraopreto.com.br\/wp-content\/uploads\/2024\/02\/casa-popular.webp.webp?fit=1170%2C700&ssl=1&resize=525%2C300 1.5x, https:\/\/i0.wp.com\/noticiasribeiraopreto.com.br\/wp-content\/uploads\/2024\/02\/casa-popular.webp.webp?fit=1170%2C700&ssl=1&resize=700%2C400 2x, https:\/\/i0.wp.com\/noticiasribeiraopreto.com.br\/wp-content\/uploads\/2024\/02\/casa-popular.webp.webp?fit=1170%2C700&ssl=1&resize=1050%2C600 3x"},"classes":[]}],"jetpack_sharing_enabled":true,"jetpack_shortlink":"https:\/\/wp.me\/peQAOb-aG0","_links":{"self":[{"href":"https:\/\/noticiasribeiraopreto.com.br\/index.php\/wp-json\/wp\/v2\/posts\/41044","targetHints":{"allow":["GET"]}}],"collection":[{"href":"https:\/\/noticiasribeiraopreto.com.br\/index.php\/wp-json\/wp\/v2\/posts"}],"about":[{"href":"https:\/\/noticiasribeiraopreto.com.br\/index.php\/wp-json\/wp\/v2\/types\/post"}],"author":[{"embeddable":true,"href":"https:\/\/noticiasribeiraopreto.com.br\/index.php\/wp-json\/wp\/v2\/users\/1"}],"replies":[{"embeddable":true,"href":"https:\/\/noticiasribeiraopreto.com.br\/index.php\/wp-json\/wp\/v2\/comments?post=41044"}],"version-history":[{"count":0,"href":"https:\/\/noticiasribeiraopreto.com.br\/index.php\/wp-json\/wp\/v2\/posts\/41044\/revisions"}],"wp:featuredmedia":[{"embeddable":true,"href":"https:\/\/noticiasribeiraopreto.com.br\/index.php\/wp-json\/wp\/v2\/media\/41045"}],"wp:attachment":[{"href":"https:\/\/noticiasribeiraopreto.com.br\/index.php\/wp-json\/wp\/v2\/media?parent=41044"}],"wp:term":[{"taxonomy":"category","embeddable":true,"href":"https:\/\/noticiasribeiraopreto.com.br\/index.php\/wp-json\/wp\/v2\/categories?post=41044"},{"taxonomy":"post_tag","embeddable":true,"href":"https:\/\/noticiasribeiraopreto.com.br\/index.php\/wp-json\/wp\/v2\/tags?post=41044"}],"curies":[{"name":"wp","href":"https:\/\/api.w.org\/{rel}","templated":true}]}}