{"id":41048,"date":"2024-03-06T14:03:35","date_gmt":"2024-03-06T17:03:35","guid":{"rendered":"https:\/\/noticiasribeiraopreto.com.br\/index.php\/2024\/03\/06\/vendas-recuam-e-locacoes-de-imoveis-crescem-na-regiao\/"},"modified":"2024-03-06T14:03:35","modified_gmt":"2024-03-06T17:03:35","slug":"vendas-recuam-e-locacoes-de-imoveis-crescem-na-regiao","status":"publish","type":"post","link":"https:\/\/noticiasribeiraopreto.com.br\/index.php\/2024\/03\/06\/vendas-recuam-e-locacoes-de-imoveis-crescem-na-regiao\/","title":{"rendered":"Vendas recuam e loca\u00e7\u00f5es de im\u00f3veis crescem na regi\u00e3o"},"content":{"rendered":"<div class='code-block code-block-1' style='margin: 8px 0 8px auto; text-align: right; display: block; clear: both;'>\n<p><a href=\"https:\/\/wa.link\/vpicfd\"><img data-recalc-dims=\"1\" class=\"wp-image-4922\" style=\"aspect-ratio: 2.0253164556962027; width: 561px; height: auto;\" src=\"https:\/\/i0.wp.com\/ismaelcolosi.com.br\/wp-content\/uploads\/2023\/11\/grupo-de-empregos-whatsapp-e-facebook-ismael-colosi-vagas.jpg?ssl=1\" alt=\"\" \/><\/a><\/p>\n<!-- \/wp:image -->\n<\/div>\n<p> <br \/>\n<\/p>\n<div>\n<p><span class=\"TextRun SCXW76078643 BCX0\" lang=\"PT-BR\" xml:lang=\"PT-BR\" data-contrast=\"auto\"><span class=\"NormalTextRun SCXW76078643 BCX0\">A pesquisa do Conselho Regional de Corretores de Im\u00f3veis de S\u00e3o Paulo (<\/span><span class=\"NormalTextRun SpellingErrorV2Themed SCXW76078643 BCX0\">CreciSP<\/span><span class=\"NormalTextRun SCXW76078643 BCX0\">) comparou os mercados de venda e loca\u00e7\u00e3o de casas e apartamentos em <\/span><span class=\"NormalTextRun SCXW76078643 BCX0\">janeiro <\/span><span class=\"NormalTextRun SCXW76078643 BCX0\">com os resultados obtidos em <\/span><span class=\"NormalTextRun SCXW76078643 BCX0\">dez<\/span><span class=\"NormalTextRun SCXW76078643 BCX0\">embro do ano passado<\/span><span class=\"NormalTextRun SCXW76078643 BCX0\">. Foram consultadas 1<\/span><span class=\"NormalTextRun SCXW76078643 BCX0\">8<\/span><span class=\"NormalTextRun SCXW76078643 BCX0\"> imobili\u00e1rias que atuam em 1<\/span><span class=\"NormalTextRun SCXW76078643 BCX0\">5<\/span><span class=\"NormalTextRun SCXW76078643 BCX0\"> cidades da regi\u00e3o metropolitana<\/span><span class=\"NormalTextRun SCXW76078643 BCX0\">.<\/span><\/span><span class=\"LineBreakBlob BlobObject DragDrop SCXW76078643 BCX0\"><span class=\"SCXW76078643 BCX0\">\u00a0<\/span><br class=\"SCXW76078643 BCX0\"\/><\/span><span class=\"LineBreakBlob BlobObject DragDrop SCXW76078643 BCX0\"><span class=\"SCXW76078643 BCX0\">\u00a0<\/span><br class=\"SCXW76078643 BCX0\"\/><\/span><span class=\"TextRun SCXW76078643 BCX0\" lang=\"PT-BR\" xml:lang=\"PT-BR\" data-contrast=\"auto\"><span class=\"NormalTextRun SCXW76078643 BCX0\">A pesquisa envolve Ribeir\u00e3o Preto, <\/span><span class=\"NormalTextRun SCXW76078643 BCX0\">Altin\u00f3polis, Batatais, <\/span><span class=\"NormalTextRun SCXW76078643 BCX0\">Cajuru<\/span><span class=\"NormalTextRun SCXW76078643 BCX0\">, C<\/span><span class=\"NormalTextRun SCXW76078643 BCX0\">\u00e1<\/span><span class=\"NormalTextRun SCXW76078643 BCX0\">ssia <\/span><span class=\"NormalTextRun SCXW76078643 BCX0\">d<\/span><span class=\"NormalTextRun SCXW76078643 BCX0\">os Coqueiros, Jaboticabal, Jardin\u00f3polis, Monte Alto, Sales Oliveira, Santa Cruz <\/span><span class=\"NormalTextRun SCXW76078643 BCX0\">d<\/span><span class=\"NormalTextRun SCXW76078643 BCX0\">a Esperan\u00e7a, S\u00e3o Sim\u00e3o, Serrana, Sert\u00e3ozinho, <\/span><span class=\"NormalTextRun SCXW76078643 BCX0\">Taiuva<\/span><span class=\"NormalTextRun SCXW76078643 BCX0\">, Tamba\u00fa<\/span><span class=\"NormalTextRun SCXW76078643 BCX0\">. <\/span><span class=\"NormalTextRun SCXW76078643 BCX0\">As vendas apresentaram queda de 20,56%<\/span><span class=\"NormalTextRun SCXW76078643 BCX0\">, ap\u00f3s alta de 0,91% em dezembro e de 100% em novembro.<\/span><\/span><span class=\"LineBreakBlob BlobObject DragDrop SCXW76078643 BCX0\"><span class=\"SCXW76078643 BCX0\">\u00a0<\/span><br class=\"SCXW76078643 BCX0\"\/><\/span><span class=\"LineBreakBlob BlobObject DragDrop SCXW76078643 BCX0\"><span class=\"SCXW76078643 BCX0\">\u00a0<\/span><br class=\"SCXW76078643 BCX0\"\/><\/span><span class=\"TextRun SCXW76078643 BCX0\" lang=\"PT-BR\" xml:lang=\"PT-BR\" data-contrast=\"auto\"><span class=\"NormalTextRun SCXW76078643 BCX0\">O <\/span><span class=\"NormalTextRun SCXW76078643 BCX0\">volume de novos contratos de loca\u00e7\u00e3o assinad<\/span><span class=\"NormalTextRun SCXW76078643 BCX0\">os no per\u00edodo teve alta de 5,0%, ap\u00f3s queda de 87,34% em dezembro e crescimento de 295% em novembro. <\/span><span class=\"NormalTextRun SCXW76078643 BCX0\">Quanto \u00e0s vendas, as casas responderam por <\/span><span class=\"NormalTextRun SCXW76078643 BCX0\">78,6<\/span><span class=\"NormalTextRun SCXW76078643 BCX0\">% dos neg\u00f3cios e os apartamentos ficaram com <\/span><span class=\"NormalTextRun SCXW76078643 BCX0\">21,4<\/span><span class=\"NormalTextRun SCXW76078643 BCX0\">% do mercado.<\/span> <span class=\"NormalTextRun SCXW76078643 BCX0\">Segundo o <\/span><span class=\"NormalTextRun SpellingErrorV2Themed SCXW76078643 BCX0\">CreciSP<\/span><span class=\"NormalTextRun SCXW76078643 BCX0\">, <\/span><span class=\"NormalTextRun SCXW76078643 BCX0\">100<\/span><span class=\"NormalTextRun SCXW76078643 BCX0\">% das loca\u00e7\u00f5es envolveram moradias t\u00e9rreas ou sobrados, contra <\/span><span class=\"NormalTextRun SCXW76078643 BCX0\">nenhum <\/span><span class=\"NormalTextRun SCXW76078643 BCX0\">ap\u00ea<\/span><span class=\"NormalTextRun SCXW76078643 BCX0\">.<\/span><\/span><span class=\"LineBreakBlob BlobObject DragDrop SCXW76078643 BCX0\"><span class=\"SCXW76078643 BCX0\">\u00a0<\/span><br class=\"SCXW76078643 BCX0\"\/><\/span><span class=\"LineBreakBlob BlobObject DragDrop SCXW76078643 BCX0\"><span class=\"SCXW76078643 BCX0\">\u00a0<\/span><br class=\"SCXW76078643 BCX0\"\/><\/span><span class=\"TextRun SCXW76078643 BCX0\" lang=\"PT-BR\" xml:lang=\"PT-BR\" data-contrast=\"auto\"><span class=\"NormalTextRun SCXW76078643 BCX0\">\u201cEssa queda nas vendas \u00e9, sem d\u00favida, pontual, pois a regi\u00e3o de Ribeir\u00e3o Preto \u00e9 de grande potencial de desenvolvimento. J\u00e1 foi registrada uma reuni\u00e3o do prefeito de Ribeir\u00e3o <\/span><span class=\"NormalTextRun SCXW76078643 BCX0\">Preto <\/span><span class=\"NormalTextRun SCXW76078643 BCX0\">no Minist\u00e9rio do Empreendedorismo sobre temas de grande interesse para as micro e pequenas empresas<\/span><span class=\"NormalTextRun SCXW76078643 BCX0\">\u201d, diz o <\/span><span class=\"NormalTextRun SCXW76078643 BCX0\">presidente do <\/span><span class=\"NormalTextRun SpellingErrorV2Themed SCXW76078643 BCX0\">C<\/span><span class=\"NormalTextRun SpellingErrorV2Themed SCXW76078643 BCX0\">reci<\/span><span class=\"NormalTextRun SpellingErrorV2Themed SCXW76078643 BCX0\">SP<\/span><span class=\"NormalTextRun SCXW76078643 BCX0\">, Jos\u00e9 Augusto Viana Neto.<\/span><\/span><span class=\"LineBreakBlob BlobObject DragDrop SCXW76078643 BCX0\"><span class=\"SCXW76078643 BCX0\">\u00a0<\/span><br class=\"SCXW76078643 BCX0\"\/><\/span><span class=\"LineBreakBlob BlobObject DragDrop SCXW76078643 BCX0\"><span class=\"SCXW76078643 BCX0\">\u00a0<\/span><br class=\"SCXW76078643 BCX0\"\/><\/span><span class=\"TextRun SCXW76078643 BCX0\" lang=\"PT-BR\" xml:lang=\"PT-BR\" data-contrast=\"auto\"><span class=\"NormalTextRun SCXW76078643 BCX0\">\u201cElas <\/span><span class=\"NormalTextRun SCXW76078643 BCX0\">podem incentivar ainda mais o crescimento econ\u00f4mico e social. Com isso, novos investidores e moradores ser\u00e3o atra\u00eddos para a regi\u00e3o, o que \u00e9 muito positivo para o mercado imobili\u00e1rio\u201d, reflet<\/span><span class=\"NormalTextRun SCXW76078643 BCX0\">e <\/span><span class=\"NormalTextRun SCXW76078643 BCX0\">o presidente do <\/span><span class=\"NormalTextRun SpellingErrorV2Themed SCXW76078643 BCX0\">C<\/span><span class=\"NormalTextRun SpellingErrorV2Themed SCXW76078643 BCX0\">reci<\/span><span class=\"NormalTextRun SpellingErrorV2Themed SCXW76078643 BCX0\">SP<\/span><span class=\"NormalTextRun SCXW76078643 BCX0\">.<\/span> <span class=\"NormalTextRun SCXW76078643 BCX0\">Segundo o <\/span><span class=\"NormalTextRun SpellingErrorV2Themed SCXW76078643 BCX0\">CreciSP<\/span><span class=\"NormalTextRun SCXW76078643 BCX0\">, <\/span><span class=\"NormalTextRun SCXW76078643 BCX0\">100<\/span><span class=\"NormalTextRun SCXW76078643 BCX0\">% das loca\u00e7\u00f5es envolveram moradias t\u00e9rreas ou sobrados, contra <\/span><span class=\"NormalTextRun SCXW76078643 BCX0\">nenhum <\/span><span class=\"NormalTextRun SCXW76078643 BCX0\">ap\u00ea<\/span><span class=\"NormalTextRun SCXW76078643 BCX0\">.<\/span><\/span><span class=\"LineBreakBlob BlobObject DragDrop SCXW76078643 BCX0\"><span class=\"SCXW76078643 BCX0\">\u00a0<\/span><br class=\"SCXW76078643 BCX0\"\/><\/span><span class=\"LineBreakBlob BlobObject DragDrop SCXW76078643 BCX0\"><span class=\"SCXW76078643 BCX0\">\u00a0<\/span><br class=\"SCXW76078643 BCX0\"\/><\/span><span class=\"TextRun SCXW76078643 BCX0\" lang=\"PT-BR\" xml:lang=\"PT-BR\" data-contrast=\"auto\"><span class=\"NormalTextRun SCXW76078643 BCX0\">A m\u00e9dia de valores das casas vendidas no per\u00edodo ficou em at\u00e9 R$ 400 <\/span><span class=\"NormalTextRun SCXW76078643 BCX0\">mil. A maioria era de dois <\/span><span class=\"NormalTextRun SCXW76078643 BCX0\">dormit\u00f3rios, com \u00e1rea \u00fatil de 50 <\/span><span class=\"NormalTextRun SCXW76078643 BCX0\">metros quadrados <\/span><span class=\"NormalTextRun SCXW76078643 BCX0\">a 200 <\/span><span class=\"NormalTextRun SCXW76078643 BCX0\">m\u00b2<\/span><span class=\"NormalTextRun SCXW76078643 BCX0\">.<\/span> <span class=\"NormalTextRun SCXW76078643 BCX0\">Os apartamentos vendidos tinham valores m\u00e9dios de at\u00e9 R$ 250 mil, com <\/span><span class=\"NormalTextRun SCXW76078643 BCX0\">dois<\/span><span class=\"NormalTextRun SCXW76078643 BCX0\"> dormit\u00f3rios e \u00e1rea \u00fatil de at\u00e9 200 <\/span><span class=\"NormalTextRun SCXW76078643 BCX0\">m\u00b2<\/span><span class=\"NormalTextRun SCXW76078643 BCX0\">.<\/span><\/span><span class=\"LineBreakBlob BlobObject DragDrop SCXW76078643 BCX0\"><span class=\"SCXW76078643 BCX0\">\u00a0<\/span><br class=\"SCXW76078643 BCX0\"\/><\/span><span class=\"LineBreakBlob BlobObject DragDrop SCXW76078643 BCX0\"><span class=\"SCXW76078643 BCX0\">\u00a0<\/span><br class=\"SCXW76078643 BCX0\"\/><\/span><span class=\"TextRun SCXW76078643 BCX0\" lang=\"PT-BR\" xml:lang=\"PT-BR\" data-contrast=\"auto\"><span class=\"NormalTextRun SCXW76078643 BCX0\">Diz que <\/span><span class=\"NormalTextRun SCXW76078643 BCX0\">29,4<\/span><span class=\"NormalTextRun SCXW76078643 BCX0\">% das propriedades vendidas em j<\/span><span class=\"NormalTextRun SCXW76078643 BCX0\">aneiro estavam situadas na periferia, 17,6% nas regi\u00f5es centrais e 52,9% nas \u00e1reas nobres.<\/span> <span class=\"NormalTextRun SCXW76078643 BCX0\">Com rela\u00e7\u00e3o \u00e0s modalidades de venda, 31,8% foram financiadas pela <\/span><span class=\"NormalTextRun SCXW76078643 BCX0\">Caixa Econ\u00f4mica Federal<\/span><span class=\"NormalTextRun SCXW76078643 BCX0\">, 9,1% por outros bancos, 31,8% diretamente pelos propriet\u00e1rios, 27,3% dos neg\u00f3cios foram fechados \u00e0 vista e por cons\u00f3rcios, 0% no per\u00edodo.<\/span><\/span><span class=\"LineBreakBlob BlobObject DragDrop SCXW76078643 BCX0\"><span class=\"SCXW76078643 BCX0\">\u00a0<\/span><br class=\"SCXW76078643 BCX0\"\/><\/span><span class=\"LineBreakBlob BlobObject DragDrop SCXW76078643 BCX0\"><span class=\"SCXW76078643 BCX0\">\u00a0<\/span><br class=\"SCXW76078643 BCX0\"\/><\/span><span class=\"TextRun SCXW76078643 BCX0\" lang=\"PT-BR\" xml:lang=\"PT-BR\" data-contrast=\"auto\"><span class=\"NormalTextRun SCXW76078643 BCX0\">A faixa de pre\u00e7o de loca\u00e7\u00e3o de prefer\u00eancia dos inquilinos de casas ficou em at\u00e9 R$ 1.250<\/span> <span class=\"NormalTextRun SCXW76078643 BCX0\">para im\u00f3veis de <\/span><span class=\"NormalTextRun SCXW76078643 BCX0\">tr\u00eas<\/span><span class=\"NormalTextRun SCXW76078643 BCX0\"> dormit\u00f3rios com 50 <\/span><span class=\"NormalTextRun SCXW76078643 BCX0\">metros quadrados <\/span><span class=\"NormalTextRun SCXW76078643 BCX0\">at\u00e9 300 <\/span><span class=\"NormalTextRun SCXW76078643 BCX0\">m\u00b2<\/span><span class=\"NormalTextRun SCXW76078643 BCX0\"> de \u00e1rea \u00fatil.<\/span> <span class=\"NormalTextRun SCXW76078643 BCX0\">N\u00e3o foi registrada loca\u00e7\u00e3o de apartamentos no m\u00eas de janeiro pelas imobili\u00e1rias consultadas.<\/span><\/span><span class=\"LineBreakBlob BlobObject DragDrop SCXW76078643 BCX0\"><span class=\"SCXW76078643 BCX0\">\u00a0<\/span><br class=\"SCXW76078643 BCX0\"\/><\/span><span class=\"LineBreakBlob BlobObject DragDrop SCXW76078643 BCX0\"><span class=\"SCXW76078643 BCX0\">\u00a0<\/span><br class=\"SCXW76078643 BCX0\"\/><\/span><span class=\"TextRun SCXW76078643 BCX0\" lang=\"PT-BR\" xml:lang=\"PT-BR\" data-contrast=\"auto\"><span class=\"NormalTextRun SCXW76078643 BCX0\">A principal garantia locat\u00edcia escolhida pelos locat\u00e1rios foi o fiador. Os novos inquilinos optaram por im\u00f3veis situados na periferia das cidades pesquisadas (44,4%), na regi\u00e3o central (33,3%) e nos bairros mais nobres (22,2%).<\/span><span class=\"NormalTextRun SCXW76078643 BCX0\"> D<\/span><span class=\"NormalTextRun SCXW76078643 BCX0\">aqueles que encerraram os contratos de loca\u00e7\u00e3o, 40% n\u00e3o informaram a raz\u00e3o da mudan\u00e7a, 20% optaram por alugu\u00e9is mais baratos, 40% para <\/span><span class=\"NormalTextRun ContextualSpellingAndGrammarErrorV2Themed SCXW76078643 BCX0\">alugueis<\/span><span class=\"NormalTextRun SCXW76078643 BCX0\"> mais caros.<\/span><\/span><span class=\"LineBreakBlob BlobObject DragDrop SCXW76078643 BCX0\"><span class=\"SCXW76078643 BCX0\">\u00a0<\/span><br class=\"SCXW76078643 BCX0\"\/><\/span><span class=\"LineBreakBlob BlobObject DragDrop SCXW76078643 BCX0\"><span class=\"SCXW76078643 BCX0\">\u00a0<\/span><br class=\"SCXW76078643 BCX0\"\/><\/span><span class=\"TextRun SCXW76078643 BCX0\" lang=\"PT-BR\" xml:lang=\"PT-BR\" data-contrast=\"auto\"><span class=\"NormalTextRun SCXW76078643 BCX0\">Os dados do passado todo n\u00e3o foram divulgados pelo <\/span><span class=\"NormalTextRun SpellingErrorV2Themed SCXW76078643 BCX0\">CreciSP<\/span><span class=\"NormalTextRun SCXW76078643 BCX0\"> porque, em alguns meses, houve inconsist\u00eancia. Em outubro, o segmento de vendas de casas e apartamentos cresceu <\/span><span class=\"NormalTextRun SCXW76078643 BCX0\">23,61%<\/span><span class=\"NormalTextRun SCXW76078643 BCX0\"> na regi\u00e3o<\/span><span class=\"NormalTextRun SCXW76078643 BCX0\">, <\/span><span class=\"NormalTextRun SCXW76078643 BCX0\">ante crescimento<\/span><span class=\"NormalTextRun SCXW76078643 BCX0\"> de 34,09% em setembro.<\/span><span class=\"NormalTextRun SCXW76078643 BCX0\"> Por\u00e9m, os contratos de loca\u00e7\u00e3o ca\u00edram <\/span><span class=\"NormalTextRun SCXW76078643 BCX0\">22,22%, ap\u00f3s retra\u00e7\u00e3o de 20% no m\u00eas anterior.<\/span> <span class=\"NormalTextRun SCXW76078643 BCX0\">Em agosto, <\/span><span class=\"NormalTextRun SCXW76078643 BCX0\">as <\/span><span class=\"NormalTextRun SCXW76078643 BCX0\">vendas <\/span><span class=\"NormalTextRun SCXW76078643 BCX0\">recuaram <\/span><span class=\"NormalTextRun SCXW76078643 BCX0\">48,47%. <\/span><\/span><span class=\"LineBreakBlob BlobObject DragDrop SCXW76078643 BCX0\"><span class=\"SCXW76078643 BCX0\">\u00a0<\/span><br class=\"SCXW76078643 BCX0\"\/><\/span><span class=\"LineBreakBlob BlobObject DragDrop SCXW76078643 BCX0\"><span class=\"SCXW76078643 BCX0\">\u00a0<\/span><br class=\"SCXW76078643 BCX0\"\/><\/span><span class=\"TextRun SCXW76078643 BCX0\" lang=\"PT-BR\" xml:lang=\"PT-BR\" data-contrast=\"auto\"><span class=\"NormalTextRun SCXW76078643 BCX0\">No entanto, foi registrada estabilidade no volume de contratos de loca\u00e7\u00e3o assinados no per\u00edodo (zero por cento). Em julho, houve alta de 20,97% na venda de im\u00f3veis e queda de 12,50% no volume de contratos de loca\u00e7\u00e3o. Em <\/span><span class=\"NormalTextRun SpellingErrorV2Themed SCXW76078643 BCX0\">junho, <\/span><span class=\"NormalTextRun SpellingErrorV2Themed SCXW76078643 BCX0\">as<\/span><span class=\"NormalTextRun SCXW76078643 BCX0\"> vendas ca\u00edram 5,78% e as loca\u00e7\u00f5es cresceram 124,98%.<\/span> <span class=\"NormalTextRun SCXW76078643 BCX0\">Em janeiro, as vendas recuaram -40,73% e as loca\u00e7\u00f5es ca\u00edram -62,28%. <\/span><\/span><span class=\"LineBreakBlob BlobObject DragDrop SCXW76078643 BCX0\"><span class=\"SCXW76078643 BCX0\">\u00a0<\/span><br class=\"SCXW76078643 BCX0\"\/><\/span><span class=\"LineBreakBlob BlobObject DragDrop SCXW76078643 BCX0\"><span class=\"SCXW76078643 BCX0\">\u00a0<\/span><br class=\"SCXW76078643 BCX0\"\/><\/span><span class=\"TextRun SCXW76078643 BCX0\" lang=\"PT-BR\" xml:lang=\"PT-BR\" data-contrast=\"auto\"><span class=\"NormalTextRun SCXW76078643 BCX0\">Em fevereiro, as quedas foram de -2,36% e -3,13%, respectivamente. O mercado come\u00e7ou a melhorar em mar\u00e7o, com alta de 91,03% nas vendas de 21,67% nas loca\u00e7\u00f5es. Por\u00e9m, em abril houve nova retra\u00e7\u00e3o, de -66,22% e -41,67%, respectivamente. Em maio as vendas explodiram, com crescimento de 495,83%, mas as loca\u00e7\u00f5es recuaram -23,81%. <\/span><\/span><span class=\"LineBreakBlob BlobObject DragDrop SCXW76078643 BCX0\"><span class=\"SCXW76078643 BCX0\">\u00a0<\/span><br class=\"SCXW76078643 BCX0\"\/><\/span><span class=\"LineBreakBlob BlobObject DragDrop SCXW76078643 BCX0\"><span class=\"SCXW76078643 BCX0\">\u00a0<\/span><br class=\"SCXW76078643 BCX0\"\/><\/span><span class=\"TextRun SCXW76078643 BCX0\" lang=\"PT-BR\" xml:lang=\"PT-BR\" data-contrast=\"auto\"><span class=\"NormalTextRun SCXW76078643 BCX0\"><strong>Em 2022<\/strong> \u2013 <\/span><\/span><span class=\"TextRun SCXW76078643 BCX0\" lang=\"PT-BR\" xml:lang=\"PT-BR\" data-contrast=\"auto\"><span class=\"NormalTextRun SCXW76078643 BCX0\">Os mercados de loca\u00e7\u00e3o e de venda de im\u00f3veis usados da regi\u00e3o de Ribeir\u00e3o Preto tiveram forte cres<\/span><span class=\"NormalTextRun SCXW76078643 BCX0\">cimento em dezembro e fecharam 2022 <\/span><span class=\"NormalTextRun SCXW76078643 BCX0\">com saldos positivos acumulados de 713,61% e 595,09%, respectivamente, segundo os resultados consolidados das pesquisas feitas mensalmente pelo <\/span><span class=\"NormalTextRun SpellingErrorV2Themed SCXW76078643 BCX0\">CreciSP<\/span><span class=\"NormalTextRun SCXW76078643 BCX0\">. No \u00faltimo m\u00eas de 2022, as vendas cresceram 155,08% comparado a novembro e a loca\u00e7\u00e3o de casas e apartamentos aumentou 210,42%.<\/span><\/span> <span class=\"LineBreakBlob BlobObject DragDrop SCXW76078643 BCX0\"><span class=\"SCXW76078643 BCX0\">\u00a0<\/span><br class=\"SCXW76078643 BCX0\"\/><\/span><span class=\"LineBreakBlob BlobObject DragDrop SCXW76078643 BCX0\"><span class=\"SCXW76078643 BCX0\">\u00a0<\/span><br class=\"SCXW76078643 BCX0\"\/><\/span><span class=\"LineBreakBlob BlobObject DragDrop SCXW76078643 BCX0\"><br class=\"SCXW76078643 BCX0\"\/><\/span><span class=\"EOP SCXW76078643 BCX0\" data-ccp-props=\"{&quot;201341983&quot;:0,&quot;335559739&quot;:200,&quot;335559740&quot;:276}\">\u00a0<\/span><\/p>\n<\/div>\n<p><br \/>\n<br \/><a href=\"https:\/\/www.tribunaribeirao.com.br\/site\/vendas-recuam-e-locacoes-de-imoveis-crescem-na-regiao\/\">Source link <\/a><\/p>\n<!-- CONTENT END 1 -->\n","protected":false},"excerpt":{"rendered":"<p>A pesquisa do Conselho Regional de Corretores de Im\u00f3veis de S\u00e3o Paulo (CreciSP) comparou os mercados de venda e loca\u00e7\u00e3o de casas e apartamentos em&#8230;<\/p>\n","protected":false},"author":1,"featured_media":41049,"comment_status":"open","ping_status":"open","sticky":false,"template":"","format":"standard","meta":{"advanced_seo_description":"","jetpack_seo_html_title":"","jetpack_seo_noindex":false,"jetpack_post_was_ever_published":false,"_jetpack_newsletter_access":"","_jetpack_dont_email_post_to_subs":false,"_jetpack_newsletter_tier_id":0,"_jetpack_memberships_contains_paywalled_content":false,"_jetpack_memberships_contains_paid_content":false,"footnotes":"","jetpack_publicize_message":"","jetpack_publicize_feature_enabled":true,"jetpack_social_post_already_shared":true,"jetpack_social_options":{"image_generator_settings":{"template":"highway","default_image_id":0,"font":"","enabled":false},"version":2}},"categories":[11],"tags":[1375,466,4797,3670,277,105],"class_list":["post-41048","post","type-post","status-publish","format-standard","has-post-thumbnail","hentry","category-noticias-de-ribeirao-preto-sp-e-regiao-ismael-colosi","tag-crescem","tag-imoveis","tag-locacoes","tag-recuam","tag-regiao","tag-vendas"],"jetpack_publicize_connections":[],"jetpack_featured_media_url":"https:\/\/i0.wp.com\/noticiasribeiraopreto.com.br\/wp-content\/uploads\/2024\/03\/ImovelRP-Alfredo-Risk-Arquivo-1-scaled.jpg?fit=1000%2C521&ssl=1","jetpack-related-posts":[{"id":44744,"url":"https:\/\/noticiasribeiraopreto.com.br\/index.php\/2024\/03\/30\/vendas-de-imoveis-crescem-e-locacoes-recuam-em-rp\/","url_meta":{"origin":41048,"position":0},"title":"Vendas de im\u00f3veis crescem e loca\u00e7\u00f5es recuam\u00a0em RP","author":"noticiasribeiraopreto.com.br","date":"30 de March de 2024","format":false,"excerpt":"A pesquisa do Conselho Regional de Corretores de Im\u00f3veis de S\u00e3o Paulo (CreciSP) comparou os mercados de venda e loca\u00e7\u00e3o de casas e apartamentos em fevereiro com os resultados obtidos em janeiro deste ano. Foram consultadas nove imobili\u00e1rias que atuam em 14 cidades da regi\u00e3o metropolitana. A pesquisa envolve Ribeir\u00e3o\u2026","rel":"","context":"In &quot;Not\u00edcias de Ribeir\u00e3o Preto-SP e Regi\u00e3o&quot;","block_context":{"text":"Not\u00edcias de Ribeir\u00e3o Preto-SP e Regi\u00e3o","link":"https:\/\/noticiasribeiraopreto.com.br\/index.php\/category\/noticias-de-ribeirao-preto-sp-e-regiao-ismael-colosi\/"},"img":{"alt_text":"","src":"https:\/\/i0.wp.com\/noticiasribeiraopreto.com.br\/wp-content\/uploads\/2024\/03\/ImovelRP-Alfredo-Risk.jpg?fit=1200%2C625&ssl=1&resize=350%2C200","width":350,"height":200,"srcset":"https:\/\/i0.wp.com\/noticiasribeiraopreto.com.br\/wp-content\/uploads\/2024\/03\/ImovelRP-Alfredo-Risk.jpg?fit=1200%2C625&ssl=1&resize=350%2C200 1x, https:\/\/i0.wp.com\/noticiasribeiraopreto.com.br\/wp-content\/uploads\/2024\/03\/ImovelRP-Alfredo-Risk.jpg?fit=1200%2C625&ssl=1&resize=525%2C300 1.5x, https:\/\/i0.wp.com\/noticiasribeiraopreto.com.br\/wp-content\/uploads\/2024\/03\/ImovelRP-Alfredo-Risk.jpg?fit=1200%2C625&ssl=1&resize=700%2C400 2x, https:\/\/i0.wp.com\/noticiasribeiraopreto.com.br\/wp-content\/uploads\/2024\/03\/ImovelRP-Alfredo-Risk.jpg?fit=1200%2C625&ssl=1&resize=1050%2C600 3x"},"classes":[]},{"id":33763,"url":"https:\/\/noticiasribeiraopreto.com.br\/index.php\/2024\/01\/30\/locacao-recua-e-vendas-de-imoveis-crescem-na-regiao\/","url_meta":{"origin":41048,"position":1},"title":"Loca\u00e7\u00e3o recua e vendas de im\u00f3veis crescem na regi\u00e3o","author":"noticiasribeiraopreto.com.br","date":"30 de January de 2024","format":false,"excerpt":"A pesquisa do Conselho Regional de Corretores de Im\u00f3veis de S\u00e3o Paulo (CreciSP) comparou os mercados de venda e loca\u00e7\u00e3o de casas e apartamentos em dezembro com os resultados obtidos em novembro do ano passado. Foram consultadas 16 imobili\u00e1rias que atuam em 15 cidades da regi\u00e3o metropolitana.\u00a0\u00a0A pesquisa envolve Ribeir\u00e3o\u2026","rel":"","context":"In &quot;Not\u00edcias de Ribeir\u00e3o Preto-SP e Regi\u00e3o&quot;","block_context":{"text":"Not\u00edcias de Ribeir\u00e3o Preto-SP e Regi\u00e3o","link":"https:\/\/noticiasribeiraopreto.com.br\/index.php\/category\/noticias-de-ribeirao-preto-sp-e-regiao-ismael-colosi\/"},"img":{"alt_text":"","src":"https:\/\/i0.wp.com\/noticiasribeiraopreto.com.br\/wp-content\/uploads\/2024\/01\/ImovelRP-Alfredo-Risk-Arquivo-scaled.jpg?fit=1000%2C536&ssl=1&resize=350%2C200","width":350,"height":200,"srcset":"https:\/\/i0.wp.com\/noticiasribeiraopreto.com.br\/wp-content\/uploads\/2024\/01\/ImovelRP-Alfredo-Risk-Arquivo-scaled.jpg?fit=1000%2C536&ssl=1&resize=350%2C200 1x, https:\/\/i0.wp.com\/noticiasribeiraopreto.com.br\/wp-content\/uploads\/2024\/01\/ImovelRP-Alfredo-Risk-Arquivo-scaled.jpg?fit=1000%2C536&ssl=1&resize=525%2C300 1.5x, https:\/\/i0.wp.com\/noticiasribeiraopreto.com.br\/wp-content\/uploads\/2024\/01\/ImovelRP-Alfredo-Risk-Arquivo-scaled.jpg?fit=1000%2C536&ssl=1&resize=700%2C400 2x"},"classes":[]},{"id":66280,"url":"https:\/\/noticiasribeiraopreto.com.br\/index.php\/2025\/03\/30\/jornal-da-franca-fevereiro-tem-alta-em-vendas-de-imoveis-usados-mas-locacoes-caem-em-franca-e-regiao\/","url_meta":{"origin":41048,"position":2},"title":"Jornal da Franca &#8211; Fevereiro tem alta em vendas de im\u00f3veis usados, mas loca\u00e7\u00f5es caem em Franca e regi\u00e3o","author":"noticiasribeiraopreto.com.br","date":"30 de March de 2025","format":false,"excerpt":"compartilhar no whatsapp compartilhar no telegram compartilhar no facebook compartilhar no linkedin Os dados recentes do Creci-SP demonstram a evolu\u00e7\u00e3o significativa do mercado imobili\u00e1rio em Franca e nas cidades da regi\u00e3o A Pesquisa do Conselho Regional de Corretores de Im\u00f3veis de S\u00e3o Paulo (CRECISP) comparou os mercados de venda e\u2026","rel":"","context":"In &quot;Not\u00edcias de Franca-SP&quot;","block_context":{"text":"Not\u00edcias de Franca-SP","link":"https:\/\/noticiasribeiraopreto.com.br\/index.php\/category\/noticias-de-ribeirao-preto-sp-e-regiao-ismael-colosi\/noticias-franca-sp\/"},"img":{"alt_text":"","src":"https:\/\/i0.wp.com\/noticiasribeiraopreto.com.br\/wp-content\/uploads\/2025\/03\/58effb50d0776c9a9de60860c768545f-vende-se-casa.jpg?fit=780%2C517&ssl=1&resize=350%2C200","width":350,"height":200,"srcset":"https:\/\/i0.wp.com\/noticiasribeiraopreto.com.br\/wp-content\/uploads\/2025\/03\/58effb50d0776c9a9de60860c768545f-vende-se-casa.jpg?fit=780%2C517&ssl=1&resize=350%2C200 1x, https:\/\/i0.wp.com\/noticiasribeiraopreto.com.br\/wp-content\/uploads\/2025\/03\/58effb50d0776c9a9de60860c768545f-vende-se-casa.jpg?fit=780%2C517&ssl=1&resize=525%2C300 1.5x, https:\/\/i0.wp.com\/noticiasribeiraopreto.com.br\/wp-content\/uploads\/2025\/03\/58effb50d0776c9a9de60860c768545f-vende-se-casa.jpg?fit=780%2C517&ssl=1&resize=700%2C400 2x"},"classes":[]},{"id":76047,"url":"https:\/\/noticiasribeiraopreto.com.br\/index.php\/2025\/08\/21\/vendas-e-alugueis-recuam-em-julho-em-toda-regiao\/","url_meta":{"origin":41048,"position":3},"title":"Vendas e alugu\u00e9is recuam em julho em toda regi\u00e3o","author":"noticiasribeiraopreto.com.br","date":"21 de August de 2025","format":false,"excerpt":"A pesquisa do Conselho Regional de Corretores de Im\u00f3veis de S\u00e3o Paulo (CreciSP) comparou os mercados de venda e loca\u00e7\u00e3o de casas e apartamentos em julho com os resultados obtidos em junho deste ano. Foram consultadas 109 imobili\u00e1rias que atuam em 18 cidades da regi\u00e3o metropolitana.\u00a0\u00a0A pesquisa do Conselho Regional\u2026","rel":"","context":"In &quot;Not\u00edcias de Ribeir\u00e3o Preto-SP e Regi\u00e3o&quot;","block_context":{"text":"Not\u00edcias de Ribeir\u00e3o Preto-SP e Regi\u00e3o","link":"https:\/\/noticiasribeiraopreto.com.br\/index.php\/category\/noticias-de-ribeirao-preto-sp-e-regiao-ismael-colosi\/"},"img":{"alt_text":"","src":"https:\/\/i0.wp.com\/noticiasribeiraopreto.com.br\/wp-content\/uploads\/2025\/08\/ImovelRP-Alfredo-Risk-scaled.jpg?fit=1200%2C625&ssl=1&resize=350%2C200","width":350,"height":200,"srcset":"https:\/\/i0.wp.com\/noticiasribeiraopreto.com.br\/wp-content\/uploads\/2025\/08\/ImovelRP-Alfredo-Risk-scaled.jpg?fit=1200%2C625&ssl=1&resize=350%2C200 1x, https:\/\/i0.wp.com\/noticiasribeiraopreto.com.br\/wp-content\/uploads\/2025\/08\/ImovelRP-Alfredo-Risk-scaled.jpg?fit=1200%2C625&ssl=1&resize=525%2C300 1.5x, https:\/\/i0.wp.com\/noticiasribeiraopreto.com.br\/wp-content\/uploads\/2025\/08\/ImovelRP-Alfredo-Risk-scaled.jpg?fit=1200%2C625&ssl=1&resize=700%2C400 2x, https:\/\/i0.wp.com\/noticiasribeiraopreto.com.br\/wp-content\/uploads\/2025\/08\/ImovelRP-Alfredo-Risk-scaled.jpg?fit=1200%2C625&ssl=1&resize=1050%2C600 3x"},"classes":[]},{"id":61434,"url":"https:\/\/noticiasribeiraopreto.com.br\/index.php\/2024\/12\/12\/vendas-de-imoveis-crescem-197-no-brasil-de-janeiro-a-setembro-impulsionadas-por-juros-menores\/","url_meta":{"origin":41048,"position":4},"title":"Vendas de Im\u00f3veis Crescem 19,7% no Brasil de Janeiro a Setembro, Impulsionadas por Juros Menores","author":"noticiasribeiraopreto.com.br","date":"12 de December de 2024","format":false,"excerpt":"As vendas de im\u00f3veis no Brasil cresceram 19,7% de janeiro a setembro de 2024 em compara\u00e7\u00e3o com o mesmo per\u00edodo de 2023, segundo dados divulgados pela Associa\u00e7\u00e3o Brasileira de Incorporadoras Imobili\u00e1rias (Abrainc). O setor vem colhendo os frutos da retomada econ\u00f4mica e de ajustes no cen\u00e1rio de cr\u00e9dito, que tornaram\u2026","rel":"","context":"In &quot;Not\u00edcias de Ribeir\u00e3o Preto-SP e Regi\u00e3o&quot;","block_context":{"text":"Not\u00edcias de Ribeir\u00e3o Preto-SP e Regi\u00e3o","link":"https:\/\/noticiasribeiraopreto.com.br\/index.php\/category\/noticias-de-ribeirao-preto-sp-e-regiao-ismael-colosi\/"},"img":{"alt_text":"","src":"https:\/\/i0.wp.com\/noticiasribeiraopreto.com.br\/wp-content\/uploads\/2024\/12\/obras_construcao_noreste_mcajr_abr2807221060.webp.webp?fit=1170%2C700&ssl=1&resize=350%2C200","width":350,"height":200,"srcset":"https:\/\/i0.wp.com\/noticiasribeiraopreto.com.br\/wp-content\/uploads\/2024\/12\/obras_construcao_noreste_mcajr_abr2807221060.webp.webp?fit=1170%2C700&ssl=1&resize=350%2C200 1x, https:\/\/i0.wp.com\/noticiasribeiraopreto.com.br\/wp-content\/uploads\/2024\/12\/obras_construcao_noreste_mcajr_abr2807221060.webp.webp?fit=1170%2C700&ssl=1&resize=525%2C300 1.5x, https:\/\/i0.wp.com\/noticiasribeiraopreto.com.br\/wp-content\/uploads\/2024\/12\/obras_construcao_noreste_mcajr_abr2807221060.webp.webp?fit=1170%2C700&ssl=1&resize=700%2C400 2x, https:\/\/i0.wp.com\/noticiasribeiraopreto.com.br\/wp-content\/uploads\/2024\/12\/obras_construcao_noreste_mcajr_abr2807221060.webp.webp?fit=1170%2C700&ssl=1&resize=1050%2C600 3x"},"classes":[]},{"id":68481,"url":"https:\/\/noticiasribeiraopreto.com.br\/index.php\/2025\/04\/25\/vendas-e-alugueis-crescem-em-marco\/","url_meta":{"origin":41048,"position":5},"title":"Vendas e alugueis crescem em mar\u00e7o\u00a0","author":"noticiasribeiraopreto.com.br","date":"25 de April de 2025","format":false,"excerpt":"A pesquisa do Conselho Regional de Corretores de Im\u00f3veis de S\u00e3o Paulo (CreciSP) comparou os mercados de venda e loca\u00e7\u00e3o de casas e apartamentos em mar\u00e7o com os resultados obtidos em fevereiro deste ano. Foram consultadas 110 imobili\u00e1rias que atuam em 24 cidades da regi\u00e3o metropolitana.\u00a0\u00a0A pesquisa envolve Ribeir\u00e3o Preto,\u2026","rel":"","context":"In &quot;Not\u00edcias de Ribeir\u00e3o Preto-SP e Regi\u00e3o&quot;","block_context":{"text":"Not\u00edcias de Ribeir\u00e3o Preto-SP e Regi\u00e3o","link":"https:\/\/noticiasribeiraopreto.com.br\/index.php\/category\/noticias-de-ribeirao-preto-sp-e-regiao-ismael-colosi\/"},"img":{"alt_text":"","src":"https:\/\/i0.wp.com\/noticiasribeiraopreto.com.br\/wp-content\/uploads\/2025\/04\/ImovelRP-Alfredo-Risk-2-scaled.jpg?fit=800%2C417&ssl=1&resize=350%2C200","width":350,"height":200,"srcset":"https:\/\/i0.wp.com\/noticiasribeiraopreto.com.br\/wp-content\/uploads\/2025\/04\/ImovelRP-Alfredo-Risk-2-scaled.jpg?fit=800%2C417&ssl=1&resize=350%2C200 1x, https:\/\/i0.wp.com\/noticiasribeiraopreto.com.br\/wp-content\/uploads\/2025\/04\/ImovelRP-Alfredo-Risk-2-scaled.jpg?fit=800%2C417&ssl=1&resize=525%2C300 1.5x, https:\/\/i0.wp.com\/noticiasribeiraopreto.com.br\/wp-content\/uploads\/2025\/04\/ImovelRP-Alfredo-Risk-2-scaled.jpg?fit=800%2C417&ssl=1&resize=700%2C400 2x"},"classes":[]}],"jetpack_sharing_enabled":true,"jetpack_shortlink":"https:\/\/wp.me\/peQAOb-aG4","_links":{"self":[{"href":"https:\/\/noticiasribeiraopreto.com.br\/index.php\/wp-json\/wp\/v2\/posts\/41048","targetHints":{"allow":["GET"]}}],"collection":[{"href":"https:\/\/noticiasribeiraopreto.com.br\/index.php\/wp-json\/wp\/v2\/posts"}],"about":[{"href":"https:\/\/noticiasribeiraopreto.com.br\/index.php\/wp-json\/wp\/v2\/types\/post"}],"author":[{"embeddable":true,"href":"https:\/\/noticiasribeiraopreto.com.br\/index.php\/wp-json\/wp\/v2\/users\/1"}],"replies":[{"embeddable":true,"href":"https:\/\/noticiasribeiraopreto.com.br\/index.php\/wp-json\/wp\/v2\/comments?post=41048"}],"version-history":[{"count":0,"href":"https:\/\/noticiasribeiraopreto.com.br\/index.php\/wp-json\/wp\/v2\/posts\/41048\/revisions"}],"wp:featuredmedia":[{"embeddable":true,"href":"https:\/\/noticiasribeiraopreto.com.br\/index.php\/wp-json\/wp\/v2\/media\/41049"}],"wp:attachment":[{"href":"https:\/\/noticiasribeiraopreto.com.br\/index.php\/wp-json\/wp\/v2\/media?parent=41048"}],"wp:term":[{"taxonomy":"category","embeddable":true,"href":"https:\/\/noticiasribeiraopreto.com.br\/index.php\/wp-json\/wp\/v2\/categories?post=41048"},{"taxonomy":"post_tag","embeddable":true,"href":"https:\/\/noticiasribeiraopreto.com.br\/index.php\/wp-json\/wp\/v2\/tags?post=41048"}],"curies":[{"name":"wp","href":"https:\/\/api.w.org\/{rel}","templated":true}]}}