{"id":4118,"date":"2023-11-20T21:26:49","date_gmt":"2023-11-21T00:26:49","guid":{"rendered":"https:\/\/noticiasribeiraopreto.com.br\/index.php\/2023\/11\/20\/virginia-fonseca-fala-sobre-contratacao-no-sbt-correr-atras-disso\/"},"modified":"2023-11-20T21:26:49","modified_gmt":"2023-11-21T00:26:49","slug":"virginia-fonseca-fala-sobre-contratacao-no-sbt-correr-atras-disso","status":"publish","type":"post","link":"https:\/\/noticiasribeiraopreto.com.br\/index.php\/2023\/11\/20\/virginia-fonseca-fala-sobre-contratacao-no-sbt-correr-atras-disso\/","title":{"rendered":"Virg\u00ednia Fonseca fala sobre contrata\u00e7\u00e3o no SBT: &#8220;correr atr\u00e1s disso&#8221;"},"content":{"rendered":"<div class='code-block code-block-1' style='margin: 8px 0 8px auto; text-align: right; display: block; clear: both;'>\n<p><a href=\"https:\/\/wa.link\/vpicfd\"><img data-recalc-dims=\"1\" class=\"wp-image-4922\" style=\"aspect-ratio: 2.0253164556962027; width: 561px; height: auto;\" src=\"https:\/\/i0.wp.com\/ismaelcolosi.com.br\/wp-content\/uploads\/2023\/11\/grupo-de-empregos-whatsapp-e-facebook-ismael-colosi-vagas.jpg?ssl=1\" alt=\"\" \/><\/a><\/p>\n<!-- \/wp:image -->\n<\/div>\n<p> <br \/>\n<\/p>\n<div itemprop=\"text\">\n<p>Na lista de desejos ap\u00f3s a meia noite do dia 31 de dezembro o emprego novo est\u00e1 no topo da lista de muitas pessoas. Em janeiro, ser\u00e3o 365 novas chances de conquistar o t\u00e3o sonhado objetivo.<\/p>\n<p>A influenciadora digital Virg\u00ednia Fonseca foi contemplada desde j\u00e1, para o pr\u00f3ximo ano, para um novo projeto da emissora SBT com um programa para ela.<\/p>\n<p>Nas redes sociais, com um perfil para mais de 44 milh\u00f5es de seguidores, ela compartilhou uma foto ao lado da marca da emissora em um texto emocionado sobre o programa.<\/p>\n<p><b>\u201cMuita gratid\u00e3o primeiramente a Deus e a todos voc\u00eas!!! Sempre me falaram que eu tinha que ter o meu programa, que era pra eu correr atr\u00e1s disso e eu sempre respondi que na hora que fosse pra ser, seria!! E olha s\u00f3\u2026 Chegou em mim essa oportunidade que sempre sonhei!\u201d<\/b>, declarou.<\/p>\n<p>Ela fez agradecimentos a Deus por estar realizando neste momento seu sonho. Para ela, sua inspira\u00e7\u00e3o no ramo profissional s\u00e3o seus pais que sempre a incentivaram ser independente.<\/p>\n<p>Virginia tamb\u00e9m falou sobre quem deu oportunidade a ela acreditando em seu potencial. A diretora de arte Daniela Abravanel Beyruti, uma das seis filhas do dono da emissora, S\u00edlvio Santos.<\/p>\n<p>A m\u00e3e das meninas Maria Flor e Maria Alice demonstrou muita empolga\u00e7\u00e3o ao dizer que ir\u00e1 se doar 100000% para o projeto. Segundo ela, o pr\u00f3ximo ano ser\u00e1 de sucesso. Na publica\u00e7\u00e3o, ela recebeu muitas mensagens de felicita\u00e7\u00f5es e positividade para o come\u00e7o.<\/p>\n<\/div>\n<p><br \/>\n<br \/><a href=\"https:\/\/fnmais.com\/virginia-fonseca-fala-sobre-contratacao-no-sbt-correr-atras-disso\/\">Source link <\/a><\/p>\n<!-- CONTENT END 1 -->\n","protected":false},"excerpt":{"rendered":"<p>Na lista de desejos ap\u00f3s a meia noite do dia 31 de dezembro o emprego novo est\u00e1 no topo da lista de muitas pessoas. Em&#8230;<\/p>\n","protected":false},"author":1,"featured_media":4119,"comment_status":"open","ping_status":"open","sticky":false,"template":"","format":"standard","meta":{"advanced_seo_description":"","jetpack_seo_html_title":"","jetpack_seo_noindex":false,"jetpack_post_was_ever_published":false,"_jetpack_newsletter_access":"","_jetpack_dont_email_post_to_subs":false,"_jetpack_newsletter_tier_id":0,"_jetpack_memberships_contains_paywalled_content":false,"_jetpack_memberships_contains_paid_content":false,"footnotes":"","jetpack_publicize_message":"","jetpack_publicize_feature_enabled":true,"jetpack_social_post_already_shared":true,"jetpack_social_options":{"image_generator_settings":{"template":"highway","default_image_id":0,"font":"","enabled":false},"version":2}},"categories":[1],"tags":[],"class_list":["post-4118","post","type-post","status-publish","format-standard","has-post-thumbnail","hentry","category-blog"],"jetpack_publicize_connections":[],"jetpack_featured_media_url":"https:\/\/i0.wp.com\/noticiasribeiraopreto.com.br\/wp-content\/uploads\/2023\/11\/postimg-655bf3bcce8593489.jpg?fit=1200%2C628&ssl=1","jetpack-related-posts":[{"id":5416,"url":"https:\/\/noticiasribeiraopreto.com.br\/index.php\/2023\/11\/23\/sucesso-de-bruno-matos-blogueirinha-pode-estar-sendo-sondada-por-emissora-famosa-para-programa-de-tv\/","url_meta":{"origin":4118,"position":0},"title":"Sucesso de Bruno Matos, Blogueirinha pode estar sendo sondada por emissora famosa para programa de TV","author":"noticiasribeiraopreto.com.br","date":"23 de November de 2023","format":false,"excerpt":"O YouTube \u00e9 a plataforma de v\u00eddeo que se tornou refer\u00eancia em recordes de visualiza\u00e7\u00f5es. Al\u00e9m de muita m\u00fasica, a plataforma proporciona aos inscritos programa\u00e7\u00f5es de entrevistas que viram sucesso.Bruno Matos \u00e9 Blogueirinha, nas redes sociais e plataformas digitais. Esse ano, sua personagem deslanchou carreira de apresentadora com o programa\u2026","rel":"","context":"In &quot;Blog&quot;","block_context":{"text":"Blog","link":"https:\/\/noticiasribeiraopreto.com.br\/index.php\/category\/blog\/"},"img":{"alt_text":"","src":"https:\/\/i0.wp.com\/noticiasribeiraopreto.com.br\/wp-content\/uploads\/2023\/11\/postimg-655f9c33cc7c87194.jpg?fit=1200%2C628&ssl=1&resize=350%2C200","width":350,"height":200,"srcset":"https:\/\/i0.wp.com\/noticiasribeiraopreto.com.br\/wp-content\/uploads\/2023\/11\/postimg-655f9c33cc7c87194.jpg?fit=1200%2C628&ssl=1&resize=350%2C200 1x, https:\/\/i0.wp.com\/noticiasribeiraopreto.com.br\/wp-content\/uploads\/2023\/11\/postimg-655f9c33cc7c87194.jpg?fit=1200%2C628&ssl=1&resize=525%2C300 1.5x, https:\/\/i0.wp.com\/noticiasribeiraopreto.com.br\/wp-content\/uploads\/2023\/11\/postimg-655f9c33cc7c87194.jpg?fit=1200%2C628&ssl=1&resize=700%2C400 2x, https:\/\/i0.wp.com\/noticiasribeiraopreto.com.br\/wp-content\/uploads\/2023\/11\/postimg-655f9c33cc7c87194.jpg?fit=1200%2C628&ssl=1&resize=1050%2C600 3x"},"classes":[]},{"id":21367,"url":"https:\/\/noticiasribeiraopreto.com.br\/index.php\/2023\/12\/27\/saiba-o-que-tem-por-tras-do-sucesso-infantil-dedinhos-de-eliana-apos-crise-vivida-no-sbt\/","url_meta":{"origin":4118,"position":1},"title":"Saiba o que tem por tr\u00e1s do sucesso infantil &#8216;Dedinhos&#8217; de Eliana ap\u00f3s crise vivida no SBT","author":"noticiasribeiraopreto.com.br","date":"27 de December de 2023","format":false,"excerpt":"A gera\u00e7\u00e3o infantil dos anos 90 era regada a um repert\u00f3rio gigante de m\u00fasicas infantis que embalaram momentos at\u00e9 anos mais tarde, j\u00e1 adultos e passando por outras gera\u00e7\u00f5es.Uma das respons\u00e1veis por uma m\u00fasica desse repert\u00f3rio lembrado at\u00e9 os dias atuais \u00e9 Eliana. Com Dedinhos, ela marcou mais de uma\u2026","rel":"","context":"In &quot;Blog&quot;","block_context":{"text":"Blog","link":"https:\/\/noticiasribeiraopreto.com.br\/index.php\/category\/blog\/"},"img":{"alt_text":"","src":"https:\/\/i0.wp.com\/noticiasribeiraopreto.com.br\/wp-content\/uploads\/2023\/12\/postimg-658c7b83c2d776960.jpg?fit=1200%2C628&ssl=1&resize=350%2C200","width":350,"height":200,"srcset":"https:\/\/i0.wp.com\/noticiasribeiraopreto.com.br\/wp-content\/uploads\/2023\/12\/postimg-658c7b83c2d776960.jpg?fit=1200%2C628&ssl=1&resize=350%2C200 1x, https:\/\/i0.wp.com\/noticiasribeiraopreto.com.br\/wp-content\/uploads\/2023\/12\/postimg-658c7b83c2d776960.jpg?fit=1200%2C628&ssl=1&resize=525%2C300 1.5x, https:\/\/i0.wp.com\/noticiasribeiraopreto.com.br\/wp-content\/uploads\/2023\/12\/postimg-658c7b83c2d776960.jpg?fit=1200%2C628&ssl=1&resize=700%2C400 2x, https:\/\/i0.wp.com\/noticiasribeiraopreto.com.br\/wp-content\/uploads\/2023\/12\/postimg-658c7b83c2d776960.jpg?fit=1200%2C628&ssl=1&resize=1050%2C600 3x"},"classes":[]},{"id":4539,"url":"https:\/\/noticiasribeiraopreto.com.br\/index.php\/2023\/11\/21\/novo-streaming-brasileiro-deve-chegar-em-2024-veja-o-que-se-sabe\/","url_meta":{"origin":4118,"position":2},"title":"Novo streaming brasileiro deve chegar em 2024; veja o que se sabe","author":"noticiasribeiraopreto.com.br","date":"21 de November de 2023","format":false,"excerpt":"Cr\u00e9ditos: iStock\/simpson33 Novo streaming, +SBT, deve estrear em 2024 Com a constante evolu\u00e7\u00e3o do mercado de entretenimento digital, muitas empresas de m\u00eddia est\u00e3o apostando no streaming. A novidade da vez \u00e9 a plataforma +SBT, anunciada pela emissora de Silvio Santos para 2024. Segundo informa\u00e7\u00f5es de bastidores, o servi\u00e7o substituir\u00e1 o\u2026","rel":"","context":"In &quot;Variedades&quot;","block_context":{"text":"Variedades","link":"https:\/\/noticiasribeiraopreto.com.br\/index.php\/category\/variedades\/"},"img":{"alt_text":"","src":"https:\/\/i0.wp.com\/noticiasribeiraopreto.com.br\/wp-content\/uploads\/2023\/11\/istock-1204686340-e1700594457636.jpg?fit=1200%2C638&ssl=1&resize=350%2C200","width":350,"height":200,"srcset":"https:\/\/i0.wp.com\/noticiasribeiraopreto.com.br\/wp-content\/uploads\/2023\/11\/istock-1204686340-e1700594457636.jpg?fit=1200%2C638&ssl=1&resize=350%2C200 1x, https:\/\/i0.wp.com\/noticiasribeiraopreto.com.br\/wp-content\/uploads\/2023\/11\/istock-1204686340-e1700594457636.jpg?fit=1200%2C638&ssl=1&resize=525%2C300 1.5x, https:\/\/i0.wp.com\/noticiasribeiraopreto.com.br\/wp-content\/uploads\/2023\/11\/istock-1204686340-e1700594457636.jpg?fit=1200%2C638&ssl=1&resize=700%2C400 2x, https:\/\/i0.wp.com\/noticiasribeiraopreto.com.br\/wp-content\/uploads\/2023\/11\/istock-1204686340-e1700594457636.jpg?fit=1200%2C638&ssl=1&resize=1050%2C600 3x"},"classes":[]},{"id":27254,"url":"https:\/\/noticiasribeiraopreto.com.br\/index.php\/2024\/01\/11\/sheherazade-detona-setor-de-jornalismo-do-sbt-fraco-pequeno\/","url_meta":{"origin":4118,"position":3},"title":"Sheherazade detona setor de jornalismo do SBT: \u201cFraco, pequeno\u201d","author":"noticiasribeiraopreto.com.br","date":"11 de January de 2024","format":false,"excerpt":"Sheherazade esta dando novos ares para sua carreira depois de passar pelo reality A Fazenda, do qual foi expulsa ap\u00f3s tocar o rosto de outra participante de forma acintosa, num gesto de empurr\u00e3o.Desde que deixou o SBT, a jornalista passou pelo reality rural mas at\u00e9 agora n\u00e3o fechou com nenhuma\u2026","rel":"","context":"In &quot;Blog&quot;","block_context":{"text":"Blog","link":"https:\/\/noticiasribeiraopreto.com.br\/index.php\/category\/blog\/"},"img":{"alt_text":"","src":"https:\/\/i0.wp.com\/noticiasribeiraopreto.com.br\/wp-content\/uploads\/2024\/01\/postimg-65a05e9e087e93668.jpg?fit=1200%2C628&ssl=1&resize=350%2C200","width":350,"height":200,"srcset":"https:\/\/i0.wp.com\/noticiasribeiraopreto.com.br\/wp-content\/uploads\/2024\/01\/postimg-65a05e9e087e93668.jpg?fit=1200%2C628&ssl=1&resize=350%2C200 1x, https:\/\/i0.wp.com\/noticiasribeiraopreto.com.br\/wp-content\/uploads\/2024\/01\/postimg-65a05e9e087e93668.jpg?fit=1200%2C628&ssl=1&resize=525%2C300 1.5x, https:\/\/i0.wp.com\/noticiasribeiraopreto.com.br\/wp-content\/uploads\/2024\/01\/postimg-65a05e9e087e93668.jpg?fit=1200%2C628&ssl=1&resize=700%2C400 2x, https:\/\/i0.wp.com\/noticiasribeiraopreto.com.br\/wp-content\/uploads\/2024\/01\/postimg-65a05e9e087e93668.jpg?fit=1200%2C628&ssl=1&resize=1050%2C600 3x"},"classes":[]},{"id":5276,"url":"https:\/\/noticiasribeiraopreto.com.br\/index.php\/2023\/11\/23\/priscilla-nega-ser-homofobica-e-fala-sobre-relacao-com-a-igreja-medo-de-retaliacao\/","url_meta":{"origin":4118,"position":4},"title":"Priscilla nega ser homof\u00f3bica e fala sobre rela\u00e7\u00e3o com a igreja &#8216;Medo de retalia\u00e7\u00e3o &#8216;","author":"noticiasribeiraopreto.com.br","date":"23 de November de 2023","format":false,"excerpt":"Em um novo recome\u00e7o, a cantora Priscilla, deu o que falar nas \u00faltimas semanas quando apareceu com um visual totalmente diferente. Com cabelos curtos e pontas avermelhadas, ela passou a exibir suas tatuagens tamb\u00e9m.Antes conhecida como Priscilla Alc\u00e2ntara, ela come\u00e7ou na TV ao lado de Yudi Tamashiro apresentando o programa\u2026","rel":"","context":"In &quot;Blog&quot;","block_context":{"text":"Blog","link":"https:\/\/noticiasribeiraopreto.com.br\/index.php\/category\/blog\/"},"img":{"alt_text":"","src":"https:\/\/i0.wp.com\/noticiasribeiraopreto.com.br\/wp-content\/uploads\/2023\/11\/postimg-655f5055496e01076.jpg?fit=1200%2C713&ssl=1&resize=350%2C200","width":350,"height":200,"srcset":"https:\/\/i0.wp.com\/noticiasribeiraopreto.com.br\/wp-content\/uploads\/2023\/11\/postimg-655f5055496e01076.jpg?fit=1200%2C713&ssl=1&resize=350%2C200 1x, https:\/\/i0.wp.com\/noticiasribeiraopreto.com.br\/wp-content\/uploads\/2023\/11\/postimg-655f5055496e01076.jpg?fit=1200%2C713&ssl=1&resize=525%2C300 1.5x, https:\/\/i0.wp.com\/noticiasribeiraopreto.com.br\/wp-content\/uploads\/2023\/11\/postimg-655f5055496e01076.jpg?fit=1200%2C713&ssl=1&resize=700%2C400 2x, https:\/\/i0.wp.com\/noticiasribeiraopreto.com.br\/wp-content\/uploads\/2023\/11\/postimg-655f5055496e01076.jpg?fit=1200%2C713&ssl=1&resize=1050%2C600 3x"},"classes":[]},{"id":45060,"url":"https:\/\/noticiasribeiraopreto.com.br\/index.php\/2024\/04\/02\/sou-empresaria-de-mim-mesma-diz-eliana\/","url_meta":{"origin":4118,"position":5},"title":"&#8220;Sou empres\u00e1ria de mim mesma&#8221;, diz Eliana","author":"noticiasribeiraopreto.com.br","date":"2 de April de 2024","format":false,"excerpt":"Victor Affaro\/ForbesEliana est\u00e1 deixando o SBT ap\u00f3s quase 15 anos na emissora Eliana anunciou, na \u00faltima segunda-feira (1\u00ba), que deixou o SBT ap\u00f3s 15 anos. A apresentadora n\u00e3o deu detalhes sobre os novos rumos da carreira, mas, at\u00e9 hoje, n\u00e3o parou de reinventar o sucesso. H\u00e1 30 anos na televis\u00e3o,\u2026","rel":"","context":"In &quot;Blog&quot;","block_context":{"text":"Blog","link":"https:\/\/noticiasribeiraopreto.com.br\/index.php\/category\/blog\/"},"img":{"alt_text":"","src":"https:\/\/i0.wp.com\/noticiasribeiraopreto.com.br\/wp-content\/uploads\/2024\/04\/mulher-ed105-eliana-1024x683.jpg?fit=1024%2C683&ssl=1&resize=350%2C200","width":350,"height":200,"srcset":"https:\/\/i0.wp.com\/noticiasribeiraopreto.com.br\/wp-content\/uploads\/2024\/04\/mulher-ed105-eliana-1024x683.jpg?fit=1024%2C683&ssl=1&resize=350%2C200 1x, https:\/\/i0.wp.com\/noticiasribeiraopreto.com.br\/wp-content\/uploads\/2024\/04\/mulher-ed105-eliana-1024x683.jpg?fit=1024%2C683&ssl=1&resize=525%2C300 1.5x, https:\/\/i0.wp.com\/noticiasribeiraopreto.com.br\/wp-content\/uploads\/2024\/04\/mulher-ed105-eliana-1024x683.jpg?fit=1024%2C683&ssl=1&resize=700%2C400 2x"},"classes":[]}],"jetpack_sharing_enabled":true,"jetpack_shortlink":"https:\/\/wp.me\/peQAOb-14q","_links":{"self":[{"href":"https:\/\/noticiasribeiraopreto.com.br\/index.php\/wp-json\/wp\/v2\/posts\/4118","targetHints":{"allow":["GET"]}}],"collection":[{"href":"https:\/\/noticiasribeiraopreto.com.br\/index.php\/wp-json\/wp\/v2\/posts"}],"about":[{"href":"https:\/\/noticiasribeiraopreto.com.br\/index.php\/wp-json\/wp\/v2\/types\/post"}],"author":[{"embeddable":true,"href":"https:\/\/noticiasribeiraopreto.com.br\/index.php\/wp-json\/wp\/v2\/users\/1"}],"replies":[{"embeddable":true,"href":"https:\/\/noticiasribeiraopreto.com.br\/index.php\/wp-json\/wp\/v2\/comments?post=4118"}],"version-history":[{"count":0,"href":"https:\/\/noticiasribeiraopreto.com.br\/index.php\/wp-json\/wp\/v2\/posts\/4118\/revisions"}],"wp:featuredmedia":[{"embeddable":true,"href":"https:\/\/noticiasribeiraopreto.com.br\/index.php\/wp-json\/wp\/v2\/media\/4119"}],"wp:attachment":[{"href":"https:\/\/noticiasribeiraopreto.com.br\/index.php\/wp-json\/wp\/v2\/media?parent=4118"}],"wp:term":[{"taxonomy":"category","embeddable":true,"href":"https:\/\/noticiasribeiraopreto.com.br\/index.php\/wp-json\/wp\/v2\/categories?post=4118"},{"taxonomy":"post_tag","embeddable":true,"href":"https:\/\/noticiasribeiraopreto.com.br\/index.php\/wp-json\/wp\/v2\/tags?post=4118"}],"curies":[{"name":"wp","href":"https:\/\/api.w.org\/{rel}","templated":true}]}}