{"id":41181,"date":"2024-03-06T18:39:33","date_gmt":"2024-03-06T21:39:33","guid":{"rendered":"https:\/\/noticiasribeiraopreto.com.br\/index.php\/2024\/03\/06\/aviao-da-pf-cai-e-deixa-dois-mortos-em-belo-horizonte\/"},"modified":"2024-03-06T18:39:33","modified_gmt":"2024-03-06T21:39:33","slug":"aviao-da-pf-cai-e-deixa-dois-mortos-em-belo-horizonte","status":"publish","type":"post","link":"https:\/\/noticiasribeiraopreto.com.br\/index.php\/2024\/03\/06\/aviao-da-pf-cai-e-deixa-dois-mortos-em-belo-horizonte\/","title":{"rendered":"Avi\u00e3o da PF cai e deixa dois mortos em Belo Horizonte"},"content":{"rendered":"<div class='code-block code-block-1' style='margin: 8px 0 8px auto; text-align: right; display: block; clear: both;'>\n<p><a href=\"https:\/\/wa.link\/vpicfd\"><img data-recalc-dims=\"1\" class=\"wp-image-4922\" style=\"aspect-ratio: 2.0253164556962027; width: 561px; height: auto;\" src=\"https:\/\/i0.wp.com\/ismaelcolosi.com.br\/wp-content\/uploads\/2023\/11\/grupo-de-empregos-whatsapp-e-facebook-ismael-colosi-vagas.jpg?ssl=1\" alt=\"\" \/><\/a><\/p>\n<!-- \/wp:image -->\n<\/div>\n<p> <br \/>\n<\/p>\n<div id=\"\">\n<p> <span class=\"entry-meta-item penci-posted-on\"><i class=\"fa fa-clock-o\"\/><time class=\"entry-date published updated\" datetime=\"2024-03-06T18:05:04-03:00\">6 de mar\u00e7o de 2024 | 18:05<\/time><\/span><\/p>\n<p> <span class=\"penci-social-buttons penci-social-share-footer\"><a href=\"#\" class=\"penci-post-like penci_post-meta_item  single-like-button penci-social-item like\" data-post_id=\"376444\" title=\"Like\" data-like=\"Like\" data-unlike=\"Unlike\"><i class=\"fa fa-thumbs-o-up\"\/><span class=\"penci-share-number\">0<\/span><\/a><i class=\"fa fa-facebook\"\/><a class=\"penci-social-item twitter\" target=\"_blank\" rel=\"noopener\" title=\"\" href=\"https:\/\/twitter.com\/intent\/tweet?text=Avi\u00e3o%20da%20PF%20cai%20e%20deixa%20dois%20mortos%20em%20Belo%20Horizonte%20-%20https:\/\/www.tribunaribeirao.com.br\/site\/aviao-da-pf-cai-e-deixa-dois-mortos-em-belo-horizonte\/\"><i class=\"fa fa-twitter\"\/><\/a><i class=\"fa fa-whatsapp\"\/><\/span><\/div>\n<div>\n<p>Um avi\u00e3o monomotor caiu pr\u00f3ximo ao Aeroporto da Pampulha, em Belo Horizonte, na tarde desta quarta-feira (6). Segundo dados do Registro Aeron\u00e1utico Brasileiro, a aeronave, um Cessna 208B prefixo PR-AAB, fabricada\u00a0em 2001, pertence \u00e0 Pol\u00edcia Federal (PF).<noscript><img data-recalc-dims=\"1\" decoding=\"async\" src=\"https:\/\/i0.wp.com\/agenciabrasil.ebc.com.br\/ebc.png?ssl=1\"\/><\/noscript><img data-recalc-dims=\"1\" decoding=\"async\" src=\"https:\/\/i0.wp.com\/agenciabrasil.ebc.com.br\/ebc.gif?ssl=1\" class=\"lazyload\"\/><noscript><img data-recalc-dims=\"1\" decoding=\"async\" src=\"https:\/\/i0.wp.com\/agenciabrasil.ebc.com.br\/ebc.gif?ssl=1\"\/><\/noscript><\/p>\n<p>De acordo com o Corpo de Bombeiros de Minas Gerais, tr\u00eas pessoas estavam a bordo do avi\u00e3o. Duas delas morreram carbonizadas. A terceira v\u00edtima, um homem, foi socorrida e conduzida para o Hospital Jo\u00e3o XXIII, da capital mineira.<\/p>\n<p>Ainda segundo os bombeiros, as duas pessoas que morreram eram agentes da PF. A corpora\u00e7\u00e3o\u00a0ainda n\u00e3o se pronunciou sobre o acidente.<\/p>\n<p>V\u00eddeos compartilhados nas redes sociais indicam que o avi\u00e3o caiu logo ap\u00f3s ter decolado do Aeroporto da Pampulha. Com o choque, a aeronave pegou fogo. Os bombeiros j\u00e1 conseguiram apagar as chamas.<\/p>\n<p>De acordo com a CCR, que administra os servi\u00e7os aeroportu\u00e1rios em Pampulha, as opera\u00e7\u00f5es de pouso e decolagem n\u00e3o foram interrompidas, pois, embora a aeronave tenha ca\u00eddo dentro da \u00e1rea do aeroporto, atingiu um ponto distante da pista.<\/p>\n<p>\u201cO Aeroporto da Pampulha informa que os bombeiros est\u00e3o empenhados no cumprimento dos protocolos de seguran\u00e7a e atendimento ap\u00f3s ocorr\u00eancia com aeronave modelo Cessna 208B na tarde desta quarta-feira (6)\u201d, informou a assessoria da empresa, em nota.<\/p>\n<p>Em\u00a0publica\u00e7\u00e3o na rede social X (antigo Twitter), o\u00a0presidente\u00a0Luiz In\u00e1cio Lula da Silva\u00a0lamentou as mortes dos dois agentes da PF, identificando-os pelos nomes.<\/p>\n<p>\u201cCom grande pesar, soube do acidente envolvendo avi\u00e3o da Pol\u00edcia Federal em Belo Horizonte e do falecimento de dois agentes, Guilherme de Almeida Irber e Jos\u00e9 Moraes Neto, que estavam a bordo. Meus sentimentos aos familiares, amigos e companheiros de trabalho da Pol\u00edcia Federal pela perda\u201d, escreveu Lula em sua conta pessoal no X.<\/p>\n<\/div>\n<p><script async src=\"\/\/platform.twitter.com\/widgets.js\" charset=\"utf-8\"><\/script><br \/>\n<br \/><br \/>\n<br \/><a href=\"https:\/\/www.tribunaribeirao.com.br\/site\/aviao-da-pf-cai-e-deixa-dois-mortos-em-belo-horizonte\/\">Source link <\/a><\/p>\n<!-- CONTENT END 1 -->\n","protected":false},"excerpt":{"rendered":"<p>6 de mar\u00e7o de 2024 | 18:05 0 Um avi\u00e3o monomotor caiu pr\u00f3ximo ao Aeroporto da Pampulha, em Belo Horizonte, na tarde desta quarta-feira (6)&#8230;.<\/p>\n","protected":false},"author":1,"featured_media":41182,"comment_status":"open","ping_status":"open","sticky":false,"template":"","format":"standard","meta":{"advanced_seo_description":"","jetpack_seo_html_title":"","jetpack_seo_noindex":false,"jetpack_post_was_ever_published":false,"_jetpack_newsletter_access":"","_jetpack_dont_email_post_to_subs":false,"_jetpack_newsletter_tier_id":0,"_jetpack_memberships_contains_paywalled_content":false,"_jetpack_memberships_contains_paid_content":false,"footnotes":"","jetpack_publicize_message":"","jetpack_publicize_feature_enabled":true,"jetpack_social_post_already_shared":true,"jetpack_social_options":{"image_generator_settings":{"template":"highway","default_image_id":0,"font":"","enabled":false},"version":2}},"categories":[11],"tags":[2589,4808,634,77,618,4809,222],"class_list":["post-41181","post","type-post","status-publish","format-standard","has-post-thumbnail","hentry","category-noticias-de-ribeirao-preto-sp-e-regiao-ismael-colosi","tag-aviao","tag-belo","tag-cai","tag-deixa","tag-dois","tag-horizonte","tag-mortos"],"jetpack_publicize_connections":[],"jetpack_featured_media_url":"https:\/\/i0.wp.com\/noticiasribeiraopreto.com.br\/wp-content\/uploads\/2024\/03\/d59f994c-dab9-476c-8703-6750f6206e5f-scaled.jpg?fit=1000%2C598&ssl=1","jetpack-related-posts":[{"id":33208,"url":"https:\/\/noticiasribeiraopreto.com.br\/index.php\/2024\/01\/28\/aviao-se-desintegra-no-ar-em-cai-no-sul-de-minas\/","url_meta":{"origin":41181,"position":0},"title":"Avi\u00e3o se desintegra no ar em cai no Sul de Minas","author":"noticiasribeiraopreto.com.br","date":"28 de January de 2024","format":false,"excerpt":"28 de janeiro de 2024 | 15:12 0Uma aeronave caiu no Bairro Monjolinho, uma \u00e1rea rural de Itapeva, Sul de Minas, na manh\u00e3 deste domingo (28). O Corpo de Bombeiros relatou que cinco indiv\u00edduos perderam a vida e outros dois, incluindo uma crian\u00e7a, est\u00e3o desaparecidos.O acidente ocorreu por volta das\u2026","rel":"","context":"In &quot;Not\u00edcias de Ribeir\u00e3o Preto-SP e Regi\u00e3o&quot;","block_context":{"text":"Not\u00edcias de Ribeir\u00e3o Preto-SP e Regi\u00e3o","link":"https:\/\/noticiasribeiraopreto.com.br\/index.php\/category\/noticias-de-ribeirao-preto-sp-e-regiao-ismael-colosi\/"},"img":{"alt_text":"","src":"https:\/\/i0.wp.com\/noticiasribeiraopreto.com.br\/wp-content\/uploads\/2024\/01\/aviaoqueda.jpg?fit=730%2C425&ssl=1&resize=350%2C200","width":350,"height":200,"srcset":"https:\/\/i0.wp.com\/noticiasribeiraopreto.com.br\/wp-content\/uploads\/2024\/01\/aviaoqueda.jpg?fit=730%2C425&ssl=1&resize=350%2C200 1x, https:\/\/i0.wp.com\/noticiasribeiraopreto.com.br\/wp-content\/uploads\/2024\/01\/aviaoqueda.jpg?fit=730%2C425&ssl=1&resize=525%2C300 1.5x, https:\/\/i0.wp.com\/noticiasribeiraopreto.com.br\/wp-content\/uploads\/2024\/01\/aviaoqueda.jpg?fit=730%2C425&ssl=1&resize=700%2C400 2x"},"classes":[]},{"id":66144,"url":"https:\/\/noticiasribeiraopreto.com.br\/index.php\/2025\/03\/28\/aviao-cai-em-area-rural-e-deixa-ao-menos-um-morto-no-interior-de-sp\/","url_meta":{"origin":41181,"position":1},"title":"Avi\u00e3o cai em \u00e1rea rural e deixa ao menos um morto no interior de SP","author":"noticiasribeiraopreto.com.br","date":"28 de March de 2025","format":false,"excerpt":"Um avi\u00e3o de pequeno porte caiu nesta sexta-feira (28), em uma \u00e1rea rural no interior de S\u00e3o Paulo, entre os munic\u00edpios de Gua\u00edra e Miguel\u00f3polis, na regi\u00e3o de Ribeir\u00e3o Preto. Segundo informa\u00e7\u00f5es iniciais, ao menos uma pessoa morreu. A v\u00edtima seria o piloto da aeronave. Equipes do Samu e Corpo\u2026","rel":"","context":"In &quot;Not\u00edcias de Ribeir\u00e3o Preto-SP e Regi\u00e3o&quot;","block_context":{"text":"Not\u00edcias de Ribeir\u00e3o Preto-SP e Regi\u00e3o","link":"https:\/\/noticiasribeiraopreto.com.br\/index.php\/category\/noticias-de-ribeirao-preto-sp-e-regiao-ismael-colosi\/"},"img":{"alt_text":"","src":"https:\/\/i0.wp.com\/noticiasribeiraopreto.com.br\/wp-content\/uploads\/2025\/03\/WhatsApp-Image-2025-03-28-at-09.28.44_2025-03-28_12-38-14_jpeg_2025-03-28_12-38-14.webp.webp?fit=1200%2C675&ssl=1&resize=350%2C200","width":350,"height":200,"srcset":"https:\/\/i0.wp.com\/noticiasribeiraopreto.com.br\/wp-content\/uploads\/2025\/03\/WhatsApp-Image-2025-03-28-at-09.28.44_2025-03-28_12-38-14_jpeg_2025-03-28_12-38-14.webp.webp?fit=1200%2C675&ssl=1&resize=350%2C200 1x, https:\/\/i0.wp.com\/noticiasribeiraopreto.com.br\/wp-content\/uploads\/2025\/03\/WhatsApp-Image-2025-03-28-at-09.28.44_2025-03-28_12-38-14_jpeg_2025-03-28_12-38-14.webp.webp?fit=1200%2C675&ssl=1&resize=525%2C300 1.5x, https:\/\/i0.wp.com\/noticiasribeiraopreto.com.br\/wp-content\/uploads\/2025\/03\/WhatsApp-Image-2025-03-28-at-09.28.44_2025-03-28_12-38-14_jpeg_2025-03-28_12-38-14.webp.webp?fit=1200%2C675&ssl=1&resize=700%2C400 2x, https:\/\/i0.wp.com\/noticiasribeiraopreto.com.br\/wp-content\/uploads\/2025\/03\/WhatsApp-Image-2025-03-28-at-09.28.44_2025-03-28_12-38-14_jpeg_2025-03-28_12-38-14.webp.webp?fit=1200%2C675&ssl=1&resize=1050%2C600 3x"},"classes":[]},{"id":20010,"url":"https:\/\/noticiasribeiraopreto.com.br\/index.php\/2023\/12\/23\/queda-de-aviao-deixa-cinco-mortos-em-jaboticabal\/","url_meta":{"origin":41181,"position":2},"title":"Queda de avi\u00e3o deixa cinco mortos em Jaboticabal","author":"noticiasribeiraopreto.com.br","date":"23 de December de 2023","format":false,"excerpt":"23 de dezembro de 2023 | 12:5223 de dezembro de 2023 | 13:19 1Uma aeronave de pequeno porte caiu na manh\u00e3 deste s\u00e1bado (23), em uma pra\u00e7a de Jaboticabal.Informa\u00e7\u00f5es confirmam que piloto do avi\u00e3o era o empres\u00e1rio Delcides Menezes Tiago e confirma mais quatro ocupantes, entre elas uma crian\u00e7a.Thiago estava\u2026","rel":"","context":"In &quot;Not\u00edcias de Ribeir\u00e3o Preto-SP e Regi\u00e3o&quot;","block_context":{"text":"Not\u00edcias de Ribeir\u00e3o Preto-SP e Regi\u00e3o","link":"https:\/\/noticiasribeiraopreto.com.br\/index.php\/category\/noticias-de-ribeirao-preto-sp-e-regiao-ismael-colosi\/"},"img":{"alt_text":"","src":"https:\/\/i0.wp.com\/noticiasribeiraopreto.com.br\/wp-content\/uploads\/2023\/12\/be93e0cc-5450-4555-853b-5271d2c39a09.jpg?fit=774%2C533&ssl=1&resize=350%2C200","width":350,"height":200,"srcset":"https:\/\/i0.wp.com\/noticiasribeiraopreto.com.br\/wp-content\/uploads\/2023\/12\/be93e0cc-5450-4555-853b-5271d2c39a09.jpg?fit=774%2C533&ssl=1&resize=350%2C200 1x, https:\/\/i0.wp.com\/noticiasribeiraopreto.com.br\/wp-content\/uploads\/2023\/12\/be93e0cc-5450-4555-853b-5271d2c39a09.jpg?fit=774%2C533&ssl=1&resize=525%2C300 1.5x, https:\/\/i0.wp.com\/noticiasribeiraopreto.com.br\/wp-content\/uploads\/2023\/12\/be93e0cc-5450-4555-853b-5271d2c39a09.jpg?fit=774%2C533&ssl=1&resize=700%2C400 2x"},"classes":[]},{"id":19875,"url":"https:\/\/noticiasribeiraopreto.com.br\/index.php\/2023\/12\/23\/aviao-cai-em-praca-de-sp-e-deixa-5-vitimas-fatais-uma-delas-era-empresario-conhecido\/","url_meta":{"origin":41181,"position":3},"title":"Avi\u00e3o cai em pra\u00e7a de SP e deixa 5 v\u00edtimas fatais; uma delas era empres\u00e1rio conhecido","author":"noticiasribeiraopreto.com.br","date":"23 de December de 2023","format":false,"excerpt":"Um avi\u00e3o de pequeno porte caiu na manh\u00e3 deste s\u00e1bado (23\/12) e deixou v\u00e1rias v\u00edtimas. O monomotor despencou em cima da Pra\u00e7a das Jaboticabeiras, que fica situada no bairro Jardim Universit\u00e1rio, em Jaboticabal, no interior de S\u00e3o Paulo.Uma das v\u00edtimas da trag\u00e9dia foi o empres\u00e1rio Delcides Menezes Tiago, que era\u2026","rel":"","context":"In &quot;Blog&quot;","block_context":{"text":"Blog","link":"https:\/\/noticiasribeiraopreto.com.br\/index.php\/category\/blog\/"},"img":{"alt_text":"","src":"https:\/\/i0.wp.com\/noticiasribeiraopreto.com.br\/wp-content\/uploads\/2023\/12\/postimg-6587176b535d75024.jpg?fit=1200%2C628&ssl=1&resize=350%2C200","width":350,"height":200,"srcset":"https:\/\/i0.wp.com\/noticiasribeiraopreto.com.br\/wp-content\/uploads\/2023\/12\/postimg-6587176b535d75024.jpg?fit=1200%2C628&ssl=1&resize=350%2C200 1x, https:\/\/i0.wp.com\/noticiasribeiraopreto.com.br\/wp-content\/uploads\/2023\/12\/postimg-6587176b535d75024.jpg?fit=1200%2C628&ssl=1&resize=525%2C300 1.5x, https:\/\/i0.wp.com\/noticiasribeiraopreto.com.br\/wp-content\/uploads\/2023\/12\/postimg-6587176b535d75024.jpg?fit=1200%2C628&ssl=1&resize=700%2C400 2x, https:\/\/i0.wp.com\/noticiasribeiraopreto.com.br\/wp-content\/uploads\/2023\/12\/postimg-6587176b535d75024.jpg?fit=1200%2C628&ssl=1&resize=1050%2C600 3x"},"classes":[]},{"id":59465,"url":"https:\/\/noticiasribeiraopreto.com.br\/index.php\/2024\/10\/24\/cinco-pessoas-morrem-em-queda-de-aviao-no-interior-de-sp\/","url_meta":{"origin":41181,"position":4},"title":"Cinco pessoas morrem em queda de avi\u00e3o no interior de SP","author":"noticiasribeiraopreto.com.br","date":"24 de October de 2024","format":false,"excerpt":"Cinco pessoas morreram na queda de um avi\u00e3o de pequeno porte na noite da \u00faltima quarta-feira (23), em Paraibuna, no interior de S\u00e3o Paulo. Segundo o Corpo de Bombeiros, a aeronave sobrevoava a regi\u00e3o em um per\u00edodo de forte tempestade e teria se chocado contra um morro e pegado fogo\u2026","rel":"","context":"In &quot;Not\u00edcias de Ribeir\u00e3o Preto-SP e Regi\u00e3o&quot;","block_context":{"text":"Not\u00edcias de Ribeir\u00e3o Preto-SP e Regi\u00e3o","link":"https:\/\/noticiasribeiraopreto.com.br\/index.php\/category\/noticias-de-ribeirao-preto-sp-e-regiao-ismael-colosi\/"},"img":{"alt_text":"","src":"https:\/\/i0.wp.com\/noticiasribeiraopreto.com.br\/wp-content\/uploads\/2024\/10\/represa-paraibuna.jpeg?fit=1200%2C539&ssl=1&resize=350%2C200","width":350,"height":200,"srcset":"https:\/\/i0.wp.com\/noticiasribeiraopreto.com.br\/wp-content\/uploads\/2024\/10\/represa-paraibuna.jpeg?fit=1200%2C539&ssl=1&resize=350%2C200 1x, https:\/\/i0.wp.com\/noticiasribeiraopreto.com.br\/wp-content\/uploads\/2024\/10\/represa-paraibuna.jpeg?fit=1200%2C539&ssl=1&resize=525%2C300 1.5x, https:\/\/i0.wp.com\/noticiasribeiraopreto.com.br\/wp-content\/uploads\/2024\/10\/represa-paraibuna.jpeg?fit=1200%2C539&ssl=1&resize=700%2C400 2x, https:\/\/i0.wp.com\/noticiasribeiraopreto.com.br\/wp-content\/uploads\/2024\/10\/represa-paraibuna.jpeg?fit=1200%2C539&ssl=1&resize=1050%2C600 3x"},"classes":[]},{"id":62749,"url":"https:\/\/noticiasribeiraopreto.com.br\/index.php\/2025\/01\/23\/piloto-morto-em-queda-de-aviao-em-minas-sera-sepultado-na-regiao-de-ribeirao-preto\/","url_meta":{"origin":41181,"position":5},"title":"Piloto morto em queda de avi\u00e3o em Minas ser\u00e1 sepultado na regi\u00e3o de Ribeir\u00e3o Preto","author":"noticiasribeiraopreto.com.br","date":"23 de January de 2025","format":false,"excerpt":"O piloto Walter Lu\u00eds Nicolielo Junior, de 48 anos, que morreu na queda de um avi\u00e3o agr\u00edcola, em Minas Gerais, ser\u00e1 sepultado em Monte Alto, cidade a aproximadamente 80 quil\u00f4metros de Ribeir\u00e3o Preto, no interior de S\u00e3o Paulo. A queda da aeronave ocorreu na tarde desta quarta-feira (22), na zona\u2026","rel":"","context":"In &quot;Not\u00edcias de Ribeir\u00e3o Preto-SP e Regi\u00e3o&quot;","block_context":{"text":"Not\u00edcias de Ribeir\u00e3o Preto-SP e Regi\u00e3o","link":"https:\/\/noticiasribeiraopreto.com.br\/index.php\/category\/noticias-de-ribeirao-preto-sp-e-regiao-ismael-colosi\/"},"img":{"alt_text":"","src":"https:\/\/i0.wp.com\/noticiasribeiraopreto.com.br\/wp-content\/uploads\/2025\/01\/WhatsApp-Image-2025-01-23-at-11.54.58_2025-01-23_15-01-04_jpeg_2025-01-23_15-01-04.webp.webp?fit=1200%2C675&ssl=1&resize=350%2C200","width":350,"height":200,"srcset":"https:\/\/i0.wp.com\/noticiasribeiraopreto.com.br\/wp-content\/uploads\/2025\/01\/WhatsApp-Image-2025-01-23-at-11.54.58_2025-01-23_15-01-04_jpeg_2025-01-23_15-01-04.webp.webp?fit=1200%2C675&ssl=1&resize=350%2C200 1x, https:\/\/i0.wp.com\/noticiasribeiraopreto.com.br\/wp-content\/uploads\/2025\/01\/WhatsApp-Image-2025-01-23-at-11.54.58_2025-01-23_15-01-04_jpeg_2025-01-23_15-01-04.webp.webp?fit=1200%2C675&ssl=1&resize=525%2C300 1.5x, https:\/\/i0.wp.com\/noticiasribeiraopreto.com.br\/wp-content\/uploads\/2025\/01\/WhatsApp-Image-2025-01-23-at-11.54.58_2025-01-23_15-01-04_jpeg_2025-01-23_15-01-04.webp.webp?fit=1200%2C675&ssl=1&resize=700%2C400 2x, https:\/\/i0.wp.com\/noticiasribeiraopreto.com.br\/wp-content\/uploads\/2025\/01\/WhatsApp-Image-2025-01-23-at-11.54.58_2025-01-23_15-01-04_jpeg_2025-01-23_15-01-04.webp.webp?fit=1200%2C675&ssl=1&resize=1050%2C600 3x"},"classes":[]}],"jetpack_sharing_enabled":true,"jetpack_shortlink":"https:\/\/wp.me\/peQAOb-aId","_links":{"self":[{"href":"https:\/\/noticiasribeiraopreto.com.br\/index.php\/wp-json\/wp\/v2\/posts\/41181","targetHints":{"allow":["GET"]}}],"collection":[{"href":"https:\/\/noticiasribeiraopreto.com.br\/index.php\/wp-json\/wp\/v2\/posts"}],"about":[{"href":"https:\/\/noticiasribeiraopreto.com.br\/index.php\/wp-json\/wp\/v2\/types\/post"}],"author":[{"embeddable":true,"href":"https:\/\/noticiasribeiraopreto.com.br\/index.php\/wp-json\/wp\/v2\/users\/1"}],"replies":[{"embeddable":true,"href":"https:\/\/noticiasribeiraopreto.com.br\/index.php\/wp-json\/wp\/v2\/comments?post=41181"}],"version-history":[{"count":0,"href":"https:\/\/noticiasribeiraopreto.com.br\/index.php\/wp-json\/wp\/v2\/posts\/41181\/revisions"}],"wp:featuredmedia":[{"embeddable":true,"href":"https:\/\/noticiasribeiraopreto.com.br\/index.php\/wp-json\/wp\/v2\/media\/41182"}],"wp:attachment":[{"href":"https:\/\/noticiasribeiraopreto.com.br\/index.php\/wp-json\/wp\/v2\/media?parent=41181"}],"wp:term":[{"taxonomy":"category","embeddable":true,"href":"https:\/\/noticiasribeiraopreto.com.br\/index.php\/wp-json\/wp\/v2\/categories?post=41181"},{"taxonomy":"post_tag","embeddable":true,"href":"https:\/\/noticiasribeiraopreto.com.br\/index.php\/wp-json\/wp\/v2\/tags?post=41181"}],"curies":[{"name":"wp","href":"https:\/\/api.w.org\/{rel}","templated":true}]}}