{"id":41193,"date":"2024-03-06T19:40:21","date_gmt":"2024-03-06T22:40:21","guid":{"rendered":"https:\/\/noticiasribeiraopreto.com.br\/index.php\/2024\/03\/06\/homem-e-preso-na-regiao-apos-ameacar-mulher-com-faca\/"},"modified":"2024-03-06T19:40:21","modified_gmt":"2024-03-06T22:40:21","slug":"homem-e-preso-na-regiao-apos-ameacar-mulher-com-faca","status":"publish","type":"post","link":"https:\/\/noticiasribeiraopreto.com.br\/index.php\/2024\/03\/06\/homem-e-preso-na-regiao-apos-ameacar-mulher-com-faca\/","title":{"rendered":"Homem \u00e9 preso na regi\u00e3o ap\u00f3s amea\u00e7ar mulher com faca"},"content":{"rendered":"<div class='code-block code-block-1' style='margin: 8px 0 8px auto; text-align: right; display: block; clear: both;'>\n<p><a href=\"https:\/\/wa.link\/vpicfd\"><img data-recalc-dims=\"1\" class=\"wp-image-4922\" style=\"aspect-ratio: 2.0253164556962027; width: 561px; height: auto;\" src=\"https:\/\/i0.wp.com\/ismaelcolosi.com.br\/wp-content\/uploads\/2023\/11\/grupo-de-empregos-whatsapp-e-facebook-ismael-colosi-vagas.jpg?ssl=1\" alt=\"\" \/><\/a><\/p>\n<!-- \/wp:image -->\n<\/div>\n<p> <br \/>\n<\/p>\n<div id=\"post-376415\">\n<header class=\"entry-header penci-entry-header penci-title-center\">\n<h2 class=\"penci-post-subtitle\">V\u00edtima teria registrado boletim de ocorr\u00eancia horas antes por amea\u00e7a a sua filha<\/h2>\n<p> <span class=\"entry-meta-item penci-posted-on\"><i class=\"fa fa-clock-o\"\/><time class=\"entry-date published updated\" datetime=\"2024-03-06T16:34:08-03:00\">6 de mar\u00e7o de 2024 | 16:34<\/time><\/span><\/p>\n<p> <span class=\"penci-social-buttons penci-social-share-footer\"><a href=\"#\" class=\"penci-post-like penci_post-meta_item  single-like-button penci-social-item like\" data-post_id=\"376415\" title=\"Like\" data-like=\"Like\" data-unlike=\"Unlike\"><i class=\"fa fa-thumbs-o-up\"\/><span class=\"penci-share-number\">2<\/span><\/a><i class=\"fa fa-facebook\"\/><a class=\"penci-social-item twitter\" target=\"_blank\" rel=\"noopener\" title=\"\" href=\"https:\/\/twitter.com\/intent\/tweet?text=Homem%20\u00e9%20preso%20na%20regi\u00e3o%20ap\u00f3s%20amea\u00e7ar%20mulher%20com%20faca%20-%20https:\/\/www.tribunaribeirao.com.br\/site\/homem-e-preso-na-regiao-apos-ameacar-mulher-com-faca\/\"><i class=\"fa fa-twitter\"\/><\/a><i class=\"fa fa-whatsapp\"\/><\/span><\/header>\n<div class=\"penci-entry-content entry-content\">\n<p>Por: Adalberto Luque<\/p>\n<p>Um homem foi preso, na tarde desta ter\u00e7a-feira (05), ap\u00f3s amea\u00e7ar esfaquear uma mulher. O fato ocorreu na cidade de Cravinhos, horas depois que a mulher registrou um boletim de ocorr\u00eancia contra ele por ama\u00e7a a sua filha.<\/p>\n<p>Segundo informa\u00e7\u00f5es, a mulher teria ido at\u00e9 a Delegacia de Cravinhos no per\u00edodo da manh\u00e3 para registrar a amea\u00e7a feita pelo homem \u00e0 sua filha. Ela teria sido orientada pelo policial que a atendeu a manter contato caso ocorresse qualquer problema.<\/p>\n<p>No per\u00edodo da tarde ela ligou para o setor de investiga\u00e7\u00f5es da Delegacia de Cravinhos informando, em tom de desespero, que havia sido agredida fisicamente e que o agressor seria o homem que ela tinha denunciado pouco antes. Relatou que ele estaria armado com uma faca, amea\u00e7ando mat\u00e1-la.<\/p>\n<p>Os policiais civis foram at\u00e9 o local e conseguiram deter o agressor. O homem acabou sendo levado para a delegacia, onde foi preso em flagrante. Ele foi encaminhado para uma unidade prisional, permanecendo \u00e0 disposi\u00e7\u00e3o da Justi\u00e7a. A v\u00edtima n\u00e3o teve ferimentos graves.<\/p>\n<\/div>\n<footer class=\"penci-entry-footer\"\/><\/div>\n<p><script async src=\"\/\/platform.twitter.com\/widgets.js\" charset=\"utf-8\"><\/script><br \/>\n<br \/><br \/>\n<br \/><a href=\"https:\/\/www.tribunaribeirao.com.br\/site\/homem-e-preso-na-regiao-apos-ameacar-mulher-com-faca\/\">Source link <\/a><\/p>\n<!-- CONTENT END 1 -->\n","protected":false},"excerpt":{"rendered":"<p>V\u00edtima teria registrado boletim de ocorr\u00eancia horas antes por amea\u00e7a a sua filha 6 de mar\u00e7o de 2024 | 16:34 2 Por: Adalberto Luque Um&#8230;<\/p>\n","protected":false},"author":1,"featured_media":41194,"comment_status":"open","ping_status":"open","sticky":false,"template":"","format":"standard","meta":{"advanced_seo_description":"","jetpack_seo_html_title":"","jetpack_seo_noindex":false,"jetpack_post_was_ever_published":false,"_jetpack_newsletter_access":"","_jetpack_dont_email_post_to_subs":false,"_jetpack_newsletter_tier_id":0,"_jetpack_memberships_contains_paywalled_content":false,"_jetpack_memberships_contains_paid_content":false,"footnotes":"","jetpack_publicize_message":"","jetpack_publicize_feature_enabled":true,"jetpack_social_post_already_shared":true,"jetpack_social_options":{"image_generator_settings":{"template":"highway","default_image_id":0,"font":"","enabled":false},"version":2}},"categories":[11],"tags":[1791,37,4810,59,325,36,277],"class_list":["post-41193","post","type-post","status-publish","format-standard","has-post-thumbnail","hentry","category-noticias-de-ribeirao-preto-sp-e-regiao-ismael-colosi","tag-ameacar","tag-apos","tag-faca","tag-homem","tag-mulher","tag-preso","tag-regiao"],"jetpack_publicize_connections":[],"jetpack_featured_media_url":"https:\/\/i0.wp.com\/noticiasribeiraopreto.com.br\/wp-content\/uploads\/2024\/03\/00-06-fev-2024-maria-da-penha-cravinhos-foto-policia-civil-scaled.jpg?fit=1000%2C563&ssl=1","jetpack-related-posts":[{"id":81161,"url":"https:\/\/noticiasribeiraopreto.com.br\/index.php\/2025\/12\/26\/beneficiario-da-saidinha-e-preso-por-ameacar-a-companheira-na-regiao-de-ribeirao-preto\/","url_meta":{"origin":41193,"position":0},"title":"Benefici\u00e1rio da &#8216;saidinha&#8217; \u00e9 preso por amea\u00e7ar a companheira na regi\u00e3o de Ribeir\u00e3o Preto","author":"noticiasribeiraopreto.com.br","date":"26 de December de 2025","format":false,"excerpt":"Um homem de 43 anos que havia sido beneficiado pela \u201csaidinha\u201d foi preso em flagrante por viol\u00eancia dom\u00e9stica em Pirangi cidade a cerca de 108 quil\u00f4metros de dist\u00e2ncia de Ribeir\u00e3o Preto, nesta quarta-feira (24). De acordo com a Pol\u00edcia Civil, o suspeito teria amea\u00e7ado a companheira para conseguir dinheiro, que,\u2026","rel":"","context":"In &quot;Not\u00edcias de Ribeir\u00e3o Preto-SP e Regi\u00e3o&quot;","block_context":{"text":"Not\u00edcias de Ribeir\u00e3o Preto-SP e Regi\u00e3o","link":"https:\/\/noticiasribeiraopreto.com.br\/index.php\/category\/noticias-de-ribeirao-preto-sp-e-regiao-ismael-colosi\/"},"img":{"alt_text":"","src":"https:\/\/i0.wp.com\/noticiasribeiraopreto.com.br\/wp-content\/uploads\/2025\/12\/POLICIA-CIVIL_2025-10-24_09-40-54-1024x713.webp.webp?fit=1024%2C713&ssl=1&resize=350%2C200","width":350,"height":200,"srcset":"https:\/\/i0.wp.com\/noticiasribeiraopreto.com.br\/wp-content\/uploads\/2025\/12\/POLICIA-CIVIL_2025-10-24_09-40-54-1024x713.webp.webp?fit=1024%2C713&ssl=1&resize=350%2C200 1x, https:\/\/i0.wp.com\/noticiasribeiraopreto.com.br\/wp-content\/uploads\/2025\/12\/POLICIA-CIVIL_2025-10-24_09-40-54-1024x713.webp.webp?fit=1024%2C713&ssl=1&resize=525%2C300 1.5x, https:\/\/i0.wp.com\/noticiasribeiraopreto.com.br\/wp-content\/uploads\/2025\/12\/POLICIA-CIVIL_2025-10-24_09-40-54-1024x713.webp.webp?fit=1024%2C713&ssl=1&resize=700%2C400 2x"},"classes":[]},{"id":53913,"url":"https:\/\/noticiasribeiraopreto.com.br\/index.php\/2024\/06\/26\/empresario-e-preso-acusado-de-agredir-e-ameacar-a-mulher-na-regiao-de-ribeirao-preto\/","url_meta":{"origin":41193,"position":1},"title":"Empres\u00e1rio \u00e9 preso acusado de agredir e amea\u00e7ar a mulher na regi\u00e3o de Ribeir\u00e3o Preto","author":"noticiasribeiraopreto.com.br","date":"26 de June de 2024","format":false,"excerpt":"Um empres\u00e1rio, de 43 anos, foi preso ap\u00f3s ser denunciado por viol\u00eancia dom\u00e9stica na noite desta segunda-feira (24), em Monte Alto, cidade na regi\u00e3o de Ribeir\u00e3o Preto. De acordo com o boletim de ocorr\u00eancia (BO), equipes da Pol\u00edcia Militar (PM) foram acionadas pela esposa do acusado, ap\u00f3s uma discuss\u00e3o entre\u2026","rel":"","context":"In &quot;Not\u00edcias de Ribeir\u00e3o Preto-SP e Regi\u00e3o&quot;","block_context":{"text":"Not\u00edcias de Ribeir\u00e3o Preto-SP e Regi\u00e3o","link":"https:\/\/noticiasribeiraopreto.com.br\/index.php\/category\/noticias-de-ribeirao-preto-sp-e-regiao-ismael-colosi\/"},"img":{"alt_text":"","src":"https:\/\/i0.wp.com\/noticiasribeiraopreto.com.br\/wp-content\/uploads\/2024\/06\/WhatsApp-Image-2023-12-23-at-12.01.31.jpeg?fit=480%2C245&ssl=1&resize=350%2C200","width":350,"height":200},"classes":[]},{"id":79962,"url":"https:\/\/noticiasribeiraopreto.com.br\/index.php\/2025\/11\/11\/homem-tenta-invadir-casa-de-ex-cunhada-e-e-morto-apos-ameacar-policiais-video\/","url_meta":{"origin":41193,"position":2},"title":"Homem tenta invadir casa de ex-cunhada e \u00e9 morto ap\u00f3s amea\u00e7ar policiais; V\u00eddeo","author":"noticiasribeiraopreto.com.br","date":"11 de November de 2025","format":false,"excerpt":"Um homem de 40 anos morreu baleado pela Pol\u00edcia Militar ap\u00f3s partir para cima dos agentes com uma faca, na manh\u00e3 desta ter\u00e7a-feira (11) em Cristais Paulista, no interior de S\u00e3o Paulo. De acordo com a pol\u00edcia, ele estava em surto e amea\u00e7ava matar a ex-mulher \u2013 veja o v\u00eddeo\u2026","rel":"","context":"In &quot;Not\u00edcias de Ribeir\u00e3o Preto-SP e Regi\u00e3o&quot;","block_context":{"text":"Not\u00edcias de Ribeir\u00e3o Preto-SP e Regi\u00e3o","link":"https:\/\/noticiasribeiraopreto.com.br\/index.php\/category\/noticias-de-ribeirao-preto-sp-e-regiao-ismael-colosi\/"},"img":{"alt_text":"","src":"https:\/\/i0.wp.com\/noticiasribeiraopreto.com.br\/wp-content\/uploads\/2025\/11\/INVASAO_2025-11-11_20-39-03.webp.webp?fit=1200%2C734&ssl=1&resize=350%2C200","width":350,"height":200,"srcset":"https:\/\/i0.wp.com\/noticiasribeiraopreto.com.br\/wp-content\/uploads\/2025\/11\/INVASAO_2025-11-11_20-39-03.webp.webp?fit=1200%2C734&ssl=1&resize=350%2C200 1x, https:\/\/i0.wp.com\/noticiasribeiraopreto.com.br\/wp-content\/uploads\/2025\/11\/INVASAO_2025-11-11_20-39-03.webp.webp?fit=1200%2C734&ssl=1&resize=525%2C300 1.5x, https:\/\/i0.wp.com\/noticiasribeiraopreto.com.br\/wp-content\/uploads\/2025\/11\/INVASAO_2025-11-11_20-39-03.webp.webp?fit=1200%2C734&ssl=1&resize=700%2C400 2x, https:\/\/i0.wp.com\/noticiasribeiraopreto.com.br\/wp-content\/uploads\/2025\/11\/INVASAO_2025-11-11_20-39-03.webp.webp?fit=1200%2C734&ssl=1&resize=1050%2C600 3x"},"classes":[]},{"id":65006,"url":"https:\/\/noticiasribeiraopreto.com.br\/index.php\/2025\/03\/14\/homem-e-preso-apos-ameacar-e-exigir-ter-relacoes-com-adolescente\/","url_meta":{"origin":41193,"position":3},"title":"Homem \u00e9 preso ap\u00f3s amea\u00e7ar e exigir ter rela\u00e7\u00f5es com adolescente","author":"noticiasribeiraopreto.com.br","date":"14 de March de 2025","format":false,"excerpt":"Um homem de 22 anos foi preso pela suspeita de amea\u00e7ar e exigir rela\u00e7\u00e3o sexual com uma adolescente de Franca, cidade a 90 quil\u00f4metros de Ribeir\u00e3o Preto, na manh\u00e3 desta sexta-feira (14). De acordo com a Pol\u00edcia Civil, as amea\u00e7as come\u00e7aram em janeiro deste ano, quando a v\u00edtima recebeu mensagens\u2026","rel":"","context":"In &quot;Not\u00edcias de Ribeir\u00e3o Preto-SP e Regi\u00e3o&quot;","block_context":{"text":"Not\u00edcias de Ribeir\u00e3o Preto-SP e Regi\u00e3o","link":"https:\/\/noticiasribeiraopreto.com.br\/index.php\/category\/noticias-de-ribeirao-preto-sp-e-regiao-ismael-colosi\/"},"img":{"alt_text":"","src":"https:\/\/i0.wp.com\/noticiasribeiraopreto.com.br\/wp-content\/uploads\/2025\/03\/Copia-de-Copia-de-Copia-de-TAMANHO-EXATO-PARA-FOTOS-NO-SISTEMA-NOVO-2025-03-14T131940.146_2025-03-14_16-20-35_png_2025-03-14_16-20-35.webp.webp?fit=1200%2C675&ssl=1&resize=350%2C200","width":350,"height":200,"srcset":"https:\/\/i0.wp.com\/noticiasribeiraopreto.com.br\/wp-content\/uploads\/2025\/03\/Copia-de-Copia-de-Copia-de-TAMANHO-EXATO-PARA-FOTOS-NO-SISTEMA-NOVO-2025-03-14T131940.146_2025-03-14_16-20-35_png_2025-03-14_16-20-35.webp.webp?fit=1200%2C675&ssl=1&resize=350%2C200 1x, https:\/\/i0.wp.com\/noticiasribeiraopreto.com.br\/wp-content\/uploads\/2025\/03\/Copia-de-Copia-de-Copia-de-TAMANHO-EXATO-PARA-FOTOS-NO-SISTEMA-NOVO-2025-03-14T131940.146_2025-03-14_16-20-35_png_2025-03-14_16-20-35.webp.webp?fit=1200%2C675&ssl=1&resize=525%2C300 1.5x, https:\/\/i0.wp.com\/noticiasribeiraopreto.com.br\/wp-content\/uploads\/2025\/03\/Copia-de-Copia-de-Copia-de-TAMANHO-EXATO-PARA-FOTOS-NO-SISTEMA-NOVO-2025-03-14T131940.146_2025-03-14_16-20-35_png_2025-03-14_16-20-35.webp.webp?fit=1200%2C675&ssl=1&resize=700%2C400 2x, https:\/\/i0.wp.com\/noticiasribeiraopreto.com.br\/wp-content\/uploads\/2025\/03\/Copia-de-Copia-de-Copia-de-TAMANHO-EXATO-PARA-FOTOS-NO-SISTEMA-NOVO-2025-03-14T131940.146_2025-03-14_16-20-35_png_2025-03-14_16-20-35.webp.webp?fit=1200%2C675&ssl=1&resize=1050%2C600 3x"},"classes":[]},{"id":24177,"url":"https:\/\/noticiasribeiraopreto.com.br\/index.php\/2024\/01\/03\/homem-e-baleado-por-policial-civil-apos-ameacar-escrivao-no-centro-de-ribeirao-1\/","url_meta":{"origin":41193,"position":4},"title":"Homem \u00e9 baleado por policial civil ap\u00f3s amea\u00e7ar escriv\u00e3o no Centro de Ribeir\u00e3o","author":"noticiasribeiraopreto.com.br","date":"3 de January de 2024","format":false,"excerpt":"Um homem foi baleado na perna por um policial civil, ap\u00f3s amea\u00e7ar um escriv\u00e3o e um pedestre com uma faca, em frente \u00e0 CPJ (Central de Pol\u00edcia Judici\u00e1ria) de Ribeir\u00e3o Preto, na rua Duque de Caxias, 1048, no Centro da cidade, na tarde desta quarta-feira (3). De acordo com as\u2026","rel":"","context":"In &quot;Not\u00edcias de Ribeir\u00e3o Preto-SP e Regi\u00e3o&quot;","block_context":{"text":"Not\u00edcias de Ribeir\u00e3o Preto-SP e Regi\u00e3o","link":"https:\/\/noticiasribeiraopreto.com.br\/index.php\/category\/noticias-de-ribeirao-preto-sp-e-regiao-ismael-colosi\/"},"img":{"alt_text":"","src":"https:\/\/i0.wp.com\/noticiasribeiraopreto.com.br\/wp-content\/uploads\/2024\/01\/catador_de_1200x675_03012024144711.jpg?fit=1200%2C675&ssl=1&resize=350%2C200","width":350,"height":200,"srcset":"https:\/\/i0.wp.com\/noticiasribeiraopreto.com.br\/wp-content\/uploads\/2024\/01\/catador_de_1200x675_03012024144711.jpg?fit=1200%2C675&ssl=1&resize=350%2C200 1x, https:\/\/i0.wp.com\/noticiasribeiraopreto.com.br\/wp-content\/uploads\/2024\/01\/catador_de_1200x675_03012024144711.jpg?fit=1200%2C675&ssl=1&resize=525%2C300 1.5x, https:\/\/i0.wp.com\/noticiasribeiraopreto.com.br\/wp-content\/uploads\/2024\/01\/catador_de_1200x675_03012024144711.jpg?fit=1200%2C675&ssl=1&resize=700%2C400 2x, https:\/\/i0.wp.com\/noticiasribeiraopreto.com.br\/wp-content\/uploads\/2024\/01\/catador_de_1200x675_03012024144711.jpg?fit=1200%2C675&ssl=1&resize=1050%2C600 3x"},"classes":[]},{"id":64884,"url":"https:\/\/noticiasribeiraopreto.com.br\/index.php\/2025\/03\/13\/preso-quebra-cadeado-de-cela-e-foge-da-delegacia-da-mulher-em-ribeirao-preto\/","url_meta":{"origin":41193,"position":5},"title":"Preso quebra cadeado de cela e foge da Delegacia da Mulher em Ribeir\u00e3o Preto","author":"noticiasribeiraopreto.com.br","date":"13 de March de 2025","format":false,"excerpt":"Um homem preso por viol\u00eancia dom\u00e9stica fugiu da Delegacia de Defesa da Mulher (DDM) na tarde desta quarta-feira (12), no bairro Ribeir\u00e2nia, zona Leste de Ribeir\u00e3o Preto. Segundo informa\u00e7\u00f5es, ele estaria com os p\u00e9s algemados e teria quebrado um cadeado na cela da carceragem. A fuga ocorreu pelos fundos da\u2026","rel":"","context":"In &quot;Not\u00edcias de Ribeir\u00e3o Preto-SP e Regi\u00e3o&quot;","block_context":{"text":"Not\u00edcias de Ribeir\u00e3o Preto-SP e Regi\u00e3o","link":"https:\/\/noticiasribeiraopreto.com.br\/index.php\/category\/noticias-de-ribeirao-preto-sp-e-regiao-ismael-colosi\/"},"img":{"alt_text":"","src":"https:\/\/i0.wp.com\/noticiasribeiraopreto.com.br\/wp-content\/uploads\/2025\/03\/DDM_2025-03-13_15-22-52_jpg_2025-03-13_15-22-52.webp.webp?fit=1200%2C854&ssl=1&resize=350%2C200","width":350,"height":200,"srcset":"https:\/\/i0.wp.com\/noticiasribeiraopreto.com.br\/wp-content\/uploads\/2025\/03\/DDM_2025-03-13_15-22-52_jpg_2025-03-13_15-22-52.webp.webp?fit=1200%2C854&ssl=1&resize=350%2C200 1x, https:\/\/i0.wp.com\/noticiasribeiraopreto.com.br\/wp-content\/uploads\/2025\/03\/DDM_2025-03-13_15-22-52_jpg_2025-03-13_15-22-52.webp.webp?fit=1200%2C854&ssl=1&resize=525%2C300 1.5x, https:\/\/i0.wp.com\/noticiasribeiraopreto.com.br\/wp-content\/uploads\/2025\/03\/DDM_2025-03-13_15-22-52_jpg_2025-03-13_15-22-52.webp.webp?fit=1200%2C854&ssl=1&resize=700%2C400 2x, https:\/\/i0.wp.com\/noticiasribeiraopreto.com.br\/wp-content\/uploads\/2025\/03\/DDM_2025-03-13_15-22-52_jpg_2025-03-13_15-22-52.webp.webp?fit=1200%2C854&ssl=1&resize=1050%2C600 3x"},"classes":[]}],"jetpack_sharing_enabled":true,"jetpack_shortlink":"https:\/\/wp.me\/peQAOb-aIp","_links":{"self":[{"href":"https:\/\/noticiasribeiraopreto.com.br\/index.php\/wp-json\/wp\/v2\/posts\/41193","targetHints":{"allow":["GET"]}}],"collection":[{"href":"https:\/\/noticiasribeiraopreto.com.br\/index.php\/wp-json\/wp\/v2\/posts"}],"about":[{"href":"https:\/\/noticiasribeiraopreto.com.br\/index.php\/wp-json\/wp\/v2\/types\/post"}],"author":[{"embeddable":true,"href":"https:\/\/noticiasribeiraopreto.com.br\/index.php\/wp-json\/wp\/v2\/users\/1"}],"replies":[{"embeddable":true,"href":"https:\/\/noticiasribeiraopreto.com.br\/index.php\/wp-json\/wp\/v2\/comments?post=41193"}],"version-history":[{"count":0,"href":"https:\/\/noticiasribeiraopreto.com.br\/index.php\/wp-json\/wp\/v2\/posts\/41193\/revisions"}],"wp:featuredmedia":[{"embeddable":true,"href":"https:\/\/noticiasribeiraopreto.com.br\/index.php\/wp-json\/wp\/v2\/media\/41194"}],"wp:attachment":[{"href":"https:\/\/noticiasribeiraopreto.com.br\/index.php\/wp-json\/wp\/v2\/media?parent=41193"}],"wp:term":[{"taxonomy":"category","embeddable":true,"href":"https:\/\/noticiasribeiraopreto.com.br\/index.php\/wp-json\/wp\/v2\/categories?post=41193"},{"taxonomy":"post_tag","embeddable":true,"href":"https:\/\/noticiasribeiraopreto.com.br\/index.php\/wp-json\/wp\/v2\/tags?post=41193"}],"curies":[{"name":"wp","href":"https:\/\/api.w.org\/{rel}","templated":true}]}}