{"id":41244,"date":"2024-03-07T10:10:03","date_gmt":"2024-03-07T13:10:03","guid":{"rendered":"https:\/\/noticiasribeiraopreto.com.br\/index.php\/2024\/03\/07\/passional-mulher-admite-ter-matado-namorado\/"},"modified":"2024-03-07T10:10:03","modified_gmt":"2024-03-07T13:10:03","slug":"passional-mulher-admite-ter-matado-namorado","status":"publish","type":"post","link":"https:\/\/noticiasribeiraopreto.com.br\/index.php\/2024\/03\/07\/passional-mulher-admite-ter-matado-namorado\/","title":{"rendered":"Passional: Mulher admite ter matado namorado"},"content":{"rendered":"<div class='code-block code-block-1' style='margin: 8px 0 8px auto; text-align: right; display: block; clear: both;'>\n<p><a href=\"https:\/\/wa.link\/vpicfd\"><img data-recalc-dims=\"1\" class=\"wp-image-4922\" style=\"aspect-ratio: 2.0253164556962027; width: 561px; height: auto;\" src=\"https:\/\/i0.wp.com\/ismaelcolosi.com.br\/wp-content\/uploads\/2023\/11\/grupo-de-empregos-whatsapp-e-facebook-ismael-colosi-vagas.jpg?ssl=1\" alt=\"\" \/><\/a><\/p>\n<!-- \/wp:image -->\n<\/div>\n<p> <br \/>\n<\/p>\n<div id=\"\">\n<h2 class=\"penci-post-subtitle\">Brenda Caroline Pereira Xavier, de 29 anos, confessou ter matado o namorado, o corretor de im\u00f3veis Carlos Felipe Camargo da Silva, da mesma idade, mas diz que agiu em leg\u00edtima defesa<\/h2>\n<p> <span class=\"entry-meta-item penci-posted-on\"><i class=\"fa fa-clock-o\"\/><time class=\"entry-date published updated\" datetime=\"2024-03-07T10:00:44-03:00\">7 de mar\u00e7o de 2024 | 10:00<\/time><\/span><\/p>\n<p> <span class=\"penci-social-buttons penci-social-share-footer\"><a href=\"#\" class=\"penci-post-like penci_post-meta_item  single-like-button penci-social-item like\" data-post_id=\"376505\" title=\"Like\" data-like=\"Like\" data-unlike=\"Unlike\"><i class=\"fa fa-thumbs-o-up\"\/><span class=\"penci-share-number\">2<\/span><\/a><i class=\"fa fa-facebook\"\/><a class=\"penci-social-item twitter\" target=\"_blank\" rel=\"noopener\" title=\"\" href=\"https:\/\/twitter.com\/intent\/tweet?text=Passional:%20Mulher%20admite%20ter%20matado%20namorado%20-%20https:\/\/www.tribunaribeirao.com.br\/site\/passional-mulher-admite-ter-matado-namorado\/\"><i class=\"fa fa-twitter\"\/><\/a><i class=\"fa fa-whatsapp\"\/><\/span><\/div>\n<div>\n<p>Acompanhada do advogado Alexandre Durante, a vendedora Brenda Caroline Pereira Xavier, de 29 anos, se apresentou \u00e0 Pol\u00edcia Civil nesta quarta-feira, 6 de mar\u00e7o, e confessou ter matado o namorado, o corretor de im\u00f3veis Carlos Felipe Camargo da Silva, de 29 anos, no \u00faltimo final de semana, em Ribeir\u00e3o Preto.<\/p>\n<p>Com um olho roxo e muito abalada, segundo Durante, Brenda Caroline alega leg\u00edtima defesa. Garantiu que era agredida constantemente por Silva e, no final de semana, usou uma faca para se defender.<\/p>\n<p>\u201cEu jamais tiraria a vida dele, mas isso teve que ser feito para salvar a minha. N\u00e3o foi a primeira agress\u00e3o que sofri. J\u00e1 teve outras e tenho prova disso\u201d, disse \u00e0 imprensa.<\/p>\n<p>O irm\u00e3o da v\u00edtima, o entregador Bruno Camargo, rebateu as acusa\u00e7\u00f5es de Branda Caroline. Disse que a ex-namorada sumiu com a carteira, o notebook e o celular do corretor de im\u00f3veis.<\/p>\n<p>\u201cEla diz que ele era muito agressivo? Ela era muito agressiva. Pergunta pras amigas dela. Ele esteve s\u00e1bado (2 de mar\u00e7o) em casa com as coisas dele porque ela era muito agressiva, possessiva. Ela mesma confessou isso pra mim, disse que ia melhorara e que amava muito ele\u201d, conta.<\/p>\n<figure id=\"attachment_376508\" aria-describedby=\"caption-attachment-376508\" style=\"width: 967px\" class=\"wp-caption alignnone\"><noscript><img data-recalc-dims=\"1\" loading=\"lazy\" decoding=\"async\" class=\"size-full wp-image-376508\" src=\"https:\/\/i0.wp.com\/www.tribunaribeirao.com.br\/site\/wp-content\/uploads\/2024\/03\/00-07-mar-2024-re-confessa-corretor-02-foto-risk-junior-scaled.jpg?resize=967%2C645&#038;ssl=1\" alt=\"\" width=\"967\" height=\"645\" srcset=\"https:\/\/www.tribunaribeirao.com.br\/site\/wp-content\/uploads\/2024\/03\/00-07-mar-2024-re-confessa-corretor-02-foto-risk-junior-scaled.jpg 967w, https:\/\/www.tribunaribeirao.com.br\/site\/wp-content\/uploads\/2024\/03\/00-07-mar-2024-re-confessa-corretor-02-foto-risk-junior-300x200.jpg 300w, https:\/\/www.tribunaribeirao.com.br\/site\/wp-content\/uploads\/2024\/03\/00-07-mar-2024-re-confessa-corretor-02-foto-risk-junior-1024x683.jpg 1024w, https:\/\/www.tribunaribeirao.com.br\/site\/wp-content\/uploads\/2024\/03\/00-07-mar-2024-re-confessa-corretor-02-foto-risk-junior-768x512.jpg 768w, https:\/\/www.tribunaribeirao.com.br\/site\/wp-content\/uploads\/2024\/03\/00-07-mar-2024-re-confessa-corretor-02-foto-risk-junior-1536x1024.jpg 1536w, https:\/\/www.tribunaribeirao.com.br\/site\/wp-content\/uploads\/2024\/03\/00-07-mar-2024-re-confessa-corretor-02-foto-risk-junior-480x320.jpg 480w, https:\/\/www.tribunaribeirao.com.br\/site\/wp-content\/uploads\/2024\/03\/00-07-mar-2024-re-confessa-corretor-02-foto-risk-junior-280x186.jpg 280w, https:\/\/www.tribunaribeirao.com.br\/site\/wp-content\/uploads\/2024\/03\/00-07-mar-2024-re-confessa-corretor-02-foto-risk-junior-960x640.jpg 960w, https:\/\/www.tribunaribeirao.com.br\/site\/wp-content\/uploads\/2024\/03\/00-07-mar-2024-re-confessa-corretor-02-foto-risk-junior-600x400.jpg 600w, https:\/\/www.tribunaribeirao.com.br\/site\/wp-content\/uploads\/2024\/03\/00-07-mar-2024-re-confessa-corretor-02-foto-risk-junior-585x390.jpg 585w\" sizes=\"auto, (max-width: 967px) 100vw, 967px\"\/><\/noscript><figcaption id=\"caption-attachment-376508\" class=\"wp-caption-text\">Bruno Camargo, irm\u00e3o da v\u00edtima, rebate Brenda Caroline e diz que mulher \u00e9 agressiva e possessiva (Foto: Alfredo Risk)<\/figcaption><\/figure>\n<p>Segundo Bruno Camargo, a mulher chamou Carlos Felipe para conversar no carro. \u201cMeia hora depois, ele entrou em casa, pegou as coisas e disse que ia dar outra chance a ela\u201d, emenda o irm\u00e3o da v\u00edtima. O delegado Rodolfo Latif Sebba, respons\u00e1vel pelas investiga\u00e7\u00f5es, disse que a Pol\u00edcia Civil vai continuar investigando, ouvindo testemunhas e buscando provas e que caber\u00e1 \u00e0 Justi\u00e7a de Ribeir\u00e3o Preto decidir sobre a pris\u00e3o preventiva de Brenda Caroline.<\/p>\n<p>Ela deixou a sede da Delegacia de Homic\u00eddios da Divis\u00e3o Especializada em Investiga\u00e7\u00f5es Criminais (Deic) acompanhada do advogado e da m\u00e3e. O irm\u00e3o de Carlos Felipe tamb\u00e9m estava com a m\u00e3e. O corretor morreu na madrugada de domingo (3) enquanto era atendido na Unidade de Pronto Atendimento Nelson Mandela (UPA Norte), no bairro Adelino Simioni. Apresentava v\u00e1rios sinais de facada nas costas.<\/p>\n<p>No BO, o irm\u00e3o da v\u00edtima conta que ele teria terminado o relacionamento com a namorada no s\u00e1bado (2), dizendo que ela era extremamente agressiva e possessiva. Ent\u00e3o, voltou para a casa da m\u00e3e. No final da noite, Brenda Caroline Pereira Xavier, tamb\u00e9m de 29 anos, foi atr\u00e1s do ex e o chamou para conversar no carro dela.<\/p>\n<figure id=\"attachment_376509\" aria-describedby=\"caption-attachment-376509\" style=\"width: 967px\" class=\"wp-caption alignnone\"><img data-recalc-dims=\"1\" loading=\"lazy\" decoding=\"async\" alt=\"\" width=\"967\" height=\"645\" srcset=\"https:\/\/www.tribunaribeirao.com.br\/site\/wp-content\/uploads\/2024\/03\/00-07-mar-2024-re-confessa-corretor-03-foto-risk-junior-scaled.jpg 967w, https:\/\/www.tribunaribeirao.com.br\/site\/wp-content\/uploads\/2024\/03\/00-07-mar-2024-re-confessa-corretor-03-foto-risk-junior-300x200.jpg 300w, https:\/\/www.tribunaribeirao.com.br\/site\/wp-content\/uploads\/2024\/03\/00-07-mar-2024-re-confessa-corretor-03-foto-risk-junior-1024x683.jpg 1024w, https:\/\/www.tribunaribeirao.com.br\/site\/wp-content\/uploads\/2024\/03\/00-07-mar-2024-re-confessa-corretor-03-foto-risk-junior-768x512.jpg 768w, https:\/\/www.tribunaribeirao.com.br\/site\/wp-content\/uploads\/2024\/03\/00-07-mar-2024-re-confessa-corretor-03-foto-risk-junior-1536x1024.jpg 1536w, https:\/\/www.tribunaribeirao.com.br\/site\/wp-content\/uploads\/2024\/03\/00-07-mar-2024-re-confessa-corretor-03-foto-risk-junior-480x320.jpg 480w, https:\/\/www.tribunaribeirao.com.br\/site\/wp-content\/uploads\/2024\/03\/00-07-mar-2024-re-confessa-corretor-03-foto-risk-junior-280x186.jpg 280w, https:\/\/www.tribunaribeirao.com.br\/site\/wp-content\/uploads\/2024\/03\/00-07-mar-2024-re-confessa-corretor-03-foto-risk-junior-960x640.jpg 960w, https:\/\/www.tribunaribeirao.com.br\/site\/wp-content\/uploads\/2024\/03\/00-07-mar-2024-re-confessa-corretor-03-foto-risk-junior-600x400.jpg 600w, https:\/\/www.tribunaribeirao.com.br\/site\/wp-content\/uploads\/2024\/03\/00-07-mar-2024-re-confessa-corretor-03-foto-risk-junior-585x390.jpg 585w\" src=\"https:\/\/i0.wp.com\/www.tribunaribeirao.com.br\/site\/wp-content\/uploads\/2024\/03\/00-07-mar-2024-re-confessa-corretor-03-foto-risk-junior-scaled.jpg?resize=967%2C645&#038;ssl=1\" data-sizes=\"(max-width: 967px) 100vw, 967px\" class=\"size-full wp-image-376509 lazyload\"\/><noscript><img data-recalc-dims=\"1\" loading=\"lazy\" decoding=\"async\" class=\"size-full wp-image-376509\" src=\"https:\/\/i0.wp.com\/www.tribunaribeirao.com.br\/site\/wp-content\/uploads\/2024\/03\/00-07-mar-2024-re-confessa-corretor-03-foto-risk-junior-scaled.jpg?resize=967%2C645&#038;ssl=1\" alt=\"\" width=\"967\" height=\"645\" srcset=\"https:\/\/www.tribunaribeirao.com.br\/site\/wp-content\/uploads\/2024\/03\/00-07-mar-2024-re-confessa-corretor-03-foto-risk-junior-scaled.jpg 967w, https:\/\/www.tribunaribeirao.com.br\/site\/wp-content\/uploads\/2024\/03\/00-07-mar-2024-re-confessa-corretor-03-foto-risk-junior-300x200.jpg 300w, https:\/\/www.tribunaribeirao.com.br\/site\/wp-content\/uploads\/2024\/03\/00-07-mar-2024-re-confessa-corretor-03-foto-risk-junior-1024x683.jpg 1024w, https:\/\/www.tribunaribeirao.com.br\/site\/wp-content\/uploads\/2024\/03\/00-07-mar-2024-re-confessa-corretor-03-foto-risk-junior-768x512.jpg 768w, https:\/\/www.tribunaribeirao.com.br\/site\/wp-content\/uploads\/2024\/03\/00-07-mar-2024-re-confessa-corretor-03-foto-risk-junior-1536x1024.jpg 1536w, https:\/\/www.tribunaribeirao.com.br\/site\/wp-content\/uploads\/2024\/03\/00-07-mar-2024-re-confessa-corretor-03-foto-risk-junior-480x320.jpg 480w, https:\/\/www.tribunaribeirao.com.br\/site\/wp-content\/uploads\/2024\/03\/00-07-mar-2024-re-confessa-corretor-03-foto-risk-junior-280x186.jpg 280w, https:\/\/www.tribunaribeirao.com.br\/site\/wp-content\/uploads\/2024\/03\/00-07-mar-2024-re-confessa-corretor-03-foto-risk-junior-960x640.jpg 960w, https:\/\/www.tribunaribeirao.com.br\/site\/wp-content\/uploads\/2024\/03\/00-07-mar-2024-re-confessa-corretor-03-foto-risk-junior-600x400.jpg 600w, https:\/\/www.tribunaribeirao.com.br\/site\/wp-content\/uploads\/2024\/03\/00-07-mar-2024-re-confessa-corretor-03-foto-risk-junior-585x390.jpg 585w\" sizes=\"auto, (max-width: 967px) 100vw, 967px\"\/><\/noscript><figcaption id=\"caption-attachment-376509\" class=\"wp-caption-text\">Bruno Camargo, irm\u00e3o da v\u00edtima, rebate Brenda Caroline e diz que mulher \u00e9 agressiva e possessiva (Foto: Alfredo Risk)<\/figcaption><\/figure>\n<p>Depois de uma breve conversa, o homem entrou na casa da m\u00e3e para apanhar as roupas, dizendo que voltaria a morar com a namorada. Ela teria reconhecido o comportamento inadequado e prometeu mudar. Pouco tempo depois, a fam\u00edlia recebeu telefonema de uma mulher informando que o homem havia sofrido um acidente e estava na UPA Norte.<\/p>\n<p>Ao chegar l\u00e1, familiares foram informados que ele havia sido esfaqueado pelas costas e n\u00e3o resistiu aos ferimentos. Na casa da mulher havia ind\u00edcios de sangue, no interior da resid\u00eancia e na cal\u00e7ada em frente. Um dos locais havia sido lavado, talvez para tentar ocultar provas.<\/p>\n<\/div>\n<p><script async src=\"\/\/platform.twitter.com\/widgets.js\" charset=\"utf-8\"><\/script><br \/>\n<br \/><br \/>\n<br \/><a href=\"https:\/\/www.tribunaribeirao.com.br\/site\/passional-mulher-admite-ter-matado-namorado\/\">Source link <\/a><\/p>\n<!-- CONTENT END 1 -->\n","protected":false},"excerpt":{"rendered":"<p>Brenda Caroline Pereira Xavier, de 29 anos, confessou ter matado o namorado, o corretor de im\u00f3veis Carlos Felipe Camargo da Silva, da mesma idade, mas&#8230;<\/p>\n","protected":false},"author":1,"featured_media":41245,"comment_status":"open","ping_status":"open","sticky":false,"template":"","format":"standard","meta":{"advanced_seo_description":"","jetpack_seo_html_title":"","jetpack_seo_noindex":false,"jetpack_post_was_ever_published":false,"_jetpack_newsletter_access":"","_jetpack_dont_email_post_to_subs":false,"_jetpack_newsletter_tier_id":0,"_jetpack_memberships_contains_paywalled_content":false,"_jetpack_memberships_contains_paid_content":false,"footnotes":"","jetpack_publicize_message":"","jetpack_publicize_feature_enabled":true,"jetpack_social_post_already_shared":true,"jetpack_social_options":{"image_generator_settings":{"template":"highway","default_image_id":0,"font":"","enabled":false},"version":2}},"categories":[11],"tags":[4818,3549,325,4819,4817,502],"class_list":["post-41244","post","type-post","status-publish","format-standard","has-post-thumbnail","hentry","category-noticias-de-ribeirao-preto-sp-e-regiao-ismael-colosi","tag-admite","tag-matado","tag-mulher","tag-namorado","tag-passional","tag-ter"],"jetpack_publicize_connections":[],"jetpack_featured_media_url":"https:\/\/i0.wp.com\/noticiasribeiraopreto.com.br\/wp-content\/uploads\/2024\/03\/00-07-mar-2024-re-confessa-corretor-01-foto-risk-junior-e-redes-sociais-scaled.jpg?fit=967%2C645&ssl=1","jetpack-related-posts":[{"id":79181,"url":"https:\/\/noticiasribeiraopreto.com.br\/index.php\/2025\/10\/26\/professora-tem-prisao-decretada-apos-confessar-ter-matado-namorado-e-enterrado-o-corpo\/","url_meta":{"origin":41244,"position":0},"title":"Professora tem pris\u00e3o decretada ap\u00f3s confessar ter matado namorado e enterrado o corpo","author":"noticiasribeiraopreto.com.br","date":"26 de October de 2025","format":false,"excerpt":"A Justi\u00e7a decretou a pris\u00e3o da\u00a0professora de est\u00e9tica Jussara Luzia Fernandes, de 62 anos, que confessou ter\u00a0matado o namorado e\u00a0enterrado\u00a0o corpo no quintal de casa em\u00a0Bebedouro, cidade a 80 quil\u00f4metros na\u00a0regi\u00e3o de Ribeir\u00e3o Preto. A mulher havia sido presa na \u00faltima\u00a0nesta sexta-feira (24) e teve a pris\u00e3o em flagrante convertida\u2026","rel":"","context":"In &quot;Not\u00edcias de Ribeir\u00e3o Preto-SP e Regi\u00e3o&quot;","block_context":{"text":"Not\u00edcias de Ribeir\u00e3o Preto-SP e Regi\u00e3o","link":"https:\/\/noticiasribeiraopreto.com.br\/index.php\/category\/noticias-de-ribeirao-preto-sp-e-regiao-ismael-colosi\/"},"img":{"alt_text":"","src":"https:\/\/i0.wp.com\/noticiasribeiraopreto.com.br\/wp-content\/uploads\/2025\/10\/Copia-de-Copia-de-Copia-de-TAMANHO-EXATO-PARA-FOTOS-NO-SISTEMA-NOVO-2025-10-24T163207.513_2025-10-24_19-32-43.webp.webp?fit=1200%2C675&ssl=1&resize=350%2C200","width":350,"height":200,"srcset":"https:\/\/i0.wp.com\/noticiasribeiraopreto.com.br\/wp-content\/uploads\/2025\/10\/Copia-de-Copia-de-Copia-de-TAMANHO-EXATO-PARA-FOTOS-NO-SISTEMA-NOVO-2025-10-24T163207.513_2025-10-24_19-32-43.webp.webp?fit=1200%2C675&ssl=1&resize=350%2C200 1x, https:\/\/i0.wp.com\/noticiasribeiraopreto.com.br\/wp-content\/uploads\/2025\/10\/Copia-de-Copia-de-Copia-de-TAMANHO-EXATO-PARA-FOTOS-NO-SISTEMA-NOVO-2025-10-24T163207.513_2025-10-24_19-32-43.webp.webp?fit=1200%2C675&ssl=1&resize=525%2C300 1.5x, https:\/\/i0.wp.com\/noticiasribeiraopreto.com.br\/wp-content\/uploads\/2025\/10\/Copia-de-Copia-de-Copia-de-TAMANHO-EXATO-PARA-FOTOS-NO-SISTEMA-NOVO-2025-10-24T163207.513_2025-10-24_19-32-43.webp.webp?fit=1200%2C675&ssl=1&resize=700%2C400 2x, https:\/\/i0.wp.com\/noticiasribeiraopreto.com.br\/wp-content\/uploads\/2025\/10\/Copia-de-Copia-de-Copia-de-TAMANHO-EXATO-PARA-FOTOS-NO-SISTEMA-NOVO-2025-10-24T163207.513_2025-10-24_19-32-43.webp.webp?fit=1200%2C675&ssl=1&resize=1050%2C600 3x"},"classes":[]},{"id":26002,"url":"https:\/\/noticiasribeiraopreto.com.br\/index.php\/2024\/01\/08\/mulher-perde-a-vida-pelas-maos-do-ex-apos-descobrir-que-ele-tinha-matado-a-amante\/","url_meta":{"origin":41244,"position":1},"title":"Mulher perde a vida pelas m\u00e3os do ex ap\u00f3s descobrir que ele tinha matado a amante","author":"noticiasribeiraopreto.com.br","date":"8 de January de 2024","format":false,"excerpt":"Uma mulher de 33 anos perdeu a vida ao descobrir que seu ex-namorado foi respons\u00e1vel pelo homic\u00eddio de sua amante, uma jovem de 19 anos, conforme apurado em uma investiga\u00e7\u00e3o da Pol\u00edcia Civil.O tr\u00e1gico incidente de duplo feminic\u00eddio ocorreu no intervalo entre os meses de agosto e setembro de 2023,\u2026","rel":"","context":"In &quot;Blog&quot;","block_context":{"text":"Blog","link":"https:\/\/noticiasribeiraopreto.com.br\/index.php\/category\/blog\/"},"img":{"alt_text":"","src":"https:\/\/i0.wp.com\/noticiasribeiraopreto.com.br\/wp-content\/uploads\/2024\/01\/postimg-659ca0e3cb60b7823.jpg?fit=1200%2C628&ssl=1&resize=350%2C200","width":350,"height":200,"srcset":"https:\/\/i0.wp.com\/noticiasribeiraopreto.com.br\/wp-content\/uploads\/2024\/01\/postimg-659ca0e3cb60b7823.jpg?fit=1200%2C628&ssl=1&resize=350%2C200 1x, https:\/\/i0.wp.com\/noticiasribeiraopreto.com.br\/wp-content\/uploads\/2024\/01\/postimg-659ca0e3cb60b7823.jpg?fit=1200%2C628&ssl=1&resize=525%2C300 1.5x, https:\/\/i0.wp.com\/noticiasribeiraopreto.com.br\/wp-content\/uploads\/2024\/01\/postimg-659ca0e3cb60b7823.jpg?fit=1200%2C628&ssl=1&resize=700%2C400 2x, https:\/\/i0.wp.com\/noticiasribeiraopreto.com.br\/wp-content\/uploads\/2024\/01\/postimg-659ca0e3cb60b7823.jpg?fit=1200%2C628&ssl=1&resize=1050%2C600 3x"},"classes":[]},{"id":79143,"url":"https:\/\/noticiasribeiraopreto.com.br\/index.php\/2025\/10\/25\/policia-investiga-se-mulher-que-matou-e-enterrou-namorado-esta-envolvida-na-morte-do-ex-marido\/","url_meta":{"origin":41244,"position":2},"title":"Pol\u00edcia investiga se mulher que matou e enterrou namorado est\u00e1 envolvida na morte do ex-marido","author":"noticiasribeiraopreto.com.br","date":"25 de October de 2025","format":false,"excerpt":"A Pol\u00edcia Civil vai investigar se Jussara Luzia Fernandes, de 62 anos, presa na sexta-feira (24) por suspeita de matar e enterrar o corpo do namorado no quintal de casa em Bebedouro, cidade na regi\u00e3o de Ribeir\u00e3o Preto, est\u00e1 envolvida em outro crime. De acordo com as autoridades, em janeiro\u2026","rel":"","context":"In &quot;Not\u00edcias de Ribeir\u00e3o Preto-SP e Regi\u00e3o&quot;","block_context":{"text":"Not\u00edcias de Ribeir\u00e3o Preto-SP e Regi\u00e3o","link":"https:\/\/noticiasribeiraopreto.com.br\/index.php\/category\/noticias-de-ribeirao-preto-sp-e-regiao-ismael-colosi\/"},"img":{"alt_text":"","src":"https:\/\/i0.wp.com\/noticiasribeiraopreto.com.br\/wp-content\/uploads\/2025\/10\/Copia-de-Copia-de-Copia-de-TAMANHO-EXATO-PARA-FOTOS-NO-SISTEMA-NOVO-2025-10-24T163207.513_2025-10-24_19-32-43.webp.webp?fit=1200%2C675&ssl=1&resize=350%2C200","width":350,"height":200,"srcset":"https:\/\/i0.wp.com\/noticiasribeiraopreto.com.br\/wp-content\/uploads\/2025\/10\/Copia-de-Copia-de-Copia-de-TAMANHO-EXATO-PARA-FOTOS-NO-SISTEMA-NOVO-2025-10-24T163207.513_2025-10-24_19-32-43.webp.webp?fit=1200%2C675&ssl=1&resize=350%2C200 1x, https:\/\/i0.wp.com\/noticiasribeiraopreto.com.br\/wp-content\/uploads\/2025\/10\/Copia-de-Copia-de-Copia-de-TAMANHO-EXATO-PARA-FOTOS-NO-SISTEMA-NOVO-2025-10-24T163207.513_2025-10-24_19-32-43.webp.webp?fit=1200%2C675&ssl=1&resize=525%2C300 1.5x, https:\/\/i0.wp.com\/noticiasribeiraopreto.com.br\/wp-content\/uploads\/2025\/10\/Copia-de-Copia-de-Copia-de-TAMANHO-EXATO-PARA-FOTOS-NO-SISTEMA-NOVO-2025-10-24T163207.513_2025-10-24_19-32-43.webp.webp?fit=1200%2C675&ssl=1&resize=700%2C400 2x, https:\/\/i0.wp.com\/noticiasribeiraopreto.com.br\/wp-content\/uploads\/2025\/10\/Copia-de-Copia-de-Copia-de-TAMANHO-EXATO-PARA-FOTOS-NO-SISTEMA-NOVO-2025-10-24T163207.513_2025-10-24_19-32-43.webp.webp?fit=1200%2C675&ssl=1&resize=1050%2C600 3x"},"classes":[]},{"id":79117,"url":"https:\/\/noticiasribeiraopreto.com.br\/index.php\/2025\/10\/24\/professora-e-presa-no-interior-de-sp-por-matar-namorado-e-enterrar-corpo-no-quintal\/","url_meta":{"origin":41244,"position":3},"title":"Professora \u00e9 presa no interior de SP por matar namorado e enterrar corpo no quintal","author":"noticiasribeiraopreto.com.br","date":"24 de October de 2025","format":false,"excerpt":"Uma professora de est\u00e9tica foi presa nesta sexta-feira (24), ap\u00f3s matar e enterrar o corpo do namorado no quinta de casa em Bebedouro, cidade na regi\u00e3o de Ribeir\u00e3o Preto. De acordo com o secret\u00e1rio de Seguran\u00e7a P\u00fablica da cidade, Rog\u00e9rio Valverde, uma equipe da GCM (Guarda Civil Municipal) recebeu uma\u2026","rel":"","context":"In &quot;Not\u00edcias de Ribeir\u00e3o Preto-SP e Regi\u00e3o&quot;","block_context":{"text":"Not\u00edcias de Ribeir\u00e3o Preto-SP e Regi\u00e3o","link":"https:\/\/noticiasribeiraopreto.com.br\/index.php\/category\/noticias-de-ribeirao-preto-sp-e-regiao-ismael-colosi\/"},"img":{"alt_text":"","src":"https:\/\/i0.wp.com\/noticiasribeiraopreto.com.br\/wp-content\/uploads\/2025\/10\/Copia-de-Copia-de-Copia-de-TAMANHO-EXATO-PARA-FOTOS-NO-SISTEMA-NOVO-2025-10-24T163207.513_2025-10-24_19-32-43.webp.webp?fit=1200%2C675&ssl=1&resize=350%2C200","width":350,"height":200,"srcset":"https:\/\/i0.wp.com\/noticiasribeiraopreto.com.br\/wp-content\/uploads\/2025\/10\/Copia-de-Copia-de-Copia-de-TAMANHO-EXATO-PARA-FOTOS-NO-SISTEMA-NOVO-2025-10-24T163207.513_2025-10-24_19-32-43.webp.webp?fit=1200%2C675&ssl=1&resize=350%2C200 1x, https:\/\/i0.wp.com\/noticiasribeiraopreto.com.br\/wp-content\/uploads\/2025\/10\/Copia-de-Copia-de-Copia-de-TAMANHO-EXATO-PARA-FOTOS-NO-SISTEMA-NOVO-2025-10-24T163207.513_2025-10-24_19-32-43.webp.webp?fit=1200%2C675&ssl=1&resize=525%2C300 1.5x, https:\/\/i0.wp.com\/noticiasribeiraopreto.com.br\/wp-content\/uploads\/2025\/10\/Copia-de-Copia-de-Copia-de-TAMANHO-EXATO-PARA-FOTOS-NO-SISTEMA-NOVO-2025-10-24T163207.513_2025-10-24_19-32-43.webp.webp?fit=1200%2C675&ssl=1&resize=700%2C400 2x, https:\/\/i0.wp.com\/noticiasribeiraopreto.com.br\/wp-content\/uploads\/2025\/10\/Copia-de-Copia-de-Copia-de-TAMANHO-EXATO-PARA-FOTOS-NO-SISTEMA-NOVO-2025-10-24T163207.513_2025-10-24_19-32-43.webp.webp?fit=1200%2C675&ssl=1&resize=1050%2C600 3x"},"classes":[]},{"id":81096,"url":"https:\/\/noticiasribeiraopreto.com.br\/index.php\/2025\/12\/23\/marido-confessa-ter-matado-mulher-e-os-tres-filhos-em-jaboticabal\/","url_meta":{"origin":41244,"position":4},"title":"Marido confessa ter matado mulher e os tr\u00eas filhos em Jaboticabal","author":"noticiasribeiraopreto.com.br","date":"23 de December de 2025","format":false,"excerpt":"\r \r \r 23 de dezembro de 2025 18:3423 de dezembro de 2025 18:36 \r Compartilhar0 Milton Gon\u00e7alves Filho, de 48 anos, foi preso ap\u00f3s confessar \u00e0 Pol\u00edcia Civil, na tarde desta ter\u00e7a-feira (23), que matou a esposa, Sabrina Aparecida de Almeida Lima, de 27 anos, e os tr\u00eas filhos\u2026","rel":"","context":"In &quot;Not\u00edcias de Ribeir\u00e3o Preto-SP e Regi\u00e3o&quot;","block_context":{"text":"Not\u00edcias de Ribeir\u00e3o Preto-SP e Regi\u00e3o","link":"https:\/\/noticiasribeiraopreto.com.br\/index.php\/category\/noticias-de-ribeirao-preto-sp-e-regiao-ismael-colosi\/"},"img":{"alt_text":"","src":"https:\/\/i0.wp.com\/noticiasribeiraopreto.com.br\/wp-content\/uploads\/2025\/12\/1766525801_familia-desaparecida.jpg?fit=800%2C500&ssl=1&resize=350%2C200","width":350,"height":200,"srcset":"https:\/\/i0.wp.com\/noticiasribeiraopreto.com.br\/wp-content\/uploads\/2025\/12\/1766525801_familia-desaparecida.jpg?fit=800%2C500&ssl=1&resize=350%2C200 1x, https:\/\/i0.wp.com\/noticiasribeiraopreto.com.br\/wp-content\/uploads\/2025\/12\/1766525801_familia-desaparecida.jpg?fit=800%2C500&ssl=1&resize=525%2C300 1.5x, https:\/\/i0.wp.com\/noticiasribeiraopreto.com.br\/wp-content\/uploads\/2025\/12\/1766525801_familia-desaparecida.jpg?fit=800%2C500&ssl=1&resize=700%2C400 2x"},"classes":[]},{"id":77642,"url":"https:\/\/noticiasribeiraopreto.com.br\/index.php\/2025\/09\/23\/video-mulher-confessa-ter-matado-a-mae\/","url_meta":{"origin":41244,"position":5},"title":"V\u00cdDEO &#8211; Mulher confessa ter matado a m\u00e3e","author":"noticiasribeiraopreto.com.br","date":"23 de September de 2025","format":false,"excerpt":"Em v\u00eddeo do depoimento feito \u00e0 Pol\u00edcia Civil na \u00e1rea de lazer onde ocorreu o crime, filha contou detalhes do matric\u00eddio 23 de setembro de 2025 10:3623 de setembro de 2025 10:365 Compartilhar1 Por: Adalberto Luque A reportagem do Tribuna Ribeir\u00e3o teve acesso ao v\u00eddeo onde Michele Cristina Feliciano Costa\u2026","rel":"","context":"In &quot;Not\u00edcias de Ribeir\u00e3o Preto-SP e Regi\u00e3o&quot;","block_context":{"text":"Not\u00edcias de Ribeir\u00e3o Preto-SP e Regi\u00e3o","link":"https:\/\/noticiasribeiraopreto.com.br\/index.php\/category\/noticias-de-ribeirao-preto-sp-e-regiao-ismael-colosi\/"},"img":{"alt_text":"","src":"https:\/\/i0.wp.com\/noticiasribeiraopreto.com.br\/wp-content\/uploads\/2025\/09\/23-set-2025-matricidio1-scaled.jpg?fit=1200%2C671&ssl=1&resize=350%2C200","width":350,"height":200,"srcset":"https:\/\/i0.wp.com\/noticiasribeiraopreto.com.br\/wp-content\/uploads\/2025\/09\/23-set-2025-matricidio1-scaled.jpg?fit=1200%2C671&ssl=1&resize=350%2C200 1x, https:\/\/i0.wp.com\/noticiasribeiraopreto.com.br\/wp-content\/uploads\/2025\/09\/23-set-2025-matricidio1-scaled.jpg?fit=1200%2C671&ssl=1&resize=525%2C300 1.5x, https:\/\/i0.wp.com\/noticiasribeiraopreto.com.br\/wp-content\/uploads\/2025\/09\/23-set-2025-matricidio1-scaled.jpg?fit=1200%2C671&ssl=1&resize=700%2C400 2x, https:\/\/i0.wp.com\/noticiasribeiraopreto.com.br\/wp-content\/uploads\/2025\/09\/23-set-2025-matricidio1-scaled.jpg?fit=1200%2C671&ssl=1&resize=1050%2C600 3x"},"classes":[]}],"jetpack_sharing_enabled":true,"jetpack_shortlink":"https:\/\/wp.me\/peQAOb-aJe","_links":{"self":[{"href":"https:\/\/noticiasribeiraopreto.com.br\/index.php\/wp-json\/wp\/v2\/posts\/41244","targetHints":{"allow":["GET"]}}],"collection":[{"href":"https:\/\/noticiasribeiraopreto.com.br\/index.php\/wp-json\/wp\/v2\/posts"}],"about":[{"href":"https:\/\/noticiasribeiraopreto.com.br\/index.php\/wp-json\/wp\/v2\/types\/post"}],"author":[{"embeddable":true,"href":"https:\/\/noticiasribeiraopreto.com.br\/index.php\/wp-json\/wp\/v2\/users\/1"}],"replies":[{"embeddable":true,"href":"https:\/\/noticiasribeiraopreto.com.br\/index.php\/wp-json\/wp\/v2\/comments?post=41244"}],"version-history":[{"count":0,"href":"https:\/\/noticiasribeiraopreto.com.br\/index.php\/wp-json\/wp\/v2\/posts\/41244\/revisions"}],"wp:featuredmedia":[{"embeddable":true,"href":"https:\/\/noticiasribeiraopreto.com.br\/index.php\/wp-json\/wp\/v2\/media\/41245"}],"wp:attachment":[{"href":"https:\/\/noticiasribeiraopreto.com.br\/index.php\/wp-json\/wp\/v2\/media?parent=41244"}],"wp:term":[{"taxonomy":"category","embeddable":true,"href":"https:\/\/noticiasribeiraopreto.com.br\/index.php\/wp-json\/wp\/v2\/categories?post=41244"},{"taxonomy":"post_tag","embeddable":true,"href":"https:\/\/noticiasribeiraopreto.com.br\/index.php\/wp-json\/wp\/v2\/tags?post=41244"}],"curies":[{"name":"wp","href":"https:\/\/api.w.org\/{rel}","templated":true}]}}