{"id":41260,"date":"2024-03-07T11:02:19","date_gmt":"2024-03-07T14:02:19","guid":{"rendered":"https:\/\/noticiasribeiraopreto.com.br\/index.php\/2024\/03\/07\/sete-vereadores-podem-trocar-de-partido\/"},"modified":"2024-03-07T11:02:19","modified_gmt":"2024-03-07T14:02:19","slug":"sete-vereadores-podem-trocar-de-partido","status":"publish","type":"post","link":"https:\/\/noticiasribeiraopreto.com.br\/index.php\/2024\/03\/07\/sete-vereadores-podem-trocar-de-partido\/","title":{"rendered":"Sete vereadores podem trocar de partido\u00a0"},"content":{"rendered":"<div class='code-block code-block-1' style='margin: 8px 0 8px auto; text-align: right; display: block; clear: both;'>\n<p><a href=\"https:\/\/wa.link\/vpicfd\"><img data-recalc-dims=\"1\" class=\"wp-image-4922\" style=\"aspect-ratio: 2.0253164556962027; width: 561px; height: auto;\" src=\"https:\/\/i0.wp.com\/ismaelcolosi.com.br\/wp-content\/uploads\/2023\/11\/grupo-de-empregos-whatsapp-e-facebook-ismael-colosi-vagas.jpg?ssl=1\" alt=\"\" \/><\/a><\/p>\n<!-- \/wp:image -->\n<\/div>\n<p> <br \/>\n<\/p>\n<div id=\"\">\n<p> <span class=\"entry-meta-item penci-posted-on\"><i class=\"fa fa-clock-o\"\/><time class=\"entry-date published\" datetime=\"2024-03-07T11:00:29-03:00\">7 de mar\u00e7o de 2024 | 11:00<\/time><time class=\"updated\" datetime=\"2024-03-06T20:00:30-03:00\">6 de mar\u00e7o de 2024 | 20:00<\/time><\/span><\/p>\n<p> <span class=\"penci-social-buttons penci-social-share-footer\"><a href=\"#\" class=\"penci-post-like penci_post-meta_item  single-like-button penci-social-item like\" data-post_id=\"376462\" title=\"Like\" data-like=\"Like\" data-unlike=\"Unlike\"><i class=\"fa fa-thumbs-o-up\"\/><span class=\"penci-share-number\">0<\/span><\/a><i class=\"fa fa-facebook\"\/><a class=\"penci-social-item twitter\" target=\"_blank\" rel=\"noopener\" title=\"\" href=\"https:\/\/twitter.com\/intent\/tweet?text=Sete%20vereadores%20podem%20trocar%20de%20partido\u00a0%20-%20https:\/\/www.tribunaribeirao.com.br\/site\/sete-vereadores-podem-trocar-de-partido\/\"><i class=\"fa fa-twitter\"\/><\/a><i class=\"fa fa-whatsapp\"\/><\/span><\/div>\n<div>\n<p><span class=\"TextRun SCXW266627304 BCX0\" lang=\"PT-BR\" xml:lang=\"PT-BR\" data-contrast=\"auto\"><span class=\"NormalTextRun SCXW266627304 BCX0\">Ao menos sete vereadores de Ribeir\u00e3o Preto<\/span> <span class=\"NormalTextRun SCXW266627304 BCX0\">\u2013<\/span><span class=\"NormalTextRun SCXW266627304 BCX0\"> 31,8% da C\u00e2mara, que conta com 22 cadeiras <\/span><span class=\"NormalTextRun SCXW266627304 BCX0\">\u2013<\/span> <span class=\"NormalTextRun SCXW266627304 BCX0\">devem <\/span><span class=\"NormalTextRun SCXW266627304 BCX0\">trocar de legenda durante a j<\/span><span class=\"NormalTextRun SCXW266627304 BCX0\">anela <\/span><span class=\"NormalTextRun SCXW266627304 BCX0\">e<\/span><span class=\"NormalTextRun SCXW266627304 BCX0\">leitoral<\/span><span class=\"NormalTextRun SCXW266627304 BCX0\">, <\/span><span class=\"NormalTextRun SCXW266627304 BCX0\">que come\u00e7a nesta quinta-feira, <\/span><span class=\"NormalTextRun SCXW266627304 BCX0\">7<\/span><span class=\"NormalTextRun SCXW266627304 BCX0\"> de mar\u00e7o<\/span><span class=\"NormalTextRun SCXW266627304 BCX0\">,<\/span><span class=\"NormalTextRun SCXW266627304 BCX0\"> e vai at\u00e9 5 de abril. <\/span><span class=\"NormalTextRun SCXW266627304 BCX0\">Este <\/span><span class=\"NormalTextRun SCXW266627304 BCX0\">\u00e9 o per\u00edodo de 30 dias em que ocupantes de cargos eletivos, obtidos em pleitos proporcionais, podem trocar de <\/span><span class=\"NormalTextRun SCXW266627304 BCX0\">sigla <\/span><span class=\"NormalTextRun SCXW266627304 BCX0\">sem perder o mandato. <\/span><\/span><span class=\"LineBreakBlob BlobObject DragDrop SCXW266627304 BCX0\"><span class=\"SCXW266627304 BCX0\">\u00a0<\/span><br class=\"SCXW266627304 BCX0\"\/><\/span><span class=\"LineBreakBlob BlobObject DragDrop SCXW266627304 BCX0\"><span class=\"SCXW266627304 BCX0\">\u00a0<\/span><br class=\"SCXW266627304 BCX0\"\/><\/span><span class=\"TextRun SCXW266627304 BCX0\" lang=\"PT-BR\" xml:lang=\"PT-BR\" data-contrast=\"auto\"><span class=\"NormalTextRun SCXW266627304 BCX0\">Essa possibilidade est\u00e1 prevista na Lei dos Partidos Pol\u00edticos (n<\/span><span class=\"NormalTextRun SCXW266627304 BCX0\">\u00famero <\/span><span class=\"NormalTextRun SCXW266627304 BCX0\">9.096\/<\/span><span class=\"NormalTextRun SCXW266627304 BCX0\">19<\/span><span class=\"NormalTextRun SCXW266627304 BCX0\">95) e \u00e9 considerada uma justa causa para desfilia\u00e7\u00e3o partid\u00e1ria, se for feita durante o per\u00edodo permitido.<\/span> <span class=\"NormalTextRun SCXW266627304 BCX0\">Segundo levantamento feito <\/span><span class=\"NormalTextRun SCXW266627304 BCX0\">pelo Tribuna<\/span><span class=\"NormalTextRun SCXW266627304 BCX0\">, quatro <\/span><span class=\"NormalTextRun SCXW266627304 BCX0\">vereadores <\/span><span class=\"NormalTextRun SCXW266627304 BCX0\">j\u00e1 definiram que v\u00e3o mudar de <\/span><span class=\"NormalTextRun SCXW266627304 BCX0\">legenda<\/span><span class=\"NormalTextRun SCXW266627304 BCX0\">. Outros dois <\/span><span class=\"NormalTextRun SCXW266627304 BCX0\">dizem a troca <\/span><span class=\"NormalTextRun SCXW266627304 BCX0\">pode<\/span> <span class=\"NormalTextRun SCXW266627304 BCX0\">acontecer e um <\/span><span class=\"NormalTextRun SCXW266627304 BCX0\">ainda <\/span><span class=\"NormalTextRun SCXW266627304 BCX0\">analisa se <\/span><span class=\"NormalTextRun SCXW266627304 BCX0\">vai <\/span><span class=\"NormalTextRun SCXW266627304 BCX0\">tentar <\/span><span class=\"NormalTextRun SCXW266627304 BCX0\">a<\/span><span class=\"NormalTextRun SCXW266627304 BCX0\"> reelei\u00e7\u00e3o.<\/span><\/span><span class=\"LineBreakBlob BlobObject DragDrop SCXW266627304 BCX0\"><span class=\"SCXW266627304 BCX0\">\u00a0<\/span><br class=\"SCXW266627304 BCX0\"\/><\/span><span class=\"LineBreakBlob BlobObject DragDrop SCXW266627304 BCX0\"><span class=\"SCXW266627304 BCX0\">\u00a0<\/span><br class=\"SCXW266627304 BCX0\"\/><\/span><span class=\"TextRun SCXW266627304 BCX0\" lang=\"PT-BR\" xml:lang=\"PT-BR\" data-contrast=\"auto\"><span class=\"NormalTextRun SCXW266627304 BCX0\">Entre os que mudar\u00e3o de partido est\u00e3o Jean <\/span><span class=\"NormalTextRun SpellingErrorV2Themed SCXW266627304 BCX0\">Corauci<\/span><span class=\"NormalTextRun SCXW266627304 BCX0\"> e <\/span><span class=\"NormalTextRun SpellingErrorV2Themed SCXW266627304 BCX0\">Luis<\/span><span class=\"NormalTextRun SCXW266627304 BCX0\"> Fran\u00e7a, atualmente no PSB<\/span><span class=\"NormalTextRun SCXW266627304 BCX0\">. Devem migrar <\/span><span class=\"NormalTextRun SCXW266627304 BCX0\">para o PSD d<\/span><span class=\"NormalTextRun SCXW266627304 BCX0\">e <\/span><span class=\"NormalTextRun SCXW266627304 BCX0\">Ricardo Silva. Os dois parlamentares t\u00eam forte liga\u00e7\u00e3o pol\u00edtica com o deputado <\/span><span class=\"NormalTextRun SCXW266627304 BCX0\">federal, <\/span><span class=\"NormalTextRun SCXW266627304 BCX0\">cotado como potencial candidato \u00e0 prefeitura <\/span><span class=\"NormalTextRun SCXW266627304 BCX0\">de Ribeir\u00e3o Preto <\/span><span class=\"NormalTextRun SCXW266627304 BCX0\">nas elei\u00e7\u00f5es municipais deste ano<\/span><span class=\"NormalTextRun SCXW266627304 BCX0\">, em <\/span><span class=\"NormalTextRun SCXW266627304 BCX0\">6<\/span><span class=\"NormalTextRun SCXW266627304 BCX0\"> de outubro<\/span><span class=\"NormalTextRun SCXW266627304 BCX0\">.<\/span><\/span><span class=\"LineBreakBlob BlobObject DragDrop SCXW266627304 BCX0\"><span class=\"SCXW266627304 BCX0\">\u00a0<\/span><br class=\"SCXW266627304 BCX0\"\/><\/span><span class=\"LineBreakBlob BlobObject DragDrop SCXW266627304 BCX0\"><span class=\"SCXW266627304 BCX0\">\u00a0<\/span><br class=\"SCXW266627304 BCX0\"\/><\/span><span class=\"TextRun SCXW266627304 BCX0\" lang=\"PT-BR\" xml:lang=\"PT-BR\" data-contrast=\"auto\"><span class=\"NormalTextRun SCXW266627304 BCX0\">J\u00e1 Lincoln Fernandes vai deixar o PDT e ingressar no PL do ex-presidente Jair <\/span><span class=\"NormalTextRun SCXW266627304 BCX0\">Bolsonaro<\/span><span class=\"NormalTextRun SCXW266627304 BCX0\">, a convite do presidente estadual da legenda, o deputado estadual e presidente da <\/span><span class=\"NormalTextRun SCXW266627304 BCX0\">Assembleia<\/span><span class=\"NormalTextRun SCXW266627304 BCX0\"> Legislativa de S\u00e3o Paulo (<\/span><span class=\"NormalTextRun SCXW266627304 BCX0\">Alesp<\/span><span class=\"NormalTextRun SCXW266627304 BCX0\">), Andr\u00e9 do Prado<\/span><span class=\"NormalTextRun SCXW266627304 BCX0\">, com aval <\/span><span class=\"NormalTextRun SCXW266627304 BCX0\">presidente do <\/span><span class=\"NormalTextRun SCXW266627304 BCX0\">D<\/span><span class=\"NormalTextRun SCXW266627304 BCX0\">iret\u00f3rio <\/span><span class=\"NormalTextRun SCXW266627304 BCX0\">M<\/span><span class=\"NormalTextRun SCXW266627304 BCX0\">unicipal em Ribeir\u00e3o Preto<\/span><span class=\"NormalTextRun SCXW266627304 BCX0\"> e da C\u00e2mara, <\/span><span class=\"NormalTextRun SCXW266627304 BCX0\">Isaac Antunes.<\/span><\/span><span class=\"LineBreakBlob BlobObject DragDrop SCXW266627304 BCX0\"><span class=\"SCXW266627304 BCX0\">\u00a0<\/span><br class=\"SCXW266627304 BCX0\"\/><\/span><span class=\"LineBreakBlob BlobObject DragDrop SCXW266627304 BCX0\"><span class=\"SCXW266627304 BCX0\">\u00a0<\/span><br class=\"SCXW266627304 BCX0\"\/><\/span><span class=\"TextRun SCXW266627304 BCX0\" lang=\"PT-BR\" xml:lang=\"PT-BR\" data-contrast=\"auto\"><span class=\"NormalTextRun SCXW266627304 BCX0\">Franco Ferro, que est\u00e1 no PRTB, garantiu que sair\u00e1 da legenda e estuda as propostas que recebeu. A mais fact\u00edvel \u00e9 a migra\u00e7\u00e3o para algum partido da base de apoio do prefeito Duarte Nogueira (PSDB). Especula-se que poderia migrar para o PP do vice-prefeito Daniel <\/span><span class=\"NormalTextRun SCXW266627304 BCX0\">Gobbi<\/span><span class=\"NormalTextRun SCXW266627304 BCX0\">, cotado como candidato natural do grupo a sucess\u00e3o <\/span><span class=\"NormalTextRun SCXW266627304 BCX0\">do tucano<\/span><span class=\"NormalTextRun SCXW266627304 BCX0\">.<\/span><\/span><span class=\"LineBreakBlob BlobObject DragDrop SCXW266627304 BCX0\"><span class=\"SCXW266627304 BCX0\">\u00a0<\/span><br class=\"SCXW266627304 BCX0\"\/><\/span><span class=\"LineBreakBlob BlobObject DragDrop SCXW266627304 BCX0\"><span class=\"SCXW266627304 BCX0\">\u00a0<\/span><br class=\"SCXW266627304 BCX0\"\/><\/span><span class=\"TextRun SCXW266627304 BCX0\" lang=\"PT-BR\" xml:lang=\"PT-BR\" data-contrast=\"auto\"><span class=\"NormalTextRun SCXW266627304 BCX0\">Entre os que <\/span><span class=\"NormalTextRun SCXW266627304 BCX0\">analisam <\/span><span class=\"NormalTextRun SCXW266627304 BCX0\">o assunto est\u00e1 Paulo Modas (Uni\u00e3o Brasil). <\/span><span class=\"NormalTextRun SCXW266627304 BCX0\">A<\/span><span class=\"NormalTextRun SCXW266627304 BCX0\">firm<\/span><span class=\"NormalTextRun SCXW266627304 BCX0\">a<\/span> <span class=\"NormalTextRun SCXW266627304 BCX0\">ter recebido <\/span><span class=\"NormalTextRun SCXW266627304 BCX0\">convites de v\u00e1rias legendas<\/span><span class=\"NormalTextRun SCXW266627304 BCX0\">. <\/span><span class=\"NormalTextRun SCXW266627304 BCX0\">O <\/span><span class=\"NormalTextRun SCXW266627304 BCX0\">Tribuna<\/span><span class=\"NormalTextRun SCXW266627304 BCX0\"> apurou que o PSD de Ricardo Silva dever\u00e1 ser o novo partido <\/span><span class=\"NormalTextRun SCXW266627304 BCX0\">do vereador<\/span><span class=\"NormalTextRun SCXW266627304 BCX0\">. S\u00e9rgio <\/span><span class=\"NormalTextRun SpellingErrorV2Themed SCXW266627304 BCX0\">Zerbinato<\/span><span class=\"NormalTextRun SCXW266627304 BCX0\"> (PSB) ainda analisa o assunto. <\/span><\/span><span class=\"LineBreakBlob BlobObject DragDrop SCXW266627304 BCX0\"><span class=\"SCXW266627304 BCX0\">\u00a0<\/span><br class=\"SCXW266627304 BCX0\"\/><\/span><span class=\"LineBreakBlob BlobObject DragDrop SCXW266627304 BCX0\"><span class=\"SCXW266627304 BCX0\">\u00a0<\/span><br class=\"SCXW266627304 BCX0\"\/><\/span><span class=\"TextRun SCXW266627304 BCX0\" lang=\"PT-BR\" xml:lang=\"PT-BR\" data-contrast=\"auto\"><span class=\"NormalTextRun SCXW266627304 BCX0\">Por fim, Ramon Faustino (P<\/span><span class=\"NormalTextRun SCXW266627304 BCX0\">SOL<\/span><span class=\"NormalTextRun SCXW266627304 BCX0\">) <\/span><span class=\"NormalTextRun SCXW266627304 BCX0\">diz <\/span><span class=\"NormalTextRun SCXW266627304 BCX0\">que se reunir\u00e1 durante o m\u00eas de mar\u00e7o com seus colaboradores<\/span> <span class=\"NormalTextRun SCXW266627304 BCX0\">e apoiadores para definir se tentar\u00e1 a reelei\u00e7\u00e3o e por qual partido isso <\/span><span class=\"NormalTextRun SCXW266627304 BCX0\">vai acontecer<\/span><span class=\"NormalTextRun SCXW266627304 BCX0\">. Afirm<\/span><span class=\"NormalTextRun SCXW266627304 BCX0\">a<\/span><span class=\"NormalTextRun SCXW266627304 BCX0\"> que caso n\u00e3o se<\/span><span class=\"NormalTextRun SCXW266627304 BCX0\">ja<\/span><span class=\"NormalTextRun SCXW266627304 BCX0\"> candidat<\/span><span class=\"NormalTextRun SCXW266627304 BCX0\">o<\/span><span class=\"NormalTextRun SCXW266627304 BCX0\">, ir\u00e1 se posicionar e <\/span><span class=\"NormalTextRun SCXW266627304 BCX0\">ter<\/span><span class=\"NormalTextRun SCXW266627304 BCX0\"> influ\u00eancia sobre a disputa para a <\/span><span class=\"NormalTextRun SCXW266627304 BCX0\">p<\/span><span class=\"NormalTextRun SCXW266627304 BCX0\">refeitura e <\/span><span class=\"NormalTextRun SCXW266627304 BCX0\">a <\/span><span class=\"NormalTextRun SCXW266627304 BCX0\">o Legislativo.<\/span><\/span><span class=\"LineBreakBlob BlobObject DragDrop SCXW266627304 BCX0\"><span class=\"SCXW266627304 BCX0\">\u00a0<\/span><br class=\"SCXW266627304 BCX0\"\/><\/span><span class=\"LineBreakBlob BlobObject DragDrop SCXW266627304 BCX0\"><span class=\"SCXW266627304 BCX0\">\u00a0<\/span><br class=\"SCXW266627304 BCX0\"\/><\/span><span class=\"TextRun SCXW266627304 BCX0\" lang=\"PT-BR\" xml:lang=\"PT-BR\" data-contrast=\"auto\"><span class=\"NormalTextRun SCXW266627304 BCX0\">No caso de <\/span><span class=\"NormalTextRun SCXW266627304 BCX0\">Faustino <\/span><span class=\"NormalTextRun SCXW266627304 BCX0\">e <\/span><span class=\"NormalTextRun SpellingErrorV2Themed SCXW266627304 BCX0\">Zerbinato<\/span><span class=\"NormalTextRun SCXW266627304 BCX0\">,<\/span><span class=\"NormalTextRun SCXW266627304 BCX0\"> a reportagem apurou que poucas legendas <\/span><span class=\"NormalTextRun SCXW266627304 BCX0\">t\u00eam <\/span><span class=\"NormalTextRun SCXW266627304 BCX0\">interesse no passe deles <\/span><span class=\"NormalTextRun SCXW266627304 BCX0\">devido \u00e0<\/span><span class=\"NormalTextRun SCXW266627304 BCX0\">s acusa\u00e7\u00f5es que <\/span><span class=\"NormalTextRun SCXW266627304 BCX0\">pesam contra a dupla<\/span><span class=\"NormalTextRun SCXW266627304 BCX0\">.\u00a0 <\/span><span class=\"NormalTextRun SCXW266627304 BCX0\">O vereador do PSOL <\/span><span class=\"NormalTextRun SCXW266627304 BCX0\">foi acusado por sua ex-namorada e ex-assessora Viviane Patr\u00edcia da Silva de persegui\u00e7\u00e3o e viol\u00eancia psicol\u00f3gica<\/span><span class=\"NormalTextRun SCXW266627304 BCX0\">.<\/span><\/span><span class=\"LineBreakBlob BlobObject DragDrop SCXW266627304 BCX0\"><span class=\"SCXW266627304 BCX0\">\u00a0<\/span><br class=\"SCXW266627304 BCX0\"\/><\/span><span class=\"LineBreakBlob BlobObject DragDrop SCXW266627304 BCX0\"><span class=\"SCXW266627304 BCX0\">\u00a0<\/span><br class=\"SCXW266627304 BCX0\"\/><\/span><span class=\"TextRun SCXW266627304 BCX0\" lang=\"PT-BR\" xml:lang=\"PT-BR\" data-contrast=\"auto\"><span class=\"NormalTextRun SCXW266627304 BCX0\">Isso teria ocorrido <\/span><span class=\"NormalTextRun SCXW266627304 BCX0\">ap\u00f3s o fim do relacionamento. No final do ano passado, <\/span><span class=\"NormalTextRun SCXW266627304 BCX0\">o juiz Caio<\/span><span class=\"NormalTextRun SCXW266627304 BCX0\"> Cesar <\/span><span class=\"NormalTextRun SpellingErrorV2Themed SCXW266627304 BCX0\">Melluso<\/span><span class=\"NormalTextRun SCXW266627304 BCX0\">, da Vara de Viol\u00eancia Dom\u00e9stica e Familiar de Ribeir\u00e3o Preto<\/span><span class=\"NormalTextRun SCXW266627304 BCX0\">,<\/span><span class=\"NormalTextRun SCXW266627304 BCX0\"> acatou a den\u00fancia proposta pelo Minist\u00e9rio P\u00fablico de S\u00e3o Paulo (MPSP) e transformou o vereador em r\u00e9u.<\/span><\/span><span class=\"LineBreakBlob BlobObject DragDrop SCXW266627304 BCX0\"><span class=\"SCXW266627304 BCX0\">\u00a0<\/span><br class=\"SCXW266627304 BCX0\"\/><\/span><span class=\"LineBreakBlob BlobObject DragDrop SCXW266627304 BCX0\"><span class=\"SCXW266627304 BCX0\">\u00a0<\/span><br class=\"SCXW266627304 BCX0\"\/><\/span><span class=\"TextRun SCXW266627304 BCX0\" lang=\"PT-BR\" xml:lang=\"PT-BR\" data-contrast=\"auto\"><span class=\"NormalTextRun SCXW266627304 BCX0\">Zerbinato<\/span><span class=\"NormalTextRun SCXW266627304 BCX0\"> foi acusado pela ex-assessora Ivanilde Ribeiro Rodrigues de comandar, entre janeiro e agosto de 2021, um esquema de <\/span><span class=\"NormalTextRun SCXW266627304 BCX0\">\u201c<\/span><span class=\"NormalTextRun SpellingErrorV2Themed SCXW266627304 BCX0\">rachadinha<\/span><span class=\"NormalTextRun SCXW266627304 BCX0\">\u201d<\/span><span class=\"NormalTextRun SCXW266627304 BCX0\"> dentro de seu gabinete. Na esfera judicial<\/span><span class=\"NormalTextRun SCXW266627304 BCX0\">,<\/span><span class=\"NormalTextRun SCXW266627304 BCX0\"> o parlamentar \u00e9 alvo de uma a\u00e7\u00e3o proposta pela ju\u00edza <\/span><span class=\"NormalTextRun SCXW266627304 BCX0\">Lucilene<\/span><span class=\"NormalTextRun SCXW266627304 BCX0\"> Aparecida <\/span><span class=\"NormalTextRun SpellingErrorV2Themed SCXW266627304 BCX0\">Canella<\/span><span class=\"NormalTextRun SCXW266627304 BCX0\"> de Melo, da 2\u00aa Vara da Fazenda P\u00fablica de Ribeir\u00e3o Preto. A C\u00e2mara arquivou processo contra o parlamentar.<\/span><\/span><span class=\"LineBreakBlob BlobObject DragDrop SCXW266627304 BCX0\"><span class=\"SCXW266627304 BCX0\">\u00a0<\/span><br class=\"SCXW266627304 BCX0\"\/><\/span><span class=\"LineBreakBlob BlobObject DragDrop SCXW266627304 BCX0\"><span class=\"SCXW266627304 BCX0\">\u00a0<\/span><\/span><span class=\"LineBreakBlob BlobObject DragDrop SCXW266627304 BCX0\"><br class=\"SCXW266627304 BCX0\"\/><\/span><strong><span class=\"TextRun SCXW266627304 BCX0\" lang=\"PT-BR\" xml:lang=\"PT-BR\" data-contrast=\"auto\"><span class=\"NormalTextRun SCXW266627304 BCX0\">Quem n\u00e3o dever\u00e1 <\/span><\/span><span class=\"TextRun SCXW266627304 BCX0\" lang=\"PT-BR\" xml:lang=\"PT-BR\" data-contrast=\"auto\"><span class=\"NormalTextRun SCXW266627304 BCX0\">mudar de <\/span><span class=\"NormalTextRun SCXW266627304 BCX0\">p<\/span><span class=\"NormalTextRun SCXW266627304 BCX0\">artido<\/span><\/span><\/strong><span class=\"LineBreakBlob BlobObject DragDrop SCXW266627304 BCX0\"><strong><span class=\"SCXW266627304 BCX0\">\u00a0<\/span><\/strong><br class=\"SCXW266627304 BCX0\"\/><\/span><span class=\"TextRun SCXW266627304 BCX0\" lang=\"PT-BR\" xml:lang=\"PT-BR\" data-contrast=\"auto\"><span class=\"NormalTextRun SCXW266627304 BCX0\">Alessandro <\/span><span class=\"NormalTextRun SCXW266627304 BCX0\">Maraca<\/span><span class=\"NormalTextRun SCXW266627304 BCX0\"> (MDB)<\/span><\/span><span class=\"LineBreakBlob BlobObject DragDrop SCXW266627304 BCX0\"><span class=\"SCXW266627304 BCX0\">\u00a0<\/span><br class=\"SCXW266627304 BCX0\"\/><\/span><span class=\"TextRun SCXW266627304 BCX0\" lang=\"PT-BR\" xml:lang=\"PT-BR\" data-contrast=\"auto\"><span class=\"NormalTextRun SCXW266627304 BCX0\">Igor Oliveira (MDB)<\/span><\/span><span class=\"LineBreakBlob BlobObject DragDrop SCXW266627304 BCX0\"><span class=\"SCXW266627304 BCX0\">\u00a0<\/span><br class=\"SCXW266627304 BCX0\"\/><\/span><span class=\"TextRun SCXW266627304 BCX0\" lang=\"PT-BR\" xml:lang=\"PT-BR\" data-contrast=\"auto\"><span class=\"NormalTextRun SCXW266627304 BCX0\">Matheus Moreno (MDB)<\/span><\/span><span class=\"LineBreakBlob BlobObject DragDrop SCXW266627304 BCX0\"><span class=\"SCXW266627304 BCX0\">\u00a0<\/span><br class=\"SCXW266627304 BCX0\"\/><\/span><span class=\"TextRun SCXW266627304 BCX0\" lang=\"PT-BR\" xml:lang=\"PT-BR\" data-contrast=\"auto\"><span class=\"NormalTextRun SCXW266627304 BCX0\">Andr\u00e9 <\/span><span class=\"NormalTextRun SpellingErrorV2Themed SCXW266627304 BCX0\">Rodini<\/span><span class=\"NormalTextRun SCXW266627304 BCX0\"> (Novo)<\/span><\/span><span class=\"LineBreakBlob BlobObject DragDrop SCXW266627304 BCX0\"><span class=\"SCXW266627304 BCX0\">\u00a0<\/span><br class=\"SCXW266627304 BCX0\"\/><\/span><span class=\"TextRun SCXW266627304 BCX0\" lang=\"PT-BR\" xml:lang=\"PT-BR\" data-contrast=\"auto\"><span class=\"NormalTextRun SCXW266627304 BCX0\">Andr\u00e9 Trindade (Uni\u00e3o Brasil)<\/span><\/span><span class=\"LineBreakBlob BlobObject DragDrop SCXW266627304 BCX0\"><span class=\"SCXW266627304 BCX0\">\u00a0<\/span><br class=\"SCXW266627304 BCX0\"\/><\/span><span class=\"TextRun SCXW266627304 BCX0\" lang=\"PT-BR\" xml:lang=\"PT-BR\" data-contrast=\"auto\"><span class=\"NormalTextRun SCXW266627304 BCX0\">Maur\u00edcio Gasparini (<\/span><span class=\"NormalTextRun SCXW266627304 BCX0\">Uni\u00e3o Brasil<\/span><span class=\"NormalTextRun SCXW266627304 BCX0\">)<\/span><\/span><span class=\"LineBreakBlob BlobObject DragDrop SCXW266627304 BCX0\"><span class=\"SCXW266627304 BCX0\">\u00a0<\/span><br class=\"SCXW266627304 BCX0\"\/><\/span><span class=\"TextRun SCXW266627304 BCX0\" lang=\"PT-BR\" xml:lang=\"PT-BR\" data-contrast=\"auto\"><span class=\"NormalTextRun SCXW266627304 BCX0\">Elizeu Rocha (PP)<\/span><\/span><span class=\"LineBreakBlob BlobObject DragDrop SCXW266627304 BCX0\"><span class=\"SCXW266627304 BCX0\">\u00a0<\/span><br class=\"SCXW266627304 BCX0\"\/><\/span><span class=\"TextRun SCXW266627304 BCX0\" lang=\"PT-BR\" xml:lang=\"PT-BR\" data-contrast=\"auto\"><span class=\"NormalTextRun SCXW266627304 BCX0\">Renato <\/span><span class=\"NormalTextRun SpellingErrorV2Themed SCXW266627304 BCX0\">Zucoloto<\/span><span class=\"NormalTextRun SCXW266627304 BCX0\"> (PP)<\/span><\/span><span class=\"LineBreakBlob BlobObject DragDrop SCXW266627304 BCX0\"><span class=\"SCXW266627304 BCX0\">\u00a0<\/span><br class=\"SCXW266627304 BCX0\"\/><\/span><span class=\"TextRun SCXW266627304 BCX0\" lang=\"PT-BR\" xml:lang=\"PT-BR\" data-contrast=\"auto\"><span class=\"NormalTextRun SCXW266627304 BCX0\">Brando Veiga (Republicanos)<\/span><\/span><span class=\"LineBreakBlob BlobObject DragDrop SCXW266627304 BCX0\"><span class=\"SCXW266627304 BCX0\">\u00a0<\/span><br class=\"SCXW266627304 BCX0\"\/><\/span><span class=\"TextRun SCXW266627304 BCX0\" lang=\"PT-BR\" xml:lang=\"PT-BR\" data-contrast=\"auto\"><span class=\"NormalTextRun SCXW266627304 BCX0\">Bertinho<\/span> <span class=\"NormalTextRun SpellingErrorV2Themed SCXW266627304 BCX0\">Scandiuzzi<\/span><span class=\"NormalTextRun SCXW266627304 BCX0\"> (PSDB)<\/span><\/span><span class=\"LineBreakBlob BlobObject DragDrop SCXW266627304 BCX0\"><span class=\"SCXW266627304 BCX0\">\u00a0<\/span><br class=\"SCXW266627304 BCX0\"\/><\/span><span class=\"TextRun SCXW266627304 BCX0\" lang=\"PT-BR\" xml:lang=\"PT-BR\" data-contrast=\"auto\"><span class=\"NormalTextRun SCXW266627304 BCX0\">Maur\u00edcio Vila <\/span><span class=\"NormalTextRun SCXW266627304 BCX0\">Abranches<\/span><span class=\"NormalTextRun SCXW266627304 BCX0\"> (PSDB)<\/span><\/span><span class=\"LineBreakBlob BlobObject DragDrop SCXW266627304 BCX0\"><span class=\"SCXW266627304 BCX0\">\u00a0<\/span><br class=\"SCXW266627304 BCX0\"\/><\/span><span class=\"TextRun SCXW266627304 BCX0\" lang=\"PT-BR\" xml:lang=\"PT-BR\" data-contrast=\"auto\"><span class=\"NormalTextRun SCXW266627304 BCX0\">Duda <\/span><span class=\"NormalTextRun SCXW266627304 BCX0\">Hidalgo<\/span><span class=\"NormalTextRun SCXW266627304 BCX0\"> (PT)<\/span><\/span><span class=\"LineBreakBlob BlobObject DragDrop SCXW266627304 BCX0\"><span class=\"SCXW266627304 BCX0\">\u00a0<\/span><br class=\"SCXW266627304 BCX0\"\/><\/span><span class=\"TextRun SCXW266627304 BCX0\" lang=\"PT-BR\" xml:lang=\"PT-BR\" data-contrast=\"auto\"><span class=\"NormalTextRun SCXW266627304 BCX0\">Judeti<\/span> <span class=\"NormalTextRun SCXW266627304 BCX0\">Zilli<\/span><span class=\"NormalTextRun SCXW266627304 BCX0\"> (PT<\/span><span class=\"NormalTextRun SCXW266627304 BCX0\">, <\/span><span class=\"NormalTextRun SCXW266627304 BCX0\">Coletivo Popular<\/span><span class=\"NormalTextRun SCXW266627304 BCX0\">)<\/span><\/span><span class=\"LineBreakBlob BlobObject DragDrop SCXW266627304 BCX0\"><span class=\"SCXW266627304 BCX0\">\u00a0<\/span><br class=\"SCXW266627304 BCX0\"\/><\/span><span class=\"TextRun SCXW266627304 BCX0\" lang=\"PT-BR\" xml:lang=\"PT-BR\" data-contrast=\"auto\"><span class=\"NormalTextRun SCXW266627304 BCX0\">Marcos Papa (Podemos)<\/span><\/span><span class=\"LineBreakBlob BlobObject DragDrop SCXW266627304 BCX0\"><span class=\"SCXW266627304 BCX0\">\u00a0<\/span><br class=\"SCXW266627304 BCX0\"\/><\/span><span class=\"TextRun SCXW266627304 BCX0\" lang=\"PT-BR\" xml:lang=\"PT-BR\" data-contrast=\"auto\"><span class=\"NormalTextRun SCXW266627304 BCX0\">Isaac Antunes (PL)<\/span><\/span><span class=\"LineBreakBlob BlobObject DragDrop SCXW266627304 BCX0\"><span class=\"SCXW266627304 BCX0\">\u00a0<\/span><br class=\"SCXW266627304 BCX0\"\/><\/span><\/p>\n<p><strong><span class=\"TextRun SCXW266627304 BCX0\" lang=\"PT-BR\" xml:lang=\"PT-BR\" data-contrast=\"auto\"><span class=\"NormalTextRun SCXW266627304 BCX0\">Quem vai mudar de partido<\/span><\/span><\/strong><span class=\"LineBreakBlob BlobObject DragDrop SCXW266627304 BCX0\"><strong><span class=\"SCXW266627304 BCX0\">\u00a0<\/span><\/strong><br class=\"SCXW266627304 BCX0\"\/><\/span><span class=\"TextRun SCXW266627304 BCX0\" lang=\"PT-BR\" xml:lang=\"PT-BR\" data-contrast=\"auto\"><span class=\"NormalTextRun SCXW266627304 BCX0\">Jean <\/span><span class=\"NormalTextRun SpellingErrorV2Themed SCXW266627304 BCX0\">Corauci<\/span><span class=\"NormalTextRun SCXW266627304 BCX0\"> (PSB)<\/span><\/span><span class=\"LineBreakBlob BlobObject DragDrop SCXW266627304 BCX0\"><span class=\"SCXW266627304 BCX0\">\u00a0<\/span><br class=\"SCXW266627304 BCX0\"\/><\/span><span class=\"TextRun SCXW266627304 BCX0\" lang=\"PT-BR\" xml:lang=\"PT-BR\" data-contrast=\"auto\"><span class=\"NormalTextRun SCXW266627304 BCX0\">Luis Fran\u00e7a<\/span><span class=\"NormalTextRun SCXW266627304 BCX0\"> (PSB)<\/span><\/span><span class=\"LineBreakBlob BlobObject DragDrop SCXW266627304 BCX0\"><span class=\"SCXW266627304 BCX0\">\u00a0<\/span><br class=\"SCXW266627304 BCX0\"\/><\/span><span class=\"TextRun SCXW266627304 BCX0\" lang=\"PT-BR\" xml:lang=\"PT-BR\" data-contrast=\"auto\"><span class=\"NormalTextRun SCXW266627304 BCX0\">Franco Ferro<\/span><span class=\"NormalTextRun SCXW266627304 BCX0\"> (PRTB)<\/span><\/span><span class=\"LineBreakBlob BlobObject DragDrop SCXW266627304 BCX0\"><span class=\"SCXW266627304 BCX0\">\u00a0<\/span><br class=\"SCXW266627304 BCX0\"\/><\/span><span class=\"TextRun SCXW266627304 BCX0\" lang=\"PT-BR\" xml:lang=\"PT-BR\" data-contrast=\"auto\"><span class=\"NormalTextRun SCXW266627304 BCX0\">Lincoln Fernandes<\/span><span class=\"NormalTextRun SCXW266627304 BCX0\"> (PDT)<\/span><\/span><span class=\"LineBreakBlob BlobObject DragDrop SCXW266627304 BCX0\"><span class=\"SCXW266627304 BCX0\">\u00a0<\/span><br class=\"SCXW266627304 BCX0\"\/><\/span><\/p>\n<p><strong><span class=\"TextRun SCXW266627304 BCX0\" lang=\"PT-BR\" xml:lang=\"PT-BR\" data-contrast=\"auto\"><span class=\"NormalTextRun SCXW266627304 BCX0\">Quem analisa<\/span> <span class=\"NormalTextRun SCXW266627304 BCX0\">o assunto<\/span><\/span><\/strong><span class=\"LineBreakBlob BlobObject DragDrop SCXW266627304 BCX0\"><strong><span class=\"SCXW266627304 BCX0\">\u00a0<\/span><\/strong><br class=\"SCXW266627304 BCX0\"\/><\/span><span class=\"TextRun SCXW266627304 BCX0\" lang=\"PT-BR\" xml:lang=\"PT-BR\" data-contrast=\"auto\"><span class=\"NormalTextRun SCXW266627304 BCX0\">Sergio <\/span><span class=\"NormalTextRun SpellingErrorV2Themed SCXW266627304 BCX0\">Zerbinato<\/span><span class=\"NormalTextRun SCXW266627304 BCX0\"> (PSB)<\/span><\/span><span class=\"LineBreakBlob BlobObject DragDrop SCXW266627304 BCX0\"><span class=\"SCXW266627304 BCX0\">\u00a0<\/span><br class=\"SCXW266627304 BCX0\"\/><\/span><span class=\"TextRun SCXW266627304 BCX0\" lang=\"PT-BR\" xml:lang=\"PT-BR\" data-contrast=\"auto\"><span class=\"NormalTextRun SCXW266627304 BCX0\">Paulo Modas<\/span><span class=\"NormalTextRun SCXW266627304 BCX0\"> (Uni\u00e3o Brasil)<\/span><\/span><span class=\"LineBreakBlob BlobObject DragDrop SCXW266627304 BCX0\"><span class=\"SCXW266627304 BCX0\">\u00a0<\/span><br class=\"SCXW266627304 BCX0\"\/><\/span><span class=\"TextRun SCXW266627304 BCX0\" lang=\"PT-BR\" xml:lang=\"PT-BR\" data-contrast=\"auto\"><span class=\"NormalTextRun SCXW266627304 BCX0\">Ramon Faustino<\/span><span class=\"NormalTextRun SCXW266627304 BCX0\"> (PSOL)<\/span><\/span><span class=\"LineBreakBlob BlobObject DragDrop SCXW266627304 BCX0\"><span class=\"SCXW266627304 BCX0\">\u00a0<\/span><br class=\"SCXW266627304 BCX0\"\/><\/span><span class=\"LineBreakBlob BlobObject DragDrop SCXW266627304 BCX0\"><span class=\"SCXW266627304 BCX0\">\u00a0<\/span><br class=\"SCXW266627304 BCX0\"\/><\/span><span class=\"LineBreakBlob BlobObject DragDrop SCXW266627304 BCX0\"><span class=\"SCXW266627304 BCX0\">\u00a0<\/span><br class=\"SCXW266627304 BCX0\"\/><\/span><span class=\"LineBreakBlob BlobObject DragDrop SCXW266627304 BCX0\"><span class=\"SCXW266627304 BCX0\">\u00a0<\/span><br class=\"SCXW266627304 BCX0\"\/><\/span><span class=\"LineBreakBlob BlobObject DragDrop SCXW266627304 BCX0\"><span class=\"SCXW266627304 BCX0\">\u00a0<\/span><br class=\"SCXW266627304 BCX0\"\/><\/span><span class=\"EOP SCXW266627304 BCX0\" data-ccp-props=\"{&quot;201341983&quot;:0,&quot;335559739&quot;:200,&quot;335559740&quot;:276}\">\u00a0<\/span><\/p>\n<\/div>\n<p><script async src=\"\/\/platform.twitter.com\/widgets.js\" charset=\"utf-8\"><\/script><br \/>\n<br \/><br \/>\n<br \/><a href=\"https:\/\/www.tribunaribeirao.com.br\/site\/sete-vereadores-podem-trocar-de-partido\/\">Source link <\/a><\/p>\n<!-- CONTENT END 1 -->\n","protected":false},"excerpt":{"rendered":"<p>7 de mar\u00e7o de 2024 | 11:006 de mar\u00e7o de 2024 | 20:00 0 Ao menos sete vereadores de Ribeir\u00e3o Preto \u2013 31,8% da C\u00e2mara,&#8230;<\/p>\n","protected":false},"author":1,"featured_media":41261,"comment_status":"open","ping_status":"open","sticky":false,"template":"","format":"standard","meta":{"advanced_seo_description":"","jetpack_seo_html_title":"","jetpack_seo_noindex":false,"jetpack_post_was_ever_published":false,"_jetpack_newsletter_access":"","_jetpack_dont_email_post_to_subs":false,"_jetpack_newsletter_tier_id":0,"_jetpack_memberships_contains_paywalled_content":false,"_jetpack_memberships_contains_paid_content":false,"footnotes":"","jetpack_publicize_message":"","jetpack_publicize_feature_enabled":true,"jetpack_social_post_already_shared":true,"jetpack_social_options":{"image_generator_settings":{"template":"highway","default_image_id":0,"font":"","enabled":false},"version":2}},"categories":[11],"tags":[793,1214,2215,809,1355],"class_list":["post-41260","post","type-post","status-publish","format-standard","has-post-thumbnail","hentry","category-noticias-de-ribeirao-preto-sp-e-regiao-ismael-colosi","tag-partido","tag-podem","tag-sete","tag-trocar","tag-vereadores"],"jetpack_publicize_connections":[],"jetpack_featured_media_url":"https:\/\/i0.wp.com\/noticiasribeiraopreto.com.br\/wp-content\/uploads\/2024\/03\/tse_1908200982-1-scaled.jpg?fit=1000%2C598&ssl=1","jetpack-related-posts":[{"id":44620,"url":"https:\/\/noticiasribeiraopreto.com.br\/index.php\/2024\/03\/28\/bertinho-scandiuzzi-deixa-o-psdb\/","url_meta":{"origin":41260,"position":0},"title":"Bertinho Scandiuzzi deixa o PSDB","author":"noticiasribeiraopreto.com.br","date":"28 de March de 2024","format":false,"excerpt":"28 de mar\u00e7o de 2024 | 17:45 0 O vereador de Ribeir\u00e3o Preto, Bertinho Scandiuzzi deixou o PSDB nesta quinta-feira, 28 de mar\u00e7o e migrou para o PSD, do deputado federal Ricardo Silva e de seu pai, o deputado estadual, Rafael Silva. Esta semana outros dois vereadores j\u00e1 haviam anunciado\u2026","rel":"","context":"In &quot;Not\u00edcias de Ribeir\u00e3o Preto-SP e Regi\u00e3o&quot;","block_context":{"text":"Not\u00edcias de Ribeir\u00e3o Preto-SP e Regi\u00e3o","link":"https:\/\/noticiasribeiraopreto.com.br\/index.php\/category\/noticias-de-ribeirao-preto-sp-e-regiao-ismael-colosi\/"},"img":{"alt_text":"","src":"https:\/\/i0.wp.com\/noticiasribeiraopreto.com.br\/wp-content\/uploads\/2024\/03\/2b0432b5-d320-4908-8192-6fb85d1029a0.jpg?fit=696%2C1200&ssl=1&resize=350%2C200","width":350,"height":200,"srcset":"https:\/\/i0.wp.com\/noticiasribeiraopreto.com.br\/wp-content\/uploads\/2024\/03\/2b0432b5-d320-4908-8192-6fb85d1029a0.jpg?fit=696%2C1200&ssl=1&resize=350%2C200 1x, https:\/\/i0.wp.com\/noticiasribeiraopreto.com.br\/wp-content\/uploads\/2024\/03\/2b0432b5-d320-4908-8192-6fb85d1029a0.jpg?fit=696%2C1200&ssl=1&resize=525%2C300 1.5x"},"classes":[]},{"id":45598,"url":"https:\/\/noticiasribeiraopreto.com.br\/index.php\/2024\/04\/05\/nove-integrantes-deixam-o-governo\/","url_meta":{"origin":41260,"position":1},"title":"Nove integrantes deixam o governo","author":"noticiasribeiraopreto.com.br","date":"5 de April de 2024","format":false,"excerpt":"Nove integrantes do alto escal\u00e3o do governo Duarte Nogueira (PSDB) pediram exonera\u00e7\u00e3o de seus cargos. Os desligamentos foram publicados no Di\u00e1rio Oficial do Munic\u00edpio (DOM) de quarta-feira (3). A debandada tem rela\u00e7\u00e3o direta com as elei\u00e7\u00f5es municipais deste ano. V\u00e1rios pretendem disputar uma vaga na C\u00e2mara de Vereadores e outros\u2026","rel":"","context":"In &quot;Not\u00edcias de Ribeir\u00e3o Preto-SP e Regi\u00e3o&quot;","block_context":{"text":"Not\u00edcias de Ribeir\u00e3o Preto-SP e Regi\u00e3o","link":"https:\/\/noticiasribeiraopreto.com.br\/index.php\/category\/noticias-de-ribeirao-preto-sp-e-regiao-ismael-colosi\/"},"img":{"alt_text":"","src":"https:\/\/i0.wp.com\/noticiasribeiraopreto.com.br\/wp-content\/uploads\/2024\/04\/Prefeitura-de-RP-Foto-CCS-scaled.jpeg?fit=970%2C645&ssl=1&resize=350%2C200","width":350,"height":200,"srcset":"https:\/\/i0.wp.com\/noticiasribeiraopreto.com.br\/wp-content\/uploads\/2024\/04\/Prefeitura-de-RP-Foto-CCS-scaled.jpeg?fit=970%2C645&ssl=1&resize=350%2C200 1x, https:\/\/i0.wp.com\/noticiasribeiraopreto.com.br\/wp-content\/uploads\/2024\/04\/Prefeitura-de-RP-Foto-CCS-scaled.jpeg?fit=970%2C645&ssl=1&resize=525%2C300 1.5x, https:\/\/i0.wp.com\/noticiasribeiraopreto.com.br\/wp-content\/uploads\/2024\/04\/Prefeitura-de-RP-Foto-CCS-scaled.jpeg?fit=970%2C645&ssl=1&resize=700%2C400 2x"},"classes":[]},{"id":45780,"url":"https:\/\/noticiasribeiraopreto.com.br\/index.php\/2024\/04\/07\/janela-partidaria-provoca-danca-das-cadeiras-na-camara-de-ribeirao-preto\/","url_meta":{"origin":41260,"position":2},"title":"Janela partid\u00e1ria provoca \u2018dan\u00e7a das cadeiras\u2019 na C\u00e2mara de Ribeir\u00e3o Preto","author":"noticiasribeiraopreto.com.br","date":"7 de April de 2024","format":false,"excerpt":"A janela partid\u00e1ria de 2024 terminou na \u00faltima sexta-feira (5) e, com isso, a configura\u00e7\u00e3o da C\u00e2mara Municipal de Ribeir\u00e3o Preto teve mudan\u00e7as. Ao todo, sete vereadores mudaram de partido de olho na disputa eleitoral marcada para o dia 6 de outubro. O PSD foi o partido mais beneficiado, com\u2026","rel":"","context":"In &quot;Not\u00edcias de Ribeir\u00e3o Preto-SP e Regi\u00e3o&quot;","block_context":{"text":"Not\u00edcias de Ribeir\u00e3o Preto-SP e Regi\u00e3o","link":"https:\/\/noticiasribeiraopreto.com.br\/index.php\/category\/noticias-de-ribeirao-preto-sp-e-regiao-ismael-colosi\/"},"img":{"alt_text":"","src":"https:\/\/i0.wp.com\/noticiasribeiraopreto.com.br\/wp-content\/uploads\/2024\/03\/AnyConv.com__camara-ribeirao-preto.webp.webp?fit=1200%2C800&ssl=1&resize=350%2C200","width":350,"height":200,"srcset":"https:\/\/i0.wp.com\/noticiasribeiraopreto.com.br\/wp-content\/uploads\/2024\/03\/AnyConv.com__camara-ribeirao-preto.webp.webp?fit=1200%2C800&ssl=1&resize=350%2C200 1x, https:\/\/i0.wp.com\/noticiasribeiraopreto.com.br\/wp-content\/uploads\/2024\/03\/AnyConv.com__camara-ribeirao-preto.webp.webp?fit=1200%2C800&ssl=1&resize=525%2C300 1.5x, https:\/\/i0.wp.com\/noticiasribeiraopreto.com.br\/wp-content\/uploads\/2024\/03\/AnyConv.com__camara-ribeirao-preto.webp.webp?fit=1200%2C800&ssl=1&resize=700%2C400 2x, https:\/\/i0.wp.com\/noticiasribeiraopreto.com.br\/wp-content\/uploads\/2024\/03\/AnyConv.com__camara-ribeirao-preto.webp.webp?fit=1200%2C800&ssl=1&resize=1050%2C600 3x"},"classes":[]},{"id":45035,"url":"https:\/\/noticiasribeiraopreto.com.br\/index.php\/2024\/04\/01\/prefeitura-deve-perder-cinco-secretarios\/","url_meta":{"origin":41260,"position":3},"title":"Prefeitura deve perder cinco secret\u00e1rios","author":"noticiasribeiraopreto.com.br","date":"1 de April de 2024","format":false,"excerpt":"1 de abril de 2024 | 17:081 de abril de 2024 | 17:46 0 Pelo menos cinco secret\u00e1rios municipais devem deixar o governo do prefeito Duarte Nogueira (PSDB) at\u00e9 a pr\u00f3xima sexta-feira, 5 de abril. Nesta data termina o prazo para quem ocupa cargo comissionado e pretende disputar a elei\u00e7\u00e3o\u2026","rel":"","context":"In &quot;Not\u00edcias de Ribeir\u00e3o Preto-SP e Regi\u00e3o&quot;","block_context":{"text":"Not\u00edcias de Ribeir\u00e3o Preto-SP e Regi\u00e3o","link":"https:\/\/noticiasribeiraopreto.com.br\/index.php\/category\/noticias-de-ribeirao-preto-sp-e-regiao-ismael-colosi\/"},"img":{"alt_text":"","src":"https:\/\/i0.wp.com\/noticiasribeiraopreto.com.br\/wp-content\/uploads\/2024\/04\/prefeitura.jpg?fit=800%2C500&ssl=1&resize=350%2C200","width":350,"height":200,"srcset":"https:\/\/i0.wp.com\/noticiasribeiraopreto.com.br\/wp-content\/uploads\/2024\/04\/prefeitura.jpg?fit=800%2C500&ssl=1&resize=350%2C200 1x, https:\/\/i0.wp.com\/noticiasribeiraopreto.com.br\/wp-content\/uploads\/2024\/04\/prefeitura.jpg?fit=800%2C500&ssl=1&resize=525%2C300 1.5x, https:\/\/i0.wp.com\/noticiasribeiraopreto.com.br\/wp-content\/uploads\/2024\/04\/prefeitura.jpg?fit=800%2C500&ssl=1&resize=700%2C400 2x"},"classes":[]},{"id":44285,"url":"https:\/\/noticiasribeiraopreto.com.br\/index.php\/2024\/03\/26\/prefeito-e-cinco-vereadores-de-cravinhos-filiam-se-ao-mdb\/","url_meta":{"origin":41260,"position":4},"title":"Prefeito e cinco vereadores de Cravinhos filiam-se ao MDB","author":"noticiasribeiraopreto.com.br","date":"26 de March de 2024","format":false,"excerpt":"26 de mar\u00e7o de 2024 | 17:42 0 O MDB oficializou a filia\u00e7\u00e3o de nove importantes lideran\u00e7as de Cravinhos, incluindo o prefeito Itamar Bueno e o ex-prefeito Boi, na manh\u00e3 desta segunda-feira, 26, na C\u00e2mara Municipal. A cerim\u00f4nia contou com a presen\u00e7a do presidente nacional do partido, deputado federal Baleia\u2026","rel":"","context":"In &quot;Not\u00edcias de Ribeir\u00e3o Preto-SP e Regi\u00e3o&quot;","block_context":{"text":"Not\u00edcias de Ribeir\u00e3o Preto-SP e Regi\u00e3o","link":"https:\/\/noticiasribeiraopreto.com.br\/index.php\/category\/noticias-de-ribeirao-preto-sp-e-regiao-ismael-colosi\/"},"img":{"alt_text":"","src":"https:\/\/i0.wp.com\/noticiasribeiraopreto.com.br\/wp-content\/uploads\/2024\/03\/photo_2024-03-25_12-34-51-scaled.jpg?fit=1000%2C563&ssl=1&resize=350%2C200","width":350,"height":200,"srcset":"https:\/\/i0.wp.com\/noticiasribeiraopreto.com.br\/wp-content\/uploads\/2024\/03\/photo_2024-03-25_12-34-51-scaled.jpg?fit=1000%2C563&ssl=1&resize=350%2C200 1x, https:\/\/i0.wp.com\/noticiasribeiraopreto.com.br\/wp-content\/uploads\/2024\/03\/photo_2024-03-25_12-34-51-scaled.jpg?fit=1000%2C563&ssl=1&resize=525%2C300 1.5x, https:\/\/i0.wp.com\/noticiasribeiraopreto.com.br\/wp-content\/uploads\/2024\/03\/photo_2024-03-25_12-34-51-scaled.jpg?fit=1000%2C563&ssl=1&resize=700%2C400 2x"},"classes":[]},{"id":39063,"url":"https:\/\/noticiasribeiraopreto.com.br\/index.php\/2024\/02\/23\/partido-novo-anuncia-pre-candidato-a-prefeito\/","url_meta":{"origin":41260,"position":5},"title":"Partido Novo anuncia pr\u00e9-candidato a prefeito","author":"noticiasribeiraopreto.com.br","date":"23 de February de 2024","format":false,"excerpt":"23 de fevereiro de 2024 | 9:0022 de fevereiro de 2024 | 19:21 0O Partido Novo de Ribeir\u00e3o Preto anunciou, nesta quinta-feira, 22 de fevereiro, o pr\u00e9-candidato da legenda para prefeito nas elei\u00e7\u00f5es municipais de 6 de outubro deste ano. Ser\u00e1 o empres\u00e1rio Marco Aur\u00e9lio Martins. Tr\u00eas postulantes se inscreveram\u2026","rel":"","context":"In &quot;Not\u00edcias de Ribeir\u00e3o Preto-SP e Regi\u00e3o&quot;","block_context":{"text":"Not\u00edcias de Ribeir\u00e3o Preto-SP e Regi\u00e3o","link":"https:\/\/noticiasribeiraopreto.com.br\/index.php\/category\/noticias-de-ribeirao-preto-sp-e-regiao-ismael-colosi\/"},"img":{"alt_text":"","src":"https:\/\/i0.wp.com\/noticiasribeiraopreto.com.br\/wp-content\/uploads\/2024\/02\/EleicaoRP-Alfredo-Risk-scaled.jpg?fit=967%2C645&ssl=1&resize=350%2C200","width":350,"height":200,"srcset":"https:\/\/i0.wp.com\/noticiasribeiraopreto.com.br\/wp-content\/uploads\/2024\/02\/EleicaoRP-Alfredo-Risk-scaled.jpg?fit=967%2C645&ssl=1&resize=350%2C200 1x, https:\/\/i0.wp.com\/noticiasribeiraopreto.com.br\/wp-content\/uploads\/2024\/02\/EleicaoRP-Alfredo-Risk-scaled.jpg?fit=967%2C645&ssl=1&resize=525%2C300 1.5x, https:\/\/i0.wp.com\/noticiasribeiraopreto.com.br\/wp-content\/uploads\/2024\/02\/EleicaoRP-Alfredo-Risk-scaled.jpg?fit=967%2C645&ssl=1&resize=700%2C400 2x"},"classes":[]}],"jetpack_sharing_enabled":true,"jetpack_shortlink":"https:\/\/wp.me\/peQAOb-aJu","_links":{"self":[{"href":"https:\/\/noticiasribeiraopreto.com.br\/index.php\/wp-json\/wp\/v2\/posts\/41260","targetHints":{"allow":["GET"]}}],"collection":[{"href":"https:\/\/noticiasribeiraopreto.com.br\/index.php\/wp-json\/wp\/v2\/posts"}],"about":[{"href":"https:\/\/noticiasribeiraopreto.com.br\/index.php\/wp-json\/wp\/v2\/types\/post"}],"author":[{"embeddable":true,"href":"https:\/\/noticiasribeiraopreto.com.br\/index.php\/wp-json\/wp\/v2\/users\/1"}],"replies":[{"embeddable":true,"href":"https:\/\/noticiasribeiraopreto.com.br\/index.php\/wp-json\/wp\/v2\/comments?post=41260"}],"version-history":[{"count":0,"href":"https:\/\/noticiasribeiraopreto.com.br\/index.php\/wp-json\/wp\/v2\/posts\/41260\/revisions"}],"wp:featuredmedia":[{"embeddable":true,"href":"https:\/\/noticiasribeiraopreto.com.br\/index.php\/wp-json\/wp\/v2\/media\/41261"}],"wp:attachment":[{"href":"https:\/\/noticiasribeiraopreto.com.br\/index.php\/wp-json\/wp\/v2\/media?parent=41260"}],"wp:term":[{"taxonomy":"category","embeddable":true,"href":"https:\/\/noticiasribeiraopreto.com.br\/index.php\/wp-json\/wp\/v2\/categories?post=41260"},{"taxonomy":"post_tag","embeddable":true,"href":"https:\/\/noticiasribeiraopreto.com.br\/index.php\/wp-json\/wp\/v2\/tags?post=41260"}],"curies":[{"name":"wp","href":"https:\/\/api.w.org\/{rel}","templated":true}]}}