{"id":41274,"date":"2024-03-07T11:54:42","date_gmt":"2024-03-07T14:54:42","guid":{"rendered":"https:\/\/noticiasribeiraopreto.com.br\/index.php\/2024\/03\/07\/adevirp-participa-do-the-wall-no-domingao-com-huck\/"},"modified":"2024-03-07T11:54:42","modified_gmt":"2024-03-07T14:54:42","slug":"adevirp-participa-do-the-wall-no-domingao-com-huck","status":"publish","type":"post","link":"https:\/\/noticiasribeiraopreto.com.br\/index.php\/2024\/03\/07\/adevirp-participa-do-the-wall-no-domingao-com-huck\/","title":{"rendered":"Adevirp participa do The Wall, no Doming\u00e3o com Huck"},"content":{"rendered":"<div class='code-block code-block-1' style='margin: 8px 0 8px auto; text-align: right; display: block; clear: both;'>\n<p><a href=\"https:\/\/wa.link\/vpicfd\"><img data-recalc-dims=\"1\" class=\"wp-image-4922\" style=\"aspect-ratio: 2.0253164556962027; width: 561px; height: auto;\" src=\"https:\/\/i0.wp.com\/ismaelcolosi.com.br\/wp-content\/uploads\/2023\/11\/grupo-de-empregos-whatsapp-e-facebook-ismael-colosi-vagas.jpg?ssl=1\" alt=\"\" \/><\/a><\/p>\n<!-- \/wp:image -->\n<\/div>\n<p> <br \/>\n<\/p>\n<div id=\"\">\n<h2 class=\"penci-post-subtitle\">O programa ser\u00e1 exibido no domingo (10), a partir das 18h, no programa Doming\u00e3o com Huck, na Tv Globo.<\/h2>\n<p> <span class=\"entry-meta-item penci-posted-on\"><i class=\"fa fa-clock-o\"\/><time class=\"entry-date published\" datetime=\"2024-03-07T11:52:11-03:00\">7 de mar\u00e7o de 2024 | 11:52<\/time><time class=\"updated\" datetime=\"2024-03-07T11:53:43-03:00\">7 de mar\u00e7o de 2024 | 11:53<\/time><\/span><\/p>\n<p> <span class=\"penci-social-buttons penci-social-share-footer\"><a href=\"#\" class=\"penci-post-like penci_post-meta_item  single-like-button penci-social-item like\" data-post_id=\"376551\" title=\"Like\" data-like=\"Like\" data-unlike=\"Unlike\"><i class=\"fa fa-thumbs-o-up\"\/><span class=\"penci-share-number\">0<\/span><\/a><i class=\"fa fa-facebook\"\/><a class=\"penci-social-item twitter\" target=\"_blank\" rel=\"noopener\" title=\"\" href=\"https:\/\/twitter.com\/intent\/tweet?text=Adevirp%20participa%20do%20The%20Wall,%20no%20Doming\u00e3o%20com%20Huck%20-%20https:\/\/www.tribunaribeirao.com.br\/site\/adevirp-participa-do-the-wall-no-domingao-com-huck\/\"><i class=\"fa fa-twitter\"\/><\/a><i class=\"fa fa-whatsapp\"\/><\/span><\/div>\n<div>\n<p>No domingo (10), a Associa\u00e7\u00e3o dos Deficientes Visuais de Ribeir\u00e3o Preto e Regi\u00e3o (Adevirp) participar\u00e1 do quadro The Wall, do Doming\u00e3o com Huck, na TV Globo. No game, estar\u00e3o a fundadora e presidente, Marlene Taveira Cintra, e a volunt\u00e1ria e locutora Ludmila Puntel, que \u00e9 doadora de voz para a produ\u00e7\u00e3o dos livros falados da institui\u00e7\u00e3o.<\/p>\n<p>A Adevirp entra no palco representando mais de 250 Pessoas com Defici\u00eancia Visual de mais de 40 cidades da macrorregi\u00e3o de Ribeir\u00e3o Preto, chegando at\u00e9 o sul de Minas. Os recursos conquistados no The Wall ser\u00e3o destinados \u00e0 manuten\u00e7\u00e3o das atividades da institui\u00e7\u00e3o, que presta servi\u00e7o 100% gratuito h\u00e1 mais de 25 anos.<\/p>\n<p>\u201cQuem assistir vai se emocionar. \u00c9 uma \u00f3tima oportunidade de conhecer o trabalho feito por n\u00f3s e a hist\u00f3ria da professora Marlene, que hoje \u00e9 uma refer\u00eancia de acessibilidade e oportunidade para as Pessoas com Defici\u00eancia Visual\u201d, conta Alcin\u00e9ia Ferreira, assistente social da Adevirp que participou da plateia ao vivo do The Wall.<\/p>\n<p>Para a fundadora e presidente da associa\u00e7\u00e3o, Marlene Taveira Cintra, foi um grande desafio. \u201cEntender a din\u00e2mica do jogo e representar todos os nossos educandos n\u00e3o foi f\u00e1cil. Apesar de n\u00e3o parecer, eu sou uma pessoa t\u00edmida, por\u00e9m, para beneficiar a nossa Adevirp, eu deixo a vergonha de lado\u201d, comenta Marlene.<\/p>\n<p>O programa ser\u00e1 exibido no domingo (10), a partir das 18h, no programa Doming\u00e3o com Huck, na Tv Globo.<\/p>\n<\/div>\n<p><script async src=\"\/\/platform.twitter.com\/widgets.js\" charset=\"utf-8\"><\/script><br \/>\n<br \/><br \/>\n<br \/><a href=\"https:\/\/www.tribunaribeirao.com.br\/site\/adevirp-participa-do-the-wall-no-domingao-com-huck\/\">Source link <\/a><\/p>\n<!-- CONTENT END 1 -->\n","protected":false},"excerpt":{"rendered":"<p>O programa ser\u00e1 exibido no domingo (10), a partir das 18h, no programa Doming\u00e3o com Huck, na Tv Globo. 7 de mar\u00e7o de 2024 |&#8230;<\/p>\n","protected":false},"author":1,"featured_media":41275,"comment_status":"open","ping_status":"open","sticky":false,"template":"","format":"standard","meta":{"advanced_seo_description":"","jetpack_seo_html_title":"","jetpack_seo_noindex":false,"jetpack_post_was_ever_published":false,"_jetpack_newsletter_access":"","_jetpack_dont_email_post_to_subs":false,"_jetpack_newsletter_tier_id":0,"_jetpack_memberships_contains_paywalled_content":false,"_jetpack_memberships_contains_paid_content":false,"footnotes":"","jetpack_publicize_message":"","jetpack_publicize_feature_enabled":true,"jetpack_social_post_already_shared":true,"jetpack_social_options":{"image_generator_settings":{"template":"highway","default_image_id":0,"font":"","enabled":false},"version":2}},"categories":[11],"tags":[4821,4823,4824,831,4822],"class_list":["post-41274","post","type-post","status-publish","format-standard","has-post-thumbnail","hentry","category-noticias-de-ribeirao-preto-sp-e-regiao-ismael-colosi","tag-adevirp","tag-domingao","tag-huck","tag-participa","tag-wall"],"jetpack_publicize_connections":[],"jetpack_featured_media_url":"https:\/\/i0.wp.com\/noticiasribeiraopreto.com.br\/wp-content\/uploads\/2024\/03\/IMG_7637-scaled.jpg?fit=645%2C645&ssl=1","jetpack-related-posts":[{"id":41282,"url":"https:\/\/noticiasribeiraopreto.com.br\/index.php\/2024\/03\/07\/entidade-de-ribeirao-preto-participa-do-the-wall-no-domingao-com-huck\/","url_meta":{"origin":41274,"position":0},"title":"Entidade de Ribeir\u00e3o Preto participa do The Wall no Doming\u00e3o com Huck","author":"noticiasribeiraopreto.com.br","date":"7 de March de 2024","format":false,"excerpt":"A Adevirp (Associa\u00e7\u00e3o dos Deficientes Visuais de Ribeir\u00e3o Preto e Regi\u00e3o) participa do quadro The Wall, do programa Doming\u00e3o com Huck, da TV Globo. O quadro deve ir ao ar no pr\u00f3ximo domingo (10), a partir das 17h30. Participaram do jogo a fundadora e presidente da associa\u00e7\u00e3o, Marlene Taveira Cintra,\u2026","rel":"","context":"In &quot;Not\u00edcias de Ribeir\u00e3o Preto-SP e Regi\u00e3o&quot;","block_context":{"text":"Not\u00edcias de Ribeir\u00e3o Preto-SP e Regi\u00e3o","link":"https:\/\/noticiasribeiraopreto.com.br\/index.php\/category\/noticias-de-ribeirao-preto-sp-e-regiao-ismael-colosi\/"},"img":{"alt_text":"","src":"https:\/\/i0.wp.com\/noticiasribeiraopreto.com.br\/wp-content\/uploads\/2024\/03\/AnyConv.com__adevirp.webp.webp?fit=1200%2C1200&ssl=1&resize=350%2C200","width":350,"height":200,"srcset":"https:\/\/i0.wp.com\/noticiasribeiraopreto.com.br\/wp-content\/uploads\/2024\/03\/AnyConv.com__adevirp.webp.webp?fit=1200%2C1200&ssl=1&resize=350%2C200 1x, https:\/\/i0.wp.com\/noticiasribeiraopreto.com.br\/wp-content\/uploads\/2024\/03\/AnyConv.com__adevirp.webp.webp?fit=1200%2C1200&ssl=1&resize=525%2C300 1.5x, https:\/\/i0.wp.com\/noticiasribeiraopreto.com.br\/wp-content\/uploads\/2024\/03\/AnyConv.com__adevirp.webp.webp?fit=1200%2C1200&ssl=1&resize=700%2C400 2x, https:\/\/i0.wp.com\/noticiasribeiraopreto.com.br\/wp-content\/uploads\/2024\/03\/AnyConv.com__adevirp.webp.webp?fit=1200%2C1200&ssl=1&resize=1050%2C600 3x"},"classes":[]},{"id":41860,"url":"https:\/\/noticiasribeiraopreto.com.br\/index.php\/2024\/03\/11\/golpistas-criam-perfis-falsos-apos-entidade-de-ribeirao-preto-participar-do-the-wall-no-domingao-com-huck\/","url_meta":{"origin":41274,"position":1},"title":"Golpistas criam perfis falsos ap\u00f3s entidade de Ribeir\u00e3o Preto participar do The Wall no Doming\u00e3o com Huck","author":"noticiasribeiraopreto.com.br","date":"11 de March de 2024","format":false,"excerpt":"Ap\u00f3s ter participado do game The Wall, quadro do programa Doming\u00e3o com Huck, da TV Globo, neste domingo (10), a Adevirp (Associa\u00e7\u00e3o dos Deficientes Visuais de Ribeir\u00e3o Preto e Regi\u00e3o) foi v\u00edtima de crime cibern\u00e9tico \u2013 veja o alerta abaixo. De acordo com a institui\u00e7\u00e3o, contas fakes foram criadas utilizando\u2026","rel":"","context":"In &quot;Not\u00edcias de Ribeir\u00e3o Preto-SP e Regi\u00e3o&quot;","block_context":{"text":"Not\u00edcias de Ribeir\u00e3o Preto-SP e Regi\u00e3o","link":"https:\/\/noticiasribeiraopreto.com.br\/index.php\/category\/noticias-de-ribeirao-preto-sp-e-regiao-ismael-colosi\/"},"img":{"alt_text":"","src":"https:\/\/i0.wp.com\/noticiasribeiraopreto.com.br\/wp-content\/uploads\/2024\/03\/AnyConv.com__WhatsApp-Image-2024-03-11-at-17.41.44.webp.webp?fit=1024%2C768&ssl=1&resize=350%2C200","width":350,"height":200,"srcset":"https:\/\/i0.wp.com\/noticiasribeiraopreto.com.br\/wp-content\/uploads\/2024\/03\/AnyConv.com__WhatsApp-Image-2024-03-11-at-17.41.44.webp.webp?fit=1024%2C768&ssl=1&resize=350%2C200 1x, https:\/\/i0.wp.com\/noticiasribeiraopreto.com.br\/wp-content\/uploads\/2024\/03\/AnyConv.com__WhatsApp-Image-2024-03-11-at-17.41.44.webp.webp?fit=1024%2C768&ssl=1&resize=525%2C300 1.5x, https:\/\/i0.wp.com\/noticiasribeiraopreto.com.br\/wp-content\/uploads\/2024\/03\/AnyConv.com__WhatsApp-Image-2024-03-11-at-17.41.44.webp.webp?fit=1024%2C768&ssl=1&resize=700%2C400 2x"},"classes":[]},{"id":41790,"url":"https:\/\/noticiasribeiraopreto.com.br\/index.php\/2024\/03\/11\/golpistas-criam-contas-fakes-com-o-nome-da-adevirp\/","url_meta":{"origin":41274,"position":2},"title":"Golpistas criam contas fakes com o nome da Adevirp","author":"noticiasribeiraopreto.com.br","date":"11 de March de 2024","format":false,"excerpt":"11 de mar\u00e7o de 2024 | 12:20 0A Associa\u00e7\u00e3o dos Deficientes Visuais de Ribeir\u00e3o Preto e Regi\u00e3o (Adevirp) foi v\u00edtima de crimes digitais no \u00faltimo domingo (10), ap\u00f3s sua participa\u00e7\u00e3o no programa Doming\u00e3o com Huck, no quadro The Wall. Contas fakes foram criadas com o nome da institui\u00e7\u00e3o a fim\u2026","rel":"","context":"In &quot;Not\u00edcias de Ribeir\u00e3o Preto-SP e Regi\u00e3o&quot;","block_context":{"text":"Not\u00edcias de Ribeir\u00e3o Preto-SP e Regi\u00e3o","link":"https:\/\/noticiasribeiraopreto.com.br\/index.php\/category\/noticias-de-ribeirao-preto-sp-e-regiao-ismael-colosi\/"},"img":{"alt_text":"","src":"https:\/\/i0.wp.com\/noticiasribeiraopreto.com.br\/wp-content\/uploads\/2024\/03\/foto-marlene-3-alta-1200x800-1-scaled.jpg?fit=967%2C645&ssl=1&resize=350%2C200","width":350,"height":200,"srcset":"https:\/\/i0.wp.com\/noticiasribeiraopreto.com.br\/wp-content\/uploads\/2024\/03\/foto-marlene-3-alta-1200x800-1-scaled.jpg?fit=967%2C645&ssl=1&resize=350%2C200 1x, https:\/\/i0.wp.com\/noticiasribeiraopreto.com.br\/wp-content\/uploads\/2024\/03\/foto-marlene-3-alta-1200x800-1-scaled.jpg?fit=967%2C645&ssl=1&resize=525%2C300 1.5x, https:\/\/i0.wp.com\/noticiasribeiraopreto.com.br\/wp-content\/uploads\/2024\/03\/foto-marlene-3-alta-1200x800-1-scaled.jpg?fit=967%2C645&ssl=1&resize=700%2C400 2x"},"classes":[]},{"id":3868,"url":"https:\/\/noticiasribeiraopreto.com.br\/index.php\/2023\/11\/20\/eita-dea-lucia-da-patada-ao-vivo-no-domingao-durante-homenagem-a-angelica-e-gera-climao\/","url_meta":{"origin":41274,"position":3},"title":"Eita! D\u00e9a L\u00facia d\u00e1 patada ao vivo no Doming\u00e3o durante homenagem \u00e0 Ang\u00e9lica e gera clim\u00e3o","author":"noticiasribeiraopreto.com.br","date":"20 de November de 2023","format":false,"excerpt":"Neste domingo (19), o principal tema do programa \u2018Domig\u00e3o com Huck\u2019, foi a apresentadora Ang\u00e9lica que completou 50 anos.Luciano Huck, marido de Ang\u00e9lica, resolveu homenagear a cantora do hit \u2018Vou de T\u00e1xi\u2019, um dos grandes sucessos dos anos de 1980.As vendas do disco ultrapassaram 1,2 milh\u00e3o de c\u00f3pias no Brasil.O\u2026","rel":"","context":"In &quot;Blog&quot;","block_context":{"text":"Blog","link":"https:\/\/noticiasribeiraopreto.com.br\/index.php\/category\/blog\/"},"img":{"alt_text":"","src":"https:\/\/i0.wp.com\/noticiasribeiraopreto.com.br\/wp-content\/uploads\/2023\/11\/postimg-655abe410bdbb8031.jpg?fit=1200%2C628&ssl=1&resize=350%2C200","width":350,"height":200,"srcset":"https:\/\/i0.wp.com\/noticiasribeiraopreto.com.br\/wp-content\/uploads\/2023\/11\/postimg-655abe410bdbb8031.jpg?fit=1200%2C628&ssl=1&resize=350%2C200 1x, https:\/\/i0.wp.com\/noticiasribeiraopreto.com.br\/wp-content\/uploads\/2023\/11\/postimg-655abe410bdbb8031.jpg?fit=1200%2C628&ssl=1&resize=525%2C300 1.5x, https:\/\/i0.wp.com\/noticiasribeiraopreto.com.br\/wp-content\/uploads\/2023\/11\/postimg-655abe410bdbb8031.jpg?fit=1200%2C628&ssl=1&resize=700%2C400 2x, https:\/\/i0.wp.com\/noticiasribeiraopreto.com.br\/wp-content\/uploads\/2023\/11\/postimg-655abe410bdbb8031.jpg?fit=1200%2C628&ssl=1&resize=1050%2C600 3x"},"classes":[]},{"id":4424,"url":"https:\/\/noticiasribeiraopreto.com.br\/index.php\/2023\/11\/21\/angelica-ganha-homenagem-no-domingao-mas-filho-a-chama-de-velha-e-seu-apelido-acaba-sendo-exposto\/","url_meta":{"origin":41274,"position":4},"title":"Ang\u00e9lica ganha homenagem no &#8216;Doming\u00e3o&#8217;, mas filho a chama de velha e seu apelido acaba sendo exposto","author":"noticiasribeiraopreto.com.br","date":"21 de November de 2023","format":false,"excerpt":"Ben\u00edcio Huck, de 16 anos, \u00e9 o filho da famosa apresentadora Ang\u00e9lica e de Luciano Huck. E de forma recente, ele fez uma rara apari\u00e7\u00e3o no programa \u2018Doming\u00e3o\u2019, comandado pelo seu pai e exibido pela emissora Globo.Acontece que Ang\u00e9lica far\u00e1 50 anos em breve, e com isso, a programa\u00e7\u00e3o decidiu\u2026","rel":"","context":"In &quot;Blog&quot;","block_context":{"text":"Blog","link":"https:\/\/noticiasribeiraopreto.com.br\/index.php\/category\/blog\/"},"img":{"alt_text":"","src":"https:\/\/i0.wp.com\/noticiasribeiraopreto.com.br\/wp-content\/uploads\/2023\/11\/postimg-655cd7ec076fd8510.jpg?fit=1200%2C628&ssl=1&resize=350%2C200","width":350,"height":200,"srcset":"https:\/\/i0.wp.com\/noticiasribeiraopreto.com.br\/wp-content\/uploads\/2023\/11\/postimg-655cd7ec076fd8510.jpg?fit=1200%2C628&ssl=1&resize=350%2C200 1x, https:\/\/i0.wp.com\/noticiasribeiraopreto.com.br\/wp-content\/uploads\/2023\/11\/postimg-655cd7ec076fd8510.jpg?fit=1200%2C628&ssl=1&resize=525%2C300 1.5x, https:\/\/i0.wp.com\/noticiasribeiraopreto.com.br\/wp-content\/uploads\/2023\/11\/postimg-655cd7ec076fd8510.jpg?fit=1200%2C628&ssl=1&resize=700%2C400 2x, https:\/\/i0.wp.com\/noticiasribeiraopreto.com.br\/wp-content\/uploads\/2023\/11\/postimg-655cd7ec076fd8510.jpg?fit=1200%2C628&ssl=1&resize=1050%2C600 3x"},"classes":[]},{"id":80268,"url":"https:\/\/noticiasribeiraopreto.com.br\/index.php\/2025\/11\/18\/saiba-por-que-luciano-huck-esta-na-regiao-de-ribeirao-preto\/","url_meta":{"origin":41274,"position":5},"title":"Saiba por que Luciano Huck est\u00e1 na regi\u00e3o de Ribeir\u00e3o Preto","author":"noticiasribeiraopreto.com.br","date":"18 de November de 2025","format":false,"excerpt":"Luciano Huck circula pela regi\u00e3o de Ribeir\u00e3o Preto nesta ter\u00e7a-feira (18). De acordo com as informa\u00e7\u00f5es, o apresentador desembarcou em Cajuru por causa de uma grava\u00e7\u00e3o especial do Doming\u00e3o. A ida do apresentador ao munic\u00edpio movimentou moradores e comerciantes do munic\u00edpio a 63 quil\u00f4metros de Ribeir\u00e3o Preto. Veja v\u00eddeo abaixo:\u2026","rel":"","context":"In &quot;Not\u00edcias de Ribeir\u00e3o Preto-SP e Regi\u00e3o&quot;","block_context":{"text":"Not\u00edcias de Ribeir\u00e3o Preto-SP e Regi\u00e3o","link":"https:\/\/noticiasribeiraopreto.com.br\/index.php\/category\/noticias-de-ribeirao-preto-sp-e-regiao-ismael-colosi\/"},"img":{"alt_text":"","src":"https:\/\/i0.wp.com\/noticiasribeiraopreto.com.br\/wp-content\/uploads\/2025\/11\/palace-40_2025-11-18_17-20-30.webp.webp?fit=1200%2C675&ssl=1&resize=350%2C200","width":350,"height":200,"srcset":"https:\/\/i0.wp.com\/noticiasribeiraopreto.com.br\/wp-content\/uploads\/2025\/11\/palace-40_2025-11-18_17-20-30.webp.webp?fit=1200%2C675&ssl=1&resize=350%2C200 1x, https:\/\/i0.wp.com\/noticiasribeiraopreto.com.br\/wp-content\/uploads\/2025\/11\/palace-40_2025-11-18_17-20-30.webp.webp?fit=1200%2C675&ssl=1&resize=525%2C300 1.5x, https:\/\/i0.wp.com\/noticiasribeiraopreto.com.br\/wp-content\/uploads\/2025\/11\/palace-40_2025-11-18_17-20-30.webp.webp?fit=1200%2C675&ssl=1&resize=700%2C400 2x, https:\/\/i0.wp.com\/noticiasribeiraopreto.com.br\/wp-content\/uploads\/2025\/11\/palace-40_2025-11-18_17-20-30.webp.webp?fit=1200%2C675&ssl=1&resize=1050%2C600 3x"},"classes":[]}],"jetpack_sharing_enabled":true,"jetpack_shortlink":"https:\/\/wp.me\/peQAOb-aJI","_links":{"self":[{"href":"https:\/\/noticiasribeiraopreto.com.br\/index.php\/wp-json\/wp\/v2\/posts\/41274","targetHints":{"allow":["GET"]}}],"collection":[{"href":"https:\/\/noticiasribeiraopreto.com.br\/index.php\/wp-json\/wp\/v2\/posts"}],"about":[{"href":"https:\/\/noticiasribeiraopreto.com.br\/index.php\/wp-json\/wp\/v2\/types\/post"}],"author":[{"embeddable":true,"href":"https:\/\/noticiasribeiraopreto.com.br\/index.php\/wp-json\/wp\/v2\/users\/1"}],"replies":[{"embeddable":true,"href":"https:\/\/noticiasribeiraopreto.com.br\/index.php\/wp-json\/wp\/v2\/comments?post=41274"}],"version-history":[{"count":0,"href":"https:\/\/noticiasribeiraopreto.com.br\/index.php\/wp-json\/wp\/v2\/posts\/41274\/revisions"}],"wp:featuredmedia":[{"embeddable":true,"href":"https:\/\/noticiasribeiraopreto.com.br\/index.php\/wp-json\/wp\/v2\/media\/41275"}],"wp:attachment":[{"href":"https:\/\/noticiasribeiraopreto.com.br\/index.php\/wp-json\/wp\/v2\/media?parent=41274"}],"wp:term":[{"taxonomy":"category","embeddable":true,"href":"https:\/\/noticiasribeiraopreto.com.br\/index.php\/wp-json\/wp\/v2\/categories?post=41274"},{"taxonomy":"post_tag","embeddable":true,"href":"https:\/\/noticiasribeiraopreto.com.br\/index.php\/wp-json\/wp\/v2\/tags?post=41274"}],"curies":[{"name":"wp","href":"https:\/\/api.w.org\/{rel}","templated":true}]}}