{"id":41282,"date":"2024-03-07T12:15:25","date_gmt":"2024-03-07T15:15:25","guid":{"rendered":"https:\/\/noticiasribeiraopreto.com.br\/index.php\/2024\/03\/07\/entidade-de-ribeirao-preto-participa-do-the-wall-no-domingao-com-huck\/"},"modified":"2024-03-07T12:15:25","modified_gmt":"2024-03-07T15:15:25","slug":"entidade-de-ribeirao-preto-participa-do-the-wall-no-domingao-com-huck","status":"publish","type":"post","link":"https:\/\/noticiasribeiraopreto.com.br\/index.php\/2024\/03\/07\/entidade-de-ribeirao-preto-participa-do-the-wall-no-domingao-com-huck\/","title":{"rendered":"Entidade de Ribeir\u00e3o Preto participa do The Wall no Doming\u00e3o com Huck"},"content":{"rendered":"<div class='code-block code-block-1' style='margin: 8px 0 8px auto; text-align: right; display: block; clear: both;'>\n<p><a href=\"https:\/\/wa.link\/vpicfd\"><img data-recalc-dims=\"1\" class=\"wp-image-4922\" style=\"aspect-ratio: 2.0253164556962027; width: 561px; height: auto;\" src=\"https:\/\/i0.wp.com\/ismaelcolosi.com.br\/wp-content\/uploads\/2023\/11\/grupo-de-empregos-whatsapp-e-facebook-ismael-colosi-vagas.jpg?ssl=1\" alt=\"\" \/><\/a><\/p>\n<!-- \/wp:image -->\n<\/div>\n<p> <br \/>\n<\/p>\n<div>\n<p>A <strong>Adevirp (Associa\u00e7\u00e3o dos Deficientes Visuais de Ribeir\u00e3o Preto e Regi\u00e3o) <\/strong>participa do quadro<strong> The Wall<\/strong>, do programa<strong> Doming\u00e3o com Huck<\/strong>, da <strong>TV Globo<\/strong>. O quadro deve ir ao ar no pr\u00f3ximo domingo (10), a partir das 17h30.<\/p>\n<p>Participaram do jogo a fundadora e presidente da associa\u00e7\u00e3o, Marlene Taveira Cintra, e a volunt\u00e1ria Ludmila Puntel. As grava\u00e7\u00f5es foram realizadas no \u00faltimo m\u00eas de novembro.<\/p>\n<p><mark style=\"background-color:#fcb900\" class=\"has-inline-color has-black-color\">Os recursos conquistados no The Wall ser\u00e3o destinados \u00e0 manuten\u00e7\u00e3o das atividades da institui\u00e7\u00e3o<\/mark>, que presta servi\u00e7o 100% gratuito.<\/p>\n<blockquote class=\"wp-block-quote\">\n<p>\u201cEsse foi o maior desafio de toda hist\u00f3ria da Adevirp que eu enfrentei. Passando por cima de toda minha timidez\u201d, disse Marlene em v\u00eddeo publicado nas redes sociais.<\/p>\n<\/blockquote>\n<p>\u201cEntender a din\u00e2mica do jogo e representar todos os nossos educandos n\u00e3o foi f\u00e1cil. Apesar de n\u00e3o parecer, eu sou uma pessoa t\u00edmida, por\u00e9m, para beneficiar a nossa Adevirp, eu deixo a vergonha de lado\u201d, comenta.<\/p>\n<h4 class=\"wp-block-heading\"><strong>Emo\u00e7\u00e3o<\/strong><\/h4>\n<p>\u201cQuem assistir vai se emocionar. \u00c9 uma \u00f3tima oportunidade de conhecer o trabalho feito por n\u00f3s e a hist\u00f3ria da professora Marlene, que hoje \u00e9 uma refer\u00eancia de acessibilidade e oportunidade para as Pessoas com Defici\u00eancia Visual\u201d, conta Alcin\u00e9ia Ferreira, assistente social da Adevirp, que participou da plateia ao vivo do The Wall.<\/p>\n<p>SAIBA MAIS<br \/>Atriz Regiane Alves se apresenta em Ribeir\u00e3o Preto com a pe\u00e7a \u2018Nosso Irm\u00e3o\u2019<\/p>\n<h4 class=\"wp-block-heading\"><strong>FIQUE ON<\/strong><\/h4>\n<p>Fique ligado em tudo que acontece em Ribeir\u00e3o Preto e regi\u00e3o. Siga os perfis do <strong>acidade on<\/strong> no<a href=\"https:\/\/www.instagram.com\/acidadeonribeirao\" target=\"_blank\" rel=\"noreferrer noopener nofollow\"> Instagram<\/a> e no <a href=\"https:\/\/www.facebook.com\/acidadeonribeirao\" target=\"_blank\" rel=\"noreferrer noopener nofollow\">Facebook<\/a>.<\/p>\n<p>Receba not\u00edcias do<strong> acidade on <\/strong>no WhatsApp.<a href=\"https:\/\/chat.whatsapp.com\/Bnv2w66ZT4VDyZW3oiZ69n\" target=\"_blank\" rel=\"noreferrer noopener nofollow\"> Para entrar no grupo, basta clicar aqui.<\/a><\/p>\n<p>Fa\u00e7a uma den\u00fancia ou sugira uma reportagem sobre Ribeir\u00e3o Preto e regi\u00e3o pelo WhatsApp: 16 99117 7802.<\/p>\n<p>VEJA TAMB\u00c9M<br \/>Quanto tempo dura o \u201cT\u00e1 com Nada\u201d no BBB 24?<\/p>\n<p><!-- AI CONTENT END 1 -->\n<\/div>\n<p><script async src=\"\/\/www.instagram.com\/embed.js\"><\/script><br \/>\n<br \/><br \/>\n<br \/><a href=\"https:\/\/www.acidadeon.com\/ribeiraopreto\/lazer-e-cultura\/entidade-de-ribeirao-preto-participa-do-the-wall-no-domingao-com-huck\/\">Source link <\/a><\/p>\n<!-- CONTENT END 1 -->\n","protected":false},"excerpt":{"rendered":"<p>A Adevirp (Associa\u00e7\u00e3o dos Deficientes Visuais de Ribeir\u00e3o Preto e Regi\u00e3o) participa do quadro The Wall, do programa Doming\u00e3o com Huck, da TV Globo. O&#8230;<\/p>\n","protected":false},"author":1,"featured_media":41283,"comment_status":"open","ping_status":"open","sticky":false,"template":"","format":"standard","meta":{"advanced_seo_description":"","jetpack_seo_html_title":"","jetpack_seo_noindex":false,"jetpack_post_was_ever_published":false,"_jetpack_newsletter_access":"","_jetpack_dont_email_post_to_subs":false,"_jetpack_newsletter_tier_id":0,"_jetpack_memberships_contains_paywalled_content":false,"_jetpack_memberships_contains_paid_content":false,"footnotes":"","jetpack_publicize_message":"","jetpack_publicize_feature_enabled":true,"jetpack_social_post_already_shared":true,"jetpack_social_options":{"image_generator_settings":{"template":"highway","default_image_id":0,"font":"","enabled":false},"version":2}},"categories":[11],"tags":[],"class_list":["post-41282","post","type-post","status-publish","format-standard","has-post-thumbnail","hentry","category-noticias-de-ribeirao-preto-sp-e-regiao-ismael-colosi"],"jetpack_publicize_connections":[],"jetpack_featured_media_url":"https:\/\/i0.wp.com\/noticiasribeiraopreto.com.br\/wp-content\/uploads\/2024\/03\/AnyConv.com__adevirp.webp.webp?fit=1600%2C1600&ssl=1","jetpack-related-posts":[{"id":41274,"url":"https:\/\/noticiasribeiraopreto.com.br\/index.php\/2024\/03\/07\/adevirp-participa-do-the-wall-no-domingao-com-huck\/","url_meta":{"origin":41282,"position":0},"title":"Adevirp participa do The Wall, no Doming\u00e3o com Huck","author":"noticiasribeiraopreto.com.br","date":"7 de March de 2024","format":false,"excerpt":"O programa ser\u00e1 exibido no domingo (10), a partir das 18h, no programa Doming\u00e3o com Huck, na Tv Globo. 7 de mar\u00e7o de 2024 | 11:527 de mar\u00e7o de 2024 | 11:53 0No domingo (10), a Associa\u00e7\u00e3o dos Deficientes Visuais de Ribeir\u00e3o Preto e Regi\u00e3o (Adevirp) participar\u00e1 do quadro The\u2026","rel":"","context":"In &quot;Not\u00edcias de Ribeir\u00e3o Preto-SP e Regi\u00e3o&quot;","block_context":{"text":"Not\u00edcias de Ribeir\u00e3o Preto-SP e Regi\u00e3o","link":"https:\/\/noticiasribeiraopreto.com.br\/index.php\/category\/noticias-de-ribeirao-preto-sp-e-regiao-ismael-colosi\/"},"img":{"alt_text":"","src":"https:\/\/i0.wp.com\/noticiasribeiraopreto.com.br\/wp-content\/uploads\/2024\/03\/IMG_7637-scaled.jpg?fit=645%2C645&ssl=1&resize=350%2C200","width":350,"height":200,"srcset":"https:\/\/i0.wp.com\/noticiasribeiraopreto.com.br\/wp-content\/uploads\/2024\/03\/IMG_7637-scaled.jpg?fit=645%2C645&ssl=1&resize=350%2C200 1x, https:\/\/i0.wp.com\/noticiasribeiraopreto.com.br\/wp-content\/uploads\/2024\/03\/IMG_7637-scaled.jpg?fit=645%2C645&ssl=1&resize=525%2C300 1.5x"},"classes":[]},{"id":41860,"url":"https:\/\/noticiasribeiraopreto.com.br\/index.php\/2024\/03\/11\/golpistas-criam-perfis-falsos-apos-entidade-de-ribeirao-preto-participar-do-the-wall-no-domingao-com-huck\/","url_meta":{"origin":41282,"position":1},"title":"Golpistas criam perfis falsos ap\u00f3s entidade de Ribeir\u00e3o Preto participar do The Wall no Doming\u00e3o com Huck","author":"noticiasribeiraopreto.com.br","date":"11 de March de 2024","format":false,"excerpt":"Ap\u00f3s ter participado do game The Wall, quadro do programa Doming\u00e3o com Huck, da TV Globo, neste domingo (10), a Adevirp (Associa\u00e7\u00e3o dos Deficientes Visuais de Ribeir\u00e3o Preto e Regi\u00e3o) foi v\u00edtima de crime cibern\u00e9tico \u2013 veja o alerta abaixo. De acordo com a institui\u00e7\u00e3o, contas fakes foram criadas utilizando\u2026","rel":"","context":"In &quot;Not\u00edcias de Ribeir\u00e3o Preto-SP e Regi\u00e3o&quot;","block_context":{"text":"Not\u00edcias de Ribeir\u00e3o Preto-SP e Regi\u00e3o","link":"https:\/\/noticiasribeiraopreto.com.br\/index.php\/category\/noticias-de-ribeirao-preto-sp-e-regiao-ismael-colosi\/"},"img":{"alt_text":"","src":"https:\/\/i0.wp.com\/noticiasribeiraopreto.com.br\/wp-content\/uploads\/2024\/03\/AnyConv.com__WhatsApp-Image-2024-03-11-at-17.41.44.webp.webp?fit=1024%2C768&ssl=1&resize=350%2C200","width":350,"height":200,"srcset":"https:\/\/i0.wp.com\/noticiasribeiraopreto.com.br\/wp-content\/uploads\/2024\/03\/AnyConv.com__WhatsApp-Image-2024-03-11-at-17.41.44.webp.webp?fit=1024%2C768&ssl=1&resize=350%2C200 1x, https:\/\/i0.wp.com\/noticiasribeiraopreto.com.br\/wp-content\/uploads\/2024\/03\/AnyConv.com__WhatsApp-Image-2024-03-11-at-17.41.44.webp.webp?fit=1024%2C768&ssl=1&resize=525%2C300 1.5x, https:\/\/i0.wp.com\/noticiasribeiraopreto.com.br\/wp-content\/uploads\/2024\/03\/AnyConv.com__WhatsApp-Image-2024-03-11-at-17.41.44.webp.webp?fit=1024%2C768&ssl=1&resize=700%2C400 2x"},"classes":[]},{"id":41790,"url":"https:\/\/noticiasribeiraopreto.com.br\/index.php\/2024\/03\/11\/golpistas-criam-contas-fakes-com-o-nome-da-adevirp\/","url_meta":{"origin":41282,"position":2},"title":"Golpistas criam contas fakes com o nome da Adevirp","author":"noticiasribeiraopreto.com.br","date":"11 de March de 2024","format":false,"excerpt":"11 de mar\u00e7o de 2024 | 12:20 0A Associa\u00e7\u00e3o dos Deficientes Visuais de Ribeir\u00e3o Preto e Regi\u00e3o (Adevirp) foi v\u00edtima de crimes digitais no \u00faltimo domingo (10), ap\u00f3s sua participa\u00e7\u00e3o no programa Doming\u00e3o com Huck, no quadro The Wall. Contas fakes foram criadas com o nome da institui\u00e7\u00e3o a fim\u2026","rel":"","context":"In &quot;Not\u00edcias de Ribeir\u00e3o Preto-SP e Regi\u00e3o&quot;","block_context":{"text":"Not\u00edcias de Ribeir\u00e3o Preto-SP e Regi\u00e3o","link":"https:\/\/noticiasribeiraopreto.com.br\/index.php\/category\/noticias-de-ribeirao-preto-sp-e-regiao-ismael-colosi\/"},"img":{"alt_text":"","src":"https:\/\/i0.wp.com\/noticiasribeiraopreto.com.br\/wp-content\/uploads\/2024\/03\/foto-marlene-3-alta-1200x800-1-scaled.jpg?fit=967%2C645&ssl=1&resize=350%2C200","width":350,"height":200,"srcset":"https:\/\/i0.wp.com\/noticiasribeiraopreto.com.br\/wp-content\/uploads\/2024\/03\/foto-marlene-3-alta-1200x800-1-scaled.jpg?fit=967%2C645&ssl=1&resize=350%2C200 1x, https:\/\/i0.wp.com\/noticiasribeiraopreto.com.br\/wp-content\/uploads\/2024\/03\/foto-marlene-3-alta-1200x800-1-scaled.jpg?fit=967%2C645&ssl=1&resize=525%2C300 1.5x, https:\/\/i0.wp.com\/noticiasribeiraopreto.com.br\/wp-content\/uploads\/2024\/03\/foto-marlene-3-alta-1200x800-1-scaled.jpg?fit=967%2C645&ssl=1&resize=700%2C400 2x"},"classes":[]},{"id":41786,"url":"https:\/\/noticiasribeiraopreto.com.br\/index.php\/2024\/03\/11\/adevirp-fatura-mais-de-r130mil-no-the-wall\/","url_meta":{"origin":41282,"position":3},"title":"Adevirp fatura mais de R$130mil no The Wall","author":"noticiasribeiraopreto.com.br","date":"11 de March de 2024","format":false,"excerpt":"Associa\u00e7\u00e3o de Ribeir\u00e3o Preto participou do programa no \u00faltimo domingo. Recurso vai para o atendimento de mais de 250 pessoas com defici\u00eancia visual. 11 de mar\u00e7o de 2024 | 12:04 0Em seu ano jubilar, a Adevirp ganha espa\u00e7o na programa\u00e7\u00e3o nacional da TV Globo. Com a participa\u00e7\u00e3o da fundadora e\u2026","rel":"","context":"In &quot;Not\u00edcias de Ribeir\u00e3o Preto-SP e Regi\u00e3o&quot;","block_context":{"text":"Not\u00edcias de Ribeir\u00e3o Preto-SP e Regi\u00e3o","link":"https:\/\/noticiasribeiraopreto.com.br\/index.php\/category\/noticias-de-ribeirao-preto-sp-e-regiao-ismael-colosi\/"},"img":{"alt_text":"","src":"https:\/\/i0.wp.com\/noticiasribeiraopreto.com.br\/wp-content\/uploads\/2024\/03\/0a6777d8-d18d-4452-b260-ee19cf8569ff-scaled.jpg?fit=860%2C645&ssl=1&resize=350%2C200","width":350,"height":200,"srcset":"https:\/\/i0.wp.com\/noticiasribeiraopreto.com.br\/wp-content\/uploads\/2024\/03\/0a6777d8-d18d-4452-b260-ee19cf8569ff-scaled.jpg?fit=860%2C645&ssl=1&resize=350%2C200 1x, https:\/\/i0.wp.com\/noticiasribeiraopreto.com.br\/wp-content\/uploads\/2024\/03\/0a6777d8-d18d-4452-b260-ee19cf8569ff-scaled.jpg?fit=860%2C645&ssl=1&resize=525%2C300 1.5x, https:\/\/i0.wp.com\/noticiasribeiraopreto.com.br\/wp-content\/uploads\/2024\/03\/0a6777d8-d18d-4452-b260-ee19cf8569ff-scaled.jpg?fit=860%2C645&ssl=1&resize=700%2C400 2x"},"classes":[]},{"id":52804,"url":"https:\/\/noticiasribeiraopreto.com.br\/index.php\/2024\/06\/12\/adevirp-realiza-festa-junina-aberta-ao-publico-com-correio-elegante-em-braille-saiba-mais\/","url_meta":{"origin":41282,"position":4},"title":"Adevirp realiza festa junina aberta ao p\u00fablico com correio elegante em braille; Saiba mais","author":"noticiasribeiraopreto.com.br","date":"12 de June de 2024","format":false,"excerpt":"A Adevirp (Associa\u00e7\u00e3o dos Deficientes Visuais de Ribeir\u00e3o Preto e regi\u00e3o) realiza a tradicional festa junina nesta sexta-feira (14). O hor\u00e1rio ser\u00e1 a partir das 18h30, na sede da associa\u00e7\u00e3o, que fica no bairro Jardim Iraj\u00e1, na zona Sul da cidade. Durante o evento, al\u00e9m de barracas com comidas t\u00edpicas,\u2026","rel":"","context":"In &quot;Not\u00edcias de Ribeir\u00e3o Preto-SP e Regi\u00e3o&quot;","block_context":{"text":"Not\u00edcias de Ribeir\u00e3o Preto-SP e Regi\u00e3o","link":"https:\/\/noticiasribeiraopreto.com.br\/index.php\/category\/noticias-de-ribeirao-preto-sp-e-regiao-ismael-colosi\/"},"img":{"alt_text":"","src":"https:\/\/i0.wp.com\/noticiasribeiraopreto.com.br\/wp-content\/uploads\/2024\/06\/Copia-de-Copia-de-TAMANHO-EXATO-PARA-FOTOS-NO-SISTEMA-NOVO-1_2024-06-12_19-00-24_png_2024-06-12_19-00-24.webp.webp?fit=1200%2C675&ssl=1&resize=350%2C200","width":350,"height":200,"srcset":"https:\/\/i0.wp.com\/noticiasribeiraopreto.com.br\/wp-content\/uploads\/2024\/06\/Copia-de-Copia-de-TAMANHO-EXATO-PARA-FOTOS-NO-SISTEMA-NOVO-1_2024-06-12_19-00-24_png_2024-06-12_19-00-24.webp.webp?fit=1200%2C675&ssl=1&resize=350%2C200 1x, https:\/\/i0.wp.com\/noticiasribeiraopreto.com.br\/wp-content\/uploads\/2024\/06\/Copia-de-Copia-de-TAMANHO-EXATO-PARA-FOTOS-NO-SISTEMA-NOVO-1_2024-06-12_19-00-24_png_2024-06-12_19-00-24.webp.webp?fit=1200%2C675&ssl=1&resize=525%2C300 1.5x, https:\/\/i0.wp.com\/noticiasribeiraopreto.com.br\/wp-content\/uploads\/2024\/06\/Copia-de-Copia-de-TAMANHO-EXATO-PARA-FOTOS-NO-SISTEMA-NOVO-1_2024-06-12_19-00-24_png_2024-06-12_19-00-24.webp.webp?fit=1200%2C675&ssl=1&resize=700%2C400 2x, https:\/\/i0.wp.com\/noticiasribeiraopreto.com.br\/wp-content\/uploads\/2024\/06\/Copia-de-Copia-de-TAMANHO-EXATO-PARA-FOTOS-NO-SISTEMA-NOVO-1_2024-06-12_19-00-24_png_2024-06-12_19-00-24.webp.webp?fit=1200%2C675&ssl=1&resize=1050%2C600 3x"},"classes":[]},{"id":66001,"url":"https:\/\/noticiasribeiraopreto.com.br\/index.php\/2025\/03\/26\/adevirp-anuncia-novos-esportes-e-consultorio-oftalmologico-na-semana-de-aniversario\/","url_meta":{"origin":41282,"position":5},"title":"Adevirp anuncia novos esportes e consult\u00f3rio oftalmol\u00f3gico na semana de anivers\u00e1rio","author":"noticiasribeiraopreto.com.br","date":"26 de March de 2025","format":false,"excerpt":"A Adevirp (Associa\u00e7\u00e3o dos Deficientes Visuais de Ribeir\u00e3o Preto e Regi\u00e3o) completa 27 anos nesta quinta-feira (27) e anuncia novidades para 2025, como a inclus\u00e3o de novos esportes no projeto e a inaugura\u00e7\u00e3o de um consult\u00f3rio oftalmol\u00f3gico ainda no primeiro semestre. De acordo com a associa\u00e7\u00e3o, em breve haver\u00e1 a\u2026","rel":"","context":"In &quot;Not\u00edcias de Ribeir\u00e3o Preto-SP e Regi\u00e3o&quot;","block_context":{"text":"Not\u00edcias de Ribeir\u00e3o Preto-SP e Regi\u00e3o","link":"https:\/\/noticiasribeiraopreto.com.br\/index.php\/category\/noticias-de-ribeirao-preto-sp-e-regiao-ismael-colosi\/"},"img":{"alt_text":"","src":"https:\/\/i0.wp.com\/noticiasribeiraopreto.com.br\/wp-content\/uploads\/2025\/03\/adevirp_2025-03-26_21-16-48_jpg_2025-03-26_21-16-49.webp.webp?fit=1200%2C800&ssl=1&resize=350%2C200","width":350,"height":200,"srcset":"https:\/\/i0.wp.com\/noticiasribeiraopreto.com.br\/wp-content\/uploads\/2025\/03\/adevirp_2025-03-26_21-16-48_jpg_2025-03-26_21-16-49.webp.webp?fit=1200%2C800&ssl=1&resize=350%2C200 1x, https:\/\/i0.wp.com\/noticiasribeiraopreto.com.br\/wp-content\/uploads\/2025\/03\/adevirp_2025-03-26_21-16-48_jpg_2025-03-26_21-16-49.webp.webp?fit=1200%2C800&ssl=1&resize=525%2C300 1.5x, https:\/\/i0.wp.com\/noticiasribeiraopreto.com.br\/wp-content\/uploads\/2025\/03\/adevirp_2025-03-26_21-16-48_jpg_2025-03-26_21-16-49.webp.webp?fit=1200%2C800&ssl=1&resize=700%2C400 2x, https:\/\/i0.wp.com\/noticiasribeiraopreto.com.br\/wp-content\/uploads\/2025\/03\/adevirp_2025-03-26_21-16-48_jpg_2025-03-26_21-16-49.webp.webp?fit=1200%2C800&ssl=1&resize=1050%2C600 3x"},"classes":[]}],"jetpack_sharing_enabled":true,"jetpack_shortlink":"https:\/\/wp.me\/peQAOb-aJQ","_links":{"self":[{"href":"https:\/\/noticiasribeiraopreto.com.br\/index.php\/wp-json\/wp\/v2\/posts\/41282","targetHints":{"allow":["GET"]}}],"collection":[{"href":"https:\/\/noticiasribeiraopreto.com.br\/index.php\/wp-json\/wp\/v2\/posts"}],"about":[{"href":"https:\/\/noticiasribeiraopreto.com.br\/index.php\/wp-json\/wp\/v2\/types\/post"}],"author":[{"embeddable":true,"href":"https:\/\/noticiasribeiraopreto.com.br\/index.php\/wp-json\/wp\/v2\/users\/1"}],"replies":[{"embeddable":true,"href":"https:\/\/noticiasribeiraopreto.com.br\/index.php\/wp-json\/wp\/v2\/comments?post=41282"}],"version-history":[{"count":0,"href":"https:\/\/noticiasribeiraopreto.com.br\/index.php\/wp-json\/wp\/v2\/posts\/41282\/revisions"}],"wp:featuredmedia":[{"embeddable":true,"href":"https:\/\/noticiasribeiraopreto.com.br\/index.php\/wp-json\/wp\/v2\/media\/41283"}],"wp:attachment":[{"href":"https:\/\/noticiasribeiraopreto.com.br\/index.php\/wp-json\/wp\/v2\/media?parent=41282"}],"wp:term":[{"taxonomy":"category","embeddable":true,"href":"https:\/\/noticiasribeiraopreto.com.br\/index.php\/wp-json\/wp\/v2\/categories?post=41282"},{"taxonomy":"post_tag","embeddable":true,"href":"https:\/\/noticiasribeiraopreto.com.br\/index.php\/wp-json\/wp\/v2\/tags?post=41282"}],"curies":[{"name":"wp","href":"https:\/\/api.w.org\/{rel}","templated":true}]}}