{"id":41309,"date":"2024-03-07T14:33:12","date_gmt":"2024-03-07T17:33:12","guid":{"rendered":"https:\/\/noticiasribeiraopreto.com.br\/index.php\/2024\/03\/07\/biden-e-trump-vencem-primarias-nos-estados-unidos\/"},"modified":"2024-03-07T14:33:12","modified_gmt":"2024-03-07T17:33:12","slug":"biden-e-trump-vencem-primarias-nos-estados-unidos","status":"publish","type":"post","link":"https:\/\/noticiasribeiraopreto.com.br\/index.php\/2024\/03\/07\/biden-e-trump-vencem-primarias-nos-estados-unidos\/","title":{"rendered":"Biden e Trump vencem prim\u00e1rias\u00a0nos Estados Unidos"},"content":{"rendered":"<div class='code-block code-block-1' style='margin: 8px 0 8px auto; text-align: right; display: block; clear: both;'>\n<p><a href=\"https:\/\/wa.link\/vpicfd\"><img data-recalc-dims=\"1\" class=\"wp-image-4922\" style=\"aspect-ratio: 2.0253164556962027; width: 561px; height: auto;\" src=\"https:\/\/i0.wp.com\/ismaelcolosi.com.br\/wp-content\/uploads\/2023\/11\/grupo-de-empregos-whatsapp-e-facebook-ismael-colosi-vagas.jpg?ssl=1\" alt=\"\" \/><\/a><\/p>\n<!-- \/wp:image -->\n<\/div>\n<p> <br \/>\n<\/p>\n<div id=\"\">\n<p> <span class=\"entry-meta-item penci-posted-on\"><i class=\"fa fa-clock-o\"\/><time class=\"entry-date published\" datetime=\"2024-03-07T14:30:21-03:00\">7 de mar\u00e7o de 2024 | 14:30<\/time><time class=\"updated\" datetime=\"2024-03-07T10:19:35-03:00\">7 de mar\u00e7o de 2024 | 10:19<\/time><\/span><\/p>\n<p> <span class=\"penci-social-buttons penci-social-share-footer\"><a href=\"#\" class=\"penci-post-like penci_post-meta_item  single-like-button penci-social-item like\" data-post_id=\"376519\" title=\"Like\" data-like=\"Like\" data-unlike=\"Unlike\"><i class=\"fa fa-thumbs-o-up\"\/><span class=\"penci-share-number\">0<\/span><\/a><i class=\"fa fa-facebook\"\/><a class=\"penci-social-item twitter\" target=\"_blank\" rel=\"noopener\" title=\"\" href=\"https:\/\/twitter.com\/intent\/tweet?text=Biden%20e%20Trump%20vencem%20prim\u00e1rias\u00a0nos%20Estados%20Unidos%20-%20https:\/\/www.tribunaribeirao.com.br\/site\/biden-e-trump-vencem-primarias-nos-estados-unidos\/\"><i class=\"fa fa-twitter\"\/><\/a><i class=\"fa fa-whatsapp\"\/><\/span><\/div>\n<div>\n<p><span data-contrast=\"auto\">Era matematicamente imposs\u00edvel que Donald Trump ou Joe Biden garantissem a nomea\u00e7\u00e3o para concorrer \u00e0 presid\u00eancia dos Estados Unidos nesta Superter\u00e7a. Mas atingir o \u201cn\u00famero m\u00e1gico\u201d de delegados parece s\u00f3 uma quest\u00e3o de tempo \u2013 2024 deve ser uma reedi\u00e7\u00e3o da disputa de 2020. E as prim\u00e1rias simult\u00e2neas em 15 Estados apontam para as dificuldades que os dois lados ter\u00e3o na corrida \u00e0 Casa Branca, em novembro.<\/span><\/p>\n<p><span data-contrast=\"auto\">Sem concorrentes de peso, Biden venceu as prim\u00e1rias democratas em todos os Estados na ter\u00e7a-feira, 5 de mar\u00e7o, mas voltou a ser alvo dos votos de protesto pela guerra em Gaza. Trump, do outro lado, consolidou sua lideran\u00e7a no Partido Republicano, vencendo em 14 dos 15 Estados que foram \u00e0s urnas.<\/span><\/p>\n<p><span data-contrast=\"auto\">A exce\u00e7\u00e3o na noite foi Vermont, onde o ex-presidente perdeu para Nikki Haley. Nesta quarta-feira (6), Haley anunciou a retirada da sua candidatura \u00e0 presid\u00eancia pelo Partido Republicano ap\u00f3s os resultados desfavor\u00e1veis obtidos nesta Superter\u00e7a. Com isso, o ex-presidente Donald Trump n\u00e3o tem mais rivais nas prim\u00e1rias republicanas e se confirma como nomea\u00e7\u00e3o do partido, em uma reedi\u00e7\u00e3o da disputa eleitoral de 2020 contra o democrata Joe Biden.<\/span><\/p>\n<p><span data-contrast=\"auto\">Vermont foi apenas a segunda vit\u00f3ria de Haley desde que o republicanos de Iowa deram a largada nas pr\u00e9vias, ainda em janeiro \u2013 a primeira veio no domingo, em Washington DC. O desempenho de Nikki Haley n\u00e3o chega nem perto de amea\u00e7ar a lideran\u00e7a de Trump nas prim\u00e1rias.<\/span><\/p>\n<p><span data-contrast=\"auto\">Nas pesquisas para novembro, o l\u00edder republicano ampliou a vantagem sobre o democrata, mesmo acumulando uma s\u00e9rie de problemas com a Justi\u00e7a. No levantamento do New York Times\/Siena College, divulgado no fim de semana, a diferen\u00e7a foi de cinco pontos percentuais: Trump com 48% e Biden com 43% das inten\u00e7\u00f5es de voto.<\/span><\/p>\n<p><span data-contrast=\"auto\">Em nota, Biden apresentou a elei\u00e7\u00e3o como o momento de defender a democracia e as liberdades fundamentais \u2013 ideia que tamb\u00e9m esteve presente na campanha de 2020. E exaltou medidas do governo na economia, como as taxas de desemprego e o aumento dos sal\u00e1rios, afirmando que \u201cesse progresso estar\u00e1 em risco se Trump voltar \u00e0 Casa Branca\u201d.<\/span><\/p>\n<p><span data-ccp-props=\"{&quot;201341983&quot;:0,&quot;335559739&quot;:200,&quot;335559740&quot;:276}\">\u00a0<\/span><\/p>\n<\/div>\n<p><script async src=\"\/\/platform.twitter.com\/widgets.js\" charset=\"utf-8\"><\/script><br \/>\n<br \/><br \/>\n<br \/><a href=\"https:\/\/www.tribunaribeirao.com.br\/site\/biden-e-trump-vencem-primarias-nos-estados-unidos\/\">Source link <\/a><\/p>\n<!-- CONTENT END 1 -->\n","protected":false},"excerpt":{"rendered":"<p>7 de mar\u00e7o de 2024 | 14:307 de mar\u00e7o de 2024 | 10:19 0 Era matematicamente imposs\u00edvel que Donald Trump ou Joe Biden garantissem a&#8230;<\/p>\n","protected":false},"author":1,"featured_media":41310,"comment_status":"open","ping_status":"open","sticky":false,"template":"","format":"standard","meta":{"advanced_seo_description":"","jetpack_seo_html_title":"","jetpack_seo_noindex":false,"jetpack_post_was_ever_published":false,"_jetpack_newsletter_access":"","_jetpack_dont_email_post_to_subs":false,"_jetpack_newsletter_tier_id":0,"_jetpack_memberships_contains_paywalled_content":false,"_jetpack_memberships_contains_paid_content":false,"footnotes":"","jetpack_publicize_message":"","jetpack_publicize_feature_enabled":true,"jetpack_social_post_already_shared":true,"jetpack_social_options":{"image_generator_settings":{"template":"highway","default_image_id":0,"font":"","enabled":false},"version":2}},"categories":[11],"tags":[4830,2974,4832,4735,4833,4831],"class_list":["post-41309","post","type-post","status-publish","format-standard","has-post-thumbnail","hentry","category-noticias-de-ribeirao-preto-sp-e-regiao-ismael-colosi","tag-biden","tag-estados","tag-primariasnos","tag-trump","tag-unidos","tag-vencem"],"jetpack_publicize_connections":[],"jetpack_featured_media_url":"https:\/\/i0.wp.com\/noticiasribeiraopreto.com.br\/wp-content\/uploads\/2024\/03\/170977125665e909f8b3ff4_1709771256_3x2_md.jpg?fit=768%2C512&ssl=1","jetpack-related-posts":[{"id":40512,"url":"https:\/\/noticiasribeiraopreto.com.br\/index.php\/2024\/03\/04\/em-washington-haley-vence-trump-pela-primeira-vez-nas-primarias-do-partido-republicano\/","url_meta":{"origin":41309,"position":0},"title":"Em Washington, Haley vence Trump pela primeira vez nas prim\u00e1rias do Partido Republicano","author":"noticiasribeiraopreto.com.br","date":"4 de March de 2024","format":false,"excerpt":"4 de mar\u00e7o de 2024 | 12:004 de mar\u00e7o de 2024 | 10:13 0A ex-governadora da Carolina do Sul Nikki Haley venceu neste domingo, 3, as prim\u00e1rias do Partido Republicano no Distrito de Columbia, onde fica Washington, a capital dos Estados Unidos. Foi a primeira vez que Haley derrotou o\u2026","rel":"","context":"In &quot;Not\u00edcias de Ribeir\u00e3o Preto-SP e Regi\u00e3o&quot;","block_context":{"text":"Not\u00edcias de Ribeir\u00e3o Preto-SP e Regi\u00e3o","link":"https:\/\/noticiasribeiraopreto.com.br\/index.php\/category\/noticias-de-ribeirao-preto-sp-e-regiao-ismael-colosi\/"},"img":{"alt_text":"","src":"https:\/\/i0.wp.com\/noticiasribeiraopreto.com.br\/wp-content\/uploads\/2024\/03\/c50337f3-f150-4058-921f-483ec70ec2cc-scaled.jpg?fit=1000%2C598&ssl=1&resize=350%2C200","width":350,"height":200,"srcset":"https:\/\/i0.wp.com\/noticiasribeiraopreto.com.br\/wp-content\/uploads\/2024\/03\/c50337f3-f150-4058-921f-483ec70ec2cc-scaled.jpg?fit=1000%2C598&ssl=1&resize=350%2C200 1x, https:\/\/i0.wp.com\/noticiasribeiraopreto.com.br\/wp-content\/uploads\/2024\/03\/c50337f3-f150-4058-921f-483ec70ec2cc-scaled.jpg?fit=1000%2C598&ssl=1&resize=525%2C300 1.5x, https:\/\/i0.wp.com\/noticiasribeiraopreto.com.br\/wp-content\/uploads\/2024\/03\/c50337f3-f150-4058-921f-483ec70ec2cc-scaled.jpg?fit=1000%2C598&ssl=1&resize=700%2C400 2x"},"classes":[]},{"id":43572,"url":"https:\/\/noticiasribeiraopreto.com.br\/index.php\/2024\/03\/22\/direita-volver-parte-2\/","url_meta":{"origin":41309,"position":1},"title":"Direita, volver &#8211; parte 2\u00a0","author":"noticiasribeiraopreto.com.br","date":"22 de March de 2024","format":false,"excerpt":"22 de mar\u00e7o de 2024 | 8:1322 de mar\u00e7o de 2024 | 8:12 0 Luiz Paulo Tupynamb\u00e1 *\u00a0www.tupyweb.com\u00a0\u00a0\u201cA esperan\u00e7a dan\u00e7a \/ Na corda bamba de sombrinha\/ E em cada passo dessa linha\/Pode se machucar\u2026\u201d Trecho da can\u00e7\u00e3o \u201cO b\u00eabado e a equilibrista\u201d \u2013 de Aldir Blanc e Jo\u00e3o Bosco\u00a0\u00a0Semana passada,\u2026","rel":"","context":"In &quot;Not\u00edcias de Ribeir\u00e3o Preto-SP e Regi\u00e3o&quot;","block_context":{"text":"Not\u00edcias de Ribeir\u00e3o Preto-SP e Regi\u00e3o","link":"https:\/\/noticiasribeiraopreto.com.br\/index.php\/category\/noticias-de-ribeirao-preto-sp-e-regiao-ismael-colosi\/"},"img":{"alt_text":"","src":"https:\/\/i0.wp.com\/noticiasribeiraopreto.com.br\/wp-content\/uploads\/2024\/03\/luizpaulotupynamba-1-scaled.jpg?fit=1000%2C625&ssl=1&resize=350%2C200","width":350,"height":200,"srcset":"https:\/\/i0.wp.com\/noticiasribeiraopreto.com.br\/wp-content\/uploads\/2024\/03\/luizpaulotupynamba-1-scaled.jpg?fit=1000%2C625&ssl=1&resize=350%2C200 1x, https:\/\/i0.wp.com\/noticiasribeiraopreto.com.br\/wp-content\/uploads\/2024\/03\/luizpaulotupynamba-1-scaled.jpg?fit=1000%2C625&ssl=1&resize=525%2C300 1.5x, https:\/\/i0.wp.com\/noticiasribeiraopreto.com.br\/wp-content\/uploads\/2024\/03\/luizpaulotupynamba-1-scaled.jpg?fit=1000%2C625&ssl=1&resize=700%2C400 2x"},"classes":[]},{"id":31744,"url":"https:\/\/noticiasribeiraopreto.com.br\/index.php\/2024\/01\/23\/a-eleicao-mais-importante-do-ano-nao-vai-acontecer-no-brasil-o-que-esperar-do-possivel-retorno-de-trump-a-casa-branca\/","url_meta":{"origin":41309,"position":2},"title":"A elei\u00e7\u00e3o mais importante do ano n\u00e3o vai acontecer no Brasil: o que esperar do poss\u00edvel retorno de Trump \u00e0 Casa Branca","author":"noticiasribeiraopreto.com.br","date":"23 de January de 2024","format":false,"excerpt":"No final de semana, nos Estados Unidos, ocorreu um movimento significativo no cen\u00e1rio pol\u00edtico republicano: Ron DeSantis, figura proeminente do partido republicano, anunciou a retirada de sua candidatura \u00e0 presid\u00eancia para as elei\u00e7\u00f5es de 2024, simultaneamente endossando Donald Trump como seu candidato preferencial. Esta a\u00e7\u00e3o vem antes das cr\u00edticas prim\u00e1rias\u2026","rel":"","context":"In &quot;Dinheiro e Investimento&quot;","block_context":{"text":"Dinheiro e Investimento","link":"https:\/\/noticiasribeiraopreto.com.br\/index.php\/category\/dinheiro-e-investimento-como-fazer-como-ganhar\/"},"img":{"alt_text":"","src":"https:\/\/i0.wp.com\/noticiasribeiraopreto.com.br\/wp-content\/uploads\/2024\/01\/1706003276_11-628x353.png?fit=628%2C353&ssl=1&resize=350%2C200","width":350,"height":200,"srcset":"https:\/\/i0.wp.com\/noticiasribeiraopreto.com.br\/wp-content\/uploads\/2024\/01\/1706003276_11-628x353.png?fit=628%2C353&ssl=1&resize=350%2C200 1x, https:\/\/i0.wp.com\/noticiasribeiraopreto.com.br\/wp-content\/uploads\/2024\/01\/1706003276_11-628x353.png?fit=628%2C353&ssl=1&resize=525%2C300 1.5x"},"classes":[]},{"id":60100,"url":"https:\/\/noticiasribeiraopreto.com.br\/index.php\/2024\/11\/06\/donald-trump-e-eleito-presidente-dos-estados-unidos\/","url_meta":{"origin":41309,"position":3},"title":"Donald Trump \u00e9 eleito presidente dos\u00a0Estados Unidos","author":"noticiasribeiraopreto.com.br","date":"6 de November de 2024","format":false,"excerpt":"O candidato republicano\u00a0Donald Trump venceu as elei\u00e7\u00f5es de ter\u00e7a-feira (5) ao conquistar votos suficientes para um novo mandato como presidente dos\u00a0Estados Unidos. A proje\u00e7\u00e3o \u00e9 da Associated Press nesta quarta-feira (6). *Not\u00edcia em atualiza\u00e7\u00e3o O post Donald Trump \u00e9 eleito presidente dos\u00a0Estados Unidos apareceu primeiro em ACidade ON Ribeir\u00e3o Preto.\u2026","rel":"","context":"In &quot;Not\u00edcias de Ribeir\u00e3o Preto-SP e Regi\u00e3o&quot;","block_context":{"text":"Not\u00edcias de Ribeir\u00e3o Preto-SP e Regi\u00e3o","link":"https:\/\/noticiasribeiraopreto.com.br\/index.php\/category\/noticias-de-ribeirao-preto-sp-e-regiao-ismael-colosi\/"},"img":{"alt_text":"","src":"https:\/\/i0.wp.com\/noticiasribeiraopreto.com.br\/wp-content\/uploads\/2024\/11\/DONALD-TRUMP_2024-11-06_10-43-25_jpg_2024-11-06_10-43-25.webp.webp?fit=1200%2C935&ssl=1&resize=350%2C200","width":350,"height":200,"srcset":"https:\/\/i0.wp.com\/noticiasribeiraopreto.com.br\/wp-content\/uploads\/2024\/11\/DONALD-TRUMP_2024-11-06_10-43-25_jpg_2024-11-06_10-43-25.webp.webp?fit=1200%2C935&ssl=1&resize=350%2C200 1x, https:\/\/i0.wp.com\/noticiasribeiraopreto.com.br\/wp-content\/uploads\/2024\/11\/DONALD-TRUMP_2024-11-06_10-43-25_jpg_2024-11-06_10-43-25.webp.webp?fit=1200%2C935&ssl=1&resize=525%2C300 1.5x, https:\/\/i0.wp.com\/noticiasribeiraopreto.com.br\/wp-content\/uploads\/2024\/11\/DONALD-TRUMP_2024-11-06_10-43-25_jpg_2024-11-06_10-43-25.webp.webp?fit=1200%2C935&ssl=1&resize=700%2C400 2x, https:\/\/i0.wp.com\/noticiasribeiraopreto.com.br\/wp-content\/uploads\/2024\/11\/DONALD-TRUMP_2024-11-06_10-43-25_jpg_2024-11-06_10-43-25.webp.webp?fit=1200%2C935&ssl=1&resize=1050%2C600 3x"},"classes":[]},{"id":82636,"url":"https:\/\/noticiasribeiraopreto.com.br\/index.php\/2026\/02\/21\/supremo-dos-eua-derruba-tarifaco\/","url_meta":{"origin":41309,"position":4},"title":"Supremo dos EUA derruba tarifa\u00e7o","author":"noticiasribeiraopreto.com.br","date":"21 de February de 2026","format":false,"excerpt":"A Suprema Corte dos Estados Unidos derrubou nesta sexta-feira, 20 de fevereiro, as tarifas sobre produtos importados impostas globalmente pelo presidente Donald Trump. Por seis votos a tr\u00eas, foi mantida a decis\u00e3o de um tribunal inferior que definiu excesso de autoridade do republicano. Em contrapartida, o mandat\u00e1rio norte-americano anunciou tarifa\u2026","rel":"","context":"In &quot;Not\u00edcias de Ribeir\u00e3o Preto-SP e Regi\u00e3o&quot;","block_context":{"text":"Not\u00edcias de Ribeir\u00e3o Preto-SP e Regi\u00e3o","link":"https:\/\/noticiasribeiraopreto.com.br\/index.php\/category\/noticias-de-ribeirao-preto-sp-e-regiao-ismael-colosi\/"},"img":{"alt_text":"","src":"https:\/\/i0.wp.com\/noticiasribeiraopreto.com.br\/wp-content\/uploads\/2026\/02\/Tarifa-Carlos-Barria-Reuters.jpg?fit=1170%2C700&ssl=1&resize=350%2C200","width":350,"height":200,"srcset":"https:\/\/i0.wp.com\/noticiasribeiraopreto.com.br\/wp-content\/uploads\/2026\/02\/Tarifa-Carlos-Barria-Reuters.jpg?fit=1170%2C700&ssl=1&resize=350%2C200 1x, https:\/\/i0.wp.com\/noticiasribeiraopreto.com.br\/wp-content\/uploads\/2026\/02\/Tarifa-Carlos-Barria-Reuters.jpg?fit=1170%2C700&ssl=1&resize=525%2C300 1.5x, https:\/\/i0.wp.com\/noticiasribeiraopreto.com.br\/wp-content\/uploads\/2026\/02\/Tarifa-Carlos-Barria-Reuters.jpg?fit=1170%2C700&ssl=1&resize=700%2C400 2x, https:\/\/i0.wp.com\/noticiasribeiraopreto.com.br\/wp-content\/uploads\/2026\/02\/Tarifa-Carlos-Barria-Reuters.jpg?fit=1170%2C700&ssl=1&resize=1050%2C600 3x"},"classes":[]},{"id":32341,"url":"https:\/\/noticiasribeiraopreto.com.br\/index.php\/2024\/01\/24\/a-furia-de-trump-chega-a-carolina-do-sul\/","url_meta":{"origin":41309,"position":5},"title":"a f\u00faria de Trump chega \u00e0 Carolina do Sul","author":"noticiasribeiraopreto.com.br","date":"24 de January de 2024","format":false,"excerpt":"A vit\u00f3ria de Donald Trump em New Hampshire n\u00e3o serviria apenas para colocar o ex-presidente dos EUA mais pr\u00f3ximo da indica\u00e7\u00e3o republicana \u00e0 Casa Branca \u2014 o plano era fazer a sua \u00fanica rival, Nikki Haley, desistir a ponto de nem disputar os votos na Carolina do Sul, no m\u00eas\u2026","rel":"","context":"In &quot;Dinheiro e Investimento&quot;","block_context":{"text":"Dinheiro e Investimento","link":"https:\/\/noticiasribeiraopreto.com.br\/index.php\/category\/dinheiro-e-investimento-como-fazer-como-ganhar\/"},"img":{"alt_text":"","src":"https:\/\/i0.wp.com\/noticiasribeiraopreto.com.br\/wp-content\/uploads\/2024\/01\/shutterstock_590366933-628x353.jpg?fit=628%2C353&ssl=1&resize=350%2C200","width":350,"height":200,"srcset":"https:\/\/i0.wp.com\/noticiasribeiraopreto.com.br\/wp-content\/uploads\/2024\/01\/shutterstock_590366933-628x353.jpg?fit=628%2C353&ssl=1&resize=350%2C200 1x, https:\/\/i0.wp.com\/noticiasribeiraopreto.com.br\/wp-content\/uploads\/2024\/01\/shutterstock_590366933-628x353.jpg?fit=628%2C353&ssl=1&resize=525%2C300 1.5x"},"classes":[]}],"jetpack_sharing_enabled":true,"jetpack_shortlink":"https:\/\/wp.me\/peQAOb-aKh","_links":{"self":[{"href":"https:\/\/noticiasribeiraopreto.com.br\/index.php\/wp-json\/wp\/v2\/posts\/41309","targetHints":{"allow":["GET"]}}],"collection":[{"href":"https:\/\/noticiasribeiraopreto.com.br\/index.php\/wp-json\/wp\/v2\/posts"}],"about":[{"href":"https:\/\/noticiasribeiraopreto.com.br\/index.php\/wp-json\/wp\/v2\/types\/post"}],"author":[{"embeddable":true,"href":"https:\/\/noticiasribeiraopreto.com.br\/index.php\/wp-json\/wp\/v2\/users\/1"}],"replies":[{"embeddable":true,"href":"https:\/\/noticiasribeiraopreto.com.br\/index.php\/wp-json\/wp\/v2\/comments?post=41309"}],"version-history":[{"count":0,"href":"https:\/\/noticiasribeiraopreto.com.br\/index.php\/wp-json\/wp\/v2\/posts\/41309\/revisions"}],"wp:featuredmedia":[{"embeddable":true,"href":"https:\/\/noticiasribeiraopreto.com.br\/index.php\/wp-json\/wp\/v2\/media\/41310"}],"wp:attachment":[{"href":"https:\/\/noticiasribeiraopreto.com.br\/index.php\/wp-json\/wp\/v2\/media?parent=41309"}],"wp:term":[{"taxonomy":"category","embeddable":true,"href":"https:\/\/noticiasribeiraopreto.com.br\/index.php\/wp-json\/wp\/v2\/categories?post=41309"},{"taxonomy":"post_tag","embeddable":true,"href":"https:\/\/noticiasribeiraopreto.com.br\/index.php\/wp-json\/wp\/v2\/tags?post=41309"}],"curies":[{"name":"wp","href":"https:\/\/api.w.org\/{rel}","templated":true}]}}