{"id":41321,"date":"2024-03-07T15:23:12","date_gmt":"2024-03-07T18:23:12","guid":{"rendered":"https:\/\/noticiasribeiraopreto.com.br\/index.php\/2024\/03\/07\/planeta-tem-recorde-de-calor-pelo-nono-mes-seguido\/"},"modified":"2024-03-07T15:23:12","modified_gmt":"2024-03-07T18:23:12","slug":"planeta-tem-recorde-de-calor-pelo-nono-mes-seguido","status":"publish","type":"post","link":"https:\/\/noticiasribeiraopreto.com.br\/index.php\/2024\/03\/07\/planeta-tem-recorde-de-calor-pelo-nono-mes-seguido\/","title":{"rendered":"Planeta tem recorde de calor pelo nono m\u00eas seguido"},"content":{"rendered":"<div class='code-block code-block-1' style='margin: 8px 0 8px auto; text-align: right; display: block; clear: both;'>\n<p><a href=\"https:\/\/wa.link\/vpicfd\"><img data-recalc-dims=\"1\" class=\"wp-image-4922\" style=\"aspect-ratio: 2.0253164556962027; width: 561px; height: auto;\" src=\"https:\/\/i0.wp.com\/ismaelcolosi.com.br\/wp-content\/uploads\/2023\/11\/grupo-de-empregos-whatsapp-e-facebook-ismael-colosi-vagas.jpg?ssl=1\" alt=\"\" \/><\/a><\/p>\n<!-- \/wp:image -->\n<\/div>\n<p> <br \/>\n<\/p>\n<div id=\"Corpo\">Pelo nono m\u00eas consecutivo, o planeta estabeleceu novos recordes de calor. Em fevereiro, o inverno do hemisf\u00e9rio norte como um todo e os oceanos bateram recordes de altas temperaturas, de acordo com a ag\u00eancia clim\u00e1tica da Uni\u00e3o Europeia, Copernicus.<\/p>\n<p>O epis\u00f3dio hist\u00f3rico mais recente dessa onda de calor impulsionada pelas mudan\u00e7as clim\u00e1ticas inclui temperaturas da superf\u00edcie do mar que n\u00e3o foram apenas as mais altas do m\u00eas de fevereiro, mas eclipsaram qualquer m\u00eas registrado, superando o recorde estabelecido em agosto de 2023, e o term\u00f4metro ainda estava subindo no final do m\u00eas.<\/p>\n<p>Al\u00e9m disso, fevereiro, assim como os dois meses de inverno (do hemisf\u00e9rio norte) anteriores, excedeu o limite de aquecimento de longo prazo estabelecido pela comunidade internacional, informou o Copernicus na quarta-feira.<\/p>\n<p>O \u00faltimo m\u00eas que n\u00e3o estabeleceu um recorde mensal de alta temperatura foi maio de 2023, que ficou em terceiro lugar, atr\u00e1s de 2020 e 2016. Os recordes do Copernicus t\u00eam sido derrubados sucessivamente desde junho.<\/p>\n<p>A m\u00e9dia de fevereiro de 2024 foi de 13,54 graus Celsius (56,37 Fahrenheit), quebrando a marca anterior de 2016 em um oitavo de grau. A temperatura do m\u00eas passado foi 1,77 Celsius (3,19 Fahrenheit) acima da temperatura registrada no final do s\u00e9culo 19, de acordo com os c\u00e1lculos do Copernicus. Somente dezembro teve uma margem maior do que fevereiro acima dos n\u00edveis pr\u00e9-industriais em um m\u00eas.<\/p>\n<p>No Acordo Clim\u00e1tico de Paris de 2015, o mundo estabeleceu a meta de tentar conter o aquecimento a um m\u00e1ximo de 1,5 grau Celsius (2,7 Fahrenheit) em compara\u00e7\u00e3o com a \u00e9poca pr\u00e9-industrial.<\/p>\n<p>Os n\u00fameros do Copernicus s\u00e3o mensais e uma m\u00e9trica diferente do limite estabelecido em Paris, que \u00e9 a m\u00e9dia de duas ou tr\u00eas d\u00e9cadas. Mas os dados do Copernicus revelam que os \u00faltimos oito meses, desde julho de 2023, ultrapassaram 1,5 Celsius de aquecimento.<\/p>\n<p>Os climatologistas dizem que a maior parte do aquecimento recorde se deve \u00e0 mudan\u00e7a clim\u00e1tica causada pelo homem, composta de emiss\u00f5es de di\u00f3xido de carbono e metano provenientes da queima de carv\u00e3o, petr\u00f3leo e g\u00e1s natural.<\/p>\n<p>O calor adicional vem do fen\u00f4meno natural El Ni\u00f1o, um aquecimento do Pac\u00edfico central que altera os padr\u00f5es clim\u00e1ticos globais.<\/p>\n<p>\u201cDado o forte impacto do El Ni\u00f1o a partir de meados de 2023, n\u00e3o \u00e9 surpreendente ver temperaturas globais acima do normal, j\u00e1 que o El Ni\u00f1o leva o calor do oceano para a atmosfera, elevando as temperaturas do ar. Mas a quantidade de recordes que foram quebrados \u00e9 alarmante\u201d, disse a climatologista Jennifer Francis, do Woodwell Climate Research Center, que n\u00e3o participou dos c\u00e1lculos.<\/p>\n<p>\u201cE tamb\u00e9m vemos o atual \u2018ponto quente\u2019 sobre o \u00c1rtico, onde as taxas de aquecimento s\u00e3o muito mais r\u00e1pidas do que no mundo todo, desencadeando uma cascata de impactos sobre a pesca, os ecossistemas, o derretimento do gelo e a altera\u00e7\u00e3o dos padr\u00f5es oce\u00e2nicos atuais que t\u00eam efeitos generalizados e de longo prazo\u201d, acrescentou Francis.<\/p>\n<p>As altas temperaturas recordes do oceano fora do Pac\u00edfico, onde o El Ni\u00f1o est\u00e1 concentrado, mostram que isso vai al\u00e9m do efeito natural, disse Francesca Guglielmo, climatologista s\u00eanior do Copernicus.<\/p>\n<p>A temperatura da superf\u00edcie do Atl\u00e2ntico Norte permaneceu em um n\u00edvel recorde \u2013 em compara\u00e7\u00e3o com a data espec\u00edfica \u2013 todos os dias durante um ano inteiro desde 5 de mar\u00e7o de 2023, \u201cmuitas vezes por margens que parecem imposs\u00edveis\u201d, de acordo com Brian McNoldy, cientista tropical da Universidade de Miami.<\/p>\n<p>Essas outras \u00e1reas oce\u00e2nicas \u201cs\u00e3o um sintoma do calor aprisionado pelos gases de efeito estufa que se acumularam ao longo das d\u00e9cadas\u201d, disse Francis em um e-mail. \u201cEsse calor agora est\u00e1 emergindo e elevando as temperaturas do ar a um territ\u00f3rio desconhecido.\u201d<\/p>\n<p>\u201cEssas temperaturas anormalmente altas s\u00e3o muito preocupantes\u201d, disse a climatologista Natalie Mahowald, da Universidade de Cornell. \u201cPara evitar temperaturas ainda mais altas, precisamos agir rapidamente para reduzir as emiss\u00f5es de CO2.\u201d<\/p>\n<p>Esse foi o inverno (do hemisf\u00e9rio norte) mais quente \u2013 dezembro, janeiro e fevereiro \u2013 em quase um quarto de grau, superando o recorde de 2016, um ano que tamb\u00e9m teve El Ni\u00f1o. O per\u00edodo de tr\u00eas meses \u00e9 o mais alto em qualquer esta\u00e7\u00e3o do ano acima dos n\u00edveis pr\u00e9-industriais nos registros do Copernicus, que datam de 1940.<\/p>\n<p>Francis disse que, em uma escala de um a 10 para avaliar a gravidade da situa\u00e7\u00e3o, ele d\u00e1 ao que est\u00e1 acontecendo agora \u201cum 10, mas em breve precisaremos de uma nova escala, porque o que \u00e9 um 10 hoje ser\u00e1 um cinco no futuro, a menos que a sociedade possa parar o ac\u00famulo de gases de efeito estufa\u201d.<\/p>\n<p><b>Qual a previs\u00e3o para os pr\u00f3ximos meses?<\/b><\/p>\n<p>O El Ni\u00f1o, fen\u00f4meno clim\u00e1tico que tem influenciado o clima desde o ano passado, pode causar, em v\u00e1rias partes do planeta, como na Amaz\u00f4nia, no Mar do Caribe e no Alasca, temperaturas m\u00e9dias sem precedentes at\u00e9 junho de 2024. Isso \u00e9 o que diz novo estudo publicado pela revista Scientific Reports no fim de fevereiro.<\/p>\n<p>Assinado por pesquisadores chineses, o trabalho sugere que h\u00e1 probabilidade estimada de 90% de que ocorram temperaturas m\u00e9dias globais de superf\u00edcie recordes durante o mesmo per\u00edodo em um cen\u00e1rio de El Ni\u00f1o moderado ou forte.<\/p>\n<p>Os autores alertam que temperaturas m\u00e9dias recordes provavelmente desafiar\u00e3o a capacidade atual das regi\u00f5es de lidar com as consequ\u00eancias do excesso de calor. Al\u00e9m disso, as altas temperaturas podem aumentar consideravelmente a probabilidade de ocorr\u00eancia de fen\u00f4menos clim\u00e1ticos extremos, como inc\u00eandios florestais, ciclones tropicais e ondas de calor. (Com informa\u00e7\u00f5es da Associated Press).<\/p>\n<\/div>\n<p><br \/>\n<br \/><a href=\"https:\/\/www.tribunaribeirao.com.br\/site\/planeta-tem-recorde-de-calor-pelo-nono-mes-seguido\/\">Source link <\/a><\/p>\n<!-- CONTENT END 1 -->\n","protected":false},"excerpt":{"rendered":"<p>Pelo nono m\u00eas consecutivo, o planeta estabeleceu novos recordes de calor. Em fevereiro, o inverno do hemisf\u00e9rio norte como um todo e os oceanos bateram&#8230;<\/p>\n","protected":false},"author":1,"featured_media":41322,"comment_status":"open","ping_status":"open","sticky":false,"template":"","format":"standard","meta":{"advanced_seo_description":"","jetpack_seo_html_title":"","jetpack_seo_noindex":false,"jetpack_post_was_ever_published":false,"_jetpack_newsletter_access":"","_jetpack_dont_email_post_to_subs":false,"_jetpack_newsletter_tier_id":0,"_jetpack_memberships_contains_paywalled_content":false,"_jetpack_memberships_contains_paid_content":false,"footnotes":"","jetpack_publicize_message":"","jetpack_publicize_feature_enabled":true,"jetpack_social_post_already_shared":true,"jetpack_social_options":{"image_generator_settings":{"template":"highway","default_image_id":0,"font":"","enabled":false},"version":2}},"categories":[11],"tags":[834,670,4834,885,3588,241,4835,162],"class_list":["post-41321","post","type-post","status-publish","format-standard","has-post-thumbnail","hentry","category-noticias-de-ribeirao-preto-sp-e-regiao-ismael-colosi","tag-calor","tag-mes","tag-nono","tag-pelo","tag-planeta","tag-recorde","tag-seguido","tag-tem"],"jetpack_publicize_connections":[],"jetpack_featured_media_url":"https:\/\/i0.wp.com\/noticiasribeiraopreto.com.br\/wp-content\/uploads\/2024\/03\/onda-de-calor-europa-scaled-1-scaled.jpg?fit=1000%2C563&ssl=1","jetpack-related-posts":[{"id":904,"url":"https:\/\/noticiasribeiraopreto.com.br\/index.php\/2023\/11\/09\/2023-o-ano-mais-quente-entre-125-mil-anos\/","url_meta":{"origin":41321,"position":0},"title":"2023: o ano mais quente entre 125 mil anos","author":"noticiasribeiraopreto.com.br","date":"9 de November de 2023","format":false,"excerpt":"Cientistas do observat\u00f3rio europeu Copernicus anunciaram nesta quarta-feira, 8 de novembro, que 2023 deve terminar como o ano mais quente em 125 mil anos.\u00a0 Os dados mostram que o \u00faltimo m\u00eas de outubro foi o mais quente do mundo nesse per\u00edodo.Bateu o recorde hist\u00f3rico, superando o de 2019, que tinha\u2026","rel":"","context":"In &quot;Not\u00edcias de Ribeir\u00e3o Preto-SP e Regi\u00e3o&quot;","block_context":{"text":"Not\u00edcias de Ribeir\u00e3o Preto-SP e Regi\u00e3o","link":"https:\/\/noticiasribeiraopreto.com.br\/index.php\/category\/noticias-de-ribeirao-preto-sp-e-regiao-ismael-colosi\/"},"img":{"alt_text":"","src":"https:\/\/i0.wp.com\/noticiasribeiraopreto.com.br\/wp-content\/uploads\/2023\/11\/Calor-Alfredo-Risk-Arquivo-scaled.jpg?fit=967%2C645&ssl=1&resize=350%2C200","width":350,"height":200,"srcset":"https:\/\/i0.wp.com\/noticiasribeiraopreto.com.br\/wp-content\/uploads\/2023\/11\/Calor-Alfredo-Risk-Arquivo-scaled.jpg?fit=967%2C645&ssl=1&resize=350%2C200 1x, https:\/\/i0.wp.com\/noticiasribeiraopreto.com.br\/wp-content\/uploads\/2023\/11\/Calor-Alfredo-Risk-Arquivo-scaled.jpg?fit=967%2C645&ssl=1&resize=525%2C300 1.5x, https:\/\/i0.wp.com\/noticiasribeiraopreto.com.br\/wp-content\/uploads\/2023\/11\/Calor-Alfredo-Risk-Arquivo-scaled.jpg?fit=967%2C645&ssl=1&resize=700%2C400 2x"},"classes":[]},{"id":23220,"url":"https:\/\/noticiasribeiraopreto.com.br\/index.php\/2024\/01\/01\/o-ano-de-2024-deve-ser-ainda-mais-quente-do-que-o-de-2023\/","url_meta":{"origin":41321,"position":1},"title":"O ano de 2024 deve ser ainda mais quente do que o de 2023","author":"noticiasribeiraopreto.com.br","date":"1 de January de 2024","format":false,"excerpt":"O ano de 2024 deve ser ainda mais quente do que o de 2023, segundo a Organiza\u00e7\u00e3o Meteorol\u00f3gica Mundial (OMM), em consequ\u00eancia das mudan\u00e7as clim\u00e1ticas em curso somadas \u00e0 ocorr\u00eancia do fen\u00f4meno El Ni\u00f1o, de aquecimento das \u00e1guas do Pac\u00edfico, que se estender\u00e1 at\u00e9 meados do ano.Novos recordes de temperatura\u2026","rel":"","context":"In &quot;Not\u00edcias de Ribeir\u00e3o Preto-SP e Regi\u00e3o&quot;","block_context":{"text":"Not\u00edcias de Ribeir\u00e3o Preto-SP e Regi\u00e3o","link":"https:\/\/noticiasribeiraopreto.com.br\/index.php\/category\/noticias-de-ribeirao-preto-sp-e-regiao-ismael-colosi\/"},"img":{"alt_text":"","src":"https:\/\/i0.wp.com\/noticiasribeiraopreto.com.br\/wp-content\/uploads\/2024\/01\/bb855b6e-3803-4299-abd4-52a0971e7eac-scaled.jpg?fit=917%2C645&ssl=1&resize=350%2C200","width":350,"height":200,"srcset":"https:\/\/i0.wp.com\/noticiasribeiraopreto.com.br\/wp-content\/uploads\/2024\/01\/bb855b6e-3803-4299-abd4-52a0971e7eac-scaled.jpg?fit=917%2C645&ssl=1&resize=350%2C200 1x, https:\/\/i0.wp.com\/noticiasribeiraopreto.com.br\/wp-content\/uploads\/2024\/01\/bb855b6e-3803-4299-abd4-52a0971e7eac-scaled.jpg?fit=917%2C645&ssl=1&resize=525%2C300 1.5x, https:\/\/i0.wp.com\/noticiasribeiraopreto.com.br\/wp-content\/uploads\/2024\/01\/bb855b6e-3803-4299-abd4-52a0971e7eac-scaled.jpg?fit=917%2C645&ssl=1&resize=700%2C400 2x"},"classes":[]},{"id":19780,"url":"https:\/\/noticiasribeiraopreto.com.br\/index.php\/2023\/12\/23\/quem-vai-sofrer-mais-com-as-altas-temperaturas-do-verao\/","url_meta":{"origin":41321,"position":2},"title":"Quem vai sofrer mais com as altas temperaturas do ver\u00e3o?","author":"noticiasribeiraopreto.com.br","date":"23 de December de 2023","format":false,"excerpt":"Cr\u00e9ditos: Jorge Araujo\/Fotos PublicasAltas temperaturas: O calor mata 15 milh\u00f5es de pessoas ao ano, afirma OMS \u2013 Jorge Araujo\/ Fotos Publicas Com temperaturas acima dos 35\u00ba graus de Norte a Sul do pa\u00eds, os pr\u00f3ximos meses indicam que o Brasil passar\u00e1 por um dos ver\u00f5es mais quentes das \u00faltimas d\u00e9cadas.\u2026","rel":"","context":"In &quot;Variedades&quot;","block_context":{"text":"Variedades","link":"https:\/\/noticiasribeiraopreto.com.br\/index.php\/category\/variedades\/"},"img":{"alt_text":"","src":"https:\/\/i0.wp.com\/noticiasribeiraopreto.com.br\/wp-content\/uploads\/2023\/12\/mjjm.jpg?fit=1200%2C638&ssl=1&resize=350%2C200","width":350,"height":200,"srcset":"https:\/\/i0.wp.com\/noticiasribeiraopreto.com.br\/wp-content\/uploads\/2023\/12\/mjjm.jpg?fit=1200%2C638&ssl=1&resize=350%2C200 1x, https:\/\/i0.wp.com\/noticiasribeiraopreto.com.br\/wp-content\/uploads\/2023\/12\/mjjm.jpg?fit=1200%2C638&ssl=1&resize=525%2C300 1.5x, https:\/\/i0.wp.com\/noticiasribeiraopreto.com.br\/wp-content\/uploads\/2023\/12\/mjjm.jpg?fit=1200%2C638&ssl=1&resize=700%2C400 2x, https:\/\/i0.wp.com\/noticiasribeiraopreto.com.br\/wp-content\/uploads\/2023\/12\/mjjm.jpg?fit=1200%2C638&ssl=1&resize=1050%2C600 3x"},"classes":[]},{"id":14223,"url":"https:\/\/noticiasribeiraopreto.com.br\/index.php\/2023\/12\/11\/termometros-devem-chegar-a-40c-em-oito-estados-2\/","url_meta":{"origin":41321,"position":3},"title":"term\u00f4metros devem chegar a 40\u00b0C em oito estados","author":"noticiasribeiraopreto.com.br","date":"11 de December de 2023","format":false,"excerpt":"Uma iminente onda de calor est\u00e1 prestes a elevar as temperaturas em oito estados do Brasil, com previs\u00e3o de term\u00f4metros se aproximando dos 40\u00b0C a partir da quinta-feira (14). Mato Grosso do Sul, Goi\u00e1s, Distrito Federal, sul do Mato Grosso, norte de S\u00e3o Paulo, grande parte de Minas Gerais, sul\u2026","rel":"","context":"In &quot;Vagas de Emprego em Ribeir\u00e3o Preto-SP&quot;","block_context":{"text":"Vagas de Emprego em Ribeir\u00e3o Preto-SP","link":"https:\/\/noticiasribeiraopreto.com.br\/index.php\/category\/empregos-classificados-vagas-trabalho\/vagas-de-empregos-em-ribeirao-preto-regiao-brasil\/"},"img":{"alt_text":"","src":"https:\/\/i0.wp.com\/noticiasribeiraopreto.com.br\/wp-content\/uploads\/2023\/12\/onda_de_calor_no_brasil___foto_agencia_brasil.jpg?fit=1200%2C675&ssl=1&resize=350%2C200","width":350,"height":200,"srcset":"https:\/\/i0.wp.com\/noticiasribeiraopreto.com.br\/wp-content\/uploads\/2023\/12\/onda_de_calor_no_brasil___foto_agencia_brasil.jpg?fit=1200%2C675&ssl=1&resize=350%2C200 1x, https:\/\/i0.wp.com\/noticiasribeiraopreto.com.br\/wp-content\/uploads\/2023\/12\/onda_de_calor_no_brasil___foto_agencia_brasil.jpg?fit=1200%2C675&ssl=1&resize=525%2C300 1.5x, https:\/\/i0.wp.com\/noticiasribeiraopreto.com.br\/wp-content\/uploads\/2023\/12\/onda_de_calor_no_brasil___foto_agencia_brasil.jpg?fit=1200%2C675&ssl=1&resize=700%2C400 2x, https:\/\/i0.wp.com\/noticiasribeiraopreto.com.br\/wp-content\/uploads\/2023\/12\/onda_de_calor_no_brasil___foto_agencia_brasil.jpg?fit=1200%2C675&ssl=1&resize=1050%2C600 3x"},"classes":[]},{"id":76091,"url":"https:\/\/noticiasribeiraopreto.com.br\/index.php\/2025\/08\/21\/veranico-ja-tem-data-para-acabar-veja-previsao\/","url_meta":{"origin":41321,"position":4},"title":"Veranico j\u00e1 tem data para acabar? Veja previs\u00e3o","author":"noticiasribeiraopreto.com.br","date":"21 de August de 2025","format":false,"excerpt":"Os term\u00f4metros voltaram a subir no interior de S\u00e3o Paulo com o in\u00edcio de um novo veranico, per\u00edodo em que as temperaturas ficam acima da m\u00e9dia mesmo no inverno. Segundo os meteorologistas, uma massa de ar seco associada a um bloqueio atmosf\u00e9rico favorecer\u00e1 dias de calor intenso e baixa umidade.\u2026","rel":"","context":"In &quot;Not\u00edcias de Ribeir\u00e3o Preto-SP e Regi\u00e3o&quot;","block_context":{"text":"Not\u00edcias de Ribeir\u00e3o Preto-SP e Regi\u00e3o","link":"https:\/\/noticiasribeiraopreto.com.br\/index.php\/category\/noticias-de-ribeirao-preto-sp-e-regiao-ismael-colosi\/"},"img":{"alt_text":"","src":"https:\/\/i0.wp.com\/noticiasribeiraopreto.com.br\/wp-content\/uploads\/2025\/08\/calor-2_2024-10-08_20-08-44_jpeg_2024-10-08_20-08-44-1024x683.webp.webp?fit=1024%2C683&ssl=1&resize=350%2C200","width":350,"height":200,"srcset":"https:\/\/i0.wp.com\/noticiasribeiraopreto.com.br\/wp-content\/uploads\/2025\/08\/calor-2_2024-10-08_20-08-44_jpeg_2024-10-08_20-08-44-1024x683.webp.webp?fit=1024%2C683&ssl=1&resize=350%2C200 1x, https:\/\/i0.wp.com\/noticiasribeiraopreto.com.br\/wp-content\/uploads\/2025\/08\/calor-2_2024-10-08_20-08-44_jpeg_2024-10-08_20-08-44-1024x683.webp.webp?fit=1024%2C683&ssl=1&resize=525%2C300 1.5x, https:\/\/i0.wp.com\/noticiasribeiraopreto.com.br\/wp-content\/uploads\/2025\/08\/calor-2_2024-10-08_20-08-44_jpeg_2024-10-08_20-08-44-1024x683.webp.webp?fit=1024%2C683&ssl=1&resize=700%2C400 2x"},"classes":[]},{"id":72785,"url":"https:\/\/noticiasribeiraopreto.com.br\/index.php\/2025\/06\/21\/inverno-chega-com-a-noite-mais-longa\/","url_meta":{"origin":41321,"position":5},"title":"Inverno chega com a noite mais longa","author":"noticiasribeiraopreto.com.br","date":"21 de June de 2025","format":false,"excerpt":"Apesar de o frio j\u00e1 ter chegado em Ribeir\u00e3o Preto e boa parte do Brasil, o inverno come\u00e7ou no Hemisf\u00e9rio Sul oficialmente \u00e0s 23h42 desta sexta-feira, 20 de junho, no hor\u00e1rio de Bras\u00edlia. A mudan\u00e7a do outono para a esta\u00e7\u00e3o mais fria do ano \u00e9 marcada por um fen\u00f4meno chamado\u2026","rel":"","context":"In &quot;Not\u00edcias de Ribeir\u00e3o Preto-SP e Regi\u00e3o&quot;","block_context":{"text":"Not\u00edcias de Ribeir\u00e3o Preto-SP e Regi\u00e3o","link":"https:\/\/noticiasribeiraopreto.com.br\/index.php\/category\/noticias-de-ribeirao-preto-sp-e-regiao-ismael-colosi\/"},"img":{"alt_text":"","src":"https:\/\/i0.wp.com\/noticiasribeiraopreto.com.br\/wp-content\/uploads\/2025\/06\/Inverno-Alfredo-Risk-scaled.jpg?fit=750%2C500&ssl=1&resize=350%2C200","width":350,"height":200,"srcset":"https:\/\/i0.wp.com\/noticiasribeiraopreto.com.br\/wp-content\/uploads\/2025\/06\/Inverno-Alfredo-Risk-scaled.jpg?fit=750%2C500&ssl=1&resize=350%2C200 1x, https:\/\/i0.wp.com\/noticiasribeiraopreto.com.br\/wp-content\/uploads\/2025\/06\/Inverno-Alfredo-Risk-scaled.jpg?fit=750%2C500&ssl=1&resize=525%2C300 1.5x, https:\/\/i0.wp.com\/noticiasribeiraopreto.com.br\/wp-content\/uploads\/2025\/06\/Inverno-Alfredo-Risk-scaled.jpg?fit=750%2C500&ssl=1&resize=700%2C400 2x"},"classes":[]}],"jetpack_sharing_enabled":true,"jetpack_shortlink":"https:\/\/wp.me\/peQAOb-aKt","_links":{"self":[{"href":"https:\/\/noticiasribeiraopreto.com.br\/index.php\/wp-json\/wp\/v2\/posts\/41321","targetHints":{"allow":["GET"]}}],"collection":[{"href":"https:\/\/noticiasribeiraopreto.com.br\/index.php\/wp-json\/wp\/v2\/posts"}],"about":[{"href":"https:\/\/noticiasribeiraopreto.com.br\/index.php\/wp-json\/wp\/v2\/types\/post"}],"author":[{"embeddable":true,"href":"https:\/\/noticiasribeiraopreto.com.br\/index.php\/wp-json\/wp\/v2\/users\/1"}],"replies":[{"embeddable":true,"href":"https:\/\/noticiasribeiraopreto.com.br\/index.php\/wp-json\/wp\/v2\/comments?post=41321"}],"version-history":[{"count":0,"href":"https:\/\/noticiasribeiraopreto.com.br\/index.php\/wp-json\/wp\/v2\/posts\/41321\/revisions"}],"wp:featuredmedia":[{"embeddable":true,"href":"https:\/\/noticiasribeiraopreto.com.br\/index.php\/wp-json\/wp\/v2\/media\/41322"}],"wp:attachment":[{"href":"https:\/\/noticiasribeiraopreto.com.br\/index.php\/wp-json\/wp\/v2\/media?parent=41321"}],"wp:term":[{"taxonomy":"category","embeddable":true,"href":"https:\/\/noticiasribeiraopreto.com.br\/index.php\/wp-json\/wp\/v2\/categories?post=41321"},{"taxonomy":"post_tag","embeddable":true,"href":"https:\/\/noticiasribeiraopreto.com.br\/index.php\/wp-json\/wp\/v2\/tags?post=41321"}],"curies":[{"name":"wp","href":"https:\/\/api.w.org\/{rel}","templated":true}]}}