{"id":41354,"date":"2024-03-07T17:45:06","date_gmt":"2024-03-07T20:45:06","guid":{"rendered":"https:\/\/noticiasribeiraopreto.com.br\/index.php\/2024\/03\/07\/oficina-de-contacao-de-historias-tem-vagas-abertas-em-ribeirao-preto\/"},"modified":"2024-03-07T17:45:06","modified_gmt":"2024-03-07T20:45:06","slug":"oficina-de-contacao-de-historias-tem-vagas-abertas-em-ribeirao-preto","status":"publish","type":"post","link":"https:\/\/noticiasribeiraopreto.com.br\/index.php\/2024\/03\/07\/oficina-de-contacao-de-historias-tem-vagas-abertas-em-ribeirao-preto\/","title":{"rendered":"Oficina de conta\u00e7\u00e3o de hist\u00f3rias tem vagas abertas em Ribeir\u00e3o Preto"},"content":{"rendered":"<div class='code-block code-block-1' style='margin: 8px 0 8px auto; text-align: right; display: block; clear: both;'>\n<p><a href=\"https:\/\/wa.link\/vpicfd\"><img data-recalc-dims=\"1\" class=\"wp-image-4922\" style=\"aspect-ratio: 2.0253164556962027; width: 561px; height: auto;\" src=\"https:\/\/i0.wp.com\/ismaelcolosi.com.br\/wp-content\/uploads\/2023\/11\/grupo-de-empregos-whatsapp-e-facebook-ismael-colosi-vagas.jpg?ssl=1\" alt=\"\" \/><\/a><\/p>\n<!-- \/wp:image -->\n<\/div>\n<p> <br \/>\n<\/p>\n<div data-td-block-uid=\"tdi_101\">\n<div class=\"tdb-block-inner td-fix-index\">\n<p>O <strong>projeto<\/strong> Ang\u00e1 realiza neste s\u00e1bado (9) a <strong>oficina<\/strong> de <strong>conta\u00e7\u00e3o de hist\u00f3rias<\/strong> \u201cMeu corpo e minha voz nas hist\u00f3rias que quero contar\u201d com a <strong>atriz M\u00edriam Fontana<\/strong>. <\/p>\n<p>A <strong>2\u00aa edi\u00e7\u00e3o<\/strong> do <strong>projeto<\/strong> est\u00e1 com <strong>20 vagas abertas<\/strong> e <strong>gratuitas<\/strong>.<\/p>\n<p>Os <strong>interessados<\/strong> em participar da oficina deve se <strong>inscrever pessoalmente<\/strong> na <strong>entrada do evento<\/strong>, que ser\u00e1 das 9h \u00e0s13h, na <strong>biblioteca Sinh\u00e1 Junqueira<\/strong>, no Centro de Ribeir\u00e3o Preto. <\/p>\n<p>A<strong> atividade<\/strong> tem o <strong>objetivo<\/strong> de oferecer uma <strong>explora\u00e7\u00e3o da voz<\/strong> e de <strong>movimentos<\/strong> entrela\u00e7ados \u00e0s hist\u00f3rias que os contadores querem contar.<\/p>\n<p><strong>SERVI\u00c7O<br \/>O QUE<\/strong>: <strong>\u201cOficina de Conta\u00e7\u00e3o de Hist\u00f3rias\u201d<\/strong><\/p>\n<p><strong>Data:<\/strong> 9\/3\/2024<br \/><strong>Hor\u00e1rio: <\/strong>9h \u00e0s 13h<br \/><strong>Local: <\/strong>Biblioteca Sinh\u00e1 Junqueira -rua Duque de Caxias, 547<br \/><strong>Entrada: <\/strong>participa\u00e7\u00e3o aberta e gratuita<br \/><strong>Inscri\u00e7\u00f5es:<\/strong> na entrada da oficina<\/p>\n<p>SAIBA MAIS<\/p>\n<p>Veja como concorrer as 14 mil vagas para agentes da rede estadual de ensino de SP<\/p>\n<h4 class=\"wp-block-heading\"><strong><mark>FIQUE ON<\/mark><\/strong><\/h4>\n<p>Fique ligado em tudo que acontece em Ribeir\u00e3o Preto e regi\u00e3o. Siga os perfis do\u00a0<strong>acidade on<\/strong>\u00a0no\u00a0<a href=\"https:\/\/www.instagram.com\/acidadeonribeirao\" target=\"_blank\" rel=\"noreferrer noopener\">Instagram<\/a>\u00a0e no\u00a0<a href=\"https:\/\/www.facebook.com\/acidadeonribeirao\" target=\"_blank\" rel=\"noreferrer noopener\">Facebook<\/a>.<\/p>\n<p>Receba not\u00edcias do acidade on no WhatsApp. Para entrar no grupo, basta\u00a0<a href=\"https:\/\/chat.whatsapp.com\/Bnv2w66ZT4VDyZW3oiZ69n\" target=\"_blank\" rel=\"noreferrer noopener\">clicar aqui<\/a>.<\/p>\n<p>Fa\u00e7a uma den\u00fancia ou sugira uma reportagem sobre Ribeir\u00e3o Preto e regi\u00e3o pelo WhatsApp: 16 99117 7802.<\/p>\n<p>VEJA TAMB\u00c9M<\/p>\n<p>Onde assistir Mike Tyson X Jake Paul?<\/p>\n<p><!-- AI CONTENT END 1 -->\n<\/div>\n<\/div>\n<p><script async src=\"\/\/www.instagram.com\/embed.js\"><\/script><br \/>\n<br \/><br \/>\n<br \/><a href=\"https:\/\/www.acidadeon.com\/ribeiraopreto\/lazer-e-cultura\/oficina-de-contacao-de-historias-tem-vagas-abertas-em-ribeirao-preto\/\">Source link <\/a><\/p>\n<!-- CONTENT END 1 -->\n","protected":false},"excerpt":{"rendered":"<p>O projeto Ang\u00e1 realiza neste s\u00e1bado (9) a oficina de conta\u00e7\u00e3o de hist\u00f3rias \u201cMeu corpo e minha voz nas hist\u00f3rias que quero contar\u201d com a&#8230;<\/p>\n","protected":false},"author":1,"featured_media":41355,"comment_status":"open","ping_status":"open","sticky":false,"template":"","format":"standard","meta":{"advanced_seo_description":"","jetpack_seo_html_title":"","jetpack_seo_noindex":false,"jetpack_post_was_ever_published":false,"_jetpack_newsletter_access":"","_jetpack_dont_email_post_to_subs":false,"_jetpack_newsletter_tier_id":0,"_jetpack_memberships_contains_paywalled_content":false,"_jetpack_memberships_contains_paid_content":false,"footnotes":"","jetpack_publicize_message":"","jetpack_publicize_feature_enabled":true,"jetpack_social_post_already_shared":true,"jetpack_social_options":{"image_generator_settings":{"template":"highway","default_image_id":0,"font":"","enabled":false},"version":2}},"categories":[11],"tags":[],"class_list":["post-41354","post","type-post","status-publish","format-standard","has-post-thumbnail","hentry","category-noticias-de-ribeirao-preto-sp-e-regiao-ismael-colosi"],"jetpack_publicize_connections":[],"jetpack_featured_media_url":"https:\/\/i0.wp.com\/noticiasribeiraopreto.com.br\/wp-content\/uploads\/2024\/03\/Copia-de-Copia-de-TAMANHO-EXATO-PARA-FOTOS-NO-SISTEMA-NOVO-37.jpg?fit=1200%2C675&ssl=1","jetpack-related-posts":[{"id":41342,"url":"https:\/\/noticiasribeiraopreto.com.br\/index.php\/2024\/03\/07\/projeto-anga-oferece-oficina-de-contacao-de-historias-com-a-atriz-miriam-fontana\/","url_meta":{"origin":41354,"position":0},"title":"Projeto Ang\u00e1 oferece Oficina de Conta\u00e7\u00e3o de Hist\u00f3rias com a atriz M\u00edriam Fontana","author":"noticiasribeiraopreto.com.br","date":"7 de March de 2024","format":false,"excerpt":"7 de mar\u00e7o de 2024 | 16:15 0A atriz M\u00edriam Fontana \u00e9 a convidada especial da 2\u00aa edi\u00e7\u00e3o do projeto Ang\u00e1 para a realiza\u00e7\u00e3o da \u201cOficina de Conta\u00e7\u00e3o de Hist\u00f3rias\u201d, no pr\u00f3ximo s\u00e1bado (9\/3), das 9h \u00e0s 13h, na Biblioteca Sinh\u00e1 Junqueira, que fica na Rua Duque de Caxias, 547,\u2026","rel":"","context":"In &quot;Not\u00edcias de Ribeir\u00e3o Preto-SP e Regi\u00e3o&quot;","block_context":{"text":"Not\u00edcias de Ribeir\u00e3o Preto-SP e Regi\u00e3o","link":"https:\/\/noticiasribeiraopreto.com.br\/index.php\/category\/noticias-de-ribeirao-preto-sp-e-regiao-ismael-colosi\/"},"img":{"alt_text":"","src":"https:\/\/i0.wp.com\/noticiasribeiraopreto.com.br\/wp-content\/uploads\/2024\/03\/Miriam_Fontana-1-scaled.jpeg?fit=698%2C645&ssl=1&resize=350%2C200","width":350,"height":200,"srcset":"https:\/\/i0.wp.com\/noticiasribeiraopreto.com.br\/wp-content\/uploads\/2024\/03\/Miriam_Fontana-1-scaled.jpeg?fit=698%2C645&ssl=1&resize=350%2C200 1x, https:\/\/i0.wp.com\/noticiasribeiraopreto.com.br\/wp-content\/uploads\/2024\/03\/Miriam_Fontana-1-scaled.jpeg?fit=698%2C645&ssl=1&resize=525%2C300 1.5x"},"classes":[]},{"id":45648,"url":"https:\/\/noticiasribeiraopreto.com.br\/index.php\/2024\/04\/05\/projeto-anga-promove-a-oficina-historias-animadas-2\/","url_meta":{"origin":41354,"position":1},"title":"Projeto Ang\u00e1 promove a Oficina \u201cHist\u00f3rias Animadas\u201d","author":"noticiasribeiraopreto.com.br","date":"5 de April de 2024","format":false,"excerpt":"Trabalhar a conta\u00e7\u00e3o de hist\u00f3ria usando como recurso o teatro de anima\u00e7\u00e3o. Essa \u00e9 a proposta da \u201cOficina\u00a0 Hist\u00f3rias Animadas\u201d, promovida pela 2\u00aa edi\u00e7\u00e3o do projeto Ang\u00e1 neste pr\u00f3ximo\u00a0 s\u00e1bado (6\/4), das 9h \u00e0s 13h, na Biblioteca Sinh\u00e1 Junqueira, que fica na Rua Duque de Caxias, 547, centro, em Ribeir\u00e3o\u2026","rel":"","context":"In &quot;Not\u00edcias de Ribeir\u00e3o Preto-SP e Regi\u00e3o&quot;","block_context":{"text":"Not\u00edcias de Ribeir\u00e3o Preto-SP e Regi\u00e3o","link":"https:\/\/noticiasribeiraopreto.com.br\/index.php\/category\/noticias-de-ribeirao-preto-sp-e-regiao-ismael-colosi\/"},"img":{"alt_text":"","src":"https:\/\/i0.wp.com\/noticiasribeiraopreto.com.br\/wp-content\/uploads\/2024\/04\/1712335718_Oficina-1_credito-Sheila-Brandao.jpg?fit=333%2C500&ssl=1&resize=350%2C200","width":350,"height":200},"classes":[]},{"id":45619,"url":"https:\/\/noticiasribeiraopreto.com.br\/index.php\/2024\/04\/05\/projeto-anga-promove-a-oficina-historias-animadas\/","url_meta":{"origin":41354,"position":2},"title":"Projeto Ang\u00e1 promove a Oficina \u201cHist\u00f3rias Animadas\u201d","author":"noticiasribeiraopreto.com.br","date":"5 de April de 2024","format":false,"excerpt":"5 de abril de 2024 | 11:005 de abril de 2024 | 8:08 0 Trabalhar a conta\u00e7\u00e3o de hist\u00f3ria usando como recurso o teatro de anima\u00e7\u00e3o. Essa \u00e9 a proposta da \u201cOficina\u00a0 Hist\u00f3rias Animadas\u201d, promovida pela 2\u00aa edi\u00e7\u00e3o do projeto Ang\u00e1 neste pr\u00f3ximo\u00a0 s\u00e1bado (6\/4), das 9h \u00e0s 13h, na\u2026","rel":"","context":"In &quot;Not\u00edcias de Ribeir\u00e3o Preto-SP e Regi\u00e3o&quot;","block_context":{"text":"Not\u00edcias de Ribeir\u00e3o Preto-SP e Regi\u00e3o","link":"https:\/\/noticiasribeiraopreto.com.br\/index.php\/category\/noticias-de-ribeirao-preto-sp-e-regiao-ismael-colosi\/"},"img":{"alt_text":"","src":"https:\/\/i0.wp.com\/noticiasribeiraopreto.com.br\/wp-content\/uploads\/2024\/04\/Oficina-1_credito-Sheila-Brandao.jpg?fit=333%2C500&ssl=1&resize=350%2C200","width":350,"height":200},"classes":[]},{"id":74576,"url":"https:\/\/noticiasribeiraopreto.com.br\/index.php\/2025\/07\/24\/quer-atuar-como-voluntario-em-projetos-sociais-ribeirao-preto-tem-vagas-abertas\/","url_meta":{"origin":41354,"position":3},"title":"Quer atuar como volunt\u00e1rio em projetos sociais? Ribeir\u00e3o Preto tem vagas abertas","author":"noticiasribeiraopreto.com.br","date":"24 de July de 2025","format":false,"excerpt":"O Centro de Voluntariado de Ribeir\u00e3o Preto est\u00e1 com inscri\u00e7\u00f5es abertas para o Programa de Capacita\u00e7\u00e3o de Novos Volunt\u00e1rios. Interessados podem se inscrever at\u00e9 o dia 4 de agosto e participar de dois encontros presenciais com atividades te\u00f3ricas e pr\u00e1ticas. O primeiro encontro acontece em 9 de agosto, das 8h30\u2026","rel":"","context":"In &quot;Not\u00edcias de Ribeir\u00e3o Preto-SP e Regi\u00e3o&quot;","block_context":{"text":"Not\u00edcias de Ribeir\u00e3o Preto-SP e Regi\u00e3o","link":"https:\/\/noticiasribeiraopreto.com.br\/index.php\/category\/noticias-de-ribeirao-preto-sp-e-regiao-ismael-colosi\/"},"img":{"alt_text":"","src":"https:\/\/i0.wp.com\/noticiasribeiraopreto.com.br\/wp-content\/uploads\/2025\/07\/Copia-de-Copia-de-Copia-de-TAMANHO-EXATO-PARA-FOTOS-NO-SISTEMA-NOVO-2025-07-24T153547.534_2025-07-24_18-36-02.webp.webp?fit=1200%2C675&ssl=1&resize=350%2C200","width":350,"height":200,"srcset":"https:\/\/i0.wp.com\/noticiasribeiraopreto.com.br\/wp-content\/uploads\/2025\/07\/Copia-de-Copia-de-Copia-de-TAMANHO-EXATO-PARA-FOTOS-NO-SISTEMA-NOVO-2025-07-24T153547.534_2025-07-24_18-36-02.webp.webp?fit=1200%2C675&ssl=1&resize=350%2C200 1x, https:\/\/i0.wp.com\/noticiasribeiraopreto.com.br\/wp-content\/uploads\/2025\/07\/Copia-de-Copia-de-Copia-de-TAMANHO-EXATO-PARA-FOTOS-NO-SISTEMA-NOVO-2025-07-24T153547.534_2025-07-24_18-36-02.webp.webp?fit=1200%2C675&ssl=1&resize=525%2C300 1.5x, https:\/\/i0.wp.com\/noticiasribeiraopreto.com.br\/wp-content\/uploads\/2025\/07\/Copia-de-Copia-de-Copia-de-TAMANHO-EXATO-PARA-FOTOS-NO-SISTEMA-NOVO-2025-07-24T153547.534_2025-07-24_18-36-02.webp.webp?fit=1200%2C675&ssl=1&resize=700%2C400 2x, https:\/\/i0.wp.com\/noticiasribeiraopreto.com.br\/wp-content\/uploads\/2025\/07\/Copia-de-Copia-de-Copia-de-TAMANHO-EXATO-PARA-FOTOS-NO-SISTEMA-NOVO-2025-07-24T153547.534_2025-07-24_18-36-02.webp.webp?fit=1200%2C675&ssl=1&resize=1050%2C600 3x"},"classes":[]},{"id":77442,"url":"https:\/\/noticiasribeiraopreto.com.br\/index.php\/2025\/09\/18\/programacao-do-dia-da-arvore-tem-oficinas-musica-food-truck-e-plantio-de-mudas\/","url_meta":{"origin":41354,"position":4},"title":"Programa\u00e7\u00e3o do Dia da \u00c1rvore tem oficinas, m\u00fasica, food truck e plantio de mudas","author":"noticiasribeiraopreto.com.br","date":"18 de September de 2025","format":false,"excerpt":"Ribeir\u00e3o Preto conta com diversas atividades em comemora\u00e7\u00e3o ao Dia da \u00c1rvore, que acontece no pr\u00f3ximo domingo (21). Entre as a\u00e7\u00f5es, est\u00e3o uma corrida com op\u00e7\u00f5es de m\u00fasica ao vivo e food truck, plantio de mudas e conta\u00e7\u00e3o de hist\u00f3rias. Confira a programa\u00e7\u00e3o A Secretaria de Meio Ambiente de Ribeir\u00e3o\u2026","rel":"","context":"In &quot;Not\u00edcias de Ribeir\u00e3o Preto-SP e Regi\u00e3o&quot;","block_context":{"text":"Not\u00edcias de Ribeir\u00e3o Preto-SP e Regi\u00e3o","link":"https:\/\/noticiasribeiraopreto.com.br\/index.php\/category\/noticias-de-ribeirao-preto-sp-e-regiao-ismael-colosi\/"},"img":{"alt_text":"","src":"https:\/\/i0.wp.com\/noticiasribeiraopreto.com.br\/wp-content\/uploads\/2025\/09\/plantio_mudas_-_foto_guilherme_sircili_3_2025-09-17_22-58-51.webp.webp?fit=1200%2C799&ssl=1&resize=350%2C200","width":350,"height":200,"srcset":"https:\/\/i0.wp.com\/noticiasribeiraopreto.com.br\/wp-content\/uploads\/2025\/09\/plantio_mudas_-_foto_guilherme_sircili_3_2025-09-17_22-58-51.webp.webp?fit=1200%2C799&ssl=1&resize=350%2C200 1x, https:\/\/i0.wp.com\/noticiasribeiraopreto.com.br\/wp-content\/uploads\/2025\/09\/plantio_mudas_-_foto_guilherme_sircili_3_2025-09-17_22-58-51.webp.webp?fit=1200%2C799&ssl=1&resize=525%2C300 1.5x, https:\/\/i0.wp.com\/noticiasribeiraopreto.com.br\/wp-content\/uploads\/2025\/09\/plantio_mudas_-_foto_guilherme_sircili_3_2025-09-17_22-58-51.webp.webp?fit=1200%2C799&ssl=1&resize=700%2C400 2x, https:\/\/i0.wp.com\/noticiasribeiraopreto.com.br\/wp-content\/uploads\/2025\/09\/plantio_mudas_-_foto_guilherme_sircili_3_2025-09-17_22-58-51.webp.webp?fit=1200%2C799&ssl=1&resize=1050%2C600 3x"},"classes":[]},{"id":73035,"url":"https:\/\/noticiasribeiraopreto.com.br\/index.php\/2025\/06\/24\/feira-do-livro-recebe-sandra-sa-gabriel-sater-e-veronica-ferriani-na-regiao-de-ribeirao-preto\/","url_meta":{"origin":41354,"position":5},"title":"Feira do Livro recebe Sandra S\u00e1, Gabriel Sater e Ver\u00f4nica Ferriani na regi\u00e3o de Ribeir\u00e3o Preto","author":"noticiasribeiraopreto.com.br","date":"24 de June de 2025","format":false,"excerpt":"S\u00e3o Joaquim da Barra, cidade a 70 quil\u00f4metros de Ribeir\u00e3o Preto, recebe a 16\u00aa Feira do Livro, a partir desta quarta-feira (25) at\u00e9 s\u00e1bado (28). A programa\u00e7\u00e3o \u00e9 gratuita e conta shows de Sandra S\u00e1, Gabriel Sater e Ver\u00f4nica Ferriani no Parque de Exposi\u00e7\u00f5es Tancredo Neves. A abertura do evento\u2026","rel":"","context":"In &quot;Not\u00edcias de Ribeir\u00e3o Preto-SP e Regi\u00e3o&quot;","block_context":{"text":"Not\u00edcias de Ribeir\u00e3o Preto-SP e Regi\u00e3o","link":"https:\/\/noticiasribeiraopreto.com.br\/index.php\/category\/noticias-de-ribeirao-preto-sp-e-regiao-ismael-colosi\/"},"img":{"alt_text":"","src":"https:\/\/i0.wp.com\/noticiasribeiraopreto.com.br\/wp-content\/uploads\/2025\/06\/line-up-festival-da-lua-cheia-1_2025-06-24_12-27-09.webp.webp?fit=1200%2C675&ssl=1&resize=350%2C200","width":350,"height":200,"srcset":"https:\/\/i0.wp.com\/noticiasribeiraopreto.com.br\/wp-content\/uploads\/2025\/06\/line-up-festival-da-lua-cheia-1_2025-06-24_12-27-09.webp.webp?fit=1200%2C675&ssl=1&resize=350%2C200 1x, https:\/\/i0.wp.com\/noticiasribeiraopreto.com.br\/wp-content\/uploads\/2025\/06\/line-up-festival-da-lua-cheia-1_2025-06-24_12-27-09.webp.webp?fit=1200%2C675&ssl=1&resize=525%2C300 1.5x, https:\/\/i0.wp.com\/noticiasribeiraopreto.com.br\/wp-content\/uploads\/2025\/06\/line-up-festival-da-lua-cheia-1_2025-06-24_12-27-09.webp.webp?fit=1200%2C675&ssl=1&resize=700%2C400 2x, https:\/\/i0.wp.com\/noticiasribeiraopreto.com.br\/wp-content\/uploads\/2025\/06\/line-up-festival-da-lua-cheia-1_2025-06-24_12-27-09.webp.webp?fit=1200%2C675&ssl=1&resize=1050%2C600 3x"},"classes":[]}],"jetpack_sharing_enabled":true,"jetpack_shortlink":"https:\/\/wp.me\/peQAOb-aL0","_links":{"self":[{"href":"https:\/\/noticiasribeiraopreto.com.br\/index.php\/wp-json\/wp\/v2\/posts\/41354","targetHints":{"allow":["GET"]}}],"collection":[{"href":"https:\/\/noticiasribeiraopreto.com.br\/index.php\/wp-json\/wp\/v2\/posts"}],"about":[{"href":"https:\/\/noticiasribeiraopreto.com.br\/index.php\/wp-json\/wp\/v2\/types\/post"}],"author":[{"embeddable":true,"href":"https:\/\/noticiasribeiraopreto.com.br\/index.php\/wp-json\/wp\/v2\/users\/1"}],"replies":[{"embeddable":true,"href":"https:\/\/noticiasribeiraopreto.com.br\/index.php\/wp-json\/wp\/v2\/comments?post=41354"}],"version-history":[{"count":0,"href":"https:\/\/noticiasribeiraopreto.com.br\/index.php\/wp-json\/wp\/v2\/posts\/41354\/revisions"}],"wp:featuredmedia":[{"embeddable":true,"href":"https:\/\/noticiasribeiraopreto.com.br\/index.php\/wp-json\/wp\/v2\/media\/41355"}],"wp:attachment":[{"href":"https:\/\/noticiasribeiraopreto.com.br\/index.php\/wp-json\/wp\/v2\/media?parent=41354"}],"wp:term":[{"taxonomy":"category","embeddable":true,"href":"https:\/\/noticiasribeiraopreto.com.br\/index.php\/wp-json\/wp\/v2\/categories?post=41354"},{"taxonomy":"post_tag","embeddable":true,"href":"https:\/\/noticiasribeiraopreto.com.br\/index.php\/wp-json\/wp\/v2\/tags?post=41354"}],"curies":[{"name":"wp","href":"https:\/\/api.w.org\/{rel}","templated":true}]}}