{"id":41423,"date":"2024-03-08T09:01:40","date_gmt":"2024-03-08T12:01:40","guid":{"rendered":"https:\/\/noticiasribeiraopreto.com.br\/index.php\/2024\/03\/08\/novo-pac-contempla-rp\/"},"modified":"2024-03-08T09:01:40","modified_gmt":"2024-03-08T12:01:40","slug":"novo-pac-contempla-rp","status":"publish","type":"post","link":"https:\/\/noticiasribeiraopreto.com.br\/index.php\/2024\/03\/08\/novo-pac-contempla-rp\/","title":{"rendered":"Novo PAC contempla RP\u00a0 &#8211; Jornal Tribuna Ribeir\u00e3o"},"content":{"rendered":"<div class='code-block code-block-1' style='margin: 8px 0 8px auto; text-align: right; display: block; clear: both;'>\n<p><a href=\"https:\/\/wa.link\/vpicfd\"><img data-recalc-dims=\"1\" class=\"wp-image-4922\" style=\"aspect-ratio: 2.0253164556962027; width: 561px; height: auto;\" src=\"https:\/\/i0.wp.com\/ismaelcolosi.com.br\/wp-content\/uploads\/2023\/11\/grupo-de-empregos-whatsapp-e-facebook-ismael-colosi-vagas.jpg?ssl=1\" alt=\"\" \/><\/a><\/p>\n<!-- \/wp:image -->\n<\/div>\n<p> <br \/>\n<\/p>\n<div id=\"\">\n<p> <span class=\"entry-meta-item penci-posted-on\"><i class=\"fa fa-clock-o\"\/><time class=\"entry-date published\" datetime=\"2024-03-08T09:00:49-03:00\">8 de mar\u00e7o de 2024 | 9:00<\/time><time class=\"updated\" datetime=\"2024-03-07T20:15:05-03:00\">7 de mar\u00e7o de 2024 | 20:15<\/time><\/span><\/p>\n<p> <span class=\"penci-social-buttons penci-social-share-footer\"><a href=\"#\" class=\"penci-post-like penci_post-meta_item  single-like-button penci-social-item like\" data-post_id=\"376576\" title=\"Like\" data-like=\"Like\" data-unlike=\"Unlike\"><i class=\"fa fa-thumbs-o-up\"\/><span class=\"penci-share-number\">0<\/span><\/a><i class=\"fa fa-facebook\"\/><a class=\"penci-social-item twitter\" target=\"_blank\" rel=\"noopener\" title=\"\" href=\"https:\/\/twitter.com\/intent\/tweet?text=Novo%20PAC%20contempla%20RP\u00a0%20-%20https:\/\/www.tribunaribeirao.com.br\/site\/novo-pac-contempla-rp\/\"><i class=\"fa fa-twitter\"\/><\/a><i class=\"fa fa-whatsapp\"\/><\/span><\/div>\n<div>\n<p><span class=\"TextRun SCXW67998512 BCX0\" lang=\"PT-BR\" xml:lang=\"PT-BR\" data-contrast=\"auto\"><span class=\"NormalTextRun SCXW67998512 BCX0\">O presidente Luiz In\u00e1cio Lula da Silva apresentou, nesta quinta-feira<\/span><span class=\"NormalTextRun SCXW67998512 BCX0\">, 7 de mar\u00e7o, <\/span><span class=\"NormalTextRun SCXW67998512 BCX0\">em Bras\u00edlia, o resultado de 16 das 27 modalidades do Novo Programa de Acelera\u00e7\u00e3o do Crescimento (PAC) Sele\u00e7\u00f5es, voltado para <\/span><span class=\"NormalTextRun ContextualSpellingAndGrammarErrorV2Themed SCXW67998512 BCX0\">atender\u00a0 projetos<\/span><span class=\"NormalTextRun SCXW67998512 BCX0\"> priorit\u00e1rios apresentados por estados e munic\u00edpios. Foram contemplados programas nos eixos de sa\u00fade, educa\u00e7\u00e3o e <\/span><span class=\"NormalTextRun SCXW67998512 BCX0\">infraestrutura<\/span><span class=\"NormalTextRun SCXW67998512 BCX0\"> social e inclusiva, com R$ 23 bilh\u00f5es em investimentos.<\/span><\/span><span class=\"LineBreakBlob BlobObject DragDrop SCXW67998512 BCX0\"><span class=\"SCXW67998512 BCX0\">\u00a0<\/span><br class=\"SCXW67998512 BCX0\"\/><\/span><span class=\"LineBreakBlob BlobObject DragDrop SCXW67998512 BCX0\"><span class=\"SCXW67998512 BCX0\">\u00a0<\/span><br class=\"SCXW67998512 BCX0\"\/><\/span><span class=\"TextRun SCXW67998512 BCX0\" lang=\"PT-BR\" xml:lang=\"PT-BR\" data-contrast=\"auto\"><span class=\"NormalTextRun SCXW67998512 BCX0\">Ribeir\u00e3o Preto ser\u00e1 contemplada com quatro obras nas \u00e1reas de educa\u00e7\u00e3o, sa\u00fade e esporte. Os recursos enviados pelo governo federal ser\u00e3o usados na constru\u00e7\u00e3o de creche\/escola de educa\u00e7\u00e3o infantil, constru\u00e7\u00e3o de espa\u00e7o esportivo comunit\u00e1rio e duas unidades b\u00e1sicas de sa\u00fade de porte IV. <\/span><\/span><span class=\"LineBreakBlob BlobObject DragDrop SCXW67998512 BCX0\"><span class=\"SCXW67998512 BCX0\">\u00a0<\/span><br class=\"SCXW67998512 BCX0\"\/><\/span><span class=\"LineBreakBlob BlobObject DragDrop SCXW67998512 BCX0\"><span class=\"SCXW67998512 BCX0\">\u00a0<\/span><br class=\"SCXW67998512 BCX0\"\/><\/span><span class=\"TextRun SCXW67998512 BCX0\" lang=\"PT-BR\" xml:lang=\"PT-BR\" data-contrast=\"auto\"><span class=\"NormalTextRun SCXW67998512 BCX0\">Segundo a Portaria n\u00ba 340 de 2013, do Minist\u00e9rio da Sa\u00fade, toda UBS porte <\/span><span class=\"NormalTextRun SCXW67998512 BCX0\">IV<\/span><span class=\"NormalTextRun SCXW67998512 BCX0\"> \u00e9 destinada e apta a abrigar, no m\u00ednimo, quatro equipes de <\/span><span class=\"NormalTextRun SCXW67998512 BCX0\">a<\/span><span class=\"NormalTextRun SCXW67998512 BCX0\">ten\u00e7\u00e3o <\/span><span class=\"NormalTextRun SCXW67998512 BCX0\">b<\/span><span class=\"NormalTextRun SCXW67998512 BCX0\">\u00e1sica com m\u00e9dicos preferencialmente da especialidade <\/span><span class=\"NormalTextRun SCXW67998512 BCX0\">m<\/span><span class=\"NormalTextRun SCXW67998512 BCX0\">edicina de <\/span><span class=\"NormalTextRun SCXW67998512 BCX0\">f<\/span><span class=\"NormalTextRun SCXW67998512 BCX0\">am\u00edlia e <\/span><span class=\"NormalTextRun SCXW67998512 BCX0\">c<\/span><span class=\"NormalTextRun SCXW67998512 BCX0\">omunidade<\/span><span class=\"NormalTextRun SCXW67998512 BCX0\">.<\/span><\/span><span class=\"LineBreakBlob BlobObject DragDrop SCXW67998512 BCX0\"><span class=\"SCXW67998512 BCX0\">\u00a0<\/span><br class=\"SCXW67998512 BCX0\"\/><\/span><span class=\"LineBreakBlob BlobObject DragDrop SCXW67998512 BCX0\"><span class=\"SCXW67998512 BCX0\">\u00a0<\/span><br class=\"SCXW67998512 BCX0\"\/><\/span><span class=\"TextRun SCXW67998512 BCX0\" lang=\"PT-BR\" xml:lang=\"PT-BR\" data-contrast=\"auto\"><span class=\"NormalTextRun SCXW67998512 BCX0\">Tamb\u00e9m deve ter <\/span><span class=\"NormalTextRun SCXW67998512 BCX0\">enfermeiro (preferencialmente especialista em <\/span><span class=\"NormalTextRun SCXW67998512 BCX0\">s<\/span><span class=\"NormalTextRun SCXW67998512 BCX0\">a\u00fade da <\/span><span class=\"NormalTextRun SCXW67998512 BCX0\">f<\/span><span class=\"NormalTextRun SCXW67998512 BCX0\">am\u00edlia), auxiliares ou t\u00e9cnicos de enfermagem, podendo contar com cirurgi\u00e3o-dentista (preferencialmente especialista em <\/span><span class=\"NormalTextRun SCXW67998512 BCX0\">s<\/span><span class=\"NormalTextRun SCXW67998512 BCX0\">a\u00fade da fam\u00edlia) e auxiliar ou t\u00e9cnico em sa\u00fade bucal.<\/span><\/span><span class=\"LineBreakBlob BlobObject DragDrop SCXW67998512 BCX0\"><span class=\"SCXW67998512 BCX0\">\u00a0<\/span><br class=\"SCXW67998512 BCX0\"\/><\/span><span class=\"LineBreakBlob BlobObject DragDrop SCXW67998512 BCX0\"><span class=\"SCXW67998512 BCX0\">\u00a0<\/span><br class=\"SCXW67998512 BCX0\"\/><\/span><span class=\"TextRun SCXW67998512 BCX0\" lang=\"PT-BR\" xml:lang=\"PT-BR\" data-contrast=\"auto\"><span class=\"NormalTextRun SCXW67998512 BCX0\">\u201c<\/span><span class=\"NormalTextRun SCXW67998512 BCX0\">Cadastramos Ribeir\u00e3o Preto em v\u00e1rios programas do <\/span><span class=\"NormalTextRun SCXW67998512 BCX0\">N<\/span><span class=\"NormalTextRun SCXW67998512 BCX0\">ovo PAC sendo tr\u00eas propostas para verbas destinadas a creches e escolas de <\/span><span class=\"NormalTextRun SCXW67998512 BCX0\">e<\/span><span class=\"NormalTextRun SCXW67998512 BCX0\">duca\u00e7\u00e3o <\/span><span class=\"NormalTextRun SCXW67998512 BCX0\">i<\/span><span class=\"NormalTextRun SCXW67998512 BCX0\">nfantil, cinco para unidades b\u00e1sicas de <\/span><span class=\"NormalTextRun SCXW67998512 BCX0\">s<\/span><span class=\"NormalTextRun SCXW67998512 BCX0\">a\u00fade e tr\u00eas destinados para espa\u00e7os esportivos comunit\u00e1rios\u201d, explic<\/span><span class=\"NormalTextRun SCXW67998512 BCX0\">a o prefeito Duarte Nogueira<\/span><span class=\"NormalTextRun SCXW67998512 BCX0\">. <\/span><\/span><span class=\"LineBreakBlob BlobObject DragDrop SCXW67998512 BCX0\"><span class=\"SCXW67998512 BCX0\">\u00a0<\/span><br class=\"SCXW67998512 BCX0\"\/><\/span><span class=\"LineBreakBlob BlobObject DragDrop SCXW67998512 BCX0\"><span class=\"SCXW67998512 BCX0\">\u00a0<\/span><br class=\"SCXW67998512 BCX0\"\/><\/span><span class=\"TextRun SCXW67998512 BCX0\" lang=\"PT-BR\" xml:lang=\"PT-BR\" data-contrast=\"auto\"><span class=\"NormalTextRun SCXW67998512 BCX0\">De acordo com informa\u00e7\u00f5es da coordenadora de Projetos, Marina Figueiredo, ser\u00e1 necess\u00e1rio aguardar a publica\u00e7\u00e3o no Di\u00e1rio Oficial da Uni\u00e3o (DOU) para verificar quais propostas foram selecionadas dentre todas as cadastradas. Entretanto, j\u00e1 foram divulgadas algumas informa\u00e7\u00f5es<\/span><span class=\"NormalTextRun SCXW67998512 BCX0\">.<\/span><\/span><span class=\"LineBreakBlob BlobObject DragDrop SCXW67998512 BCX0\"><span class=\"SCXW67998512 BCX0\">\u00a0<\/span><br class=\"SCXW67998512 BCX0\"\/><\/span><span class=\"LineBreakBlob BlobObject DragDrop SCXW67998512 BCX0\"><span class=\"SCXW67998512 BCX0\">\u00a0<\/span><br class=\"SCXW67998512 BCX0\"\/><\/span><span class=\"TextRun SCXW67998512 BCX0\" lang=\"PT-BR\" xml:lang=\"PT-BR\" data-contrast=\"auto\"><span class=\"NormalTextRun SCXW67998512 BCX0\">Ribeir\u00e3o Preto foi parcialmente atendida. <\/span><span class=\"NormalTextRun SCXW67998512 BCX0\">Esses investimentos representam um marco significativo para a cidade, promovendo melhorias nas \u00e1reas de educa\u00e7\u00e3o, sa\u00fade e esporte. <\/span><span class=\"NormalTextRun SCXW67998512 BCX0\">\u201c<\/span><span class=\"NormalTextRun SCXW67998512 BCX0\">Tais a\u00e7\u00f5es confirmam o compromisso da administra\u00e7\u00e3o municipal em promover o bem-estar e o desenvolvimento da popula\u00e7\u00e3o<\/span><span class=\"NormalTextRun SCXW67998512 BCX0\">\u201d, diz texto da prefeitura publicada no site oficial<\/span><span class=\"NormalTextRun SCXW67998512 BCX0\">. <\/span><\/span><span class=\"LineBreakBlob BlobObject DragDrop SCXW67998512 BCX0\"><span class=\"SCXW67998512 BCX0\">\u00a0<\/span><br class=\"SCXW67998512 BCX0\"\/><\/span><span class=\"LineBreakBlob BlobObject DragDrop SCXW67998512 BCX0\"><span class=\"SCXW67998512 BCX0\">\u00a0<\/span><br class=\"SCXW67998512 BCX0\"\/><\/span><span class=\"TextRun SCXW67998512 BCX0\" lang=\"PT-BR\" xml:lang=\"PT-BR\" data-contrast=\"auto\"><span class=\"NormalTextRun SCXW67998512 BCX0\">\u201cEu n\u00e3o posso olhar o prefeito e a filia\u00e7\u00e3o dele, se bem que \u00e9 importante levar em conta isso, mas eu tenho que olhar a necessidade do povo, qual \u00e9 a regi\u00e3o que precisa mais daquele investimento naquele momento\u201d, disse<\/span><span class=\"NormalTextRun SCXW67998512 BCX0\"> Lula<\/span><span class=\"NormalTextRun SCXW67998512 BCX0\">, acrescentando que \u201cningu\u00e9m ficar\u00e1 de fora\u201d.<\/span><\/span><span class=\"LineBreakBlob BlobObject DragDrop SCXW67998512 BCX0\"><span class=\"SCXW67998512 BCX0\">\u00a0<\/span><br class=\"SCXW67998512 BCX0\"\/><\/span><span class=\"LineBreakBlob BlobObject DragDrop SCXW67998512 BCX0\"><span class=\"SCXW67998512 BCX0\">\u00a0<\/span><br class=\"SCXW67998512 BCX0\"\/><\/span><span class=\"TextRun SCXW67998512 BCX0\" lang=\"PT-BR\" xml:lang=\"PT-BR\" data-contrast=\"auto\"><span class=\"NormalTextRun SCXW67998512 BCX0\">A lista de obras contempladas no PAC Sele\u00e7\u00f5es est\u00e1 dispon\u00edvel na p\u00e1gina da Casa Civil da Presid\u00eancia, respons\u00e1vel pela coordena\u00e7\u00e3o do programa. No total, foram <\/span><span class=\"NormalTextRun ContextualSpellingAndGrammarErrorV2Themed SCXW67998512 BCX0\">selecionadas<\/span><span class=\"NormalTextRun SCXW67998512 BCX0\"> 6.778 obras e equipamentos em 3.270 munic\u00edpios em todos os estados e no Distrito Federal.<\/span> <span class=\"NormalTextRun SCXW67998512 BCX0\">A \u00e1rea da sa\u00fade receber\u00e1 a maior fatia dos recursos anunciados: R$ 11,6 bilh\u00f5es. <\/span><\/span><span class=\"LineBreakBlob BlobObject DragDrop SCXW67998512 BCX0\"><span class=\"SCXW67998512 BCX0\">\u00a0<\/span><br class=\"SCXW67998512 BCX0\"\/><\/span><span class=\"LineBreakBlob BlobObject DragDrop SCXW67998512 BCX0\"><span class=\"SCXW67998512 BCX0\">\u00a0<\/span><br class=\"SCXW67998512 BCX0\"\/><\/span><span class=\"TextRun SCXW67998512 BCX0\" lang=\"PT-BR\" xml:lang=\"PT-BR\" data-contrast=\"auto\"><span class=\"NormalTextRun SCXW67998512 BCX0\">A educa\u00e7\u00e3o receber\u00e1 R$ 10,6 bilh\u00f5es para escolas em tempo integral, creches e escolas de educa\u00e7\u00e3o infantil e transporte escolar. O Minist\u00e9rio da Cultura ter\u00e1 R$ 430,9 milh\u00f5es para projetos de patrim\u00f4nio hist\u00f3rico e centros de artes e esportes unificados (<\/span><span class=\"NormalTextRun SpellingErrorV2Themed SCXW67998512 BCX0\">CEUs<\/span><span class=\"NormalTextRun SCXW67998512 BCX0\">) e o Minist\u00e9rio do Esporte, R$ 360 milh\u00f5es para espa\u00e7os esportivos comunit\u00e1rios. As obras devem ser iniciadas ap\u00f3s os processos de licita\u00e7\u00e3o.<\/span><\/span><span class=\"LineBreakBlob BlobObject DragDrop SCXW67998512 BCX0\"><span class=\"SCXW67998512 BCX0\">\u00a0<\/span><br class=\"SCXW67998512 BCX0\"\/><\/span><span class=\"LineBreakBlob BlobObject DragDrop SCXW67998512 BCX0\"><span class=\"SCXW67998512 BCX0\">\u00a0<\/span><br class=\"SCXW67998512 BCX0\"\/><\/span><span class=\"TextRun SCXW67998512 BCX0\" lang=\"PT-BR\" xml:lang=\"PT-BR\" data-contrast=\"auto\"><span class=\"NormalTextRun SCXW67998512 BCX0\">No total, na primeira etapa do PAC Sele\u00e7\u00f5es est\u00e3o previstos R$ 65,5 bilh\u00f5es em investimentos em todo o pa\u00eds. A segunda fase <\/span><span class=\"NormalTextRun SCXW67998512 BCX0\">do Sele\u00e7\u00f5es<\/span> <span class=\"NormalTextRun SCXW67998512 BCX0\">\u2013<\/span><span class=\"NormalTextRun SCXW67998512 BCX0\"> com mais R$ 70,8 bilh\u00f5es <\/span><span class=\"NormalTextRun SCXW67998512 BCX0\">\u2013<\/span><span class=\"NormalTextRun SCXW67998512 BCX0\"> dever\u00e1 ser lan\u00e7ada no in\u00edcio de 2025, para que os prefeitos que forem eleitos este ano possam participar do Novo PAC.<\/span> <\/span><span class=\"LineBreakBlob BlobObject DragDrop SCXW67998512 BCX0\"><span class=\"SCXW67998512 BCX0\">\u00a0<\/span><br class=\"SCXW67998512 BCX0\"\/><\/span><span class=\"LineBreakBlob BlobObject DragDrop SCXW67998512 BCX0\"><span class=\"SCXW67998512 BCX0\">\u00a0<\/span><br class=\"SCXW67998512 BCX0\"\/><\/span><span class=\"TextRun SCXW67998512 BCX0\" lang=\"PT-BR\" xml:lang=\"PT-BR\" data-contrast=\"auto\"><span class=\"NormalTextRun SCXW67998512 BCX0\">Com previs\u00e3o total de R$ 1,7 trilh\u00e3o em investimentos p\u00fablicos e privados, o Novo PAC foi lan\u00e7ado em agosto do ano passado pelo presidente Lula. Al\u00e9m do <\/span><span class=\"NormalTextRun SCXW67998512 BCX0\">edital Sele\u00e7\u00f5es<\/span><span class=\"NormalTextRun SCXW67998512 BCX0\">, os munic\u00edpios tamb\u00e9m j\u00e1 est\u00e3o contemplados com a retomada das obras paradas.<\/span><\/span><span class=\"LineBreakBlob BlobObject DragDrop SCXW67998512 BCX0\"><span class=\"SCXW67998512 BCX0\">\u00a0<\/span><br class=\"SCXW67998512 BCX0\"\/><\/span><span class=\"LineBreakBlob BlobObject DragDrop SCXW67998512 BCX0\"><span class=\"SCXW67998512 BCX0\">\u00a0<\/span><br class=\"SCXW67998512 BCX0\"\/><\/span><span class=\"TextRun SCXW67998512 BCX0\" lang=\"PT-BR\" xml:lang=\"PT-BR\" data-contrast=\"auto\"><span class=\"NormalTextRun SCXW67998512 BCX0\">Os principais objetivos do programa s\u00e3o a gera\u00e7\u00e3o de emprego e renda, redu\u00e7\u00e3o das desigualdades sociais e regionais e acelera\u00e7\u00e3o do crescimento econ\u00f4mico. Segundo o governo, as a\u00e7\u00f5es do programa est\u00e3o comprometidas com a transi\u00e7\u00e3o ecol\u00f3gica, a <\/span><span class=\"NormalTextRun SpellingErrorV2Themed SCXW67998512 BCX0\">neoindustrializa\u00e7\u00e3o<\/span><span class=\"NormalTextRun SCXW67998512 BCX0\">, o crescimento com inclus\u00e3o social e a sustentabilidade ambiental.<\/span><\/span><span class=\"LineBreakBlob BlobObject DragDrop SCXW67998512 BCX0\"><span class=\"SCXW67998512 BCX0\">\u00a0<\/span><br class=\"SCXW67998512 BCX0\"\/><\/span><span class=\"LineBreakBlob BlobObject DragDrop SCXW67998512 BCX0\"><span class=\"SCXW67998512 BCX0\">\u00a0<\/span><br class=\"SCXW67998512 BCX0\"\/><\/span><span class=\"TextRun SCXW67998512 BCX0\" lang=\"PT-BR\" xml:lang=\"PT-BR\" data-contrast=\"auto\"><span class=\"NormalTextRun SCXW67998512 BCX0\">Do total de recursos para o Novo PAC, R$ 371 bilh\u00f5es vir\u00e3o do Or\u00e7amento Geral da Uni\u00e3o. O setor privado entrar\u00e1 com R$ 612 bilh\u00f5es, por meio de concess\u00f5es e parcerias p\u00fablico-privadas, as empresas estatais v\u00e3o aportar R$ 343 bilh\u00f5es <\/span><span class=\"NormalTextRun SCXW67998512 BCX0\">\u2013<\/span><span class=\"NormalTextRun SCXW67998512 BCX0\"> especialmente a Petrobras <\/span><span class=\"NormalTextRun SCXW67998512 BCX0\">\u2013<\/span><span class=\"NormalTextRun SCXW67998512 BCX0\"> e mais R$ 362 bilh\u00f5es vir\u00e3o de financiamentos<\/span><\/span><span class=\"LineBreakBlob BlobObject DragDrop SCXW67998512 BCX0\"><span class=\"SCXW67998512 BCX0\">\u00a0<\/span><br class=\"SCXW67998512 BCX0\"\/><\/span><span class=\"LineBreakBlob BlobObject DragDrop SCXW67998512 BCX0\"><span class=\"SCXW67998512 BCX0\">\u00a0<\/span><br class=\"SCXW67998512 BCX0\"\/><\/span><span class=\"TextRun SCXW67998512 BCX0\" lang=\"PT-BR\" xml:lang=\"PT-BR\" data-contrast=\"auto\"><span class=\"NormalTextRun SCXW67998512 BCX0\"> A previs\u00e3o \u00e9 que R$ 1,4 trilh\u00e3o <\/span><span class=\"NormalTextRun SCXW67998512 BCX0\">sejam aplicados<\/span><span class=\"NormalTextRun SCXW67998512 BCX0\"> at\u00e9 2026 e o restante ap\u00f3s essa data.<\/span> <span class=\"NormalTextRun SCXW67998512 BCX0\">Na <\/span><span class=\"NormalTextRun SCXW67998512 BCX0\">s<\/span><span class=\"NormalTextRun SCXW67998512 BCX0\">a\u00fade, os planos incluem a entrega de 1,8 mil novas unidades b\u00e1sicas de sa\u00fade (UBS), 36 maternidades e 50 policl\u00ednicas regionais, al\u00e9m de <\/span><span class=\"NormalTextRun SCXW67998512 BCX0\">novas ambul\u00e2ncias para o Servi\u00e7o de Atendimento M\u00f3vel de Urg\u00eancia (<\/span><span class=\"NormalTextRun SCXW67998512 BCX0\">Samu<\/span><span class=\"NormalTextRun SCXW67998512 BCX0\">).<\/span><\/span><span class=\"LineBreakBlob BlobObject DragDrop SCXW67998512 BCX0\"><span class=\"SCXW67998512 BCX0\">\u00a0<\/span><br class=\"SCXW67998512 BCX0\"\/><\/span><span class=\"LineBreakBlob BlobObject DragDrop SCXW67998512 BCX0\"><span class=\"SCXW67998512 BCX0\">\u00a0<\/span><br class=\"SCXW67998512 BCX0\"\/><\/span><span class=\"TextRun SCXW67998512 BCX0\" lang=\"PT-BR\" xml:lang=\"PT-BR\" data-contrast=\"auto\"><span class=\"NormalTextRun SCXW67998512 BCX0\">Est\u00e1 prevista ainda a constru\u00e7\u00e3o de 30 novos centros de parto normal, 150 centros de aten\u00e7\u00e3o psicossocial (CAPS) e 20 centros especializados em reabilita\u00e7\u00e3o, al\u00e9m da aquisi\u00e7\u00e3o de 400 novas unidades odontol\u00f3gicas m\u00f3veis e 14 centrais de regula\u00e7\u00e3o do <\/span><span class=\"NormalTextRun SCXW67998512 BCX0\">Samu<\/span><span class=\"NormalTextRun SCXW67998512 BCX0\">. <\/span><\/span><span class=\"LineBreakBlob BlobObject DragDrop SCXW67998512 BCX0\"><span class=\"SCXW67998512 BCX0\">\u00a0<\/span><br class=\"SCXW67998512 BCX0\"\/><\/span><span class=\"LineBreakBlob BlobObject DragDrop SCXW67998512 BCX0\"><span class=\"SCXW67998512 BCX0\">\u00a0<\/span><br class=\"SCXW67998512 BCX0\"\/><\/span><span class=\"TextRun SCXW67998512 BCX0\" lang=\"PT-BR\" xml:lang=\"PT-BR\" data-contrast=\"auto\"><span class=\"NormalTextRun SCXW67998512 BCX0\">O governo federal vai destinar R$ 4,1 bilh\u00f5es para a constru\u00e7\u00e3o de 1.178 creches e escolas de educa\u00e7\u00e3o infantil pelo pa\u00eds.<\/span> <span class=\"NormalTextRun SCXW67998512 BCX0\">As novas unidades ser\u00e3o constru\u00eddas em 1.177 munic\u00edpios para atender 110,7 mil crian\u00e7as at\u00e9 <\/span><span class=\"NormalTextRun SCXW67998512 BCX0\">5<\/span><span class=\"NormalTextRun SCXW67998512 BCX0\"> anos. <\/span><span class=\"NormalTextRun SCXW67998512 BCX0\">O<\/span><span class=\"NormalTextRun SCXW67998512 BCX0\"> Minist\u00e9rio da Educa\u00e7\u00e3o receber\u00e1 ainda R$ 5,8 bilh\u00f5es para constru\u00e7\u00e3o de 685 escolas de ensino fundamental e m\u00e9dio de tempo integral, garantindo a cobertura para 119,7 mil estudantes. <\/span><\/span><span class=\"LineBreakBlob BlobObject DragDrop SCXW67998512 BCX0\"><span class=\"SCXW67998512 BCX0\">\u00a0<\/span><br class=\"SCXW67998512 BCX0\"\/><\/span><span class=\"LineBreakBlob BlobObject DragDrop SCXW67998512 BCX0\"><span class=\"SCXW67998512 BCX0\">\u00a0<\/span><br class=\"SCXW67998512 BCX0\"\/><\/span><span class=\"TextRun SCXW67998512 BCX0\" lang=\"PT-BR\" xml:lang=\"PT-BR\" data-contrast=\"auto\"><span class=\"NormalTextRun SCXW67998512 BCX0\">Segundo o governo federal, <\/span><span class=\"NormalTextRun SCXW67998512 BCX0\">Mais R$ 750 milh\u00f5es do PAC Sele\u00e7\u00f5es ser\u00e3o destinados para a compra de 1,5 mil \u00f4nibus escolares. Os novos ve\u00edculos do Programa Caminho da Escola atender\u00e3o de 45 mil a 135 mil alunos, especialmente da zona rural em 1,5 mil munic\u00edpios.<\/span><\/span><span class=\"LineBreakBlob BlobObject DragDrop SCXW67998512 BCX0\"><span class=\"SCXW67998512 BCX0\">\u00a0<\/span><br class=\"SCXW67998512 BCX0\"\/><\/span><\/p>\n<\/div>\n<p><script async src=\"\/\/platform.twitter.com\/widgets.js\" charset=\"utf-8\"><\/script><br \/>\n<br \/><br \/>\n<br \/><a href=\"https:\/\/www.tribunaribeirao.com.br\/site\/novo-pac-contempla-rp\/\">Source link <\/a><\/p>\n<!-- CONTENT END 1 -->\n","protected":false},"excerpt":{"rendered":"<p>8 de mar\u00e7o de 2024 | 9:007 de mar\u00e7o de 2024 | 20:15 0 O presidente Luiz In\u00e1cio Lula da Silva apresentou, nesta quinta-feira, 7&#8230;<\/p>\n","protected":false},"author":1,"featured_media":41424,"comment_status":"open","ping_status":"open","sticky":false,"template":"","format":"standard","meta":{"advanced_seo_description":"","jetpack_seo_html_title":"","jetpack_seo_noindex":false,"jetpack_seo_schema_type":"","_jetpack_newsletter_access":"","_jetpack_dont_email_post_to_subs":false,"_jetpack_newsletter_tier_id":0,"_jetpack_memberships_contains_paywalled_content":false,"_jetpack_feature_clip_id":0,"_jetpack_memberships_contains_paid_content":false,"footnotes":"","jetpack_publicize_message":"","jetpack_publicize_feature_enabled":true,"jetpack_social_post_already_shared":true,"jetpack_social_options":{"image_generator_settings":{"template":"highway","default_image_id":0,"font":"","enabled":false},"version":2},"jetpack_post_was_ever_published":false},"categories":[11],"tags":[4847,785,381,4846,26,786],"class_list":["post-41423","post","type-post","status-publish","format-standard","has-post-thumbnail","hentry","category-noticias-de-ribeirao-preto-sp-e-regiao-ismael-colosi","tag-contempla","tag-jornal","tag-novo","tag-pac","tag-ribeirao","tag-tribuna"],"jetpack_publicize_connections":[],"jetpack-related-posts":[{"id":42795,"url":"https:\/\/noticiasribeiraopreto.com.br\/index.php\/2024\/03\/17\/bodas-de-ouro-8\/","url_meta":{"origin":41423,"position":0},"title":"Bodas de Ouro &#8211; Jornal Tribuna Ribeir\u00e3o","author":"noticiasribeiraopreto.com.br","date":"17 de March de 2024","format":false,"excerpt":"17 de mar\u00e7o de 2024 | 9:0315 de mar\u00e7o de 2024 | 16:40 0O querido casal, Mari\u00e2ngela e Enio Pasquali, est\u00e3o comemorando Bodas de Ouro, com a linda fam\u00edlia que constitu\u00edram.Reuniram o cl\u00e3 no Resort Vila Gal\u00e9, em Macei\u00f3, para desfrutarem da uni\u00e3o e alegria a beira das \u00e1guas alagoanas.\u2026","rel":"","context":"In &quot;Not\u00edcias de Ribeir\u00e3o Preto-SP e Regi\u00e3o&quot;","block_context":{"text":"Not\u00edcias de Ribeir\u00e3o Preto-SP e Regi\u00e3o","link":"https:\/\/noticiasribeiraopreto.com.br\/index.php\/category\/noticias-de-ribeirao-preto-sp-e-regiao-ismael-colosi\/"},"img":{"alt_text":"","src":"https:\/\/i0.wp.com\/noticiasribeiraopreto.com.br\/wp-content\/uploads\/2024\/03\/17-8-scaled.jpg?fit=860%2C645&ssl=1&resize=350%2C200","width":350,"height":200,"srcset":"https:\/\/i0.wp.com\/noticiasribeiraopreto.com.br\/wp-content\/uploads\/2024\/03\/17-8-scaled.jpg?fit=860%2C645&ssl=1&resize=350%2C200 1x, https:\/\/i0.wp.com\/noticiasribeiraopreto.com.br\/wp-content\/uploads\/2024\/03\/17-8-scaled.jpg?fit=860%2C645&ssl=1&resize=525%2C300 1.5x, https:\/\/i0.wp.com\/noticiasribeiraopreto.com.br\/wp-content\/uploads\/2024\/03\/17-8-scaled.jpg?fit=860%2C645&ssl=1&resize=700%2C400 2x"},"classes":[]},{"id":43062,"url":"https:\/\/noticiasribeiraopreto.com.br\/index.php\/2024\/03\/19\/projeto-ritmo-do-bem\/","url_meta":{"origin":41423,"position":1},"title":"Projeto \u201cRitmo do Bem\u201d &#8211; Jornal Tribuna Ribeir\u00e3o","author":"noticiasribeiraopreto.com.br","date":"19 de March de 2024","format":false,"excerpt":"19 de mar\u00e7o de 2024 | 9:0318 de mar\u00e7o de 2024 | 13:04 0O projeto \u201cRitmo do Bem\u201d realizdo no Espa\u00e7o Bella Citt\u00e0, em benef\u00edcio da Casa das Mangueiras, com o cantor Kiko Zambianchi e a participa\u00e7\u00e3o de convidados especiais como a banda Hod Hanna e o m\u00fasico \u00c1lvaro Petersen,\u2026","rel":"","context":"In &quot;Not\u00edcias de Ribeir\u00e3o Preto-SP e Regi\u00e3o&quot;","block_context":{"text":"Not\u00edcias de Ribeir\u00e3o Preto-SP e Regi\u00e3o","link":"https:\/\/noticiasribeiraopreto.com.br\/index.php\/category\/noticias-de-ribeirao-preto-sp-e-regiao-ismael-colosi\/"},"img":{"alt_text":"","src":"https:\/\/i0.wp.com\/noticiasribeiraopreto.com.br\/wp-content\/uploads\/2024\/03\/19-6-1-scaled.jpg?fit=1000%2C563&ssl=1&resize=350%2C200","width":350,"height":200,"srcset":"https:\/\/i0.wp.com\/noticiasribeiraopreto.com.br\/wp-content\/uploads\/2024\/03\/19-6-1-scaled.jpg?fit=1000%2C563&ssl=1&resize=350%2C200 1x, https:\/\/i0.wp.com\/noticiasribeiraopreto.com.br\/wp-content\/uploads\/2024\/03\/19-6-1-scaled.jpg?fit=1000%2C563&ssl=1&resize=525%2C300 1.5x, https:\/\/i0.wp.com\/noticiasribeiraopreto.com.br\/wp-content\/uploads\/2024\/03\/19-6-1-scaled.jpg?fit=1000%2C563&ssl=1&resize=700%2C400 2x"},"classes":[]},{"id":44736,"url":"https:\/\/noticiasribeiraopreto.com.br\/index.php\/2024\/03\/30\/rodonaves-express\/","url_meta":{"origin":41423,"position":2},"title":"Rodonaves Express &#8211; Jornal Tribuna Ribeir\u00e3o","author":"noticiasribeiraopreto.com.br","date":"30 de March de 2024","format":false,"excerpt":"30 de mar\u00e7o de 2024 | 9:0327 de mar\u00e7o de 2024 | 12:44 0 Ribeir\u00e3o Preto ganhou sua primeira unidade da Rodonaves Express, na avenida Presidente Vargas, um \u201cbra\u00e7o\u201d da RTE Rodonaves \u2013 a primeira empresa do Grupo Rodonaves e que \u00e9 refer\u00eancia nacional em transporte de carga no pa\u00eds.\u2026","rel":"","context":"In &quot;Not\u00edcias de Ribeir\u00e3o Preto-SP e Regi\u00e3o&quot;","block_context":{"text":"Not\u00edcias de Ribeir\u00e3o Preto-SP e Regi\u00e3o","link":"https:\/\/noticiasribeiraopreto.com.br\/index.php\/category\/noticias-de-ribeirao-preto-sp-e-regiao-ismael-colosi\/"},"img":{"alt_text":"","src":"https:\/\/i0.wp.com\/noticiasribeiraopreto.com.br\/wp-content\/uploads\/2024\/03\/1-g.jpg?fit=667%2C500&ssl=1&resize=350%2C200","width":350,"height":200,"srcset":"https:\/\/i0.wp.com\/noticiasribeiraopreto.com.br\/wp-content\/uploads\/2024\/03\/1-g.jpg?fit=667%2C500&ssl=1&resize=350%2C200 1x, https:\/\/i0.wp.com\/noticiasribeiraopreto.com.br\/wp-content\/uploads\/2024\/03\/1-g.jpg?fit=667%2C500&ssl=1&resize=525%2C300 1.5x"},"classes":[]},{"id":44153,"url":"https:\/\/noticiasribeiraopreto.com.br\/index.php\/2024\/03\/26\/festiva-em-homenagem-a-mulher\/","url_meta":{"origin":41423,"position":3},"title":"Festiva em homenagem a mulher","author":"noticiasribeiraopreto.com.br","date":"26 de March de 2024","format":false,"excerpt":"Festiva em homenagem a mulher com posse de novos Associados DIA: 27 de mar\u00e7o HOR\u00c1RIO: 20H LOCAL: Rua Cel. Luiz da Silva Batista 285 (Funda\u00e7\u00e3o dos Rotarianos de Ribeir\u00e3o Preto) JANTAR: Opcional O post Festiva em homenagem a mulher apareceu primeiro em Jornal Tribuna Ribeir\u00e3o. Source link","rel":"","context":"In &quot;Not\u00edcias de Ribeir\u00e3o Preto-SP e Regi\u00e3o&quot;","block_context":{"text":"Not\u00edcias de Ribeir\u00e3o Preto-SP e Regi\u00e3o","link":"https:\/\/noticiasribeiraopreto.com.br\/index.php\/category\/noticias-de-ribeirao-preto-sp-e-regiao-ismael-colosi\/"},"img":{"alt_text":"","src":"https:\/\/i0.wp.com\/noticiasribeiraopreto.com.br\/wp-content\/uploads\/2024\/03\/e4afc242-b563-43f0-bd9b-4a7f0e99d4c1.jpg?fit=1013%2C1200&ssl=1&resize=350%2C200","width":350,"height":200,"srcset":"https:\/\/i0.wp.com\/noticiasribeiraopreto.com.br\/wp-content\/uploads\/2024\/03\/e4afc242-b563-43f0-bd9b-4a7f0e99d4c1.jpg?fit=1013%2C1200&ssl=1&resize=350%2C200 1x, https:\/\/i0.wp.com\/noticiasribeiraopreto.com.br\/wp-content\/uploads\/2024\/03\/e4afc242-b563-43f0-bd9b-4a7f0e99d4c1.jpg?fit=1013%2C1200&ssl=1&resize=525%2C300 1.5x, https:\/\/i0.wp.com\/noticiasribeiraopreto.com.br\/wp-content\/uploads\/2024\/03\/e4afc242-b563-43f0-bd9b-4a7f0e99d4c1.jpg?fit=1013%2C1200&ssl=1&resize=700%2C400 2x"},"classes":[]},{"id":68413,"url":"https:\/\/noticiasribeiraopreto.com.br\/index.php\/2025\/04\/25\/nova-obra-vai-interligar-guapore-ao-olhos-dagua\/","url_meta":{"origin":41423,"position":4},"title":"Nova obra vai interligar Guapor\u00e9 ao Olhos D\u2019\u00c1gua\u00a0","author":"noticiasribeiraopreto.com.br","date":"25 de April de 2025","format":false,"excerpt":"25 de abril de 2025 09:3024 de abril de 2025 20:479 Compartilhar0 O prefeito de Ribeir\u00e3o Preto, Ricardo Silva (PSD), participa nesta sexta-feira, 25 de abril, \u00e0s 14h30, do lan\u00e7amento da pedra fundamental que marca o in\u00edcio das obras de interliga\u00e7\u00e3o da avenida Her\u00e1clito Fontoura Sobral Pinto, no bairro Guapor\u00e9,\u2026","rel":"","context":"In &quot;Not\u00edcias de Ribeir\u00e3o Preto-SP e Regi\u00e3o&quot;","block_context":{"text":"Not\u00edcias de Ribeir\u00e3o Preto-SP e Regi\u00e3o","link":"https:\/\/noticiasribeiraopreto.com.br\/index.php\/category\/noticias-de-ribeirao-preto-sp-e-regiao-ismael-colosi\/"},"img":{"alt_text":"","src":"https:\/\/i0.wp.com\/noticiasribeiraopreto.com.br\/wp-content\/uploads\/2025\/04\/interligacaoavenidasmrv.capa_-scaled.jpg?fit=750%2C500&ssl=1&resize=350%2C200","width":350,"height":200,"srcset":"https:\/\/i0.wp.com\/noticiasribeiraopreto.com.br\/wp-content\/uploads\/2025\/04\/interligacaoavenidasmrv.capa_-scaled.jpg?fit=750%2C500&ssl=1&resize=350%2C200 1x, https:\/\/i0.wp.com\/noticiasribeiraopreto.com.br\/wp-content\/uploads\/2025\/04\/interligacaoavenidasmrv.capa_-scaled.jpg?fit=750%2C500&ssl=1&resize=525%2C300 1.5x, https:\/\/i0.wp.com\/noticiasribeiraopreto.com.br\/wp-content\/uploads\/2025\/04\/interligacaoavenidasmrv.capa_-scaled.jpg?fit=750%2C500&ssl=1&resize=700%2C400 2x"},"classes":[]},{"id":45576,"url":"https:\/\/noticiasribeiraopreto.com.br\/index.php\/2024\/04\/05\/vianorte-s-a-ata-da-reuniao-da-diretoria-realizada-em-18-de-marco-de-2024\/","url_meta":{"origin":41423,"position":5},"title":"Vianorte S.A. \u2013 Ata da Reuni\u00e3o da Diretoria realizada em 18 de mar\u00e7o de 2024","author":"noticiasribeiraopreto.com.br","date":"5 de April de 2024","format":false,"excerpt":"O post Vianorte S.A. \u2013 Ata da Reuni\u00e3o da Diretoria realizada em 18 de mar\u00e7o de 2024 apareceu primeiro em Jornal Tribuna Ribeir\u00e3o. Source link","rel":"","context":"In &quot;Not\u00edcias de Ribeir\u00e3o Preto-SP e Regi\u00e3o&quot;","block_context":{"text":"Not\u00edcias de Ribeir\u00e3o Preto-SP e Regi\u00e3o","link":"https:\/\/noticiasribeiraopreto.com.br\/index.php\/category\/noticias-de-ribeirao-preto-sp-e-regiao-ismael-colosi\/"},"img":{"alt_text":"","src":"https:\/\/i0.wp.com\/noticiasribeiraopreto.com.br\/wp-content\/uploads\/2024\/04\/1712310421_publicidade-legal.png?fit=700%2C450&ssl=1&resize=350%2C200","width":350,"height":200,"srcset":"https:\/\/i0.wp.com\/noticiasribeiraopreto.com.br\/wp-content\/uploads\/2024\/04\/1712310421_publicidade-legal.png?fit=700%2C450&ssl=1&resize=350%2C200 1x, https:\/\/i0.wp.com\/noticiasribeiraopreto.com.br\/wp-content\/uploads\/2024\/04\/1712310421_publicidade-legal.png?fit=700%2C450&ssl=1&resize=525%2C300 1.5x, https:\/\/i0.wp.com\/noticiasribeiraopreto.com.br\/wp-content\/uploads\/2024\/04\/1712310421_publicidade-legal.png?fit=700%2C450&ssl=1&resize=700%2C400 2x"},"classes":[]}],"jetpack_sharing_enabled":true,"jetpack_shortlink":"https:\/\/wp.me\/peQAOb-aM7","jetpack_featured_media_url":"https:\/\/i0.wp.com\/noticiasribeiraopreto.com.br\/wp-content\/uploads\/2024\/03\/NovoPAC-Antonio-Cruz-Ag.Br_-scaled.jpg?fit=1000%2C591&ssl=1","_links":{"self":[{"href":"https:\/\/noticiasribeiraopreto.com.br\/index.php\/wp-json\/wp\/v2\/posts\/41423","targetHints":{"allow":["GET"]}}],"collection":[{"href":"https:\/\/noticiasribeiraopreto.com.br\/index.php\/wp-json\/wp\/v2\/posts"}],"about":[{"href":"https:\/\/noticiasribeiraopreto.com.br\/index.php\/wp-json\/wp\/v2\/types\/post"}],"author":[{"embeddable":true,"href":"https:\/\/noticiasribeiraopreto.com.br\/index.php\/wp-json\/wp\/v2\/users\/1"}],"replies":[{"embeddable":true,"href":"https:\/\/noticiasribeiraopreto.com.br\/index.php\/wp-json\/wp\/v2\/comments?post=41423"}],"version-history":[{"count":0,"href":"https:\/\/noticiasribeiraopreto.com.br\/index.php\/wp-json\/wp\/v2\/posts\/41423\/revisions"}],"wp:featuredmedia":[{"embeddable":true,"href":"https:\/\/noticiasribeiraopreto.com.br\/index.php\/wp-json\/wp\/v2\/media\/41424"}],"wp:attachment":[{"href":"https:\/\/noticiasribeiraopreto.com.br\/index.php\/wp-json\/wp\/v2\/media?parent=41423"}],"wp:term":[{"taxonomy":"category","embeddable":true,"href":"https:\/\/noticiasribeiraopreto.com.br\/index.php\/wp-json\/wp\/v2\/categories?post=41423"},{"taxonomy":"post_tag","embeddable":true,"href":"https:\/\/noticiasribeiraopreto.com.br\/index.php\/wp-json\/wp\/v2\/tags?post=41423"}],"curies":[{"name":"wp","href":"https:\/\/api.w.org\/{rel}","templated":true}]}}