{"id":41471,"date":"2024-03-08T12:43:20","date_gmt":"2024-03-08T15:43:20","guid":{"rendered":"https:\/\/noticiasribeiraopreto.com.br\/index.php\/2024\/03\/08\/30-novas-vagas-de-emprego-em-ribeirao-preto-sp-95\/"},"modified":"2024-03-08T12:43:20","modified_gmt":"2024-03-08T15:43:20","slug":"30-novas-vagas-de-emprego-em-ribeirao-preto-sp-95","status":"publish","type":"post","link":"https:\/\/noticiasribeiraopreto.com.br\/index.php\/2024\/03\/08\/30-novas-vagas-de-emprego-em-ribeirao-preto-sp-95\/","title":{"rendered":"30 novas vagas de emprego em Ribeir\u00e3o Preto-SP"},"content":{"rendered":"<div class=\"VM7gjN\">\n<div role=\"listitem\" class=\"Zc7IjY\">\n<div id=\"comp-lp0groo2__73028b11-855c-4d5d-b9f8-b08ccc1cdd5d\" class=\"comp-lp0groo2 YzqVVZ wixui-repeater__item\">\n<div id=\"bgLayers_comp-lp0groo2\" data-hook=\"bgLayers\" class=\"MW5IWV\">\n<div data-testid=\"colorUnderlay\" class=\"LWbAav Kv1aVt\"><\/div>\n<div id=\"bgMedia_comp-lp0groo2\" class=\"VgO9Yg\"><\/div>\n<\/div>\n<div data-mesh-id=\"comp-lp0groo2__73028b11-855c-4d5d-b9f8-b08ccc1cdd5dinlineContent\" data-testid=\"inline-content\" class=\"\">\n<div data-mesh-id=\"comp-lp0groo2__73028b11-855c-4d5d-b9f8-b08ccc1cdd5dinlineContent-gridContainer\" data-testid=\"mesh-container-content\">\n<div id=\"comp-lp0groo92__73028b11-855c-4d5d-b9f8-b08ccc1cdd5d\" class=\"BaOVQ8 tz5f0K comp-lp0groo92 wixui-rich-text\" data-testid=\"richTextElement\">\n<h2 class=\"font_2 wixui-rich-text__text\" style=\"font-size:26px; line-height:1.6em;\"><span style=\"font-size:26px;\" class=\"wixui-rich-text__text\">Gerente Geral de Fazenda (Foco em alimenta\u00e7\u00e3o de gado leiteiro e de corte) <\/span><\/h2>\n<\/div>\n<div id=\"comp-lp0grood2__73028b11-855c-4d5d-b9f8-b08ccc1cdd5d\" class=\"BaOVQ8 tz5f0K comp-lp0grood2 wixui-rich-text\" data-testid=\"richTextElement\">\n<div class='code-block code-block-1' style='margin: 8px 0 8px auto; text-align: right; display: block; clear: both;'>\n<p><a href=\"https:\/\/wa.link\/vpicfd\"><img data-recalc-dims=\"1\" class=\"wp-image-4922\" style=\"aspect-ratio: 2.0253164556962027; width: 561px; height: auto;\" src=\"https:\/\/i0.wp.com\/ismaelcolosi.com.br\/wp-content\/uploads\/2023\/11\/grupo-de-empregos-whatsapp-e-facebook-ismael-colosi-vagas.jpg?ssl=1\" alt=\"\" \/><\/a><\/p>\n<!-- \/wp:image -->\n<\/div>\n<p class=\"font_8 wixui-rich-text__text\" style=\"font-size:16px; line-height:1.6em;\"><span style=\"font-size:16px;\" class=\"wixui-rich-text__text\">Goi\u00e2nia\/Goi\u00e1s<\/span><\/p>\n<\/div>\n<div class=\"comp-lp0grooh1 R6ex7N\" id=\"comp-lp0grooh1__73028b11-855c-4d5d-b9f8-b08ccc1cdd5d\" aria-disabled=\"false\"><a data-testid=\"linkElement\" href=\"https:\/\/www.corporaterh.com.br\/jobs\/gerente-geral-de-fazenda-(foco-em-alimenta%C3%A7%C3%A3o-de-gado-leiteiro-e-de-corte)-\" target=\"_self\" class=\"kuTaGy wixui-button zKbzSQ\" aria-disabled=\"false\" rel=\"noopener\"><span class=\"M3I7Z2 wixui-button__label\">View Job<\/span><\/a><\/div>\n<\/div>\n<\/div>\n<\/div>\n<\/div>\n<div role=\"listitem\" class=\"Zc7IjY\">\n<div id=\"comp-lp0groo2__373d3f91-cd43-4cce-8c85-59ea4566d29d\" class=\"comp-lp0groo2 YzqVVZ wixui-repeater__item\">\n<div id=\"bgLayers_comp-lp0groo2\" data-hook=\"bgLayers\" class=\"MW5IWV\">\n<div data-testid=\"colorUnderlay\" class=\"LWbAav Kv1aVt\"><\/div>\n<div id=\"bgMedia_comp-lp0groo2\" class=\"VgO9Yg\"><\/div>\n<\/div>\n<div data-mesh-id=\"comp-lp0groo2__373d3f91-cd43-4cce-8c85-59ea4566d29dinlineContent\" data-testid=\"inline-content\" class=\"\">\n<div data-mesh-id=\"comp-lp0groo2__373d3f91-cd43-4cce-8c85-59ea4566d29dinlineContent-gridContainer\" data-testid=\"mesh-container-content\">\n<div id=\"comp-lp0groo92__373d3f91-cd43-4cce-8c85-59ea4566d29d\" class=\"BaOVQ8 tz5f0K comp-lp0groo92 wixui-rich-text\" data-testid=\"richTextElement\">\n<h2 class=\"font_2 wixui-rich-text__text\" style=\"font-size:26px; line-height:1.6em;\"><span style=\"font-size:26px;\" class=\"wixui-rich-text__text\">Gerente de Qualidade Agr\u00edcola<\/span><\/h2>\n<\/div>\n<div id=\"comp-lp0grood2__373d3f91-cd43-4cce-8c85-59ea4566d29d\" class=\"BaOVQ8 tz5f0K comp-lp0grood2 wixui-rich-text\" data-testid=\"richTextElement\">\n<p class=\"font_8 wixui-rich-text__text\" style=\"font-size:16px; line-height:1.6em;\"><span style=\"font-size:16px;\" class=\"wixui-rich-text__text\">Regi\u00e3o de Barretos\/SP<\/span><\/p>\n<\/div>\n<div class=\"comp-lp0grooh1 R6ex7N\" id=\"comp-lp0grooh1__373d3f91-cd43-4cce-8c85-59ea4566d29d\" aria-disabled=\"false\"><a data-testid=\"linkElement\" href=\"https:\/\/www.corporaterh.com.br\/jobs\/gerente-de-qualidade-agr%C3%ADcola\" target=\"_self\" class=\"kuTaGy wixui-button zKbzSQ\" aria-disabled=\"false\" rel=\"noopener\"><span class=\"M3I7Z2 wixui-button__label\">View Job<\/span><\/a><\/div>\n<\/div>\n<\/div>\n<\/div>\n<\/div>\n<div role=\"listitem\" class=\"Zc7IjY\">\n<div id=\"comp-lp0groo2__7a60a83a-8659-4d91-8a48-d59f618f5645\" class=\"comp-lp0groo2 YzqVVZ wixui-repeater__item\">\n<div id=\"bgLayers_comp-lp0groo2\" data-hook=\"bgLayers\" class=\"MW5IWV\">\n<div data-testid=\"colorUnderlay\" class=\"LWbAav Kv1aVt\"><\/div>\n<div id=\"bgMedia_comp-lp0groo2\" class=\"VgO9Yg\"><\/div>\n<\/div>\n<div data-mesh-id=\"comp-lp0groo2__7a60a83a-8659-4d91-8a48-d59f618f5645inlineContent\" data-testid=\"inline-content\" class=\"\">\n<div data-mesh-id=\"comp-lp0groo2__7a60a83a-8659-4d91-8a48-d59f618f5645inlineContent-gridContainer\" data-testid=\"mesh-container-content\">\n<div id=\"comp-lp0groo92__7a60a83a-8659-4d91-8a48-d59f618f5645\" class=\"BaOVQ8 tz5f0K comp-lp0groo92 wixui-rich-text\" data-testid=\"richTextElement\">\n<h2 class=\"font_2 wixui-rich-text__text\" style=\"font-size:26px; line-height:1.6em;\"><span style=\"font-size:26px;\" class=\"wixui-rich-text__text\">Gerente de Marcas  &#8211; \u00c1rea de Marketing <\/span><\/h2>\n<\/div>\n<div id=\"comp-lp0grood2__7a60a83a-8659-4d91-8a48-d59f618f5645\" class=\"BaOVQ8 tz5f0K comp-lp0grood2 wixui-rich-text\" data-testid=\"richTextElement\">\n<p class=\"font_8 wixui-rich-text__text\" style=\"font-size:16px; line-height:1.6em;\"><span style=\"font-size:16px;\" class=\"wixui-rich-text__text\">S\u00e3o Paulo\/SP<\/span><\/p>\n<\/div>\n<div class=\"comp-lp0grooh1 R6ex7N\" id=\"comp-lp0grooh1__7a60a83a-8659-4d91-8a48-d59f618f5645\" aria-disabled=\"false\"><a data-testid=\"linkElement\" href=\"https:\/\/www.corporaterh.com.br\/jobs\/gerente-de-marcas----%C3%A1rea-de-marketing-\" target=\"_self\" class=\"kuTaGy wixui-button zKbzSQ\" aria-disabled=\"false\" rel=\"noopener\"><span class=\"M3I7Z2 wixui-button__label\">View Job<\/span><\/a><\/div>\n<\/div>\n<\/div>\n<\/div>\n<\/div>\n<div role=\"listitem\" class=\"Zc7IjY\">\n<div id=\"comp-lp0groo2__6b42b982-1387-4d0a-b25e-001f45f8dab4\" class=\"comp-lp0groo2 YzqVVZ wixui-repeater__item\">\n<div id=\"bgLayers_comp-lp0groo2\" data-hook=\"bgLayers\" class=\"MW5IWV\">\n<div data-testid=\"colorUnderlay\" class=\"LWbAav Kv1aVt\"><\/div>\n<div id=\"bgMedia_comp-lp0groo2\" class=\"VgO9Yg\"><\/div>\n<\/div>\n<div data-mesh-id=\"comp-lp0groo2__6b42b982-1387-4d0a-b25e-001f45f8dab4inlineContent\" data-testid=\"inline-content\" class=\"\">\n<div data-mesh-id=\"comp-lp0groo2__6b42b982-1387-4d0a-b25e-001f45f8dab4inlineContent-gridContainer\" data-testid=\"mesh-container-content\">\n<div id=\"comp-lp0groo92__6b42b982-1387-4d0a-b25e-001f45f8dab4\" class=\"BaOVQ8 tz5f0K comp-lp0groo92 wixui-rich-text\" data-testid=\"richTextElement\">\n<h2 class=\"font_2 wixui-rich-text__text\" style=\"font-size:26px; line-height:1.6em;\"><span style=\"font-size:26px;\" class=\"wixui-rich-text__text\">Gerente de Controladoria <\/span><\/h2>\n<\/div>\n<div id=\"comp-lp0grood2__6b42b982-1387-4d0a-b25e-001f45f8dab4\" class=\"BaOVQ8 tz5f0K comp-lp0grood2 wixui-rich-text\" data-testid=\"richTextElement\">\n<p class=\"font_8 wixui-rich-text__text\" style=\"font-size:16px; line-height:1.6em;\"><span style=\"font-size:16px;\" class=\"wixui-rich-text__text\">Campinas e Regi\u00e3o Metropolitana\/SP<\/span><\/p>\n<\/div>\n<div class=\"comp-lp0grooh1 R6ex7N\" id=\"comp-lp0grooh1__6b42b982-1387-4d0a-b25e-001f45f8dab4\" aria-disabled=\"false\"><a data-testid=\"linkElement\" href=\"https:\/\/www.corporaterh.com.br\/jobs\/gerente-de-controladoria-\" target=\"_self\" class=\"kuTaGy wixui-button zKbzSQ\" aria-disabled=\"false\" rel=\"noopener\"><span class=\"M3I7Z2 wixui-button__label\">View Job<\/span><\/a><\/div>\n<\/div>\n<\/div>\n<\/div>\n<\/div>\n<div role=\"listitem\" class=\"Zc7IjY\">\n<div id=\"comp-lp0groo2__4a760e28-1fbe-4b71-a65c-e75cc294b6d6\" class=\"comp-lp0groo2 YzqVVZ wixui-repeater__item\">\n<div id=\"bgLayers_comp-lp0groo2\" data-hook=\"bgLayers\" class=\"MW5IWV\">\n<div data-testid=\"colorUnderlay\" class=\"LWbAav Kv1aVt\"><\/div>\n<div id=\"bgMedia_comp-lp0groo2\" class=\"VgO9Yg\"><\/div>\n<\/div>\n<div data-mesh-id=\"comp-lp0groo2__4a760e28-1fbe-4b71-a65c-e75cc294b6d6inlineContent\" data-testid=\"inline-content\" class=\"\">\n<div data-mesh-id=\"comp-lp0groo2__4a760e28-1fbe-4b71-a65c-e75cc294b6d6inlineContent-gridContainer\" data-testid=\"mesh-container-content\">\n<div id=\"comp-lp0groo92__4a760e28-1fbe-4b71-a65c-e75cc294b6d6\" class=\"BaOVQ8 tz5f0K comp-lp0groo92 wixui-rich-text\" data-testid=\"richTextElement\">\n<h2 class=\"font_2 wixui-rich-text__text\" style=\"font-size:26px; line-height:1.6em;\"><span style=\"font-size:26px;\" class=\"wixui-rich-text__text\">Gerente de Contabilidade (Nacional e Internacional)<\/span><\/h2>\n<\/div>\n<div id=\"comp-lp0grood2__4a760e28-1fbe-4b71-a65c-e75cc294b6d6\" class=\"BaOVQ8 tz5f0K comp-lp0grood2 wixui-rich-text\" data-testid=\"richTextElement\">\n<p class=\"font_8 wixui-rich-text__text\" style=\"font-size:16px; line-height:1.6em;\"><span style=\"font-size:16px;\" class=\"wixui-rich-text__text\">Ribeir\u00e3o Preto\/SP<\/span><\/p>\n<\/div>\n<div class=\"comp-lp0grooh1 R6ex7N\" id=\"comp-lp0grooh1__4a760e28-1fbe-4b71-a65c-e75cc294b6d6\" aria-disabled=\"false\"><a data-testid=\"linkElement\" href=\"https:\/\/www.corporaterh.com.br\/jobs\/gerente-de-contabilidade-(nacional-e-internacional)\" target=\"_self\" class=\"kuTaGy wixui-button zKbzSQ\" aria-disabled=\"false\" rel=\"noopener\"><span class=\"M3I7Z2 wixui-button__label\">View Job<\/span><\/a><\/div>\n<\/div>\n<\/div>\n<\/div>\n<\/div>\n<div role=\"listitem\" class=\"Zc7IjY\">\n<div id=\"comp-lp0groo2__f475d184-c446-42c0-8c6b-ee4af34f348a\" class=\"comp-lp0groo2 YzqVVZ wixui-repeater__item\">\n<div id=\"bgLayers_comp-lp0groo2\" data-hook=\"bgLayers\" class=\"MW5IWV\">\n<div data-testid=\"colorUnderlay\" class=\"LWbAav Kv1aVt\"><\/div>\n<div id=\"bgMedia_comp-lp0groo2\" class=\"VgO9Yg\"><\/div>\n<\/div>\n<div data-mesh-id=\"comp-lp0groo2__f475d184-c446-42c0-8c6b-ee4af34f348ainlineContent\" data-testid=\"inline-content\" class=\"\">\n<div data-mesh-id=\"comp-lp0groo2__f475d184-c446-42c0-8c6b-ee4af34f348ainlineContent-gridContainer\" data-testid=\"mesh-container-content\">\n<div id=\"comp-lp0groo92__f475d184-c446-42c0-8c6b-ee4af34f348a\" class=\"BaOVQ8 tz5f0K comp-lp0groo92 wixui-rich-text\" data-testid=\"richTextElement\">\n<h2 class=\"font_2 wixui-rich-text__text\" style=\"font-size:26px; line-height:1.6em;\"><span style=\"font-size:26px;\" class=\"wixui-rich-text__text\">Gerente S\u00eanior de Compras<\/span><\/h2>\n<\/div>\n<div id=\"comp-lp0grood2__f475d184-c446-42c0-8c6b-ee4af34f348a\" class=\"BaOVQ8 tz5f0K comp-lp0grood2 wixui-rich-text\" data-testid=\"richTextElement\">\n<p class=\"font_8 wixui-rich-text__text\" style=\"font-size:16px; line-height:1.6em;\"><span style=\"font-size:16px;\" class=\"wixui-rich-text__text\">Interior do Estado de S\u00e3o Paulo\/SP<\/span><\/p>\n<\/div>\n<div class=\"comp-lp0grooh1 R6ex7N\" id=\"comp-lp0grooh1__f475d184-c446-42c0-8c6b-ee4af34f348a\" aria-disabled=\"false\"><a data-testid=\"linkElement\" href=\"https:\/\/www.corporaterh.com.br\/jobs\/gerente-s%C3%AAnior-de-compras\" target=\"_self\" class=\"kuTaGy wixui-button zKbzSQ\" aria-disabled=\"false\" rel=\"noopener\"><span class=\"M3I7Z2 wixui-button__label\">View Job<\/span><\/a><\/div>\n<\/div>\n<\/div>\n<\/div>\n<\/div>\n<div role=\"listitem\" class=\"Zc7IjY\">\n<div id=\"comp-lp0groo2__42fe4df1-2999-4e2a-ba5e-f192c50aa903\" class=\"comp-lp0groo2 YzqVVZ wixui-repeater__item\">\n<div id=\"bgLayers_comp-lp0groo2\" data-hook=\"bgLayers\" class=\"MW5IWV\">\n<div data-testid=\"colorUnderlay\" class=\"LWbAav Kv1aVt\"><\/div>\n<div id=\"bgMedia_comp-lp0groo2\" class=\"VgO9Yg\"><\/div>\n<\/div>\n<div data-mesh-id=\"comp-lp0groo2__42fe4df1-2999-4e2a-ba5e-f192c50aa903inlineContent\" data-testid=\"inline-content\" class=\"\">\n<div data-mesh-id=\"comp-lp0groo2__42fe4df1-2999-4e2a-ba5e-f192c50aa903inlineContent-gridContainer\" data-testid=\"mesh-container-content\">\n<div id=\"comp-lp0groo92__42fe4df1-2999-4e2a-ba5e-f192c50aa903\" class=\"BaOVQ8 tz5f0K comp-lp0groo92 wixui-rich-text\" data-testid=\"richTextElement\">\n<h2 class=\"font_2 wixui-rich-text__text\" style=\"font-size:26px; line-height:1.6em;\"><span style=\"font-size:26px;\" class=\"wixui-rich-text__text\">Gerente de Assuntos Regulat\u00f3rios <\/span><\/h2>\n<\/div>\n<div id=\"comp-lp0grood2__42fe4df1-2999-4e2a-ba5e-f192c50aa903\" class=\"BaOVQ8 tz5f0K comp-lp0grood2 wixui-rich-text\" data-testid=\"richTextElement\">\n<p class=\"font_8 wixui-rich-text__text\" style=\"font-size:16px; line-height:1.6em;\"><span style=\"font-size:16px;\" class=\"wixui-rich-text__text\">Regi\u00e3o de Ribeir\u00e3o Preto\/SP<\/span><\/p>\n<\/div>\n<div class=\"comp-lp0grooh1 R6ex7N\" id=\"comp-lp0grooh1__42fe4df1-2999-4e2a-ba5e-f192c50aa903\" aria-disabled=\"false\"><a data-testid=\"linkElement\" href=\"https:\/\/www.corporaterh.com.br\/jobs\/gerente-de-assuntos-regulat%C3%B3rios-\" target=\"_self\" class=\"kuTaGy wixui-button zKbzSQ\" aria-disabled=\"false\" rel=\"noopener\"><span class=\"M3I7Z2 wixui-button__label\">View Job<\/span><\/a><\/div>\n<\/div>\n<\/div>\n<\/div>\n<\/div>\n<div role=\"listitem\" class=\"Zc7IjY\">\n<div id=\"comp-lp0groo2__6bdcb17d-0e73-4882-a249-3101b05532de\" class=\"comp-lp0groo2 YzqVVZ wixui-repeater__item\">\n<div id=\"bgLayers_comp-lp0groo2\" data-hook=\"bgLayers\" class=\"MW5IWV\">\n<div data-testid=\"colorUnderlay\" class=\"LWbAav Kv1aVt\"><\/div>\n<div id=\"bgMedia_comp-lp0groo2\" class=\"VgO9Yg\"><\/div>\n<\/div>\n<div data-mesh-id=\"comp-lp0groo2__6bdcb17d-0e73-4882-a249-3101b05532deinlineContent\" data-testid=\"inline-content\" class=\"\">\n<div data-mesh-id=\"comp-lp0groo2__6bdcb17d-0e73-4882-a249-3101b05532deinlineContent-gridContainer\" data-testid=\"mesh-container-content\">\n<div id=\"comp-lp0groo92__6bdcb17d-0e73-4882-a249-3101b05532de\" class=\"BaOVQ8 tz5f0K comp-lp0groo92 wixui-rich-text\" data-testid=\"richTextElement\">\n<h2 class=\"font_2 wixui-rich-text__text\" style=\"font-size:26px; line-height:1.6em;\"><span style=\"font-size:26px;\" class=\"wixui-rich-text__text\">Gerente de TI\u2013 Vaga afirmativa para mulheres<\/span><\/h2>\n<\/div>\n<div id=\"comp-lp0grood2__6bdcb17d-0e73-4882-a249-3101b05532de\" class=\"BaOVQ8 tz5f0K comp-lp0grood2 wixui-rich-text\" data-testid=\"richTextElement\">\n<p class=\"font_8 wixui-rich-text__text\" style=\"font-size:16px; line-height:1.6em;\"><span style=\"font-size:16px;\" class=\"wixui-rich-text__text\">Ribeir\u00e3o Preto\/SP<\/span><\/p>\n<\/div>\n<div class=\"comp-lp0grooh1 R6ex7N\" id=\"comp-lp0grooh1__6bdcb17d-0e73-4882-a249-3101b05532de\" aria-disabled=\"false\"><a data-testid=\"linkElement\" href=\"https:\/\/www.corporaterh.com.br\/jobs\/gerente-de-ti%E2%80%93-vaga-afirmativa-para-mulheres\" target=\"_self\" class=\"kuTaGy wixui-button zKbzSQ\" aria-disabled=\"false\" rel=\"noopener\"><span class=\"M3I7Z2 wixui-button__label\">View Job<\/span><\/a><\/div>\n<\/div>\n<\/div>\n<\/div>\n<\/div>\n<div role=\"listitem\" class=\"Zc7IjY\">\n<div id=\"comp-lp0groo2__c39050e7-ec2c-447e-be53-87c432567069\" class=\"comp-lp0groo2 YzqVVZ wixui-repeater__item\">\n<div id=\"bgLayers_comp-lp0groo2\" data-hook=\"bgLayers\" class=\"MW5IWV\">\n<div data-testid=\"colorUnderlay\" class=\"LWbAav Kv1aVt\"><\/div>\n<div id=\"bgMedia_comp-lp0groo2\" class=\"VgO9Yg\"><\/div>\n<\/div>\n<div data-mesh-id=\"comp-lp0groo2__c39050e7-ec2c-447e-be53-87c432567069inlineContent\" data-testid=\"inline-content\" class=\"\">\n<div data-mesh-id=\"comp-lp0groo2__c39050e7-ec2c-447e-be53-87c432567069inlineContent-gridContainer\" data-testid=\"mesh-container-content\">\n<div id=\"comp-lp0groo92__c39050e7-ec2c-447e-be53-87c432567069\" class=\"BaOVQ8 tz5f0K comp-lp0groo92 wixui-rich-text\" data-testid=\"richTextElement\">\n<h2 class=\"font_2 wixui-rich-text__text\" style=\"font-size:26px; line-height:1.6em;\"><span style=\"font-size:26px;\" class=\"wixui-rich-text__text\">Diretor Operacional <\/span><\/h2>\n<\/div>\n<div id=\"comp-lp0grood2__c39050e7-ec2c-447e-be53-87c432567069\" class=\"BaOVQ8 tz5f0K comp-lp0grood2 wixui-rich-text\" data-testid=\"richTextElement\">\n<p class=\"font_8 wixui-rich-text__text\" style=\"font-size:16px; line-height:1.6em;\"><span style=\"font-size:16px;\" class=\"wixui-rich-text__text\">Interior de Minas Gerais<\/span><\/p>\n<\/div>\n<div class=\"comp-lp0grooh1 R6ex7N\" id=\"comp-lp0grooh1__c39050e7-ec2c-447e-be53-87c432567069\" aria-disabled=\"false\"><a data-testid=\"linkElement\" href=\"https:\/\/www.corporaterh.com.br\/jobs\/diretor-operacional-\" target=\"_self\" class=\"kuTaGy wixui-button zKbzSQ\" aria-disabled=\"false\" rel=\"noopener\"><span class=\"M3I7Z2 wixui-button__label\">View Job<\/span><\/a><\/div>\n<\/div>\n<\/div>\n<\/div>\n<\/div>\n<div role=\"listitem\" class=\"Zc7IjY\">\n<div id=\"comp-lp0groo2__aec9088f-1232-4b4a-8a2a-35361f6b0465\" class=\"comp-lp0groo2 YzqVVZ wixui-repeater__item\">\n<div id=\"bgLayers_comp-lp0groo2\" data-hook=\"bgLayers\" class=\"MW5IWV\">\n<div data-testid=\"colorUnderlay\" class=\"LWbAav Kv1aVt\"><\/div>\n<div id=\"bgMedia_comp-lp0groo2\" class=\"VgO9Yg\"><\/div>\n<\/div>\n<div data-mesh-id=\"comp-lp0groo2__aec9088f-1232-4b4a-8a2a-35361f6b0465inlineContent\" data-testid=\"inline-content\" class=\"\">\n<div data-mesh-id=\"comp-lp0groo2__aec9088f-1232-4b4a-8a2a-35361f6b0465inlineContent-gridContainer\" data-testid=\"mesh-container-content\">\n<div id=\"comp-lp0groo92__aec9088f-1232-4b4a-8a2a-35361f6b0465\" class=\"BaOVQ8 tz5f0K comp-lp0groo92 wixui-rich-text\" data-testid=\"richTextElement\">\n<h2 class=\"font_2 wixui-rich-text__text\" style=\"font-size:26px; line-height:1.6em;\"><span style=\"font-size:26px;\" class=\"wixui-rich-text__text\">Diretor Jur\u00eddico <\/span><\/h2>\n<\/div>\n<div id=\"comp-lp0grood2__aec9088f-1232-4b4a-8a2a-35361f6b0465\" class=\"BaOVQ8 tz5f0K comp-lp0grood2 wixui-rich-text\" data-testid=\"richTextElement\">\n<p class=\"font_8 wixui-rich-text__text\" style=\"font-size:16px; line-height:1.6em;\"><span style=\"font-size:16px;\" class=\"wixui-rich-text__text\">Florian\u00f3polis\/SC<\/span><\/p>\n<\/div>\n<div class=\"comp-lp0grooh1 R6ex7N\" id=\"comp-lp0grooh1__aec9088f-1232-4b4a-8a2a-35361f6b0465\" aria-disabled=\"false\"><a data-testid=\"linkElement\" href=\"https:\/\/www.corporaterh.com.br\/jobs\/diretor-jur%C3%ADdico-\" target=\"_self\" class=\"kuTaGy wixui-button zKbzSQ\" aria-disabled=\"false\" rel=\"noopener\"><span class=\"M3I7Z2 wixui-button__label\">View Job<\/span><\/a><\/div>\n<\/div>\n<\/div>\n<\/div>\n<\/div>\n<div role=\"listitem\" class=\"Zc7IjY\">\n<div id=\"comp-lp0groo2__ad997c07-b90e-4e9a-9640-a94343ee37a5\" class=\"comp-lp0groo2 YzqVVZ wixui-repeater__item\">\n<div id=\"bgLayers_comp-lp0groo2\" data-hook=\"bgLayers\" class=\"MW5IWV\">\n<div data-testid=\"colorUnderlay\" class=\"LWbAav Kv1aVt\"><\/div>\n<div id=\"bgMedia_comp-lp0groo2\" class=\"VgO9Yg\"><\/div>\n<\/div>\n<div data-mesh-id=\"comp-lp0groo2__ad997c07-b90e-4e9a-9640-a94343ee37a5inlineContent\" data-testid=\"inline-content\" class=\"\">\n<div data-mesh-id=\"comp-lp0groo2__ad997c07-b90e-4e9a-9640-a94343ee37a5inlineContent-gridContainer\" data-testid=\"mesh-container-content\">\n<div id=\"comp-lp0groo92__ad997c07-b90e-4e9a-9640-a94343ee37a5\" class=\"BaOVQ8 tz5f0K comp-lp0groo92 wixui-rich-text\" data-testid=\"richTextElement\">\n<h2 class=\"font_2 wixui-rich-text__text\" style=\"font-size:26px; line-height:1.6em;\"><span style=\"font-size:26px;\" class=\"wixui-rich-text__text\">Diretor Industrial<\/span><\/h2>\n<\/div>\n<div id=\"comp-lp0grood2__ad997c07-b90e-4e9a-9640-a94343ee37a5\" class=\"BaOVQ8 tz5f0K comp-lp0grood2 wixui-rich-text\" data-testid=\"richTextElement\">\n<p class=\"font_8 wixui-rich-text__text\" style=\"font-size:16px; line-height:1.6em;\"><span style=\"font-size:16px;\" class=\"wixui-rich-text__text\">Ribeir\u00e3o Preto e regi\u00e3o\/SP<\/span><\/p>\n<\/div>\n<div class=\"comp-lp0grooh1 R6ex7N\" id=\"comp-lp0grooh1__ad997c07-b90e-4e9a-9640-a94343ee37a5\" aria-disabled=\"false\"><a data-testid=\"linkElement\" href=\"https:\/\/www.corporaterh.com.br\/jobs\/diretor-industrial\" target=\"_self\" class=\"kuTaGy wixui-button zKbzSQ\" aria-disabled=\"false\" rel=\"noopener\"><span class=\"M3I7Z2 wixui-button__label\">View Job<\/span><\/a><\/div>\n<\/div>\n<\/div>\n<\/div>\n<\/div>\n<div role=\"listitem\" class=\"Zc7IjY\">\n<div id=\"comp-lp0groo2__53381005-8101-4342-b164-b316846fe574\" class=\"comp-lp0groo2 YzqVVZ wixui-repeater__item\">\n<div id=\"bgLayers_comp-lp0groo2\" data-hook=\"bgLayers\" class=\"MW5IWV\">\n<div data-testid=\"colorUnderlay\" class=\"LWbAav Kv1aVt\"><\/div>\n<div id=\"bgMedia_comp-lp0groo2\" class=\"VgO9Yg\"><\/div>\n<\/div>\n<div data-mesh-id=\"comp-lp0groo2__53381005-8101-4342-b164-b316846fe574inlineContent\" data-testid=\"inline-content\" class=\"\">\n<div data-mesh-id=\"comp-lp0groo2__53381005-8101-4342-b164-b316846fe574inlineContent-gridContainer\" data-testid=\"mesh-container-content\">\n<div id=\"comp-lp0groo92__53381005-8101-4342-b164-b316846fe574\" class=\"BaOVQ8 tz5f0K comp-lp0groo92 wixui-rich-text\" data-testid=\"richTextElement\">\n<h2 class=\"font_2 wixui-rich-text__text\" style=\"font-size:26px; line-height:1.6em;\"><span style=\"font-size:26px;\" class=\"wixui-rich-text__text\">Diretor Financeiro<\/span><\/h2>\n<\/div>\n<div id=\"comp-lp0grood2__53381005-8101-4342-b164-b316846fe574\" class=\"BaOVQ8 tz5f0K comp-lp0grood2 wixui-rich-text\" data-testid=\"richTextElement\">\n<p class=\"font_8 wixui-rich-text__text\" style=\"font-size:16px; line-height:1.6em;\"><span style=\"font-size:16px;\" class=\"wixui-rich-text__text\">Campinas\/SP<\/span><\/p>\n<\/div>\n<div class=\"comp-lp0grooh1 R6ex7N\" id=\"comp-lp0grooh1__53381005-8101-4342-b164-b316846fe574\" aria-disabled=\"false\"><a data-testid=\"linkElement\" href=\"https:\/\/www.corporaterh.com.br\/jobs\/diretor-financeiro\" target=\"_self\" class=\"kuTaGy wixui-button zKbzSQ\" aria-disabled=\"false\" rel=\"noopener\"><span class=\"M3I7Z2 wixui-button__label\">View Job<\/span><\/a><\/div>\n<\/div>\n<\/div>\n<\/div>\n<\/div>\n<div role=\"listitem\" class=\"Zc7IjY\">\n<div id=\"comp-lp0groo2__11862461-f058-493b-833e-d5b6c5512292\" class=\"comp-lp0groo2 YzqVVZ wixui-repeater__item\">\n<div id=\"bgLayers_comp-lp0groo2\" data-hook=\"bgLayers\" class=\"MW5IWV\">\n<div data-testid=\"colorUnderlay\" class=\"LWbAav Kv1aVt\"><\/div>\n<div id=\"bgMedia_comp-lp0groo2\" class=\"VgO9Yg\"><\/div>\n<\/div>\n<div data-mesh-id=\"comp-lp0groo2__11862461-f058-493b-833e-d5b6c5512292inlineContent\" data-testid=\"inline-content\" class=\"\">\n<div data-mesh-id=\"comp-lp0groo2__11862461-f058-493b-833e-d5b6c5512292inlineContent-gridContainer\" data-testid=\"mesh-container-content\">\n<div id=\"comp-lp0groo92__11862461-f058-493b-833e-d5b6c5512292\" class=\"BaOVQ8 tz5f0K comp-lp0groo92 wixui-rich-text\" data-testid=\"richTextElement\">\n<h2 class=\"font_2 wixui-rich-text__text\" style=\"font-size:26px; line-height:1.6em;\"><span style=\"font-size:26px;\" class=\"wixui-rich-text__text\">Diretor Executivo<\/span><\/h2>\n<\/div>\n<div id=\"comp-lp0grood2__11862461-f058-493b-833e-d5b6c5512292\" class=\"BaOVQ8 tz5f0K comp-lp0grood2 wixui-rich-text\" data-testid=\"richTextElement\">\n<p class=\"font_8 wixui-rich-text__text\" style=\"font-size:16px; line-height:1.6em;\"><span style=\"font-size:16px;\" class=\"wixui-rich-text__text\">Ribeir\u00e3o Preto e Regi\u00e3o\/SP<\/span><\/p>\n<\/div>\n<div class=\"comp-lp0grooh1 R6ex7N\" id=\"comp-lp0grooh1__11862461-f058-493b-833e-d5b6c5512292\" aria-disabled=\"false\"><a data-testid=\"linkElement\" href=\"https:\/\/www.corporaterh.com.br\/jobs\/diretor-executivo\" target=\"_self\" class=\"kuTaGy wixui-button zKbzSQ\" aria-disabled=\"false\" rel=\"noopener\"><span class=\"M3I7Z2 wixui-button__label\">View Job<\/span><\/a><\/div>\n<\/div>\n<\/div>\n<\/div>\n<\/div>\n<div role=\"listitem\" class=\"Zc7IjY\">\n<div id=\"comp-lp0groo2__a6f04739-20b5-4c1f-bbee-35d2224c674c\" class=\"comp-lp0groo2 YzqVVZ wixui-repeater__item\">\n<div id=\"bgLayers_comp-lp0groo2\" data-hook=\"bgLayers\" class=\"MW5IWV\">\n<div data-testid=\"colorUnderlay\" class=\"LWbAav Kv1aVt\"><\/div>\n<div id=\"bgMedia_comp-lp0groo2\" class=\"VgO9Yg\"><\/div>\n<\/div>\n<div data-mesh-id=\"comp-lp0groo2__a6f04739-20b5-4c1f-bbee-35d2224c674cinlineContent\" data-testid=\"inline-content\" class=\"\">\n<div data-mesh-id=\"comp-lp0groo2__a6f04739-20b5-4c1f-bbee-35d2224c674cinlineContent-gridContainer\" data-testid=\"mesh-container-content\">\n<div id=\"comp-lp0groo92__a6f04739-20b5-4c1f-bbee-35d2224c674c\" class=\"BaOVQ8 tz5f0K comp-lp0groo92 wixui-rich-text\" data-testid=\"richTextElement\">\n<h2 class=\"font_2 wixui-rich-text__text\" style=\"font-size:26px; line-height:1.6em;\"><span style=\"font-size:26px;\" class=\"wixui-rich-text__text\">Diretor Comercial <\/span><\/h2>\n<\/div>\n<div id=\"comp-lp0grood2__a6f04739-20b5-4c1f-bbee-35d2224c674c\" class=\"BaOVQ8 tz5f0K comp-lp0grood2 wixui-rich-text\" data-testid=\"richTextElement\">\n<p class=\"font_8 wixui-rich-text__text\" style=\"font-size:16px; line-height:1.6em;\"><span style=\"font-size:16px;\" class=\"wixui-rich-text__text\">S\u00e3o Paulo\/SP<\/span><\/p>\n<\/div>\n<div class=\"comp-lp0grooh1 R6ex7N\" id=\"comp-lp0grooh1__a6f04739-20b5-4c1f-bbee-35d2224c674c\" aria-disabled=\"false\"><a data-testid=\"linkElement\" href=\"https:\/\/www.corporaterh.com.br\/jobs\/diretor-comercial-\" target=\"_self\" class=\"kuTaGy wixui-button zKbzSQ\" aria-disabled=\"false\" rel=\"noopener\"><span class=\"M3I7Z2 wixui-button__label\">View Job<\/span><\/a><\/div>\n<\/div>\n<\/div>\n<\/div>\n<\/div>\n<div role=\"listitem\" class=\"Zc7IjY\">\n<div id=\"comp-lp0groo2__7a80c843-afc9-4572-ba41-edbeee1fddac\" class=\"comp-lp0groo2 YzqVVZ wixui-repeater__item\">\n<div id=\"bgLayers_comp-lp0groo2\" data-hook=\"bgLayers\" class=\"MW5IWV\">\n<div data-testid=\"colorUnderlay\" class=\"LWbAav Kv1aVt\"><\/div>\n<div id=\"bgMedia_comp-lp0groo2\" class=\"VgO9Yg\"><\/div>\n<\/div>\n<div data-mesh-id=\"comp-lp0groo2__7a80c843-afc9-4572-ba41-edbeee1fddacinlineContent\" data-testid=\"inline-content\" class=\"\">\n<div data-mesh-id=\"comp-lp0groo2__7a80c843-afc9-4572-ba41-edbeee1fddacinlineContent-gridContainer\" data-testid=\"mesh-container-content\">\n<div id=\"comp-lp0groo92__7a80c843-afc9-4572-ba41-edbeee1fddac\" class=\"BaOVQ8 tz5f0K comp-lp0groo92 wixui-rich-text\" data-testid=\"richTextElement\">\n<h2 class=\"font_2 wixui-rich-text__text\" style=\"font-size:26px; line-height:1.6em;\"><span style=\"font-size:26px;\" class=\"wixui-rich-text__text\">Analista Cont\u00e1bil<\/span><\/h2>\n<\/div>\n<div id=\"comp-lp0grood2__7a80c843-afc9-4572-ba41-edbeee1fddac\" class=\"BaOVQ8 tz5f0K comp-lp0grood2 wixui-rich-text\" data-testid=\"richTextElement\">\n<p class=\"font_8 wixui-rich-text__text\" style=\"font-size:16px; line-height:1.6em;\"><span style=\"font-size:16px;\" class=\"wixui-rich-text__text\">Ribeir\u00e3o Preto<\/span><\/p>\n<\/div>\n<div class=\"comp-lp0grooh1 R6ex7N\" id=\"comp-lp0grooh1__7a80c843-afc9-4572-ba41-edbeee1fddac\" aria-disabled=\"false\"><a data-testid=\"linkElement\" href=\"https:\/\/www.corporaterh.com.br\/jobs\/analista-cont%C3%A1bil\" target=\"_self\" class=\"kuTaGy wixui-button zKbzSQ\" aria-disabled=\"false\" rel=\"noopener\"><span class=\"M3I7Z2 wixui-button__label\">View Job<\/span><\/a><\/div>\n<\/div>\n<\/div>\n<\/div>\n<\/div>\n<div role=\"listitem\" class=\"Zc7IjY\">\n<div id=\"comp-lp0groo2__5f046c34-738b-4056-a91e-d508a0cff37e\" class=\"comp-lp0groo2 YzqVVZ wixui-repeater__item\">\n<div id=\"bgLayers_comp-lp0groo2\" data-hook=\"bgLayers\" class=\"MW5IWV\">\n<div data-testid=\"colorUnderlay\" class=\"LWbAav Kv1aVt\"><\/div>\n<div id=\"bgMedia_comp-lp0groo2\" class=\"VgO9Yg\"><\/div>\n<\/div>\n<div data-mesh-id=\"comp-lp0groo2__5f046c34-738b-4056-a91e-d508a0cff37einlineContent\" data-testid=\"inline-content\" class=\"\">\n<div data-mesh-id=\"comp-lp0groo2__5f046c34-738b-4056-a91e-d508a0cff37einlineContent-gridContainer\" data-testid=\"mesh-container-content\">\n<div id=\"comp-lp0groo92__5f046c34-738b-4056-a91e-d508a0cff37e\" class=\"BaOVQ8 tz5f0K comp-lp0groo92 wixui-rich-text\" data-testid=\"richTextElement\">\n<h2 class=\"font_2 wixui-rich-text__text\" style=\"font-size:26px; line-height:1.6em;\"><span style=\"font-size:26px;\" class=\"wixui-rich-text__text\">Analista de RH S\u00eanior<\/span><\/h2>\n<\/div>\n<div id=\"comp-lp0grood2__5f046c34-738b-4056-a91e-d508a0cff37e\" class=\"BaOVQ8 tz5f0K comp-lp0grood2 wixui-rich-text\" data-testid=\"richTextElement\">\n<p class=\"font_8 wixui-rich-text__text\" style=\"font-size:16px; line-height:1.6em;\"><span style=\"font-size:16px;\" class=\"wixui-rich-text__text\">Regi\u00e3o de Ribeir\u00e3o Preto SP<\/span><\/p>\n<\/div>\n<div class=\"comp-lp0grooh1 R6ex7N\" id=\"comp-lp0grooh1__5f046c34-738b-4056-a91e-d508a0cff37e\" aria-disabled=\"false\"><a data-testid=\"linkElement\" href=\"https:\/\/www.corporaterh.com.br\/jobs\/analista-de-rh-s%C3%AAnior\" target=\"_self\" class=\"kuTaGy wixui-button zKbzSQ\" aria-disabled=\"false\" rel=\"noopener\"><span class=\"M3I7Z2 wixui-button__label\">View Job<\/span><\/a><\/div>\n<\/div>\n<\/div>\n<\/div>\n<\/div>\n<div role=\"listitem\" class=\"Zc7IjY\">\n<div id=\"comp-lp0groo2__1a219e82-e232-4347-b592-c47a5bb23332\" class=\"comp-lp0groo2 YzqVVZ wixui-repeater__item\">\n<div id=\"bgLayers_comp-lp0groo2\" data-hook=\"bgLayers\" class=\"MW5IWV\">\n<div data-testid=\"colorUnderlay\" class=\"LWbAav Kv1aVt\"><\/div>\n<div id=\"bgMedia_comp-lp0groo2\" class=\"VgO9Yg\"><\/div>\n<\/div>\n<div data-mesh-id=\"comp-lp0groo2__1a219e82-e232-4347-b592-c47a5bb23332inlineContent\" data-testid=\"inline-content\" class=\"\">\n<div data-mesh-id=\"comp-lp0groo2__1a219e82-e232-4347-b592-c47a5bb23332inlineContent-gridContainer\" data-testid=\"mesh-container-content\">\n<div id=\"comp-lp0groo92__1a219e82-e232-4347-b592-c47a5bb23332\" class=\"BaOVQ8 tz5f0K comp-lp0groo92 wixui-rich-text\" data-testid=\"richTextElement\">\n<h2 class=\"font_2 wixui-rich-text__text\" style=\"font-size:26px; line-height:1.6em;\"><span style=\"font-size:26px;\" class=\"wixui-rich-text__text\">Gerente de P\u00f3s Vendas<\/span><\/h2>\n<\/div>\n<div id=\"comp-lp0grood2__1a219e82-e232-4347-b592-c47a5bb23332\" class=\"BaOVQ8 tz5f0K comp-lp0grood2 wixui-rich-text\" data-testid=\"richTextElement\">\n<p class=\"font_8 wixui-rich-text__text\" style=\"font-size:16px; line-height:1.6em;\"><span style=\"font-size:16px;\" class=\"wixui-rich-text__text\">Regi\u00e3o de Ribeir\u00e3o Preto SP<\/span><\/p>\n<\/div>\n<div class=\"comp-lp0grooh1 R6ex7N\" id=\"comp-lp0grooh1__1a219e82-e232-4347-b592-c47a5bb23332\" aria-disabled=\"false\"><a data-testid=\"linkElement\" href=\"https:\/\/www.corporaterh.com.br\/jobs\/gerente-de-p%C3%B3s-vendas\" target=\"_self\" class=\"kuTaGy wixui-button zKbzSQ\" aria-disabled=\"false\" rel=\"noopener\"><span class=\"M3I7Z2 wixui-button__label\">View Job<\/span><\/a><\/div>\n<\/div>\n<\/div>\n<\/div>\n<\/div>\n<div role=\"listitem\" class=\"Zc7IjY\">\n<div id=\"comp-lp0groo2__8c8ebe45-456f-4835-9035-94453c85280e\" class=\"comp-lp0groo2 YzqVVZ wixui-repeater__item\">\n<div id=\"bgLayers_comp-lp0groo2\" data-hook=\"bgLayers\" class=\"MW5IWV\">\n<div data-testid=\"colorUnderlay\" class=\"LWbAav Kv1aVt\"><\/div>\n<div id=\"bgMedia_comp-lp0groo2\" class=\"VgO9Yg\"><\/div>\n<\/div>\n<div data-mesh-id=\"comp-lp0groo2__8c8ebe45-456f-4835-9035-94453c85280einlineContent\" data-testid=\"inline-content\" class=\"\">\n<div data-mesh-id=\"comp-lp0groo2__8c8ebe45-456f-4835-9035-94453c85280einlineContent-gridContainer\" data-testid=\"mesh-container-content\">\n<div id=\"comp-lp0groo92__8c8ebe45-456f-4835-9035-94453c85280e\" class=\"BaOVQ8 tz5f0K comp-lp0groo92 wixui-rich-text\" data-testid=\"richTextElement\">\n<h2 class=\"font_2 wixui-rich-text__text\" style=\"font-size:26px; line-height:1.6em;\"><span style=\"font-size:26px;\" class=\"wixui-rich-text__text\">T\u00e9cnico de manuten\u00e7\u00e3o em compressores de ar parafuso <\/span><\/h2>\n<\/div>\n<div id=\"comp-lp0grood2__8c8ebe45-456f-4835-9035-94453c85280e\" class=\"BaOVQ8 tz5f0K comp-lp0grood2 wixui-rich-text\" data-testid=\"richTextElement\">\n<p class=\"font_8 wixui-rich-text__text\" style=\"font-size:16px; line-height:1.6em;\"><span style=\"font-size:16px;\" class=\"wixui-rich-text__text\">Americana &#8211; SP <\/span><\/p>\n<\/div>\n<div class=\"comp-lp0grooh1 R6ex7N\" id=\"comp-lp0grooh1__8c8ebe45-456f-4835-9035-94453c85280e\" aria-disabled=\"false\"><a data-testid=\"linkElement\" href=\"https:\/\/www.corporaterh.com.br\/jobs\/t%C3%A9cnico-de-manuten%C3%A7%C3%A3o-em-compressores-de-ar-parafuso-\" target=\"_self\" class=\"kuTaGy wixui-button zKbzSQ\" aria-disabled=\"false\" rel=\"noopener\"><span class=\"M3I7Z2 wixui-button__label\">View Job<\/span><\/a><\/div>\n<\/div>\n<\/div>\n<\/div>\n<\/div>\n<div role=\"listitem\" class=\"Zc7IjY\">\n<div id=\"comp-lp0groo2__34f20e6d-9f2e-4c77-bfd5-198f61202854\" class=\"comp-lp0groo2 YzqVVZ wixui-repeater__item\">\n<div id=\"bgLayers_comp-lp0groo2\" data-hook=\"bgLayers\" class=\"MW5IWV\">\n<div data-testid=\"colorUnderlay\" class=\"LWbAav Kv1aVt\"><\/div>\n<div id=\"bgMedia_comp-lp0groo2\" class=\"VgO9Yg\"><\/div>\n<\/div>\n<div data-mesh-id=\"comp-lp0groo2__34f20e6d-9f2e-4c77-bfd5-198f61202854inlineContent\" data-testid=\"inline-content\" class=\"\">\n<div data-mesh-id=\"comp-lp0groo2__34f20e6d-9f2e-4c77-bfd5-198f61202854inlineContent-gridContainer\" data-testid=\"mesh-container-content\">\n<div id=\"comp-lp0groo92__34f20e6d-9f2e-4c77-bfd5-198f61202854\" class=\"BaOVQ8 tz5f0K comp-lp0groo92 wixui-rich-text\" data-testid=\"richTextElement\">\n<h2 class=\"font_2 wixui-rich-text__text\" style=\"font-size:26px; line-height:1.6em;\"><span style=\"font-size:26px;\" class=\"wixui-rich-text__text\">Engenheiro Agr\u00f4nomo de vendas (fertilizantes)<\/span><\/h2>\n<\/div>\n<div id=\"comp-lp0grood2__34f20e6d-9f2e-4c77-bfd5-198f61202854\" class=\"BaOVQ8 tz5f0K comp-lp0grood2 wixui-rich-text\" data-testid=\"richTextElement\">\n<p class=\"font_8 wixui-rich-text__text\" style=\"font-size:16px; line-height:1.6em;\"><span style=\"font-size:16px;\" class=\"wixui-rich-text__text\">Ara\u00e7atuba &#8211; SP <\/span><\/p>\n<\/div>\n<div class=\"comp-lp0grooh1 R6ex7N\" id=\"comp-lp0grooh1__34f20e6d-9f2e-4c77-bfd5-198f61202854\" aria-disabled=\"false\"><a data-testid=\"linkElement\" href=\"https:\/\/www.corporaterh.com.br\/jobs\/engenheiro-agr%C3%B4nomo-de-vendas-(fertilizantes)\" target=\"_self\" class=\"kuTaGy wixui-button zKbzSQ\" aria-disabled=\"false\" rel=\"noopener\"><span class=\"M3I7Z2 wixui-button__label\">View Job<\/span><\/a><\/div>\n<\/div>\n<\/div>\n<\/div>\n<\/div>\n<div role=\"listitem\" class=\"Zc7IjY\">\n<div id=\"comp-lp0groo2__33a836c3-845c-40c2-978f-99fdd35e485f\" class=\"comp-lp0groo2 YzqVVZ wixui-repeater__item\">\n<div id=\"bgLayers_comp-lp0groo2\" data-hook=\"bgLayers\" class=\"MW5IWV\">\n<div data-testid=\"colorUnderlay\" class=\"LWbAav Kv1aVt\"><\/div>\n<div id=\"bgMedia_comp-lp0groo2\" class=\"VgO9Yg\"><\/div>\n<\/div>\n<div data-mesh-id=\"comp-lp0groo2__33a836c3-845c-40c2-978f-99fdd35e485finlineContent\" data-testid=\"inline-content\" class=\"\">\n<div data-mesh-id=\"comp-lp0groo2__33a836c3-845c-40c2-978f-99fdd35e485finlineContent-gridContainer\" data-testid=\"mesh-container-content\">\n<div id=\"comp-lp0groo92__33a836c3-845c-40c2-978f-99fdd35e485f\" class=\"BaOVQ8 tz5f0K comp-lp0groo92 wixui-rich-text\" data-testid=\"richTextElement\">\n<h2 class=\"font_2 wixui-rich-text__text\" style=\"font-size:26px; line-height:1.6em;\"><span style=\"font-size:26px;\" class=\"wixui-rich-text__text\">Engenheiro Agr\u00f4nomo de vendas (fertilizantes) <\/span><\/h2>\n<\/div>\n<div id=\"comp-lp0grood2__33a836c3-845c-40c2-978f-99fdd35e485f\" class=\"BaOVQ8 tz5f0K comp-lp0grood2 wixui-rich-text\" data-testid=\"richTextElement\">\n<p class=\"font_8 wixui-rich-text__text\" style=\"font-size:16px; line-height:1.6em;\"><span style=\"font-size:16px;\" class=\"wixui-rich-text__text\">Mar\u00edlia &#8211; SP <\/span><\/p>\n<\/div>\n<div class=\"comp-lp0grooh1 R6ex7N\" id=\"comp-lp0grooh1__33a836c3-845c-40c2-978f-99fdd35e485f\" aria-disabled=\"false\"><a data-testid=\"linkElement\" href=\"https:\/\/www.corporaterh.com.br\/jobs\/engenheiro-agr%C3%B4nomo-de-vendas-(fertilizantes)-\" target=\"_self\" class=\"kuTaGy wixui-button zKbzSQ\" aria-disabled=\"false\" rel=\"noopener\"><span class=\"M3I7Z2 wixui-button__label\">View Job<\/span><\/a><\/div>\n<\/div>\n<\/div>\n<\/div>\n<\/div>\n<div role=\"listitem\" class=\"Zc7IjY\">\n<div id=\"comp-lp0groo2__21668e5b-4930-47cc-9a99-1a1ac31989a9\" class=\"comp-lp0groo2 YzqVVZ wixui-repeater__item\">\n<div id=\"bgLayers_comp-lp0groo2\" data-hook=\"bgLayers\" class=\"MW5IWV\">\n<div data-testid=\"colorUnderlay\" class=\"LWbAav Kv1aVt\"><\/div>\n<div id=\"bgMedia_comp-lp0groo2\" class=\"VgO9Yg\"><\/div>\n<\/div>\n<div data-mesh-id=\"comp-lp0groo2__21668e5b-4930-47cc-9a99-1a1ac31989a9inlineContent\" data-testid=\"inline-content\" class=\"\">\n<div data-mesh-id=\"comp-lp0groo2__21668e5b-4930-47cc-9a99-1a1ac31989a9inlineContent-gridContainer\" data-testid=\"mesh-container-content\">\n<div id=\"comp-lp0groo92__21668e5b-4930-47cc-9a99-1a1ac31989a9\" class=\"BaOVQ8 tz5f0K comp-lp0groo92 wixui-rich-text\" data-testid=\"richTextElement\">\n<h2 class=\"font_2 wixui-rich-text__text\" style=\"font-size:26px; line-height:1.6em;\"><span style=\"font-size:26px;\" class=\"wixui-rich-text__text\">Engenheiro Agr\u00f4nomo de vendas (fertilizantes)<\/span><\/h2>\n<\/div>\n<div id=\"comp-lp0grood2__21668e5b-4930-47cc-9a99-1a1ac31989a9\" class=\"BaOVQ8 tz5f0K comp-lp0grood2 wixui-rich-text\" data-testid=\"richTextElement\">\n<p class=\"font_8 wixui-rich-text__text\" style=\"font-size:16px; line-height:1.6em;\"><span style=\"font-size:16px;\" class=\"wixui-rich-text__text\">Campinas &#8211; SP<\/span><\/p>\n<\/div>\n<div class=\"comp-lp0grooh1 R6ex7N\" id=\"comp-lp0grooh1__21668e5b-4930-47cc-9a99-1a1ac31989a9\" aria-disabled=\"false\"><a data-testid=\"linkElement\" href=\"https:\/\/www.corporaterh.com.br\/jobs\/engenheiro-agr%C3%B4nomo-de-vendas-(fertilizantes)\" target=\"_self\" class=\"kuTaGy wixui-button zKbzSQ\" aria-disabled=\"false\" rel=\"noopener\"><span class=\"M3I7Z2 wixui-button__label\">View Job<\/span><\/a><\/div>\n<\/div>\n<\/div>\n<\/div>\n<\/div>\n<div role=\"listitem\" class=\"Zc7IjY\">\n<div id=\"comp-lp0groo2__3518793e-c86e-453c-8e5f-1b92b308ca7a\" class=\"comp-lp0groo2 YzqVVZ wixui-repeater__item\">\n<div id=\"bgLayers_comp-lp0groo2\" data-hook=\"bgLayers\" class=\"MW5IWV\">\n<div data-testid=\"colorUnderlay\" class=\"LWbAav Kv1aVt\"><\/div>\n<div id=\"bgMedia_comp-lp0groo2\" class=\"VgO9Yg\"><\/div>\n<\/div>\n<div data-mesh-id=\"comp-lp0groo2__3518793e-c86e-453c-8e5f-1b92b308ca7ainlineContent\" data-testid=\"inline-content\" class=\"\">\n<div data-mesh-id=\"comp-lp0groo2__3518793e-c86e-453c-8e5f-1b92b308ca7ainlineContent-gridContainer\" data-testid=\"mesh-container-content\">\n<div id=\"comp-lp0groo92__3518793e-c86e-453c-8e5f-1b92b308ca7a\" class=\"BaOVQ8 tz5f0K comp-lp0groo92 wixui-rich-text\" data-testid=\"richTextElement\">\n<h2 class=\"font_2 wixui-rich-text__text\" style=\"font-size:26px; line-height:1.6em;\"><span style=\"font-size:26px;\" class=\"wixui-rich-text__text\">Engenheiro Agr\u00f4nomo de vendas (fertilizantes)<\/span><\/h2>\n<\/div>\n<div id=\"comp-lp0grood2__3518793e-c86e-453c-8e5f-1b92b308ca7a\" class=\"BaOVQ8 tz5f0K comp-lp0grood2 wixui-rich-text\" data-testid=\"richTextElement\">\n<p class=\"font_8 wixui-rich-text__text\" style=\"font-size:16px; line-height:1.6em;\"><span style=\"font-size:16px;\" class=\"wixui-rich-text__text\">Ribeir\u00e3o Preto &#8211; SP<\/span><\/p>\n<\/div>\n<div class=\"comp-lp0grooh1 R6ex7N\" id=\"comp-lp0grooh1__3518793e-c86e-453c-8e5f-1b92b308ca7a\" aria-disabled=\"false\"><a data-testid=\"linkElement\" href=\"https:\/\/www.corporaterh.com.br\/jobs\/engenheiro-agr%C3%B4nomo-de-vendas-(fertilizantes)\" target=\"_self\" class=\"kuTaGy wixui-button zKbzSQ\" aria-disabled=\"false\" rel=\"noopener\"><span class=\"M3I7Z2 wixui-button__label\">View Job<\/span><\/a><\/div>\n<\/div>\n<\/div>\n<\/div>\n<\/div>\n<div role=\"listitem\" class=\"Zc7IjY\">\n<div id=\"comp-lp0groo2__ba84b083-b49e-4fc1-b259-6eb17b894997\" class=\"comp-lp0groo2 YzqVVZ wixui-repeater__item\">\n<div id=\"bgLayers_comp-lp0groo2\" data-hook=\"bgLayers\" class=\"MW5IWV\">\n<div data-testid=\"colorUnderlay\" class=\"LWbAav Kv1aVt\"><\/div>\n<div id=\"bgMedia_comp-lp0groo2\" class=\"VgO9Yg\"><\/div>\n<\/div>\n<div data-mesh-id=\"comp-lp0groo2__ba84b083-b49e-4fc1-b259-6eb17b894997inlineContent\" data-testid=\"inline-content\" class=\"\">\n<div data-mesh-id=\"comp-lp0groo2__ba84b083-b49e-4fc1-b259-6eb17b894997inlineContent-gridContainer\" data-testid=\"mesh-container-content\">\n<div id=\"comp-lp0groo92__ba84b083-b49e-4fc1-b259-6eb17b894997\" class=\"BaOVQ8 tz5f0K comp-lp0groo92 wixui-rich-text\" data-testid=\"richTextElement\">\n<h2 class=\"font_2 wixui-rich-text__text\" style=\"font-size:26px; line-height:1.6em;\"><span style=\"font-size:26px;\" class=\"wixui-rich-text__text\">Gerente de Marketing <\/span><\/h2>\n<\/div>\n<div id=\"comp-lp0grood2__ba84b083-b49e-4fc1-b259-6eb17b894997\" class=\"BaOVQ8 tz5f0K comp-lp0grood2 wixui-rich-text\" data-testid=\"richTextElement\">\n<p class=\"font_8 wixui-rich-text__text\" style=\"font-size:16px; line-height:1.6em;\"><span style=\"font-size:16px;\" class=\"wixui-rich-text__text\">Ribeir\u00e3o Preto\/SP<\/span><\/p>\n<\/div>\n<div class=\"comp-lp0grooh1 R6ex7N\" id=\"comp-lp0grooh1__ba84b083-b49e-4fc1-b259-6eb17b894997\" aria-disabled=\"false\"><a data-testid=\"linkElement\" href=\"https:\/\/www.corporaterh.com.br\/jobs\/gerente-de-marketing-\" target=\"_self\" class=\"kuTaGy wixui-button zKbzSQ\" aria-disabled=\"false\" rel=\"noopener\"><span class=\"M3I7Z2 wixui-button__label\">View Job<\/span><\/a><\/div>\n<\/div>\n<\/div>\n<\/div>\n<\/div>\n<div role=\"listitem\" class=\"Zc7IjY\">\n<div id=\"comp-lp0groo2__f5cca219-b08b-4996-bc17-886a36d73bc1\" class=\"comp-lp0groo2 YzqVVZ wixui-repeater__item\">\n<div id=\"bgLayers_comp-lp0groo2\" data-hook=\"bgLayers\" class=\"MW5IWV\">\n<div data-testid=\"colorUnderlay\" class=\"LWbAav Kv1aVt\"><\/div>\n<div id=\"bgMedia_comp-lp0groo2\" class=\"VgO9Yg\"><\/div>\n<\/div>\n<div data-mesh-id=\"comp-lp0groo2__f5cca219-b08b-4996-bc17-886a36d73bc1inlineContent\" data-testid=\"inline-content\" class=\"\">\n<div data-mesh-id=\"comp-lp0groo2__f5cca219-b08b-4996-bc17-886a36d73bc1inlineContent-gridContainer\" data-testid=\"mesh-container-content\">\n<div id=\"comp-lp0groo92__f5cca219-b08b-4996-bc17-886a36d73bc1\" class=\"BaOVQ8 tz5f0K comp-lp0groo92 wixui-rich-text\" data-testid=\"richTextElement\">\n<h2 class=\"font_2 wixui-rich-text__text\" style=\"font-size:26px; line-height:1.6em;\"><span style=\"font-size:26px;\" class=\"wixui-rich-text__text\">Gerente Industrial <\/span><\/h2>\n<\/div>\n<div id=\"comp-lp0grood2__f5cca219-b08b-4996-bc17-886a36d73bc1\" class=\"BaOVQ8 tz5f0K comp-lp0grood2 wixui-rich-text\" data-testid=\"richTextElement\">\n<p class=\"font_8 wixui-rich-text__text\" style=\"font-size:16px; line-height:1.6em;\"><span style=\"font-size:16px;\" class=\"wixui-rich-text__text\">Ribeir\u00e3o Preto\/SP<\/span><\/p>\n<\/div>\n<div class=\"comp-lp0grooh1 R6ex7N\" id=\"comp-lp0grooh1__f5cca219-b08b-4996-bc17-886a36d73bc1\" aria-disabled=\"false\"><a data-testid=\"linkElement\" href=\"https:\/\/www.corporaterh.com.br\/jobs\/gerente-industrial-\" target=\"_self\" class=\"kuTaGy wixui-button zKbzSQ\" aria-disabled=\"false\" rel=\"noopener\"><span class=\"M3I7Z2 wixui-button__label\">View Job<\/span><\/a><\/div>\n<\/div>\n<\/div>\n<\/div>\n<\/div>\n<div role=\"listitem\" class=\"Zc7IjY\">\n<div id=\"comp-lp0groo2__89ca30e9-10ac-4a50-8a47-77f4edd2fe09\" class=\"comp-lp0groo2 YzqVVZ wixui-repeater__item\">\n<div id=\"bgLayers_comp-lp0groo2\" data-hook=\"bgLayers\" class=\"MW5IWV\">\n<div data-testid=\"colorUnderlay\" class=\"LWbAav Kv1aVt\"><\/div>\n<div id=\"bgMedia_comp-lp0groo2\" class=\"VgO9Yg\"><\/div>\n<\/div>\n<div data-mesh-id=\"comp-lp0groo2__89ca30e9-10ac-4a50-8a47-77f4edd2fe09inlineContent\" data-testid=\"inline-content\" class=\"\">\n<div data-mesh-id=\"comp-lp0groo2__89ca30e9-10ac-4a50-8a47-77f4edd2fe09inlineContent-gridContainer\" data-testid=\"mesh-container-content\">\n<div id=\"comp-lp0groo92__89ca30e9-10ac-4a50-8a47-77f4edd2fe09\" class=\"BaOVQ8 tz5f0K comp-lp0groo92 wixui-rich-text\" data-testid=\"richTextElement\">\n<h2 class=\"font_2 wixui-rich-text__text\" style=\"font-size:26px; line-height:1.6em;\"><span style=\"font-size:26px;\" class=\"wixui-rich-text__text\">Motorista Entregador \/ Montador <\/span><\/h2>\n<\/div>\n<div id=\"comp-lp0grood2__89ca30e9-10ac-4a50-8a47-77f4edd2fe09\" class=\"BaOVQ8 tz5f0K comp-lp0grood2 wixui-rich-text\" data-testid=\"richTextElement\">\n<p class=\"font_8 wixui-rich-text__text\" style=\"font-size:16px; line-height:1.6em;\"><span style=\"font-size:16px;\" class=\"wixui-rich-text__text\">Ribeir\u00e3o Preto\/SP<\/span><\/p>\n<\/div>\n<div class=\"comp-lp0grooh1 R6ex7N\" id=\"comp-lp0grooh1__89ca30e9-10ac-4a50-8a47-77f4edd2fe09\" aria-disabled=\"false\"><a data-testid=\"linkElement\" href=\"https:\/\/www.corporaterh.com.br\/jobs\/motorista-entregador-%2F-montador-\" target=\"_self\" class=\"kuTaGy wixui-button zKbzSQ\" aria-disabled=\"false\" rel=\"noopener\"><span class=\"M3I7Z2 wixui-button__label\">View Job<\/span><\/a><\/div>\n<\/div>\n<\/div>\n<\/div>\n<\/div>\n<div role=\"listitem\" class=\"Zc7IjY\">\n<div id=\"comp-lp0groo2__16c7213a-dc59-4f13-ae8b-f7cd6fe01ac9\" class=\"comp-lp0groo2 YzqVVZ wixui-repeater__item\">\n<div id=\"bgLayers_comp-lp0groo2\" data-hook=\"bgLayers\" class=\"MW5IWV\">\n<div data-testid=\"colorUnderlay\" class=\"LWbAav Kv1aVt\"><\/div>\n<div id=\"bgMedia_comp-lp0groo2\" class=\"VgO9Yg\"><\/div>\n<\/div>\n<div data-mesh-id=\"comp-lp0groo2__16c7213a-dc59-4f13-ae8b-f7cd6fe01ac9inlineContent\" data-testid=\"inline-content\" class=\"\">\n<div data-mesh-id=\"comp-lp0groo2__16c7213a-dc59-4f13-ae8b-f7cd6fe01ac9inlineContent-gridContainer\" data-testid=\"mesh-container-content\">\n<div id=\"comp-lp0groo92__16c7213a-dc59-4f13-ae8b-f7cd6fe01ac9\" class=\"BaOVQ8 tz5f0K comp-lp0groo92 wixui-rich-text\" data-testid=\"richTextElement\">\n<h2 class=\"font_2 wixui-rich-text__text\" style=\"font-size:26px; line-height:1.6em;\"><span style=\"font-size:26px;\" class=\"wixui-rich-text__text\">Representante Comercial <\/span><\/h2>\n<\/div>\n<div id=\"comp-lp0grood2__16c7213a-dc59-4f13-ae8b-f7cd6fe01ac9\" class=\"BaOVQ8 tz5f0K comp-lp0grood2 wixui-rich-text\" data-testid=\"richTextElement\">\n<p class=\"font_8 wixui-rich-text__text\" style=\"font-size:16px; line-height:1.6em;\"><span style=\"font-size:16px;\" class=\"wixui-rich-text__text\">Ribeir\u00e3o Preto \/SP<\/span><\/p>\n<\/div>\n<div class=\"comp-lp0grooh1 R6ex7N\" id=\"comp-lp0grooh1__16c7213a-dc59-4f13-ae8b-f7cd6fe01ac9\" aria-disabled=\"false\"><a data-testid=\"linkElement\" href=\"https:\/\/www.corporaterh.com.br\/jobs\/representante-comercial-\" target=\"_self\" class=\"kuTaGy wixui-button zKbzSQ\" aria-disabled=\"false\" rel=\"noopener\"><span class=\"M3I7Z2 wixui-button__label\">View Job<\/span><\/a><\/div>\n<\/div>\n<\/div>\n<\/div>\n<\/div>\n<div role=\"listitem\" class=\"Zc7IjY\">\n<div id=\"comp-lp0groo2__d43ba60a-018a-4864-8a01-f1a3177a9391\" class=\"comp-lp0groo2 YzqVVZ wixui-repeater__item\">\n<div id=\"bgLayers_comp-lp0groo2\" data-hook=\"bgLayers\" class=\"MW5IWV\">\n<div data-testid=\"colorUnderlay\" class=\"LWbAav Kv1aVt\"><\/div>\n<div id=\"bgMedia_comp-lp0groo2\" class=\"VgO9Yg\"><\/div>\n<\/div>\n<div data-mesh-id=\"comp-lp0groo2__d43ba60a-018a-4864-8a01-f1a3177a9391inlineContent\" data-testid=\"inline-content\" class=\"\">\n<div data-mesh-id=\"comp-lp0groo2__d43ba60a-018a-4864-8a01-f1a3177a9391inlineContent-gridContainer\" data-testid=\"mesh-container-content\">\n<div id=\"comp-lp0groo92__d43ba60a-018a-4864-8a01-f1a3177a9391\" class=\"BaOVQ8 tz5f0K comp-lp0groo92 wixui-rich-text\" data-testid=\"richTextElement\">\n<h2 class=\"font_2 wixui-rich-text__text\" style=\"font-size:26px; line-height:1.6em;\"><span style=\"font-size:26px;\" class=\"wixui-rich-text__text\">Vendedor Externo <\/span><\/h2>\n<\/div>\n<div id=\"comp-lp0grood2__d43ba60a-018a-4864-8a01-f1a3177a9391\" class=\"BaOVQ8 tz5f0K comp-lp0grood2 wixui-rich-text\" data-testid=\"richTextElement\">\n<p class=\"font_8 wixui-rich-text__text\" style=\"font-size:16px; line-height:1.6em;\"><span style=\"font-size:16px;\" class=\"wixui-rich-text__text\">S\u00e3o Paulo &#8211; SP<\/span><\/p>\n<\/div>\n<div class=\"comp-lp0grooh1 R6ex7N\" id=\"comp-lp0grooh1__d43ba60a-018a-4864-8a01-f1a3177a9391\" aria-disabled=\"false\"><a data-testid=\"linkElement\" href=\"https:\/\/www.corporaterh.com.br\/jobs\/vendedor-externo-\" target=\"_self\" class=\"kuTaGy wixui-button zKbzSQ\" aria-disabled=\"false\" rel=\"noopener\"><span class=\"M3I7Z2 wixui-button__label\">View Job<\/span><\/a><\/div>\n<\/div>\n<\/div>\n<\/div>\n<\/div>\n<div role=\"listitem\" class=\"Zc7IjY\">\n<div id=\"comp-lp0groo2__60ca6c56-770c-4a1e-a4b9-9b252fbd0cbb\" class=\"comp-lp0groo2 YzqVVZ wixui-repeater__item\">\n<div id=\"bgLayers_comp-lp0groo2\" data-hook=\"bgLayers\" class=\"MW5IWV\">\n<div data-testid=\"colorUnderlay\" class=\"LWbAav Kv1aVt\"><\/div>\n<div id=\"bgMedia_comp-lp0groo2\" class=\"VgO9Yg\"><\/div>\n<\/div>\n<div data-mesh-id=\"comp-lp0groo2__60ca6c56-770c-4a1e-a4b9-9b252fbd0cbbinlineContent\" data-testid=\"inline-content\" class=\"\">\n<div data-mesh-id=\"comp-lp0groo2__60ca6c56-770c-4a1e-a4b9-9b252fbd0cbbinlineContent-gridContainer\" data-testid=\"mesh-container-content\">\n<div id=\"comp-lp0groo92__60ca6c56-770c-4a1e-a4b9-9b252fbd0cbb\" class=\"BaOVQ8 tz5f0K comp-lp0groo92 wixui-rich-text\" data-testid=\"richTextElement\">\n<h2 class=\"font_2 wixui-rich-text__text\" style=\"font-size:26px; line-height:1.6em;\"><span style=\"font-size:26px;\" class=\"wixui-rich-text__text\">Consultor de Vendas &#8211; M\u00f3veis Planejados<\/span><\/h2>\n<\/div>\n<div id=\"comp-lp0grood2__60ca6c56-770c-4a1e-a4b9-9b252fbd0cbb\" class=\"BaOVQ8 tz5f0K comp-lp0grood2 wixui-rich-text\" data-testid=\"richTextElement\">\n<p class=\"font_8 wixui-rich-text__text\" style=\"font-size:16px; line-height:1.6em;\"><span style=\"font-size:16px;\" class=\"wixui-rich-text__text\">Ribeir\u00e3o Preto <\/span><\/p>\n<\/div>\n<div class=\"comp-lp0grooh1 R6ex7N\" id=\"comp-lp0grooh1__60ca6c56-770c-4a1e-a4b9-9b252fbd0cbb\" aria-disabled=\"false\"><a data-testid=\"linkElement\" href=\"https:\/\/www.corporaterh.com.br\/jobs\/consultor-de-vendas---m%C3%B3veis-planejados\" target=\"_self\" class=\"kuTaGy wixui-button zKbzSQ\" aria-disabled=\"false\" rel=\"noopener\"><span class=\"M3I7Z2 wixui-button__label\">View Job<\/span><\/a><\/div>\n<\/div>\n<\/div>\n<\/div>\n<\/div>\n<div role=\"listitem\" class=\"Zc7IjY\">\n<div id=\"comp-lp0groo2__f331cf4c-3be5-42d1-9d3a-0db25370993d\" class=\"comp-lp0groo2 YzqVVZ wixui-repeater__item\">\n<div id=\"bgLayers_comp-lp0groo2\" data-hook=\"bgLayers\" class=\"MW5IWV\">\n<div data-testid=\"colorUnderlay\" class=\"LWbAav Kv1aVt\"><\/div>\n<div id=\"bgMedia_comp-lp0groo2\" class=\"VgO9Yg\"><\/div>\n<\/div>\n<div data-mesh-id=\"comp-lp0groo2__f331cf4c-3be5-42d1-9d3a-0db25370993dinlineContent\" data-testid=\"inline-content\" class=\"\">\n<div data-mesh-id=\"comp-lp0groo2__f331cf4c-3be5-42d1-9d3a-0db25370993dinlineContent-gridContainer\" data-testid=\"mesh-container-content\">\n<div id=\"comp-lp0groo92__f331cf4c-3be5-42d1-9d3a-0db25370993d\" class=\"BaOVQ8 tz5f0K comp-lp0groo92 wixui-rich-text\" data-testid=\"richTextElement\">\n<h2 class=\"font_2 wixui-rich-text__text\" style=\"font-size:26px; line-height:1.6em;\"><span style=\"font-size:26px;\" class=\"wixui-rich-text__text\">Gerente de RH<\/span><\/h2>\n<\/div>\n<div id=\"comp-lp0grood2__f331cf4c-3be5-42d1-9d3a-0db25370993d\" class=\"BaOVQ8 tz5f0K comp-lp0grood2 wixui-rich-text\" data-testid=\"richTextElement\">\n<p class=\"font_8 wixui-rich-text__text\" style=\"font-size:16px; line-height:1.6em;\"><span style=\"font-size:16px;\" class=\"wixui-rich-text__text\">Itaj\u00faba &#8211; Minas Gerais <\/span><\/p>\n<\/div>\n<div class=\"comp-lp0grooh1 R6ex7N\" id=\"comp-lp0grooh1__f331cf4c-3be5-42d1-9d3a-0db25370993d\" aria-disabled=\"false\"><a data-testid=\"linkElement\" href=\"https:\/\/www.corporaterh.com.br\/jobs\/gerente-de-rh\" target=\"_self\" class=\"kuTaGy wixui-button zKbzSQ\" aria-disabled=\"false\" rel=\"noopener\"><span class=\"M3I7Z2 wixui-button__label\">View Job<\/span><\/a><\/div>\n<\/div>\n<\/div>\n<\/div>\n<\/div>\n<div role=\"listitem\" class=\"Zc7IjY\">\n<div id=\"comp-lp0groo2__d79ff904-17ac-4df6-966f-ddd11cbcfac7\" class=\"comp-lp0groo2 YzqVVZ wixui-repeater__item\">\n<div id=\"bgLayers_comp-lp0groo2\" data-hook=\"bgLayers\" class=\"MW5IWV\">\n<div data-testid=\"colorUnderlay\" class=\"LWbAav Kv1aVt\"><\/div>\n<div id=\"bgMedia_comp-lp0groo2\" class=\"VgO9Yg\"><\/div>\n<\/div>\n<div data-mesh-id=\"comp-lp0groo2__d79ff904-17ac-4df6-966f-ddd11cbcfac7inlineContent\" data-testid=\"inline-content\" class=\"\">\n<div data-mesh-id=\"comp-lp0groo2__d79ff904-17ac-4df6-966f-ddd11cbcfac7inlineContent-gridContainer\" data-testid=\"mesh-container-content\">\n<div id=\"comp-lp0groo92__d79ff904-17ac-4df6-966f-ddd11cbcfac7\" class=\"BaOVQ8 tz5f0K comp-lp0groo92 wixui-rich-text\" data-testid=\"richTextElement\">\n<h2 class=\"font_2 wixui-rich-text__text\" style=\"font-size:26px; line-height:1.6em;\"><span style=\"font-size:26px;\" class=\"wixui-rich-text__text\">Gerente de Manuten\u00e7\u00e3o de Frota <\/span><\/h2>\n<\/div>\n<div id=\"comp-lp0grood2__d79ff904-17ac-4df6-966f-ddd11cbcfac7\" class=\"BaOVQ8 tz5f0K comp-lp0grood2 wixui-rich-text\" data-testid=\"richTextElement\">\n<p class=\"font_8 wixui-rich-text__text\" style=\"font-size:16px; line-height:1.6em;\"><span style=\"font-size:16px;\" class=\"wixui-rich-text__text\">Regi\u00e3o de Ribeir\u00e3o Preto\/SP<\/span><\/p>\n<\/div>\n<div class=\"comp-lp0grooh1 R6ex7N\" id=\"comp-lp0grooh1__d79ff904-17ac-4df6-966f-ddd11cbcfac7\" aria-disabled=\"false\"><a data-testid=\"linkElement\" href=\"https:\/\/www.corporaterh.com.br\/jobs\/gerente-de-manuten%C3%A7%C3%A3o-de-frota-\" target=\"_self\" class=\"kuTaGy wixui-button zKbzSQ\" aria-disabled=\"false\" rel=\"noopener\"><span class=\"M3I7Z2 wixui-button__label\">View Job<\/span><\/a><\/div>\n<\/div>\n<\/div>\n<\/div>\n<\/div>\n<div role=\"listitem\" class=\"Zc7IjY\">\n<div id=\"comp-lp0groo2__598c1a13-a000-4435-a89b-76ae0f37283e\" class=\"comp-lp0groo2 YzqVVZ wixui-repeater__item\">\n<div id=\"bgLayers_comp-lp0groo2\" data-hook=\"bgLayers\" class=\"MW5IWV\">\n<div data-testid=\"colorUnderlay\" class=\"LWbAav Kv1aVt\"><\/div>\n<div id=\"bgMedia_comp-lp0groo2\" class=\"VgO9Yg\"><\/div>\n<\/div>\n<div data-mesh-id=\"comp-lp0groo2__598c1a13-a000-4435-a89b-76ae0f37283einlineContent\" data-testid=\"inline-content\" class=\"\">\n<div data-mesh-id=\"comp-lp0groo2__598c1a13-a000-4435-a89b-76ae0f37283einlineContent-gridContainer\" data-testid=\"mesh-container-content\">\n<div id=\"comp-lp0groo92__598c1a13-a000-4435-a89b-76ae0f37283e\" class=\"BaOVQ8 tz5f0K comp-lp0groo92 wixui-rich-text\" data-testid=\"richTextElement\">\n<h2 class=\"font_2 wixui-rich-text__text\" style=\"font-size:26px; line-height:1.6em;\"><span style=\"font-size:26px;\" class=\"wixui-rich-text__text\">Diretor Industrial<\/span><\/h2>\n<\/div>\n<div id=\"comp-lp0grood2__598c1a13-a000-4435-a89b-76ae0f37283e\" class=\"BaOVQ8 tz5f0K comp-lp0grood2 wixui-rich-text\" data-testid=\"richTextElement\">\n<p class=\"font_8 wixui-rich-text__text\" style=\"font-size:16px; line-height:1.6em;\"><span style=\"font-size:16px;\" class=\"wixui-rich-text__text\">Regi\u00e3o de Ribeir\u00e3o Preto\/SP<\/span><\/p>\n<\/div>\n<div class=\"comp-lp0grooh1 R6ex7N\" id=\"comp-lp0grooh1__598c1a13-a000-4435-a89b-76ae0f37283e\" aria-disabled=\"false\"><a data-testid=\"linkElement\" href=\"https:\/\/www.corporaterh.com.br\/jobs\/diretor-industrial\" target=\"_self\" class=\"kuTaGy wixui-button zKbzSQ\" aria-disabled=\"false\" rel=\"noopener\"><span class=\"M3I7Z2 wixui-button__label\">View Job<\/span><\/a><\/div>\n<\/div>\n<\/div>\n<\/div>\n<\/div>\n<div role=\"listitem\" class=\"Zc7IjY\">\n<div id=\"comp-lp0groo2__0e5c77ca-2086-4a42-83bd-52a0467eb66e\" class=\"comp-lp0groo2 YzqVVZ wixui-repeater__item\">\n<div id=\"bgLayers_comp-lp0groo2\" data-hook=\"bgLayers\" class=\"MW5IWV\">\n<div data-testid=\"colorUnderlay\" class=\"LWbAav Kv1aVt\"><\/div>\n<div id=\"bgMedia_comp-lp0groo2\" class=\"VgO9Yg\"><\/div>\n<\/div>\n<div data-mesh-id=\"comp-lp0groo2__0e5c77ca-2086-4a42-83bd-52a0467eb66einlineContent\" data-testid=\"inline-content\" class=\"\">\n<div data-mesh-id=\"comp-lp0groo2__0e5c77ca-2086-4a42-83bd-52a0467eb66einlineContent-gridContainer\" data-testid=\"mesh-container-content\">\n<div id=\"comp-lp0groo92__0e5c77ca-2086-4a42-83bd-52a0467eb66e\" class=\"BaOVQ8 tz5f0K comp-lp0groo92 wixui-rich-text\" data-testid=\"richTextElement\">\n<h2 class=\"font_2 wixui-rich-text__text\" style=\"font-size:26px; line-height:1.6em;\"><span style=\"font-size:26px;\" class=\"wixui-rich-text__text\">Executivo de Contas<\/span><\/h2>\n<\/div>\n<div id=\"comp-lp0grood2__0e5c77ca-2086-4a42-83bd-52a0467eb66e\" class=\"BaOVQ8 tz5f0K comp-lp0grood2 wixui-rich-text\" data-testid=\"richTextElement\">\n<p class=\"font_8 wixui-rich-text__text\" style=\"font-size:16px; line-height:1.6em;\"><span style=\"font-size:16px;\" class=\"wixui-rich-text__text\">Ribeir\u00e3o Preto (SP)<\/span><\/p>\n<\/div>\n<div class=\"comp-lp0grooh1 R6ex7N\" id=\"comp-lp0grooh1__0e5c77ca-2086-4a42-83bd-52a0467eb66e\" aria-disabled=\"false\"><a data-testid=\"linkElement\" href=\"https:\/\/www.corporaterh.com.br\/jobs\/executivo-de-contas\" target=\"_self\" class=\"kuTaGy wixui-button zKbzSQ\" aria-disabled=\"false\" rel=\"noopener\"><span class=\"M3I7Z2 wixui-button__label\">View Job<\/span><\/a><\/div>\n<\/div>\n<\/div>\n<\/div>\n<\/div>\n<div role=\"listitem\" class=\"Zc7IjY\">\n<div id=\"comp-lp0groo2__b2508242-eca4-4b4c-86ee-c12a9d77a4a5\" class=\"comp-lp0groo2 YzqVVZ wixui-repeater__item\">\n<div id=\"bgLayers_comp-lp0groo2\" data-hook=\"bgLayers\" class=\"MW5IWV\">\n<div data-testid=\"colorUnderlay\" class=\"LWbAav Kv1aVt\"><\/div>\n<div id=\"bgMedia_comp-lp0groo2\" class=\"VgO9Yg\"><\/div>\n<\/div>\n<div data-mesh-id=\"comp-lp0groo2__b2508242-eca4-4b4c-86ee-c12a9d77a4a5inlineContent\" data-testid=\"inline-content\" class=\"\">\n<div data-mesh-id=\"comp-lp0groo2__b2508242-eca4-4b4c-86ee-c12a9d77a4a5inlineContent-gridContainer\" data-testid=\"mesh-container-content\">\n<div id=\"comp-lp0groo92__b2508242-eca4-4b4c-86ee-c12a9d77a4a5\" class=\"BaOVQ8 tz5f0K comp-lp0groo92 wixui-rich-text\" data-testid=\"richTextElement\">\n<h2 class=\"font_2 wixui-rich-text__text\" style=\"font-size:26px; line-height:1.6em;\"><span style=\"font-size:26px;\" class=\"wixui-rich-text__text\">T\u00e9cnico Eletr\u00f4nico (Bancada) <\/span><\/h2>\n<\/div>\n<div id=\"comp-lp0grood2__b2508242-eca4-4b4c-86ee-c12a9d77a4a5\" class=\"BaOVQ8 tz5f0K comp-lp0grood2 wixui-rich-text\" data-testid=\"richTextElement\">\n<p class=\"font_8 wixui-rich-text__text\" style=\"font-size:16px; line-height:1.6em;\"><span style=\"font-size:16px;\" class=\"wixui-rich-text__text\">Ribeir\u00e3o Preto (SP)<\/span><\/p>\n<\/div>\n<div class=\"comp-lp0grooh1 R6ex7N\" id=\"comp-lp0grooh1__b2508242-eca4-4b4c-86ee-c12a9d77a4a5\" aria-disabled=\"false\"><a data-testid=\"linkElement\" href=\"https:\/\/www.corporaterh.com.br\/jobs\/t%C3%A9cnico-eletr%C3%B4nico-(bancada)-\" target=\"_self\" class=\"kuTaGy wixui-button zKbzSQ\" aria-disabled=\"false\" rel=\"noopener\"><span class=\"M3I7Z2 wixui-button__label\">View Job<\/span><\/a><\/div>\n<\/div>\n<\/div>\n<\/div>\n<\/div>\n<div role=\"listitem\" class=\"Zc7IjY\">\n<div id=\"comp-lp0groo2__39892718-b6a9-4842-a1c5-48ef3b8ff23d\" class=\"comp-lp0groo2 YzqVVZ wixui-repeater__item\">\n<div id=\"bgLayers_comp-lp0groo2\" data-hook=\"bgLayers\" class=\"MW5IWV\">\n<div data-testid=\"colorUnderlay\" class=\"LWbAav Kv1aVt\"><\/div>\n<div id=\"bgMedia_comp-lp0groo2\" class=\"VgO9Yg\"><\/div>\n<\/div>\n<div data-mesh-id=\"comp-lp0groo2__39892718-b6a9-4842-a1c5-48ef3b8ff23dinlineContent\" data-testid=\"inline-content\" class=\"\">\n<div data-mesh-id=\"comp-lp0groo2__39892718-b6a9-4842-a1c5-48ef3b8ff23dinlineContent-gridContainer\" data-testid=\"mesh-container-content\">\n<div id=\"comp-lp0groo92__39892718-b6a9-4842-a1c5-48ef3b8ff23d\" class=\"BaOVQ8 tz5f0K comp-lp0groo92 wixui-rich-text\" data-testid=\"richTextElement\">\n<h2 class=\"font_2 wixui-rich-text__text\" style=\"font-size:26px; line-height:1.6em;\"><span style=\"font-size:26px;\" class=\"wixui-rich-text__text\">T\u00e9cnico Eletr\u00f4nico JR<\/span><\/h2>\n<\/div>\n<div id=\"comp-lp0grood2__39892718-b6a9-4842-a1c5-48ef3b8ff23d\" class=\"BaOVQ8 tz5f0K comp-lp0grood2 wixui-rich-text\" data-testid=\"richTextElement\">\n<p class=\"font_8 wixui-rich-text__text\" style=\"font-size:16px; line-height:1.6em;\"><span style=\"font-size:16px;\" class=\"wixui-rich-text__text\">S\u00e3o Paulo &#8211; SP<\/span><\/p>\n<\/div>\n<div class=\"comp-lp0grooh1 R6ex7N\" id=\"comp-lp0grooh1__39892718-b6a9-4842-a1c5-48ef3b8ff23d\" aria-disabled=\"false\"><a data-testid=\"linkElement\" href=\"https:\/\/www.corporaterh.com.br\/jobs\/t%C3%A9cnico-eletr%C3%B4nico-jr\" target=\"_self\" class=\"kuTaGy wixui-button zKbzSQ\" aria-disabled=\"false\" rel=\"noopener\"><span class=\"M3I7Z2 wixui-button__label\">View Job<\/span><\/a><\/div>\n<\/div>\n<\/div>\n<\/div>\n<\/div>\n<div role=\"listitem\" class=\"Zc7IjY\">\n<div id=\"comp-lp0groo2__4275f004-f2bd-4a1d-8564-7089c766deaf\" class=\"comp-lp0groo2 YzqVVZ wixui-repeater__item\">\n<div id=\"bgLayers_comp-lp0groo2\" data-hook=\"bgLayers\" class=\"MW5IWV\">\n<div data-testid=\"colorUnderlay\" class=\"LWbAav Kv1aVt\"><\/div>\n<div id=\"bgMedia_comp-lp0groo2\" class=\"VgO9Yg\"><\/div>\n<\/div>\n<div data-mesh-id=\"comp-lp0groo2__4275f004-f2bd-4a1d-8564-7089c766deafinlineContent\" data-testid=\"inline-content\" class=\"\">\n<div data-mesh-id=\"comp-lp0groo2__4275f004-f2bd-4a1d-8564-7089c766deafinlineContent-gridContainer\" data-testid=\"mesh-container-content\">\n<div id=\"comp-lp0groo92__4275f004-f2bd-4a1d-8564-7089c766deaf\" class=\"BaOVQ8 tz5f0K comp-lp0groo92 wixui-rich-text\" data-testid=\"richTextElement\">\n<h2 class=\"font_2 wixui-rich-text__text\" style=\"font-size:26px; line-height:1.6em;\"><span style=\"font-size:26px;\" class=\"wixui-rich-text__text\">T\u00e9cnico de Manuten\u00e7\u00e3o de Compressores de ar Parafuso<\/span><\/h2>\n<\/div>\n<div id=\"comp-lp0grood2__4275f004-f2bd-4a1d-8564-7089c766deaf\" class=\"BaOVQ8 tz5f0K comp-lp0grood2 wixui-rich-text\" data-testid=\"richTextElement\">\n<p class=\"font_8 wixui-rich-text__text\" style=\"font-size:16px; line-height:1.6em;\"><span style=\"font-size:16px;\" class=\"wixui-rich-text__text\">Ribeir\u00e3o Preto &#8211; SP<\/span><\/p>\n<\/div>\n<div class=\"comp-lp0grooh1 R6ex7N\" id=\"comp-lp0grooh1__4275f004-f2bd-4a1d-8564-7089c766deaf\" aria-disabled=\"false\"><a data-testid=\"linkElement\" href=\"https:\/\/www.corporaterh.com.br\/jobs\/t%C3%A9cnico-de-manuten%C3%A7%C3%A3o-de-compressores-de-ar-parafuso\" target=\"_self\" class=\"kuTaGy wixui-button zKbzSQ\" aria-disabled=\"false\" rel=\"noopener\"><span class=\"M3I7Z2 wixui-button__label\">View Job<\/span><\/a><\/div>\n<\/div>\n<\/div>\n<\/div>\n<\/div>\n<\/div>\n<p><span style=\"font-size:26px;\" class=\"wixui-rich-text__text\">Gerente de Qualidade Agr\u00edcola<\/span><\/p>\n<!-- CONTENT END 1 -->\n","protected":false},"excerpt":{"rendered":"<p>Gerente Geral de Fazenda (Foco em alimenta\u00e7\u00e3o de gado leiteiro e de corte) Goi\u00e2nia\/Goi\u00e1s View Job Gerente de Qualidade Agr\u00edcola Regi\u00e3o de Barretos\/SP View Job&#8230;<\/p>\n","protected":false},"author":1,"featured_media":0,"comment_status":"open","ping_status":"open","sticky":false,"template":"","format":"standard","meta":{"advanced_seo_description":"","jetpack_seo_html_title":"","jetpack_seo_noindex":false,"jetpack_post_was_ever_published":false,"_jetpack_newsletter_access":"","_jetpack_dont_email_post_to_subs":false,"_jetpack_newsletter_tier_id":0,"_jetpack_memberships_contains_paywalled_content":false,"_jetpack_memberships_contains_paid_content":false,"footnotes":"","jetpack_publicize_message":"","jetpack_publicize_feature_enabled":true,"jetpack_social_post_already_shared":true,"jetpack_social_options":{"image_generator_settings":{"template":"highway","default_image_id":0,"font":"","enabled":false},"version":2}},"categories":[7],"tags":[],"class_list":["post-41471","post","type-post","status-publish","format-standard","hentry","category-vagas-de-empregos-em-ribeirao-preto-regiao-brasil"],"jetpack_publicize_connections":[],"jetpack_featured_media_url":"","jetpack-related-posts":[{"id":13953,"url":"https:\/\/noticiasribeiraopreto.com.br\/index.php\/2023\/12\/11\/trabalho-vagas-de-empregos-em-ribeirao-preto-sp\/","url_meta":{"origin":41471,"position":0},"title":"Trabalho: Vagas de empregos em Ribeir\u00e3o Preto-SP","author":"noticiasribeiraopreto.com.br","date":"11 de December de 2023","format":false,"excerpt":"","rel":"","context":"In &quot;Vagas de Emprego em Ribeir\u00e3o Preto-SP&quot;","block_context":{"text":"Vagas de Emprego em Ribeir\u00e3o Preto-SP","link":"https:\/\/noticiasribeiraopreto.com.br\/index.php\/category\/empregos-classificados-vagas-trabalho\/vagas-de-empregos-em-ribeirao-preto-regiao-brasil\/"},"img":{"alt_text":"","src":"https:\/\/i0.wp.com\/noticiasribeiraopreto.com.br\/wp-content\/uploads\/2023\/12\/1702316801_vaga-oportunidades-emprego-ribeirao-31032023181927833.jpeg?fit=1200%2C675&ssl=1&resize=350%2C200","width":350,"height":200,"srcset":"https:\/\/i0.wp.com\/noticiasribeiraopreto.com.br\/wp-content\/uploads\/2023\/12\/1702316801_vaga-oportunidades-emprego-ribeirao-31032023181927833.jpeg?fit=1200%2C675&ssl=1&resize=350%2C200 1x, https:\/\/i0.wp.com\/noticiasribeiraopreto.com.br\/wp-content\/uploads\/2023\/12\/1702316801_vaga-oportunidades-emprego-ribeirao-31032023181927833.jpeg?fit=1200%2C675&ssl=1&resize=525%2C300 1.5x, https:\/\/i0.wp.com\/noticiasribeiraopreto.com.br\/wp-content\/uploads\/2023\/12\/1702316801_vaga-oportunidades-emprego-ribeirao-31032023181927833.jpeg?fit=1200%2C675&ssl=1&resize=700%2C400 2x, https:\/\/i0.wp.com\/noticiasribeiraopreto.com.br\/wp-content\/uploads\/2023\/12\/1702316801_vaga-oportunidades-emprego-ribeirao-31032023181927833.jpeg?fit=1200%2C675&ssl=1&resize=1050%2C600 3x"},"classes":[]},{"id":12729,"url":"https:\/\/noticiasribeiraopreto.com.br\/index.php\/2023\/12\/08\/vagas-de-empregos-para-trabalhar-em-ribeirao-preto-sp-ou-qualquer-lugar-do-brasil-vagas-home-office-ems-2\/","url_meta":{"origin":41471,"position":1},"title":"Vagas de empregos para trabalhar em Ribeir\u00e3o Preto-SP ou qualquer lugar do Brasil (vagas home office EMS)","author":"noticiasribeiraopreto.com.br","date":"8 de December de 2023","format":false,"excerpt":"1 vaga para Auxiliar de Refrigera\u00e7\u00e3o em Andradina - SPh\u00e1 22 horas 1 vaga para T\u00e9cnico de Refrigera\u00e7\u00e3o em Andradina - SPh\u00e1 22 horas Vaga para Estagi\u00e1rio Marketing Estrat\u00e9gico em Ribeir\u00e3o Preto Vaga para Estagi\u00e1rio em Com\u00e9rcio Exterior em Ribeir\u00e3o Preto Vaga para Auxiliar de Dep\u00f3sito (tempor\u00e1rio) em Ribeir\u00e3o Preto\u2026","rel":"","context":"In &quot;Vagas de Emprego em Ribeir\u00e3o Preto-SP&quot;","block_context":{"text":"Vagas de Emprego em Ribeir\u00e3o Preto-SP","link":"https:\/\/noticiasribeiraopreto.com.br\/index.php\/category\/empregos-classificados-vagas-trabalho\/vagas-de-empregos-em-ribeirao-preto-regiao-brasil\/"},"img":{"alt_text":"","src":"https:\/\/i0.wp.com\/noticiasribeiraopreto.com.br\/wp-content\/uploads\/2023\/12\/1702053735_ems.jpg?fit=1200%2C675&ssl=1&resize=350%2C200","width":350,"height":200,"srcset":"https:\/\/i0.wp.com\/noticiasribeiraopreto.com.br\/wp-content\/uploads\/2023\/12\/1702053735_ems.jpg?fit=1200%2C675&ssl=1&resize=350%2C200 1x, https:\/\/i0.wp.com\/noticiasribeiraopreto.com.br\/wp-content\/uploads\/2023\/12\/1702053735_ems.jpg?fit=1200%2C675&ssl=1&resize=525%2C300 1.5x, https:\/\/i0.wp.com\/noticiasribeiraopreto.com.br\/wp-content\/uploads\/2023\/12\/1702053735_ems.jpg?fit=1200%2C675&ssl=1&resize=700%2C400 2x, https:\/\/i0.wp.com\/noticiasribeiraopreto.com.br\/wp-content\/uploads\/2023\/12\/1702053735_ems.jpg?fit=1200%2C675&ssl=1&resize=1050%2C600 3x"},"classes":[]},{"id":35567,"url":"https:\/\/noticiasribeiraopreto.com.br\/index.php\/2024\/02\/06\/vagas-de-empregos-na-microset-tecnologia-para-trabalhar-em-ribeirao-preto-sp\/","url_meta":{"origin":41471,"position":2},"title":"Vagas de empregos na Microset Tecnologia  para trabalhar em Ribeir\u00e3o Preto-SP","author":"noticiasribeiraopreto.com.br","date":"6 de February de 2024","format":false,"excerpt":"Analista Administrativo Ribeir\u00e3o Preto - SPEfetivo Analista de Neg\u00f3ciosRibeir\u00e3o Preto - SPEfetivo Assistente de Service Desk Ribeir\u00e3o Preto - SPEfetivo T\u00e9cnico de Inform\u00e1tica Ribeir\u00e3o Preto - SPEfetivo","rel":"","context":"In &quot;Vagas de Emprego em Ribeir\u00e3o Preto-SP&quot;","block_context":{"text":"Vagas de Emprego em Ribeir\u00e3o Preto-SP","link":"https:\/\/noticiasribeiraopreto.com.br\/index.php\/category\/empregos-classificados-vagas-trabalho\/vagas-de-empregos-em-ribeirao-preto-regiao-brasil\/"},"img":{"alt_text":"","src":"https:\/\/i0.wp.com\/noticiasribeiraopreto.com.br\/wp-content\/uploads\/2024\/02\/2023-03-15_13-45_bannerUrl.png?fit=1080%2C327&ssl=1&resize=350%2C200","width":350,"height":200,"srcset":"https:\/\/i0.wp.com\/noticiasribeiraopreto.com.br\/wp-content\/uploads\/2024\/02\/2023-03-15_13-45_bannerUrl.png?fit=1080%2C327&ssl=1&resize=350%2C200 1x, https:\/\/i0.wp.com\/noticiasribeiraopreto.com.br\/wp-content\/uploads\/2024\/02\/2023-03-15_13-45_bannerUrl.png?fit=1080%2C327&ssl=1&resize=525%2C300 1.5x, https:\/\/i0.wp.com\/noticiasribeiraopreto.com.br\/wp-content\/uploads\/2024\/02\/2023-03-15_13-45_bannerUrl.png?fit=1080%2C327&ssl=1&resize=700%2C400 2x, https:\/\/i0.wp.com\/noticiasribeiraopreto.com.br\/wp-content\/uploads\/2024\/02\/2023-03-15_13-45_bannerUrl.png?fit=1080%2C327&ssl=1&resize=1050%2C600 3x"},"classes":[]},{"id":47078,"url":"https:\/\/noticiasribeiraopreto.com.br\/index.php\/2024\/04\/22\/veja-agora-mais-vagas-de-empregos-em-ribeirao-preto-sp\/","url_meta":{"origin":41471,"position":3},"title":"Veja agora mais vagas de empregos em Ribeir\u00e3o Preto-SP","author":"noticiasribeiraopreto.com.br","date":"22 de April de 2024","format":false,"excerpt":"","rel":"","context":"In &quot;Vagas de Emprego em Ribeir\u00e3o Preto-SP&quot;","block_context":{"text":"Vagas de Emprego em Ribeir\u00e3o Preto-SP","link":"https:\/\/noticiasribeiraopreto.com.br\/index.php\/category\/empregos-classificados-vagas-trabalho\/vagas-de-empregos-em-ribeirao-preto-regiao-brasil\/"},"img":{"alt_text":"","src":"https:\/\/i0.wp.com\/noticiasribeiraopreto.com.br\/wp-content\/uploads\/2024\/04\/vaga-oportunidades-emprego-ribeirao-31032023181927833.jpeg?fit=1200%2C675&ssl=1&resize=350%2C200","width":350,"height":200,"srcset":"https:\/\/i0.wp.com\/noticiasribeiraopreto.com.br\/wp-content\/uploads\/2024\/04\/vaga-oportunidades-emprego-ribeirao-31032023181927833.jpeg?fit=1200%2C675&ssl=1&resize=350%2C200 1x, https:\/\/i0.wp.com\/noticiasribeiraopreto.com.br\/wp-content\/uploads\/2024\/04\/vaga-oportunidades-emprego-ribeirao-31032023181927833.jpeg?fit=1200%2C675&ssl=1&resize=525%2C300 1.5x, https:\/\/i0.wp.com\/noticiasribeiraopreto.com.br\/wp-content\/uploads\/2024\/04\/vaga-oportunidades-emprego-ribeirao-31032023181927833.jpeg?fit=1200%2C675&ssl=1&resize=700%2C400 2x, https:\/\/i0.wp.com\/noticiasribeiraopreto.com.br\/wp-content\/uploads\/2024\/04\/vaga-oportunidades-emprego-ribeirao-31032023181927833.jpeg?fit=1200%2C675&ssl=1&resize=1050%2C600 3x"},"classes":[]},{"id":32609,"url":"https:\/\/noticiasribeiraopreto.com.br\/index.php\/2024\/01\/25\/encontre-aqui-a-sua-oportunidade-de-emprego-13\/","url_meta":{"origin":41471,"position":4},"title":"Encontre aqui a sua oportunidade de emprego","author":"noticiasribeiraopreto.com.br","date":"25 de January de 2024","format":false,"excerpt":"Confira mais de 532 vagas dispon\u00edveis.Vagas por cidadeTodas(524)Mat\u00e3o(204)Araras(200)Ribeir\u00e3o Preto(78)Monte Alto(25)Santos(9)Cravinhos(3)Vagas por \u00e1reaTodas(533)Produ\u00e7\u00e3o\/Fabrica\u00e7\u00e3o(237)Industrial, Produ\u00e7\u00e3o...(209)Administra\u00e7\u00e3o Comercial...(14)Industrial,Produ\u00e7\u00e3o...(10)Administra\u00e7\u00e3o de...(9)Log\u00edstica(8)Vagas por cargoTodas(533)Ajudante de Produ\u00e7\u00e3o -...(401)Ajudante Geral de...(20)Auxiliar de Produ\u00e7\u00e3o...(11)Auxiliar de Produ\u00e7\u00e3o(10)Operador de Produ\u00e7\u00e3o -...(9)Estagi\u00e1rio Comercial -...(5) Vagas recentesVaga para Auxiliar Administrativo em Ribeir\u00e3o Preto - SPVaga para Analista Tribut\u00e1rio em Ribeir\u00e3o PretoVaga para Auxiliar de\u2026","rel":"","context":"In &quot;Vagas de Emprego em Ribeir\u00e3o Preto-SP&quot;","block_context":{"text":"Vagas de Emprego em Ribeir\u00e3o Preto-SP","link":"https:\/\/noticiasribeiraopreto.com.br\/index.php\/category\/empregos-classificados-vagas-trabalho\/vagas-de-empregos-em-ribeirao-preto-regiao-brasil\/"},"img":{"alt_text":"","src":"https:\/\/i0.wp.com\/noticiasribeiraopreto.com.br\/wp-content\/uploads\/2024\/01\/1706222190_maxresdefault.jpg?fit=1200%2C675&ssl=1&resize=350%2C200","width":350,"height":200,"srcset":"https:\/\/i0.wp.com\/noticiasribeiraopreto.com.br\/wp-content\/uploads\/2024\/01\/1706222190_maxresdefault.jpg?fit=1200%2C675&ssl=1&resize=350%2C200 1x, https:\/\/i0.wp.com\/noticiasribeiraopreto.com.br\/wp-content\/uploads\/2024\/01\/1706222190_maxresdefault.jpg?fit=1200%2C675&ssl=1&resize=525%2C300 1.5x, https:\/\/i0.wp.com\/noticiasribeiraopreto.com.br\/wp-content\/uploads\/2024\/01\/1706222190_maxresdefault.jpg?fit=1200%2C675&ssl=1&resize=700%2C400 2x, https:\/\/i0.wp.com\/noticiasribeiraopreto.com.br\/wp-content\/uploads\/2024\/01\/1706222190_maxresdefault.jpg?fit=1200%2C675&ssl=1&resize=1050%2C600 3x"},"classes":[]},{"id":44868,"url":"https:\/\/noticiasribeiraopreto.com.br\/index.php\/2024\/03\/31\/vagas-de-empregos-na-microset-tecnologia-para-trabalhar-em-ribeirao-preto-sp-5\/","url_meta":{"origin":41471,"position":5},"title":"Vagas de empregos na Microset Tecnologia  para trabalhar em Ribeir\u00e3o Preto-SP","author":"noticiasribeiraopreto.com.br","date":"31 de March de 2024","format":false,"excerpt":"Analista Administrativo Ribeir\u00e3o Preto - SPEfetivo Assistente de Service Desk Ribeir\u00e3o Preto - SPEfetivo Auxiliar de RH \/ DPRibeir\u00e3o Preto - SPEfetivo Gerente de Neg\u00f3cios Ribeir\u00e3o Preto - SPEfetivo Microset Tecnologia Analista Administrativo Ribeir\u00e3o Preto - SPEfetivo V\u00eddeos","rel":"","context":"In &quot;Vagas de Emprego em Ribeir\u00e3o Preto-SP&quot;","block_context":{"text":"Vagas de Emprego em Ribeir\u00e3o Preto-SP","link":"https:\/\/noticiasribeiraopreto.com.br\/index.php\/category\/empregos-classificados-vagas-trabalho\/vagas-de-empregos-em-ribeirao-preto-regiao-brasil\/"},"img":{"alt_text":"","src":"https:\/\/i0.wp.com\/noticiasribeiraopreto.com.br\/wp-content\/uploads\/2024\/03\/1711924536_2023-03-15_13-45_bannerUrl.png?fit=1080%2C327&ssl=1&resize=350%2C200","width":350,"height":200,"srcset":"https:\/\/i0.wp.com\/noticiasribeiraopreto.com.br\/wp-content\/uploads\/2024\/03\/1711924536_2023-03-15_13-45_bannerUrl.png?fit=1080%2C327&ssl=1&resize=350%2C200 1x, https:\/\/i0.wp.com\/noticiasribeiraopreto.com.br\/wp-content\/uploads\/2024\/03\/1711924536_2023-03-15_13-45_bannerUrl.png?fit=1080%2C327&ssl=1&resize=525%2C300 1.5x, https:\/\/i0.wp.com\/noticiasribeiraopreto.com.br\/wp-content\/uploads\/2024\/03\/1711924536_2023-03-15_13-45_bannerUrl.png?fit=1080%2C327&ssl=1&resize=700%2C400 2x, https:\/\/i0.wp.com\/noticiasribeiraopreto.com.br\/wp-content\/uploads\/2024\/03\/1711924536_2023-03-15_13-45_bannerUrl.png?fit=1080%2C327&ssl=1&resize=1050%2C600 3x"},"classes":[]}],"jetpack_sharing_enabled":true,"jetpack_shortlink":"https:\/\/wp.me\/peQAOb-aMT","_links":{"self":[{"href":"https:\/\/noticiasribeiraopreto.com.br\/index.php\/wp-json\/wp\/v2\/posts\/41471","targetHints":{"allow":["GET"]}}],"collection":[{"href":"https:\/\/noticiasribeiraopreto.com.br\/index.php\/wp-json\/wp\/v2\/posts"}],"about":[{"href":"https:\/\/noticiasribeiraopreto.com.br\/index.php\/wp-json\/wp\/v2\/types\/post"}],"author":[{"embeddable":true,"href":"https:\/\/noticiasribeiraopreto.com.br\/index.php\/wp-json\/wp\/v2\/users\/1"}],"replies":[{"embeddable":true,"href":"https:\/\/noticiasribeiraopreto.com.br\/index.php\/wp-json\/wp\/v2\/comments?post=41471"}],"version-history":[{"count":0,"href":"https:\/\/noticiasribeiraopreto.com.br\/index.php\/wp-json\/wp\/v2\/posts\/41471\/revisions"}],"wp:attachment":[{"href":"https:\/\/noticiasribeiraopreto.com.br\/index.php\/wp-json\/wp\/v2\/media?parent=41471"}],"wp:term":[{"taxonomy":"category","embeddable":true,"href":"https:\/\/noticiasribeiraopreto.com.br\/index.php\/wp-json\/wp\/v2\/categories?post=41471"},{"taxonomy":"post_tag","embeddable":true,"href":"https:\/\/noticiasribeiraopreto.com.br\/index.php\/wp-json\/wp\/v2\/tags?post=41471"}],"curies":[{"name":"wp","href":"https:\/\/api.w.org\/{rel}","templated":true}]}}