{"id":41534,"date":"2024-03-08T17:30:02","date_gmt":"2024-03-08T20:30:02","guid":{"rendered":"https:\/\/noticiasribeiraopreto.com.br\/index.php\/2024\/03\/08\/producao-de-veiculos-cresce-243-no-brasil\/"},"modified":"2024-03-08T17:30:02","modified_gmt":"2024-03-08T20:30:02","slug":"producao-de-veiculos-cresce-243-no-brasil","status":"publish","type":"post","link":"https:\/\/noticiasribeiraopreto.com.br\/index.php\/2024\/03\/08\/producao-de-veiculos-cresce-243-no-brasil\/","title":{"rendered":"Produ\u00e7\u00e3o de ve\u00edculos cresce 24,3% no Brasil\u00a0"},"content":{"rendered":"<div class='code-block code-block-1' style='margin: 8px 0 8px auto; text-align: right; display: block; clear: both;'>\n<p><a href=\"https:\/\/wa.link\/vpicfd\"><img data-recalc-dims=\"1\" class=\"wp-image-4922\" style=\"aspect-ratio: 2.0253164556962027; width: 561px; height: auto;\" src=\"https:\/\/i0.wp.com\/ismaelcolosi.com.br\/wp-content\/uploads\/2023\/11\/grupo-de-empregos-whatsapp-e-facebook-ismael-colosi-vagas.jpg?ssl=1\" alt=\"\" \/><\/a><\/p>\n<!-- \/wp:image -->\n<\/div>\n<p> <br \/>\n<\/p>\n<div id=\"\">\n<p> <span class=\"entry-meta-item penci-posted-on\"><i class=\"fa fa-clock-o\"\/><time class=\"entry-date published\" datetime=\"2024-03-08T17:00:57-03:00\">8 de mar\u00e7o de 2024 | 17:00<\/time><time class=\"updated\" datetime=\"2024-03-07T20:57:11-03:00\">7 de mar\u00e7o de 2024 | 20:57<\/time><\/span><\/p>\n<p> <span class=\"penci-social-buttons penci-social-share-footer\"><a href=\"#\" class=\"penci-post-like penci_post-meta_item  single-like-button penci-social-item like\" data-post_id=\"376597\" title=\"Like\" data-like=\"Like\" data-unlike=\"Unlike\"><i class=\"fa fa-thumbs-o-up\"\/><span class=\"penci-share-number\">0<\/span><\/a><i class=\"fa fa-facebook\"\/><a class=\"penci-social-item twitter\" target=\"_blank\" rel=\"noopener\" title=\"\" href=\"https:\/\/twitter.com\/intent\/tweet?text=Produ\u00e7\u00e3o%20de%20ve\u00edculos%20cresce%2024,3%20no%20Brasil\u00a0%20-%20https:\/\/www.tribunaribeirao.com.br\/site\/producao-de-veiculos-cresce-243-no-brasil\/\"><i class=\"fa fa-twitter\"\/><\/a><i class=\"fa fa-whatsapp\"\/><\/span><\/div>\n<div>\n<p><span class=\"TextRun SCXW15985390 BCX0\" lang=\"PT-BR\" xml:lang=\"PT-BR\" data-contrast=\"auto\"><span class=\"NormalTextRun SCXW15985390 BCX0\">A produ\u00e7\u00e3o de ve\u00edculos automotores no Brasil cresceu 24,3% em fevereiro na compara\u00e7\u00e3o com o mesmo m\u00eas do ano passado, com 189.684 unidades produzidas. Na compara\u00e7\u00e3o anual, o aumento foi de 17,4%. Os dados foram divulgados <\/span><span class=\"NormalTextRun SCXW15985390 BCX0\">nesta quinta-feira, <\/span><span class=\"NormalTextRun SCXW15985390 BCX0\">7<\/span><span class=\"NormalTextRun SCXW15985390 BCX0\"> de mar\u00e7o, <\/span><span class=\"NormalTextRun SCXW15985390 BCX0\">em S\u00e3o Paulo, pela Associa\u00e7\u00e3o Nacional dos Fabricantes de Ve\u00edculos Automotores (<\/span><span class=\"NormalTextRun SCXW15985390 BCX0\">Anfavea<\/span><span class=\"NormalTextRun SCXW15985390 BCX0\">).<\/span> <span class=\"NormalTextRun SCXW15985390 BCX0\">\u201cEsse \u00e9 um bom sinal, a produ\u00e7\u00e3o \u00e9 sempre um term\u00f4metro muito relevante para o nosso setor\u201d, disse M\u00e1rcio de Lima Leite, presidente da <\/span><span class=\"NormalTextRun SCXW15985390 BCX0\">Anfavea<\/span><span class=\"NormalTextRun SCXW15985390 BCX0\">, durante entrevista coletiva.<\/span><\/span><span class=\"LineBreakBlob BlobObject DragDrop SCXW15985390 BCX0\"><span class=\"SCXW15985390 BCX0\">\u00a0<\/span><br class=\"SCXW15985390 BCX0\"\/><\/span><span class=\"LineBreakBlob BlobObject DragDrop SCXW15985390 BCX0\"><span class=\"SCXW15985390 BCX0\">\u00a0<\/span><br class=\"SCXW15985390 BCX0\"\/><\/span><span class=\"TextRun SCXW15985390 BCX0\" lang=\"PT-BR\" xml:lang=\"PT-BR\" data-contrast=\"auto\"><span class=\"NormalTextRun SCXW15985390 BCX0\">A venda total de ve\u00edculos novos <\/span><span class=\"NormalTextRun SCXW15985390 BCX0\">\u2013<\/span> <span class=\"NormalTextRun SCXW15985390 BCX0\">que inclui carros, comerciais leves, caminh\u00f5es e \u00f4nibus <\/span><span class=\"NormalTextRun SCXW15985390 BCX0\">\u2013<\/span><span class=\"NormalTextRun SCXW15985390 BCX0\"> tamb\u00e9m aumentou no pa\u00eds. Segundo a <\/span><span class=\"NormalTextRun SCXW15985390 BCX0\">Anfavea<\/span><span class=\"NormalTextRun SCXW15985390 BCX0\">, em fevereiro foram comercializadas 165.225 unidades, o que representa expans\u00e3o de 2,2% sobre janeiro e de 27,1% sobre fevereiro do ano passado. Desse total, 155.511 se referiam apenas a autom\u00f3veis e comerciais leves.<\/span><\/span><span class=\"LineBreakBlob BlobObject DragDrop SCXW15985390 BCX0\"><span class=\"SCXW15985390 BCX0\">\u00a0<\/span><br class=\"SCXW15985390 BCX0\"\/><\/span><span class=\"LineBreakBlob BlobObject DragDrop SCXW15985390 BCX0\"><span class=\"SCXW15985390 BCX0\">\u00a0<\/span><br class=\"SCXW15985390 BCX0\"\/><\/span><span class=\"TextRun SCXW15985390 BCX0\" lang=\"PT-BR\" xml:lang=\"PT-BR\" data-contrast=\"auto\"><span class=\"NormalTextRun SCXW15985390 BCX0\">Crescimento \u2013 <\/span><\/span><span class=\"TextRun SCXW15985390 BCX0\" lang=\"PT-BR\" xml:lang=\"PT-BR\" data-contrast=\"auto\"><span class=\"NormalTextRun SCXW15985390 BCX0\">A cada dia \u00fatil de fevereiro foram vendidos 8,7 mil ve\u00edculos, o que representou alta de 18% em rela\u00e7\u00e3o a janeiro e de 20,5% em rela\u00e7\u00e3o a fevereiro do ano passado. Segundo o presidente da <\/span><span class=\"NormalTextRun SCXW15985390 BCX0\">Anfavea<\/span><span class=\"NormalTextRun SCXW15985390 BCX0\">, esse foi \u201cum crescimento extremamente relevante\u201d, superando o per\u00edodo antes da pandemia.<\/span><\/span><span class=\"LineBreakBlob BlobObject DragDrop SCXW15985390 BCX0\"><span class=\"SCXW15985390 BCX0\">\u00a0<\/span><br class=\"SCXW15985390 BCX0\"\/><\/span><span class=\"LineBreakBlob BlobObject DragDrop SCXW15985390 BCX0\"><span class=\"SCXW15985390 BCX0\">\u00a0<\/span><br class=\"SCXW15985390 BCX0\"\/><\/span><span class=\"TextRun SCXW15985390 BCX0\" lang=\"PT-BR\" xml:lang=\"PT-BR\" data-contrast=\"auto\"><span class=\"NormalTextRun SCXW15985390 BCX0\">J\u00e1 as exporta\u00e7\u00f5es de ve\u00edculos aumentaram 62,7% em um m\u00eas, com 30.652 unidades enviadas ao exterior. Na compara\u00e7\u00e3o anual, no entanto, houve queda de 14,1%. \u201c\u00c9 um crescimento sobre uma base muito baixa, que foi janeiro. Tivemos uma expans\u00e3o que \u00e9 importante, mas ainda assim \u00e9 inferior ao ano de 2023\u201d, disse o presidente da associa\u00e7\u00e3o.<\/span><\/span><span class=\"LineBreakBlob BlobObject DragDrop SCXW15985390 BCX0\"><span class=\"SCXW15985390 BCX0\">\u00a0<\/span><br class=\"SCXW15985390 BCX0\"\/><\/span><span class=\"LineBreakBlob BlobObject DragDrop SCXW15985390 BCX0\"><span class=\"SCXW15985390 BCX0\">\u00a0<\/span><br class=\"SCXW15985390 BCX0\"\/><\/span><span class=\"TextRun SCXW15985390 BCX0\" lang=\"PT-BR\" xml:lang=\"PT-BR\" data-contrast=\"auto\"><span class=\"NormalTextRun SCXW15985390 BCX0\">Para este ano, a <\/span><span class=\"NormalTextRun SCXW15985390 BCX0\">Anfavea<\/span><span class=\"NormalTextRun SCXW15985390 BCX0\"> projeta crescimento em torno de 6% tanto na produ\u00e7\u00e3o quanto no mercado. <\/span><span class=\"NormalTextRun SCXW15985390 BCX0\">Na esteira dos dois planos anunciados nesta semana <\/span><span class=\"NormalTextRun SCXW15985390 BCX0\">\u2013<\/span><span class=\"NormalTextRun SCXW15985390 BCX0\"> na quarta-feira <\/span><span class=\"NormalTextRun SCXW15985390 BCX0\">(6) <\/span><span class=\"NormalTextRun SCXW15985390 BCX0\">pela <\/span><span class=\"NormalTextRun SpellingErrorV2Themed SCXW15985390 BCX0\">Stellantis<\/span><span class=\"NormalTextRun SCXW15985390 BCX0\"> e na ter\u00e7a-feira<\/span><span class=\"NormalTextRun SCXW15985390 BCX0\">, <\/span><span class=\"NormalTextRun SCXW15985390 BCX0\">5<\/span><span class=\"NormalTextRun SCXW15985390 BCX0\"> de mar\u00e7o,<\/span><span class=\"NormalTextRun SCXW15985390 BCX0\"> pela Toyota <\/span><span class=\"NormalTextRun SCXW15985390 BCX0\">\u2013<\/span><span class=\"NormalTextRun SCXW15985390 BCX0\">, a <\/span><span class=\"NormalTextRun SCXW15985390 BCX0\">Anfavea<\/span> <span class=\"NormalTextRun SCXW15985390 BCX0\">revisou o c\u00e1lculo dos investimentos previstos no setor. <\/span><\/span><span class=\"LineBreakBlob BlobObject DragDrop SCXW15985390 BCX0\"><span class=\"SCXW15985390 BCX0\">\u00a0<\/span><br class=\"SCXW15985390 BCX0\"\/><\/span><span class=\"LineBreakBlob BlobObject DragDrop SCXW15985390 BCX0\"><span class=\"SCXW15985390 BCX0\">\u00a0<\/span><br class=\"SCXW15985390 BCX0\"\/><\/span><span class=\"TextRun SCXW15985390 BCX0\" lang=\"PT-BR\" xml:lang=\"PT-BR\" data-contrast=\"auto\"><span class=\"NormalTextRun SCXW15985390 BCX0\">Agora, como informado nesta quinta-feira, a associa\u00e7\u00e3o calcula <\/span><span class=\"NormalTextRun SCXW15985390 BCX0\">os ativos <\/span><span class=\"NormalTextRun SCXW15985390 BCX0\">em R$ 117 bilh\u00f5es, considerando os ciclos iniciados em 2021.<\/span> <span class=\"NormalTextRun SCXW15985390 BCX0\">Esse montante engloba as montadoras tanto de carros, cujos planos anunciados ou em curso passam de R$ 95 bilh\u00f5es at\u00e9 2032, quanto de caminh\u00f5es e \u00f4nibus<\/span><span class=\"NormalTextRun SCXW15985390 BCX0\">.<\/span><\/span><span class=\"LineBreakBlob BlobObject DragDrop SCXW15985390 BCX0\"><span class=\"SCXW15985390 BCX0\">\u00a0<\/span><br class=\"SCXW15985390 BCX0\"\/><\/span><span class=\"LineBreakBlob BlobObject DragDrop SCXW15985390 BCX0\"><span class=\"SCXW15985390 BCX0\">\u00a0<\/span><br class=\"SCXW15985390 BCX0\"\/><\/span><\/p>\n<\/div>\n<p><script async src=\"\/\/platform.twitter.com\/widgets.js\" charset=\"utf-8\"><\/script><br \/>\n<br \/><br \/>\n<br \/><a href=\"https:\/\/www.tribunaribeirao.com.br\/site\/producao-de-veiculos-cresce-243-no-brasil\/\">Source link <\/a><\/p>\n<!-- CONTENT END 1 -->\n","protected":false},"excerpt":{"rendered":"<p>8 de mar\u00e7o de 2024 | 17:007 de mar\u00e7o de 2024 | 20:57 0 A produ\u00e7\u00e3o de ve\u00edculos automotores no Brasil cresceu 24,3% em fevereiro&#8230;<\/p>\n","protected":false},"author":1,"featured_media":41535,"comment_status":"open","ping_status":"open","sticky":false,"template":"","format":"standard","meta":{"advanced_seo_description":"","jetpack_seo_html_title":"","jetpack_seo_noindex":false,"jetpack_seo_schema_type":"","_jetpack_newsletter_access":"","_jetpack_dont_email_post_to_subs":false,"_jetpack_newsletter_tier_id":0,"_jetpack_memberships_contains_paywalled_content":false,"_jetpack_feature_clip_id":0,"_jetpack_memberships_contains_paid_content":false,"footnotes":"","jetpack_publicize_message":"","jetpack_publicize_feature_enabled":true,"jetpack_social_post_already_shared":true,"jetpack_social_options":{"image_generator_settings":{"template":"highway","default_image_id":0,"font":"","enabled":false},"version":2},"jetpack_post_was_ever_published":false},"categories":[11],"tags":[137,1088,1312,76],"class_list":["post-41534","post","type-post","status-publish","format-standard","has-post-thumbnail","hentry","category-noticias-de-ribeirao-preto-sp-e-regiao-ismael-colosi","tag-brasil","tag-cresce","tag-producao","tag-veiculos"],"jetpack_publicize_connections":[],"jetpack-related-posts":[{"id":25019,"url":"https:\/\/noticiasribeiraopreto.com.br\/index.php\/2024\/01\/05\/producao-industrial-brasileira-cresce-05-em-novembro\/","url_meta":{"origin":41534,"position":0},"title":"Produ\u00e7\u00e3o industrial brasileira cresce 0,5% em novembro","author":"noticiasribeiraopreto.com.br","date":"5 de January de 2024","format":false,"excerpt":"A produ\u00e7\u00e3o da ind\u00fastria brasileira cresceu 0,5% em novembro de 2023, na compara\u00e7\u00e3o com o m\u00eas anterior. Essa foi a quarta taxa positiva do indicador, que havia variado 0,1% em outubro e setembro e 0,2% em agosto.Os dados s\u00e3o da Pesquisa Industrial Mensal (PIM), divulgada nesta sexta-feira (5), pelo Instituto\u2026","rel":"","context":"In &quot;Not\u00edcias de Ribeir\u00e3o Preto-SP e Regi\u00e3o&quot;","block_context":{"text":"Not\u00edcias de Ribeir\u00e3o Preto-SP e Regi\u00e3o","link":"https:\/\/noticiasribeiraopreto.com.br\/index.php\/category\/noticias-de-ribeirao-preto-sp-e-regiao-ismael-colosi\/"},"img":{"alt_text":"","src":"https:\/\/i0.wp.com\/noticiasribeiraopreto.com.br\/wp-content\/uploads\/2024\/01\/5e439eff-285a-4320-a43c-f98e084b0eb7.jpeg?fit=768%2C425&ssl=1&resize=350%2C200","width":350,"height":200,"srcset":"https:\/\/i0.wp.com\/noticiasribeiraopreto.com.br\/wp-content\/uploads\/2024\/01\/5e439eff-285a-4320-a43c-f98e084b0eb7.jpeg?fit=768%2C425&ssl=1&resize=350%2C200 1x, https:\/\/i0.wp.com\/noticiasribeiraopreto.com.br\/wp-content\/uploads\/2024\/01\/5e439eff-285a-4320-a43c-f98e084b0eb7.jpeg?fit=768%2C425&ssl=1&resize=525%2C300 1.5x, https:\/\/i0.wp.com\/noticiasribeiraopreto.com.br\/wp-content\/uploads\/2024\/01\/5e439eff-285a-4320-a43c-f98e084b0eb7.jpeg?fit=768%2C425&ssl=1&resize=700%2C400 2x"},"classes":[]},{"id":25080,"url":"https:\/\/noticiasribeiraopreto.com.br\/index.php\/2024\/01\/05\/producao-industrial-brasileira-cresce-05-em-novembro-2\/","url_meta":{"origin":41534,"position":1},"title":"Produ\u00e7\u00e3o industrial brasileira cresce 0,5% em novembro \u2013 Folha de Ribeir\u00e3o","author":"noticiasribeiraopreto.com.br","date":"5 de January de 2024","format":false,"excerpt":"A produ\u00e7\u00e3o da ind\u00fastria brasileira cresceu 0,5% em novembro de 2023, na compara\u00e7\u00e3o com o m\u00eas anterior. Essa foi a quarta taxa positiva do indicador, que havia variado 0,1% em outubro e setembro e 0,2% em agosto. Os dados s\u00e3o da Pesquisa Industrial Mensal (PIM), divulgada nesta sexta-feira (5), pelo\u2026","rel":"","context":"In &quot;Not\u00edcias de Ribeir\u00e3o Preto-SP e Regi\u00e3o&quot;","block_context":{"text":"Not\u00edcias de Ribeir\u00e3o Preto-SP e Regi\u00e3o","link":"https:\/\/noticiasribeiraopreto.com.br\/index.php\/category\/noticias-de-ribeirao-preto-sp-e-regiao-ismael-colosi\/"},"img":{"alt_text":"","src":"","width":0,"height":0},"classes":[]},{"id":34776,"url":"https:\/\/noticiasribeiraopreto.com.br\/index.php\/2024\/02\/03\/producao-industrial-cresce-02-em-2023\/","url_meta":{"origin":41534,"position":2},"title":"Produ\u00e7\u00e3o industrial cresce 0,2% em 2023\u00a0","author":"noticiasribeiraopreto.com.br","date":"3 de February de 2024","format":false,"excerpt":"3 de fevereiro de 2024 | 13:002 de fevereiro de 2024 | 21:02 0A produ\u00e7\u00e3o industrial do pa\u00eds teve alta de 1,1% em dezembro, sendo o quinto m\u00eas seguido com resultado positivo. Assim, a ind\u00fastria brasileira fecha 2023 com alta de 0,2%. No ano anterior, o resultado tinha sido queda\u2026","rel":"","context":"In &quot;Not\u00edcias de Ribeir\u00e3o Preto-SP e Regi\u00e3o&quot;","block_context":{"text":"Not\u00edcias de Ribeir\u00e3o Preto-SP e Regi\u00e3o","link":"https:\/\/noticiasribeiraopreto.com.br\/index.php\/category\/noticias-de-ribeirao-preto-sp-e-regiao-ismael-colosi\/"},"img":{"alt_text":"","src":"https:\/\/i0.wp.com\/noticiasribeiraopreto.com.br\/wp-content\/uploads\/2024\/02\/Indus-Washington-Alves-Reuters-scaled.jpg?fit=1000%2C598&ssl=1&resize=350%2C200","width":350,"height":200,"srcset":"https:\/\/i0.wp.com\/noticiasribeiraopreto.com.br\/wp-content\/uploads\/2024\/02\/Indus-Washington-Alves-Reuters-scaled.jpg?fit=1000%2C598&ssl=1&resize=350%2C200 1x, https:\/\/i0.wp.com\/noticiasribeiraopreto.com.br\/wp-content\/uploads\/2024\/02\/Indus-Washington-Alves-Reuters-scaled.jpg?fit=1000%2C598&ssl=1&resize=525%2C300 1.5x, https:\/\/i0.wp.com\/noticiasribeiraopreto.com.br\/wp-content\/uploads\/2024\/02\/Indus-Washington-Alves-Reuters-scaled.jpg?fit=1000%2C598&ssl=1&resize=700%2C400 2x"},"classes":[]},{"id":84600,"url":"https:\/\/noticiasribeiraopreto.com.br\/index.php\/2026\/04\/13\/financiamento-de-veiculos-cresce-128-no-trimestre\/","url_meta":{"origin":41534,"position":3},"title":"Financiamento de ve\u00edculos cresce 12,8% no trimestre","author":"noticiasribeiraopreto.com.br","date":"13 de April de 2026","format":false,"excerpt":"As vendas financiadas de ve\u00edculos cresceram 12,8% no primeiro trimestre de 2026 na compara\u00e7\u00e3o com o mesmo per\u00edodo do ano passado. Ao todo foram concedidos cr\u00e9ditos na compra de 1,89 milh\u00e3o de unidades. A soma inclui autom\u00f3veis leves, motos e ve\u00edculos pesados, considerando novos e usados. Segundo o balan\u00e7o feito\u2026","rel":"","context":"In &quot;Not\u00edcias de Ribeir\u00e3o Preto-SP e Regi\u00e3o&quot;","block_context":{"text":"Not\u00edcias de Ribeir\u00e3o Preto-SP e Regi\u00e3o","link":"https:\/\/noticiasribeiraopreto.com.br\/index.php\/category\/noticias-de-ribeirao-preto-sp-e-regiao-ismael-colosi\/"},"img":{"alt_text":"","src":"https:\/\/i0.wp.com\/noticiasribeiraopreto.com.br\/wp-content\/uploads\/2026\/04\/1500mc_0062.jpg?fit=1170%2C700&ssl=1&resize=350%2C200","width":350,"height":200,"srcset":"https:\/\/i0.wp.com\/noticiasribeiraopreto.com.br\/wp-content\/uploads\/2026\/04\/1500mc_0062.jpg?fit=1170%2C700&ssl=1&resize=350%2C200 1x, https:\/\/i0.wp.com\/noticiasribeiraopreto.com.br\/wp-content\/uploads\/2026\/04\/1500mc_0062.jpg?fit=1170%2C700&ssl=1&resize=525%2C300 1.5x, https:\/\/i0.wp.com\/noticiasribeiraopreto.com.br\/wp-content\/uploads\/2026\/04\/1500mc_0062.jpg?fit=1170%2C700&ssl=1&resize=700%2C400 2x, https:\/\/i0.wp.com\/noticiasribeiraopreto.com.br\/wp-content\/uploads\/2026\/04\/1500mc_0062.jpg?fit=1170%2C700&ssl=1&resize=1050%2C600 3x"},"classes":[]},{"id":41877,"url":"https:\/\/noticiasribeiraopreto.com.br\/index.php\/2024\/03\/11\/producao-de-motos-sobe-148-em-fevereiro\/","url_meta":{"origin":41534,"position":4},"title":"Produ\u00e7\u00e3o de motos sobe 14,8% em fevereiro","author":"noticiasribeiraopreto.com.br","date":"11 de March de 2024","format":false,"excerpt":"A produ\u00e7\u00e3o de motos em fevereiro teve crescimento de 14,8% na compara\u00e7\u00e3o com o mesmo m\u00eas do ano passado, somando 139,8 mil unidades. Foi o melhor resultado para o m\u00eas em dez anos. Frente a janeiro, por\u00e9m, houve queda de 1% na produ\u00e7\u00e3o de motocicletasO balan\u00e7o foi divulgado nesta segunda-feira,\u2026","rel":"","context":"In &quot;Not\u00edcias de Ribeir\u00e3o Preto-SP e Regi\u00e3o&quot;","block_context":{"text":"Not\u00edcias de Ribeir\u00e3o Preto-SP e Regi\u00e3o","link":"https:\/\/noticiasribeiraopreto.com.br\/index.php\/category\/noticias-de-ribeirao-preto-sp-e-regiao-ismael-colosi\/"},"img":{"alt_text":"","src":"https:\/\/i0.wp.com\/noticiasribeiraopreto.com.br\/wp-content\/uploads\/2024\/03\/57a428d3-8839-41ab-b57c-41fd42a00463-scaled.jpg?fit=1000%2C500&ssl=1&resize=350%2C200","width":350,"height":200,"srcset":"https:\/\/i0.wp.com\/noticiasribeiraopreto.com.br\/wp-content\/uploads\/2024\/03\/57a428d3-8839-41ab-b57c-41fd42a00463-scaled.jpg?fit=1000%2C500&ssl=1&resize=350%2C200 1x, https:\/\/i0.wp.com\/noticiasribeiraopreto.com.br\/wp-content\/uploads\/2024\/03\/57a428d3-8839-41ab-b57c-41fd42a00463-scaled.jpg?fit=1000%2C500&ssl=1&resize=525%2C300 1.5x, https:\/\/i0.wp.com\/noticiasribeiraopreto.com.br\/wp-content\/uploads\/2024\/03\/57a428d3-8839-41ab-b57c-41fd42a00463-scaled.jpg?fit=1000%2C500&ssl=1&resize=700%2C400 2x"},"classes":[]},{"id":81080,"url":"https:\/\/noticiasribeiraopreto.com.br\/index.php\/2025\/12\/23\/emplacamento-de-0-km-cresce-35-na-regiao-de-ribeirao-preto-em-2025\/","url_meta":{"origin":41534,"position":5},"title":"Emplacamento de 0 km cresce 3,5% na regi\u00e3o de Ribeir\u00e3o Preto em 2025","author":"noticiasribeiraopreto.com.br","date":"23 de December de 2025","format":false,"excerpt":"A regi\u00e3o de Ribeir\u00e3o Preto teve aumento de 3,5% no emplacamento de ve\u00edculos 0 km em 2025, de acordo com dados do Detran-SP (Departamento Estadual de Tr\u00e2nsito de S\u00e3o Paulo).\u00a0 Ao todo, 45.426 carros e motos 0 km ganharam a primeira placa at\u00e9 meados de dezembro, 3,5% a mais que\u2026","rel":"","context":"In &quot;Not\u00edcias de Ribeir\u00e3o Preto-SP e Regi\u00e3o&quot;","block_context":{"text":"Not\u00edcias de Ribeir\u00e3o Preto-SP e Regi\u00e3o","link":"https:\/\/noticiasribeiraopreto.com.br\/index.php\/category\/noticias-de-ribeirao-preto-sp-e-regiao-ismael-colosi\/"},"img":{"alt_text":"","src":"https:\/\/i0.wp.com\/noticiasribeiraopreto.com.br\/wp-content\/uploads\/2025\/12\/carro-zero_2025-12-22_19-12-08.webp.webp?fit=1200%2C801&ssl=1&resize=350%2C200","width":350,"height":200,"srcset":"https:\/\/i0.wp.com\/noticiasribeiraopreto.com.br\/wp-content\/uploads\/2025\/12\/carro-zero_2025-12-22_19-12-08.webp.webp?fit=1200%2C801&ssl=1&resize=350%2C200 1x, https:\/\/i0.wp.com\/noticiasribeiraopreto.com.br\/wp-content\/uploads\/2025\/12\/carro-zero_2025-12-22_19-12-08.webp.webp?fit=1200%2C801&ssl=1&resize=525%2C300 1.5x, https:\/\/i0.wp.com\/noticiasribeiraopreto.com.br\/wp-content\/uploads\/2025\/12\/carro-zero_2025-12-22_19-12-08.webp.webp?fit=1200%2C801&ssl=1&resize=700%2C400 2x, https:\/\/i0.wp.com\/noticiasribeiraopreto.com.br\/wp-content\/uploads\/2025\/12\/carro-zero_2025-12-22_19-12-08.webp.webp?fit=1200%2C801&ssl=1&resize=1050%2C600 3x"},"classes":[]}],"jetpack_sharing_enabled":true,"jetpack_shortlink":"https:\/\/wp.me\/peQAOb-aNU","jetpack_featured_media_url":"https:\/\/i0.wp.com\/noticiasribeiraopreto.com.br\/wp-content\/uploads\/2024\/03\/Veiculos-Rafa-Neddermeyer-Ag.Br_-scaled.jpg?fit=1000%2C598&ssl=1","_links":{"self":[{"href":"https:\/\/noticiasribeiraopreto.com.br\/index.php\/wp-json\/wp\/v2\/posts\/41534","targetHints":{"allow":["GET"]}}],"collection":[{"href":"https:\/\/noticiasribeiraopreto.com.br\/index.php\/wp-json\/wp\/v2\/posts"}],"about":[{"href":"https:\/\/noticiasribeiraopreto.com.br\/index.php\/wp-json\/wp\/v2\/types\/post"}],"author":[{"embeddable":true,"href":"https:\/\/noticiasribeiraopreto.com.br\/index.php\/wp-json\/wp\/v2\/users\/1"}],"replies":[{"embeddable":true,"href":"https:\/\/noticiasribeiraopreto.com.br\/index.php\/wp-json\/wp\/v2\/comments?post=41534"}],"version-history":[{"count":0,"href":"https:\/\/noticiasribeiraopreto.com.br\/index.php\/wp-json\/wp\/v2\/posts\/41534\/revisions"}],"wp:featuredmedia":[{"embeddable":true,"href":"https:\/\/noticiasribeiraopreto.com.br\/index.php\/wp-json\/wp\/v2\/media\/41535"}],"wp:attachment":[{"href":"https:\/\/noticiasribeiraopreto.com.br\/index.php\/wp-json\/wp\/v2\/media?parent=41534"}],"wp:term":[{"taxonomy":"category","embeddable":true,"href":"https:\/\/noticiasribeiraopreto.com.br\/index.php\/wp-json\/wp\/v2\/categories?post=41534"},{"taxonomy":"post_tag","embeddable":true,"href":"https:\/\/noticiasribeiraopreto.com.br\/index.php\/wp-json\/wp\/v2\/tags?post=41534"}],"curies":[{"name":"wp","href":"https:\/\/api.w.org\/{rel}","templated":true}]}}