{"id":41540,"date":"2024-03-08T18:04:38","date_gmt":"2024-03-08T21:04:38","guid":{"rendered":"https:\/\/noticiasribeiraopreto.com.br\/index.php\/2024\/03\/08\/brasil-supera-13-mi-de-casos-de-dengue\/"},"modified":"2024-03-08T18:04:38","modified_gmt":"2024-03-08T21:04:38","slug":"brasil-supera-13-mi-de-casos-de-dengue","status":"publish","type":"post","link":"https:\/\/noticiasribeiraopreto.com.br\/index.php\/2024\/03\/08\/brasil-supera-13-mi-de-casos-de-dengue\/","title":{"rendered":"Brasil supera 1,3 mi de casos de dengue"},"content":{"rendered":"<div class='code-block code-block-1' style='margin: 8px 0 8px auto; text-align: right; display: block; clear: both;'>\n<p><a href=\"https:\/\/wa.link\/vpicfd\"><img data-recalc-dims=\"1\" class=\"wp-image-4922\" style=\"aspect-ratio: 2.0253164556962027; width: 561px; height: auto;\" src=\"https:\/\/i0.wp.com\/ismaelcolosi.com.br\/wp-content\/uploads\/2023\/11\/grupo-de-empregos-whatsapp-e-facebook-ismael-colosi-vagas.jpg?ssl=1\" alt=\"\" \/><\/a><\/p>\n<!-- \/wp:image -->\n<\/div>\n<p> <br \/>\n<\/p>\n<div id=\"\">\n<p> <span class=\"entry-meta-item penci-posted-on\"><i class=\"fa fa-clock-o\"\/><time class=\"entry-date published\" datetime=\"2024-03-08T18:00:49-03:00\">8 de mar\u00e7o de 2024 | 18:00<\/time><time class=\"updated\" datetime=\"2024-03-07T21:01:38-03:00\">7 de mar\u00e7o de 2024 | 21:01<\/time><\/span><\/p>\n<p> <span class=\"penci-social-buttons penci-social-share-footer\"><a href=\"#\" class=\"penci-post-like penci_post-meta_item  single-like-button penci-social-item like\" data-post_id=\"376600\" title=\"Like\" data-like=\"Like\" data-unlike=\"Unlike\"><i class=\"fa fa-thumbs-o-up\"\/><span class=\"penci-share-number\">0<\/span><\/a><i class=\"fa fa-facebook\"\/><a class=\"penci-social-item twitter\" target=\"_blank\" rel=\"noopener\" title=\"\" href=\"https:\/\/twitter.com\/intent\/tweet?text=Brasil%20supera%201,3%20mi%20de%20casos%20de%20dengue%20-%20https:\/\/www.tribunaribeirao.com.br\/site\/brasil-supera-13-mi-de-casos-de-dengue\/\"><i class=\"fa fa-twitter\"\/><\/a><i class=\"fa fa-whatsapp\"\/><\/span><\/div>\n<div>\n<p><span class=\"TextRun SCXW267116462 BCX0\" lang=\"PT-BR\" xml:lang=\"PT-BR\" data-contrast=\"auto\"><span class=\"NormalTextRun SCXW267116462 BCX0\">Desde o in\u00edcio do ano, o Brasil registrou <\/span><span class=\"NormalTextRun SCXW267116462 BCX0\">1.<\/span><span class=\"NormalTextRun SCXW267116462 BCX0\">318.336 <\/span><span class=\"NormalTextRun SCXW267116462 BCX0\">casos prov\u00e1veis de dengue e <\/span><span class=\"NormalTextRun SCXW267116462 BCX0\">3<\/span><span class=\"NormalTextRun SCXW267116462 BCX0\">43<\/span> <span class=\"NormalTextRun SCXW267116462 BCX0\">mortes confirmadas pela doen\u00e7a.<\/span><span class=\"NormalTextRun SCXW267116462 BCX0\"> Outros <\/span><span class=\"NormalTextRun SCXW267116462 BCX0\">7<\/span><span class=\"NormalTextRun SCXW267116462 BCX0\">75<\/span> <span class=\"NormalTextRun SCXW267116462 BCX0\">\u00f3bitos est\u00e3o em investiga\u00e7\u00e3o. O coeficiente de incid\u00eancia da dengue no pa\u00eds, neste momento, \u00e9 de<\/span><span class=\"NormalTextRun SCXW267116462 BCX0\"> 6<\/span><span class=\"NormalTextRun SCXW267116462 BCX0\">49<\/span><span class=\"NormalTextRun SCXW267116462 BCX0\">,2 <\/span><span class=\"NormalTextRun SCXW267116462 BCX0\">casos para cada grupo de 100 mil habitantes<\/span> <\/span><span class=\"TextRun SCXW267116462 BCX0\" lang=\"PT-BR\" xml:lang=\"PT-BR\" data-contrast=\"none\"><span class=\"NormalTextRun SCXW267116462 BCX0\">\u2013 <\/span><\/span><span class=\"TextRun SCXW267116462 BCX0\" lang=\"PT-BR\" xml:lang=\"PT-BR\" data-contrast=\"auto\"><span class=\"NormalTextRun SCXW267116462 BCX0\">acima de 300 j\u00e1 \u00e9 epidemia<\/span><span class=\"NormalTextRun SCXW267116462 BCX0\">.<\/span><\/span><span class=\"LineBreakBlob BlobObject DragDrop SCXW267116462 BCX0\"><span class=\"SCXW267116462 BCX0\">\u00a0<\/span><br class=\"SCXW267116462 BCX0\"\/><\/span><span class=\"LineBreakBlob BlobObject DragDrop SCXW267116462 BCX0\"><span class=\"SCXW267116462 BCX0\">\u00a0<\/span><br class=\"SCXW267116462 BCX0\"\/><\/span><span class=\"TextRun SCXW267116462 BCX0\" lang=\"PT-BR\" xml:lang=\"PT-BR\" data-contrast=\"auto\"><span class=\"NormalTextRun SCXW267116462 BCX0\">Os dados s\u00e3o do Painel de Monitoramento das <\/span><span class=\"NormalTextRun SCXW267116462 BCX0\">Arboviroses<\/span><span class=\"NormalTextRun SCXW267116462 BCX0\">, divulgados nesta <\/span><span class=\"NormalTextRun SCXW267116462 BCX0\">quinta<\/span><span class=\"NormalTextRun SCXW267116462 BCX0\">-feira<\/span><span class=\"NormalTextRun SCXW267116462 BCX0\">, <\/span><span class=\"NormalTextRun SCXW267116462 BCX0\">7<\/span><span class=\"NormalTextRun SCXW267116462 BCX0\"> de mar\u00e7o, <\/span><span class=\"NormalTextRun SCXW267116462 BCX0\">em Bras\u00edlia, pelo do Minist\u00e9rio da Sa\u00fade.<\/span> <span class=\"NormalTextRun SCXW267116462 BCX0\">Do total de casos, 10.<\/span><span class=\"NormalTextRun SCXW267116462 BCX0\">896 <\/span><span class=\"NormalTextRun SCXW267116462 BCX0\">s\u00e3o graves ou com sinais de alarme. <\/span><span class=\"NormalTextRun SCXW267116462 BCX0\">N<\/span><span class=\"NormalTextRun SCXW267116462 BCX0\">a <\/span><span class=\"NormalTextRun SCXW267116462 BCX0\">quarta<\/span><span class=\"NormalTextRun SCXW267116462 BCX0\">-feira<\/span><span class=\"NormalTextRun SCXW267116462 BCX0\"> (<\/span><span class=\"NormalTextRun SCXW267116462 BCX0\">6<\/span><span class=\"NormalTextRun SCXW267116462 BCX0\">)<\/span><span class=\"NormalTextRun SCXW267116462 BCX0\">, <\/span><span class=\"NormalTextRun SCXW267116462 BCX0\">eram <\/span><span class=\"NormalTextRun SCXW267116462 BCX0\">1.2<\/span><span class=\"NormalTextRun SCXW267116462 BCX0\">89.897 <\/span><span class=\"NormalTextRun SCXW267116462 BCX0\">ocorr\u00eancias <\/span><span class=\"NormalTextRun SCXW267116462 BCX0\">no pa\u00eds, <\/span><span class=\"NormalTextRun SCXW267116462 BCX0\">635,2 <\/span><span class=\"NormalTextRun SCXW267116462 BCX0\">por grupo de 100 mil habitantes.\u00a0 <\/span><span class=\"NormalTextRun SCXW267116462 BCX0\">O pa\u00eds somava <\/span><span class=\"NormalTextRun SCXW267116462 BCX0\">3<\/span><span class=\"NormalTextRun SCXW267116462 BCX0\">2<\/span><span class=\"NormalTextRun SCXW267116462 BCX0\">9<\/span><span class=\"NormalTextRun SCXW267116462 BCX0\"> mortes em decorr\u00eancia da doen\u00e7a transmitida pelo <\/span><span class=\"NormalTextRun SCXW267116462 BCX0\">Aedes<\/span> <span class=\"NormalTextRun SCXW267116462 BCX0\">aegypti<\/span><span class=\"NormalTextRun SCXW267116462 BCX0\"> e 7<\/span><span class=\"NormalTextRun SCXW267116462 BCX0\">6<\/span><span class=\"NormalTextRun SCXW267116462 BCX0\">7<\/span> <span class=\"NormalTextRun SCXW267116462 BCX0\">estavam em investiga\u00e7\u00e3o<\/span><span class=\"NormalTextRun SCXW267116462 BCX0\">. <\/span><\/span><span class=\"LineBreakBlob BlobObject DragDrop SCXW267116462 BCX0\"><span class=\"SCXW267116462 BCX0\">\u00a0<\/span><br class=\"SCXW267116462 BCX0\"\/><\/span><span class=\"LineBreakBlob BlobObject DragDrop SCXW267116462 BCX0\"><span class=\"SCXW267116462 BCX0\">\u00a0<\/span><br class=\"SCXW267116462 BCX0\"\/><\/span><span class=\"TextRun SCXW267116462 BCX0\" lang=\"PT-BR\" xml:lang=\"PT-BR\" data-contrast=\"auto\"><span class=\"NormalTextRun SCXW267116462 BCX0\">Segundo a ministra da Sa\u00fade, N\u00edsia Trindade, o Brasil poder\u00e1 ter neste ano o dobro de casos de dengue registrados em 2023, que <\/span><span class=\"NormalTextRun SCXW267116462 BCX0\">chegou<\/span><span class=\"NormalTextRun SCXW267116462 BCX0\"> a 1.658.816 casos.<\/span> <span class=\"NormalTextRun SCXW267116462 BCX0\">A previs\u00e3o \u00e9 que o <\/span><span class=\"NormalTextRun SCXW267116462 BCX0\">p<\/span><span class=\"NormalTextRun SCXW267116462 BCX0\">a\u00eds chegue aos 4,2 milh\u00f5es de casos em 2024. <\/span><span class=\"NormalTextRun SCXW267116462 BCX0\">Algo <\/span><span class=\"NormalTextRun AdvancedProofingIssueV2Themed SCXW267116462 BCX0\">nunca antes<\/span><span class=\"NormalTextRun SCXW267116462 BCX0\"> visto<\/span><span class=\"NormalTextRun SCXW267116462 BCX0\"> nas mais de quatro d\u00e9cadas de combate \u00e0 dengue <\/span><span class=\"NormalTextRun SCXW267116462 BCX0\">em territ\u00f3rio nacional<\/span><span class=\"NormalTextRun SCXW267116462 BCX0\">. <\/span><\/span><span class=\"LineBreakBlob BlobObject DragDrop SCXW267116462 BCX0\"><span class=\"SCXW267116462 BCX0\">\u00a0<\/span><br class=\"SCXW267116462 BCX0\"\/><\/span><span class=\"LineBreakBlob BlobObject DragDrop SCXW267116462 BCX0\"><span class=\"SCXW267116462 BCX0\">\u00a0<\/span><br class=\"SCXW267116462 BCX0\"\/><\/span><span class=\"TextRun SCXW267116462 BCX0\" lang=\"PT-BR\" xml:lang=\"PT-BR\" data-contrast=\"auto\"><span class=\"NormalTextRun SCXW267116462 BCX0\">Os principais sintomas relacionados \u00e0 dengue s\u00e3o febre alta de in\u00edcio repentino, dor atr\u00e1s dos olhos, <\/span><span class=\"NormalTextRun ContextualSpellingAndGrammarErrorV2Themed SCXW267116462 BCX0\">mal estar<\/span><span class=\"NormalTextRun SCXW267116462 BCX0\">, prostra\u00e7\u00e3o e dores no corpo.\u00a0<\/span> <span class=\"NormalTextRun SCXW267116462 BCX0\">O v\u00edrus da dengue pode ser transmitido ao homem principalmente pela picada de f\u00eameas de <\/span><span class=\"NormalTextRun SCXW267116462 BCX0\">Aedes<\/span> <span class=\"NormalTextRun SCXW267116462 BCX0\">aegypti<\/span><span class=\"NormalTextRun SCXW267116462 BCX0\"> infectadas<\/span><span class=\"NormalTextRun SCXW267116462 BCX0\">. <\/span><\/span><span class=\"LineBreakBlob BlobObject DragDrop SCXW267116462 BCX0\"><span class=\"SCXW267116462 BCX0\">\u00a0<\/span><br class=\"SCXW267116462 BCX0\"\/><\/span><span class=\"LineBreakBlob BlobObject DragDrop SCXW267116462 BCX0\"><span class=\"SCXW267116462 BCX0\">\u00a0<\/span><br class=\"SCXW267116462 BCX0\"\/><\/span><span class=\"TextRun SCXW267116462 BCX0\" lang=\"PT-BR\" xml:lang=\"PT-BR\" data-contrast=\"none\"><span class=\"NormalTextRun SCXW267116462 BCX0\">Ribeir\u00e3o Preto enfrenta mais uma epidemia de dengue, desta vez de n\u00edvel <\/span><span class=\"NormalTextRun SCXW267116462 BCX0\">2<\/span><span class=\"NormalTextRun SCXW267116462 BCX0\">. J\u00e1 s\u00e3o 4.805 ocorr\u00eancias este ano, al\u00e9m de 12.638 sob investiga\u00e7\u00e3o. Uma semana atr\u00e1s eram 3.863. Em sete dias, o <\/span><span class=\"NormalTextRun SCXW267116462 BCX0\">Aedes<\/span> <span class=\"NormalTextRun SCXW267116462 BCX0\">aegypti<\/span><span class=\"NormalTextRun SCXW267116462 BCX0\"> \u2013 vetor da doen\u00e7a, do <\/span><span class=\"NormalTextRun SpellingErrorV2Themed SCXW267116462 BCX0\">zika<\/span><span class=\"NormalTextRun SCXW267116462 BCX0\"> v\u00edrus e da febre <\/span><span class=\"NormalTextRun SpellingErrorV2Themed SCXW267116462 BCX0\">chikungunya<\/span><span class=\"NormalTextRun SCXW267116462 BCX0\"> \u2013 fez mais 942 v\u00edtimas, aumento de 24,39%. <\/span><\/span><span class=\"LineBreakBlob BlobObject DragDrop SCXW267116462 BCX0\"><span class=\"SCXW267116462 BCX0\">\u00a0<\/span><br class=\"SCXW267116462 BCX0\"\/><\/span><span class=\"LineBreakBlob BlobObject DragDrop SCXW267116462 BCX0\"><span class=\"SCXW267116462 BCX0\">\u00a0<\/span><br class=\"SCXW267116462 BCX0\"\/><\/span><span class=\"TextRun SCXW267116462 BCX0\" lang=\"PT-BR\" xml:lang=\"PT-BR\" data-contrast=\"none\"><span class=\"NormalTextRun SCXW267116462 BCX0\">Duas mortes j\u00e1 foram confirmadas este ano, de um jovem e uma idosa, ambas em janeiro.\u00a0 Foram nove no ano passado <\/span><\/span><span class=\"TextRun SCXW267116462 BCX0\" lang=\"PT-BR\" xml:lang=\"PT-BR\" data-contrast=\"auto\"><span class=\"NormalTextRun SCXW267116462 BCX0\">\u2013<\/span> <\/span><span class=\"TextRun SCXW267116462 BCX0\" lang=\"PT-BR\" xml:lang=\"PT-BR\" data-contrast=\"none\"><span class=\"NormalTextRun SCXW267116462 BCX0\">tr\u00eas em mar\u00e7o, duas em abril, duas em maio, uma em junho e uma em dezembro. Em menos de seis anos j\u00e1 s\u00e3o 25 \u00f3bitos.<\/span><\/span><span class=\"LineBreakBlob BlobObject DragDrop SCXW267116462 BCX0\"><span class=\"SCXW267116462 BCX0\">\u00a0<\/span><br class=\"SCXW267116462 BCX0\"\/><\/span><span class=\"LineBreakBlob BlobObject DragDrop SCXW267116462 BCX0\"><span class=\"SCXW267116462 BCX0\">\u00a0<\/span><br class=\"SCXW267116462 BCX0\"\/><\/span><span class=\"TextRun SCXW267116462 BCX0\" lang=\"PT-BR\" xml:lang=\"PT-BR\" data-contrast=\"none\"><span class=\"NormalTextRun SCXW267116462 BCX0\">Os dados s\u00e3o do per\u00edodo entre 1\u00ba de janeiro e a \u00faltima ter\u00e7a-feira, <\/span><span class=\"NormalTextRun SCXW267116462 BCX0\">5<\/span> <span class=\"NormalTextRun SCXW267116462 BCX0\">de m<\/span><span class=\"NormalTextRun SCXW267116462 BCX0\">ar\u00e7o.<\/span><span class=\"NormalTextRun SCXW267116462 BCX0\"> S\u00e3o 194 notifica\u00e7\u00f5es de casos suspeitos por dia.\u00a0 Mar\u00e7o j\u00e1 tem 24 pacientes infectados. Fechou fevereiro com 2.325 casos<\/span><span class=\"NormalTextRun SCXW267116462 BCX0\">, <\/span><span class=\"NormalTextRun SCXW267116462 BCX0\">135 a menos que os 2.460 de <\/span><span class=\"NormalTextRun SCXW267116462 BCX0\">janeiro, queda de 5,49%. <\/span><\/span><span class=\"LineBreakBlob BlobObject DragDrop SCXW267116462 BCX0\"><span class=\"SCXW267116462 BCX0\">\u00a0<\/span><br class=\"SCXW267116462 BCX0\"\/><\/span><span class=\"LineBreakBlob BlobObject DragDrop SCXW267116462 BCX0\"><span class=\"SCXW267116462 BCX0\">\u00a0<\/span><br class=\"SCXW267116462 BCX0\"\/><\/span><span class=\"TextRun SCXW267116462 BCX0\" lang=\"PT-BR\" xml:lang=\"PT-BR\" data-contrast=\"none\"><span class=\"NormalTextRun SCXW267116462 BCX0\">Na compara\u00e7\u00e3o com o segundo m\u00eas de 2023, quando 888 pessoas pegaram <\/span><span class=\"NormalTextRun SCXW267116462 BCX0\">dengue<\/span><span class=\"NormalTextRun SCXW267116462 BCX0\">, o aumento chega a 161,82%. S\u00e3o 1.437 a mais. Em rela\u00e7\u00e3o aos 3.766 do primeiro trimestre do ano passado, j\u00e1 s\u00e3o 1.039 a mais, avan\u00e7o de 27,59% em apenas 65 dias de 2024. <\/span><\/span><span class=\"LineBreakBlob BlobObject DragDrop SCXW267116462 BCX0\"><span class=\"SCXW267116462 BCX0\">\u00a0<\/span><br class=\"SCXW267116462 BCX0\"\/><\/span><span class=\"LineBreakBlob BlobObject DragDrop SCXW267116462 BCX0\"><span class=\"SCXW267116462 BCX0\">\u00a0<\/span><br class=\"SCXW267116462 BCX0\"\/><\/span><span class=\"TextRun SCXW267116462 BCX0\" lang=\"PT-BR\" xml:lang=\"PT-BR\" data-contrast=\"none\"><span class=\"NormalTextRun SCXW267116462 BCX0\">Setenta por cento dos criadouros est\u00e3o dentro das casas. De acordo com a Secretaria Municipal da Sa\u00fade, o \u00edndice predial de infesta\u00e7\u00e3o larv\u00e1ria em janeiro era de 12%. Em cada criadouro havia cerca de 300 larvas, em m\u00e9dia.\u00a0 <\/span><\/span><span class=\"TextRun SCXW267116462 BCX0\" lang=\"PT-BR\" xml:lang=\"PT-BR\" data-contrast=\"none\"><span class=\"NormalTextRun SCXW267116462 BCX0\">A maioria est\u00e1 em vasos, pneus e ralos. <\/span><\/span><span class=\"LineBreakBlob BlobObject DragDrop SCXW267116462 BCX0\"><span class=\"SCXW267116462 BCX0\">\u00a0<\/span><br class=\"SCXW267116462 BCX0\"\/><\/span><span class=\"LineBreakBlob BlobObject DragDrop SCXW267116462 BCX0\"><span class=\"SCXW267116462 BCX0\">\u00a0<\/span><br class=\"SCXW267116462 BCX0\"\/><\/span><span class=\"TextRun SCXW267116462 BCX0\" lang=\"PT-BR\" xml:lang=\"PT-BR\" data-contrast=\"none\"><span class=\"NormalTextRun SCXW267116462 BCX0\">Ribeir\u00e3o Preto fechou o ano passado com 12.301 casos de dengue, 4.819 a mais que os 7.482 do per\u00edodo anterior, crescimento de 64,40%. A m\u00e9dia di\u00e1ria em 2023 ficou em 34. Em pouco mais de 14 anos, a cidade j\u00e1 registrou 165.669 casos de dengue. H\u00e1 21 ocorr\u00eancias de febre <\/span><span class=\"NormalTextRun SpellingErrorV2Themed SCXW267116462 BCX0\">chikungunya<\/span><span class=\"NormalTextRun SCXW267116462 BCX0\"> em 2024, cinco importadas. No ano passado, foram 115, sendo 101 aut\u00f3ctones. <\/span><\/span><span class=\"LineBreakBlob BlobObject DragDrop SCXW267116462 BCX0\"><span class=\"SCXW267116462 BCX0\">\u00a0<\/span><br class=\"SCXW267116462 BCX0\"\/><\/span><span class=\"LineBreakBlob BlobObject DragDrop SCXW267116462 BCX0\"><span class=\"SCXW267116462 BCX0\">\u00a0<\/span><br class=\"SCXW267116462 BCX0\"\/><\/span><\/p>\n<\/div>\n<p><script async src=\"\/\/platform.twitter.com\/widgets.js\" charset=\"utf-8\"><\/script><br \/>\n<br \/><br \/>\n<br \/><a href=\"https:\/\/www.tribunaribeirao.com.br\/site\/brasil-supera-13-mi-de-casos-de-dengue\/\">Source link <\/a><\/p>\n<!-- CONTENT END 1 -->\n","protected":false},"excerpt":{"rendered":"<p>8 de mar\u00e7o de 2024 | 18:007 de mar\u00e7o de 2024 | 21:01 0 Desde o in\u00edcio do ano, o Brasil registrou 1.318.336 casos prov\u00e1veis&#8230;<\/p>\n","protected":false},"author":1,"featured_media":41541,"comment_status":"open","ping_status":"open","sticky":false,"template":"","format":"standard","meta":{"advanced_seo_description":"","jetpack_seo_html_title":"","jetpack_seo_noindex":false,"jetpack_post_was_ever_published":false,"_jetpack_newsletter_access":"","_jetpack_dont_email_post_to_subs":false,"_jetpack_newsletter_tier_id":0,"_jetpack_memberships_contains_paywalled_content":false,"_jetpack_memberships_contains_paid_content":false,"footnotes":"","jetpack_publicize_message":"","jetpack_publicize_feature_enabled":true,"jetpack_social_post_already_shared":true,"jetpack_social_options":{"image_generator_settings":{"template":"highway","default_image_id":0,"font":"","enabled":false},"version":2}},"categories":[11],"tags":[137,996,1269,1265],"class_list":["post-41540","post","type-post","status-publish","format-standard","has-post-thumbnail","hentry","category-noticias-de-ribeirao-preto-sp-e-regiao-ismael-colosi","tag-brasil","tag-casos","tag-dengue","tag-supera"],"jetpack_publicize_connections":[],"jetpack_featured_media_url":"https:\/\/i0.wp.com\/noticiasribeiraopreto.com.br\/wp-content\/uploads\/2024\/03\/DengueRP-Divulgacao-03-scaled.jpg?fit=1000%2C563&ssl=1","jetpack-related-posts":[{"id":44338,"url":"https:\/\/noticiasribeiraopreto.com.br\/index.php\/2024\/03\/27\/dengue-supera-23-milhoes-de-casos\/","url_meta":{"origin":41540,"position":0},"title":"Dengue supera 2,3 milh\u00f5es de casos\u00a0","author":"noticiasribeiraopreto.com.br","date":"27 de March de 2024","format":false,"excerpt":"27 de mar\u00e7o de 2024 | 12:0027 de mar\u00e7o de 2024 | 9:34 0 O Brasil superou a barreira de 2,3 milh\u00f5es de casos de dengue. Desde o in\u00edcio do ano, j\u00e1 s\u00e3o 2.321.050 e 831 mortes confirmadas pela doen\u00e7a. Outros 1.267 \u00f3bitos est\u00e3o em investiga\u00e7\u00e3o. O coeficiente de incid\u00eancia\u2026","rel":"","context":"In &quot;Not\u00edcias de Ribeir\u00e3o Preto-SP e Regi\u00e3o&quot;","block_context":{"text":"Not\u00edcias de Ribeir\u00e3o Preto-SP e Regi\u00e3o","link":"https:\/\/noticiasribeiraopreto.com.br\/index.php\/category\/noticias-de-ribeirao-preto-sp-e-regiao-ismael-colosi\/"},"img":{"alt_text":"","src":"https:\/\/i0.wp.com\/noticiasribeiraopreto.com.br\/wp-content\/uploads\/2024\/03\/DengueRP-Aedes-Arquivo-Ag.Br_.jpg?fit=1140%2C760&ssl=1&resize=350%2C200","width":350,"height":200,"srcset":"https:\/\/i0.wp.com\/noticiasribeiraopreto.com.br\/wp-content\/uploads\/2024\/03\/DengueRP-Aedes-Arquivo-Ag.Br_.jpg?fit=1140%2C760&ssl=1&resize=350%2C200 1x, https:\/\/i0.wp.com\/noticiasribeiraopreto.com.br\/wp-content\/uploads\/2024\/03\/DengueRP-Aedes-Arquivo-Ag.Br_.jpg?fit=1140%2C760&ssl=1&resize=525%2C300 1.5x, https:\/\/i0.wp.com\/noticiasribeiraopreto.com.br\/wp-content\/uploads\/2024\/03\/DengueRP-Aedes-Arquivo-Ag.Br_.jpg?fit=1140%2C760&ssl=1&resize=700%2C400 2x, https:\/\/i0.wp.com\/noticiasribeiraopreto.com.br\/wp-content\/uploads\/2024\/03\/DengueRP-Aedes-Arquivo-Ag.Br_.jpg?fit=1140%2C760&ssl=1&resize=1050%2C600 3x"},"classes":[]},{"id":38460,"url":"https:\/\/noticiasribeiraopreto.com.br\/index.php\/2024\/02\/20\/brasil-supera-650-mil-casos-de-dengue\/","url_meta":{"origin":41540,"position":1},"title":"Brasil supera 650 mil casos de dengue","author":"noticiasribeiraopreto.com.br","date":"20 de February de 2024","format":false,"excerpt":"20 de fevereiro de 2024 | 9:3020 de fevereiro de 2024 | 8:43 0Os casos de dengue no pa\u00eds j\u00e1 chegam a 653.656, conforme a atualiza\u00e7\u00e3o desta segunda-feira, 19 de fevereiro, do painel de monitoramento de arboviroses do Minist\u00e9rio da Sa\u00fade. S\u00e3o 321,9 casos por grupo de 100 mil habitantes.\u00a0\u2026","rel":"","context":"In &quot;Not\u00edcias de Ribeir\u00e3o Preto-SP e Regi\u00e3o&quot;","block_context":{"text":"Not\u00edcias de Ribeir\u00e3o Preto-SP e Regi\u00e3o","link":"https:\/\/noticiasribeiraopreto.com.br\/index.php\/category\/noticias-de-ribeirao-preto-sp-e-regiao-ismael-colosi\/"},"img":{"alt_text":"","src":"https:\/\/i0.wp.com\/noticiasribeiraopreto.com.br\/wp-content\/uploads\/2024\/02\/DengueBRA-Divulgacao-scaled.jpg?fit=974%2C645&ssl=1&resize=350%2C200","width":350,"height":200,"srcset":"https:\/\/i0.wp.com\/noticiasribeiraopreto.com.br\/wp-content\/uploads\/2024\/02\/DengueBRA-Divulgacao-scaled.jpg?fit=974%2C645&ssl=1&resize=350%2C200 1x, https:\/\/i0.wp.com\/noticiasribeiraopreto.com.br\/wp-content\/uploads\/2024\/02\/DengueBRA-Divulgacao-scaled.jpg?fit=974%2C645&ssl=1&resize=525%2C300 1.5x, https:\/\/i0.wp.com\/noticiasribeiraopreto.com.br\/wp-content\/uploads\/2024\/02\/DengueBRA-Divulgacao-scaled.jpg?fit=974%2C645&ssl=1&resize=700%2C400 2x"},"classes":[]},{"id":41021,"url":"https:\/\/noticiasribeiraopreto.com.br\/index.php\/2024\/03\/06\/brasil-ja-soma-125-mi-de-casos-de-dengue\/","url_meta":{"origin":41540,"position":2},"title":"Brasil j\u00e1 soma\u00a01,25 mi de casos de dengue","author":"noticiasribeiraopreto.com.br","date":"6 de March de 2024","format":false,"excerpt":"6 de mar\u00e7o de 2024 | 12:306 de mar\u00e7o de 2024 | 12:05 0Desde o in\u00edcio do ano, o Brasil registrou 1.253.919 casos prov\u00e1veis de dengue e 299 mortes confirmadas pela doen\u00e7a. Outros 765 \u00f3bitos est\u00e3o em investiga\u00e7\u00e3o. O coeficiente de incid\u00eancia da dengue no pa\u00eds, neste momento, \u00e9 de\u2026","rel":"","context":"In &quot;Not\u00edcias de Ribeir\u00e3o Preto-SP e Regi\u00e3o&quot;","block_context":{"text":"Not\u00edcias de Ribeir\u00e3o Preto-SP e Regi\u00e3o","link":"https:\/\/noticiasribeiraopreto.com.br\/index.php\/category\/noticias-de-ribeirao-preto-sp-e-regiao-ismael-colosi\/"},"img":{"alt_text":"","src":"https:\/\/i0.wp.com\/noticiasribeiraopreto.com.br\/wp-content\/uploads\/2024\/03\/DengueSP-Marcelo-Camargo-Ag.Br_-scaled.jpg?fit=967%2C645&ssl=1&resize=350%2C200","width":350,"height":200,"srcset":"https:\/\/i0.wp.com\/noticiasribeiraopreto.com.br\/wp-content\/uploads\/2024\/03\/DengueSP-Marcelo-Camargo-Ag.Br_-scaled.jpg?fit=967%2C645&ssl=1&resize=350%2C200 1x, https:\/\/i0.wp.com\/noticiasribeiraopreto.com.br\/wp-content\/uploads\/2024\/03\/DengueSP-Marcelo-Camargo-Ag.Br_-scaled.jpg?fit=967%2C645&ssl=1&resize=525%2C300 1.5x, https:\/\/i0.wp.com\/noticiasribeiraopreto.com.br\/wp-content\/uploads\/2024\/03\/DengueSP-Marcelo-Camargo-Ag.Br_-scaled.jpg?fit=967%2C645&ssl=1&resize=700%2C400 2x"},"classes":[]},{"id":43671,"url":"https:\/\/noticiasribeiraopreto.com.br\/index.php\/2024\/03\/22\/dengue-ultrapassa-2-milhoes-de-casos\/","url_meta":{"origin":41540,"position":3},"title":"Dengue ultrapassa 2 milh\u00f5es de casos\u00a0","author":"noticiasribeiraopreto.com.br","date":"22 de March de 2024","format":false,"excerpt":"22 de mar\u00e7o de 2024 | 16:0022 de mar\u00e7o de 2024 | 11:51 0 O Brasil superou a barreira de dois milh\u00f5es de casos de dengue. Desde o in\u00edcio do ano, j\u00e1 s\u00e3o 2.010.896 e 682 mortes confirmadas pela doen\u00e7a. Outros 1.042 \u00f3bitos est\u00e3o em investiga\u00e7\u00e3o. O coeficiente de incid\u00eancia\u2026","rel":"","context":"In &quot;Not\u00edcias de Ribeir\u00e3o Preto-SP e Regi\u00e3o&quot;","block_context":{"text":"Not\u00edcias de Ribeir\u00e3o Preto-SP e Regi\u00e3o","link":"https:\/\/noticiasribeiraopreto.com.br\/index.php\/category\/noticias-de-ribeirao-preto-sp-e-regiao-ismael-colosi\/"},"img":{"alt_text":"","src":"https:\/\/i0.wp.com\/noticiasribeiraopreto.com.br\/wp-content\/uploads\/2024\/03\/DengueRP-Divulgacao-okyy-scaled.jpg?fit=1000%2C562&ssl=1&resize=350%2C200","width":350,"height":200,"srcset":"https:\/\/i0.wp.com\/noticiasribeiraopreto.com.br\/wp-content\/uploads\/2024\/03\/DengueRP-Divulgacao-okyy-scaled.jpg?fit=1000%2C562&ssl=1&resize=350%2C200 1x, https:\/\/i0.wp.com\/noticiasribeiraopreto.com.br\/wp-content\/uploads\/2024\/03\/DengueRP-Divulgacao-okyy-scaled.jpg?fit=1000%2C562&ssl=1&resize=525%2C300 1.5x, https:\/\/i0.wp.com\/noticiasribeiraopreto.com.br\/wp-content\/uploads\/2024\/03\/DengueRP-Divulgacao-okyy-scaled.jpg?fit=1000%2C562&ssl=1&resize=700%2C400 2x"},"classes":[]},{"id":40132,"url":"https:\/\/noticiasribeiraopreto.com.br\/index.php\/2024\/03\/01\/brasil-tem-mais-de-um-milhao-de-casos-de-dengue-este-ano\/","url_meta":{"origin":41540,"position":4},"title":"Brasil tem mais de um milh\u00e3o de casos de dengue este ano","author":"noticiasribeiraopreto.com.br","date":"1 de March de 2024","format":false,"excerpt":"1 de mar\u00e7o de 2024 | 10:301 de mar\u00e7o de 2024 | 8:59 0Desde o in\u00edcio do ano, o Brasil registrou 1.017.278 casos prov\u00e1veis de dengue e 214 mortes confirmadas pela doen\u00e7a. Outros 687 \u00f3bitos est\u00e3o em investiga\u00e7\u00e3o. O coeficiente de incid\u00eancia da dengue no pa\u00eds, neste momento, \u00e9 de\u2026","rel":"","context":"In &quot;Not\u00edcias de Ribeir\u00e3o Preto-SP e Regi\u00e3o&quot;","block_context":{"text":"Not\u00edcias de Ribeir\u00e3o Preto-SP e Regi\u00e3o","link":"https:\/\/noticiasribeiraopreto.com.br\/index.php\/category\/noticias-de-ribeirao-preto-sp-e-regiao-ismael-colosi\/"},"img":{"alt_text":"","src":"https:\/\/i0.wp.com\/noticiasribeiraopreto.com.br\/wp-content\/uploads\/2024\/03\/31bebc31-4506-4dd7-9015-8c1787b74c75-scaled.jpg?fit=1000%2C598&ssl=1&resize=350%2C200","width":350,"height":200,"srcset":"https:\/\/i0.wp.com\/noticiasribeiraopreto.com.br\/wp-content\/uploads\/2024\/03\/31bebc31-4506-4dd7-9015-8c1787b74c75-scaled.jpg?fit=1000%2C598&ssl=1&resize=350%2C200 1x, https:\/\/i0.wp.com\/noticiasribeiraopreto.com.br\/wp-content\/uploads\/2024\/03\/31bebc31-4506-4dd7-9015-8c1787b74c75-scaled.jpg?fit=1000%2C598&ssl=1&resize=525%2C300 1.5x, https:\/\/i0.wp.com\/noticiasribeiraopreto.com.br\/wp-content\/uploads\/2024\/03\/31bebc31-4506-4dd7-9015-8c1787b74c75-scaled.jpg?fit=1000%2C598&ssl=1&resize=700%2C400 2x"},"classes":[]},{"id":68308,"url":"https:\/\/noticiasribeiraopreto.com.br\/index.php\/2025\/04\/24\/casos-de-dengue-chegam-a-13-814\/","url_meta":{"origin":41540,"position":5},"title":"Casos de dengue chegam a 13.814\u00a0","author":"noticiasribeiraopreto.com.br","date":"24 de April de 2025","format":false,"excerpt":"No ano passado, Ribeir\u00e3o Preto registrou a maior epidemia de dengue da hist\u00f3ria considerando o n\u00famero de casos registrados. A cidade fechou 2024 com 44.634 v\u00edtimas (dados revisados) do mosquito Aedes aegypti \u2013 transmissor da doen\u00e7a, das febres chikungunya e amarela na \u00e1rea urbana e de zika \u2013, maior volume\u2026","rel":"","context":"In &quot;Not\u00edcias de Ribeir\u00e3o Preto-SP e Regi\u00e3o&quot;","block_context":{"text":"Not\u00edcias de Ribeir\u00e3o Preto-SP e Regi\u00e3o","link":"https:\/\/noticiasribeiraopreto.com.br\/index.php\/category\/noticias-de-ribeirao-preto-sp-e-regiao-ismael-colosi\/"},"img":{"alt_text":"","src":"https:\/\/i0.wp.com\/noticiasribeiraopreto.com.br\/wp-content\/uploads\/2025\/04\/DengueRP-Getty-Images.jpg?fit=1200%2C655&ssl=1&resize=350%2C200","width":350,"height":200,"srcset":"https:\/\/i0.wp.com\/noticiasribeiraopreto.com.br\/wp-content\/uploads\/2025\/04\/DengueRP-Getty-Images.jpg?fit=1200%2C655&ssl=1&resize=350%2C200 1x, https:\/\/i0.wp.com\/noticiasribeiraopreto.com.br\/wp-content\/uploads\/2025\/04\/DengueRP-Getty-Images.jpg?fit=1200%2C655&ssl=1&resize=525%2C300 1.5x, https:\/\/i0.wp.com\/noticiasribeiraopreto.com.br\/wp-content\/uploads\/2025\/04\/DengueRP-Getty-Images.jpg?fit=1200%2C655&ssl=1&resize=700%2C400 2x, https:\/\/i0.wp.com\/noticiasribeiraopreto.com.br\/wp-content\/uploads\/2025\/04\/DengueRP-Getty-Images.jpg?fit=1200%2C655&ssl=1&resize=1050%2C600 3x"},"classes":[]}],"jetpack_sharing_enabled":true,"jetpack_shortlink":"https:\/\/wp.me\/peQAOb-aO0","_links":{"self":[{"href":"https:\/\/noticiasribeiraopreto.com.br\/index.php\/wp-json\/wp\/v2\/posts\/41540","targetHints":{"allow":["GET"]}}],"collection":[{"href":"https:\/\/noticiasribeiraopreto.com.br\/index.php\/wp-json\/wp\/v2\/posts"}],"about":[{"href":"https:\/\/noticiasribeiraopreto.com.br\/index.php\/wp-json\/wp\/v2\/types\/post"}],"author":[{"embeddable":true,"href":"https:\/\/noticiasribeiraopreto.com.br\/index.php\/wp-json\/wp\/v2\/users\/1"}],"replies":[{"embeddable":true,"href":"https:\/\/noticiasribeiraopreto.com.br\/index.php\/wp-json\/wp\/v2\/comments?post=41540"}],"version-history":[{"count":0,"href":"https:\/\/noticiasribeiraopreto.com.br\/index.php\/wp-json\/wp\/v2\/posts\/41540\/revisions"}],"wp:featuredmedia":[{"embeddable":true,"href":"https:\/\/noticiasribeiraopreto.com.br\/index.php\/wp-json\/wp\/v2\/media\/41541"}],"wp:attachment":[{"href":"https:\/\/noticiasribeiraopreto.com.br\/index.php\/wp-json\/wp\/v2\/media?parent=41540"}],"wp:term":[{"taxonomy":"category","embeddable":true,"href":"https:\/\/noticiasribeiraopreto.com.br\/index.php\/wp-json\/wp\/v2\/categories?post=41540"},{"taxonomy":"post_tag","embeddable":true,"href":"https:\/\/noticiasribeiraopreto.com.br\/index.php\/wp-json\/wp\/v2\/tags?post=41540"}],"curies":[{"name":"wp","href":"https:\/\/api.w.org\/{rel}","templated":true}]}}