{"id":41542,"date":"2024-03-08T18:12:43","date_gmt":"2024-03-08T21:12:43","guid":{"rendered":"https:\/\/noticiasribeiraopreto.com.br\/index.php\/2024\/03\/08\/carro-e-onibus-se-envolvem-em-acidente-na-zona-leste-de-ribeirao-veja-o-video\/"},"modified":"2024-03-08T18:12:43","modified_gmt":"2024-03-08T21:12:43","slug":"carro-e-onibus-se-envolvem-em-acidente-na-zona-leste-de-ribeirao-veja-o-video","status":"publish","type":"post","link":"https:\/\/noticiasribeiraopreto.com.br\/index.php\/2024\/03\/08\/carro-e-onibus-se-envolvem-em-acidente-na-zona-leste-de-ribeirao-veja-o-video\/","title":{"rendered":"Carro e \u00f4nibus se envolvem em acidente na zona Leste de Ribeir\u00e3o; Veja o v\u00eddeo"},"content":{"rendered":"<div class='code-block code-block-1' style='margin: 8px 0 8px auto; text-align: right; display: block; clear: both;'>\n<p><a href=\"https:\/\/wa.link\/vpicfd\"><img data-recalc-dims=\"1\" class=\"wp-image-4922\" style=\"aspect-ratio: 2.0253164556962027; width: 561px; height: auto;\" src=\"https:\/\/i0.wp.com\/ismaelcolosi.com.br\/wp-content\/uploads\/2023\/11\/grupo-de-empregos-whatsapp-e-facebook-ismael-colosi-vagas.jpg?ssl=1\" alt=\"\" \/><\/a><\/p>\n<!-- \/wp:image -->\n<\/div>\n<p> <br \/>\n<\/p>\n<div>\n<p>Um <strong>\u00f4nibus <\/strong>e um <strong>carro <\/strong>se envolveram em um <strong>acidente de tr\u00e2nsito<\/strong> na tarde desta sexta-feira (8), no cruzamento da avenida Dr. Pl\u00ednio de Castro Prado com a rua Alexandre Gomes de Abreu, <strong>zona Leste de Ribeir\u00e3o Preto.<\/strong><\/p>\n<p><strong><mark style=\"background-color:#fcb900\" class=\"has-inline-color\">Imagens de uma c\u00e2mera de seguran\u00e7a flagraram o momento da colis\u00e3o \u2013 veja abaixo.<\/mark><\/strong> De acordo com o<strong> Corpo de Bombeiros<\/strong>, apesar do susto, <strong>ningu\u00e9m se feriu gravemente<\/strong>. <\/p>\n<p>No v\u00eddeo \u00e9 poss\u00edvel observar o momento em que o condutor do carro, um HB20 branco, seguia pela rua Alexandre Gomes de Abreu <strong>quando tentou cruzar a avenida, pr\u00f3ximo ao est\u00e1dio Palma Travassos, e acabou colidindo com o \u00f4nibus<\/strong>, que seguia para <strong>Cajuru<\/strong>, cidade a cerca de 63 quil\u00f4metros de <strong>Ribeir\u00e3o<\/strong>.<\/p>\n<p>Com o impacto, o ve\u00edculo acabou indo parar em cima da cal\u00e7ada de um com\u00e9rcio do local. <strong>Equipes CB estiveram no local <\/strong>e <mark style=\"background-color:#fcb900\" class=\"has-inline-color\">encaminharam o motorista do carro para um pronto socorro <strong>consciente <\/strong>e <strong>orientado<\/strong>.<\/mark> <\/p>\n<p>Em nota, a <strong>R\u00e1pido d\u2019Oeste<\/strong>, empresa respons\u00e1vel pelo \u00f4nibus, informou que o autom\u00f3vel <strong>estava com passageiros<\/strong>, mas que ningu\u00e9m se feriu. Confira a nota na integra:<\/p>\n<p><em>O acidente ocorreu hoje a tarde na Av. Plinio de Castro Prado com um \u00f4nibus intermunicipal da Linha Ribeir\u00e3o-Cajuru. De acordo com o motorista, o carro de passeio n\u00e3o respeitou a sinaliza\u00e7\u00e3o e bateu contra o \u00f4nibus, que trafegava pela preferencial. Os passageiros foram transferidos para outro ve\u00edculo e seguiram viagem.<\/em><\/p>\n<p><iframe loading=\"lazy\" allowfullscreen=\"yes\" frameborder=\"0\" scrolling=\"yes\" src=\"https:\/\/embed-videos.netshow.me\/s\/__9O1-VZf0A\/player?v=true\" width=\"1080\" height=\"608\"><\/iframe><\/p>\n<hr class=\"wp-block-separator has-alpha-channel-opacity\"\/>\n<p>SAIBA MAIS <\/p>\n<p>Base da PM no Centro de Ribeir\u00e3o \u00e9 desativada; N\u00e3o h\u00e1 prazo para reabertura<\/p>\n<h4 class=\"wp-block-heading\"><strong><mark style=\"background-color:#fcb900\" class=\"has-inline-color\">FIQUE ON<\/mark><\/strong><\/h4>\n<p>Fique ligado em tudo que acontece em Ribeir\u00e3o Preto e regi\u00e3o. Siga os perfis do<strong>\u00a0acidade on<\/strong>\u00a0no<a href=\"https:\/\/www.instagram.com\/acidadeonribeirao\" target=\"_blank\" rel=\"noreferrer noopener\">\u00a0Instagram<\/a>\u00a0e no\u00a0<a href=\"https:\/\/www.facebook.com\/acidadeonribeirao\" target=\"_blank\" rel=\"noreferrer noopener\">Facebook<\/a>.<\/p>\n<p>Receba not\u00edcias do<strong>\u00a0acidade on\u00a0<\/strong>no WhatsApp.\u00a0<a href=\"https:\/\/chat.whatsapp.com\/Bnv2w66ZT4VDyZW3oiZ69n\" target=\"_blank\" rel=\"noreferrer noopener\">Para entrar no grupo, basta clicar aqui.<\/a><\/p>\n<p>Fa\u00e7a uma den\u00fancia ou sugira uma reportagem sobre Ribeir\u00e3o Preto e regi\u00e3o pelo WhatsApp: 16 99117 7802.<\/p>\n<p>VEJA TAMB\u00c9M<\/p>\n<p>BBB 24: quem Beatriz vai colocar no Pared\u00e3o?<\/p>\n<p><!-- AI CONTENT END 1 -->\n<\/div>\n<p><script async src=\"\/\/www.instagram.com\/embed.js\"><\/script><br \/>\n<br \/><br \/>\n<br \/><a href=\"https:\/\/www.acidadeon.com\/ribeiraopreto\/cotidiano\/carro-e-onibus-se-envolvem-em-acidente-na-zona-leste-de-ribeirao-veja-o-video\/\">Source link <\/a><\/p>\n<!-- CONTENT END 1 -->\n","protected":false},"excerpt":{"rendered":"<p>Um \u00f4nibus e um carro se envolveram em um acidente de tr\u00e2nsito na tarde desta sexta-feira (8), no cruzamento da avenida Dr. Pl\u00ednio de Castro&#8230;<\/p>\n","protected":false},"author":1,"featured_media":41543,"comment_status":"open","ping_status":"open","sticky":false,"template":"","format":"standard","meta":{"advanced_seo_description":"","jetpack_seo_html_title":"","jetpack_seo_noindex":false,"jetpack_post_was_ever_published":false,"_jetpack_newsletter_access":"","_jetpack_dont_email_post_to_subs":false,"_jetpack_newsletter_tier_id":0,"_jetpack_memberships_contains_paywalled_content":false,"_jetpack_memberships_contains_paid_content":false,"footnotes":"","jetpack_publicize_message":"","jetpack_publicize_feature_enabled":true,"jetpack_social_post_already_shared":true,"jetpack_social_options":{"image_generator_settings":{"template":"highway","default_image_id":0,"font":"","enabled":false},"version":2}},"categories":[11],"tags":[],"class_list":["post-41542","post","type-post","status-publish","format-standard","has-post-thumbnail","hentry","category-noticias-de-ribeirao-preto-sp-e-regiao-ismael-colosi"],"jetpack_publicize_connections":[],"jetpack_featured_media_url":"https:\/\/i0.wp.com\/noticiasribeiraopreto.com.br\/wp-content\/uploads\/2024\/03\/Copia-de-Copia-de-TAMANHO-EXATO-PARA-FOTOS-NO-SISTEMA-NOVO-9.jpg?fit=1200%2C675&ssl=1","jetpack-related-posts":[{"id":38411,"url":"https:\/\/noticiasribeiraopreto.com.br\/index.php\/2024\/02\/19\/onibus-do-transporte-publico-se-envolve-em-acidente-na-zona-norte-de-ribeirao-veja-o-video\/","url_meta":{"origin":41542,"position":0},"title":"\u00d4nibus do transporte p\u00fablico se envolve em acidente na zona Norte de Ribeir\u00e3o; Veja o v\u00eddeo","author":"noticiasribeiraopreto.com.br","date":"19 de February de 2024","format":false,"excerpt":"Um \u00f4nibus do transporte p\u00fablico de Ribeir\u00e3o Preto se envolveu em um acidente de tr\u00e2nsito com outro carro, na tarde desta segunda-feira (19), na rua Fernando de Lazari, no bairro Quintino Facci I, zona Norte da cidade. Uma c\u00e2mera de seguran\u00e7a flagrou o momento do acidente \u2013 veja o v\u00eddeo\u2026","rel":"","context":"In &quot;Not\u00edcias de Ribeir\u00e3o Preto-SP e Regi\u00e3o&quot;","block_context":{"text":"Not\u00edcias de Ribeir\u00e3o Preto-SP e Regi\u00e3o","link":"https:\/\/noticiasribeiraopreto.com.br\/index.php\/category\/noticias-de-ribeirao-preto-sp-e-regiao-ismael-colosi\/"},"img":{"alt_text":"","src":"https:\/\/i0.wp.com\/noticiasribeiraopreto.com.br\/wp-content\/uploads\/2024\/02\/WhatsApp-Image-2024-02-19-at-21.12.08.jpeg?fit=750%2C420&ssl=1&resize=350%2C200","width":350,"height":200,"srcset":"https:\/\/i0.wp.com\/noticiasribeiraopreto.com.br\/wp-content\/uploads\/2024\/02\/WhatsApp-Image-2024-02-19-at-21.12.08.jpeg?fit=750%2C420&ssl=1&resize=350%2C200 1x, https:\/\/i0.wp.com\/noticiasribeiraopreto.com.br\/wp-content\/uploads\/2024\/02\/WhatsApp-Image-2024-02-19-at-21.12.08.jpeg?fit=750%2C420&ssl=1&resize=525%2C300 1.5x, https:\/\/i0.wp.com\/noticiasribeiraopreto.com.br\/wp-content\/uploads\/2024\/02\/WhatsApp-Image-2024-02-19-at-21.12.08.jpeg?fit=750%2C420&ssl=1&resize=700%2C400 2x"},"classes":[]},{"id":84978,"url":"https:\/\/noticiasribeiraopreto.com.br\/index.php\/2026\/04\/19\/fusca-bate-em-onibus-e-atinge-loja-em-ribeirao-preto-motorista-fica-ferido\/","url_meta":{"origin":41542,"position":1},"title":"Fusca bate em \u00f4nibus e atinge loja em Ribeir\u00e3o Preto; motorista fica ferido","author":"noticiasribeiraopreto.com.br","date":"19 de April de 2026","format":false,"excerpt":"Ler o resumo da not\u00edcia Um VW\u202fFusca colidiu com a lateral de um \u00f4nibus na avenida Francisco Junqueira, em Ribeir\u00e3o\u202fPreto, na manh\u00e3 de domingo (19). O motorista perdeu o controle ao descer a rua Lav\u00ednia, no Jardim\u202fMacedo, e o carro foi arremessado contra a porta de uma loja de ve\u00edculos.\u2026","rel":"","context":"In &quot;Not\u00edcias de Ribeir\u00e3o Preto-SP e Regi\u00e3o&quot;","block_context":{"text":"Not\u00edcias de Ribeir\u00e3o Preto-SP e Regi\u00e3o","link":"https:\/\/noticiasribeiraopreto.com.br\/index.php\/category\/noticias-de-ribeirao-preto-sp-e-regiao-ismael-colosi\/"},"img":{"alt_text":"","src":"https:\/\/i0.wp.com\/noticiasribeiraopreto.com.br\/wp-content\/uploads\/2026\/04\/acidente-francisco_2026-04-19_13-34-40.webp.webp?fit=1200%2C575&ssl=1&resize=350%2C200","width":350,"height":200,"srcset":"https:\/\/i0.wp.com\/noticiasribeiraopreto.com.br\/wp-content\/uploads\/2026\/04\/acidente-francisco_2026-04-19_13-34-40.webp.webp?fit=1200%2C575&ssl=1&resize=350%2C200 1x, https:\/\/i0.wp.com\/noticiasribeiraopreto.com.br\/wp-content\/uploads\/2026\/04\/acidente-francisco_2026-04-19_13-34-40.webp.webp?fit=1200%2C575&ssl=1&resize=525%2C300 1.5x, https:\/\/i0.wp.com\/noticiasribeiraopreto.com.br\/wp-content\/uploads\/2026\/04\/acidente-francisco_2026-04-19_13-34-40.webp.webp?fit=1200%2C575&ssl=1&resize=700%2C400 2x, https:\/\/i0.wp.com\/noticiasribeiraopreto.com.br\/wp-content\/uploads\/2026\/04\/acidente-francisco_2026-04-19_13-34-40.webp.webp?fit=1200%2C575&ssl=1&resize=1050%2C600 3x"},"classes":[]},{"id":62676,"url":"https:\/\/noticiasribeiraopreto.com.br\/index.php\/2025\/01\/21\/carro-cai-em-corrego-apos-acidente-com-caminhao-na-regiao-de-ribeirao-video\/","url_meta":{"origin":41542,"position":2},"title":"Carro cai em c\u00f3rrego ap\u00f3s acidente com caminh\u00e3o na regi\u00e3o de Ribeir\u00e3o; V\u00eddeo","author":"noticiasribeiraopreto.com.br","date":"21 de January de 2025","format":false,"excerpt":"Um carro e um caminh\u00e3o carregado com refrigerante se envolveram em um acidente de tr\u00e2nsito na avenida Carlos Berchieri em Jaboticabal, cidade na regi\u00e3o de Ribeir\u00e3o Preto, na tarde desta ter\u00e7a-feira (21). C\u00e2meras de seguran\u00e7a registraram o acidente \u2013 veja o v\u00eddeo abaixo. Nas imagens \u00e9 poss\u00edvel ver o momento\u2026","rel":"","context":"In &quot;Not\u00edcias de Ribeir\u00e3o Preto-SP e Regi\u00e3o&quot;","block_context":{"text":"Not\u00edcias de Ribeir\u00e3o Preto-SP e Regi\u00e3o","link":"https:\/\/noticiasribeiraopreto.com.br\/index.php\/category\/noticias-de-ribeirao-preto-sp-e-regiao-ismael-colosi\/"},"img":{"alt_text":"","src":"https:\/\/i0.wp.com\/noticiasribeiraopreto.com.br\/wp-content\/uploads\/2025\/01\/Copia-de-Copia-de-Copia-de-TAMANHO-EXATO-PARA-FOTOS-NO-SISTEMA-NOVO-2025-01-21T154219.592_2025-01-21_18-45-27_png_2025-01-21_18-45-27.webp.webp?fit=1200%2C675&ssl=1&resize=350%2C200","width":350,"height":200,"srcset":"https:\/\/i0.wp.com\/noticiasribeiraopreto.com.br\/wp-content\/uploads\/2025\/01\/Copia-de-Copia-de-Copia-de-TAMANHO-EXATO-PARA-FOTOS-NO-SISTEMA-NOVO-2025-01-21T154219.592_2025-01-21_18-45-27_png_2025-01-21_18-45-27.webp.webp?fit=1200%2C675&ssl=1&resize=350%2C200 1x, https:\/\/i0.wp.com\/noticiasribeiraopreto.com.br\/wp-content\/uploads\/2025\/01\/Copia-de-Copia-de-Copia-de-TAMANHO-EXATO-PARA-FOTOS-NO-SISTEMA-NOVO-2025-01-21T154219.592_2025-01-21_18-45-27_png_2025-01-21_18-45-27.webp.webp?fit=1200%2C675&ssl=1&resize=525%2C300 1.5x, https:\/\/i0.wp.com\/noticiasribeiraopreto.com.br\/wp-content\/uploads\/2025\/01\/Copia-de-Copia-de-Copia-de-TAMANHO-EXATO-PARA-FOTOS-NO-SISTEMA-NOVO-2025-01-21T154219.592_2025-01-21_18-45-27_png_2025-01-21_18-45-27.webp.webp?fit=1200%2C675&ssl=1&resize=700%2C400 2x, https:\/\/i0.wp.com\/noticiasribeiraopreto.com.br\/wp-content\/uploads\/2025\/01\/Copia-de-Copia-de-Copia-de-TAMANHO-EXATO-PARA-FOTOS-NO-SISTEMA-NOVO-2025-01-21T154219.592_2025-01-21_18-45-27_png_2025-01-21_18-45-27.webp.webp?fit=1200%2C675&ssl=1&resize=1050%2C600 3x"},"classes":[]},{"id":25409,"url":"https:\/\/noticiasribeiraopreto.com.br\/index.php\/2024\/01\/07\/onibus-destroi-poste-apos-batida-no-centro-de-ribeirao-veja-video\/","url_meta":{"origin":41542,"position":3},"title":"\u00d4nibus destr\u00f3i poste ap\u00f3s batida no Centro de Ribeir\u00e3o; Veja v\u00eddeo","author":"noticiasribeiraopreto.com.br","date":"7 de January de 2024","format":false,"excerpt":"Um \u00f4nibus e um carro bateram, neste domingo (7), no cruzamento da rua Santos Dumont com a avenida Jer\u00f4nimo Gon\u00e7alves, entre o Centro e a Vila Tib\u00e9rio. O acidente foi na esquina da rodovi\u00e1ria. Segundo testemunhas, o carro desceu a rua S\u00e3o Sebasti\u00e3o e estava cruzando a avenida com destino\u2026","rel":"","context":"In &quot;Not\u00edcias de Ribeir\u00e3o Preto-SP e Regi\u00e3o&quot;","block_context":{"text":"Not\u00edcias de Ribeir\u00e3o Preto-SP e Regi\u00e3o","link":"https:\/\/noticiasribeiraopreto.com.br\/index.php\/category\/noticias-de-ribeirao-preto-sp-e-regiao-ismael-colosi\/"},"img":{"alt_text":"","src":"https:\/\/i0.wp.com\/noticiasribeiraopreto.com.br\/wp-content\/uploads\/2024\/01\/WhatsApp-Image-2024-01-07-at-10.01.43.jpeg?fit=1200%2C539&ssl=1&resize=350%2C200","width":350,"height":200,"srcset":"https:\/\/i0.wp.com\/noticiasribeiraopreto.com.br\/wp-content\/uploads\/2024\/01\/WhatsApp-Image-2024-01-07-at-10.01.43.jpeg?fit=1200%2C539&ssl=1&resize=350%2C200 1x, https:\/\/i0.wp.com\/noticiasribeiraopreto.com.br\/wp-content\/uploads\/2024\/01\/WhatsApp-Image-2024-01-07-at-10.01.43.jpeg?fit=1200%2C539&ssl=1&resize=525%2C300 1.5x, https:\/\/i0.wp.com\/noticiasribeiraopreto.com.br\/wp-content\/uploads\/2024\/01\/WhatsApp-Image-2024-01-07-at-10.01.43.jpeg?fit=1200%2C539&ssl=1&resize=700%2C400 2x, https:\/\/i0.wp.com\/noticiasribeiraopreto.com.br\/wp-content\/uploads\/2024\/01\/WhatsApp-Image-2024-01-07-at-10.01.43.jpeg?fit=1200%2C539&ssl=1&resize=1050%2C600 3x"},"classes":[]},{"id":66793,"url":"https:\/\/noticiasribeiraopreto.com.br\/index.php\/2025\/04\/05\/motociclista-fica-ferido-apos-acidente-em-cruzamento-de-ribeirao-veja-video\/","url_meta":{"origin":41542,"position":4},"title":"Motociclista fica ferido ap\u00f3s acidente em cruzamento de Ribeir\u00e3o; Veja v\u00eddeo","author":"noticiasribeiraopreto.com.br","date":"5 de April de 2025","format":false,"excerpt":"Um motociclista ficou ferido ap\u00f3s se envolver em um acidente de tr\u00e2nsito no cruzamento da avenida Rene Oliva Strang, com a rua Diog\u00eanes Petean, no Jardim Paulo Gomes, zona Oeste de Ribeir\u00e3o Preto, na noite desta sexta-feira (4). Uma c\u00e2mera de seguran\u00e7a flagrou o ocorrido (veja abaixo). Nas imagens \u00e9\u2026","rel":"","context":"In &quot;Not\u00edcias de Ribeir\u00e3o Preto-SP e Regi\u00e3o&quot;","block_context":{"text":"Not\u00edcias de Ribeir\u00e3o Preto-SP e Regi\u00e3o","link":"https:\/\/noticiasribeiraopreto.com.br\/index.php\/category\/noticias-de-ribeirao-preto-sp-e-regiao-ismael-colosi\/"},"img":{"alt_text":"","src":"https:\/\/i0.wp.com\/noticiasribeiraopreto.com.br\/wp-content\/uploads\/2025\/04\/Copia-de-Copia-de-Copia-de-TAMANHO-EXATO-PARA-FOTOS-NO-SISTEMA-NOVO-2025-04-05T122247.389_2025-04-05_15-23-26_png_2025-04-05_15-23-26.webp.webp?fit=1200%2C675&ssl=1&resize=350%2C200","width":350,"height":200,"srcset":"https:\/\/i0.wp.com\/noticiasribeiraopreto.com.br\/wp-content\/uploads\/2025\/04\/Copia-de-Copia-de-Copia-de-TAMANHO-EXATO-PARA-FOTOS-NO-SISTEMA-NOVO-2025-04-05T122247.389_2025-04-05_15-23-26_png_2025-04-05_15-23-26.webp.webp?fit=1200%2C675&ssl=1&resize=350%2C200 1x, https:\/\/i0.wp.com\/noticiasribeiraopreto.com.br\/wp-content\/uploads\/2025\/04\/Copia-de-Copia-de-Copia-de-TAMANHO-EXATO-PARA-FOTOS-NO-SISTEMA-NOVO-2025-04-05T122247.389_2025-04-05_15-23-26_png_2025-04-05_15-23-26.webp.webp?fit=1200%2C675&ssl=1&resize=525%2C300 1.5x, https:\/\/i0.wp.com\/noticiasribeiraopreto.com.br\/wp-content\/uploads\/2025\/04\/Copia-de-Copia-de-Copia-de-TAMANHO-EXATO-PARA-FOTOS-NO-SISTEMA-NOVO-2025-04-05T122247.389_2025-04-05_15-23-26_png_2025-04-05_15-23-26.webp.webp?fit=1200%2C675&ssl=1&resize=700%2C400 2x, https:\/\/i0.wp.com\/noticiasribeiraopreto.com.br\/wp-content\/uploads\/2025\/04\/Copia-de-Copia-de-Copia-de-TAMANHO-EXATO-PARA-FOTOS-NO-SISTEMA-NOVO-2025-04-05T122247.389_2025-04-05_15-23-26_png_2025-04-05_15-23-26.webp.webp?fit=1200%2C675&ssl=1&resize=1050%2C600 3x"},"classes":[]},{"id":7658,"url":"https:\/\/noticiasribeiraopreto.com.br\/index.php\/2023\/11\/28\/homem-e-ferido-com-chave-de-fenda-durante-roubo-em-ponto-de-onibus-em-ribeirao\/","url_meta":{"origin":41542,"position":5},"title":"Homem \u00e9 ferido com chave de fenda durante roubo em ponto de \u00f4nibus em Ribeir\u00e3o\u00a0","author":"noticiasribeiraopreto.com.br","date":"28 de November de 2023","format":false,"excerpt":"Um homem de 33 anos ficou ferido em um assalto na madrugada desta segunda-feira (27), em um ponto de \u00f4nibus na avenida Treze de Maio, no Jardim Paulista, zona Leste de Ribeir\u00e3o Preto. A v\u00edtima foi amea\u00e7ada com uma chave de fenda e sofreu ferimentos na regi\u00e3o do pesco\u00e7o. Um\u2026","rel":"","context":"In &quot;Not\u00edcias de Ribeir\u00e3o Preto-SP e Regi\u00e3o&quot;","block_context":{"text":"Not\u00edcias de Ribeir\u00e3o Preto-SP e Regi\u00e3o","link":"https:\/\/noticiasribeiraopreto.com.br\/index.php\/category\/noticias-de-ribeirao-preto-sp-e-regiao-ismael-colosi\/"},"img":{"alt_text":"","src":"https:\/\/i0.wp.com\/noticiasribeiraopreto.com.br\/wp-content\/uploads\/2023\/11\/screwdriver-708177_1920.jpg?fit=1200%2C799&ssl=1&resize=350%2C200","width":350,"height":200,"srcset":"https:\/\/i0.wp.com\/noticiasribeiraopreto.com.br\/wp-content\/uploads\/2023\/11\/screwdriver-708177_1920.jpg?fit=1200%2C799&ssl=1&resize=350%2C200 1x, https:\/\/i0.wp.com\/noticiasribeiraopreto.com.br\/wp-content\/uploads\/2023\/11\/screwdriver-708177_1920.jpg?fit=1200%2C799&ssl=1&resize=525%2C300 1.5x, https:\/\/i0.wp.com\/noticiasribeiraopreto.com.br\/wp-content\/uploads\/2023\/11\/screwdriver-708177_1920.jpg?fit=1200%2C799&ssl=1&resize=700%2C400 2x, https:\/\/i0.wp.com\/noticiasribeiraopreto.com.br\/wp-content\/uploads\/2023\/11\/screwdriver-708177_1920.jpg?fit=1200%2C799&ssl=1&resize=1050%2C600 3x"},"classes":[]}],"jetpack_sharing_enabled":true,"jetpack_shortlink":"https:\/\/wp.me\/peQAOb-aO2","_links":{"self":[{"href":"https:\/\/noticiasribeiraopreto.com.br\/index.php\/wp-json\/wp\/v2\/posts\/41542","targetHints":{"allow":["GET"]}}],"collection":[{"href":"https:\/\/noticiasribeiraopreto.com.br\/index.php\/wp-json\/wp\/v2\/posts"}],"about":[{"href":"https:\/\/noticiasribeiraopreto.com.br\/index.php\/wp-json\/wp\/v2\/types\/post"}],"author":[{"embeddable":true,"href":"https:\/\/noticiasribeiraopreto.com.br\/index.php\/wp-json\/wp\/v2\/users\/1"}],"replies":[{"embeddable":true,"href":"https:\/\/noticiasribeiraopreto.com.br\/index.php\/wp-json\/wp\/v2\/comments?post=41542"}],"version-history":[{"count":0,"href":"https:\/\/noticiasribeiraopreto.com.br\/index.php\/wp-json\/wp\/v2\/posts\/41542\/revisions"}],"wp:featuredmedia":[{"embeddable":true,"href":"https:\/\/noticiasribeiraopreto.com.br\/index.php\/wp-json\/wp\/v2\/media\/41543"}],"wp:attachment":[{"href":"https:\/\/noticiasribeiraopreto.com.br\/index.php\/wp-json\/wp\/v2\/media?parent=41542"}],"wp:term":[{"taxonomy":"category","embeddable":true,"href":"https:\/\/noticiasribeiraopreto.com.br\/index.php\/wp-json\/wp\/v2\/categories?post=41542"},{"taxonomy":"post_tag","embeddable":true,"href":"https:\/\/noticiasribeiraopreto.com.br\/index.php\/wp-json\/wp\/v2\/tags?post=41542"}],"curies":[{"name":"wp","href":"https:\/\/api.w.org\/{rel}","templated":true}]}}