{"id":41545,"date":"2024-03-08T18:43:27","date_gmt":"2024-03-08T21:43:27","guid":{"rendered":"https:\/\/noticiasribeiraopreto.com.br\/index.php\/2024\/03\/08\/base-espacial-inflavel-e-atracao-no-novo-shopping\/"},"modified":"2024-03-08T18:43:27","modified_gmt":"2024-03-08T21:43:27","slug":"base-espacial-inflavel-e-atracao-no-novo-shopping","status":"publish","type":"post","link":"https:\/\/noticiasribeiraopreto.com.br\/index.php\/2024\/03\/08\/base-espacial-inflavel-e-atracao-no-novo-shopping\/","title":{"rendered":"Base espacial infl\u00e1vel \u00e9 atra\u00e7\u00e3o no Novo Shopping"},"content":{"rendered":"<div class='code-block code-block-1' style='margin: 8px 0 8px auto; text-align: right; display: block; clear: both;'>\n<p><a href=\"https:\/\/wa.link\/vpicfd\"><img data-recalc-dims=\"1\" class=\"wp-image-4922\" style=\"aspect-ratio: 2.0253164556962027; width: 561px; height: auto;\" src=\"https:\/\/i0.wp.com\/ismaelcolosi.com.br\/wp-content\/uploads\/2023\/11\/grupo-de-empregos-whatsapp-e-facebook-ismael-colosi-vagas.jpg?ssl=1\" alt=\"\" \/><\/a><\/p>\n<!-- \/wp:image -->\n<\/div>\n<p> <br \/>\n<\/p>\n<div id=\"\">\n<p> <span class=\"entry-meta-item penci-posted-on\"><i class=\"fa fa-clock-o\"\/><time class=\"entry-date published updated\" datetime=\"2024-03-08T17:58:41-03:00\">8 de mar\u00e7o de 2024 | 17:58<\/time><\/span><\/p>\n<p> <span class=\"penci-social-buttons penci-social-share-footer\"><a href=\"#\" class=\"penci-post-like penci_post-meta_item  single-like-button penci-social-item like\" data-post_id=\"376694\" title=\"Like\" data-like=\"Like\" data-unlike=\"Unlike\"><i class=\"fa fa-thumbs-o-up\"\/><span class=\"penci-share-number\">0<\/span><\/a><i class=\"fa fa-facebook\"\/><a class=\"penci-social-item twitter\" target=\"_blank\" rel=\"noopener\" title=\"\" href=\"https:\/\/twitter.com\/intent\/tweet?text=Base%20espacial%20infl\u00e1vel%20\u00e9%20atra\u00e7\u00e3o%20no%20Novo%20Shopping%20-%20https:\/\/www.tribunaribeirao.com.br\/site\/base-espacial-inflavel-e-atracao-no-novo-shopping\/\"><i class=\"fa fa-twitter\"\/><\/a><i class=\"fa fa-whatsapp\"\/><\/span><\/div>\n<div>\n<p>Uma superbase espacial infl\u00e1vel, chamada \u201cAl\u00f4 Base\u201d, com mais de 400 m\u00b2, est\u00e1 em funcionamento na Pra\u00e7a de Eventos do Novo Shopping. O evento \u00e9 realizado pela Jump Palooza, empresa do Grupo Coney Island, detentora do Park do Goril\u00e3o. O hor\u00e1rio de funcionamento \u00e9 das 10h \u00e0s 22h (de segunda a sexta e tamb\u00e9m aos s\u00e1bados, domingos e feriados).<\/p>\n<p>At\u00e9 1\u00ba de abril, as crian\u00e7as poder\u00e3o desfrutar de uma aventura intergal\u00e1ctica com obst\u00e1culos espaciais, escorregadores, parede de escalada, e outras atra\u00e7\u00f5es, assim como o astronauta gigante dando boas-vindas aos tripulantes na entrada da Base Espacial<\/p>\n<p>Os ingressos para esta experi\u00eancia est\u00e3o \u00e0 venda por R$ 39,90 de segunda a quinta-feira (exceto feriados) e por R$ 49,90 as sextas, s\u00e1bados, domingos e feriados com tempo de perman\u00eancia livre.<\/p>\n<p>Existe a op\u00e7\u00e3o de adquirir o passaporte presencialmente ou tamb\u00e9m \u00e9 poss\u00edvel adquirir o passaporte atrav\u00e9s do site do Park do Goril\u00e3o (https:\/\/loja.gorilao.com.br\/produto\/vitrine\/PASSAPORTE_ALO_BASE). Quem adquirir ingresso pelo site receber\u00e1 uma cortesia para a Casa do Goril\u00e3o. \u00c9 divers\u00e3o em dobro.<\/p>\n<p>Para garantir a seguran\u00e7a dos pequenos, algumas regras s\u00e3o importantes: crian\u00e7as com mais de 1,00 m podem explorar a base espacial sozinhas, enquanto aquelas com menos de 1,00 m precisam estar acompanhadas por um pai ou adulto respons\u00e1vel. Neste caso, o ingresso do pai ou adulto respons\u00e1vel \u00e9 gratuito. No entanto, se um pai ou respons\u00e1vel desejar acompanhar uma crian\u00e7a com mais de 1,00 m, ser\u00e1 necess\u00e1rio adquirir um ingresso adicional.<\/p>\n<p>Para mais informa\u00e7\u00f5es sobre a atra\u00e7\u00e3o, bem como todo o regulamento do Al\u00f4 Base, acesse https:\/\/loja.gorilao.com.br\/.<\/p>\n<p>\u00a0<\/p>\n<p>\u00a0<\/p>\n<p>\u00a0<\/p>\n<p>\u00a0<\/p>\n<p>\u00a0<\/p>\n<p>\u00a0<\/p>\n<p>\u00a0<\/p>\n<p>\u00a0<\/p>\n<\/div>\n<p><script async src=\"\/\/platform.twitter.com\/widgets.js\" charset=\"utf-8\"><\/script><br \/>\n<br \/><br \/>\n<br \/><a href=\"https:\/\/www.tribunaribeirao.com.br\/site\/base-espacial-inflavel-e-atracao-no-novo-shopping\/\">Source link <\/a><\/p>\n<!-- CONTENT END 1 -->\n","protected":false},"excerpt":{"rendered":"<p>8 de mar\u00e7o de 2024 | 17:58 0 Uma superbase espacial infl\u00e1vel, chamada \u201cAl\u00f4 Base\u201d, com mais de 400 m\u00b2, est\u00e1 em funcionamento na Pra\u00e7a&#8230;<\/p>\n","protected":false},"author":1,"featured_media":41546,"comment_status":"open","ping_status":"open","sticky":false,"template":"","format":"standard","meta":{"advanced_seo_description":"","jetpack_seo_html_title":"","jetpack_seo_noindex":false,"jetpack_post_was_ever_published":false,"_jetpack_newsletter_access":"","_jetpack_dont_email_post_to_subs":false,"_jetpack_newsletter_tier_id":0,"_jetpack_memberships_contains_paywalled_content":false,"_jetpack_memberships_contains_paid_content":false,"footnotes":"","jetpack_publicize_message":"","jetpack_publicize_feature_enabled":true,"jetpack_social_post_already_shared":true,"jetpack_social_options":{"image_generator_settings":{"template":"highway","default_image_id":0,"font":"","enabled":false},"version":2}},"categories":[11],"tags":[4416,2756,4869,4870,381,302],"class_list":["post-41545","post","type-post","status-publish","format-standard","has-post-thumbnail","hentry","category-noticias-de-ribeirao-preto-sp-e-regiao-ismael-colosi","tag-atracao","tag-base","tag-espacial","tag-inflavel","tag-novo","tag-shopping"],"jetpack_publicize_connections":[],"jetpack_featured_media_url":"https:\/\/i0.wp.com\/noticiasribeiraopreto.com.br\/wp-content\/uploads\/2024\/03\/ae317497-2f58-4599-b50a-db84e80561ec.jpg?fit=840%2C628&ssl=1","jetpack-related-posts":[{"id":37104,"url":"https:\/\/noticiasribeiraopreto.com.br\/index.php\/2024\/02\/14\/shopping-de-ribeirao-recebe-brinquedo-inflavel-com-tema-espacial-para-criancas\/","url_meta":{"origin":41545,"position":0},"title":"Shopping de Ribeir\u00e3o recebe brinquedo infl\u00e1vel com tema espacial para crian\u00e7as","author":"noticiasribeiraopreto.com.br","date":"14 de February de 2024","format":false,"excerpt":"O Novo Shopping, em Ribeir\u00e3o Preto, recebe um brinquedo infl\u00e1vel para divers\u00e3o da crian\u00e7ada, a partir desta quarta (14) at\u00e9 o dia 1\u00ba de abril. Chamada de \u201cAl\u00f4 Base\u201d, a atra\u00e7\u00e3o \u00e9 uma superbase espacial infl\u00e1vel com mais de 400 metros quadrados e funciona de segunda a domingo, das 10h\u2026","rel":"","context":"In &quot;Not\u00edcias de Ribeir\u00e3o Preto-SP e Regi\u00e3o&quot;","block_context":{"text":"Not\u00edcias de Ribeir\u00e3o Preto-SP e Regi\u00e3o","link":"https:\/\/noticiasribeiraopreto.com.br\/index.php\/category\/noticias-de-ribeirao-preto-sp-e-regiao-ismael-colosi\/"},"img":{"alt_text":"","src":"https:\/\/i0.wp.com\/noticiasribeiraopreto.com.br\/wp-content\/uploads\/2024\/02\/WhatsApp-Image-2024-02-14-at-09.29.02.jpeg?fit=840%2C628&ssl=1&resize=350%2C200","width":350,"height":200,"srcset":"https:\/\/i0.wp.com\/noticiasribeiraopreto.com.br\/wp-content\/uploads\/2024\/02\/WhatsApp-Image-2024-02-14-at-09.29.02.jpeg?fit=840%2C628&ssl=1&resize=350%2C200 1x, https:\/\/i0.wp.com\/noticiasribeiraopreto.com.br\/wp-content\/uploads\/2024\/02\/WhatsApp-Image-2024-02-14-at-09.29.02.jpeg?fit=840%2C628&ssl=1&resize=525%2C300 1.5x, https:\/\/i0.wp.com\/noticiasribeiraopreto.com.br\/wp-content\/uploads\/2024\/02\/WhatsApp-Image-2024-02-14-at-09.29.02.jpeg?fit=840%2C628&ssl=1&resize=700%2C400 2x"},"classes":[]},{"id":62672,"url":"https:\/\/noticiasribeiraopreto.com.br\/index.php\/2025\/01\/21\/pai-e-filho-suspeitos-de-furto-de-castelo-inflavel-gigante-sao-considerados-foragidos\/","url_meta":{"origin":41545,"position":1},"title":"Pai e filho suspeitos de furto de castelo infl\u00e1vel gigante s\u00e3o considerados foragidos","author":"noticiasribeiraopreto.com.br","date":"21 de January de 2025","format":false,"excerpt":"A Pol\u00edcia Civil de Bebedouro realizou nesta ter\u00e7a-feira (21) uma opera\u00e7\u00e3o contra dois homens, pai e filho, suspeitos de envolvimento no furto de um castelo infl\u00e1vel gigante em Mogi Gua\u00e7u, tamb\u00e9m no interior de S\u00e3o Paulo. Os mandados de busca e apreens\u00e3o foram cumpridos em Viradouro e Sert\u00e3ozinho, na regi\u00e3o\u2026","rel":"","context":"In &quot;Not\u00edcias de Ribeir\u00e3o Preto-SP e Regi\u00e3o&quot;","block_context":{"text":"Not\u00edcias de Ribeir\u00e3o Preto-SP e Regi\u00e3o","link":"https:\/\/noticiasribeiraopreto.com.br\/index.php\/category\/noticias-de-ribeirao-preto-sp-e-regiao-ismael-colosi\/"},"img":{"alt_text":"","src":"https:\/\/i0.wp.com\/noticiasribeiraopreto.com.br\/wp-content\/uploads\/2024\/12\/Sem-titulo_2024-12-05_00-37-21_png_2024-12-05_00-37-21.webp.webp?fit=1200%2C610&ssl=1&resize=350%2C200","width":350,"height":200,"srcset":"https:\/\/i0.wp.com\/noticiasribeiraopreto.com.br\/wp-content\/uploads\/2024\/12\/Sem-titulo_2024-12-05_00-37-21_png_2024-12-05_00-37-21.webp.webp?fit=1200%2C610&ssl=1&resize=350%2C200 1x, https:\/\/i0.wp.com\/noticiasribeiraopreto.com.br\/wp-content\/uploads\/2024\/12\/Sem-titulo_2024-12-05_00-37-21_png_2024-12-05_00-37-21.webp.webp?fit=1200%2C610&ssl=1&resize=525%2C300 1.5x, https:\/\/i0.wp.com\/noticiasribeiraopreto.com.br\/wp-content\/uploads\/2024\/12\/Sem-titulo_2024-12-05_00-37-21_png_2024-12-05_00-37-21.webp.webp?fit=1200%2C610&ssl=1&resize=700%2C400 2x, https:\/\/i0.wp.com\/noticiasribeiraopreto.com.br\/wp-content\/uploads\/2024\/12\/Sem-titulo_2024-12-05_00-37-21_png_2024-12-05_00-37-21.webp.webp?fit=1200%2C610&ssl=1&resize=1050%2C600 3x"},"classes":[]},{"id":61159,"url":"https:\/\/noticiasribeiraopreto.com.br\/index.php\/2024\/12\/04\/maior-castelo-inflavel-da-america-latina-e-recuperado-na-regiao-de-ribeirao-preto\/","url_meta":{"origin":41545,"position":2},"title":"Maior castelo infl\u00e1vel da Am\u00e9rica Latina \u00e9 recuperado na regi\u00e3o de Ribeir\u00e3o Preto","author":"noticiasribeiraopreto.com.br","date":"4 de December de 2024","format":false,"excerpt":"O maior castelo infl\u00e1vel da Am\u00e9rica Latina foi recuperado nesta quarta-feira (4), em Sert\u00e3ozinho, na regi\u00e3o de Ribeir\u00e3o Preto, ap\u00f3s ser roubado em um golpe de falso frete. De acordo com o propriet\u00e1rio do brinquedo, o equipamento foi levado no dia 18 de novembro, quando estava no shopping Buriti, em\u2026","rel":"","context":"In &quot;Not\u00edcias de Ribeir\u00e3o Preto-SP e Regi\u00e3o&quot;","block_context":{"text":"Not\u00edcias de Ribeir\u00e3o Preto-SP e Regi\u00e3o","link":"https:\/\/noticiasribeiraopreto.com.br\/index.php\/category\/noticias-de-ribeirao-preto-sp-e-regiao-ismael-colosi\/"},"img":{"alt_text":"","src":"https:\/\/i0.wp.com\/noticiasribeiraopreto.com.br\/wp-content\/uploads\/2024\/12\/Sem-titulo_2024-12-05_00-37-21_png_2024-12-05_00-37-21.webp.webp?fit=1200%2C610&ssl=1&resize=350%2C200","width":350,"height":200,"srcset":"https:\/\/i0.wp.com\/noticiasribeiraopreto.com.br\/wp-content\/uploads\/2024\/12\/Sem-titulo_2024-12-05_00-37-21_png_2024-12-05_00-37-21.webp.webp?fit=1200%2C610&ssl=1&resize=350%2C200 1x, https:\/\/i0.wp.com\/noticiasribeiraopreto.com.br\/wp-content\/uploads\/2024\/12\/Sem-titulo_2024-12-05_00-37-21_png_2024-12-05_00-37-21.webp.webp?fit=1200%2C610&ssl=1&resize=525%2C300 1.5x, https:\/\/i0.wp.com\/noticiasribeiraopreto.com.br\/wp-content\/uploads\/2024\/12\/Sem-titulo_2024-12-05_00-37-21_png_2024-12-05_00-37-21.webp.webp?fit=1200%2C610&ssl=1&resize=700%2C400 2x, https:\/\/i0.wp.com\/noticiasribeiraopreto.com.br\/wp-content\/uploads\/2024\/12\/Sem-titulo_2024-12-05_00-37-21_png_2024-12-05_00-37-21.webp.webp?fit=1200%2C610&ssl=1&resize=1050%2C600 3x"},"classes":[]},{"id":37124,"url":"https:\/\/noticiasribeiraopreto.com.br\/index.php\/2024\/02\/14\/renato-albani-se-apresenta-em-ribeirao-preto-veja-como-comprar-ingressos\/","url_meta":{"origin":41545,"position":3},"title":"Renato Albani se apresenta em Ribeir\u00e3o Preto; Veja como comprar ingressos","author":"noticiasribeiraopreto.com.br","date":"14 de February de 2024","format":false,"excerpt":"O humorista Renato Albani se apresenta em Ribeir\u00e3o Preto em mar\u00e7o com o \u201cNovo Show\u201d no Theatro Pedro II, no dia 15 de mar\u00e7o, \u00e0s 19h e \u00e0s 21h. Ingressos ainda est\u00e3o dispon\u00edveis. Renato j\u00e1 esteve em Ribeir\u00e3o Preto para apresentar o show \u201cAssim Caminha a Humanidade\u201d. Agora, ele traz\u2026","rel":"","context":"In &quot;Not\u00edcias de Ribeir\u00e3o Preto-SP e Regi\u00e3o&quot;","block_context":{"text":"Not\u00edcias de Ribeir\u00e3o Preto-SP e Regi\u00e3o","link":"https:\/\/noticiasribeiraopreto.com.br\/index.php\/category\/noticias-de-ribeirao-preto-sp-e-regiao-ismael-colosi\/"},"img":{"alt_text":"","src":"https:\/\/i0.wp.com\/noticiasribeiraopreto.com.br\/wp-content\/uploads\/2024\/02\/Capturar-10.jpg?fit=645%2C423&ssl=1&resize=350%2C200","width":350,"height":200,"srcset":"https:\/\/i0.wp.com\/noticiasribeiraopreto.com.br\/wp-content\/uploads\/2024\/02\/Capturar-10.jpg?fit=645%2C423&ssl=1&resize=350%2C200 1x, https:\/\/i0.wp.com\/noticiasribeiraopreto.com.br\/wp-content\/uploads\/2024\/02\/Capturar-10.jpg?fit=645%2C423&ssl=1&resize=525%2C300 1.5x"},"classes":[]},{"id":65905,"url":"https:\/\/noticiasribeiraopreto.com.br\/index.php\/2025\/03\/25\/shoppingsantaursula-recebe-circuito-tematico-da-galinha-pintadinha\/","url_meta":{"origin":41545,"position":4},"title":"ShoppingSanta\u00darsula recebe circuito tem\u00e1tico da Galinha Pintadinha","author":"noticiasribeiraopreto.com.br","date":"25 de March de 2025","format":false,"excerpt":"Uma das personagens mais queridas pelas crian\u00e7as no pa\u00eds, a Galinha Pintadinha chega ao ShoppingSanta\u00darsula com um parque infl\u00e1vel tem\u00e1tico e imersivo, refor\u00e7ando as op\u00e7\u00f5es de lazer e entretenimento do empreendimento. Localizado na Pra\u00e7a de Eventos, o circuito permanece no Santa at\u00e9 dia 30 de abril e \u00e9 destinado a\u2026","rel":"","context":"In &quot;Not\u00edcias de Ribeir\u00e3o Preto-SP e Regi\u00e3o&quot;","block_context":{"text":"Not\u00edcias de Ribeir\u00e3o Preto-SP e Regi\u00e3o","link":"https:\/\/noticiasribeiraopreto.com.br\/index.php\/category\/noticias-de-ribeirao-preto-sp-e-regiao-ismael-colosi\/"},"img":{"alt_text":"","src":"https:\/\/i0.wp.com\/noticiasribeiraopreto.com.br\/wp-content\/uploads\/2025\/03\/WhatsApp-Image-2025-03-25-at-15.09.17.jpeg?fit=1200%2C800&ssl=1&resize=350%2C200","width":350,"height":200,"srcset":"https:\/\/i0.wp.com\/noticiasribeiraopreto.com.br\/wp-content\/uploads\/2025\/03\/WhatsApp-Image-2025-03-25-at-15.09.17.jpeg?fit=1200%2C800&ssl=1&resize=350%2C200 1x, https:\/\/i0.wp.com\/noticiasribeiraopreto.com.br\/wp-content\/uploads\/2025\/03\/WhatsApp-Image-2025-03-25-at-15.09.17.jpeg?fit=1200%2C800&ssl=1&resize=525%2C300 1.5x, https:\/\/i0.wp.com\/noticiasribeiraopreto.com.br\/wp-content\/uploads\/2025\/03\/WhatsApp-Image-2025-03-25-at-15.09.17.jpeg?fit=1200%2C800&ssl=1&resize=700%2C400 2x, https:\/\/i0.wp.com\/noticiasribeiraopreto.com.br\/wp-content\/uploads\/2025\/03\/WhatsApp-Image-2025-03-25-at-15.09.17.jpeg?fit=1200%2C800&ssl=1&resize=1050%2C600 3x"},"classes":[]},{"id":14354,"url":"https:\/\/noticiasribeiraopreto.com.br\/index.php\/2023\/12\/12\/a-nasa-esta-planejando-colocar-um-telescopio-na-lua-inspirada-pelo-telescopio-espacial-james-webb-que-e-um-sucesso-na-astronomia\/","url_meta":{"origin":41545,"position":5},"title":"A NASA est\u00e1 planejando colocar um telesc\u00f3pio na Lua, inspirada pelo Telesc\u00f3pio Espacial James Webb que \u00e9 um sucesso na astronomia","author":"noticiasribeiraopreto.com.br","date":"12 de December de 2023","format":false,"excerpt":"Telesc\u00f3pio na Lua pela NASA (Foto: Divulga\u00e7\u00e3o) A NASA est\u00e1 planejando um projeto revolucion\u00e1rio para construir um telesc\u00f3pio na Lua, uma iniciativa que promete transformar nossa compreens\u00e3o do universo. Inspirado pelo sucesso do Telesc\u00f3pio Espacial James Webb, que j\u00e1 forneceu imagens incr\u00edveis do universo, esse novo projeto visa ir al\u00e9m,\u2026","rel":"","context":"In &quot;Vagas de Emprego em Ribeir\u00e3o Preto-SP&quot;","block_context":{"text":"Vagas de Emprego em Ribeir\u00e3o Preto-SP","link":"https:\/\/noticiasribeiraopreto.com.br\/index.php\/category\/empregos-classificados-vagas-trabalho\/vagas-de-empregos-em-ribeirao-preto-regiao-brasil\/"},"img":{"alt_text":"","src":"https:\/\/i0.wp.com\/noticiasribeiraopreto.com.br\/wp-content\/uploads\/2023\/12\/A-NASA-esta-planejando-colocar-um-telescopio-na-Lua-inspirada-pelo-Telescopio-Espacial-James-Webb-que-e-um-sucesso-na-astronomia-830x450.jpg?fit=830%2C450&ssl=1&resize=350%2C200","width":350,"height":200,"srcset":"https:\/\/i0.wp.com\/noticiasribeiraopreto.com.br\/wp-content\/uploads\/2023\/12\/A-NASA-esta-planejando-colocar-um-telescopio-na-Lua-inspirada-pelo-Telescopio-Espacial-James-Webb-que-e-um-sucesso-na-astronomia-830x450.jpg?fit=830%2C450&ssl=1&resize=350%2C200 1x, https:\/\/i0.wp.com\/noticiasribeiraopreto.com.br\/wp-content\/uploads\/2023\/12\/A-NASA-esta-planejando-colocar-um-telescopio-na-Lua-inspirada-pelo-Telescopio-Espacial-James-Webb-que-e-um-sucesso-na-astronomia-830x450.jpg?fit=830%2C450&ssl=1&resize=525%2C300 1.5x, https:\/\/i0.wp.com\/noticiasribeiraopreto.com.br\/wp-content\/uploads\/2023\/12\/A-NASA-esta-planejando-colocar-um-telescopio-na-Lua-inspirada-pelo-Telescopio-Espacial-James-Webb-que-e-um-sucesso-na-astronomia-830x450.jpg?fit=830%2C450&ssl=1&resize=700%2C400 2x"},"classes":[]}],"jetpack_sharing_enabled":true,"jetpack_shortlink":"https:\/\/wp.me\/peQAOb-aO5","_links":{"self":[{"href":"https:\/\/noticiasribeiraopreto.com.br\/index.php\/wp-json\/wp\/v2\/posts\/41545","targetHints":{"allow":["GET"]}}],"collection":[{"href":"https:\/\/noticiasribeiraopreto.com.br\/index.php\/wp-json\/wp\/v2\/posts"}],"about":[{"href":"https:\/\/noticiasribeiraopreto.com.br\/index.php\/wp-json\/wp\/v2\/types\/post"}],"author":[{"embeddable":true,"href":"https:\/\/noticiasribeiraopreto.com.br\/index.php\/wp-json\/wp\/v2\/users\/1"}],"replies":[{"embeddable":true,"href":"https:\/\/noticiasribeiraopreto.com.br\/index.php\/wp-json\/wp\/v2\/comments?post=41545"}],"version-history":[{"count":0,"href":"https:\/\/noticiasribeiraopreto.com.br\/index.php\/wp-json\/wp\/v2\/posts\/41545\/revisions"}],"wp:featuredmedia":[{"embeddable":true,"href":"https:\/\/noticiasribeiraopreto.com.br\/index.php\/wp-json\/wp\/v2\/media\/41546"}],"wp:attachment":[{"href":"https:\/\/noticiasribeiraopreto.com.br\/index.php\/wp-json\/wp\/v2\/media?parent=41545"}],"wp:term":[{"taxonomy":"category","embeddable":true,"href":"https:\/\/noticiasribeiraopreto.com.br\/index.php\/wp-json\/wp\/v2\/categories?post=41545"},{"taxonomy":"post_tag","embeddable":true,"href":"https:\/\/noticiasribeiraopreto.com.br\/index.php\/wp-json\/wp\/v2\/tags?post=41545"}],"curies":[{"name":"wp","href":"https:\/\/api.w.org\/{rel}","templated":true}]}}