{"id":41594,"date":"2024-03-09T12:25:22","date_gmt":"2024-03-09T15:25:22","guid":{"rendered":"https:\/\/noticiasribeiraopreto.com.br\/index.php\/2024\/03\/09\/jao-em-ribeirao-preto-confira-o-que-pode-ou-nao-levar-ao-show-neste-sabado\/"},"modified":"2024-03-09T12:25:22","modified_gmt":"2024-03-09T15:25:22","slug":"jao-em-ribeirao-preto-confira-o-que-pode-ou-nao-levar-ao-show-neste-sabado","status":"publish","type":"post","link":"https:\/\/noticiasribeiraopreto.com.br\/index.php\/2024\/03\/09\/jao-em-ribeirao-preto-confira-o-que-pode-ou-nao-levar-ao-show-neste-sabado\/","title":{"rendered":"J\u00e3o em Ribeir\u00e3o Preto: Confira o que pode ou n\u00e3o levar ao show neste s\u00e1bado"},"content":{"rendered":"<div class='code-block code-block-1' style='margin: 8px 0 8px auto; text-align: right; display: block; clear: both;'>\n<p><a href=\"https:\/\/wa.link\/vpicfd\"><img data-recalc-dims=\"1\" class=\"wp-image-4922\" style=\"aspect-ratio: 2.0253164556962027; width: 561px; height: auto;\" src=\"https:\/\/i0.wp.com\/ismaelcolosi.com.br\/wp-content\/uploads\/2023\/11\/grupo-de-empregos-whatsapp-e-facebook-ismael-colosi-vagas.jpg?ssl=1\" alt=\"\" \/><\/a><\/p>\n<!-- \/wp:image -->\n<\/div>\n<p> <br \/>\n<\/p>\n<div data-td-block-uid=\"tdi_101\">\n<div class=\"tdb-block-inner td-fix-index\">\n<p><strong>O cantor J\u00e3o se apresenta em Ribeir\u00e3o Preto na noite deste s\u00e1bado (9), a partir das 20h30, no Est\u00e1dio Palma Travassos (Comercial). <\/strong>Os port\u00f5es est\u00e3o previstos para abrir a partir das 18h e <span style=\"background-color:#f7cc62\" class=\"td_text_highlight_marker\">ainda h\u00e1 ingressos dispon\u00edveis (<a href=\"https:\/\/www.eventim.com.br\/event\/jao-super-estadio-comercial-17452216\/?affiliate=JA0&amp;utm_source=search&amp;utm_medium=cpc&amp;utm_campaign=30e_search_jao-rib_conversao_google&amp;utm_term=rib-preto_keywords_x_x&amp;utm_content=jao-ribeirao_texto_vendas-abertas&amp;gad_source=1&amp;gclid=EAIaIQobChMIq_fUg7jnhAMV_19IAB31eQZAEAAYASAAEgJvUPD_BwE\" target=\"_blank\" rel=\"noreferrer noopener\">clique aqui<\/a>).<\/span><\/p>\n<p>O <strong>artista <\/strong>chega a<strong> Ribeir\u00e3o<\/strong> com o show da \u201c<strong>Superturn\u00ea<\/strong>\u201d. O <strong>cantor <\/strong>\u00e9 respons\u00e1vel por esgotar dois dias de show no Allianz Parque com as primeiras apresenta\u00e7\u00f5es de sua turn\u00ea. J\u00e3o \u00e9 o artista mais jovem a esgotar dois dias de show na arena palmeirense.<\/p>\n<p>A <strong>organiza\u00e7\u00e3o <\/strong>do <strong>evento <\/strong>informou o que <strong>pode ou n\u00e3o levar <\/strong>para <strong>apresenta\u00e7\u00e3o<\/strong> em <strong>Ribeir\u00e3o<\/strong>.<strong> <\/strong><span style=\"background-color:#f7cc62\" class=\"td_text_highlight_marker\">Confira:<\/span><\/p>\n<h4 class=\"wp-block-heading\"><strong>O que \u00e9 permitido:<\/strong><\/h4>\n<ul>\n<li>Alimentos \u2013 s\u00e3o permitidos apenas alimentos industrializados, com a embalagem lacrada originalmente, como salgadinhos e bolachas. Caso haja necessidade de alguma alimenta\u00e7\u00e3o especial, dever\u00e1 ser fornecido pelo solicitante laudo ou prescri\u00e7\u00e3o m\u00e9dica<\/li>\n<li>Frutas ou verduras \u2013 apenas cortadas e em embalagens de pl\u00e1stico<\/li>\n<li>Medicamentos \u2013 apenas com receita<\/li>\n<li>Garrafa de \u00e1gua \u2013 \u00e9 permitida a entrada de uma garrafa de \u00e1gua lacrada, no material pl\u00e1stico flex\u00edvel e transparente de at\u00e9 60 ml, ou uma garrafa vazia, no material pl\u00e1stico flex\u00edvel e transparente de at\u00e9 600 ml<\/li>\n<\/ul>\n<p>O <strong>evento <\/strong>contar\u00e1 com <strong>pontos de hidrata\u00e7\u00e3o<\/strong> dispon\u00edveis nas barricadas e acessos do local, tamb\u00e9m haver\u00e1 <strong>bebedouros<\/strong> posicionados em pontos estrat\u00e9gicos para reabastecimento de \u00e1gua.<\/p>\n<h4 class=\"wp-block-heading\"><strong>O que \u00e9 proibido:<\/strong><\/h4>\n<ul>\n<li>Armas de qualquer tipo \u2013 facas, canivetes, etc<\/li>\n<li>Guarda-chuva<\/li>\n<li>Roupas ou acess\u00f3rios com partes pontiagudas que possam machucar<\/li>\n<li>Objetos pontiagudos em geral \u2013 canetas<\/li>\n<li>Objetos perfurocortantes \u2013 tesouras, cortadores de unha, l\u00e2mina de barbear<\/li>\n<li>Bal\u00f5es, malabares, buzinas de ar, pistola de \u00e1gua<\/li>\n<li>Produtos ou materiais em spray inflam\u00e1vel e\/ou que contenham gases<\/li>\n<li>Fogos de artificio e de estampido<\/li>\n<li>Drogas ilegais, subst\u00e2ncias t\u00f3xicas, medicamentos sem receita m\u00e9dica<\/li>\n<li>Bebidas alco\u00f3licas<\/li>\n<li>Alimentos destinados ao com\u00e9rcio ou que representem riscos \u00e0 seguran\u00e7a e \u00e0 sa\u00fade<\/li>\n<li>Camisas de torcidas, bandeiras com e sem mastro<\/li>\n<li>Pap\u00e9is em rolo \u2013 revistas, jornais, cartazes, panfletos e adesivos<\/li>\n<li>Vasilhames, copos, compartimentos de armazenamento em vidro, pl\u00e1stico, metal ou qualquer outro tipo de material<\/li>\n<li>M\u00e1quinas fotogr\u00e1ficas profissionais (lente intercambi\u00e1vel), gravadores, filmadoras, Go-Pro ou similares, tablets, bast\u00e3o para tirar fotos e gimbals<\/li>\n<li>Cigarros eletr\u00f4nicos<\/li>\n<li>Desodorante, cosm\u00e9ticos ou perfume em recipientes com volume superior a 90 ml<\/li>\n<li>Capacete de moto ou similares<\/li>\n<li>Lasers, r\u00e1dio comunicador e drones<\/li>\n<li>Animais \u2013 exceto c\u00e3es-guias<\/li>\n<li>Cadeiras ou bancos<\/li>\n<li>Mochilas ou bolsas com medidas superiores a 20\u00d730 cm<\/li>\n<li>Produtos para comercializa\u00e7\u00e3o<\/li>\n<li>Objetos que possam causar riscos, dano ou importuna\u00e7\u00e3o sujeito ao crit\u00e9rio da produ\u00e7\u00e3o, seguran\u00e7a e policiamento no local<\/li>\n<\/ul>\n<p>No local ser\u00e1 feito <strong>inspe\u00e7\u00f5es<\/strong> e <strong>revistas corporais<\/strong>, e os objetos <strong>n\u00e3o permitidos<\/strong> ser\u00e3o <strong>descartados<\/strong>. O evento <strong>n\u00e3o possui<\/strong> guarda-volume.<\/p>\n<p>SAIBA MAIS<br \/>Ribeir\u00e3o Preto tem encontro de carros antigos neste final de semana; Veja onde<\/p>\n<h4 class=\"wp-block-heading\"><strong>FIQUE ON<\/strong><\/h4>\n<p>Fique ligado em tudo que acontece em Ribeir\u00e3o Preto e regi\u00e3o. Siga os perfis do <strong>acidade on<\/strong> no <a href=\"https:\/\/www.instagram.com\/acidadeonribeirao\/\" target=\"_blank\" rel=\"noreferrer noopener\">Instagram<\/a> e no <a href=\"https:\/\/www.facebook.com\/acidadeonribeirao\" target=\"_blank\" rel=\"noreferrer noopener\">Facebook<\/a>.<\/p>\n<p>Receba not\u00edcias do acidade on no WhatsApp. Para entrar no grupo, basta<a href=\"https:\/\/chat.whatsapp.com\/Bnv2w66ZT4VDyZW3oiZ69n\" target=\"_blank\" rel=\"noreferrer noopener\"> clicar aqui<\/a>.<\/p>\n<p>Fa\u00e7a uma den\u00fancia ou sugira uma reportagem sobre Ribeir\u00e3o Preto e regi\u00e3o pelo WhatsApp: 16 99117 7802.<\/p>\n<p>VEJA TAMB\u00c9M<br \/>Rodriguinho faz tatuagem em homenagem ao BBB 24<\/p>\n<p><!-- AI CONTENT END 1 -->\n<\/div>\n<\/div>\n<p><script async src=\"\/\/www.instagram.com\/embed.js\"><\/script><br \/>\n<br \/><br \/>\n<br \/><a href=\"https:\/\/www.acidadeon.com\/ribeiraopreto\/lazer-e-cultura\/jao-em-ribeirao-preto-confira-que-pode-ou-nao-levar-ao-show-neste-sabado\/\">Source link <\/a><\/p>\n<!-- CONTENT END 1 -->\n","protected":false},"excerpt":{"rendered":"<p>O cantor J\u00e3o se apresenta em Ribeir\u00e3o Preto na noite deste s\u00e1bado (9), a partir das 20h30, no Est\u00e1dio Palma Travassos (Comercial). Os port\u00f5es est\u00e3o&#8230;<\/p>\n","protected":false},"author":1,"featured_media":41595,"comment_status":"open","ping_status":"open","sticky":false,"template":"","format":"standard","meta":{"advanced_seo_description":"","jetpack_seo_html_title":"","jetpack_seo_noindex":false,"jetpack_post_was_ever_published":false,"_jetpack_newsletter_access":"","_jetpack_dont_email_post_to_subs":false,"_jetpack_newsletter_tier_id":0,"_jetpack_memberships_contains_paywalled_content":false,"_jetpack_memberships_contains_paid_content":false,"footnotes":"","jetpack_publicize_message":"","jetpack_publicize_feature_enabled":true,"jetpack_social_post_already_shared":true,"jetpack_social_options":{"image_generator_settings":{"template":"highway","default_image_id":0,"font":"","enabled":false},"version":2}},"categories":[11],"tags":[],"class_list":["post-41594","post","type-post","status-publish","format-standard","has-post-thumbnail","hentry","category-noticias-de-ribeirao-preto-sp-e-regiao-ismael-colosi"],"jetpack_publicize_connections":[],"jetpack_featured_media_url":"https:\/\/i0.wp.com\/noticiasribeiraopreto.com.br\/wp-content\/uploads\/2024\/03\/WhatsApp-Image-2024-03-09-at-12.09.01.jpeg?fit=479%2C332&ssl=1","jetpack-related-posts":[{"id":41727,"url":"https:\/\/noticiasribeiraopreto.com.br\/index.php\/2024\/03\/10\/jao-recorda-infancia-e-compara-ribeirao-preto-com-a-disney-veja-o-video\/","url_meta":{"origin":41594,"position":0},"title":"J\u00e3o recorda inf\u00e2ncia e compara Ribeir\u00e3o Preto com a Disney; Veja o v\u00eddeo","author":"noticiasribeiraopreto.com.br","date":"10 de March de 2024","format":false,"excerpt":"Durante o show no est\u00e1dio Palma Travassos, em Ribeir\u00e3o Preto, o cantor J\u00e3o lembrou de quando vinha para cidade na inf\u00e2ncia. J\u00e3o \u00e9 natural de Am\u00e9rico Brasiliense, pr\u00f3ximo a Araraquara. Ele se apresentou em Ribeir\u00e3o Preto na noite do \u00faltimo s\u00e1bado (9). \u201cRibeir\u00e3o Preto para mim era tipo a Disney\u201d,\u2026","rel":"","context":"In &quot;Not\u00edcias de Ribeir\u00e3o Preto-SP e Regi\u00e3o&quot;","block_context":{"text":"Not\u00edcias de Ribeir\u00e3o Preto-SP e Regi\u00e3o","link":"https:\/\/noticiasribeiraopreto.com.br\/index.php\/category\/noticias-de-ribeirao-preto-sp-e-regiao-ismael-colosi\/"},"img":{"alt_text":"","src":"https:\/\/i0.wp.com\/noticiasribeiraopreto.com.br\/wp-content\/uploads\/2024\/03\/AnyConv.com__jao-1.webp.webp?fit=1200%2C674&ssl=1&resize=350%2C200","width":350,"height":200,"srcset":"https:\/\/i0.wp.com\/noticiasribeiraopreto.com.br\/wp-content\/uploads\/2024\/03\/AnyConv.com__jao-1.webp.webp?fit=1200%2C674&ssl=1&resize=350%2C200 1x, https:\/\/i0.wp.com\/noticiasribeiraopreto.com.br\/wp-content\/uploads\/2024\/03\/AnyConv.com__jao-1.webp.webp?fit=1200%2C674&ssl=1&resize=525%2C300 1.5x, https:\/\/i0.wp.com\/noticiasribeiraopreto.com.br\/wp-content\/uploads\/2024\/03\/AnyConv.com__jao-1.webp.webp?fit=1200%2C674&ssl=1&resize=700%2C400 2x, https:\/\/i0.wp.com\/noticiasribeiraopreto.com.br\/wp-content\/uploads\/2024\/03\/AnyConv.com__jao-1.webp.webp?fit=1200%2C674&ssl=1&resize=1050%2C600 3x"},"classes":[]},{"id":37314,"url":"https:\/\/noticiasribeiraopreto.com.br\/index.php\/2024\/02\/15\/jao-faz-show-em-ribeirao-em-marco-ingressos-para-superturne-estao-disponiveis\/","url_meta":{"origin":41594,"position":1},"title":"J\u00e3o faz show em Ribeir\u00e3o em mar\u00e7o; Ingressos para &#8216;Superturn\u00ea&#8217; est\u00e3o dispon\u00edveis","author":"noticiasribeiraopreto.com.br","date":"15 de February de 2024","format":false,"excerpt":"O cantor J\u00e3o se apresenta no pr\u00f3ximo dia 9 de mar\u00e7o, no Est\u00e1dio Palma Travassos (Comercial), em Ribeir\u00e3o Preto, e ainda d\u00e1 tempo de garantir os ingressos para a \u201cSuperturn\u00ea\u201d, \u00e0 venda pela internet (clique aqui). Os port\u00f5es abrem \u00e0s 18h e o show est\u00e1 previsto para come\u00e7ar \u00e0s 21h.\u2026","rel":"","context":"In &quot;Not\u00edcias de Ribeir\u00e3o Preto-SP e Regi\u00e3o&quot;","block_context":{"text":"Not\u00edcias de Ribeir\u00e3o Preto-SP e Regi\u00e3o","link":"https:\/\/noticiasribeiraopreto.com.br\/index.php\/category\/noticias-de-ribeirao-preto-sp-e-regiao-ismael-colosi\/"},"img":{"alt_text":"","src":"https:\/\/i0.wp.com\/noticiasribeiraopreto.com.br\/wp-content\/uploads\/2024\/02\/WhatsApp-Image-2024-02-15-at-10.54.16.jpeg?fit=734%2C459&ssl=1&resize=350%2C200","width":350,"height":200,"srcset":"https:\/\/i0.wp.com\/noticiasribeiraopreto.com.br\/wp-content\/uploads\/2024\/02\/WhatsApp-Image-2024-02-15-at-10.54.16.jpeg?fit=734%2C459&ssl=1&resize=350%2C200 1x, https:\/\/i0.wp.com\/noticiasribeiraopreto.com.br\/wp-content\/uploads\/2024\/02\/WhatsApp-Image-2024-02-15-at-10.54.16.jpeg?fit=734%2C459&ssl=1&resize=525%2C300 1.5x, https:\/\/i0.wp.com\/noticiasribeiraopreto.com.br\/wp-content\/uploads\/2024\/02\/WhatsApp-Image-2024-02-15-at-10.54.16.jpeg?fit=734%2C459&ssl=1&resize=700%2C400 2x"},"classes":[]},{"id":41936,"url":"https:\/\/noticiasribeiraopreto.com.br\/index.php\/2024\/03\/12\/show-do-jao-arrecada-25-toneladas-de-alimentos-em-ribeirao-preto\/","url_meta":{"origin":41594,"position":2},"title":"Show do J\u00e3o arrecada 2,5 toneladas de alimentos em Ribeir\u00e3o Preto","author":"noticiasribeiraopreto.com.br","date":"12 de March de 2024","format":false,"excerpt":"O show do cantor J\u00e3o na \u201cSuperturn\u00ea\u201d, em Ribeir\u00e3o Preto, arrecadou 2,5 toneladas em alimentos n\u00e3o perec\u00edveis para doa\u00e7\u00e3o a entidades da cidade, por meio do Fundo Social de Solidariedade (FSS). O evento aconteceu no \u00faltimo s\u00e1bado (9), no Est\u00e1dio Palma Travassos (Comercial). O evento contou com a op\u00e7\u00e3o de\u00a0\u201cingresso\u2026","rel":"","context":"In &quot;Not\u00edcias de Ribeir\u00e3o Preto-SP e Regi\u00e3o&quot;","block_context":{"text":"Not\u00edcias de Ribeir\u00e3o Preto-SP e Regi\u00e3o","link":"https:\/\/noticiasribeiraopreto.com.br\/index.php\/category\/noticias-de-ribeirao-preto-sp-e-regiao-ismael-colosi\/"},"img":{"alt_text":"","src":"https:\/\/i0.wp.com\/noticiasribeiraopreto.com.br\/wp-content\/uploads\/2024\/03\/fss_turne_jao_1.jpg?fit=1044%2C692&ssl=1&resize=350%2C200","width":350,"height":200,"srcset":"https:\/\/i0.wp.com\/noticiasribeiraopreto.com.br\/wp-content\/uploads\/2024\/03\/fss_turne_jao_1.jpg?fit=1044%2C692&ssl=1&resize=350%2C200 1x, https:\/\/i0.wp.com\/noticiasribeiraopreto.com.br\/wp-content\/uploads\/2024\/03\/fss_turne_jao_1.jpg?fit=1044%2C692&ssl=1&resize=525%2C300 1.5x, https:\/\/i0.wp.com\/noticiasribeiraopreto.com.br\/wp-content\/uploads\/2024\/03\/fss_turne_jao_1.jpg?fit=1044%2C692&ssl=1&resize=700%2C400 2x"},"classes":[]},{"id":63162,"url":"https:\/\/noticiasribeiraopreto.com.br\/index.php\/2025\/02\/04\/jao-surpreende-fa-mirim-com-camisa-e-cds-autografados-antes-de-cirurgia-em-ribeirao-preto\/","url_meta":{"origin":41594,"position":3},"title":"J\u00e3o surpreende f\u00e3-mirim com camisa e CDs autografados antes de cirurgia em Ribeir\u00e3o Preto","author":"noticiasribeiraopreto.com.br","date":"4 de February de 2025","format":false,"excerpt":"Na ter\u00e7a-feira (4), Alice Const\u00e2ncio Lucas, uma menina de 11 anos de Ribeir\u00e3o Preto, recebeu um presente inesperado. Alice, que nasceu com miopatia nemal\u00ednica \u2014 uma condi\u00e7\u00e3o gen\u00e9tica rara que afeta a forma\u00e7\u00e3o muscular \u2014 foi surpreendida com uma camisa de edi\u00e7\u00e3o limitada e CDs autografados pelo cantor J\u00e3o. Ela\u2026","rel":"","context":"In &quot;Not\u00edcias de Ribeir\u00e3o Preto-SP e Regi\u00e3o&quot;","block_context":{"text":"Not\u00edcias de Ribeir\u00e3o Preto-SP e Regi\u00e3o","link":"https:\/\/noticiasribeiraopreto.com.br\/index.php\/category\/noticias-de-ribeirao-preto-sp-e-regiao-ismael-colosi\/"},"img":{"alt_text":"","src":"https:\/\/i0.wp.com\/noticiasribeiraopreto.com.br\/wp-content\/uploads\/2025\/02\/Copia-de-Copia-de-Copia-de-TAMANHO-EXATO-PARA-FOTOS-NO-SISTEMA-NOVO-2025-02-04T173031.778_2025-02-04_20-30-40_png_2025-02-04_20-30-40.webp.webp?fit=1200%2C675&ssl=1&resize=350%2C200","width":350,"height":200,"srcset":"https:\/\/i0.wp.com\/noticiasribeiraopreto.com.br\/wp-content\/uploads\/2025\/02\/Copia-de-Copia-de-Copia-de-TAMANHO-EXATO-PARA-FOTOS-NO-SISTEMA-NOVO-2025-02-04T173031.778_2025-02-04_20-30-40_png_2025-02-04_20-30-40.webp.webp?fit=1200%2C675&ssl=1&resize=350%2C200 1x, https:\/\/i0.wp.com\/noticiasribeiraopreto.com.br\/wp-content\/uploads\/2025\/02\/Copia-de-Copia-de-Copia-de-TAMANHO-EXATO-PARA-FOTOS-NO-SISTEMA-NOVO-2025-02-04T173031.778_2025-02-04_20-30-40_png_2025-02-04_20-30-40.webp.webp?fit=1200%2C675&ssl=1&resize=525%2C300 1.5x, https:\/\/i0.wp.com\/noticiasribeiraopreto.com.br\/wp-content\/uploads\/2025\/02\/Copia-de-Copia-de-Copia-de-TAMANHO-EXATO-PARA-FOTOS-NO-SISTEMA-NOVO-2025-02-04T173031.778_2025-02-04_20-30-40_png_2025-02-04_20-30-40.webp.webp?fit=1200%2C675&ssl=1&resize=700%2C400 2x, https:\/\/i0.wp.com\/noticiasribeiraopreto.com.br\/wp-content\/uploads\/2025\/02\/Copia-de-Copia-de-Copia-de-TAMANHO-EXATO-PARA-FOTOS-NO-SISTEMA-NOVO-2025-02-04T173031.778_2025-02-04_20-30-40_png_2025-02-04_20-30-40.webp.webp?fit=1200%2C675&ssl=1&resize=1050%2C600 3x"},"classes":[]},{"id":60213,"url":"https:\/\/noticiasribeiraopreto.com.br\/index.php\/2024\/11\/08\/veja-como-comprar-ingressos-para-turne-especial-de-natal-do-jao-em-ribeirao\/","url_meta":{"origin":41594,"position":4},"title":"Veja como comprar ingressos para turn\u00ea \u2018Especial de Natal\u2019 do J\u00e3o em Ribeir\u00e3o","author":"noticiasribeiraopreto.com.br","date":"8 de November de 2024","format":false,"excerpt":"As vendas de ingressos para turn\u00ea \u201cEspecial de Natal\u201d, do cantor J\u00e3o come\u00e7aram nesta sexta-feira (8), \u00e0s 12h. Atrav\u00e9s das redes sociais, o artista anunciou que a tour passar\u00e1 por 12 cidades brasileiras, com apresenta\u00e7\u00e3o em Ribeir\u00e3o Preto marcada para o dia 11 de dezembro. O evento acontece no Theatro\u2026","rel":"","context":"In &quot;Not\u00edcias de Ribeir\u00e3o Preto-SP e Regi\u00e3o&quot;","block_context":{"text":"Not\u00edcias de Ribeir\u00e3o Preto-SP e Regi\u00e3o","link":"https:\/\/noticiasribeiraopreto.com.br\/index.php\/category\/noticias-de-ribeirao-preto-sp-e-regiao-ismael-colosi\/"},"img":{"alt_text":"","src":"https:\/\/i0.wp.com\/noticiasribeiraopreto.com.br\/wp-content\/uploads\/2024\/11\/jao-especial-de-natal_2024-11-08_14-44-03_jpg_2024-11-08_14-44-03.webp.webp?fit=1200%2C675&ssl=1&resize=350%2C200","width":350,"height":200,"srcset":"https:\/\/i0.wp.com\/noticiasribeiraopreto.com.br\/wp-content\/uploads\/2024\/11\/jao-especial-de-natal_2024-11-08_14-44-03_jpg_2024-11-08_14-44-03.webp.webp?fit=1200%2C675&ssl=1&resize=350%2C200 1x, https:\/\/i0.wp.com\/noticiasribeiraopreto.com.br\/wp-content\/uploads\/2024\/11\/jao-especial-de-natal_2024-11-08_14-44-03_jpg_2024-11-08_14-44-03.webp.webp?fit=1200%2C675&ssl=1&resize=525%2C300 1.5x, https:\/\/i0.wp.com\/noticiasribeiraopreto.com.br\/wp-content\/uploads\/2024\/11\/jao-especial-de-natal_2024-11-08_14-44-03_jpg_2024-11-08_14-44-03.webp.webp?fit=1200%2C675&ssl=1&resize=700%2C400 2x, https:\/\/i0.wp.com\/noticiasribeiraopreto.com.br\/wp-content\/uploads\/2024\/11\/jao-especial-de-natal_2024-11-08_14-44-03_jpg_2024-11-08_14-44-03.webp.webp?fit=1200%2C675&ssl=1&resize=1050%2C600 3x"},"classes":[]},{"id":60198,"url":"https:\/\/noticiasribeiraopreto.com.br\/index.php\/2024\/11\/07\/jao-anuncia-turne-especial-de-natal-em-ribeirao-preto-saiba-quando\/","url_meta":{"origin":41594,"position":5},"title":"J\u00e3o anuncia turn\u00ea &#8216;Especial de Natal&#8217; em Ribeir\u00e3o Preto; saiba quando","author":"noticiasribeiraopreto.com.br","date":"7 de November de 2024","format":false,"excerpt":"O cantor J\u00e3o\u00a0fez a alegria dos f\u00e3s e anunciou a turn\u00ea \u2018Especial de Natal\u2019, por meio das redes sociais. O show, que passar\u00e1 por 12 cidades brasileiras, chegar\u00e1 a Ribeir\u00e3o Preto no dia 11 de dezembro. Ainda n\u00e3o foi divulgado o local do evento, mas a venda dos ingressos come\u00e7ar\u00e3o\u2026","rel":"","context":"In &quot;Not\u00edcias de Ribeir\u00e3o Preto-SP e Regi\u00e3o&quot;","block_context":{"text":"Not\u00edcias de Ribeir\u00e3o Preto-SP e Regi\u00e3o","link":"https:\/\/noticiasribeiraopreto.com.br\/index.php\/category\/noticias-de-ribeirao-preto-sp-e-regiao-ismael-colosi\/"},"img":{"alt_text":"","src":"https:\/\/i0.wp.com\/noticiasribeiraopreto.com.br\/wp-content\/uploads\/2024\/11\/Copia-de-Copia-de-Copia-de-TAMANHO-EXATO-PARA-FOTOS-NO-SISTEMA-NOVO-78_2024-11-07_23-06-01_png_2024-11-07_23-06-01.webp.webp?fit=1200%2C675&ssl=1&resize=350%2C200","width":350,"height":200,"srcset":"https:\/\/i0.wp.com\/noticiasribeiraopreto.com.br\/wp-content\/uploads\/2024\/11\/Copia-de-Copia-de-Copia-de-TAMANHO-EXATO-PARA-FOTOS-NO-SISTEMA-NOVO-78_2024-11-07_23-06-01_png_2024-11-07_23-06-01.webp.webp?fit=1200%2C675&ssl=1&resize=350%2C200 1x, https:\/\/i0.wp.com\/noticiasribeiraopreto.com.br\/wp-content\/uploads\/2024\/11\/Copia-de-Copia-de-Copia-de-TAMANHO-EXATO-PARA-FOTOS-NO-SISTEMA-NOVO-78_2024-11-07_23-06-01_png_2024-11-07_23-06-01.webp.webp?fit=1200%2C675&ssl=1&resize=525%2C300 1.5x, https:\/\/i0.wp.com\/noticiasribeiraopreto.com.br\/wp-content\/uploads\/2024\/11\/Copia-de-Copia-de-Copia-de-TAMANHO-EXATO-PARA-FOTOS-NO-SISTEMA-NOVO-78_2024-11-07_23-06-01_png_2024-11-07_23-06-01.webp.webp?fit=1200%2C675&ssl=1&resize=700%2C400 2x, https:\/\/i0.wp.com\/noticiasribeiraopreto.com.br\/wp-content\/uploads\/2024\/11\/Copia-de-Copia-de-Copia-de-TAMANHO-EXATO-PARA-FOTOS-NO-SISTEMA-NOVO-78_2024-11-07_23-06-01_png_2024-11-07_23-06-01.webp.webp?fit=1200%2C675&ssl=1&resize=1050%2C600 3x"},"classes":[]}],"jetpack_sharing_enabled":true,"jetpack_shortlink":"https:\/\/wp.me\/peQAOb-aOS","_links":{"self":[{"href":"https:\/\/noticiasribeiraopreto.com.br\/index.php\/wp-json\/wp\/v2\/posts\/41594","targetHints":{"allow":["GET"]}}],"collection":[{"href":"https:\/\/noticiasribeiraopreto.com.br\/index.php\/wp-json\/wp\/v2\/posts"}],"about":[{"href":"https:\/\/noticiasribeiraopreto.com.br\/index.php\/wp-json\/wp\/v2\/types\/post"}],"author":[{"embeddable":true,"href":"https:\/\/noticiasribeiraopreto.com.br\/index.php\/wp-json\/wp\/v2\/users\/1"}],"replies":[{"embeddable":true,"href":"https:\/\/noticiasribeiraopreto.com.br\/index.php\/wp-json\/wp\/v2\/comments?post=41594"}],"version-history":[{"count":0,"href":"https:\/\/noticiasribeiraopreto.com.br\/index.php\/wp-json\/wp\/v2\/posts\/41594\/revisions"}],"wp:featuredmedia":[{"embeddable":true,"href":"https:\/\/noticiasribeiraopreto.com.br\/index.php\/wp-json\/wp\/v2\/media\/41595"}],"wp:attachment":[{"href":"https:\/\/noticiasribeiraopreto.com.br\/index.php\/wp-json\/wp\/v2\/media?parent=41594"}],"wp:term":[{"taxonomy":"category","embeddable":true,"href":"https:\/\/noticiasribeiraopreto.com.br\/index.php\/wp-json\/wp\/v2\/categories?post=41594"},{"taxonomy":"post_tag","embeddable":true,"href":"https:\/\/noticiasribeiraopreto.com.br\/index.php\/wp-json\/wp\/v2\/tags?post=41594"}],"curies":[{"name":"wp","href":"https:\/\/api.w.org\/{rel}","templated":true}]}}