{"id":41596,"date":"2024-03-09T12:39:05","date_gmt":"2024-03-09T15:39:05","guid":{"rendered":"https:\/\/noticiasribeiraopreto.com.br\/index.php\/2024\/03\/09\/fuvest-anuncia-mudancas-no-vestibular-de-medicina-da-usp-entenda\/"},"modified":"2024-03-09T12:39:05","modified_gmt":"2024-03-09T15:39:05","slug":"fuvest-anuncia-mudancas-no-vestibular-de-medicina-da-usp-entenda","status":"publish","type":"post","link":"https:\/\/noticiasribeiraopreto.com.br\/index.php\/2024\/03\/09\/fuvest-anuncia-mudancas-no-vestibular-de-medicina-da-usp-entenda\/","title":{"rendered":"Fuvest anuncia mudan\u00e7as no vestibular de Medicina da USP; Entenda"},"content":{"rendered":"<div class='code-block code-block-1' style='margin: 8px 0 8px auto; text-align: right; display: block; clear: both;'>\n<p><a href=\"https:\/\/wa.link\/vpicfd\"><img data-recalc-dims=\"1\" class=\"wp-image-4922\" style=\"aspect-ratio: 2.0253164556962027; width: 561px; height: auto;\" src=\"https:\/\/i0.wp.com\/ismaelcolosi.com.br\/wp-content\/uploads\/2023\/11\/grupo-de-empregos-whatsapp-e-facebook-ismael-colosi-vagas.jpg?ssl=1\" alt=\"\" \/><\/a><\/p>\n<!-- \/wp:image -->\n<\/div>\n<p> <br \/>\n<\/p>\n<div>\n<p>A partir de <strong>2025<\/strong>, o vestibular da <strong>Funda\u00e7\u00e3o Universit\u00e1ria para o Vestibular (Fuvest)<\/strong> ter\u00e1 mudan\u00e7as para a \u00e1rea de <strong>Medicina<\/strong>. De acordo com informa\u00e7\u00f5es divulgadas nesta sexta-feira (8), pela Pr\u00f3-Reitoria de Gradua\u00e7\u00e3o da <strong>Universidade de S\u00e3o Paulo (USP)<\/strong>, os cursos das <strong>tr\u00eas unidades<\/strong> ter\u00e3o <strong>ingresso unificado<\/strong> na mesma carreira.<\/p>\n<p>Desta forma, <mark style=\"background-color:#fcb900\" class=\"has-inline-color\">os candidatos poder\u00e3o <strong>escolher as unidades por ordem de prefer\u00eancia<\/strong><\/mark>, concorrendo ao curso na <strong>Faculdade de Medicina<\/strong>, da capital paulista, na Faculdade de Odontologia de Bauru, que tamb\u00e9m oferece a gradua\u00e7\u00e3o, e na <strong>Faculdade de Medicina de Ribeir\u00e3o Preto<\/strong>.<\/p>\n<p>Ainda de acordo com o comunicado, as provas de conhecimentos espec\u00edficos da segunda fase da carreira v\u00e3o englobar: Biologia, F\u00edsica, Geografia e Qu\u00edmica. <mark style=\"background-color:#fcb900\" class=\"has-inline-color\">At\u00e9 ent\u00e3o, cada faculdade determinava quais seriam as disciplinas presentes nesta etapa do vestibular.<\/mark><\/p>\n<p>Em <strong>2024<\/strong>, ao todo, <strong>8.147 vagas foram disponibilizadas<\/strong> para ingresso na <strong>USP <\/strong>para os mais de 180 cursos oferecidos.<\/p>\n<p><strong>Medicina \u00e9 o curso mais concorrido.<\/strong> Com rela\u00e7\u00e3o ao total de vagas para a carreira s\u00e3o: 175 vagas para o campus de cidade de S\u00e3o Paulo, <strong>100 para a faculdade de Ribeir\u00e3o Preto<\/strong> e 60 vagas para Bauru.<\/p>\n<p><strong><em><mark style=\"background-color:rgba(0, 0, 0, 0)\" class=\"has-inline-color has-luminous-vivid-amber-color\">Por Renata Okumura, da Ag\u00eancia Estado<\/mark><\/em><\/strong><\/p>\n<hr class=\"wp-block-separator has-alpha-channel-opacity\"\/>\n<p>SAIBA MAIS<\/p>\n<p>Prefeitura oficializa campus do IFSP em \u00e1rea da antiga Cian\u00ea em Ribeir\u00e3o Preto<\/p>\n<h4 class=\"wp-block-heading\"><strong><mark style=\"background-color:#fcb900\" class=\"has-inline-color\">FIQUE ON<\/mark><\/strong><\/h4>\n<p>Fique ligado em tudo que acontece em Ribeir\u00e3o Preto e regi\u00e3o. Siga os perfis do<strong>\u00a0acidade on<\/strong>\u00a0no<a href=\"https:\/\/www.instagram.com\/acidadeonribeirao\" target=\"_blank\" rel=\"noreferrer noopener\">\u00a0Instagram<\/a>\u00a0e no\u00a0<a href=\"https:\/\/www.facebook.com\/acidadeonribeirao\" target=\"_blank\" rel=\"noreferrer noopener\">Facebook<\/a>.<\/p>\n<p>Receba not\u00edcias do<strong>\u00a0acidade on\u00a0<\/strong>no WhatsApp.\u00a0<a href=\"https:\/\/chat.whatsapp.com\/Bnv2w66ZT4VDyZW3oiZ69n\" target=\"_blank\" rel=\"noreferrer noopener\">Para entrar no grupo, basta clicar aqui.<\/a><\/p>\n<p>Fa\u00e7a uma den\u00fancia ou sugira uma reportagem sobre Ribeir\u00e3o Preto e regi\u00e3o pelo WhatsApp: 16 99117 7802.<\/p>\n<p>VEJA TAMB\u00c9M<\/p>\n<p>Desenrola: mais de 5 mil pessoas v\u00e3o aos Correios renegociar suas d\u00edvidas<\/p>\n<p><!-- AI CONTENT END 1 -->\n<\/div>\n<p><script async src=\"\/\/www.instagram.com\/embed.js\"><\/script><br \/>\n<br \/><br \/>\n<br \/><a href=\"https:\/\/www.acidadeon.com\/ribeiraopreto\/cotidiano\/fuvest-anuncia-mudancas-no-vestibular-de-medicina-da-usp-entenda\/\">Source link <\/a><\/p>\n<!-- CONTENT END 1 -->\n","protected":false},"excerpt":{"rendered":"<p>A partir de 2025, o vestibular da Funda\u00e7\u00e3o Universit\u00e1ria para o Vestibular (Fuvest) ter\u00e1 mudan\u00e7as para a \u00e1rea de Medicina. De acordo com informa\u00e7\u00f5es divulgadas&#8230;<\/p>\n","protected":false},"author":1,"featured_media":41597,"comment_status":"open","ping_status":"open","sticky":false,"template":"","format":"standard","meta":{"advanced_seo_description":"","jetpack_seo_html_title":"","jetpack_seo_noindex":false,"jetpack_post_was_ever_published":false,"_jetpack_newsletter_access":"","_jetpack_dont_email_post_to_subs":false,"_jetpack_newsletter_tier_id":0,"_jetpack_memberships_contains_paywalled_content":false,"_jetpack_memberships_contains_paid_content":false,"footnotes":"","jetpack_publicize_message":"","jetpack_publicize_feature_enabled":true,"jetpack_social_post_already_shared":true,"jetpack_social_options":{"image_generator_settings":{"template":"highway","default_image_id":0,"font":"","enabled":false},"version":2}},"categories":[11],"tags":[],"class_list":["post-41596","post","type-post","status-publish","format-standard","has-post-thumbnail","hentry","category-noticias-de-ribeirao-preto-sp-e-regiao-ismael-colosi"],"jetpack_publicize_connections":[],"jetpack_featured_media_url":"https:\/\/i0.wp.com\/noticiasribeiraopreto.com.br\/wp-content\/uploads\/2024\/03\/usp_ribeirao_500x320_26072019111611.jpg?fit=500%2C322&ssl=1","jetpack-related-posts":[{"id":59475,"url":"https:\/\/noticiasribeiraopreto.com.br\/index.php\/2024\/10\/24\/cursos-na-usp-ribeirao-preto-estao-entre-os-mais-concorridos-da-fuvest\/","url_meta":{"origin":41596,"position":0},"title":"Cursos na USP Ribeir\u00e3o Preto est\u00e3o entre os mais concorridos da Fuvest","author":"noticiasribeiraopreto.com.br","date":"24 de October de 2024","format":false,"excerpt":"A Fuvest divulgou nesta quinta-feira (24) os cursos mais concorridos do vestibular de acesso \u00e0 USP (Universidade de S\u00e3o Paulo). Os cursos de Medicina e Psicologia, oferecidos em Ribeir\u00e3o Preto, est\u00e3o entre as carreiras mais concorridas nesta edi\u00e7\u00e3o. Os inscritos na Fuvest j\u00e1 podem consultar a rela\u00e7\u00e3o de candidatos por\u2026","rel":"","context":"In &quot;Not\u00edcias de Ribeir\u00e3o Preto-SP e Regi\u00e3o&quot;","block_context":{"text":"Not\u00edcias de Ribeir\u00e3o Preto-SP e Regi\u00e3o","link":"https:\/\/noticiasribeiraopreto.com.br\/index.php\/category\/noticias-de-ribeirao-preto-sp-e-regiao-ismael-colosi\/"},"img":{"alt_text":"","src":"https:\/\/i0.wp.com\/noticiasribeiraopreto.com.br\/wp-content\/uploads\/2024\/10\/1729786358_CAMPUS-DA-USP-DE-RIBEIRAO-PRETO-1024x683.jpg?fit=1024%2C683&ssl=1&resize=350%2C200","width":350,"height":200,"srcset":"https:\/\/i0.wp.com\/noticiasribeiraopreto.com.br\/wp-content\/uploads\/2024\/10\/1729786358_CAMPUS-DA-USP-DE-RIBEIRAO-PRETO-1024x683.jpg?fit=1024%2C683&ssl=1&resize=350%2C200 1x, https:\/\/i0.wp.com\/noticiasribeiraopreto.com.br\/wp-content\/uploads\/2024\/10\/1729786358_CAMPUS-DA-USP-DE-RIBEIRAO-PRETO-1024x683.jpg?fit=1024%2C683&ssl=1&resize=525%2C300 1.5x, https:\/\/i0.wp.com\/noticiasribeiraopreto.com.br\/wp-content\/uploads\/2024\/10\/1729786358_CAMPUS-DA-USP-DE-RIBEIRAO-PRETO-1024x683.jpg?fit=1024%2C683&ssl=1&resize=700%2C400 2x"},"classes":[]},{"id":78608,"url":"https:\/\/noticiasribeiraopreto.com.br\/index.php\/2025\/10\/14\/medicina-e-psicologia-da-usp-ribeirao-estao-entre-os-cursos-mais-concorridos-da-fuvest-2026-veja-lista\/","url_meta":{"origin":41596,"position":1},"title":"Medicina e Psicologia da USP Ribeir\u00e3o est\u00e3o entre os cursos mais concorridos da Fuvest 2026; Veja lista","author":"noticiasribeiraopreto.com.br","date":"14 de October de 2025","format":false,"excerpt":"Os cursos de Medicina e Psicologia, oferecidos pela Universidade de S\u00e3o Paulo (USP) em Ribeir\u00e3o Preto, est\u00e3o entre as carreiras mais disputadas da Fuvest 2026, segundo a rela\u00e7\u00e3o divulgada nesta ter\u00e7a-feira (14). Conforme os dados, a carreira na \u00e1rea da sa\u00fade segue entre as mais desejadas pelos vestibulandos. O curso\u2026","rel":"","context":"In &quot;Not\u00edcias de Ribeir\u00e3o Preto-SP e Regi\u00e3o&quot;","block_context":{"text":"Not\u00edcias de Ribeir\u00e3o Preto-SP e Regi\u00e3o","link":"https:\/\/noticiasribeiraopreto.com.br\/index.php\/category\/noticias-de-ribeirao-preto-sp-e-regiao-ismael-colosi\/"},"img":{"alt_text":"","src":"https:\/\/i0.wp.com\/noticiasribeiraopreto.com.br\/wp-content\/uploads\/2025\/09\/20210909_usp_fachada-1024x538-1_2025-09-17_18-42-07.webp.webp?fit=1024%2C538&ssl=1&resize=350%2C200","width":350,"height":200,"srcset":"https:\/\/i0.wp.com\/noticiasribeiraopreto.com.br\/wp-content\/uploads\/2025\/09\/20210909_usp_fachada-1024x538-1_2025-09-17_18-42-07.webp.webp?fit=1024%2C538&ssl=1&resize=350%2C200 1x, https:\/\/i0.wp.com\/noticiasribeiraopreto.com.br\/wp-content\/uploads\/2025\/09\/20210909_usp_fachada-1024x538-1_2025-09-17_18-42-07.webp.webp?fit=1024%2C538&ssl=1&resize=525%2C300 1.5x, https:\/\/i0.wp.com\/noticiasribeiraopreto.com.br\/wp-content\/uploads\/2025\/09\/20210909_usp_fachada-1024x538-1_2025-09-17_18-42-07.webp.webp?fit=1024%2C538&ssl=1&resize=700%2C400 2x"},"classes":[]},{"id":56954,"url":"https:\/\/noticiasribeiraopreto.com.br\/index.php\/2024\/08\/19\/quer-estudar-na-usp-ribeirao-preto-inscricoes-da-fuvest-comecam-hoje\/","url_meta":{"origin":41596,"position":2},"title":"Quer estudar na USP Ribeir\u00e3o Preto? Inscri\u00e7\u00f5es da Fuvest come\u00e7am hoje","author":"noticiasribeiraopreto.com.br","date":"19 de August de 2024","format":false,"excerpt":"Come\u00e7am \u00e0s 12h desta segunda-feira (19) as inscri\u00e7\u00f5es para Fuvest, vestibular que d\u00e1 acesso \u00e0 USP (Universidade de S\u00e3o Paulo). Ao todo, s\u00e3o 8.147 vagas disponibilizadas no vestibular, sendo 4.888 de ampla concorr\u00eancia, 2.053 reservadas para estudantes de escolas p\u00fablicas e 1.206 vagas para estudantes de escolas p\u00fablicas PPI (pretos\u2026","rel":"","context":"In &quot;Not\u00edcias de Ribeir\u00e3o Preto-SP e Regi\u00e3o&quot;","block_context":{"text":"Not\u00edcias de Ribeir\u00e3o Preto-SP e Regi\u00e3o","link":"https:\/\/noticiasribeiraopreto.com.br\/index.php\/category\/noticias-de-ribeirao-preto-sp-e-regiao-ismael-colosi\/"},"img":{"alt_text":"","src":"https:\/\/i0.wp.com\/noticiasribeiraopreto.com.br\/wp-content\/uploads\/2024\/08\/20170216_00_campus_ribeirao1.webp.webp?fit=800%2C420&ssl=1&resize=350%2C200","width":350,"height":200,"srcset":"https:\/\/i0.wp.com\/noticiasribeiraopreto.com.br\/wp-content\/uploads\/2024\/08\/20170216_00_campus_ribeirao1.webp.webp?fit=800%2C420&ssl=1&resize=350%2C200 1x, https:\/\/i0.wp.com\/noticiasribeiraopreto.com.br\/wp-content\/uploads\/2024\/08\/20170216_00_campus_ribeirao1.webp.webp?fit=800%2C420&ssl=1&resize=525%2C300 1.5x, https:\/\/i0.wp.com\/noticiasribeiraopreto.com.br\/wp-content\/uploads\/2024\/08\/20170216_00_campus_ribeirao1.webp.webp?fit=800%2C420&ssl=1&resize=700%2C400 2x"},"classes":[]},{"id":926,"url":"https:\/\/noticiasribeiraopreto.com.br\/index.php\/2023\/11\/09\/fuvest-anuncia-locais-de-prova\/","url_meta":{"origin":41596,"position":3},"title":"Fuvest anuncia locais de prova","author":"noticiasribeiraopreto.com.br","date":"9 de November de 2023","format":false,"excerpt":"9 de novembro de 2023 | 16:309 de novembro de 2023 | 15:22 0Os candidatos inscritos na primeira fase do vestibular 2024 da Funda\u00e7\u00e3o Universit\u00e1ria para o Vestibular (Fuvest \u2013 https:\/\/www.fuvest.br\/vestibular-da-usp\/) j\u00e1 podem conferir os locais onde ser\u00e3o realizados os exames. Na \u00e1rea do candidato, \u00e9 necess\u00e1rio informar o nome,\u2026","rel":"","context":"In &quot;Not\u00edcias de Ribeir\u00e3o Preto-SP e Regi\u00e3o&quot;","block_context":{"text":"Not\u00edcias de Ribeir\u00e3o Preto-SP e Regi\u00e3o","link":"https:\/\/noticiasribeiraopreto.com.br\/index.php\/category\/noticias-de-ribeirao-preto-sp-e-regiao-ismael-colosi\/"},"img":{"alt_text":"","src":"https:\/\/i0.wp.com\/noticiasribeiraopreto.com.br\/wp-content\/uploads\/2023\/11\/Fuvest-Alfredo-Risk-Arquivo-1-scaled.jpg?fit=1000%2C531&ssl=1&resize=350%2C200","width":350,"height":200,"srcset":"https:\/\/i0.wp.com\/noticiasribeiraopreto.com.br\/wp-content\/uploads\/2023\/11\/Fuvest-Alfredo-Risk-Arquivo-1-scaled.jpg?fit=1000%2C531&ssl=1&resize=350%2C200 1x, https:\/\/i0.wp.com\/noticiasribeiraopreto.com.br\/wp-content\/uploads\/2023\/11\/Fuvest-Alfredo-Risk-Arquivo-1-scaled.jpg?fit=1000%2C531&ssl=1&resize=525%2C300 1.5x, https:\/\/i0.wp.com\/noticiasribeiraopreto.com.br\/wp-content\/uploads\/2023\/11\/Fuvest-Alfredo-Risk-Arquivo-1-scaled.jpg?fit=1000%2C531&ssl=1&resize=700%2C400 2x"},"classes":[]},{"id":80911,"url":"https:\/\/noticiasribeiraopreto.com.br\/index.php\/2025\/12\/18\/fuvest-anuncia-mudancas-para-os-proximos-vestibulares-veja-quais\/","url_meta":{"origin":41596,"position":4},"title":"Fuvest anuncia mudan\u00e7as para os pr\u00f3ximos vestibulares; Veja quais","author":"noticiasribeiraopreto.com.br","date":"18 de December de 2025","format":false,"excerpt":"A Fuvest, principal porta de entrada para estudantes que pretendem ingressar na Universidade de S\u00e3o Paulo (USP), anunciou mudan\u00e7as para as pr\u00f3ximas edi\u00e7\u00f5es do vestibular. As altera\u00e7\u00f5es, aprovadas pelo Conselho de Gradua\u00e7\u00e3o da USP, v\u00e3o valer para os Vestibulares 2027 e 2028 e foram propostas em conjunto pela Fuvest e\u2026","rel":"","context":"In &quot;Not\u00edcias de Ribeir\u00e3o Preto-SP e Regi\u00e3o&quot;","block_context":{"text":"Not\u00edcias de Ribeir\u00e3o Preto-SP e Regi\u00e3o","link":"https:\/\/noticiasribeiraopreto.com.br\/index.php\/category\/noticias-de-ribeirao-preto-sp-e-regiao-ismael-colosi\/"},"img":{"alt_text":"","src":"https:\/\/i0.wp.com\/noticiasribeiraopreto.com.br\/wp-content\/uploads\/2025\/09\/20210909_usp_fachada-1024x538-1_2025-09-17_18-42-07.webp.webp?fit=1024%2C538&ssl=1&resize=350%2C200","width":350,"height":200,"srcset":"https:\/\/i0.wp.com\/noticiasribeiraopreto.com.br\/wp-content\/uploads\/2025\/09\/20210909_usp_fachada-1024x538-1_2025-09-17_18-42-07.webp.webp?fit=1024%2C538&ssl=1&resize=350%2C200 1x, https:\/\/i0.wp.com\/noticiasribeiraopreto.com.br\/wp-content\/uploads\/2025\/09\/20210909_usp_fachada-1024x538-1_2025-09-17_18-42-07.webp.webp?fit=1024%2C538&ssl=1&resize=525%2C300 1.5x, https:\/\/i0.wp.com\/noticiasribeiraopreto.com.br\/wp-content\/uploads\/2025\/09\/20210909_usp_fachada-1024x538-1_2025-09-17_18-42-07.webp.webp?fit=1024%2C538&ssl=1&resize=700%2C400 2x"},"classes":[]},{"id":8316,"url":"https:\/\/noticiasribeiraopreto.com.br\/index.php\/2023\/11\/29\/medicina-usp-ribeirao-tem-a-maior-nota-de-corte-da-fuvest-veja-a-lista\/","url_meta":{"origin":41596,"position":5},"title":"Medicina USP Ribeir\u00e3o t\u00eam a maior nota de corte da Fuvest; Veja a lista","author":"noticiasribeiraopreto.com.br","date":"29 de November de 2023","format":false,"excerpt":"A Fuvest, o vestibular da Universidade de S\u00e3o Paulo (USP), divulgou nesta quarta-feira, 29, as notas de corte da primeira fase. A maior nota de corte na ampla concorr\u00eancia foi para os cursos de Medicina em Ribeir\u00e3o Preto e em S\u00e3o Paulo, com 79 pontos cada. Na sequ\u00eancia, Medicina na\u2026","rel":"","context":"In &quot;Not\u00edcias de Ribeir\u00e3o Preto-SP e Regi\u00e3o&quot;","block_context":{"text":"Not\u00edcias de Ribeir\u00e3o Preto-SP e Regi\u00e3o","link":"https:\/\/noticiasribeiraopreto.com.br\/index.php\/category\/noticias-de-ribeirao-preto-sp-e-regiao-ismael-colosi\/"},"img":{"alt_text":"","src":"https:\/\/i0.wp.com\/noticiasribeiraopreto.com.br\/wp-content\/uploads\/2023\/11\/49-1068x712-1.jpg?fit=881%2C636&ssl=1&resize=350%2C200","width":350,"height":200,"srcset":"https:\/\/i0.wp.com\/noticiasribeiraopreto.com.br\/wp-content\/uploads\/2023\/11\/49-1068x712-1.jpg?fit=881%2C636&ssl=1&resize=350%2C200 1x, https:\/\/i0.wp.com\/noticiasribeiraopreto.com.br\/wp-content\/uploads\/2023\/11\/49-1068x712-1.jpg?fit=881%2C636&ssl=1&resize=525%2C300 1.5x, https:\/\/i0.wp.com\/noticiasribeiraopreto.com.br\/wp-content\/uploads\/2023\/11\/49-1068x712-1.jpg?fit=881%2C636&ssl=1&resize=700%2C400 2x"},"classes":[]}],"jetpack_sharing_enabled":true,"jetpack_shortlink":"https:\/\/wp.me\/peQAOb-aOU","_links":{"self":[{"href":"https:\/\/noticiasribeiraopreto.com.br\/index.php\/wp-json\/wp\/v2\/posts\/41596","targetHints":{"allow":["GET"]}}],"collection":[{"href":"https:\/\/noticiasribeiraopreto.com.br\/index.php\/wp-json\/wp\/v2\/posts"}],"about":[{"href":"https:\/\/noticiasribeiraopreto.com.br\/index.php\/wp-json\/wp\/v2\/types\/post"}],"author":[{"embeddable":true,"href":"https:\/\/noticiasribeiraopreto.com.br\/index.php\/wp-json\/wp\/v2\/users\/1"}],"replies":[{"embeddable":true,"href":"https:\/\/noticiasribeiraopreto.com.br\/index.php\/wp-json\/wp\/v2\/comments?post=41596"}],"version-history":[{"count":0,"href":"https:\/\/noticiasribeiraopreto.com.br\/index.php\/wp-json\/wp\/v2\/posts\/41596\/revisions"}],"wp:featuredmedia":[{"embeddable":true,"href":"https:\/\/noticiasribeiraopreto.com.br\/index.php\/wp-json\/wp\/v2\/media\/41597"}],"wp:attachment":[{"href":"https:\/\/noticiasribeiraopreto.com.br\/index.php\/wp-json\/wp\/v2\/media?parent=41596"}],"wp:term":[{"taxonomy":"category","embeddable":true,"href":"https:\/\/noticiasribeiraopreto.com.br\/index.php\/wp-json\/wp\/v2\/categories?post=41596"},{"taxonomy":"post_tag","embeddable":true,"href":"https:\/\/noticiasribeiraopreto.com.br\/index.php\/wp-json\/wp\/v2\/tags?post=41596"}],"curies":[{"name":"wp","href":"https:\/\/api.w.org\/{rel}","templated":true}]}}