{"id":41598,"date":"2024-03-09T12:55:08","date_gmt":"2024-03-09T15:55:08","guid":{"rendered":"https:\/\/noticiasribeiraopreto.com.br\/index.php\/2024\/03\/09\/os-tribunais-de-contas-nas-eleicoes\/"},"modified":"2024-03-09T12:55:08","modified_gmt":"2024-03-09T15:55:08","slug":"os-tribunais-de-contas-nas-eleicoes","status":"publish","type":"post","link":"https:\/\/noticiasribeiraopreto.com.br\/index.php\/2024\/03\/09\/os-tribunais-de-contas-nas-eleicoes\/","title":{"rendered":"Os Tribunais de Contas nas elei\u00e7\u00f5es\u00a0"},"content":{"rendered":"<div class='code-block code-block-1' style='margin: 8px 0 8px auto; text-align: right; display: block; clear: both;'>\n<p><a href=\"https:\/\/wa.link\/vpicfd\"><img data-recalc-dims=\"1\" class=\"wp-image-4922\" style=\"aspect-ratio: 2.0253164556962027; width: 561px; height: auto;\" src=\"https:\/\/i0.wp.com\/ismaelcolosi.com.br\/wp-content\/uploads\/2023\/11\/grupo-de-empregos-whatsapp-e-facebook-ismael-colosi-vagas.jpg?ssl=1\" alt=\"\" \/><\/a><\/p>\n<!-- \/wp:image -->\n<\/div>\n<p> <br \/>\n<\/p>\n<div>\n<p><b><i><span data-contrast=\"auto\">Dimas Ramalho*<\/span><\/i><\/b><span data-ccp-props=\"{&quot;201341983&quot;:0,&quot;335559739&quot;:0,&quot;335559740&quot;:240}\">\u00a0<\/span><\/p>\n<p><b><i><span data-contrast=\"none\">[email\u00a0protected].<\/span><\/i><\/b><\/p>\n<p><span data-contrast=\"auto\">O fortalecimento da democracia brasileira, por meio de seu rito maior \u2013 o voto direto, secreto e universal -, n\u00e3o \u00e9 miss\u00e3o exclusiva da Justi\u00e7a Eleitoral, ramo especializado do Judici\u00e1rio que, essencialmente, concentra fun\u00e7\u00f5es jurisdicionais, administrativas, normativas e consultivas. Outras institui\u00e7\u00f5es p\u00fablicas, al\u00e9m da pr\u00f3pria sociedade civil organizada, ajudam a garantir que a escolha dos representantes pol\u00edticos seja realizada de maneira limpa, justa e peri\u00f3dica.\u2002\u2002<\/span><\/p>\n<p><span data-contrast=\"auto\">Nesse sentido, cabe destacar a atua\u00e7\u00e3o dos Tribunais de Contas. Nos termos apregoados pela Constitui\u00e7\u00e3o e pela lei, esses organismos, embora primordialmente voltados ao controle dos gastos p\u00fablicos, assumem papel de relevo na consecu\u00e7\u00e3o do processo eleitoral.<\/span><\/p>\n<p><span data-contrast=\"auto\">Conforme a Lei Federal n\u00ba 9.504\/97, a Lei de Elei\u00e7\u00f5es, compete aos Tribunais de Contas encaminhar \u00e0 Justi\u00e7a Eleitoral uma lista de ineleg\u00edveis. A regra determina que seja informada a rela\u00e7\u00e3o dos cidad\u00e3os que, no exerc\u00edcio de cargos ou fun\u00e7\u00f5es p\u00fablicas, tiveram suas contas rejeitadas por irregularidade insan\u00e1vel e decis\u00e3o irrecorr\u00edvel.<\/span><\/p>\n<p><span data-contrast=\"auto\">De acordo com a Lei Complementar n\u00ba 64\/90, que expressa as condutas que levam \u00e0 inclus\u00e3o dos respons\u00e1veis na referida lista, os gestores p\u00fablicos censurados com a reprova\u00e7\u00e3o de contas somente ser\u00e3o alcan\u00e7ados pela inelegibilidade se forem, tamb\u00e9m, condenados a ressarcir o er\u00e1rio (Lei Complementar n\u00ba 184\/21). Em outras palavras, integrar\u00e3o a rela\u00e7\u00e3o de apenados apenas aqueles a quem for imputado d\u00e9bito, em raz\u00e3o de dano ao patrim\u00f4nio p\u00fablico.<\/span><\/p>\n<p><span data-contrast=\"auto\">Como se v\u00ea, os Tribunais de Contas cumprem papel crucial na defini\u00e7\u00e3o dos postulantes a cargos pol\u00edticos, impedindo que indiv\u00edduos que lesaram a coisa p\u00fablica possam se oferecer como candidatos.<\/span><\/p>\n<p><span data-contrast=\"auto\">A participa\u00e7\u00e3o dos \u00f3rg\u00e3os de controle externo n\u00e3o se esgota, contudo, nesse filtro de maus gestores. O Tribunal de Contas do Estado de S\u00e3o Paulo, por exemplo, renova a cada bi\u00eanio um acordo de coopera\u00e7\u00e3o com o Tribunal Regional Eleitoral respectivo, por meio do qual se compromete a auxiliar nos exames de presta\u00e7\u00e3o de contas dos candidatos.<\/span><\/p>\n<p><span data-contrast=\"auto\">Assim, os servidores do Tribunal emprestam sua expertise t\u00e9cnica \u00e0 Justi\u00e7a Eleitoral, e eventuais irregularidades detectadas durante a an\u00e1lise da presta\u00e7\u00e3o das contas das campanhas podem levar \u00e0 n\u00e3o diploma\u00e7\u00e3o do candidato eleito.<\/span><span data-ccp-props=\"{&quot;201341983&quot;:0,&quot;335559739&quot;:200,&quot;335559740&quot;:276}\">\u00a0<\/span><\/p>\n<p><span data-contrast=\"auto\">Mais recentemente, as Cortes de Contas tamb\u00e9m atuaram nos testes de integridade e conformidade das urnas eletr\u00f4nicas.<\/span><\/p>\n<p><span data-contrast=\"auto\">O Tribunal de Contas da Uni\u00e3o, por ocasi\u00e3o do pleito de 2022, promoveu uma grande auditoria no procedimento de vota\u00e7\u00e3o. Dividida em 6 etapas, a fiscaliza\u00e7\u00e3o empreendida revelou, nas palavras do atual Presidente do TCU, Ministro Bruno Dantas, que \u201cprimeiro, as urnas eletr\u00f4nicas s\u00e3o audit\u00e1veis. Segundo, as urnas eletr\u00f4nicas s\u00e3o confi\u00e1veis. Terceiro: as urnas eletr\u00f4nicas s\u00e3o transparentes\u201d (TC-014.328\/2021-6).<\/span><\/p>\n<p><span data-contrast=\"auto\">A convite do Tribunal Regional Eleitoral do Estado de S\u00e3o Paulo, a Corte de Contas Paulista tamb\u00e9m tomou parte nos testes de confiabilidade das urnas. Em raz\u00e3o dessa parceria, tive a oportunidade de externar que nossa Corte de Contas confirma a estabilidade do processo eleitoral e atesta a confian\u00e7a no resultado do pleito.<\/span><\/p>\n<p><span data-contrast=\"auto\">N\u00e3o resta d\u00favida, portanto, da import\u00e2ncia dos Tribunais de Contas na engrenagem institucional que garante o respeito \u00e0 vontade do eleitor. Aproximando-se as elei\u00e7\u00f5es municipais de 2024, o sistema constitucional de controle externo est\u00e1, mais uma vez, pronto para exercer as compet\u00eancias que a lei lhe confiou e renovar seu compromisso perene com a estabilidade democr\u00e1tica.<\/span><\/p>\n<p><b><i><span data-contrast=\"auto\">* Conselheiro do Tribunal de Contas do Estado de S\u00e2o Paulo (TCESP)<\/span><\/i><\/b><span data-ccp-props=\"{&quot;201341983&quot;:0,&quot;335559739&quot;:200,&quot;335559740&quot;:276}\">\u00a0<\/span><\/p>\n<\/div>\n<p><br \/>\n<br \/><a href=\"https:\/\/www.tribunaribeirao.com.br\/site\/os-tribunais-de-contas-nas-eleicoes\/\">Source link <\/a><\/p>\n<!-- CONTENT END 1 -->\n","protected":false},"excerpt":{"rendered":"<p>Dimas Ramalho*\u00a0 [email\u00a0protected]. O fortalecimento da democracia brasileira, por meio de seu rito maior \u2013 o voto direto, secreto e universal -, n\u00e3o \u00e9 miss\u00e3o&#8230;<\/p>\n","protected":false},"author":1,"featured_media":41599,"comment_status":"open","ping_status":"open","sticky":false,"template":"","format":"standard","meta":{"advanced_seo_description":"","jetpack_seo_html_title":"","jetpack_seo_noindex":false,"jetpack_post_was_ever_published":false,"_jetpack_newsletter_access":"","_jetpack_dont_email_post_to_subs":false,"_jetpack_newsletter_tier_id":0,"_jetpack_memberships_contains_paywalled_content":false,"_jetpack_memberships_contains_paid_content":false,"footnotes":"","jetpack_publicize_message":"","jetpack_publicize_feature_enabled":true,"jetpack_social_post_already_shared":true,"jetpack_social_options":{"image_generator_settings":{"template":"highway","default_image_id":0,"font":"","enabled":false},"version":2}},"categories":[11],"tags":[1029,1328,104,4881],"class_list":["post-41598","post","type-post","status-publish","format-standard","has-post-thumbnail","hentry","category-noticias-de-ribeirao-preto-sp-e-regiao-ismael-colosi","tag-contas","tag-eleicoes","tag-nas","tag-tribunais"],"jetpack_publicize_connections":[],"jetpack_featured_media_url":"https:\/\/i0.wp.com\/noticiasribeiraopreto.com.br\/wp-content\/uploads\/2024\/03\/dimasramalho.jpg?fit=700%2C450&ssl=1","jetpack-related-posts":[{"id":25304,"url":"https:\/\/noticiasribeiraopreto.com.br\/index.php\/2024\/01\/06\/conteudos-fabricados-com-inteligencia-artificial-estao-na-mira-do-tse-nas-eleicoes-municipais\/","url_meta":{"origin":41598,"position":0},"title":"Conte\u00fados &#8216;fabricados&#8217; com intelig\u00eancia artificial est\u00e3o na mira do TSE nas elei\u00e7\u00f5es municipais","author":"noticiasribeiraopreto.com.br","date":"6 de January de 2024","format":false,"excerpt":"O Tribunal Superior Eleitoral (TSE) divulgou as primeiras propostas de diretrizes sobre o uso de intelig\u00eancia artificial e conte\u00fados \"sint\u00e9ticos\" nas propagandas para as elei\u00e7\u00f5es municipais de 2024. O texto veda o uso de conte\u00fado \"fabricado ou manipulado de fatos sabidamente inver\u00eddicos ou gravemente descontextualizados\" com potencial de desequilibrar o\u2026","rel":"","context":"In &quot;Dinheiro e Investimento&quot;","block_context":{"text":"Dinheiro e Investimento","link":"https:\/\/noticiasribeiraopreto.com.br\/index.php\/category\/dinheiro-e-investimento-como-fazer-como-ganhar\/"},"img":{"alt_text":"","src":"https:\/\/i0.wp.com\/noticiasribeiraopreto.com.br\/wp-content\/uploads\/2024\/01\/urna_eleitoral2sw-628x353.jpg?fit=628%2C353&ssl=1&resize=350%2C200","width":350,"height":200,"srcset":"https:\/\/i0.wp.com\/noticiasribeiraopreto.com.br\/wp-content\/uploads\/2024\/01\/urna_eleitoral2sw-628x353.jpg?fit=628%2C353&ssl=1&resize=350%2C200 1x, https:\/\/i0.wp.com\/noticiasribeiraopreto.com.br\/wp-content\/uploads\/2024\/01\/urna_eleitoral2sw-628x353.jpg?fit=628%2C353&ssl=1&resize=525%2C300 1.5x"},"classes":[]},{"id":58740,"url":"https:\/\/noticiasribeiraopreto.com.br\/index.php\/2024\/10\/05\/saiba-como-consultar-o-local-de-votacao-em-ribeirao-preto-nas-eleicoes-2024\/","url_meta":{"origin":41598,"position":1},"title":"Saiba como consultar o local de vota\u00e7\u00e3o em Ribeir\u00e3o Preto nas elei\u00e7\u00f5es 2024","author":"noticiasribeiraopreto.com.br","date":"5 de October de 2024","format":false,"excerpt":"O 1\u00ba turno das elei\u00e7\u00f5es municipais de 2024 acontece neste domingo (6), das 8h \u00e0s 17h. E, Ribeir\u00e3o Preto conta 115 locais de vota\u00e7\u00e3o e mais de 477 mil eleitores registrados para escolher o pr\u00f3ximo prefeito e os 22 vereadores a partir de 1\u00ba de janeiro de 2025. A Justi\u00e7a\u2026","rel":"","context":"In &quot;Not\u00edcias de Ribeir\u00e3o Preto-SP e Regi\u00e3o&quot;","block_context":{"text":"Not\u00edcias de Ribeir\u00e3o Preto-SP e Regi\u00e3o","link":"https:\/\/noticiasribeiraopreto.com.br\/index.php\/category\/noticias-de-ribeirao-preto-sp-e-regiao-ismael-colosi\/"},"img":{"alt_text":"","src":"https:\/\/i0.wp.com\/noticiasribeiraopreto.com.br\/wp-content\/uploads\/2024\/10\/urna-eletronica.jpg?fit=1170%2C700&ssl=1&resize=350%2C200","width":350,"height":200,"srcset":"https:\/\/i0.wp.com\/noticiasribeiraopreto.com.br\/wp-content\/uploads\/2024\/10\/urna-eletronica.jpg?fit=1170%2C700&ssl=1&resize=350%2C200 1x, https:\/\/i0.wp.com\/noticiasribeiraopreto.com.br\/wp-content\/uploads\/2024\/10\/urna-eletronica.jpg?fit=1170%2C700&ssl=1&resize=525%2C300 1.5x, https:\/\/i0.wp.com\/noticiasribeiraopreto.com.br\/wp-content\/uploads\/2024\/10\/urna-eletronica.jpg?fit=1170%2C700&ssl=1&resize=700%2C400 2x, https:\/\/i0.wp.com\/noticiasribeiraopreto.com.br\/wp-content\/uploads\/2024\/10\/urna-eletronica.jpg?fit=1170%2C700&ssl=1&resize=1050%2C600 3x"},"classes":[]},{"id":64277,"url":"https:\/\/noticiasribeiraopreto.com.br\/index.php\/2025\/03\/06\/quem-deixou-de-votar-nas-ultimas-tres-eleicoes-deve-regularizar-a-situacao-ate-maio\/","url_meta":{"origin":41598,"position":2},"title":"Quem deixou de votar nas \u00faltimas tr\u00eas elei\u00e7\u00f5es deve regularizar a situa\u00e7\u00e3o at\u00e9 maio","author":"noticiasribeiraopreto.com.br","date":"6 de March de 2025","format":false,"excerpt":"O TSE (Tribunal Superior Eleitoral) publicou no final de fevereiro norma que estipula as diretrizes para o cancelamento de inscri\u00e7\u00f5es eleitorais de quem deixou de votar em tr\u00eas \u00faltimas elei\u00e7\u00f5es consecutivas. Eleitores que n\u00e3o votaram, n\u00e3o justificaram e n\u00e3o pagaram multas por aus\u00eancia nos tr\u00eas \u00faltimos pleitos (incluindo o 1\u00ba\u2026","rel":"","context":"In &quot;Not\u00edcias de Ribeir\u00e3o Preto-SP e Regi\u00e3o&quot;","block_context":{"text":"Not\u00edcias de Ribeir\u00e3o Preto-SP e Regi\u00e3o","link":"https:\/\/noticiasribeiraopreto.com.br\/index.php\/category\/noticias-de-ribeirao-preto-sp-e-regiao-ismael-colosi\/"},"img":{"alt_text":"","src":"https:\/\/i0.wp.com\/noticiasribeiraopreto.com.br\/wp-content\/uploads\/2024\/10\/votacao_2024-10-04_13-06-05_jpg_2024-10-04_13-06-05.webp.webp?fit=1170%2C700&ssl=1&resize=350%2C200","width":350,"height":200,"srcset":"https:\/\/i0.wp.com\/noticiasribeiraopreto.com.br\/wp-content\/uploads\/2024\/10\/votacao_2024-10-04_13-06-05_jpg_2024-10-04_13-06-05.webp.webp?fit=1170%2C700&ssl=1&resize=350%2C200 1x, https:\/\/i0.wp.com\/noticiasribeiraopreto.com.br\/wp-content\/uploads\/2024\/10\/votacao_2024-10-04_13-06-05_jpg_2024-10-04_13-06-05.webp.webp?fit=1170%2C700&ssl=1&resize=525%2C300 1.5x, https:\/\/i0.wp.com\/noticiasribeiraopreto.com.br\/wp-content\/uploads\/2024\/10\/votacao_2024-10-04_13-06-05_jpg_2024-10-04_13-06-05.webp.webp?fit=1170%2C700&ssl=1&resize=700%2C400 2x, https:\/\/i0.wp.com\/noticiasribeiraopreto.com.br\/wp-content\/uploads\/2024\/10\/votacao_2024-10-04_13-06-05_jpg_2024-10-04_13-06-05.webp.webp?fit=1170%2C700&ssl=1&resize=1050%2C600 3x"},"classes":[]},{"id":67241,"url":"https:\/\/noticiasribeiraopreto.com.br\/index.php\/2025\/04\/11\/jornal-da-franca-ja-regularizou-seu-titulo-de-eleitor-veja-qual-e-o-prazo-para-quem-nao-votou\/","url_meta":{"origin":41598,"position":3},"title":"Jornal da Franca &#8211; J\u00e1 regularizou seu t\u00edtulo de eleitor? Veja qual \u00e9 o prazo para quem n\u00e3o votou","author":"noticiasribeiraopreto.com.br","date":"11 de April de 2025","format":false,"excerpt":"compartilhar no whatsapp compartilhar no telegram compartilhar no facebook compartilhar no linkedin Quem n\u00e3o votou e n\u00e3o justificou a aus\u00eancia nas tr\u00eas \u00faltimas elei\u00e7\u00f5es deve ficar em dia com a Justi\u00e7a Eleitoral para exercer sua cidadania Em uma semana, mais de dez mil eleitoras e eleitores faltosos em todo o\u2026","rel":"","context":"In &quot;Not\u00edcias de Franca-SP&quot;","block_context":{"text":"Not\u00edcias de Franca-SP","link":"https:\/\/noticiasribeiraopreto.com.br\/index.php\/category\/noticias-de-ribeirao-preto-sp-e-regiao-ismael-colosi\/noticias-franca-sp\/"},"img":{"alt_text":"","src":"https:\/\/i0.wp.com\/noticiasribeiraopreto.com.br\/wp-content\/uploads\/2025\/04\/459dd127-ed1b-40ea-8bfa-02237bbbf7c1.jpg?fit=1050%2C559&ssl=1&resize=350%2C200","width":350,"height":200,"srcset":"https:\/\/i0.wp.com\/noticiasribeiraopreto.com.br\/wp-content\/uploads\/2025\/04\/459dd127-ed1b-40ea-8bfa-02237bbbf7c1.jpg?fit=1050%2C559&ssl=1&resize=350%2C200 1x, https:\/\/i0.wp.com\/noticiasribeiraopreto.com.br\/wp-content\/uploads\/2025\/04\/459dd127-ed1b-40ea-8bfa-02237bbbf7c1.jpg?fit=1050%2C559&ssl=1&resize=525%2C300 1.5x, https:\/\/i0.wp.com\/noticiasribeiraopreto.com.br\/wp-content\/uploads\/2025\/04\/459dd127-ed1b-40ea-8bfa-02237bbbf7c1.jpg?fit=1050%2C559&ssl=1&resize=700%2C400 2x, https:\/\/i0.wp.com\/noticiasribeiraopreto.com.br\/wp-content\/uploads\/2025\/04\/459dd127-ed1b-40ea-8bfa-02237bbbf7c1.jpg?fit=1050%2C559&ssl=1&resize=1050%2C600 3x"},"classes":[]},{"id":51634,"url":"https:\/\/noticiasribeiraopreto.com.br\/index.php\/2024\/05\/28\/menos-de-15-dos-juizes-brasileiros-se-declaram-negros-mostra-levantamento\/","url_meta":{"origin":41598,"position":4},"title":"Menos de 15% dos ju\u00edzes brasileiros se declaram negros, mostra levantamento","author":"noticiasribeiraopreto.com.br","date":"28 de May de 2024","format":false,"excerpt":"Ag\u00eancia Brasili Ag\u00eancia Brasil 28\/05\/2024 - 16:16 O Conselho Nacional de Justi\u00e7a (CNJ) divulgou nesta ter\u00e7a-feira, 28, o mais recente levantamento sobre a igualdade racial e de g\u00eanero no Judici\u00e1rio brasileiro.De acordo com os dados da pesquisa Justi\u00e7a em N\u00fameros 2024, o Brasil tem 14,25% de ju\u00edzes que se declaram\u2026","rel":"","context":"In &quot;Empregos - Classificados&quot;","block_context":{"text":"Empregos - Classificados","link":"https:\/\/noticiasribeiraopreto.com.br\/index.php\/category\/empregos-classificados-vagas-trabalho\/"},"img":{"alt_text":"","src":"https:\/\/i0.wp.com\/noticiasribeiraopreto.com.br\/wp-content\/uploads\/2024\/05\/stf-e1631062401438.jpg?fit=650%2C389&ssl=1&resize=350%2C200","width":350,"height":200,"srcset":"https:\/\/i0.wp.com\/noticiasribeiraopreto.com.br\/wp-content\/uploads\/2024\/05\/stf-e1631062401438.jpg?fit=650%2C389&ssl=1&resize=350%2C200 1x, https:\/\/i0.wp.com\/noticiasribeiraopreto.com.br\/wp-content\/uploads\/2024\/05\/stf-e1631062401438.jpg?fit=650%2C389&ssl=1&resize=525%2C300 1.5x"},"classes":[]},{"id":58760,"url":"https:\/\/noticiasribeiraopreto.com.br\/index.php\/2024\/10\/06\/eleicoes-2024-477-mil-eleitores-vao-as-urnas-em-ribeirao-preto-neste-domingo\/","url_meta":{"origin":41598,"position":5},"title":"Elei\u00e7\u00f5es 2024: 477 mil eleitores v\u00e3o \u00e0s urnas em Ribeir\u00e3o Preto neste domingo","author":"noticiasribeiraopreto.com.br","date":"6 de October de 2024","format":false,"excerpt":"O 1\u00ba turno das\u00a0elei\u00e7\u00f5es municipais de 2024\u00a0acontece neste domingo (6), das 8h \u00e0s 17h. E,\u00a0Ribeir\u00e3o Preto\u00a0conta 115 locais de vota\u00e7\u00e3o e mais de 477 mil eleitores registrados\u00a0para escolher o pr\u00f3ximo prefeito e os 22 vereadores a partir de 1\u00ba de janeiro de 2025. Veja no mapa interativo os endere\u00e7os de\u2026","rel":"","context":"In &quot;Not\u00edcias de Ribeir\u00e3o Preto-SP e Regi\u00e3o&quot;","block_context":{"text":"Not\u00edcias de Ribeir\u00e3o Preto-SP e Regi\u00e3o","link":"https:\/\/noticiasribeiraopreto.com.br\/index.php\/category\/noticias-de-ribeirao-preto-sp-e-regiao-ismael-colosi\/"},"img":{"alt_text":"","src":"https:\/\/i0.wp.com\/noticiasribeiraopreto.com.br\/wp-content\/uploads\/2024\/09\/trevao-ribeirao-preto_2024-09-12_17-08-13_jpeg_2024-09-12_17-08-13.webp.webp?fit=1200%2C652&ssl=1&resize=350%2C200","width":350,"height":200,"srcset":"https:\/\/i0.wp.com\/noticiasribeiraopreto.com.br\/wp-content\/uploads\/2024\/09\/trevao-ribeirao-preto_2024-09-12_17-08-13_jpeg_2024-09-12_17-08-13.webp.webp?fit=1200%2C652&ssl=1&resize=350%2C200 1x, https:\/\/i0.wp.com\/noticiasribeiraopreto.com.br\/wp-content\/uploads\/2024\/09\/trevao-ribeirao-preto_2024-09-12_17-08-13_jpeg_2024-09-12_17-08-13.webp.webp?fit=1200%2C652&ssl=1&resize=525%2C300 1.5x, https:\/\/i0.wp.com\/noticiasribeiraopreto.com.br\/wp-content\/uploads\/2024\/09\/trevao-ribeirao-preto_2024-09-12_17-08-13_jpeg_2024-09-12_17-08-13.webp.webp?fit=1200%2C652&ssl=1&resize=700%2C400 2x, https:\/\/i0.wp.com\/noticiasribeiraopreto.com.br\/wp-content\/uploads\/2024\/09\/trevao-ribeirao-preto_2024-09-12_17-08-13_jpeg_2024-09-12_17-08-13.webp.webp?fit=1200%2C652&ssl=1&resize=1050%2C600 3x"},"classes":[]}],"jetpack_sharing_enabled":true,"jetpack_shortlink":"https:\/\/wp.me\/peQAOb-aOW","_links":{"self":[{"href":"https:\/\/noticiasribeiraopreto.com.br\/index.php\/wp-json\/wp\/v2\/posts\/41598","targetHints":{"allow":["GET"]}}],"collection":[{"href":"https:\/\/noticiasribeiraopreto.com.br\/index.php\/wp-json\/wp\/v2\/posts"}],"about":[{"href":"https:\/\/noticiasribeiraopreto.com.br\/index.php\/wp-json\/wp\/v2\/types\/post"}],"author":[{"embeddable":true,"href":"https:\/\/noticiasribeiraopreto.com.br\/index.php\/wp-json\/wp\/v2\/users\/1"}],"replies":[{"embeddable":true,"href":"https:\/\/noticiasribeiraopreto.com.br\/index.php\/wp-json\/wp\/v2\/comments?post=41598"}],"version-history":[{"count":0,"href":"https:\/\/noticiasribeiraopreto.com.br\/index.php\/wp-json\/wp\/v2\/posts\/41598\/revisions"}],"wp:featuredmedia":[{"embeddable":true,"href":"https:\/\/noticiasribeiraopreto.com.br\/index.php\/wp-json\/wp\/v2\/media\/41599"}],"wp:attachment":[{"href":"https:\/\/noticiasribeiraopreto.com.br\/index.php\/wp-json\/wp\/v2\/media?parent=41598"}],"wp:term":[{"taxonomy":"category","embeddable":true,"href":"https:\/\/noticiasribeiraopreto.com.br\/index.php\/wp-json\/wp\/v2\/categories?post=41598"},{"taxonomy":"post_tag","embeddable":true,"href":"https:\/\/noticiasribeiraopreto.com.br\/index.php\/wp-json\/wp\/v2\/tags?post=41598"}],"curies":[{"name":"wp","href":"https:\/\/api.w.org\/{rel}","templated":true}]}}