{"id":41621,"date":"2024-03-09T17:29:49","date_gmt":"2024-03-09T20:29:49","guid":{"rendered":"https:\/\/noticiasribeiraopreto.com.br\/index.php\/2024\/03\/09\/pedagios-de-rodovias-federais-aceitarao-pix\/"},"modified":"2024-03-09T17:29:49","modified_gmt":"2024-03-09T20:29:49","slug":"pedagios-de-rodovias-federais-aceitarao-pix","status":"publish","type":"post","link":"https:\/\/noticiasribeiraopreto.com.br\/index.php\/2024\/03\/09\/pedagios-de-rodovias-federais-aceitarao-pix\/","title":{"rendered":"Ped\u00e1gios de rodovias federais aceitar\u00e3o Pix\u00a0"},"content":{"rendered":"<div class='code-block code-block-1' style='margin: 8px 0 8px auto; text-align: right; display: block; clear: both;'>\n<p><a href=\"https:\/\/wa.link\/vpicfd\"><img data-recalc-dims=\"1\" class=\"wp-image-4922\" style=\"aspect-ratio: 2.0253164556962027; width: 561px; height: auto;\" src=\"https:\/\/i0.wp.com\/ismaelcolosi.com.br\/wp-content\/uploads\/2023\/11\/grupo-de-empregos-whatsapp-e-facebook-ismael-colosi-vagas.jpg?ssl=1\" alt=\"\" \/><\/a><\/p>\n<!-- \/wp:image -->\n<\/div>\n<p> <br \/>\n<\/p>\n<div id=\"post-376764\">\n<header class=\"entry-header penci-entry-header penci-title-center\">\n<p> <span class=\"entry-meta-item penci-posted-on\"><i class=\"fa fa-clock-o\"\/><time class=\"entry-date published\" datetime=\"2024-03-09T17:00:16-03:00\">9 de mar\u00e7o de 2024 | 17:00<\/time><time class=\"updated\" datetime=\"2024-03-09T11:11:20-03:00\">9 de mar\u00e7o de 2024 | 11:11<\/time><\/span><\/p>\n<p> <span class=\"penci-social-buttons penci-social-share-footer\"><a href=\"#\" class=\"penci-post-like penci_post-meta_item  single-like-button penci-social-item like\" data-post_id=\"376764\" title=\"Like\" data-like=\"Like\" data-unlike=\"Unlike\"><i class=\"fa fa-thumbs-o-up\"\/><span class=\"penci-share-number\">0<\/span><\/a><i class=\"fa fa-facebook\"\/><a class=\"penci-social-item twitter\" target=\"_blank\" rel=\"noopener\" title=\"\" href=\"https:\/\/twitter.com\/intent\/tweet?text=Ped\u00e1gios%20de%20rodovias%20federais%20aceitar\u00e3o%20Pix\u00a0%20-%20https:\/\/www.tribunaribeirao.com.br\/site\/pedagios-de-rodovias-federais-aceitarao-pix\/\"><i class=\"fa fa-twitter\"\/><\/a><i class=\"fa fa-whatsapp\"\/><\/span><\/header>\n<div class=\"penci-entry-content entry-content\">\n<p><span data-contrast=\"auto\">O Minist\u00e9rio dos Transportes publicou no Di\u00e1rio Oficial da Uni\u00e3o (DOU) desta sexta-feira, 8 de mar\u00e7o, portaria instituindo a pol\u00edtica de incentivo \u00e0 diversifica\u00e7\u00e3o dos meios de pagamento de ped\u00e1gios em rodovias federais administradas por concession\u00e1rias privadas. Assinada pelo ministro Renan Filho, dos Transportes, a Portaria n\u00b0 241 estabelece a obrigatoriedade das empresas respons\u00e1veis por operar as pra\u00e7as de ped\u00e1gio disponibilizarem aos usu\u00e1rios a op\u00e7\u00e3o de pagar a tarifa usando o Pix ou outros meios de pagamento semiautom\u00e1tico.<\/span><\/p>\n<p><span data-contrast=\"auto\">Segundo o minist\u00e9rio, a medida visa a reduzir as filas e facilitar a vida dos motoristas, garantindo a efici\u00eancia e a praticidade na cobran\u00e7a das tarifas. \u201cPublicamos nesta manh\u00e3, no DOU [Di\u00e1rio Oficial], a portaria que regulamenta o pagamento por Pix em todas as pra\u00e7as [de ped\u00e1gio] do pa\u00eds\u201d, cita o ministro em rede social. \u201cA medida visa garantir a efici\u00eancia e encurtar o tempo de parada, al\u00e9m de promover praticidade na cobran\u00e7a, facilitando para os motoristas\u201d, escreveu Renan Filho. <\/span><\/p>\n<p><span data-contrast=\"auto\">A portaria ministerial estabelece que caber\u00e1 \u00e0 Ag\u00eancia Nacional de Transportes Terrestres (ANTT) regulamentar, posteriormente, as cabines por pra\u00e7a de ped\u00e1gio que dever\u00e3o obrigatoriamente aceitar ao menos uma das opera\u00e7\u00f5es de d\u00e9bito, por meio de cart\u00e3o banc\u00e1rio ou aplicativos para dispositivos m\u00f3veis. A Associa\u00e7\u00e3o Brasileira de Concession\u00e1rias de Rodovias (Abcr) n\u00e3o havia se manifestado at\u00e9 o fechamento desta edi\u00e7\u00e3o.<\/span><\/p>\n<p><span data-ccp-props=\"{&quot;201341983&quot;:0,&quot;335559739&quot;:200,&quot;335559740&quot;:276}\">\u00a0<\/span><\/p>\n<p><span data-ccp-props=\"{&quot;201341983&quot;:0,&quot;335559739&quot;:200,&quot;335559740&quot;:276}\">\u00a0<\/span><\/p>\n<p><span data-ccp-props=\"{&quot;201341983&quot;:0,&quot;335559739&quot;:200,&quot;335559740&quot;:276}\">\u00a0<\/span><\/p>\n<\/div>\n<footer class=\"penci-entry-footer\"\/><\/div>\n<p><script async src=\"\/\/platform.twitter.com\/widgets.js\" charset=\"utf-8\"><\/script><br \/>\n<br \/><br \/>\n<br \/><a href=\"https:\/\/www.tribunaribeirao.com.br\/site\/pedagios-de-rodovias-federais-aceitarao-pix\/\">Source link <\/a><\/p>\n<!-- CONTENT END 1 -->\n","protected":false},"excerpt":{"rendered":"<p>9 de mar\u00e7o de 2024 | 17:009 de mar\u00e7o de 2024 | 11:11 0 O Minist\u00e9rio dos Transportes publicou no Di\u00e1rio Oficial da Uni\u00e3o (DOU)&#8230;<\/p>\n","protected":false},"author":1,"featured_media":41622,"comment_status":"open","ping_status":"open","sticky":false,"template":"","format":"standard","meta":{"advanced_seo_description":"","jetpack_seo_html_title":"","jetpack_seo_noindex":false,"jetpack_post_was_ever_published":false,"_jetpack_newsletter_access":"","_jetpack_dont_email_post_to_subs":false,"_jetpack_newsletter_tier_id":0,"_jetpack_memberships_contains_paywalled_content":false,"_jetpack_memberships_contains_paid_content":false,"footnotes":"","jetpack_publicize_message":"","jetpack_publicize_feature_enabled":true,"jetpack_social_post_already_shared":true,"jetpack_social_options":{"image_generator_settings":{"template":"highway","default_image_id":0,"font":"","enabled":false},"version":2}},"categories":[11],"tags":[4887,2723,517,1778,1047],"class_list":["post-41621","post","type-post","status-publish","format-standard","has-post-thumbnail","hentry","category-noticias-de-ribeirao-preto-sp-e-regiao-ismael-colosi","tag-aceitarao","tag-federais","tag-pedagios","tag-pix","tag-rodovias"],"jetpack_publicize_connections":[],"jetpack_featured_media_url":"https:\/\/i0.wp.com\/noticiasribeiraopreto.com.br\/wp-content\/uploads\/2024\/03\/Pedagios-Priscila-Rangel-Ag.Br_-scaled.jpg?fit=1000%2C595&ssl=1","jetpack-related-posts":[{"id":68729,"url":"https:\/\/noticiasribeiraopreto.com.br\/index.php\/2025\/04\/28\/tarifas-de-pedagio-serao-reajustadas-no-interior-de-sp-veja-data-e-rodovias\/","url_meta":{"origin":41621,"position":0},"title":"Tarifas de ped\u00e1gio ser\u00e3o reajustadas no interior de SP; Veja data e rodovias","author":"noticiasribeiraopreto.com.br","date":"28 de April de 2025","format":false,"excerpt":"As tarifas de ped\u00e1gio de rodovias no interior de S\u00e3o Paulo ter\u00e3o reajuste a partir da meia-noite desta quinta-feira (1\u00ba). Segundo a concession\u00e1ria Ecovias Noroeste Paulista, os valores ter\u00e3o aumento de 5,48% com base no IPCA (\u00cdndice de Pre\u00e7os ao Consumidor Amplo), acumulado entre mar\u00e7o de 2024 e mar\u00e7o de\u2026","rel":"","context":"In &quot;Not\u00edcias de Ribeir\u00e3o Preto-SP e Regi\u00e3o&quot;","block_context":{"text":"Not\u00edcias de Ribeir\u00e3o Preto-SP e Regi\u00e3o","link":"https:\/\/noticiasribeiraopreto.com.br\/index.php\/category\/noticias-de-ribeirao-preto-sp-e-regiao-ismael-colosi\/"},"img":{"alt_text":"","src":"https:\/\/i0.wp.com\/noticiasribeiraopreto.com.br\/wp-content\/uploads\/2024\/04\/Copia-de-Copia-de-TAMANHO-EXATO-PARA-FOTOS-NO-SISTEMA-NOVO-19-1_2024-04-29_19-07-46_jpg.webp.webp?fit=1200%2C675&ssl=1&resize=350%2C200","width":350,"height":200,"srcset":"https:\/\/i0.wp.com\/noticiasribeiraopreto.com.br\/wp-content\/uploads\/2024\/04\/Copia-de-Copia-de-TAMANHO-EXATO-PARA-FOTOS-NO-SISTEMA-NOVO-19-1_2024-04-29_19-07-46_jpg.webp.webp?fit=1200%2C675&ssl=1&resize=350%2C200 1x, https:\/\/i0.wp.com\/noticiasribeiraopreto.com.br\/wp-content\/uploads\/2024\/04\/Copia-de-Copia-de-TAMANHO-EXATO-PARA-FOTOS-NO-SISTEMA-NOVO-19-1_2024-04-29_19-07-46_jpg.webp.webp?fit=1200%2C675&ssl=1&resize=525%2C300 1.5x, https:\/\/i0.wp.com\/noticiasribeiraopreto.com.br\/wp-content\/uploads\/2024\/04\/Copia-de-Copia-de-TAMANHO-EXATO-PARA-FOTOS-NO-SISTEMA-NOVO-19-1_2024-04-29_19-07-46_jpg.webp.webp?fit=1200%2C675&ssl=1&resize=700%2C400 2x, https:\/\/i0.wp.com\/noticiasribeiraopreto.com.br\/wp-content\/uploads\/2024\/04\/Copia-de-Copia-de-TAMANHO-EXATO-PARA-FOTOS-NO-SISTEMA-NOVO-19-1_2024-04-29_19-07-46_jpg.webp.webp?fit=1200%2C675&ssl=1&resize=1050%2C600 3x"},"classes":[]},{"id":60362,"url":"https:\/\/noticiasribeiraopreto.com.br\/index.php\/2024\/11\/12\/novas-pracas-de-pedagio-passam-a-aceitar-cartao-de-debito-na-regiao-de-ribeirao\/","url_meta":{"origin":41621,"position":1},"title":"Novas pra\u00e7as de ped\u00e1gio passam a aceitar cart\u00e3o de d\u00e9bito na regi\u00e3o de Ribeir\u00e3o","author":"noticiasribeiraopreto.com.br","date":"12 de November de 2024","format":false,"excerpt":"Quatro novas pra\u00e7as de ped\u00e1gio passaram a aceitar o pagamento da tarifa com o cart\u00e3o de d\u00e9bito por aproxima\u00e7\u00e3o na regi\u00e3o de Ribeir\u00e3o Preto, a partir desta ter\u00e7a-feira (12). Segundo a concession\u00e1ria Entrevias, as pra\u00e7as de ped\u00e1gio est\u00e3o localizadas nos seguintes munic\u00edpios: Sert\u00e3ozinho \u2013 rodovia Att\u00edlio Balbo (SP-322) Pitangueiras \u2013\u2026","rel":"","context":"In &quot;Not\u00edcias de Ribeir\u00e3o Preto-SP e Regi\u00e3o&quot;","block_context":{"text":"Not\u00edcias de Ribeir\u00e3o Preto-SP e Regi\u00e3o","link":"https:\/\/noticiasribeiraopreto.com.br\/index.php\/category\/noticias-de-ribeirao-preto-sp-e-regiao-ismael-colosi\/"},"img":{"alt_text":"","src":"https:\/\/i0.wp.com\/noticiasribeiraopreto.com.br\/wp-content\/uploads\/2024\/11\/PEDAGIO_2024-11-12_13-30-17_jpg_2024-11-12_13-30-18.webp.webp?fit=1200%2C668&ssl=1&resize=350%2C200","width":350,"height":200,"srcset":"https:\/\/i0.wp.com\/noticiasribeiraopreto.com.br\/wp-content\/uploads\/2024\/11\/PEDAGIO_2024-11-12_13-30-17_jpg_2024-11-12_13-30-18.webp.webp?fit=1200%2C668&ssl=1&resize=350%2C200 1x, https:\/\/i0.wp.com\/noticiasribeiraopreto.com.br\/wp-content\/uploads\/2024\/11\/PEDAGIO_2024-11-12_13-30-17_jpg_2024-11-12_13-30-18.webp.webp?fit=1200%2C668&ssl=1&resize=525%2C300 1.5x, https:\/\/i0.wp.com\/noticiasribeiraopreto.com.br\/wp-content\/uploads\/2024\/11\/PEDAGIO_2024-11-12_13-30-17_jpg_2024-11-12_13-30-18.webp.webp?fit=1200%2C668&ssl=1&resize=700%2C400 2x, https:\/\/i0.wp.com\/noticiasribeiraopreto.com.br\/wp-content\/uploads\/2024\/11\/PEDAGIO_2024-11-12_13-30-17_jpg_2024-11-12_13-30-18.webp.webp?fit=1200%2C668&ssl=1&resize=1050%2C600 3x"},"classes":[]},{"id":59766,"url":"https:\/\/noticiasribeiraopreto.com.br\/index.php\/2024\/10\/29\/entenda-como-funcionara-o-pagamento-do-pedagio-free-flow-na-regiao-de-ribeirao\/","url_meta":{"origin":41621,"position":2},"title":"Entenda como funcionar\u00e1 o pagamento do ped\u00e1gio free flow na regi\u00e3o de Ribeir\u00e3o","author":"noticiasribeiraopreto.com.br","date":"29 de October de 2024","format":false,"excerpt":"A primeira pra\u00e7a do ped\u00e1gio\u00a0free flow come\u00e7a a operar na pr\u00f3xima sexta-feira (1\u00ba de novembro), regi\u00e3o de\u00a0Ribeir\u00e3o Preto.\u00a0O ped\u00e1gio eletr\u00f4nico ficar\u00e1 na altura do quil\u00f4metro 110 da\u00a0rodovia Carlos Tonanni\u00a0(SP-333), em Jaboticabal. A nova tecnologia substitui o modelo tradicional de ped\u00e1gio e faz a\u00a0cobran\u00e7a da tarifa por meio de p\u00f3rticos. Como\u2026","rel":"","context":"In &quot;Not\u00edcias de Ribeir\u00e3o Preto-SP e Regi\u00e3o&quot;","block_context":{"text":"Not\u00edcias de Ribeir\u00e3o Preto-SP e Regi\u00e3o","link":"https:\/\/noticiasribeiraopreto.com.br\/index.php\/category\/noticias-de-ribeirao-preto-sp-e-regiao-ismael-colosi\/"},"img":{"alt_text":"","src":"https:\/\/i0.wp.com\/noticiasribeiraopreto.com.br\/wp-content\/uploads\/2024\/10\/pedagio-free-flow_2024-10-18_13-02-23_jpeg_2024-10-18_13-02-23.webp.webp?fit=1200%2C861&ssl=1&resize=350%2C200","width":350,"height":200,"srcset":"https:\/\/i0.wp.com\/noticiasribeiraopreto.com.br\/wp-content\/uploads\/2024\/10\/pedagio-free-flow_2024-10-18_13-02-23_jpeg_2024-10-18_13-02-23.webp.webp?fit=1200%2C861&ssl=1&resize=350%2C200 1x, https:\/\/i0.wp.com\/noticiasribeiraopreto.com.br\/wp-content\/uploads\/2024\/10\/pedagio-free-flow_2024-10-18_13-02-23_jpeg_2024-10-18_13-02-23.webp.webp?fit=1200%2C861&ssl=1&resize=525%2C300 1.5x, https:\/\/i0.wp.com\/noticiasribeiraopreto.com.br\/wp-content\/uploads\/2024\/10\/pedagio-free-flow_2024-10-18_13-02-23_jpeg_2024-10-18_13-02-23.webp.webp?fit=1200%2C861&ssl=1&resize=700%2C400 2x, https:\/\/i0.wp.com\/noticiasribeiraopreto.com.br\/wp-content\/uploads\/2024\/10\/pedagio-free-flow_2024-10-18_13-02-23_jpeg_2024-10-18_13-02-23.webp.webp?fit=1200%2C861&ssl=1&resize=1050%2C600 3x"},"classes":[]},{"id":77785,"url":"https:\/\/noticiasribeiraopreto.com.br\/index.php\/2025\/09\/25\/saiba-onde-ficarao-os-novos-porticos-de-pedagio-free-flow-na-regiao-de-ribeirao-preto\/","url_meta":{"origin":41621,"position":3},"title":"Saiba onde ficar\u00e3o os novos p\u00f3rticos de ped\u00e1gio free flow na regi\u00e3o de Ribeir\u00e3o Preto","author":"noticiasribeiraopreto.com.br","date":"25 de September de 2025","format":false,"excerpt":"Um ano ap\u00f3s in\u00edcio da opera\u00e7\u00e3o dos primeiros p\u00f3rticos de ped\u00e1gio free flow da regi\u00e3o de Ribeir\u00e3o Preto, a concession\u00e1ria Ecovias Noroeste Paulista informou nesta quinta-feira (25) que a rodovia Brigadeiro Faria Lima (SP-326) vai ganhar mais dois pontos de cobran\u00e7a autom\u00e1tica. Segundo a concession\u00e1ria, os novos p\u00f3rticos estar\u00e3o em\u2026","rel":"","context":"In &quot;Not\u00edcias de Ribeir\u00e3o Preto-SP e Regi\u00e3o&quot;","block_context":{"text":"Not\u00edcias de Ribeir\u00e3o Preto-SP e Regi\u00e3o","link":"https:\/\/noticiasribeiraopreto.com.br\/index.php\/category\/noticias-de-ribeirao-preto-sp-e-regiao-ismael-colosi\/"},"img":{"alt_text":"","src":"https:\/\/i0.wp.com\/noticiasribeiraopreto.com.br\/wp-content\/uploads\/2025\/09\/pedagio-free-flow_2025-09-25_18-37-14.webp.webp?fit=1200%2C801&ssl=1&resize=350%2C200","width":350,"height":200,"srcset":"https:\/\/i0.wp.com\/noticiasribeiraopreto.com.br\/wp-content\/uploads\/2025\/09\/pedagio-free-flow_2025-09-25_18-37-14.webp.webp?fit=1200%2C801&ssl=1&resize=350%2C200 1x, https:\/\/i0.wp.com\/noticiasribeiraopreto.com.br\/wp-content\/uploads\/2025\/09\/pedagio-free-flow_2025-09-25_18-37-14.webp.webp?fit=1200%2C801&ssl=1&resize=525%2C300 1.5x, https:\/\/i0.wp.com\/noticiasribeiraopreto.com.br\/wp-content\/uploads\/2025\/09\/pedagio-free-flow_2025-09-25_18-37-14.webp.webp?fit=1200%2C801&ssl=1&resize=700%2C400 2x, https:\/\/i0.wp.com\/noticiasribeiraopreto.com.br\/wp-content\/uploads\/2025\/09\/pedagio-free-flow_2025-09-25_18-37-14.webp.webp?fit=1200%2C801&ssl=1&resize=1050%2C600 3x"},"classes":[]},{"id":41266,"url":"https:\/\/noticiasribeiraopreto.com.br\/index.php\/2024\/03\/07\/homem-e-preso-por-trafico-em-pedagio-da-regiao\/","url_meta":{"origin":41621,"position":4},"title":"Homem \u00e9 preso por tr\u00e1fico em ped\u00e1gio da regi\u00e3o","author":"noticiasribeiraopreto.com.br","date":"7 de March de 2024","format":false,"excerpt":"Suspeito teria oferecido suborno para policiais e tamb\u00e9m foi preso por corrup\u00e7\u00e3o ativa 7 de mar\u00e7o de 2024 | 11:27 0Por: Adalberto LuqueUm motorista foi preso, na noite desta quarta-feira (6), na pra\u00e7a de ped\u00e1gio de Sert\u00e3ozinho, na Rodovia At\u00edlio Balbo (SP-322), km 327. Ele transportava drogas no ve\u00edculo.Uma viatura\u2026","rel":"","context":"In &quot;Not\u00edcias de Ribeir\u00e3o Preto-SP e Regi\u00e3o&quot;","block_context":{"text":"Not\u00edcias de Ribeir\u00e3o Preto-SP e Regi\u00e3o","link":"https:\/\/noticiasribeiraopreto.com.br\/index.php\/category\/noticias-de-ribeirao-preto-sp-e-regiao-ismael-colosi\/"},"img":{"alt_text":"","src":"https:\/\/i0.wp.com\/noticiasribeiraopreto.com.br\/wp-content\/uploads\/2024\/03\/00-07-mar-2024-drogas-pedagio-sertaozinho-foto-pmrv.jpg?fit=594%2C593&ssl=1&resize=350%2C200","width":350,"height":200,"srcset":"https:\/\/i0.wp.com\/noticiasribeiraopreto.com.br\/wp-content\/uploads\/2024\/03\/00-07-mar-2024-drogas-pedagio-sertaozinho-foto-pmrv.jpg?fit=594%2C593&ssl=1&resize=350%2C200 1x, https:\/\/i0.wp.com\/noticiasribeiraopreto.com.br\/wp-content\/uploads\/2024\/03\/00-07-mar-2024-drogas-pedagio-sertaozinho-foto-pmrv.jpg?fit=594%2C593&ssl=1&resize=525%2C300 1.5x"},"classes":[]},{"id":60579,"url":"https:\/\/noticiasribeiraopreto.com.br\/index.php\/2024\/11\/18\/rodovia-que-deve-reduzir-viagem-ao-litoral-de-sp-e-inaugurada-com-pedagio-free-flow\/","url_meta":{"origin":41621,"position":5},"title":"Rodovia que deve reduzir viagem ao litoral de SP \u00e9 inaugurada com ped\u00e1gio free flow","author":"noticiasribeiraopreto.com.br","date":"18 de November de 2024","format":false,"excerpt":"Foi inaugurado nesta segunda-feira (18), o Contorno Sul da rodovia dos Tamoios, que pretende diminuir a viagem para as praias do litoral norte de S\u00e3o Paulo \u2013 veja fotos abaixo. A via opera com sistema de ped\u00e1gio free flow, um p\u00f3rtico com c\u00e2meras e sensores capazes de identificar o ve\u00edculo\u2026","rel":"","context":"In &quot;Not\u00edcias de Ribeir\u00e3o Preto-SP e Regi\u00e3o&quot;","block_context":{"text":"Not\u00edcias de Ribeir\u00e3o Preto-SP e Regi\u00e3o","link":"https:\/\/noticiasribeiraopreto.com.br\/index.php\/category\/noticias-de-ribeirao-preto-sp-e-regiao-ismael-colosi\/"},"img":{"alt_text":"","src":"https:\/\/i0.wp.com\/noticiasribeiraopreto.com.br\/wp-content\/uploads\/2024\/11\/inaugurao-do-contorno-sul-da-rodovia-dos-tamoios_54148746300_o_2024-11-18_22-13-12_jpg_2024-11-18_22-13-15-scaled.webp.webp?fit=1200%2C900&ssl=1&resize=350%2C200","width":350,"height":200,"srcset":"https:\/\/i0.wp.com\/noticiasribeiraopreto.com.br\/wp-content\/uploads\/2024\/11\/inaugurao-do-contorno-sul-da-rodovia-dos-tamoios_54148746300_o_2024-11-18_22-13-12_jpg_2024-11-18_22-13-15-scaled.webp.webp?fit=1200%2C900&ssl=1&resize=350%2C200 1x, https:\/\/i0.wp.com\/noticiasribeiraopreto.com.br\/wp-content\/uploads\/2024\/11\/inaugurao-do-contorno-sul-da-rodovia-dos-tamoios_54148746300_o_2024-11-18_22-13-12_jpg_2024-11-18_22-13-15-scaled.webp.webp?fit=1200%2C900&ssl=1&resize=525%2C300 1.5x, https:\/\/i0.wp.com\/noticiasribeiraopreto.com.br\/wp-content\/uploads\/2024\/11\/inaugurao-do-contorno-sul-da-rodovia-dos-tamoios_54148746300_o_2024-11-18_22-13-12_jpg_2024-11-18_22-13-15-scaled.webp.webp?fit=1200%2C900&ssl=1&resize=700%2C400 2x, https:\/\/i0.wp.com\/noticiasribeiraopreto.com.br\/wp-content\/uploads\/2024\/11\/inaugurao-do-contorno-sul-da-rodovia-dos-tamoios_54148746300_o_2024-11-18_22-13-12_jpg_2024-11-18_22-13-15-scaled.webp.webp?fit=1200%2C900&ssl=1&resize=1050%2C600 3x"},"classes":[]}],"jetpack_sharing_enabled":true,"jetpack_shortlink":"https:\/\/wp.me\/peQAOb-aPj","_links":{"self":[{"href":"https:\/\/noticiasribeiraopreto.com.br\/index.php\/wp-json\/wp\/v2\/posts\/41621","targetHints":{"allow":["GET"]}}],"collection":[{"href":"https:\/\/noticiasribeiraopreto.com.br\/index.php\/wp-json\/wp\/v2\/posts"}],"about":[{"href":"https:\/\/noticiasribeiraopreto.com.br\/index.php\/wp-json\/wp\/v2\/types\/post"}],"author":[{"embeddable":true,"href":"https:\/\/noticiasribeiraopreto.com.br\/index.php\/wp-json\/wp\/v2\/users\/1"}],"replies":[{"embeddable":true,"href":"https:\/\/noticiasribeiraopreto.com.br\/index.php\/wp-json\/wp\/v2\/comments?post=41621"}],"version-history":[{"count":0,"href":"https:\/\/noticiasribeiraopreto.com.br\/index.php\/wp-json\/wp\/v2\/posts\/41621\/revisions"}],"wp:featuredmedia":[{"embeddable":true,"href":"https:\/\/noticiasribeiraopreto.com.br\/index.php\/wp-json\/wp\/v2\/media\/41622"}],"wp:attachment":[{"href":"https:\/\/noticiasribeiraopreto.com.br\/index.php\/wp-json\/wp\/v2\/media?parent=41621"}],"wp:term":[{"taxonomy":"category","embeddable":true,"href":"https:\/\/noticiasribeiraopreto.com.br\/index.php\/wp-json\/wp\/v2\/categories?post=41621"},{"taxonomy":"post_tag","embeddable":true,"href":"https:\/\/noticiasribeiraopreto.com.br\/index.php\/wp-json\/wp\/v2\/tags?post=41621"}],"curies":[{"name":"wp","href":"https:\/\/api.w.org\/{rel}","templated":true}]}}