{"id":41663,"date":"2024-03-10T10:49:36","date_gmt":"2024-03-10T13:49:36","guid":{"rendered":"https:\/\/noticiasribeiraopreto.com.br\/index.php\/2024\/03\/10\/chinaglia-cursos-no-ifsp-serao-discutidos-em-comissoes-de-implantacao\/"},"modified":"2024-03-10T10:49:36","modified_gmt":"2024-03-10T13:49:36","slug":"chinaglia-cursos-no-ifsp-serao-discutidos-em-comissoes-de-implantacao","status":"publish","type":"post","link":"https:\/\/noticiasribeiraopreto.com.br\/index.php\/2024\/03\/10\/chinaglia-cursos-no-ifsp-serao-discutidos-em-comissoes-de-implantacao\/","title":{"rendered":"Chinaglia: cursos no IFSP ser\u00e3o discutidos em comiss\u00f5es de implanta\u00e7\u00e3o\u00a0"},"content":{"rendered":"<div class='code-block code-block-1' style='margin: 8px 0 8px auto; text-align: right; display: block; clear: both;'>\n<p><a href=\"https:\/\/wa.link\/vpicfd\"><img data-recalc-dims=\"1\" class=\"wp-image-4922\" style=\"aspect-ratio: 2.0253164556962027; width: 561px; height: auto;\" src=\"https:\/\/i0.wp.com\/ismaelcolosi.com.br\/wp-content\/uploads\/2023\/11\/grupo-de-empregos-whatsapp-e-facebook-ismael-colosi-vagas.jpg?ssl=1\" alt=\"\" \/><\/a><\/p>\n<!-- \/wp:image -->\n<\/div>\n<p> <br \/>\n<\/p>\n<div>\n<p><span data-contrast=\"none\">O Instituto Federal de S\u00e3o Paulo (IFSP) entrou na pauta pol\u00edtica de Ribeir\u00e3o Preto nesta semana. Na manh\u00e3 de sexta-feira (8), no Centro Administrativo, um encontro com a presen\u00e7a do prefeito Duarte Nogueira (PSDB), do deputado federal Arlindo Chinaglia (PT), do vereador Alessandro Maraca (MDB) e do reitor do IFSP, professor Silm\u00e1rio Batista dos Santos, foi informado que o Projeto de Lei que trata da transfer\u00eancia da antiga \u00e1rea da Cian\u00ea, nos Campos El\u00edseos, para o Instituto seria enviado para C\u00e2mara.\u00a0<\/span><span data-ccp-props=\"{&quot;201341983&quot;:0,&quot;335559739&quot;:160,&quot;335559740&quot;:259}\">\u00a0<\/span><\/p>\n<p><span data-contrast=\"none\">O deputado federal Arlindo Chinaglia, articulador da instala\u00e7\u00e3o do IFSP na cidade, tamb\u00e9m comentou sobre os cursos. Segundo ele, uma comiss\u00e3o de implanta\u00e7\u00e3o far\u00e1 uma an\u00e1lise do mercado de trabalho na regi\u00e3o e diante disso, os cursos ser\u00e3o disponibilizados.<\/span><span data-ccp-props=\"{&quot;201341983&quot;:0,&quot;335559739&quot;:160,&quot;335559740&quot;:259}\">\u00a0<\/span><\/p>\n<p><b><span data-contrast=\"none\">Hist\u00f3ria antiga<\/span><\/b><span data-ccp-props=\"{&quot;201341983&quot;:0,&quot;335559739&quot;:160,&quot;335559740&quot;:259}\">\u00a0<\/span><\/p>\n<p><span data-contrast=\"none\">Desde 2013 se tenta a implanta\u00e7\u00e3o do campus de Ribeir\u00e3o Preto do Instituto Federal e mesmo com o apoio do Minist\u00e9rio da Educa\u00e7\u00e3o (MEC) as articula\u00e7\u00f5es n\u00e3o foram adiante. Mas em 2022, com a mudan\u00e7a no cen\u00e1rio nacional a situa\u00e7\u00e3o evoluiu.<\/span><span data-ccp-props=\"{&quot;201341983&quot;:0,&quot;335559739&quot;:160,&quot;335559740&quot;:259}\">\u00a0<\/span><\/p>\n<p><span data-contrast=\"none\">\u201cNo come\u00e7o de 2023 recebi o professor Silm\u00e1rio Batista dos Santos e tratamos a possibilidade de novos campis no estado e Ribeir\u00e3o Preto j\u00e1 era nossa meta\u201d, lembra Chinaglia.<\/span><span data-ccp-props=\"{&quot;201341983&quot;:0,&quot;335559739&quot;:160,&quot;335559740&quot;:259}\">\u00a0<\/span><\/p>\n<p><span data-contrast=\"none\">No dia 09 de fevereiro de 2023 Chinaglia se reuniu com prefeito Duarte Nogueira, quando foram detalhadas as regras e contrapartidas da prefeitura para a realiza\u00e7\u00e3o do projeto.\u00a0<\/span><span data-ccp-props=\"{&quot;201341983&quot;:0,&quot;335559739&quot;:160,&quot;335559740&quot;:259}\">\u00a0<\/span><\/p>\n<p><span data-contrast=\"none\">O deputado tamb\u00e9m se reuniu em audi\u00eancia com o secret\u00e1rio de Educa\u00e7\u00e3o Profissional e Tecnol\u00f3gica (SETEC\/MEC), quando recebeu a confirma\u00e7\u00e3o que Ribeir\u00e3o teria condi\u00e7\u00f5es de receber o campus do IFSP.\u00a0<\/span><span data-ccp-props=\"{&quot;201341983&quot;:0,&quot;335559739&quot;:160,&quot;335559740&quot;:259}\">\u00a0<\/span><\/p>\n<p><span data-contrast=\"none\">O ministro da Educa\u00e7\u00e3o, Camilo Santana, tamb\u00e9m bateu o martelo e o processo de instala\u00e7\u00e3o foi imediatamente deflagrado pelo reitor Silm\u00e1rio, que divulgou nota oficial no dia 10 de mar\u00e7o de 2023.<\/span><span data-ccp-props=\"{&quot;201341983&quot;:0,&quot;335559739&quot;:160,&quot;335559740&quot;:259}\">\u00a0<\/span><\/p>\n<p><span data-contrast=\"none\">Logo em seguida houve a designa\u00e7\u00e3o do servidor Paulo S\u00e9rgio Calefi como interlocutor entre Reitoria do IFSP e Prefeitura de Ribeir\u00e3o, para conduzir as tratativas necess\u00e1rias para viabilizar a implanta\u00e7\u00e3o do campus na cidade.<\/span><span data-ccp-props=\"{&quot;201341983&quot;:0,&quot;335559739&quot;:160,&quot;335559740&quot;:259}\">\u00a0<\/span><\/p>\n<p><b><span data-contrast=\"none\">Pr\u00e9dio provis\u00f3rio<\/span><\/b><span data-contrast=\"none\">\u00a0<\/span><span data-ccp-props=\"{&quot;201341983&quot;:0,&quot;335559739&quot;:160,&quot;335559740&quot;:259}\">\u00a0<\/span><\/p>\n<p><span data-contrast=\"none\">A instala\u00e7\u00e3o do\u202fInstituto\u202fFederal\u202fem Ribeir\u00e3o Preto foi oficializada em outubro do ano passado, quando o\u202fprefeito Duarte Nogueira determinou a\u202fdoa\u00e7\u00e3o de um im\u00f3vel no Parque Ribeir\u00e3o\u202fPreto,\u202fZona Oeste da cidade.<\/span><span data-ccp-props=\"{&quot;201341983&quot;:0,&quot;335559739&quot;:160,&quot;335559740&quot;:259}\">\u00a0<\/span><\/p>\n<p><span data-contrast=\"none\">O im\u00f3vel fica na\u202frua\u202fWladimir Pinto Ferraz, 250. No\u202flocal funcionou uma escola do Sindicato dos Empregados em Estabelecimentos de Servi\u00e7os de Sa\u00fade de Ribeir\u00e3o Preto (Sinsa\u00fade).\u202fO edif\u00edcio\u202ffoi retomado judicialmente pela prefeitura por descumprimento de cl\u00e1usulas\u202fdo contrato de cess\u00e3o por comodato por parte da entidade.\u202f\u202f<\/span><br \/><span data-contrast=\"none\">\u202f<\/span><br \/><span data-contrast=\"none\">A doa\u00e7\u00e3o em comodato foi feita por um per\u00edodo de dez anos e exige\u202fque o Instituto Federal\u202fter\u00e1\u202fde\u202fcome\u00e7ar a funcionar no local em no m\u00e1ximo dois anos.<\/span><span data-ccp-props=\"{&quot;201341983&quot;:0,&quot;335559739&quot;:160,&quot;335559740&quot;:259}\">\u00a0<\/span><\/p>\n<p><b><span data-contrast=\"none\">Campus pleno na Cian\u00ea<\/span><\/b><span data-ccp-props=\"{&quot;201341983&quot;:0,&quot;335559739&quot;:160,&quot;335559740&quot;:259}\">\u00a0<\/span><\/p>\n<p><span data-contrast=\"none\">J\u00e1 o campus pleno ser\u00e1 constru\u00eddo em terreno onde funcionou a antiga\u202fCompanhia Nacional de Estamparia (Cian\u00ea), nos Campos El\u00edseos, na Zona Norte.\u202fA \u00e1rea tem 36 mil metros quadrados e pertencia \u00e0s\u202fInd\u00fastrias Reunidas F\u00e1bricas Matarazzo (IRFM), que funcionou de 1945 a 1981.\u202f <\/span><br \/><span data-contrast=\"none\">\u202f<\/span><br \/><b><span data-contrast=\"none\">Cursos oferecidos<\/span><\/b><span data-contrast=\"none\">\u00a0<\/span><span data-ccp-props=\"{&quot;201341983&quot;:0,&quot;335559739&quot;:160,&quot;335559740&quot;:259}\">\u00a0<\/span><\/p>\n<p><span data-contrast=\"none\">O Instituto Federal de Educa\u00e7\u00e3o, Ci\u00eancia e Tecnologia de S\u00e3o Paulo \u00e9 uma autarquia federal vinculada ao Minist\u00e9rio da Educa\u00e7\u00e3o (MEC).\u202fOs cursos oferecidos v\u00e3o desde t\u00e9cnicos, at\u00e9 bacharelados, mestrados e doutorados.\u00a0<\/span><span data-ccp-props=\"{&quot;201341983&quot;:0,&quot;335559739&quot;:160,&quot;335559740&quot;:259}\">\u00a0<\/span><\/p>\n<p><span data-contrast=\"none\">Segundo Chinaglia, a grade oferecida ser\u00e1 debatida por comiss\u00f5es de implanta\u00e7\u00e3o, que levam em conta as necessidades locais e an\u00e1lises sociais atingidas. Essas comiss\u00f5es s\u00e3o formadas por entidades civis, patronais e sindicais, que orientam sobre a demanda de m\u00e3o-de-obra na regi\u00e3o.\u00a0<\/span><span data-ccp-props=\"{&quot;201341983&quot;:0,&quot;335559739&quot;:160,&quot;335559740&quot;:259}\">\u00a0<\/span><\/p>\n<p><span data-contrast=\"none\">\u201cNosso objetivo \u00e9 que o aluno j\u00e1 saia empregado\u201d, afirmou Chinaglia. O parlamentar informou que nesta ter\u00e7a-feira, o presidente Lula vai divulgar o n\u00famero de Institutos Federais que v\u00e3o entrar em funcionamento no pa\u00eds.<\/span><span data-ccp-props=\"{&quot;201341983&quot;:0,&quot;335559739&quot;:160,&quot;335559740&quot;:259}\">\u00a0<\/span><\/p>\n<p><span data-ccp-props=\"{&quot;201341983&quot;:0,&quot;335559739&quot;:160,&quot;335559740&quot;:259}\">\u00a0<\/span><b><span data-contrast=\"none\">Deputado se diz otimista com elei\u00e7\u00f5es<\/span><\/b><span data-ccp-props=\"{&quot;201341983&quot;:0,&quot;335559739&quot;:160,&quot;335559740&quot;:259}\">\u00a0<\/span><\/p>\n<p><span data-contrast=\"none\">O deputado federal Arlindo Chinaglia disse que est\u00e1 otimista quanto ao crescimento do PT nas elei\u00e7\u00f5es municipais deste ano. Para ele, depois do massacre midi\u00e1tico feito contra o Lula, as pessoas agora est\u00e3o percebendo as melhorias acontecendo no Brasil.\u00a0<\/span><span data-ccp-props=\"{&quot;201341983&quot;:0,&quot;335559739&quot;:160,&quot;335559740&quot;:259}\">\u00a0<\/span><\/p>\n<p><span data-contrast=\"none\">\u201cAumento do sal\u00e1rio acima da infla\u00e7\u00e3o, gera\u00e7\u00e3o de emprego formal e investimento externo. Na cena internacional o Lula tem feito valer a posi\u00e7\u00e3o de um pa\u00eds do tamanho do Brasil\u201d, declarou.\u00a0<\/span><span data-ccp-props=\"{&quot;201341983&quot;:0,&quot;335559739&quot;:160,&quot;335559740&quot;:259}\">\u00a0<\/span><\/p>\n<p><span data-contrast=\"none\">\u201cTem tamb\u00e9m o PAC que \u00e9 um planejamento do estado onde tamb\u00e9m est\u00e1 prevista a participa\u00e7\u00e3o da iniciativa privada, ent\u00e3o, s\u00e3o conquistas que n\u00e3o passam desapercebidas pela maioria da popula\u00e7\u00e3o\u201d, acrescentou. O PAC tamb\u00e9m ter\u00e1 participa\u00e7\u00e3o na constru\u00e7\u00e3o do Instituto aqui em Ribeir\u00e3o.<\/span><span data-ccp-props=\"{&quot;201341983&quot;:0,&quot;335559739&quot;:160,&quot;335559740&quot;:259}\">\u00a0<\/span><\/p>\n<p>\u00a0<\/p>\n<p><span data-ccp-props=\"{&quot;201341983&quot;:0,&quot;335559739&quot;:160,&quot;335559740&quot;:259}\">\u00a0<\/span><\/p>\n<p>\u00a0<\/p>\n<p><span data-contrast=\"none\">\u202f<\/span><br \/><span data-ccp-props=\"{&quot;201341983&quot;:0,&quot;335559739&quot;:160,&quot;335559740&quot;:259}\">\u00a0<\/span><\/p>\n<\/div>\n<p><br \/>\n<br \/><a href=\"https:\/\/www.tribunaribeirao.com.br\/site\/chinaglia-cursos-no-ifsp-serao-discutidos-em-comissoes-de-implantacao\/\">Source link <\/a><\/p>\n<!-- CONTENT END 1 -->\n","protected":false},"excerpt":{"rendered":"<p>O Instituto Federal de S\u00e3o Paulo (IFSP) entrou na pauta pol\u00edtica de Ribeir\u00e3o Preto nesta semana. Na manh\u00e3 de sexta-feira (8), no Centro Administrativo, um&#8230;<\/p>\n","protected":false},"author":1,"featured_media":41664,"comment_status":"open","ping_status":"open","sticky":false,"template":"","format":"standard","meta":{"advanced_seo_description":"","jetpack_seo_html_title":"","jetpack_seo_noindex":false,"jetpack_post_was_ever_published":false,"_jetpack_newsletter_access":"","_jetpack_dont_email_post_to_subs":false,"_jetpack_newsletter_tier_id":0,"_jetpack_memberships_contains_paywalled_content":false,"_jetpack_memberships_contains_paid_content":false,"footnotes":"","jetpack_publicize_message":"","jetpack_publicize_feature_enabled":true,"jetpack_social_post_already_shared":true,"jetpack_social_options":{"image_generator_settings":{"template":"highway","default_image_id":0,"font":"","enabled":false},"version":2}},"categories":[11],"tags":[4894,1574,213,4895,4879,4896,2462],"class_list":["post-41663","post","type-post","status-publish","format-standard","has-post-thumbnail","hentry","category-noticias-de-ribeirao-preto-sp-e-regiao-ismael-colosi","tag-chinaglia","tag-comissoes","tag-cursos","tag-discutidos","tag-ifsp","tag-implantacao","tag-serao"],"jetpack_publicize_connections":[],"jetpack_featured_media_url":"https:\/\/i0.wp.com\/noticiasribeiraopreto.com.br\/wp-content\/uploads\/2024\/03\/2-box-arlindo-scaled.jpg?fit=967%2C645&ssl=1","jetpack-related-posts":[{"id":62891,"url":"https:\/\/noticiasribeiraopreto.com.br\/index.php\/2025\/01\/27\/obras-do-ifsp-na-area-da-ciane-em-ribeirao-preto-devem-comecar-em-120-dias\/","url_meta":{"origin":41663,"position":0},"title":"Obras do IFSP na \u00e1rea da Cian\u00ea, em Ribeir\u00e3o Preto, devem come\u00e7ar em 120 dias","author":"noticiasribeiraopreto.com.br","date":"27 de January de 2025","format":false,"excerpt":"Um TAC (Termo de Ajustamento de Conduta) para preserva\u00e7\u00e3o do im\u00f3vel da antiga Cian\u00ea, onde ser\u00e1 constru\u00eddo o campus do IFSP (Instituto Federal de S\u00e3o Paulo) de Ribeir\u00e3o Preto, foi assinado nesta segunda-feira (27). De acordo com o termo, o IFSP se comprometeu a iniciar as obras de recupera\u00e7\u00e3o e\u2026","rel":"","context":"In &quot;Not\u00edcias de Ribeir\u00e3o Preto-SP e Regi\u00e3o&quot;","block_context":{"text":"Not\u00edcias de Ribeir\u00e3o Preto-SP e Regi\u00e3o","link":"https:\/\/noticiasribeiraopreto.com.br\/index.php\/category\/noticias-de-ribeirao-preto-sp-e-regiao-ismael-colosi\/"},"img":{"alt_text":"","src":"https:\/\/i0.wp.com\/noticiasribeiraopreto.com.br\/wp-content\/uploads\/2024\/03\/AnyConv.com__CIANE.webp.webp?fit=981%2C545&ssl=1&resize=350%2C200","width":350,"height":200,"srcset":"https:\/\/i0.wp.com\/noticiasribeiraopreto.com.br\/wp-content\/uploads\/2024\/03\/AnyConv.com__CIANE.webp.webp?fit=981%2C545&ssl=1&resize=350%2C200 1x, https:\/\/i0.wp.com\/noticiasribeiraopreto.com.br\/wp-content\/uploads\/2024\/03\/AnyConv.com__CIANE.webp.webp?fit=981%2C545&ssl=1&resize=525%2C300 1.5x, https:\/\/i0.wp.com\/noticiasribeiraopreto.com.br\/wp-content\/uploads\/2024\/03\/AnyConv.com__CIANE.webp.webp?fit=981%2C545&ssl=1&resize=700%2C400 2x"},"classes":[]},{"id":41583,"url":"https:\/\/noticiasribeiraopreto.com.br\/index.php\/2024\/03\/09\/prefeitura-doa-area-da-ciane-ao-ifsp\/","url_meta":{"origin":41663,"position":1},"title":"Prefeitura doa \u00e1rea da Cian\u00ea ao IFSP\u00a0","author":"noticiasribeiraopreto.com.br","date":"9 de March de 2024","format":false,"excerpt":"O prefeito Duarte Nogueira (PSDB) assinou, na manh\u00e3 desta sexta-feira, 8 de mar\u00e7o, projeto de lei que prev\u00ea a doa\u00e7\u00e3o da \u00e1rea da antiga Companhia Nacional de Estamparia (Cian\u00ea), na avenida Marechal Costa e Silva n\u00ba 1.111, nos Campos El\u00edseos, Zona Norte de Ribeir\u00e3o Preto, para constru\u00e7\u00e3o de campus do\u2026","rel":"","context":"In &quot;Not\u00edcias de Ribeir\u00e3o Preto-SP e Regi\u00e3o&quot;","block_context":{"text":"Not\u00edcias de Ribeir\u00e3o Preto-SP e Regi\u00e3o","link":"https:\/\/noticiasribeiraopreto.com.br\/index.php\/category\/noticias-de-ribeirao-preto-sp-e-regiao-ismael-colosi\/"},"img":{"alt_text":"","src":"https:\/\/i0.wp.com\/noticiasribeiraopreto.com.br\/wp-content\/uploads\/2024\/03\/Metodista-Cia-Alfredo-Risk-scaled.jpg?fit=1000%2C543&ssl=1&resize=350%2C200","width":350,"height":200,"srcset":"https:\/\/i0.wp.com\/noticiasribeiraopreto.com.br\/wp-content\/uploads\/2024\/03\/Metodista-Cia-Alfredo-Risk-scaled.jpg?fit=1000%2C543&ssl=1&resize=350%2C200 1x, https:\/\/i0.wp.com\/noticiasribeiraopreto.com.br\/wp-content\/uploads\/2024\/03\/Metodista-Cia-Alfredo-Risk-scaled.jpg?fit=1000%2C543&ssl=1&resize=525%2C300 1.5x, https:\/\/i0.wp.com\/noticiasribeiraopreto.com.br\/wp-content\/uploads\/2024\/03\/Metodista-Cia-Alfredo-Risk-scaled.jpg?fit=1000%2C543&ssl=1&resize=700%2C400 2x"},"classes":[]},{"id":72985,"url":"https:\/\/noticiasribeiraopreto.com.br\/index.php\/2025\/06\/23\/ribeirao-preto-recebe-segunda-audiencia-publica-sobre-cursos-do-ifsp\/","url_meta":{"origin":41663,"position":2},"title":"Ribeir\u00e3o Preto recebe segunda audi\u00eancia p\u00fablica sobre cursos do IFSP","author":"noticiasribeiraopreto.com.br","date":"23 de June de 2025","format":false,"excerpt":"A segunda audi\u00eancia p\u00fablica para definir os cursos que ser\u00e3o ofertados na futura unidade do IFSP (Instituto Federal de S\u00e3o Paulo) em Ribeir\u00e3o Preto acontece no dia 10 de julho, \u00e0s 19h30, na C\u00e2mara Municipal. Aberta ao p\u00fablico, a audi\u00eancia integra a segunda fase do processo de implanta\u00e7\u00e3o do campus\u2026","rel":"","context":"In &quot;Not\u00edcias de Ribeir\u00e3o Preto-SP e Regi\u00e3o&quot;","block_context":{"text":"Not\u00edcias de Ribeir\u00e3o Preto-SP e Regi\u00e3o","link":"https:\/\/noticiasribeiraopreto.com.br\/index.php\/category\/noticias-de-ribeirao-preto-sp-e-regiao-ismael-colosi\/"},"img":{"alt_text":"","src":"https:\/\/i0.wp.com\/noticiasribeiraopreto.com.br\/wp-content\/uploads\/2025\/06\/ifsp-campus_2025-05-15_20-42-45.webp.webp?fit=1200%2C798&ssl=1&resize=350%2C200","width":350,"height":200,"srcset":"https:\/\/i0.wp.com\/noticiasribeiraopreto.com.br\/wp-content\/uploads\/2025\/06\/ifsp-campus_2025-05-15_20-42-45.webp.webp?fit=1200%2C798&ssl=1&resize=350%2C200 1x, https:\/\/i0.wp.com\/noticiasribeiraopreto.com.br\/wp-content\/uploads\/2025\/06\/ifsp-campus_2025-05-15_20-42-45.webp.webp?fit=1200%2C798&ssl=1&resize=525%2C300 1.5x, https:\/\/i0.wp.com\/noticiasribeiraopreto.com.br\/wp-content\/uploads\/2025\/06\/ifsp-campus_2025-05-15_20-42-45.webp.webp?fit=1200%2C798&ssl=1&resize=700%2C400 2x, https:\/\/i0.wp.com\/noticiasribeiraopreto.com.br\/wp-content\/uploads\/2025\/06\/ifsp-campus_2025-05-15_20-42-45.webp.webp?fit=1200%2C798&ssl=1&resize=1050%2C600 3x"},"classes":[]},{"id":62438,"url":"https:\/\/noticiasribeiraopreto.com.br\/index.php\/2025\/01\/14\/saiba-como-esta-a-implantacao-do-ifsp-em-ribeirao-preto\/","url_meta":{"origin":41663,"position":3},"title":"Saiba como est\u00e1 a implanta\u00e7\u00e3o do IFSP em Ribeir\u00e3o Preto","author":"noticiasribeiraopreto.com.br","date":"14 de January de 2025","format":false,"excerpt":"A licita\u00e7\u00e3o para a constru\u00e7\u00e3o de um campus do Instituto Federal de S\u00e3o Paulo (IFSP) em Ribeir\u00e3o Preto foi conclu\u00edda, contudo, a institui\u00e7\u00e3o ainda aguarda a aprova\u00e7\u00e3o da LOA (Lei Or\u00e7ament\u00e1ria Anual) de 2025 para assinar a ordem de servi\u00e7o. A implanta\u00e7\u00e3o do IFSP foi anunciada em mar\u00e7o de 2024,\u2026","rel":"","context":"In &quot;Not\u00edcias de Ribeir\u00e3o Preto-SP e Regi\u00e3o&quot;","block_context":{"text":"Not\u00edcias de Ribeir\u00e3o Preto-SP e Regi\u00e3o","link":"https:\/\/noticiasribeiraopreto.com.br\/index.php\/category\/noticias-de-ribeirao-preto-sp-e-regiao-ismael-colosi\/"},"img":{"alt_text":"","src":"https:\/\/i0.wp.com\/noticiasribeiraopreto.com.br\/wp-content\/uploads\/2024\/03\/AnyConv.com__CIANE.webp.webp?fit=981%2C545&ssl=1&resize=350%2C200","width":350,"height":200,"srcset":"https:\/\/i0.wp.com\/noticiasribeiraopreto.com.br\/wp-content\/uploads\/2024\/03\/AnyConv.com__CIANE.webp.webp?fit=981%2C545&ssl=1&resize=350%2C200 1x, https:\/\/i0.wp.com\/noticiasribeiraopreto.com.br\/wp-content\/uploads\/2024\/03\/AnyConv.com__CIANE.webp.webp?fit=981%2C545&ssl=1&resize=525%2C300 1.5x, https:\/\/i0.wp.com\/noticiasribeiraopreto.com.br\/wp-content\/uploads\/2024\/03\/AnyConv.com__CIANE.webp.webp?fit=981%2C545&ssl=1&resize=700%2C400 2x"},"classes":[]},{"id":69498,"url":"https:\/\/noticiasribeiraopreto.com.br\/index.php\/2025\/05\/06\/cursos-do-ifsp-em-ribeirao-preto-serao-definidos-por-audiencias-publicas\/","url_meta":{"origin":41663,"position":4},"title":"Cursos do IFSP em Ribeir\u00e3o Preto ser\u00e3o definidos por audi\u00eancias p\u00fablicas","author":"noticiasribeiraopreto.com.br","date":"6 de May de 2025","format":false,"excerpt":"Tr\u00eas audi\u00eancias p\u00fablicas v\u00e3o definir os cursos do IFSP (Instituto Federal de S\u00e3o Paulo) no campus de Ribeir\u00e3o Preto. A unidade est\u00e1 sendo constru\u00edda no terreno da antiga Cian\u00ea, nos Campos El\u00edseos. A obra teve in\u00edcio em janeiro e est\u00e1 or\u00e7ada em R$ 29.226.976,24. A construtora Carvalho Costa & Silva\u2026","rel":"","context":"In &quot;Not\u00edcias de Ribeir\u00e3o Preto-SP e Regi\u00e3o&quot;","block_context":{"text":"Not\u00edcias de Ribeir\u00e3o Preto-SP e Regi\u00e3o","link":"https:\/\/noticiasribeiraopreto.com.br\/index.php\/category\/noticias-de-ribeirao-preto-sp-e-regiao-ismael-colosi\/"},"img":{"alt_text":"","src":"https:\/\/i0.wp.com\/noticiasribeiraopreto.com.br\/wp-content\/uploads\/2025\/01\/ciane_2025-01-30_16-55-49_jpg_2025-01-30_16-55-49.webp.webp?fit=1200%2C747&ssl=1&resize=350%2C200","width":350,"height":200,"srcset":"https:\/\/i0.wp.com\/noticiasribeiraopreto.com.br\/wp-content\/uploads\/2025\/01\/ciane_2025-01-30_16-55-49_jpg_2025-01-30_16-55-49.webp.webp?fit=1200%2C747&ssl=1&resize=350%2C200 1x, https:\/\/i0.wp.com\/noticiasribeiraopreto.com.br\/wp-content\/uploads\/2025\/01\/ciane_2025-01-30_16-55-49_jpg_2025-01-30_16-55-49.webp.webp?fit=1200%2C747&ssl=1&resize=525%2C300 1.5x, https:\/\/i0.wp.com\/noticiasribeiraopreto.com.br\/wp-content\/uploads\/2025\/01\/ciane_2025-01-30_16-55-49_jpg_2025-01-30_16-55-49.webp.webp?fit=1200%2C747&ssl=1&resize=700%2C400 2x, https:\/\/i0.wp.com\/noticiasribeiraopreto.com.br\/wp-content\/uploads\/2025\/01\/ciane_2025-01-30_16-55-49_jpg_2025-01-30_16-55-49.webp.webp?fit=1200%2C747&ssl=1&resize=1050%2C600 3x"},"classes":[]},{"id":74569,"url":"https:\/\/noticiasribeiraopreto.com.br\/index.php\/2025\/07\/24\/ribeirao-preto-recebe-terceira-audiencia-publica-para-definir-cursos-do-ifsp\/","url_meta":{"origin":41663,"position":5},"title":"Ribeir\u00e3o Preto recebe terceira audi\u00eancia p\u00fablica para definir cursos do IFSP","author":"noticiasribeiraopreto.com.br","date":"24 de July de 2025","format":false,"excerpt":"O IFSP (Instituto Federal de Educa\u00e7\u00e3o, Ci\u00eancia e Tecnologia de S\u00e3o Paulo) marcou a data da terceira audi\u00eancia p\u00fablica para discuss\u00e3o dos eixos tecnol\u00f3gicos e cursos do campus de Ribeir\u00e3o Preto. A audi\u00eancia est\u00e1 marcada para o dia 12 de agosto, a partir das 19h, no Cineclube Cauim, localizado na\u2026","rel":"","context":"In &quot;Not\u00edcias de Ribeir\u00e3o Preto-SP e Regi\u00e3o&quot;","block_context":{"text":"Not\u00edcias de Ribeir\u00e3o Preto-SP e Regi\u00e3o","link":"https:\/\/noticiasribeiraopreto.com.br\/index.php\/category\/noticias-de-ribeirao-preto-sp-e-regiao-ismael-colosi\/"},"img":{"alt_text":"","src":"https:\/\/i0.wp.com\/noticiasribeiraopreto.com.br\/wp-content\/uploads\/2025\/07\/ciane_2025-07-24_20-41-17.webp.webp?fit=1200%2C798&ssl=1&resize=350%2C200","width":350,"height":200,"srcset":"https:\/\/i0.wp.com\/noticiasribeiraopreto.com.br\/wp-content\/uploads\/2025\/07\/ciane_2025-07-24_20-41-17.webp.webp?fit=1200%2C798&ssl=1&resize=350%2C200 1x, https:\/\/i0.wp.com\/noticiasribeiraopreto.com.br\/wp-content\/uploads\/2025\/07\/ciane_2025-07-24_20-41-17.webp.webp?fit=1200%2C798&ssl=1&resize=525%2C300 1.5x, https:\/\/i0.wp.com\/noticiasribeiraopreto.com.br\/wp-content\/uploads\/2025\/07\/ciane_2025-07-24_20-41-17.webp.webp?fit=1200%2C798&ssl=1&resize=700%2C400 2x, https:\/\/i0.wp.com\/noticiasribeiraopreto.com.br\/wp-content\/uploads\/2025\/07\/ciane_2025-07-24_20-41-17.webp.webp?fit=1200%2C798&ssl=1&resize=1050%2C600 3x"},"classes":[]}],"jetpack_sharing_enabled":true,"jetpack_shortlink":"https:\/\/wp.me\/peQAOb-aPZ","_links":{"self":[{"href":"https:\/\/noticiasribeiraopreto.com.br\/index.php\/wp-json\/wp\/v2\/posts\/41663","targetHints":{"allow":["GET"]}}],"collection":[{"href":"https:\/\/noticiasribeiraopreto.com.br\/index.php\/wp-json\/wp\/v2\/posts"}],"about":[{"href":"https:\/\/noticiasribeiraopreto.com.br\/index.php\/wp-json\/wp\/v2\/types\/post"}],"author":[{"embeddable":true,"href":"https:\/\/noticiasribeiraopreto.com.br\/index.php\/wp-json\/wp\/v2\/users\/1"}],"replies":[{"embeddable":true,"href":"https:\/\/noticiasribeiraopreto.com.br\/index.php\/wp-json\/wp\/v2\/comments?post=41663"}],"version-history":[{"count":0,"href":"https:\/\/noticiasribeiraopreto.com.br\/index.php\/wp-json\/wp\/v2\/posts\/41663\/revisions"}],"wp:featuredmedia":[{"embeddable":true,"href":"https:\/\/noticiasribeiraopreto.com.br\/index.php\/wp-json\/wp\/v2\/media\/41664"}],"wp:attachment":[{"href":"https:\/\/noticiasribeiraopreto.com.br\/index.php\/wp-json\/wp\/v2\/media?parent=41663"}],"wp:term":[{"taxonomy":"category","embeddable":true,"href":"https:\/\/noticiasribeiraopreto.com.br\/index.php\/wp-json\/wp\/v2\/categories?post=41663"},{"taxonomy":"post_tag","embeddable":true,"href":"https:\/\/noticiasribeiraopreto.com.br\/index.php\/wp-json\/wp\/v2\/tags?post=41663"}],"curies":[{"name":"wp","href":"https:\/\/api.w.org\/{rel}","templated":true}]}}