{"id":41677,"date":"2024-03-10T12:50:43","date_gmt":"2024-03-10T15:50:43","guid":{"rendered":"https:\/\/noticiasribeiraopreto.com.br\/index.php\/2024\/03\/10\/motorista-perde-controle-e-carro-derruba-dois-postes-em-ribeirao-preto\/"},"modified":"2024-03-10T12:50:43","modified_gmt":"2024-03-10T15:50:43","slug":"motorista-perde-controle-e-carro-derruba-dois-postes-em-ribeirao-preto","status":"publish","type":"post","link":"https:\/\/noticiasribeiraopreto.com.br\/index.php\/2024\/03\/10\/motorista-perde-controle-e-carro-derruba-dois-postes-em-ribeirao-preto\/","title":{"rendered":"Motorista perde controle e carro derruba dois postes em Ribeir\u00e3o Preto"},"content":{"rendered":"<div class='code-block code-block-1' style='margin: 8px 0 8px auto; text-align: right; display: block; clear: both;'>\n<p><a href=\"https:\/\/wa.link\/vpicfd\"><img data-recalc-dims=\"1\" class=\"wp-image-4922\" style=\"aspect-ratio: 2.0253164556962027; width: 561px; height: auto;\" src=\"https:\/\/i0.wp.com\/ismaelcolosi.com.br\/wp-content\/uploads\/2023\/11\/grupo-de-empregos-whatsapp-e-facebook-ismael-colosi-vagas.jpg?ssl=1\" alt=\"\" \/><\/a><\/p>\n<!-- \/wp:image -->\n<\/div>\n<p> <br \/>\n<\/p>\n<p>Um motorista perdeu o controle da dire\u00e7\u00e3o e o carro que ele dirigia derrubou dois postes no Jardim Independ\u00eancia, na zona Norte de<strong> Ribeir\u00e3o Preto<\/strong>, na manh\u00e3 deste domingo (10).<\/p>\n<p><mark style=\"background-color:#fcb900\" class=\"has-inline-color has-black-color\">O acidente aconteceu no cruzamento da avenida Guido Golfeto com a travessa Esmeralda<\/mark>, pr\u00f3ximo da <strong>Maternidade Sinh\u00e1 Junqueira<\/strong>.<\/p>\n<p>Ningu\u00e9m ficou ferido e a<strong> CPFL <\/strong>foi acionada para substituir os equipamentos danificados no acidente. A <strong>Pol\u00edcia Militar<\/strong> tamb\u00e9m acompanha o caso.<\/p>\n<p>SAIBA MAIS<br \/>Prazo est\u00e1 acabando! Veja at\u00e9 quando voc\u00ea pode regularizar o t\u00edtulo de eleitor<\/p>\n<h4 class=\"wp-block-heading\"><strong>FIQUE ON<\/strong><\/h4>\n<p>Fique ligado em tudo que acontece em Ribeir\u00e3o Preto e regi\u00e3o. Siga os perfis do<strong> acidade on<\/strong> no <a href=\"https:\/\/www.instagram.com\/acidadeonribeirao\" target=\"_blank\" rel=\"noreferrer noopener nofollow\">Instagram<\/a> e no <a href=\"https:\/\/www.facebook.com\/acidadeonribeirao\" target=\"_blank\" rel=\"noreferrer noopener nofollow\">Facebook<\/a>.<\/p>\n<p>Receba not\u00edcias do<strong> acidade on <\/strong>no WhatsApp. <a href=\"https:\/\/chat.whatsapp.com\/Bnv2w66ZT4VDyZW3oiZ69n\" target=\"_blank\" rel=\"noreferrer noopener nofollow\">Para entrar no grupo, basta clicar aqui.<\/a><\/p>\n<p>Fa\u00e7a uma den\u00fancia ou sugira uma reportagem sobre Ribeir\u00e3o Preto e regi\u00e3o pelo WhatsApp: 16 99117 7802.<\/p>\n<p>VEJA TAMB\u00c9M<br \/>Clima: quando come\u00e7a a onda de calor no Brasil?<\/p>\n<p>O post Motorista perde controle e carro derruba dois postes em Ribeir\u00e3o Preto apareceu primeiro em ACidade ON Ribeir\u00e3o Preto.<\/p>\n<p><script async src=\"\/\/www.instagram.com\/embed.js\"><\/script><br \/>\n<br \/><br \/>\n<br \/><a href=\"https:\/\/www.acidadeon.com\/ribeiraopreto\/cotidiano\/motorista-perde-controle-carro-derruba-dois-postes-em-ribeirao-preto\/\">Source link <\/a><\/p>\n<!-- CONTENT END 1 -->\n","protected":false},"excerpt":{"rendered":"<p>Um motorista perdeu o controle da dire\u00e7\u00e3o e o carro que ele dirigia derrubou dois postes no Jardim Independ\u00eancia, na zona Norte de Ribeir\u00e3o Preto,&#8230;<\/p>\n","protected":false},"author":1,"featured_media":41678,"comment_status":"open","ping_status":"open","sticky":false,"template":"","format":"standard","meta":{"advanced_seo_description":"","jetpack_seo_html_title":"","jetpack_seo_noindex":false,"jetpack_post_was_ever_published":false,"_jetpack_newsletter_access":"","_jetpack_dont_email_post_to_subs":false,"_jetpack_newsletter_tier_id":0,"_jetpack_memberships_contains_paywalled_content":false,"_jetpack_memberships_contains_paid_content":false,"footnotes":"","jetpack_publicize_message":"","jetpack_publicize_feature_enabled":true,"jetpack_social_post_already_shared":true,"jetpack_social_options":{"image_generator_settings":{"template":"highway","default_image_id":0,"font":"","enabled":false},"version":2}},"categories":[11],"tags":[],"class_list":["post-41677","post","type-post","status-publish","format-standard","has-post-thumbnail","hentry","category-noticias-de-ribeirao-preto-sp-e-regiao-ismael-colosi"],"jetpack_publicize_connections":[],"jetpack_featured_media_url":"https:\/\/i0.wp.com\/noticiasribeiraopreto.com.br\/wp-content\/uploads\/2024\/03\/AnyConv.com__poste.webp.webp?fit=1600%2C1081&ssl=1","jetpack-related-posts":[{"id":45776,"url":"https:\/\/noticiasribeiraopreto.com.br\/index.php\/2024\/04\/07\/homem-e-preso-por-embriaguez-apos-provocar-dois-acidentes-em-ribeirao-preto\/","url_meta":{"origin":41677,"position":0},"title":"Homem \u00e9 preso por embriaguez ap\u00f3s provocar dois acidentes em Ribeir\u00e3o Preto","author":"noticiasribeiraopreto.com.br","date":"7 de April de 2024","format":false,"excerpt":"Um homem de 26 anos foi preso em flagrante depois de bater em dois carros em Ribeir\u00e3o Preto na madrugada de domingo (7). De acordo com a Pol\u00edcia Civil, o motorista estava embriagado. Segundo apura\u00e7\u00e3o da EPTV, o primeiro acidente aconteceu no cruzamento das avenidas Quito Junqueira com a Paschoal\u2026","rel":"","context":"In &quot;Not\u00edcias de Ribeir\u00e3o Preto-SP e Regi\u00e3o&quot;","block_context":{"text":"Not\u00edcias de Ribeir\u00e3o Preto-SP e Regi\u00e3o","link":"https:\/\/noticiasribeiraopreto.com.br\/index.php\/category\/noticias-de-ribeirao-preto-sp-e-regiao-ismael-colosi\/"},"img":{"alt_text":"","src":"https:\/\/i0.wp.com\/noticiasribeiraopreto.com.br\/wp-content\/uploads\/2024\/04\/cpj_1024x576_04082020121137.jpg?fit=1024%2C575&ssl=1&resize=350%2C200","width":350,"height":200,"srcset":"https:\/\/i0.wp.com\/noticiasribeiraopreto.com.br\/wp-content\/uploads\/2024\/04\/cpj_1024x576_04082020121137.jpg?fit=1024%2C575&ssl=1&resize=350%2C200 1x, https:\/\/i0.wp.com\/noticiasribeiraopreto.com.br\/wp-content\/uploads\/2024\/04\/cpj_1024x576_04082020121137.jpg?fit=1024%2C575&ssl=1&resize=525%2C300 1.5x, https:\/\/i0.wp.com\/noticiasribeiraopreto.com.br\/wp-content\/uploads\/2024\/04\/cpj_1024x576_04082020121137.jpg?fit=1024%2C575&ssl=1&resize=700%2C400 2x"},"classes":[]},{"id":83100,"url":"https:\/\/noticiasribeiraopreto.com.br\/index.php\/2026\/03\/09\/acidente-entre-dois-carros-deixa-motorista-ferida-em-rodovia-de-ribeirao-preto\/","url_meta":{"origin":41677,"position":1},"title":"Acidente entre dois carros deixa motorista ferida em rodovia de Ribeir\u00e3o Preto","author":"noticiasribeiraopreto.com.br","date":"9 de March de 2026","format":false,"excerpt":"Um acidente envolvendo dois carros foi registrado na manh\u00e3 deste domingo (8) na altura da ponte do Rio Pardo, no sentido Cajuru, em um trecho de pista simples de uma rodovia que liga a regi\u00e3o de Ribeir\u00e3o Preto. De acordo com testemunhas, a motorista de um dos ve\u00edculos teria feito\u2026","rel":"","context":"In &quot;Not\u00edcias de Ribeir\u00e3o Preto-SP e Regi\u00e3o&quot;","block_context":{"text":"Not\u00edcias de Ribeir\u00e3o Preto-SP e Regi\u00e3o","link":"https:\/\/noticiasribeiraopreto.com.br\/index.php\/category\/noticias-de-ribeirao-preto-sp-e-regiao-ismael-colosi\/"},"img":{"alt_text":"","src":"https:\/\/i0.wp.com\/noticiasribeiraopreto.com.br\/wp-content\/uploads\/2026\/03\/palace-55_2026-03-08_18-54-59.webp.webp?fit=1200%2C675&ssl=1&resize=350%2C200","width":350,"height":200,"srcset":"https:\/\/i0.wp.com\/noticiasribeiraopreto.com.br\/wp-content\/uploads\/2026\/03\/palace-55_2026-03-08_18-54-59.webp.webp?fit=1200%2C675&ssl=1&resize=350%2C200 1x, https:\/\/i0.wp.com\/noticiasribeiraopreto.com.br\/wp-content\/uploads\/2026\/03\/palace-55_2026-03-08_18-54-59.webp.webp?fit=1200%2C675&ssl=1&resize=525%2C300 1.5x, https:\/\/i0.wp.com\/noticiasribeiraopreto.com.br\/wp-content\/uploads\/2026\/03\/palace-55_2026-03-08_18-54-59.webp.webp?fit=1200%2C675&ssl=1&resize=700%2C400 2x, https:\/\/i0.wp.com\/noticiasribeiraopreto.com.br\/wp-content\/uploads\/2026\/03\/palace-55_2026-03-08_18-54-59.webp.webp?fit=1200%2C675&ssl=1&resize=1050%2C600 3x"},"classes":[]},{"id":61278,"url":"https:\/\/noticiasribeiraopreto.com.br\/index.php\/2024\/12\/08\/motorista-morre-apos-ser-lancado-para-fora-de-carro-em-acidente-na-regiao-de-ribeirao\/","url_meta":{"origin":41677,"position":2},"title":"Motorista morre ap\u00f3s ser lan\u00e7ado para fora de carro em acidente na regi\u00e3o de Ribeir\u00e3o","author":"noticiasribeiraopreto.com.br","date":"8 de December de 2024","format":false,"excerpt":"Um motorista morreu ap\u00f3s se envolver em um acidente de tr\u00e2nsito no come\u00e7o da madrugada deste domingo (8), na rodovia Nestor Ferreira (SPA 397\/334), em Restinga, cidade a aproximadamente 80 quil\u00f4metros de Ribeir\u00e3o Preto. O acidente aconteceu no km 6,9 da rodovia e envolveu uma caminhonete, um autom\u00f3vel e uma\u2026","rel":"","context":"In &quot;Not\u00edcias de Ribeir\u00e3o Preto-SP e Regi\u00e3o&quot;","block_context":{"text":"Not\u00edcias de Ribeir\u00e3o Preto-SP e Regi\u00e3o","link":"https:\/\/noticiasribeiraopreto.com.br\/index.php\/category\/noticias-de-ribeirao-preto-sp-e-regiao-ismael-colosi\/"},"img":{"alt_text":"","src":"https:\/\/i0.wp.com\/noticiasribeiraopreto.com.br\/wp-content\/uploads\/2024\/12\/Copia-de-Copia-de-Copia-de-TAMANHO-EXATO-PARA-FOTOS-NO-SISTEMA-NOVO-2024-12-08T110645.618_2024-12-08_14-07-18_png_2024-12-08_14-07-18.webp.webp?fit=1200%2C675&ssl=1&resize=350%2C200","width":350,"height":200,"srcset":"https:\/\/i0.wp.com\/noticiasribeiraopreto.com.br\/wp-content\/uploads\/2024\/12\/Copia-de-Copia-de-Copia-de-TAMANHO-EXATO-PARA-FOTOS-NO-SISTEMA-NOVO-2024-12-08T110645.618_2024-12-08_14-07-18_png_2024-12-08_14-07-18.webp.webp?fit=1200%2C675&ssl=1&resize=350%2C200 1x, https:\/\/i0.wp.com\/noticiasribeiraopreto.com.br\/wp-content\/uploads\/2024\/12\/Copia-de-Copia-de-Copia-de-TAMANHO-EXATO-PARA-FOTOS-NO-SISTEMA-NOVO-2024-12-08T110645.618_2024-12-08_14-07-18_png_2024-12-08_14-07-18.webp.webp?fit=1200%2C675&ssl=1&resize=525%2C300 1.5x, https:\/\/i0.wp.com\/noticiasribeiraopreto.com.br\/wp-content\/uploads\/2024\/12\/Copia-de-Copia-de-Copia-de-TAMANHO-EXATO-PARA-FOTOS-NO-SISTEMA-NOVO-2024-12-08T110645.618_2024-12-08_14-07-18_png_2024-12-08_14-07-18.webp.webp?fit=1200%2C675&ssl=1&resize=700%2C400 2x, https:\/\/i0.wp.com\/noticiasribeiraopreto.com.br\/wp-content\/uploads\/2024\/12\/Copia-de-Copia-de-Copia-de-TAMANHO-EXATO-PARA-FOTOS-NO-SISTEMA-NOVO-2024-12-08T110645.618_2024-12-08_14-07-18_png_2024-12-08_14-07-18.webp.webp?fit=1200%2C675&ssl=1&resize=1050%2C600 3x"},"classes":[]},{"id":73753,"url":"https:\/\/noticiasribeiraopreto.com.br\/index.php\/2025\/07\/09\/motociclista-morre-apos-ser-atingido-por-carro-em-ribeirao-preto\/","url_meta":{"origin":41677,"position":3},"title":"Motociclista morre ap\u00f3s ser atingido por carro em Ribeir\u00e3o Preto","author":"noticiasribeiraopreto.com.br","date":"9 de July de 2025","format":false,"excerpt":"Um motociclista morreu ap\u00f3s se envolver em um acidente com um carro na madrugada desta quarta-feira (9), na rodovia Jos\u00e9 Fregonesi, em Ribeir\u00e3o Preto. O acidente aconteceu na altura do quil\u00f4metro 325, por volta das 4h30. De acordo com o CCI (Centro de Controle de Informa\u00e7\u00f5es) da Artesp, o carro\u2026","rel":"","context":"In &quot;Not\u00edcias de Ribeir\u00e3o Preto-SP e Regi\u00e3o&quot;","block_context":{"text":"Not\u00edcias de Ribeir\u00e3o Preto-SP e Regi\u00e3o","link":"https:\/\/noticiasribeiraopreto.com.br\/index.php\/category\/noticias-de-ribeirao-preto-sp-e-regiao-ismael-colosi\/"},"img":{"alt_text":"","src":"https:\/\/i0.wp.com\/noticiasribeiraopreto.com.br\/wp-content\/uploads\/2025\/07\/acidente-ribeirao-preto_2025-07-09_11-52-23.webp.webp?fit=783%2C483&ssl=1&resize=350%2C200","width":350,"height":200,"srcset":"https:\/\/i0.wp.com\/noticiasribeiraopreto.com.br\/wp-content\/uploads\/2025\/07\/acidente-ribeirao-preto_2025-07-09_11-52-23.webp.webp?fit=783%2C483&ssl=1&resize=350%2C200 1x, https:\/\/i0.wp.com\/noticiasribeiraopreto.com.br\/wp-content\/uploads\/2025\/07\/acidente-ribeirao-preto_2025-07-09_11-52-23.webp.webp?fit=783%2C483&ssl=1&resize=525%2C300 1.5x, https:\/\/i0.wp.com\/noticiasribeiraopreto.com.br\/wp-content\/uploads\/2025\/07\/acidente-ribeirao-preto_2025-07-09_11-52-23.webp.webp?fit=783%2C483&ssl=1&resize=700%2C400 2x"},"classes":[]},{"id":75548,"url":"https:\/\/noticiasribeiraopreto.com.br\/index.php\/2025\/08\/11\/motorista-morre-apos-ser-lancada-para-fora-de-carro-em-acidente-na-anhanguera\/","url_meta":{"origin":41677,"position":4},"title":"Motorista morre ap\u00f3s ser lan\u00e7ada para fora de carro em acidente na Anhanguera","author":"noticiasribeiraopreto.com.br","date":"11 de August de 2025","format":false,"excerpt":"A motorista de um carro morreu em um acidente na noite deste domingo (10), no km 371 da rodovia Anhanguera (SP-330), em Orl\u00e2ndia, a aproximadamente 50 quil\u00f4metros de Ribeir\u00e3o Preto. Segundo a Artesp (Ag\u00eancia de Transporte do Estado de S\u00e3o Paulo), a condutora teria perdido o controle da dire\u00e7\u00e3o por\u2026","rel":"","context":"In &quot;Not\u00edcias de Ribeir\u00e3o Preto-SP e Regi\u00e3o&quot;","block_context":{"text":"Not\u00edcias de Ribeir\u00e3o Preto-SP e Regi\u00e3o","link":"https:\/\/noticiasribeiraopreto.com.br\/index.php\/category\/noticias-de-ribeirao-preto-sp-e-regiao-ismael-colosi\/"},"img":{"alt_text":"","src":"https:\/\/i0.wp.com\/noticiasribeiraopreto.com.br\/wp-content\/uploads\/2025\/08\/ACIDENTE_2025-08-11_12-37-59.webp.webp?fit=1200%2C722&ssl=1&resize=350%2C200","width":350,"height":200,"srcset":"https:\/\/i0.wp.com\/noticiasribeiraopreto.com.br\/wp-content\/uploads\/2025\/08\/ACIDENTE_2025-08-11_12-37-59.webp.webp?fit=1200%2C722&ssl=1&resize=350%2C200 1x, https:\/\/i0.wp.com\/noticiasribeiraopreto.com.br\/wp-content\/uploads\/2025\/08\/ACIDENTE_2025-08-11_12-37-59.webp.webp?fit=1200%2C722&ssl=1&resize=525%2C300 1.5x, https:\/\/i0.wp.com\/noticiasribeiraopreto.com.br\/wp-content\/uploads\/2025\/08\/ACIDENTE_2025-08-11_12-37-59.webp.webp?fit=1200%2C722&ssl=1&resize=700%2C400 2x, https:\/\/i0.wp.com\/noticiasribeiraopreto.com.br\/wp-content\/uploads\/2025\/08\/ACIDENTE_2025-08-11_12-37-59.webp.webp?fit=1200%2C722&ssl=1&resize=1050%2C600 3x"},"classes":[]},{"id":79709,"url":"https:\/\/noticiasribeiraopreto.com.br\/index.php\/2025\/11\/06\/perseguicao-termina-com-acidente-na-avenida-caramuru-em-ribeirao-preto\/","url_meta":{"origin":41677,"position":5},"title":"Persegui\u00e7\u00e3o termina com acidente na avenida Caramuru em Ribeir\u00e3o Preto","author":"noticiasribeiraopreto.com.br","date":"6 de November de 2025","format":false,"excerpt":"Uma persegui\u00e7\u00e3o policial terminou em acidente na avenida Caramuru, em Ribeir\u00e3o Preto, nesta quinta-feira (6). O motorista do carro foi detido pela Pol\u00edcia Militar por dire\u00e7\u00e3o perigosa, pr\u00f3ximo da rotat\u00f3ria com a avenida Jo\u00e3o Fi\u00fasa. Segundo apura\u00e7\u00e3o da EPTV, a persegui\u00e7\u00e3o come\u00e7ou na avenida Independ\u00eancia. A pol\u00edcia afirma que o\u2026","rel":"","context":"In &quot;Not\u00edcias de Ribeir\u00e3o Preto-SP e Regi\u00e3o&quot;","block_context":{"text":"Not\u00edcias de Ribeir\u00e3o Preto-SP e Regi\u00e3o","link":"https:\/\/noticiasribeiraopreto.com.br\/index.php\/category\/noticias-de-ribeirao-preto-sp-e-regiao-ismael-colosi\/"},"img":{"alt_text":"","src":"https:\/\/i0.wp.com\/noticiasribeiraopreto.com.br\/wp-content\/uploads\/2025\/11\/caramuru_2025-11-06_15-51-24.webp.webp?fit=1200%2C704&ssl=1&resize=350%2C200","width":350,"height":200,"srcset":"https:\/\/i0.wp.com\/noticiasribeiraopreto.com.br\/wp-content\/uploads\/2025\/11\/caramuru_2025-11-06_15-51-24.webp.webp?fit=1200%2C704&ssl=1&resize=350%2C200 1x, https:\/\/i0.wp.com\/noticiasribeiraopreto.com.br\/wp-content\/uploads\/2025\/11\/caramuru_2025-11-06_15-51-24.webp.webp?fit=1200%2C704&ssl=1&resize=525%2C300 1.5x, https:\/\/i0.wp.com\/noticiasribeiraopreto.com.br\/wp-content\/uploads\/2025\/11\/caramuru_2025-11-06_15-51-24.webp.webp?fit=1200%2C704&ssl=1&resize=700%2C400 2x, https:\/\/i0.wp.com\/noticiasribeiraopreto.com.br\/wp-content\/uploads\/2025\/11\/caramuru_2025-11-06_15-51-24.webp.webp?fit=1200%2C704&ssl=1&resize=1050%2C600 3x"},"classes":[]}],"jetpack_sharing_enabled":true,"jetpack_shortlink":"https:\/\/wp.me\/peQAOb-aQd","_links":{"self":[{"href":"https:\/\/noticiasribeiraopreto.com.br\/index.php\/wp-json\/wp\/v2\/posts\/41677","targetHints":{"allow":["GET"]}}],"collection":[{"href":"https:\/\/noticiasribeiraopreto.com.br\/index.php\/wp-json\/wp\/v2\/posts"}],"about":[{"href":"https:\/\/noticiasribeiraopreto.com.br\/index.php\/wp-json\/wp\/v2\/types\/post"}],"author":[{"embeddable":true,"href":"https:\/\/noticiasribeiraopreto.com.br\/index.php\/wp-json\/wp\/v2\/users\/1"}],"replies":[{"embeddable":true,"href":"https:\/\/noticiasribeiraopreto.com.br\/index.php\/wp-json\/wp\/v2\/comments?post=41677"}],"version-history":[{"count":0,"href":"https:\/\/noticiasribeiraopreto.com.br\/index.php\/wp-json\/wp\/v2\/posts\/41677\/revisions"}],"wp:featuredmedia":[{"embeddable":true,"href":"https:\/\/noticiasribeiraopreto.com.br\/index.php\/wp-json\/wp\/v2\/media\/41678"}],"wp:attachment":[{"href":"https:\/\/noticiasribeiraopreto.com.br\/index.php\/wp-json\/wp\/v2\/media?parent=41677"}],"wp:term":[{"taxonomy":"category","embeddable":true,"href":"https:\/\/noticiasribeiraopreto.com.br\/index.php\/wp-json\/wp\/v2\/categories?post=41677"},{"taxonomy":"post_tag","embeddable":true,"href":"https:\/\/noticiasribeiraopreto.com.br\/index.php\/wp-json\/wp\/v2\/tags?post=41677"}],"curies":[{"name":"wp","href":"https:\/\/api.w.org\/{rel}","templated":true}]}}