{"id":41703,"date":"2024-03-10T15:30:11","date_gmt":"2024-03-10T18:30:11","guid":{"rendered":"https:\/\/noticiasribeiraopreto.com.br\/index.php\/2024\/03\/10\/cinco-paises-seguros-para-mulheres-que-viajam-sozinhas\/"},"modified":"2024-03-10T15:30:11","modified_gmt":"2024-03-10T18:30:11","slug":"cinco-paises-seguros-para-mulheres-que-viajam-sozinhas","status":"publish","type":"post","link":"https:\/\/noticiasribeiraopreto.com.br\/index.php\/2024\/03\/10\/cinco-paises-seguros-para-mulheres-que-viajam-sozinhas\/","title":{"rendered":"Cinco pa\u00edses seguros para mulheres que viajam sozinhas\u00a0"},"content":{"rendered":"<div class='code-block code-block-1' style='margin: 8px 0 8px auto; text-align: right; display: block; clear: both;'>\n<p><a href=\"https:\/\/wa.link\/vpicfd\"><img data-recalc-dims=\"1\" class=\"wp-image-4922\" style=\"aspect-ratio: 2.0253164556962027; width: 561px; height: auto;\" src=\"https:\/\/i0.wp.com\/ismaelcolosi.com.br\/wp-content\/uploads\/2023\/11\/grupo-de-empregos-whatsapp-e-facebook-ismael-colosi-vagas.jpg?ssl=1\" alt=\"\" \/><\/a><\/p>\n<!-- \/wp:image -->\n<\/div>\n<p> <br \/>\n<\/p>\n<div id=\"\">\n<p> <span class=\"entry-meta-item penci-posted-on\"><i class=\"fa fa-clock-o\"\/><time class=\"entry-date published\" datetime=\"2024-03-10T15:00:18-03:00\">10 de mar\u00e7o de 2024 | 15:00<\/time><time class=\"updated\" datetime=\"2024-03-10T11:46:03-03:00\">10 de mar\u00e7o de 2024 | 11:46<\/time><\/span><\/p>\n<p> <span class=\"penci-social-buttons penci-social-share-footer\"><a href=\"#\" class=\"penci-post-like penci_post-meta_item  single-like-button penci-social-item like\" data-post_id=\"376836\" title=\"Like\" data-like=\"Like\" data-unlike=\"Unlike\"><i class=\"fa fa-thumbs-o-up\"\/><span class=\"penci-share-number\">0<\/span><\/a><i class=\"fa fa-facebook\"\/><a class=\"penci-social-item twitter\" target=\"_blank\" rel=\"noopener\" title=\"\" href=\"https:\/\/twitter.com\/intent\/tweet?text=Cinco%20pa\u00edses%20seguros%20para%20mulheres%20que%20viajam%20sozinhas\u00a0%20-%20https:\/\/www.tribunaribeirao.com.br\/site\/cinco-paises-seguros-para-mulheres-que-viajam-sozinhas\/\"><i class=\"fa fa-twitter\"\/><\/a><i class=\"fa fa-whatsapp\"\/><\/span><\/div>\n<div>\n<p><span data-contrast=\"auto\">Na \u00faltima sexta-feira, 8 de mar\u00e7o, foi celebrado o Dia Internacional da Mulher. Este m\u00eas tem se consolidado como um per\u00edodo especial de conscientiza\u00e7\u00e3o, reflex\u00e3o e debate. Por\u00e9m, sabemos que ainda \u00e9 preciso trilhar um longo caminho de aprendizado e avan\u00e7os em rela\u00e7\u00e3o \u00e0s desigualdades e viol\u00eancias que ainda s\u00e3o parte da realidade de mulheres pelo mundo inteiro.<\/span><span data-ccp-props=\"{&quot;201341983&quot;:0,&quot;335559739&quot;:160,&quot;335559740&quot;:259}\">\u00a0<\/span><\/p>\n<p><span data-contrast=\"auto\">A Civitatis, empresa l\u00edder em atividades e passeios no mundo inteiro, listou 5 pa\u00edses seguros para mulheres que viajam sozinhas ou que desejam explorar novos destinos. Confira.<\/span><span data-ccp-props=\"{&quot;201341983&quot;:0,&quot;335559739&quot;:160,&quot;335559740&quot;:259}\">\u00a0<\/span><\/p>\n<p>\u00a0<\/p>\n<figure id=\"attachment_376838\" aria-describedby=\"caption-attachment-376838\" style=\"width: 773px\" class=\"wp-caption aligncenter\"><noscript><img data-recalc-dims=\"1\" loading=\"lazy\" decoding=\"async\" class=\" wp-image-376838\" src=\"https:\/\/i0.wp.com\/www.tribunaribeirao.com.br\/site\/wp-content\/uploads\/2024\/03\/NOVA-ZELANDIA-300x200.jpg?resize=773%2C515&#038;ssl=1\" alt=\"\" width=\"773\" height=\"515\" srcset=\"https:\/\/www.tribunaribeirao.com.br\/site\/wp-content\/uploads\/2024\/03\/NOVA-ZELANDIA-300x200.jpg 300w, https:\/\/www.tribunaribeirao.com.br\/site\/wp-content\/uploads\/2024\/03\/NOVA-ZELANDIA-768x512.jpg 768w, https:\/\/www.tribunaribeirao.com.br\/site\/wp-content\/uploads\/2024\/03\/NOVA-ZELANDIA-480x320.jpg 480w, https:\/\/www.tribunaribeirao.com.br\/site\/wp-content\/uploads\/2024\/03\/NOVA-ZELANDIA-280x186.jpg 280w, https:\/\/www.tribunaribeirao.com.br\/site\/wp-content\/uploads\/2024\/03\/NOVA-ZELANDIA-960x640.jpg 960w, https:\/\/www.tribunaribeirao.com.br\/site\/wp-content\/uploads\/2024\/03\/NOVA-ZELANDIA-600x400.jpg 600w, https:\/\/www.tribunaribeirao.com.br\/site\/wp-content\/uploads\/2024\/03\/NOVA-ZELANDIA-585x390.jpg 585w, https:\/\/www.tribunaribeirao.com.br\/site\/wp-content\/uploads\/2024\/03\/NOVA-ZELANDIA.jpg 967w\" sizes=\"auto, (max-width: 773px) 100vw, 773px\"\/><\/noscript><figcaption id=\"caption-attachment-376838\" class=\"wp-caption-text\">(Divulga\u00e7\u00e3o)<\/figcaption><\/figure>\n<p><span data-contrast=\"auto\">A Nova Zel\u00e2ndia \u00e9 frequentemente ranqueada como um dos pa\u00edses mais seguros do mundo, com baixas taxas de criminalidade e um forte senso de comunidade. Muitas mulheres que viajam sozinhas por l\u00e1 relatam que se sentem seguras e acolhidas pela popula\u00e7\u00e3o local, que \u00e9 conhecida por sua gentileza e hospitalidade. Al\u00e9m disso, o pa\u00eds tamb\u00e9m possui uma cultura de igualdade de g\u00eanero e respeito \u00e0s mulheres.<\/span><span data-ccp-props=\"{&quot;201341983&quot;:0,&quot;335559739&quot;:160,&quot;335559740&quot;:259}\">\u00a0<\/span><\/p>\n<figure id=\"attachment_376839\" aria-describedby=\"caption-attachment-376839\" style=\"width: 815px\" class=\"wp-caption aligncenter\"><img data-recalc-dims=\"1\" loading=\"lazy\" decoding=\"async\" alt=\"\" width=\"815\" height=\"543\" srcset=\"https:\/\/www.tribunaribeirao.com.br\/site\/wp-content\/uploads\/2024\/03\/PORTUGAL-300x200.jpg 300w, https:\/\/www.tribunaribeirao.com.br\/site\/wp-content\/uploads\/2024\/03\/PORTUGAL-768x512.jpg 768w, https:\/\/www.tribunaribeirao.com.br\/site\/wp-content\/uploads\/2024\/03\/PORTUGAL-480x320.jpg 480w, https:\/\/www.tribunaribeirao.com.br\/site\/wp-content\/uploads\/2024\/03\/PORTUGAL-280x186.jpg 280w, https:\/\/www.tribunaribeirao.com.br\/site\/wp-content\/uploads\/2024\/03\/PORTUGAL-960x640.jpg 960w, https:\/\/www.tribunaribeirao.com.br\/site\/wp-content\/uploads\/2024\/03\/PORTUGAL-600x400.jpg 600w, https:\/\/www.tribunaribeirao.com.br\/site\/wp-content\/uploads\/2024\/03\/PORTUGAL-585x390.jpg 585w, https:\/\/www.tribunaribeirao.com.br\/site\/wp-content\/uploads\/2024\/03\/PORTUGAL.jpg 967w\" src=\"https:\/\/i0.wp.com\/www.tribunaribeirao.com.br\/site\/wp-content\/uploads\/2024\/03\/PORTUGAL-300x200.jpg?resize=815%2C543&#038;ssl=1\" data-sizes=\"(max-width: 815px) 100vw, 815px\" class=\" wp-image-376839 lazyload\"\/><noscript><img data-recalc-dims=\"1\" loading=\"lazy\" decoding=\"async\" class=\" wp-image-376839\" src=\"https:\/\/i0.wp.com\/www.tribunaribeirao.com.br\/site\/wp-content\/uploads\/2024\/03\/PORTUGAL-300x200.jpg?resize=815%2C543&#038;ssl=1\" alt=\"\" width=\"815\" height=\"543\" srcset=\"https:\/\/www.tribunaribeirao.com.br\/site\/wp-content\/uploads\/2024\/03\/PORTUGAL-300x200.jpg 300w, https:\/\/www.tribunaribeirao.com.br\/site\/wp-content\/uploads\/2024\/03\/PORTUGAL-768x512.jpg 768w, https:\/\/www.tribunaribeirao.com.br\/site\/wp-content\/uploads\/2024\/03\/PORTUGAL-480x320.jpg 480w, https:\/\/www.tribunaribeirao.com.br\/site\/wp-content\/uploads\/2024\/03\/PORTUGAL-280x186.jpg 280w, https:\/\/www.tribunaribeirao.com.br\/site\/wp-content\/uploads\/2024\/03\/PORTUGAL-960x640.jpg 960w, https:\/\/www.tribunaribeirao.com.br\/site\/wp-content\/uploads\/2024\/03\/PORTUGAL-600x400.jpg 600w, https:\/\/www.tribunaribeirao.com.br\/site\/wp-content\/uploads\/2024\/03\/PORTUGAL-585x390.jpg 585w, https:\/\/www.tribunaribeirao.com.br\/site\/wp-content\/uploads\/2024\/03\/PORTUGAL.jpg 967w\" sizes=\"auto, (max-width: 815px) 100vw, 815px\"\/><\/noscript><figcaption id=\"caption-attachment-376839\" class=\"wp-caption-text\">(Divulga\u00e7\u00e3o)<\/figcaption><\/figure>\n<p><span data-contrast=\"auto\">Portugal tem um dos \u00edndices de viol\u00eancia contra a mulher mais baixos da Europa, sendo um destino seguro para as viajantes. A cultura familiar e acolhedora dos portugueses faz com que as mulheres que viajam sozinhas pelo pa\u00eds sintam-se mais seguras e tranquilas. Portugal tamb\u00e9m conta com uma boa infraestrutura tur\u00edstica, transporte p\u00fablico eficiente e op\u00e7\u00f5es de acomoda\u00e7\u00e3o para todos os or\u00e7amentos.<\/span><span data-ccp-props=\"{&quot;201341983&quot;:0,&quot;335559739&quot;:160,&quot;335559740&quot;:259}\">\u00a0<\/span><\/p>\n<figure id=\"attachment_376840\" aria-describedby=\"caption-attachment-376840\" style=\"width: 947px\" class=\"wp-caption aligncenter\"><img data-recalc-dims=\"1\" loading=\"lazy\" decoding=\"async\" alt=\"\" width=\"947\" height=\"631\" srcset=\"https:\/\/www.tribunaribeirao.com.br\/site\/wp-content\/uploads\/2024\/03\/CANADA-300x200.jpg 300w, https:\/\/www.tribunaribeirao.com.br\/site\/wp-content\/uploads\/2024\/03\/CANADA-768x511.jpg 768w, https:\/\/www.tribunaribeirao.com.br\/site\/wp-content\/uploads\/2024\/03\/CANADA-480x320.jpg 480w, https:\/\/www.tribunaribeirao.com.br\/site\/wp-content\/uploads\/2024\/03\/CANADA-280x186.jpg 280w, https:\/\/www.tribunaribeirao.com.br\/site\/wp-content\/uploads\/2024\/03\/CANADA-602x400.jpg 602w, https:\/\/www.tribunaribeirao.com.br\/site\/wp-content\/uploads\/2024\/03\/CANADA-585x389.jpg 585w, https:\/\/www.tribunaribeirao.com.br\/site\/wp-content\/uploads\/2024\/03\/CANADA.jpg 970w\" src=\"https:\/\/i0.wp.com\/www.tribunaribeirao.com.br\/site\/wp-content\/uploads\/2024\/03\/CANADA-300x200.jpg?resize=947%2C631&#038;ssl=1\" data-sizes=\"(max-width: 947px) 100vw, 947px\" class=\" wp-image-376840 lazyload\"\/><noscript><img data-recalc-dims=\"1\" loading=\"lazy\" decoding=\"async\" class=\" wp-image-376840\" src=\"https:\/\/i0.wp.com\/www.tribunaribeirao.com.br\/site\/wp-content\/uploads\/2024\/03\/CANADA-300x200.jpg?resize=947%2C631&#038;ssl=1\" alt=\"\" width=\"947\" height=\"631\" srcset=\"https:\/\/www.tribunaribeirao.com.br\/site\/wp-content\/uploads\/2024\/03\/CANADA-300x200.jpg 300w, https:\/\/www.tribunaribeirao.com.br\/site\/wp-content\/uploads\/2024\/03\/CANADA-768x511.jpg 768w, https:\/\/www.tribunaribeirao.com.br\/site\/wp-content\/uploads\/2024\/03\/CANADA-480x320.jpg 480w, https:\/\/www.tribunaribeirao.com.br\/site\/wp-content\/uploads\/2024\/03\/CANADA-280x186.jpg 280w, https:\/\/www.tribunaribeirao.com.br\/site\/wp-content\/uploads\/2024\/03\/CANADA-602x400.jpg 602w, https:\/\/www.tribunaribeirao.com.br\/site\/wp-content\/uploads\/2024\/03\/CANADA-585x389.jpg 585w, https:\/\/www.tribunaribeirao.com.br\/site\/wp-content\/uploads\/2024\/03\/CANADA.jpg 970w\" sizes=\"auto, (max-width: 947px) 100vw, 947px\"\/><\/noscript><figcaption id=\"caption-attachment-376840\" class=\"wp-caption-text\">(Divulga\u00e7\u00e3o)<\/figcaption><\/figure>\n<p><span data-contrast=\"auto\">O Canad\u00e1 \u00e9 considerado um pa\u00eds muito seguro e tem baixos \u00edndices de criminalidade. O povo canadense \u00e9 receptivo e multicultural, o que contribui para um ambiente acolhedor e diverso para as viajantes. A variedade de paisagens e atividades, que oferece desde cidades cosmopolitas at\u00e9 parques nacionais exuberantes, agrada todos os gostos.<\/span><span data-ccp-props=\"{&quot;201341983&quot;:0,&quot;335559739&quot;:160,&quot;335559740&quot;:259}\">\u00a0<\/span><\/p>\n<figure id=\"attachment_376841\" aria-describedby=\"caption-attachment-376841\" style=\"width: 965px\" class=\"wp-caption aligncenter\"><img data-recalc-dims=\"1\" loading=\"lazy\" decoding=\"async\" alt=\"\" width=\"965\" height=\"643\" srcset=\"https:\/\/www.tribunaribeirao.com.br\/site\/wp-content\/uploads\/2024\/03\/IRLANDA-300x200.jpg 300w, https:\/\/www.tribunaribeirao.com.br\/site\/wp-content\/uploads\/2024\/03\/IRLANDA-768x513.jpg 768w, https:\/\/www.tribunaribeirao.com.br\/site\/wp-content\/uploads\/2024\/03\/IRLANDA-480x320.jpg 480w, https:\/\/www.tribunaribeirao.com.br\/site\/wp-content\/uploads\/2024\/03\/IRLANDA-280x186.jpg 280w, https:\/\/www.tribunaribeirao.com.br\/site\/wp-content\/uploads\/2024\/03\/IRLANDA-960x641.jpg 960w, https:\/\/www.tribunaribeirao.com.br\/site\/wp-content\/uploads\/2024\/03\/IRLANDA-599x400.jpg 599w, https:\/\/www.tribunaribeirao.com.br\/site\/wp-content\/uploads\/2024\/03\/IRLANDA-585x391.jpg 585w, https:\/\/www.tribunaribeirao.com.br\/site\/wp-content\/uploads\/2024\/03\/IRLANDA.jpg 966w\" src=\"https:\/\/i0.wp.com\/www.tribunaribeirao.com.br\/site\/wp-content\/uploads\/2024\/03\/IRLANDA-300x200.jpg?resize=965%2C643&#038;ssl=1\" data-sizes=\"(max-width: 965px) 100vw, 965px\" class=\" wp-image-376841 lazyload\"\/><noscript><img data-recalc-dims=\"1\" loading=\"lazy\" decoding=\"async\" class=\" wp-image-376841\" src=\"https:\/\/i0.wp.com\/www.tribunaribeirao.com.br\/site\/wp-content\/uploads\/2024\/03\/IRLANDA-300x200.jpg?resize=965%2C643&#038;ssl=1\" alt=\"\" width=\"965\" height=\"643\" srcset=\"https:\/\/www.tribunaribeirao.com.br\/site\/wp-content\/uploads\/2024\/03\/IRLANDA-300x200.jpg 300w, https:\/\/www.tribunaribeirao.com.br\/site\/wp-content\/uploads\/2024\/03\/IRLANDA-768x513.jpg 768w, https:\/\/www.tribunaribeirao.com.br\/site\/wp-content\/uploads\/2024\/03\/IRLANDA-480x320.jpg 480w, https:\/\/www.tribunaribeirao.com.br\/site\/wp-content\/uploads\/2024\/03\/IRLANDA-280x186.jpg 280w, https:\/\/www.tribunaribeirao.com.br\/site\/wp-content\/uploads\/2024\/03\/IRLANDA-960x641.jpg 960w, https:\/\/www.tribunaribeirao.com.br\/site\/wp-content\/uploads\/2024\/03\/IRLANDA-599x400.jpg 599w, https:\/\/www.tribunaribeirao.com.br\/site\/wp-content\/uploads\/2024\/03\/IRLANDA-585x391.jpg 585w, https:\/\/www.tribunaribeirao.com.br\/site\/wp-content\/uploads\/2024\/03\/IRLANDA.jpg 966w\" sizes=\"auto, (max-width: 965px) 100vw, 965px\"\/><\/noscript><figcaption id=\"caption-attachment-376841\" class=\"wp-caption-text\">(Divulga\u00e7\u00e3o)<\/figcaption><\/figure>\n<p><span data-contrast=\"auto\">A Irlanda \u00e9 um pa\u00eds com baixas taxas de viol\u00eancia, especialmente contra mulheres. Mundialmente reconhecidos por sua simpatia, alto astral e hospitalidade, os irlandeses t\u00eam diversos festivais e eventos ao longo do ano, al\u00e9m da rica hist\u00f3ria do pa\u00eds e paisagens imperd\u00edveis. A comunidade de brasileiros no pa\u00eds segue em crescimento, ajudando as viajantes brasileiras a sentirem-se \u201cem casa\u201d.<\/span><span data-ccp-props=\"{&quot;201341983&quot;:0,&quot;335559739&quot;:160,&quot;335559740&quot;:259}\">\u00a0<\/span><\/p>\n<figure id=\"attachment_376842\" aria-describedby=\"caption-attachment-376842\" style=\"width: 809px\" class=\"wp-caption aligncenter\"><img data-recalc-dims=\"1\" loading=\"lazy\" decoding=\"async\" alt=\"\" width=\"809\" height=\"539\" srcset=\"https:\/\/www.tribunaribeirao.com.br\/site\/wp-content\/uploads\/2024\/03\/SUICA-1-300x200.jpg 300w, https:\/\/www.tribunaribeirao.com.br\/site\/wp-content\/uploads\/2024\/03\/SUICA-1-768x512.jpg 768w, https:\/\/www.tribunaribeirao.com.br\/site\/wp-content\/uploads\/2024\/03\/SUICA-1-480x320.jpg 480w, https:\/\/www.tribunaribeirao.com.br\/site\/wp-content\/uploads\/2024\/03\/SUICA-1-280x186.jpg 280w, https:\/\/www.tribunaribeirao.com.br\/site\/wp-content\/uploads\/2024\/03\/SUICA-1-960x640.jpg 960w, https:\/\/www.tribunaribeirao.com.br\/site\/wp-content\/uploads\/2024\/03\/SUICA-1-600x400.jpg 600w, https:\/\/www.tribunaribeirao.com.br\/site\/wp-content\/uploads\/2024\/03\/SUICA-1-585x390.jpg 585w, https:\/\/www.tribunaribeirao.com.br\/site\/wp-content\/uploads\/2024\/03\/SUICA-1.jpg 967w\" src=\"https:\/\/i0.wp.com\/www.tribunaribeirao.com.br\/site\/wp-content\/uploads\/2024\/03\/SUICA-1-300x200.jpg?resize=809%2C539&#038;ssl=1\" data-sizes=\"(max-width: 809px) 100vw, 809px\" class=\" wp-image-376842 lazyload\"\/><noscript><img data-recalc-dims=\"1\" loading=\"lazy\" decoding=\"async\" class=\" wp-image-376842\" src=\"https:\/\/i0.wp.com\/www.tribunaribeirao.com.br\/site\/wp-content\/uploads\/2024\/03\/SUICA-1-300x200.jpg?resize=809%2C539&#038;ssl=1\" alt=\"\" width=\"809\" height=\"539\" srcset=\"https:\/\/www.tribunaribeirao.com.br\/site\/wp-content\/uploads\/2024\/03\/SUICA-1-300x200.jpg 300w, https:\/\/www.tribunaribeirao.com.br\/site\/wp-content\/uploads\/2024\/03\/SUICA-1-768x512.jpg 768w, https:\/\/www.tribunaribeirao.com.br\/site\/wp-content\/uploads\/2024\/03\/SUICA-1-480x320.jpg 480w, https:\/\/www.tribunaribeirao.com.br\/site\/wp-content\/uploads\/2024\/03\/SUICA-1-280x186.jpg 280w, https:\/\/www.tribunaribeirao.com.br\/site\/wp-content\/uploads\/2024\/03\/SUICA-1-960x640.jpg 960w, https:\/\/www.tribunaribeirao.com.br\/site\/wp-content\/uploads\/2024\/03\/SUICA-1-600x400.jpg 600w, https:\/\/www.tribunaribeirao.com.br\/site\/wp-content\/uploads\/2024\/03\/SUICA-1-585x390.jpg 585w, https:\/\/www.tribunaribeirao.com.br\/site\/wp-content\/uploads\/2024\/03\/SUICA-1.jpg 967w\" sizes=\"auto, (max-width: 809px) 100vw, 809px\"\/><\/noscript><figcaption id=\"caption-attachment-376842\" class=\"wp-caption-text\">(Divulga\u00e7\u00e3o)<\/figcaption><\/figure>\n<p><span data-contrast=\"auto\">As mulheres que viajam sozinhas pela Su\u00ed\u00e7a dizem que se sentem seguras e livres para explorar o pa\u00eds devido ao alto n\u00edvel de seguran\u00e7a. O transporte p\u00fablico \u00e9 eficiente, seguro e pontual, facilitando os deslocamentos. A gama de atividades \u00e9 extensa e conta com paisagens montanhosas, lagos cristalinos, cidades charmosas e museus hist\u00f3ricos.<\/span><span data-ccp-props=\"{&quot;201341983&quot;:0,&quot;335559739&quot;:160,&quot;335559740&quot;:259}\">\u00a0<\/span><\/p>\n<p><span data-ccp-props=\"{&quot;201341983&quot;:0,&quot;335559739&quot;:160,&quot;335559740&quot;:259}\">\u00a0<\/span><\/p>\n<\/div>\n<p><script async src=\"\/\/platform.twitter.com\/widgets.js\" charset=\"utf-8\"><\/script><br \/>\n<br \/><br \/>\n<br \/><a href=\"https:\/\/www.tribunaribeirao.com.br\/site\/cinco-paises-seguros-para-mulheres-que-viajam-sozinhas\/\">Source link <\/a><\/p>\n<!-- CONTENT END 1 -->\n","protected":false},"excerpt":{"rendered":"<p>10 de mar\u00e7o de 2024 | 15:0010 de mar\u00e7o de 2024 | 11:46 0 Na \u00faltima sexta-feira, 8 de mar\u00e7o, foi celebrado o Dia Internacional&#8230;<\/p>\n","protected":false},"author":1,"featured_media":41704,"comment_status":"open","ping_status":"open","sticky":false,"template":"","format":"standard","meta":{"advanced_seo_description":"","jetpack_seo_html_title":"","jetpack_seo_noindex":false,"jetpack_post_was_ever_published":false,"_jetpack_newsletter_access":"","_jetpack_dont_email_post_to_subs":false,"_jetpack_newsletter_tier_id":0,"_jetpack_memberships_contains_paywalled_content":false,"_jetpack_memberships_contains_paid_content":false,"footnotes":"","jetpack_publicize_message":"","jetpack_publicize_feature_enabled":true,"jetpack_social_post_already_shared":true,"jetpack_social_options":{"image_generator_settings":{"template":"highway","default_image_id":0,"font":"","enabled":false},"version":2}},"categories":[11],"tags":[481,980,1184,71,4905,4907,4906],"class_list":["post-41703","post","type-post","status-publish","format-standard","has-post-thumbnail","hentry","category-noticias-de-ribeirao-preto-sp-e-regiao-ismael-colosi","tag-cinco","tag-mulheres","tag-paises","tag-para","tag-seguros","tag-sozinhas","tag-viajam"],"jetpack_publicize_connections":[],"jetpack_featured_media_url":"https:\/\/i0.wp.com\/noticiasribeiraopreto.com.br\/wp-content\/uploads\/2024\/03\/SUICA.jpg?fit=967%2C645&ssl=1","jetpack-related-posts":[{"id":8434,"url":"https:\/\/noticiasribeiraopreto.com.br\/index.php\/2023\/11\/30\/brasil-dispara-no-ranking-de-paises-mais-seguros-para-viajar-veja-top-15\/","url_meta":{"origin":41703,"position":0},"title":"Brasil dispara no ranking de pa\u00edses mais seguros para viajar; veja top 15","author":"noticiasribeiraopreto.com.br","date":"30 de November de 2023","format":false,"excerpt":"Cr\u00e9ditos: Depositphotos\/rfphotoRelat\u00f3rio lista os pa\u00edses mais seguros para viajar A seguran\u00e7a \u00e9 um fator decisivo quando o assunto \u00e9 o pr\u00f3ximo destino de viagem. Nos \u00faltimos tempos, o cen\u00e1rio vol\u00e1til global tem intensificado essa preocupa\u00e7\u00e3o. Para ajudar quem est\u00e1 escolhendo o destino das f\u00e9rias em 2024, existem esfor\u00e7os em apontar\u2026","rel":"","context":"In &quot;Variedades&quot;","block_context":{"text":"Variedades","link":"https:\/\/noticiasribeiraopreto.com.br\/index.php\/category\/variedades\/"},"img":{"alt_text":"","src":"https:\/\/i0.wp.com\/noticiasribeiraopreto.com.br\/wp-content\/uploads\/2023\/11\/depositphotos-52250159-xl-scaled-e1701291115149.jpg?fit=1200%2C638&ssl=1&resize=350%2C200","width":350,"height":200,"srcset":"https:\/\/i0.wp.com\/noticiasribeiraopreto.com.br\/wp-content\/uploads\/2023\/11\/depositphotos-52250159-xl-scaled-e1701291115149.jpg?fit=1200%2C638&ssl=1&resize=350%2C200 1x, https:\/\/i0.wp.com\/noticiasribeiraopreto.com.br\/wp-content\/uploads\/2023\/11\/depositphotos-52250159-xl-scaled-e1701291115149.jpg?fit=1200%2C638&ssl=1&resize=525%2C300 1.5x, https:\/\/i0.wp.com\/noticiasribeiraopreto.com.br\/wp-content\/uploads\/2023\/11\/depositphotos-52250159-xl-scaled-e1701291115149.jpg?fit=1200%2C638&ssl=1&resize=700%2C400 2x, https:\/\/i0.wp.com\/noticiasribeiraopreto.com.br\/wp-content\/uploads\/2023\/11\/depositphotos-52250159-xl-scaled-e1701291115149.jpg?fit=1200%2C638&ssl=1&resize=1050%2C600 3x"},"classes":[]},{"id":41851,"url":"https:\/\/noticiasribeiraopreto.com.br\/index.php\/2024\/03\/11\/karatecas-de-rp-vao-disputar-seletiva-nacional\/","url_meta":{"origin":41703,"position":1},"title":"Karatecas de RP v\u00e3o disputar seletiva nacional","author":"noticiasribeiraopreto.com.br","date":"11 de March de 2024","format":false,"excerpt":"11 de mar\u00e7o de 2024 | 17:0011 de mar\u00e7o de 2024 | 14:31 0Cinco atletas da Secretaria de Esportes de Ribeir\u00e3o Preto viajam nos pr\u00f3ximos dias para Caucaia, no Cear\u00e1, onde v\u00e3o participar da Seletiva Nacional de Karate. O evento, realizado pela Confedera\u00e7\u00e3o Brasileira de Karate, \u00e9 a primeira seletiva\u2026","rel":"","context":"In &quot;Not\u00edcias de Ribeir\u00e3o Preto-SP e Regi\u00e3o&quot;","block_context":{"text":"Not\u00edcias de Ribeir\u00e3o Preto-SP e Regi\u00e3o","link":"https:\/\/noticiasribeiraopreto.com.br\/index.php\/category\/noticias-de-ribeirao-preto-sp-e-regiao-ismael-colosi\/"},"img":{"alt_text":"","src":"https:\/\/i0.wp.com\/noticiasribeiraopreto.com.br\/wp-content\/uploads\/2024\/03\/karate-scaled.jpeg?fit=865%2C645&ssl=1&resize=350%2C200","width":350,"height":200,"srcset":"https:\/\/i0.wp.com\/noticiasribeiraopreto.com.br\/wp-content\/uploads\/2024\/03\/karate-scaled.jpeg?fit=865%2C645&ssl=1&resize=350%2C200 1x, https:\/\/i0.wp.com\/noticiasribeiraopreto.com.br\/wp-content\/uploads\/2024\/03\/karate-scaled.jpeg?fit=865%2C645&ssl=1&resize=525%2C300 1.5x, https:\/\/i0.wp.com\/noticiasribeiraopreto.com.br\/wp-content\/uploads\/2024\/03\/karate-scaled.jpeg?fit=865%2C645&ssl=1&resize=700%2C400 2x"},"classes":[]},{"id":44478,"url":"https:\/\/noticiasribeiraopreto.com.br\/index.php\/2024\/03\/27\/justica-concede-liberdade-provisoria-para-agronoma\/","url_meta":{"origin":41703,"position":2},"title":"Justi\u00e7a concede liberdade provis\u00f3ria para agr\u00f4noma","author":"noticiasribeiraopreto.com.br","date":"27 de March de 2024","format":false,"excerpt":"Mulher teria se envolvido em confus\u00e3o num posto de combust\u00edveis e deve responder por seis crimes 27 de mar\u00e7o de 2024 | 12:17 2 A Justi\u00e7a concedeu liberdade provis\u00f3ria para Ana Paula Junqueira, engenheira agr\u00f4noma que foi presa ap\u00f3s briga em um posto de combust\u00edveis no Jardim Paulista, zona Leste\u2026","rel":"","context":"In &quot;Not\u00edcias de Ribeir\u00e3o Preto-SP e Regi\u00e3o&quot;","block_context":{"text":"Not\u00edcias de Ribeir\u00e3o Preto-SP e Regi\u00e3o","link":"https:\/\/noticiasribeiraopreto.com.br\/index.php\/category\/noticias-de-ribeirao-preto-sp-e-regiao-ismael-colosi\/"},"img":{"alt_text":"","src":"https:\/\/i0.wp.com\/noticiasribeiraopreto.com.br\/wp-content\/uploads\/2024\/03\/1711585624_00-25-mar-2024-negado-habeas-corpus-foto-redes-sociais.jpg?fit=551%2C645&ssl=1&resize=350%2C200","width":350,"height":200,"srcset":"https:\/\/i0.wp.com\/noticiasribeiraopreto.com.br\/wp-content\/uploads\/2024\/03\/1711585624_00-25-mar-2024-negado-habeas-corpus-foto-redes-sociais.jpg?fit=551%2C645&ssl=1&resize=350%2C200 1x, https:\/\/i0.wp.com\/noticiasribeiraopreto.com.br\/wp-content\/uploads\/2024\/03\/1711585624_00-25-mar-2024-negado-habeas-corpus-foto-redes-sociais.jpg?fit=551%2C645&ssl=1&resize=525%2C300 1.5x"},"classes":[]},{"id":83052,"url":"https:\/\/noticiasribeiraopreto.com.br\/index.php\/2026\/03\/08\/a-historia-e-o-significado-do-dia-internacional-das-mulheres\/","url_meta":{"origin":41703,"position":3},"title":"A hist\u00f3ria e o significado do Dia Internacional das Mulheres","author":"noticiasribeiraopreto.com.br","date":"8 de March de 2026","format":false,"excerpt":"O Dia Internacional das Mulheres, celebrado em 8 de mar\u00e7o, tem origem nas mobiliza\u00e7\u00f5es femininas e oper\u00e1rias que marcaram o final do s\u00e9culo XIX e o in\u00edcio do s\u00e9culo XX. A data tornou-se s\u00edmbolo mundial da luta por direitos, igualdade de oportunidades e reconhecimento do papel das mulheres na sociedade.\u2026","rel":"","context":"In &quot;Not\u00edcias de Ribeir\u00e3o Preto-SP e Regi\u00e3o&quot;","block_context":{"text":"Not\u00edcias de Ribeir\u00e3o Preto-SP e Regi\u00e3o","link":"https:\/\/noticiasribeiraopreto.com.br\/index.php\/category\/noticias-de-ribeirao-preto-sp-e-regiao-ismael-colosi\/"},"img":{"alt_text":"","src":"https:\/\/i0.wp.com\/noticiasribeiraopreto.com.br\/wp-content\/uploads\/2026\/03\/pexels-astrid-16107910-scaled.jpg?fit=1170%2C780&ssl=1&resize=350%2C200","width":350,"height":200,"srcset":"https:\/\/i0.wp.com\/noticiasribeiraopreto.com.br\/wp-content\/uploads\/2026\/03\/pexels-astrid-16107910-scaled.jpg?fit=1170%2C780&ssl=1&resize=350%2C200 1x, https:\/\/i0.wp.com\/noticiasribeiraopreto.com.br\/wp-content\/uploads\/2026\/03\/pexels-astrid-16107910-scaled.jpg?fit=1170%2C780&ssl=1&resize=525%2C300 1.5x, https:\/\/i0.wp.com\/noticiasribeiraopreto.com.br\/wp-content\/uploads\/2026\/03\/pexels-astrid-16107910-scaled.jpg?fit=1170%2C780&ssl=1&resize=700%2C400 2x, https:\/\/i0.wp.com\/noticiasribeiraopreto.com.br\/wp-content\/uploads\/2026\/03\/pexels-astrid-16107910-scaled.jpg?fit=1170%2C780&ssl=1&resize=1050%2C600 3x"},"classes":[]},{"id":43488,"url":"https:\/\/noticiasribeiraopreto.com.br\/index.php\/2024\/03\/21\/defesa-pede-liberdade-de-agronoma-que-brigou-em-posto-de-combustiveis\/","url_meta":{"origin":41703,"position":4},"title":"Defesa pede liberdade de agr\u00f4noma que brigou em posto de combust\u00edveis","author":"noticiasribeiraopreto.com.br","date":"21 de March de 2024","format":false,"excerpt":"21 de mar\u00e7o de 2024 | 15:4221 de mar\u00e7o de 2024 | 15:42 1 A defesa da engenheira agr\u00f4noma Ana Paula Junqueira, de 43 anos, entrou com pedido de habeas corpus para que sua cliente possa acompanhar o inqu\u00e9rito em liberdade. Ana Paula est\u00e1 presa na Cadeia Feminina de Guariba\u2026","rel":"","context":"In &quot;Not\u00edcias de Ribeir\u00e3o Preto-SP e Regi\u00e3o&quot;","block_context":{"text":"Not\u00edcias de Ribeir\u00e3o Preto-SP e Regi\u00e3o","link":"https:\/\/noticiasribeiraopreto.com.br\/index.php\/category\/noticias-de-ribeirao-preto-sp-e-regiao-ismael-colosi\/"},"img":{"alt_text":"","src":"https:\/\/i0.wp.com\/noticiasribeiraopreto.com.br\/wp-content\/uploads\/2024\/03\/00-21-mar-2024-ana-paula-junqueira-foto-redes-sociais-scaled.jpg?fit=645%2C645&ssl=1&resize=350%2C200","width":350,"height":200,"srcset":"https:\/\/i0.wp.com\/noticiasribeiraopreto.com.br\/wp-content\/uploads\/2024\/03\/00-21-mar-2024-ana-paula-junqueira-foto-redes-sociais-scaled.jpg?fit=645%2C645&ssl=1&resize=350%2C200 1x, https:\/\/i0.wp.com\/noticiasribeiraopreto.com.br\/wp-content\/uploads\/2024\/03\/00-21-mar-2024-ana-paula-junqueira-foto-redes-sociais-scaled.jpg?fit=645%2C645&ssl=1&resize=525%2C300 1.5x"},"classes":[]},{"id":44041,"url":"https:\/\/noticiasribeiraopreto.com.br\/index.php\/2024\/03\/25\/tjsp-nega-liberdade-a-defesa-de-engenheira-agronoma\/","url_meta":{"origin":41703,"position":5},"title":"TJSP nega liberdade \u00e0 defesa de engenheira agr\u00f4noma","author":"noticiasribeiraopreto.com.br","date":"25 de March de 2024","format":false,"excerpt":"Mulher segue presa em Guariba enquanto Pol\u00edcia Civil ouve testemunhas e prepara inqu\u00e9rito 25 de mar\u00e7o de 2024 | 13:03 1 Por: Adalberto Luque O Tribunal de Justi\u00e7a de S\u00e3o Paulo (TJSP) indeferiu o pedido de liberdade feito pela defesa da engenheira agr\u00f4noma Ana Paula Junqueira, presa em flagrante por\u2026","rel":"","context":"In &quot;Not\u00edcias de Ribeir\u00e3o Preto-SP e Regi\u00e3o&quot;","block_context":{"text":"Not\u00edcias de Ribeir\u00e3o Preto-SP e Regi\u00e3o","link":"https:\/\/noticiasribeiraopreto.com.br\/index.php\/category\/noticias-de-ribeirao-preto-sp-e-regiao-ismael-colosi\/"},"img":{"alt_text":"","src":"https:\/\/i0.wp.com\/noticiasribeiraopreto.com.br\/wp-content\/uploads\/2024\/03\/00-25-mar-2024-negado-habeas-corpus-foto-redes-sociais.jpg?fit=551%2C645&ssl=1&resize=350%2C200","width":350,"height":200,"srcset":"https:\/\/i0.wp.com\/noticiasribeiraopreto.com.br\/wp-content\/uploads\/2024\/03\/00-25-mar-2024-negado-habeas-corpus-foto-redes-sociais.jpg?fit=551%2C645&ssl=1&resize=350%2C200 1x, https:\/\/i0.wp.com\/noticiasribeiraopreto.com.br\/wp-content\/uploads\/2024\/03\/00-25-mar-2024-negado-habeas-corpus-foto-redes-sociais.jpg?fit=551%2C645&ssl=1&resize=525%2C300 1.5x"},"classes":[]}],"jetpack_sharing_enabled":true,"jetpack_shortlink":"https:\/\/wp.me\/peQAOb-aQD","_links":{"self":[{"href":"https:\/\/noticiasribeiraopreto.com.br\/index.php\/wp-json\/wp\/v2\/posts\/41703","targetHints":{"allow":["GET"]}}],"collection":[{"href":"https:\/\/noticiasribeiraopreto.com.br\/index.php\/wp-json\/wp\/v2\/posts"}],"about":[{"href":"https:\/\/noticiasribeiraopreto.com.br\/index.php\/wp-json\/wp\/v2\/types\/post"}],"author":[{"embeddable":true,"href":"https:\/\/noticiasribeiraopreto.com.br\/index.php\/wp-json\/wp\/v2\/users\/1"}],"replies":[{"embeddable":true,"href":"https:\/\/noticiasribeiraopreto.com.br\/index.php\/wp-json\/wp\/v2\/comments?post=41703"}],"version-history":[{"count":0,"href":"https:\/\/noticiasribeiraopreto.com.br\/index.php\/wp-json\/wp\/v2\/posts\/41703\/revisions"}],"wp:featuredmedia":[{"embeddable":true,"href":"https:\/\/noticiasribeiraopreto.com.br\/index.php\/wp-json\/wp\/v2\/media\/41704"}],"wp:attachment":[{"href":"https:\/\/noticiasribeiraopreto.com.br\/index.php\/wp-json\/wp\/v2\/media?parent=41703"}],"wp:term":[{"taxonomy":"category","embeddable":true,"href":"https:\/\/noticiasribeiraopreto.com.br\/index.php\/wp-json\/wp\/v2\/categories?post=41703"},{"taxonomy":"post_tag","embeddable":true,"href":"https:\/\/noticiasribeiraopreto.com.br\/index.php\/wp-json\/wp\/v2\/tags?post=41703"}],"curies":[{"name":"wp","href":"https:\/\/api.w.org\/{rel}","templated":true}]}}