{"id":41714,"date":"2024-03-10T17:03:20","date_gmt":"2024-03-10T20:03:20","guid":{"rendered":"https:\/\/noticiasribeiraopreto.com.br\/index.php\/2024\/03\/10\/univesp-abre-inscricoes-para-o-vestibular-2024\/"},"modified":"2024-03-10T17:03:20","modified_gmt":"2024-03-10T20:03:20","slug":"univesp-abre-inscricoes-para-o-vestibular-2024","status":"publish","type":"post","link":"https:\/\/noticiasribeiraopreto.com.br\/index.php\/2024\/03\/10\/univesp-abre-inscricoes-para-o-vestibular-2024\/","title":{"rendered":"Univesp abre inscri\u00e7\u00f5es para o Vestibular 2024\u00a0"},"content":{"rendered":"<div class='code-block code-block-1' style='margin: 8px 0 8px auto; text-align: right; display: block; clear: both;'>\n<p><a href=\"https:\/\/wa.link\/vpicfd\"><img data-recalc-dims=\"1\" class=\"wp-image-4922\" style=\"aspect-ratio: 2.0253164556962027; width: 561px; height: auto;\" src=\"https:\/\/i0.wp.com\/ismaelcolosi.com.br\/wp-content\/uploads\/2023\/11\/grupo-de-empregos-whatsapp-e-facebook-ismael-colosi-vagas.jpg?ssl=1\" alt=\"\" \/><\/a><\/p>\n<!-- \/wp:image -->\n<\/div>\n<p> <br \/>\n<\/p>\n<div id=\"\">\n<p> <span class=\"entry-meta-item penci-posted-on\"><i class=\"fa fa-clock-o\"\/><time class=\"entry-date published\" datetime=\"2024-03-10T17:00:18-03:00\">10 de mar\u00e7o de 2024 | 17:00<\/time><time class=\"updated\" datetime=\"2024-03-10T12:25:56-03:00\">10 de mar\u00e7o de 2024 | 12:25<\/time><\/span><\/p>\n<p> <span class=\"penci-social-buttons penci-social-share-footer\"><a href=\"#\" class=\"penci-post-like penci_post-meta_item  single-like-button penci-social-item like\" data-post_id=\"376844\" title=\"Like\" data-like=\"Like\" data-unlike=\"Unlike\"><i class=\"fa fa-thumbs-o-up\"\/><span class=\"penci-share-number\">0<\/span><\/a><i class=\"fa fa-facebook\"\/><a class=\"penci-social-item twitter\" target=\"_blank\" rel=\"noopener\" title=\"\" href=\"https:\/\/twitter.com\/intent\/tweet?text=Univesp%20abre%20inscri\u00e7\u00f5es%20para%20o%20Vestibular%202024\u00a0%20-%20https:\/\/www.tribunaribeirao.com.br\/site\/univesp-abre-inscricoes-para-o-vestibular-2024\/\"><i class=\"fa fa-twitter\"\/><\/a><i class=\"fa fa-whatsapp\"\/><\/span><\/div>\n<div>\n<p><span data-contrast=\"auto\">A Universidade Virtual do Estado de S\u00e3o Paulo (Univesp) est\u00e1 com inscri\u00e7\u00f5es abertas para 23.322 vagas do Vestibular anual, destinadas a 425 polos de 371 munic\u00edpios paulistas.<\/span><span data-contrast=\"none\"> Criada em 2012, a institui\u00e7\u00e3o \u00e9 exclusivamente de educa\u00e7\u00e3o a dist\u00e2ncia, mantida pelo Governo do Estado e vinculada \u00e0 Secretaria de Ci\u00eancia, Tecnologia e Inova\u00e7\u00e3o.<\/span><span data-contrast=\"auto\"> Para Ribeir\u00e3o Preto foram disponibilizadas 54 vagas.\u00a0<\/span><span data-ccp-props=\"{&quot;201341983&quot;:0,&quot;335559739&quot;:0,&quot;335559740&quot;:240}\">\u00a0<\/span><\/p>\n<p><span data-contrast=\"auto\">Est\u00e3o sendo oferecidos nove cursos: Letras, Matem\u00e1tica e Pedagogia (Eixo de Licenciatura), Ci\u00eancia de Dados, Engenharia de Computa\u00e7\u00e3o e Tecnologia da Informa\u00e7\u00e3o (Eixo de Computa\u00e7\u00e3o), e Administra\u00e7\u00e3o, Engenharia de Produ\u00e7\u00e3o e Tecnologia em Processos Gerenciais (Eixo de Neg\u00f3cios e Produ\u00e7\u00e3o).\u00a0<\/span><span data-ccp-props=\"{&quot;201341983&quot;:0,&quot;335559739&quot;:0,&quot;335559740&quot;:240}\">\u00a0<\/span><\/p>\n<p><span data-contrast=\"auto\">De acordo com o presidente da Univesp, professor Marcos Borges, o modelo de ingresso garante ao discente mais flexibilidade para a escolha, melhor entendimento do itiner\u00e1rio formativo, al\u00e9m da integra\u00e7\u00e3o com graduandos de outras habilita\u00e7\u00f5es, o que contribui para sua forma\u00e7\u00e3o e no desenvolvimento de projetos integradores multidisciplinares. \u201cNossas atividades s\u00e3o pautadas para apoiar o aluno em seu processo de forma\u00e7\u00e3o, garantir a qualidade e preparar o profissional para o mercado de trabalho\u201d, afirma.<\/span><span data-ccp-props=\"{&quot;201341983&quot;:0,&quot;335559739&quot;:0,&quot;335559740&quot;:240}\">\u00a0<\/span><\/p>\n<p><span data-contrast=\"auto\">Os cursos, totalmente gratuitos, s\u00e3o realizados em Ambiente Virtual de Aprendizagem (AVA), plataforma on-line na qual os estudantes desenvolvem atividades acad\u00eamicas, que incluem assistir a v\u00eddeo-aulas, acessar material did\u00e1tico, bibliotecas digitais e tirar d\u00favidas do conte\u00fado com facilitadores.\u00a0 J\u00e1 os polos, s\u00e3o espa\u00e7os f\u00edsicos onde os alunos contam com infraestrutura (computadores, impressoras e acesso \u00e0 internet) e realizam atividades, como provas e discuss\u00f5es em grupo. No local, tamb\u00e9m podem ser solicitados servi\u00e7os de secretaria acad\u00eamica e esclarecimento de d\u00favidas.\u00a0<\/span><span data-ccp-props=\"{&quot;201341983&quot;:0,&quot;335559739&quot;:0,&quot;335559740&quot;:240}\">\u00a0<\/span><\/p>\n<p><span data-contrast=\"auto\">As inscri\u00e7\u00f5es terminam no dia 08 de abril e devem ser feitas pelo site: vestibular.univesp.br. A prova objetiva e reda\u00e7\u00e3o ocorrer\u00e1 no dia 26 de abril e os locais oficiais ser\u00e3o divulgados no dia 21 de maio, a partir das 15h. O in\u00edcio das aulas est\u00e1 previsto para o final de julho de 2024.\u00a0<\/span><span data-ccp-props=\"{&quot;201341983&quot;:0,&quot;335559739&quot;:0,&quot;335559740&quot;:240}\">\u00a0<\/span><\/p>\n<p><span data-contrast=\"auto\">O custo da inscri\u00e7\u00e3o \u00e9 de R$ 52,00. Para participar, n\u00e3o h\u00e1 limite de idade, basta ter conclu\u00eddo o ensino m\u00e9dio ou com o t\u00e9rmino previsto at\u00e9 o per\u00edodo da matr\u00edcula. No preenchimento da ficha de inscri\u00e7\u00e3o, os candidatos devem cumprir todas as etapas previstas, responder o question\u00e1rio socioecon\u00f4mico, indicar o CPF e seus dados pessoais.\u00a0<\/span><span data-ccp-props=\"{&quot;201341983&quot;:0,&quot;335559739&quot;:0,&quot;335559740&quot;:240}\">\u00a0<\/span><\/p>\n<p><span data-contrast=\"auto\">No vestibular, tamb\u00e9m haver\u00e1 o Sistema de Pontua\u00e7\u00e3o Acrescida para Pretos, Pardos e \u00cdndios (PPI) e para alunos que estudaram o Ensino M\u00e9dio em escolas p\u00fablicas. Para outras informa\u00e7\u00f5es ou d\u00favidas, o interessado dever\u00e1 contatar a central de tele atendimento da Funda\u00e7\u00e3o FAT, em dias \u00fateis das 8 \u00e0s 20 horas, pelo telefone (11) 3471-6100.\u00a0<\/span><span data-ccp-props=\"{&quot;201341983&quot;:0,&quot;335559739&quot;:0,&quot;335559740&quot;:240}\">\u00a0<\/span><\/p>\n<p><span data-ccp-props=\"{&quot;201341983&quot;:0,&quot;335559739&quot;:0,&quot;335559740&quot;:240}\">\u00a0<\/span><\/p>\n<\/div>\n<p><script async src=\"\/\/platform.twitter.com\/widgets.js\" charset=\"utf-8\"><\/script><br \/>\n<br \/><br \/>\n<br \/><a href=\"https:\/\/www.tribunaribeirao.com.br\/site\/univesp-abre-inscricoes-para-o-vestibular-2024\/\">Source link <\/a><\/p>\n<!-- CONTENT END 1 -->\n","protected":false},"excerpt":{"rendered":"<p>10 de mar\u00e7o de 2024 | 17:0010 de mar\u00e7o de 2024 | 12:25 0 A Universidade Virtual do Estado de S\u00e3o Paulo (Univesp) est\u00e1 com&#8230;<\/p>\n","protected":false},"author":1,"featured_media":41715,"comment_status":"open","ping_status":"open","sticky":false,"template":"","format":"standard","meta":{"advanced_seo_description":"","jetpack_seo_html_title":"","jetpack_seo_noindex":false,"jetpack_post_was_ever_published":false,"_jetpack_newsletter_access":"","_jetpack_dont_email_post_to_subs":false,"_jetpack_newsletter_tier_id":0,"_jetpack_memberships_contains_paywalled_content":false,"_jetpack_memberships_contains_paid_content":false,"footnotes":"","jetpack_publicize_message":"","jetpack_publicize_feature_enabled":true,"jetpack_social_post_already_shared":true,"jetpack_social_options":{"image_generator_settings":{"template":"highway","default_image_id":0,"font":"","enabled":false},"version":2}},"categories":[11],"tags":[210,566,71,4291,1253],"class_list":["post-41714","post","type-post","status-publish","format-standard","has-post-thumbnail","hentry","category-noticias-de-ribeirao-preto-sp-e-regiao-ismael-colosi","tag-abre","tag-inscricoes","tag-para","tag-univesp","tag-vestibular"],"jetpack_publicize_connections":[],"jetpack_featured_media_url":"https:\/\/i0.wp.com\/noticiasribeiraopreto.com.br\/wp-content\/uploads\/2024\/03\/univesp.png?fit=979%2C645&ssl=1","jetpack-related-posts":[{"id":34983,"url":"https:\/\/noticiasribeiraopreto.com.br\/index.php\/2024\/02\/04\/univesp-abre-inscricoes-para-vestibular-nesta-terca-feira\/","url_meta":{"origin":41714,"position":0},"title":"Univesp abre inscri\u00e7\u00f5es para vestibular nesta ter\u00e7a-feira","author":"noticiasribeiraopreto.com.br","date":"4 de February de 2024","format":false,"excerpt":"Abre na ter\u00e7a-feira (6), \u00e0s 15h, as inscri\u00e7\u00f5es para o vestibular da Univesp (Universidade Virtual do Estado de S\u00e3o Paulo). Para os interessados em disputar uma das 23.322 vagas oferecidas nos 425 polos em 371 munic\u00edpios (clique para saber as cidades), basta acessar o site. A taxa de inscri\u00e7\u00e3o \u00e9\u2026","rel":"","context":"In &quot;Not\u00edcias de Ribeir\u00e3o Preto-SP e Regi\u00e3o&quot;","block_context":{"text":"Not\u00edcias de Ribeir\u00e3o Preto-SP e Regi\u00e3o","link":"https:\/\/noticiasribeiraopreto.com.br\/index.php\/category\/noticias-de-ribeirao-preto-sp-e-regiao-ismael-colosi\/"},"img":{"alt_text":"","src":"https:\/\/i0.wp.com\/noticiasribeiraopreto.com.br\/wp-content\/uploads\/2024\/02\/pessoas-anonimas-que-estudam-juntas-scaled.jpg?fit=1200%2C801&ssl=1&resize=350%2C200","width":350,"height":200,"srcset":"https:\/\/i0.wp.com\/noticiasribeiraopreto.com.br\/wp-content\/uploads\/2024\/02\/pessoas-anonimas-que-estudam-juntas-scaled.jpg?fit=1200%2C801&ssl=1&resize=350%2C200 1x, https:\/\/i0.wp.com\/noticiasribeiraopreto.com.br\/wp-content\/uploads\/2024\/02\/pessoas-anonimas-que-estudam-juntas-scaled.jpg?fit=1200%2C801&ssl=1&resize=525%2C300 1.5x, https:\/\/i0.wp.com\/noticiasribeiraopreto.com.br\/wp-content\/uploads\/2024\/02\/pessoas-anonimas-que-estudam-juntas-scaled.jpg?fit=1200%2C801&ssl=1&resize=700%2C400 2x, https:\/\/i0.wp.com\/noticiasribeiraopreto.com.br\/wp-content\/uploads\/2024\/02\/pessoas-anonimas-que-estudam-juntas-scaled.jpg?fit=1200%2C801&ssl=1&resize=1050%2C600 3x"},"classes":[]},{"id":45680,"url":"https:\/\/noticiasribeiraopreto.com.br\/index.php\/2024\/04\/05\/ultimos-dias-para-inscricoes-do-vestibular-da-univesp-ha-vagas-em-ribeirao-preto\/","url_meta":{"origin":41714,"position":1},"title":"\u00daltimos dias para inscri\u00e7\u00f5es do vestibular da Univesp; H\u00e1 vagas em Ribeir\u00e3o Preto","author":"noticiasribeiraopreto.com.br","date":"5 de April de 2024","format":false,"excerpt":"As inscri\u00e7\u00f5es para o vestibular da Univesp (Universidade Virtual do Estado de S\u00e3o Paulo) terminam \u00e0s 21h de segunda-feira (8). Ao todo, s\u00e3o mais de 23 mil vagas em 425 polos de 371 munic\u00edpios. Em Ribeir\u00e3o Preto, s\u00e3o 54 vagas dispon\u00edveis para nove cursos gratuitos (veja abaixo). Os interessados devem\u2026","rel":"","context":"In &quot;Not\u00edcias de Ribeir\u00e3o Preto-SP e Regi\u00e3o&quot;","block_context":{"text":"Not\u00edcias de Ribeir\u00e3o Preto-SP e Regi\u00e3o","link":"https:\/\/noticiasribeiraopreto.com.br\/index.php\/category\/noticias-de-ribeirao-preto-sp-e-regiao-ismael-colosi\/"},"img":{"alt_text":"","src":"https:\/\/i0.wp.com\/noticiasribeiraopreto.com.br\/wp-content\/uploads\/2024\/04\/Copia-de-Copia-de-TAMANHO-EXATO-PARA-FOTOS-NO-SISTEMA-NOVO-1-1.jpg?fit=1200%2C675&ssl=1&resize=350%2C200","width":350,"height":200,"srcset":"https:\/\/i0.wp.com\/noticiasribeiraopreto.com.br\/wp-content\/uploads\/2024\/04\/Copia-de-Copia-de-TAMANHO-EXATO-PARA-FOTOS-NO-SISTEMA-NOVO-1-1.jpg?fit=1200%2C675&ssl=1&resize=350%2C200 1x, https:\/\/i0.wp.com\/noticiasribeiraopreto.com.br\/wp-content\/uploads\/2024\/04\/Copia-de-Copia-de-TAMANHO-EXATO-PARA-FOTOS-NO-SISTEMA-NOVO-1-1.jpg?fit=1200%2C675&ssl=1&resize=525%2C300 1.5x, https:\/\/i0.wp.com\/noticiasribeiraopreto.com.br\/wp-content\/uploads\/2024\/04\/Copia-de-Copia-de-TAMANHO-EXATO-PARA-FOTOS-NO-SISTEMA-NOVO-1-1.jpg?fit=1200%2C675&ssl=1&resize=700%2C400 2x, https:\/\/i0.wp.com\/noticiasribeiraopreto.com.br\/wp-content\/uploads\/2024\/04\/Copia-de-Copia-de-TAMANHO-EXATO-PARA-FOTOS-NO-SISTEMA-NOVO-1-1.jpg?fit=1200%2C675&ssl=1&resize=1050%2C600 3x"},"classes":[]},{"id":45850,"url":"https:\/\/noticiasribeiraopreto.com.br\/index.php\/2024\/04\/08\/inscricoes-prorrogadas-para-vestibular-da-univesp-com-vagas-em-ribeirao-preto\/","url_meta":{"origin":41714,"position":2},"title":"Inscri\u00e7\u00f5es prorrogadas para vestibular da Univesp com vagas em Ribeir\u00e3o Preto","author":"noticiasribeiraopreto.com.br","date":"8 de April de 2024","format":false,"excerpt":"O prazo pra as inscri\u00e7\u00f5es do vestibular da Univesp (Universidade Virtual do Estado de S\u00e3o Paulo) foi prorrogado at\u00e9 \u00e0s 21h de sexta-feira (12). Em todo estado, s\u00e3o oferecidas mais de 23 mil vagas em 425 polos de 371 munic\u00edpios. Ribeir\u00e3o Preto tem nove cursos e 54 vagas dispon\u00edveis (veja\u2026","rel":"","context":"In &quot;Not\u00edcias de Ribeir\u00e3o Preto-SP e Regi\u00e3o&quot;","block_context":{"text":"Not\u00edcias de Ribeir\u00e3o Preto-SP e Regi\u00e3o","link":"https:\/\/noticiasribeiraopreto.com.br\/index.php\/category\/noticias-de-ribeirao-preto-sp-e-regiao-ismael-colosi\/"},"img":{"alt_text":"","src":"https:\/\/i0.wp.com\/noticiasribeiraopreto.com.br\/wp-content\/uploads\/2024\/04\/1712588845_Copia-de-Copia-de-TAMANHO-EXATO-PARA-FOTOS-NO-SISTEMA-NOVO-1-1.jpg?fit=1200%2C675&ssl=1&resize=350%2C200","width":350,"height":200,"srcset":"https:\/\/i0.wp.com\/noticiasribeiraopreto.com.br\/wp-content\/uploads\/2024\/04\/1712588845_Copia-de-Copia-de-TAMANHO-EXATO-PARA-FOTOS-NO-SISTEMA-NOVO-1-1.jpg?fit=1200%2C675&ssl=1&resize=350%2C200 1x, https:\/\/i0.wp.com\/noticiasribeiraopreto.com.br\/wp-content\/uploads\/2024\/04\/1712588845_Copia-de-Copia-de-TAMANHO-EXATO-PARA-FOTOS-NO-SISTEMA-NOVO-1-1.jpg?fit=1200%2C675&ssl=1&resize=525%2C300 1.5x, https:\/\/i0.wp.com\/noticiasribeiraopreto.com.br\/wp-content\/uploads\/2024\/04\/1712588845_Copia-de-Copia-de-TAMANHO-EXATO-PARA-FOTOS-NO-SISTEMA-NOVO-1-1.jpg?fit=1200%2C675&ssl=1&resize=700%2C400 2x, https:\/\/i0.wp.com\/noticiasribeiraopreto.com.br\/wp-content\/uploads\/2024\/04\/1712588845_Copia-de-Copia-de-TAMANHO-EXATO-PARA-FOTOS-NO-SISTEMA-NOVO-1-1.jpg?fit=1200%2C675&ssl=1&resize=1050%2C600 3x"},"classes":[]},{"id":66515,"url":"https:\/\/noticiasribeiraopreto.com.br\/index.php\/2025\/04\/02\/jornal-da-franca-ultimos-dias-para-as-inscricoes-no-vestibular-2025-da-univesp-veja-o-prazo\/","url_meta":{"origin":41714,"position":3},"title":"Jornal da Franca &#8211; \u00daltimos dias para as inscri\u00e7\u00f5es no Vestibular 2025 da Univesp: veja o prazo","author":"noticiasribeiraopreto.com.br","date":"2 de April de 2025","format":false,"excerpt":"compartilhar no whatsapp compartilhar no telegram compartilhar no facebook compartilhar no linkedin S\u00e3o ofertadas mais de 22 mil vagas, em 432 polos; inscri\u00e7\u00f5es devem ser realizadas at\u00e9 07 de abril pelo site: vestibular.univesp.br As inscri\u00e7\u00f5es para o Vestibular 2025 da Universidade Virtual do Estado de S\u00e3o Paulo (Univesp), v\u00e3o at\u00e9\u2026","rel":"","context":"In &quot;Not\u00edcias de Franca-SP&quot;","block_context":{"text":"Not\u00edcias de Franca-SP","link":"https:\/\/noticiasribeiraopreto.com.br\/index.php\/category\/noticias-de-ribeirao-preto-sp-e-regiao-ismael-colosi\/noticias-franca-sp\/"},"img":{"alt_text":"","src":"https:\/\/i0.wp.com\/noticiasribeiraopreto.com.br\/wp-content\/uploads\/2025\/04\/97db99c5-a7e3-46b2-a3ea-01bf733b253b.jpg?fit=1170%2C740&ssl=1&resize=350%2C200","width":350,"height":200,"srcset":"https:\/\/i0.wp.com\/noticiasribeiraopreto.com.br\/wp-content\/uploads\/2025\/04\/97db99c5-a7e3-46b2-a3ea-01bf733b253b.jpg?fit=1170%2C740&ssl=1&resize=350%2C200 1x, https:\/\/i0.wp.com\/noticiasribeiraopreto.com.br\/wp-content\/uploads\/2025\/04\/97db99c5-a7e3-46b2-a3ea-01bf733b253b.jpg?fit=1170%2C740&ssl=1&resize=525%2C300 1.5x, https:\/\/i0.wp.com\/noticiasribeiraopreto.com.br\/wp-content\/uploads\/2025\/04\/97db99c5-a7e3-46b2-a3ea-01bf733b253b.jpg?fit=1170%2C740&ssl=1&resize=700%2C400 2x, https:\/\/i0.wp.com\/noticiasribeiraopreto.com.br\/wp-content\/uploads\/2025\/04\/97db99c5-a7e3-46b2-a3ea-01bf733b253b.jpg?fit=1170%2C740&ssl=1&resize=1050%2C600 3x"},"classes":[]},{"id":68090,"url":"https:\/\/noticiasribeiraopreto.com.br\/index.php\/2025\/04\/22\/matriculas-para-fatecs-e-univesp-estao-abertas\/","url_meta":{"origin":41714,"position":4},"title":"Matr\u00edculas para Fatecs e Univesp est\u00e3o abertas","author":"noticiasribeiraopreto.com.br","date":"22 de April de 2025","format":false,"excerpt":"22 de abril de 2025 13:3022 de abril de 2025 12:168 Compartilhar0 A partir desta ter\u00e7a-feira (22), os candidatos convocados na primeira lista de chamada do Prov\u00e3o Paulista Seriado para o segundo semestre de 2025 j\u00e1 podem realizar suas matr\u00edculas nos cursos superiores gratuitos das Faculdades de Tecnologia do Estado\u2026","rel":"","context":"In &quot;Not\u00edcias de Ribeir\u00e3o Preto-SP e Regi\u00e3o&quot;","block_context":{"text":"Not\u00edcias de Ribeir\u00e3o Preto-SP e Regi\u00e3o","link":"https:\/\/noticiasribeiraopreto.com.br\/index.php\/category\/noticias-de-ribeirao-preto-sp-e-regiao-ismael-colosi\/"},"img":{"alt_text":"","src":"https:\/\/i0.wp.com\/noticiasribeiraopreto.com.br\/wp-content\/uploads\/2025\/04\/Vestibular-das-Fatecs-alunos-1024x681-1.jpeg?fit=1024%2C681&ssl=1&resize=350%2C200","width":350,"height":200,"srcset":"https:\/\/i0.wp.com\/noticiasribeiraopreto.com.br\/wp-content\/uploads\/2025\/04\/Vestibular-das-Fatecs-alunos-1024x681-1.jpeg?fit=1024%2C681&ssl=1&resize=350%2C200 1x, https:\/\/i0.wp.com\/noticiasribeiraopreto.com.br\/wp-content\/uploads\/2025\/04\/Vestibular-das-Fatecs-alunos-1024x681-1.jpeg?fit=1024%2C681&ssl=1&resize=525%2C300 1.5x, https:\/\/i0.wp.com\/noticiasribeiraopreto.com.br\/wp-content\/uploads\/2025\/04\/Vestibular-das-Fatecs-alunos-1024x681-1.jpeg?fit=1024%2C681&ssl=1&resize=700%2C400 2x"},"classes":[]},{"id":67896,"url":"https:\/\/noticiasribeiraopreto.com.br\/index.php\/2025\/04\/20\/jornal-da-franca-provao-paulista-divulga-lista-de-aprovados-nas-fatecs-e-univesp-como-se-matricular\/","url_meta":{"origin":41714,"position":5},"title":"Jornal da Franca &#8211; Prov\u00e3o Paulista divulga lista de aprovados nas Fatecs e Univesp. Como se matricular","author":"noticiasribeiraopreto.com.br","date":"20 de April de 2025","format":false,"excerpt":"compartilhar no whatsapp compartilhar no telegram compartilhar no facebook compartilhar no linkedin Convocados devem fazer a matr\u00edcula entre ter\u00e7a (22) e quarta (23); informa\u00e7\u00f5es sobre documenta\u00e7\u00e3o podem ser consultadas na internet Prov\u00e3o Paulista Seriado divulgou a primeira lista dos aprovados (Foto: Roberto Sungi) J\u00e1 est\u00e1 dispon\u00edvel a\u00a0primeira lista de convoca\u00e7\u00e3o\u00a0do\u2026","rel":"","context":"In &quot;Not\u00edcias de Franca-SP&quot;","block_context":{"text":"Not\u00edcias de Franca-SP","link":"https:\/\/noticiasribeiraopreto.com.br\/index.php\/category\/noticias-de-ribeirao-preto-sp-e-regiao-ismael-colosi\/noticias-franca-sp\/"},"img":{"alt_text":"","src":"https:\/\/i0.wp.com\/noticiasribeiraopreto.com.br\/wp-content\/uploads\/2025\/04\/Roberto-Sungi.jpg?fit=1200%2C800&ssl=1&resize=350%2C200","width":350,"height":200,"srcset":"https:\/\/i0.wp.com\/noticiasribeiraopreto.com.br\/wp-content\/uploads\/2025\/04\/Roberto-Sungi.jpg?fit=1200%2C800&ssl=1&resize=350%2C200 1x, https:\/\/i0.wp.com\/noticiasribeiraopreto.com.br\/wp-content\/uploads\/2025\/04\/Roberto-Sungi.jpg?fit=1200%2C800&ssl=1&resize=525%2C300 1.5x, https:\/\/i0.wp.com\/noticiasribeiraopreto.com.br\/wp-content\/uploads\/2025\/04\/Roberto-Sungi.jpg?fit=1200%2C800&ssl=1&resize=700%2C400 2x, https:\/\/i0.wp.com\/noticiasribeiraopreto.com.br\/wp-content\/uploads\/2025\/04\/Roberto-Sungi.jpg?fit=1200%2C800&ssl=1&resize=1050%2C600 3x"},"classes":[]}],"jetpack_sharing_enabled":true,"jetpack_shortlink":"https:\/\/wp.me\/peQAOb-aQO","_links":{"self":[{"href":"https:\/\/noticiasribeiraopreto.com.br\/index.php\/wp-json\/wp\/v2\/posts\/41714","targetHints":{"allow":["GET"]}}],"collection":[{"href":"https:\/\/noticiasribeiraopreto.com.br\/index.php\/wp-json\/wp\/v2\/posts"}],"about":[{"href":"https:\/\/noticiasribeiraopreto.com.br\/index.php\/wp-json\/wp\/v2\/types\/post"}],"author":[{"embeddable":true,"href":"https:\/\/noticiasribeiraopreto.com.br\/index.php\/wp-json\/wp\/v2\/users\/1"}],"replies":[{"embeddable":true,"href":"https:\/\/noticiasribeiraopreto.com.br\/index.php\/wp-json\/wp\/v2\/comments?post=41714"}],"version-history":[{"count":0,"href":"https:\/\/noticiasribeiraopreto.com.br\/index.php\/wp-json\/wp\/v2\/posts\/41714\/revisions"}],"wp:featuredmedia":[{"embeddable":true,"href":"https:\/\/noticiasribeiraopreto.com.br\/index.php\/wp-json\/wp\/v2\/media\/41715"}],"wp:attachment":[{"href":"https:\/\/noticiasribeiraopreto.com.br\/index.php\/wp-json\/wp\/v2\/media?parent=41714"}],"wp:term":[{"taxonomy":"category","embeddable":true,"href":"https:\/\/noticiasribeiraopreto.com.br\/index.php\/wp-json\/wp\/v2\/categories?post=41714"},{"taxonomy":"post_tag","embeddable":true,"href":"https:\/\/noticiasribeiraopreto.com.br\/index.php\/wp-json\/wp\/v2\/tags?post=41714"}],"curies":[{"name":"wp","href":"https:\/\/api.w.org\/{rel}","templated":true}]}}