{"id":41727,"date":"2024-03-10T18:18:12","date_gmt":"2024-03-10T21:18:12","guid":{"rendered":"https:\/\/noticiasribeiraopreto.com.br\/index.php\/2024\/03\/10\/jao-recorda-infancia-e-compara-ribeirao-preto-com-a-disney-veja-o-video\/"},"modified":"2024-03-10T18:18:12","modified_gmt":"2024-03-10T21:18:12","slug":"jao-recorda-infancia-e-compara-ribeirao-preto-com-a-disney-veja-o-video","status":"publish","type":"post","link":"https:\/\/noticiasribeiraopreto.com.br\/index.php\/2024\/03\/10\/jao-recorda-infancia-e-compara-ribeirao-preto-com-a-disney-veja-o-video\/","title":{"rendered":"J\u00e3o recorda inf\u00e2ncia e compara Ribeir\u00e3o Preto com a Disney; Veja o v\u00eddeo"},"content":{"rendered":"<div class='code-block code-block-1' style='margin: 8px 0 8px auto; text-align: right; display: block; clear: both;'>\n<p><a href=\"https:\/\/wa.link\/vpicfd\"><img data-recalc-dims=\"1\" class=\"wp-image-4922\" style=\"aspect-ratio: 2.0253164556962027; width: 561px; height: auto;\" src=\"https:\/\/i0.wp.com\/ismaelcolosi.com.br\/wp-content\/uploads\/2023\/11\/grupo-de-empregos-whatsapp-e-facebook-ismael-colosi-vagas.jpg?ssl=1\" alt=\"\" \/><\/a><\/p>\n<!-- \/wp:image -->\n<\/div>\n<p> <br \/>\n<\/p>\n<div data-td-block-uid=\"tdi_101\">\n<div class=\"tdb-block-inner td-fix-index\">\n<p>Durante o show no <strong>est\u00e1dio Palma Travasso<\/strong>s, em <strong>Ribeir\u00e3o Preto<\/strong>, o cantor <strong>J\u00e3o <\/strong>lembrou de quando vinha para cidade na inf\u00e2ncia. J\u00e3o \u00e9 natural de <strong>Am\u00e9rico Brasiliense<\/strong>, pr\u00f3ximo a<strong> Araraquara<\/strong>. Ele se apresentou em Ribeir\u00e3o Preto na noite do \u00faltimo s\u00e1bado (9).<\/p>\n<p><mark style=\"background-color:#fcb900\" class=\"has-inline-color has-black-color\">\u201cRibeir\u00e3o Preto para mim era tipo a Disney\u201d, disse o artista.<\/mark> \u201cEu sinto que realmente estou na minha casa\u201d, afirmou o cantor ao agradecer a presen\u00e7a do p\u00fablico.<\/p>\n<h4 class=\"wp-block-heading\"><strong>VEJA O V\u00cdDEO<\/strong><\/h4>\n<blockquote class=\"instagram-media\" data-instgrm-permalink=\"https:\/\/www.instagram.com\/reel\/C4WM1ZlpxMm\/?utm_source=ig_embed&amp;utm_campaign=loading\" data-instgrm-version=\"14\" style=\" background:#FFF; border:0; border-radius:3px; box-shadow:0 0 1px 0 rgba(0,0,0,0.5),0 1px 10px 0 rgba(0,0,0,0.15); margin: 1px; max-width:540px; min-width:326px; padding:0; width:99.375%; width:-webkit-calc(100% - 2px); width:calc(100% - 2px);\"\/>\n<h4 class=\"wp-block-heading\"><strong>Superturn\u00ea<\/strong><\/h4>\n<p>O cantor J\u00e3o est\u00e1 em turn\u00ea, que come\u00e7ou em janeiro, no <strong>Allianz Parque<\/strong>, em <strong>S\u00e3o Paulo<\/strong>. Antes de Ribeir\u00e3o Preto ele j\u00e1 passou por <strong>Curitiba<\/strong> e <strong>Belo Horizonte<\/strong>.<\/p>\n<p>Ele ainda vai se apresentar por<strong> Florian\u00f3polis<\/strong>, <strong>Porto Alegre<\/strong>, <strong>Salvador<\/strong>, <strong>Fortaleza<\/strong>, <strong>Recife<\/strong>,<strong> Bras\u00edlia<\/strong>, <strong>Goi\u00e2nia<\/strong>, <strong>Rio de Janeiro<\/strong>,<strong> Bel\u00e9m<\/strong>, <strong>Manaus<\/strong>, at\u00e9 voltar ao Allianz Parque no dia 18 de janeiro.<\/p>\n<p>SAIBA MAIS<br \/>T\u00edtulo e link de um conte\u00fado do acidade on Ribeir\u00e3o Preto<\/p>\n<h4 class=\"wp-block-heading\"><strong>FIQUE ON<\/strong><\/h4>\n<p>Fique ligado em tudo que acontece em Ribeir\u00e3o Preto e regi\u00e3o. Siga os perfis do<strong> acidade on <\/strong>no<a href=\"https:\/\/www.instagram.com\/acidadeonribeirao\" target=\"_blank\" rel=\"noreferrer noopener nofollow\"> Instagram<\/a> e no <a href=\"https:\/\/www.facebook.com\/acidadeonribeirao\" target=\"_blank\" rel=\"noreferrer noopener nofollow\">Facebook<\/a>.<\/p>\n<p>Receba not\u00edcias do<strong> acidade on <\/strong>no WhatsApp. <a href=\"https:\/\/chat.whatsapp.com\/Bnv2w66ZT4VDyZW3oiZ69n\" target=\"_blank\" rel=\"noreferrer noopener nofollow\">Para entrar no grupo, basta clicar aqui.<\/a><\/p>\n<p>Fa\u00e7a uma den\u00fancia ou sugira uma reportagem sobre Ribeir\u00e3o Preto e regi\u00e3o pelo WhatsApp: 16 99117 7802.<\/p>\n<p>VEJA TAMB\u00c9M<br \/>Ap\u00f3s \u201csumi\u00e7o\u201d, princesa Kate Middleton publica foto em comemora\u00e7\u00e3o ao dia das m\u00e3es<\/p>\n<p><!-- AI CONTENT END 1 -->\n<\/div>\n<\/div>\n<p><script async src=\"\/\/www.instagram.com\/embed.js\"><\/script><br \/>\n<br \/><br \/>\n<br \/><a href=\"https:\/\/www.acidadeon.com\/ribeiraopreto\/lazer-e-cultura\/jao-recorda-infancia-e-compara-ribeirao-preto-com-a-disney-veja-o-video\/\">Source link <\/a><\/p>\n<!-- CONTENT END 1 -->\n","protected":false},"excerpt":{"rendered":"<p>Durante o show no est\u00e1dio Palma Travassos, em Ribeir\u00e3o Preto, o cantor J\u00e3o lembrou de quando vinha para cidade na inf\u00e2ncia. J\u00e3o \u00e9 natural de&#8230;<\/p>\n","protected":false},"author":1,"featured_media":41728,"comment_status":"open","ping_status":"open","sticky":false,"template":"","format":"standard","meta":{"advanced_seo_description":"","jetpack_seo_html_title":"","jetpack_seo_noindex":false,"jetpack_post_was_ever_published":false,"_jetpack_newsletter_access":"","_jetpack_dont_email_post_to_subs":false,"_jetpack_newsletter_tier_id":0,"_jetpack_memberships_contains_paywalled_content":false,"_jetpack_memberships_contains_paid_content":false,"footnotes":"","jetpack_publicize_message":"","jetpack_publicize_feature_enabled":true,"jetpack_social_post_already_shared":true,"jetpack_social_options":{"image_generator_settings":{"template":"highway","default_image_id":0,"font":"","enabled":false},"version":2}},"categories":[11],"tags":[],"class_list":["post-41727","post","type-post","status-publish","format-standard","has-post-thumbnail","hentry","category-noticias-de-ribeirao-preto-sp-e-regiao-ismael-colosi"],"jetpack_publicize_connections":[],"jetpack_featured_media_url":"https:\/\/i0.wp.com\/noticiasribeiraopreto.com.br\/wp-content\/uploads\/2024\/03\/AnyConv.com__jao-1.webp.webp?fit=1920%2C1079&ssl=1","jetpack-related-posts":[{"id":60213,"url":"https:\/\/noticiasribeiraopreto.com.br\/index.php\/2024\/11\/08\/veja-como-comprar-ingressos-para-turne-especial-de-natal-do-jao-em-ribeirao\/","url_meta":{"origin":41727,"position":0},"title":"Veja como comprar ingressos para turn\u00ea \u2018Especial de Natal\u2019 do J\u00e3o em Ribeir\u00e3o","author":"noticiasribeiraopreto.com.br","date":"8 de November de 2024","format":false,"excerpt":"As vendas de ingressos para turn\u00ea \u201cEspecial de Natal\u201d, do cantor J\u00e3o come\u00e7aram nesta sexta-feira (8), \u00e0s 12h. Atrav\u00e9s das redes sociais, o artista anunciou que a tour passar\u00e1 por 12 cidades brasileiras, com apresenta\u00e7\u00e3o em Ribeir\u00e3o Preto marcada para o dia 11 de dezembro. O evento acontece no Theatro\u2026","rel":"","context":"In &quot;Not\u00edcias de Ribeir\u00e3o Preto-SP e Regi\u00e3o&quot;","block_context":{"text":"Not\u00edcias de Ribeir\u00e3o Preto-SP e Regi\u00e3o","link":"https:\/\/noticiasribeiraopreto.com.br\/index.php\/category\/noticias-de-ribeirao-preto-sp-e-regiao-ismael-colosi\/"},"img":{"alt_text":"","src":"https:\/\/i0.wp.com\/noticiasribeiraopreto.com.br\/wp-content\/uploads\/2024\/11\/jao-especial-de-natal_2024-11-08_14-44-03_jpg_2024-11-08_14-44-03.webp.webp?fit=1200%2C675&ssl=1&resize=350%2C200","width":350,"height":200,"srcset":"https:\/\/i0.wp.com\/noticiasribeiraopreto.com.br\/wp-content\/uploads\/2024\/11\/jao-especial-de-natal_2024-11-08_14-44-03_jpg_2024-11-08_14-44-03.webp.webp?fit=1200%2C675&ssl=1&resize=350%2C200 1x, https:\/\/i0.wp.com\/noticiasribeiraopreto.com.br\/wp-content\/uploads\/2024\/11\/jao-especial-de-natal_2024-11-08_14-44-03_jpg_2024-11-08_14-44-03.webp.webp?fit=1200%2C675&ssl=1&resize=525%2C300 1.5x, https:\/\/i0.wp.com\/noticiasribeiraopreto.com.br\/wp-content\/uploads\/2024\/11\/jao-especial-de-natal_2024-11-08_14-44-03_jpg_2024-11-08_14-44-03.webp.webp?fit=1200%2C675&ssl=1&resize=700%2C400 2x, https:\/\/i0.wp.com\/noticiasribeiraopreto.com.br\/wp-content\/uploads\/2024\/11\/jao-especial-de-natal_2024-11-08_14-44-03_jpg_2024-11-08_14-44-03.webp.webp?fit=1200%2C675&ssl=1&resize=1050%2C600 3x"},"classes":[]},{"id":41936,"url":"https:\/\/noticiasribeiraopreto.com.br\/index.php\/2024\/03\/12\/show-do-jao-arrecada-25-toneladas-de-alimentos-em-ribeirao-preto\/","url_meta":{"origin":41727,"position":1},"title":"Show do J\u00e3o arrecada 2,5 toneladas de alimentos em Ribeir\u00e3o Preto","author":"noticiasribeiraopreto.com.br","date":"12 de March de 2024","format":false,"excerpt":"O show do cantor J\u00e3o na \u201cSuperturn\u00ea\u201d, em Ribeir\u00e3o Preto, arrecadou 2,5 toneladas em alimentos n\u00e3o perec\u00edveis para doa\u00e7\u00e3o a entidades da cidade, por meio do Fundo Social de Solidariedade (FSS). O evento aconteceu no \u00faltimo s\u00e1bado (9), no Est\u00e1dio Palma Travassos (Comercial). O evento contou com a op\u00e7\u00e3o de\u00a0\u201cingresso\u2026","rel":"","context":"In &quot;Not\u00edcias de Ribeir\u00e3o Preto-SP e Regi\u00e3o&quot;","block_context":{"text":"Not\u00edcias de Ribeir\u00e3o Preto-SP e Regi\u00e3o","link":"https:\/\/noticiasribeiraopreto.com.br\/index.php\/category\/noticias-de-ribeirao-preto-sp-e-regiao-ismael-colosi\/"},"img":{"alt_text":"","src":"https:\/\/i0.wp.com\/noticiasribeiraopreto.com.br\/wp-content\/uploads\/2024\/03\/fss_turne_jao_1.jpg?fit=1044%2C692&ssl=1&resize=350%2C200","width":350,"height":200,"srcset":"https:\/\/i0.wp.com\/noticiasribeiraopreto.com.br\/wp-content\/uploads\/2024\/03\/fss_turne_jao_1.jpg?fit=1044%2C692&ssl=1&resize=350%2C200 1x, https:\/\/i0.wp.com\/noticiasribeiraopreto.com.br\/wp-content\/uploads\/2024\/03\/fss_turne_jao_1.jpg?fit=1044%2C692&ssl=1&resize=525%2C300 1.5x, https:\/\/i0.wp.com\/noticiasribeiraopreto.com.br\/wp-content\/uploads\/2024\/03\/fss_turne_jao_1.jpg?fit=1044%2C692&ssl=1&resize=700%2C400 2x"},"classes":[]},{"id":63162,"url":"https:\/\/noticiasribeiraopreto.com.br\/index.php\/2025\/02\/04\/jao-surpreende-fa-mirim-com-camisa-e-cds-autografados-antes-de-cirurgia-em-ribeirao-preto\/","url_meta":{"origin":41727,"position":2},"title":"J\u00e3o surpreende f\u00e3-mirim com camisa e CDs autografados antes de cirurgia em Ribeir\u00e3o Preto","author":"noticiasribeiraopreto.com.br","date":"4 de February de 2025","format":false,"excerpt":"Na ter\u00e7a-feira (4), Alice Const\u00e2ncio Lucas, uma menina de 11 anos de Ribeir\u00e3o Preto, recebeu um presente inesperado. Alice, que nasceu com miopatia nemal\u00ednica \u2014 uma condi\u00e7\u00e3o gen\u00e9tica rara que afeta a forma\u00e7\u00e3o muscular \u2014 foi surpreendida com uma camisa de edi\u00e7\u00e3o limitada e CDs autografados pelo cantor J\u00e3o. Ela\u2026","rel":"","context":"In &quot;Not\u00edcias de Ribeir\u00e3o Preto-SP e Regi\u00e3o&quot;","block_context":{"text":"Not\u00edcias de Ribeir\u00e3o Preto-SP e Regi\u00e3o","link":"https:\/\/noticiasribeiraopreto.com.br\/index.php\/category\/noticias-de-ribeirao-preto-sp-e-regiao-ismael-colosi\/"},"img":{"alt_text":"","src":"https:\/\/i0.wp.com\/noticiasribeiraopreto.com.br\/wp-content\/uploads\/2025\/02\/Copia-de-Copia-de-Copia-de-TAMANHO-EXATO-PARA-FOTOS-NO-SISTEMA-NOVO-2025-02-04T173031.778_2025-02-04_20-30-40_png_2025-02-04_20-30-40.webp.webp?fit=1200%2C675&ssl=1&resize=350%2C200","width":350,"height":200,"srcset":"https:\/\/i0.wp.com\/noticiasribeiraopreto.com.br\/wp-content\/uploads\/2025\/02\/Copia-de-Copia-de-Copia-de-TAMANHO-EXATO-PARA-FOTOS-NO-SISTEMA-NOVO-2025-02-04T173031.778_2025-02-04_20-30-40_png_2025-02-04_20-30-40.webp.webp?fit=1200%2C675&ssl=1&resize=350%2C200 1x, https:\/\/i0.wp.com\/noticiasribeiraopreto.com.br\/wp-content\/uploads\/2025\/02\/Copia-de-Copia-de-Copia-de-TAMANHO-EXATO-PARA-FOTOS-NO-SISTEMA-NOVO-2025-02-04T173031.778_2025-02-04_20-30-40_png_2025-02-04_20-30-40.webp.webp?fit=1200%2C675&ssl=1&resize=525%2C300 1.5x, https:\/\/i0.wp.com\/noticiasribeiraopreto.com.br\/wp-content\/uploads\/2025\/02\/Copia-de-Copia-de-Copia-de-TAMANHO-EXATO-PARA-FOTOS-NO-SISTEMA-NOVO-2025-02-04T173031.778_2025-02-04_20-30-40_png_2025-02-04_20-30-40.webp.webp?fit=1200%2C675&ssl=1&resize=700%2C400 2x, https:\/\/i0.wp.com\/noticiasribeiraopreto.com.br\/wp-content\/uploads\/2025\/02\/Copia-de-Copia-de-Copia-de-TAMANHO-EXATO-PARA-FOTOS-NO-SISTEMA-NOVO-2025-02-04T173031.778_2025-02-04_20-30-40_png_2025-02-04_20-30-40.webp.webp?fit=1200%2C675&ssl=1&resize=1050%2C600 3x"},"classes":[]},{"id":60198,"url":"https:\/\/noticiasribeiraopreto.com.br\/index.php\/2024\/11\/07\/jao-anuncia-turne-especial-de-natal-em-ribeirao-preto-saiba-quando\/","url_meta":{"origin":41727,"position":3},"title":"J\u00e3o anuncia turn\u00ea &#8216;Especial de Natal&#8217; em Ribeir\u00e3o Preto; saiba quando","author":"noticiasribeiraopreto.com.br","date":"7 de November de 2024","format":false,"excerpt":"O cantor J\u00e3o\u00a0fez a alegria dos f\u00e3s e anunciou a turn\u00ea \u2018Especial de Natal\u2019, por meio das redes sociais. O show, que passar\u00e1 por 12 cidades brasileiras, chegar\u00e1 a Ribeir\u00e3o Preto no dia 11 de dezembro. Ainda n\u00e3o foi divulgado o local do evento, mas a venda dos ingressos come\u00e7ar\u00e3o\u2026","rel":"","context":"In &quot;Not\u00edcias de Ribeir\u00e3o Preto-SP e Regi\u00e3o&quot;","block_context":{"text":"Not\u00edcias de Ribeir\u00e3o Preto-SP e Regi\u00e3o","link":"https:\/\/noticiasribeiraopreto.com.br\/index.php\/category\/noticias-de-ribeirao-preto-sp-e-regiao-ismael-colosi\/"},"img":{"alt_text":"","src":"https:\/\/i0.wp.com\/noticiasribeiraopreto.com.br\/wp-content\/uploads\/2024\/11\/Copia-de-Copia-de-Copia-de-TAMANHO-EXATO-PARA-FOTOS-NO-SISTEMA-NOVO-78_2024-11-07_23-06-01_png_2024-11-07_23-06-01.webp.webp?fit=1200%2C675&ssl=1&resize=350%2C200","width":350,"height":200,"srcset":"https:\/\/i0.wp.com\/noticiasribeiraopreto.com.br\/wp-content\/uploads\/2024\/11\/Copia-de-Copia-de-Copia-de-TAMANHO-EXATO-PARA-FOTOS-NO-SISTEMA-NOVO-78_2024-11-07_23-06-01_png_2024-11-07_23-06-01.webp.webp?fit=1200%2C675&ssl=1&resize=350%2C200 1x, https:\/\/i0.wp.com\/noticiasribeiraopreto.com.br\/wp-content\/uploads\/2024\/11\/Copia-de-Copia-de-Copia-de-TAMANHO-EXATO-PARA-FOTOS-NO-SISTEMA-NOVO-78_2024-11-07_23-06-01_png_2024-11-07_23-06-01.webp.webp?fit=1200%2C675&ssl=1&resize=525%2C300 1.5x, https:\/\/i0.wp.com\/noticiasribeiraopreto.com.br\/wp-content\/uploads\/2024\/11\/Copia-de-Copia-de-Copia-de-TAMANHO-EXATO-PARA-FOTOS-NO-SISTEMA-NOVO-78_2024-11-07_23-06-01_png_2024-11-07_23-06-01.webp.webp?fit=1200%2C675&ssl=1&resize=700%2C400 2x, https:\/\/i0.wp.com\/noticiasribeiraopreto.com.br\/wp-content\/uploads\/2024\/11\/Copia-de-Copia-de-Copia-de-TAMANHO-EXATO-PARA-FOTOS-NO-SISTEMA-NOVO-78_2024-11-07_23-06-01_png_2024-11-07_23-06-01.webp.webp?fit=1200%2C675&ssl=1&resize=1050%2C600 3x"},"classes":[]},{"id":27141,"url":"https:\/\/noticiasribeiraopreto.com.br\/index.php\/2024\/01\/11\/tudo-sobre-o-show-do-cantor-jao-em-ribeirao-preto\/","url_meta":{"origin":41727,"position":4},"title":"Tudo sobre o show do cantor J\u00e3o em Ribeir\u00e3o Preto","author":"noticiasribeiraopreto.com.br","date":"11 de January de 2024","format":false,"excerpt":"O cantor J\u00e3o vem a Ribeir\u00e3o Preto com a \u2018Superturn\u00ea\u2019, no dia 9 de mar\u00e7o, no Est\u00e1dio Palma Travassos, na zona Leste da cidade. Os ingressos ainda est\u00e3o dispon\u00edveis e podem ser adquiridos de forma on-line. De acordo com a organiza\u00e7\u00e3o do evento, a abertura dos port\u00f5es acontece \u00e0s 18h\u2026","rel":"","context":"In &quot;Not\u00edcias de Ribeir\u00e3o Preto-SP e Regi\u00e3o&quot;","block_context":{"text":"Not\u00edcias de Ribeir\u00e3o Preto-SP e Regi\u00e3o","link":"https:\/\/noticiasribeiraopreto.com.br\/index.php\/category\/noticias-de-ribeirao-preto-sp-e-regiao-ismael-colosi\/"},"img":{"alt_text":"","src":"https:\/\/i0.wp.com\/noticiasribeiraopreto.com.br\/wp-content\/uploads\/2024\/01\/WhatsApp-Image-2023-08-17-at-14.41.58.jpeg?fit=1200%2C1200&ssl=1&resize=350%2C200","width":350,"height":200,"srcset":"https:\/\/i0.wp.com\/noticiasribeiraopreto.com.br\/wp-content\/uploads\/2024\/01\/WhatsApp-Image-2023-08-17-at-14.41.58.jpeg?fit=1200%2C1200&ssl=1&resize=350%2C200 1x, https:\/\/i0.wp.com\/noticiasribeiraopreto.com.br\/wp-content\/uploads\/2024\/01\/WhatsApp-Image-2023-08-17-at-14.41.58.jpeg?fit=1200%2C1200&ssl=1&resize=525%2C300 1.5x, https:\/\/i0.wp.com\/noticiasribeiraopreto.com.br\/wp-content\/uploads\/2024\/01\/WhatsApp-Image-2023-08-17-at-14.41.58.jpeg?fit=1200%2C1200&ssl=1&resize=700%2C400 2x, https:\/\/i0.wp.com\/noticiasribeiraopreto.com.br\/wp-content\/uploads\/2024\/01\/WhatsApp-Image-2023-08-17-at-14.41.58.jpeg?fit=1200%2C1200&ssl=1&resize=1050%2C600 3x"},"classes":[]},{"id":40535,"url":"https:\/\/noticiasribeiraopreto.com.br\/index.php\/2024\/03\/04\/saiba-tudo-sobre-o-show-do-cantor-jao-em-ribeirao-preto\/","url_meta":{"origin":41727,"position":5},"title":"Saiba tudo sobre o show do cantor J\u00e3o em Ribeir\u00e3o Preto","author":"noticiasribeiraopreto.com.br","date":"4 de March de 2024","format":false,"excerpt":"O cantor J\u00e3o vem a Ribeir\u00e3o Preto para o show da \u201cSuperturn\u00ea\u201d, no dia 9 de mar\u00e7o, no est\u00e1dio Palma Travassos. Os ingressos ainda est\u00e3o dispon\u00edveis e podem ser comprados atrav\u00e9s do site (clique aqui) ou presencialmente no Mercad\u00e3o Sports Bar. Os port\u00f5es do est\u00e1dio abrem \u00e0s 18h. Agora, segundo\u2026","rel":"","context":"In &quot;Not\u00edcias de Ribeir\u00e3o Preto-SP e Regi\u00e3o&quot;","block_context":{"text":"Not\u00edcias de Ribeir\u00e3o Preto-SP e Regi\u00e3o","link":"https:\/\/noticiasribeiraopreto.com.br\/index.php\/category\/noticias-de-ribeirao-preto-sp-e-regiao-ismael-colosi\/"},"img":{"alt_text":"","src":"https:\/\/i0.wp.com\/noticiasribeiraopreto.com.br\/wp-content\/uploads\/2024\/03\/Design-sem-nome-9.jpg?fit=960%2C693&ssl=1&resize=350%2C200","width":350,"height":200,"srcset":"https:\/\/i0.wp.com\/noticiasribeiraopreto.com.br\/wp-content\/uploads\/2024\/03\/Design-sem-nome-9.jpg?fit=960%2C693&ssl=1&resize=350%2C200 1x, https:\/\/i0.wp.com\/noticiasribeiraopreto.com.br\/wp-content\/uploads\/2024\/03\/Design-sem-nome-9.jpg?fit=960%2C693&ssl=1&resize=525%2C300 1.5x, https:\/\/i0.wp.com\/noticiasribeiraopreto.com.br\/wp-content\/uploads\/2024\/03\/Design-sem-nome-9.jpg?fit=960%2C693&ssl=1&resize=700%2C400 2x"},"classes":[]}],"jetpack_sharing_enabled":true,"jetpack_shortlink":"https:\/\/wp.me\/peQAOb-aR1","_links":{"self":[{"href":"https:\/\/noticiasribeiraopreto.com.br\/index.php\/wp-json\/wp\/v2\/posts\/41727","targetHints":{"allow":["GET"]}}],"collection":[{"href":"https:\/\/noticiasribeiraopreto.com.br\/index.php\/wp-json\/wp\/v2\/posts"}],"about":[{"href":"https:\/\/noticiasribeiraopreto.com.br\/index.php\/wp-json\/wp\/v2\/types\/post"}],"author":[{"embeddable":true,"href":"https:\/\/noticiasribeiraopreto.com.br\/index.php\/wp-json\/wp\/v2\/users\/1"}],"replies":[{"embeddable":true,"href":"https:\/\/noticiasribeiraopreto.com.br\/index.php\/wp-json\/wp\/v2\/comments?post=41727"}],"version-history":[{"count":0,"href":"https:\/\/noticiasribeiraopreto.com.br\/index.php\/wp-json\/wp\/v2\/posts\/41727\/revisions"}],"wp:featuredmedia":[{"embeddable":true,"href":"https:\/\/noticiasribeiraopreto.com.br\/index.php\/wp-json\/wp\/v2\/media\/41728"}],"wp:attachment":[{"href":"https:\/\/noticiasribeiraopreto.com.br\/index.php\/wp-json\/wp\/v2\/media?parent=41727"}],"wp:term":[{"taxonomy":"category","embeddable":true,"href":"https:\/\/noticiasribeiraopreto.com.br\/index.php\/wp-json\/wp\/v2\/categories?post=41727"},{"taxonomy":"post_tag","embeddable":true,"href":"https:\/\/noticiasribeiraopreto.com.br\/index.php\/wp-json\/wp\/v2\/tags?post=41727"}],"curies":[{"name":"wp","href":"https:\/\/api.w.org\/{rel}","templated":true}]}}