{"id":41748,"date":"2024-03-11T07:49:04","date_gmt":"2024-03-11T10:49:04","guid":{"rendered":"https:\/\/noticiasribeiraopreto.com.br\/index.php\/2024\/03\/11\/como-vai-funcionar-o-programa-do-ciee-com-5-mil-vagas-de-jovem-aprendiz\/"},"modified":"2024-03-11T07:49:04","modified_gmt":"2024-03-11T10:49:04","slug":"como-vai-funcionar-o-programa-do-ciee-com-5-mil-vagas-de-jovem-aprendiz","status":"publish","type":"post","link":"https:\/\/noticiasribeiraopreto.com.br\/index.php\/2024\/03\/11\/como-vai-funcionar-o-programa-do-ciee-com-5-mil-vagas-de-jovem-aprendiz\/","title":{"rendered":"Como vai funcionar o programa do CIEE com 5 mil vagas de jovem aprendiz"},"content":{"rendered":"<div class='code-block code-block-1' style='margin: 8px 0 8px auto; text-align: right; display: block; clear: both;'>\n<p><a href=\"https:\/\/wa.link\/vpicfd\"><img data-recalc-dims=\"1\" class=\"wp-image-4922\" style=\"aspect-ratio: 2.0253164556962027; width: 561px; height: auto;\" src=\"https:\/\/i0.wp.com\/ismaelcolosi.com.br\/wp-content\/uploads\/2023\/11\/grupo-de-empregos-whatsapp-e-facebook-ismael-colosi-vagas.jpg?ssl=1\" alt=\"\" \/><\/a><\/p>\n<!-- \/wp:image -->\n<\/div>\n<p> <br \/>\n<\/p>\n<div id=\"\">\n<div class=\"content-infos\">\n<div class=\"texts\">\n<p class=\"author tooltip-comp\"> Mauro Balhessa<span class=\"icon-i\">i<\/span><span class=\"tooltiptext\"> <span class=\"author\"><span>Mauro Balhessa<\/span> <\/span><span class=\"desc\"\/> <\/span><\/p>\n<p>11\/03\/2024 &#8211; 7:02<\/p>\n<\/div>\n<div id=\"share-modal\" class=\"share-modal\"> <button class=\"box-close btn-share\"> <img decoding=\"async\" src=\"https:\/\/istoedinheiro.com.br\/wp-content\/themes\/dinheiro-wp-theme\/assets\/img\/svg\/closeIcon.svg?x46096\" alt=\"Close icon\" class=\"close-btn lazy\"\/> <\/button><\/div>\n<\/p><\/div>\n<p>O <strong>Centro de Integra\u00e7\u00e3o Empresa-Escola \u2013 CIEE<\/strong> apresentou um programa de aprendizagem denominado de \u201cImpulso Digital\u201d, que promete abrir 5 mil vagas de jovem aprendiz direcionadas \u00e0 tecnologia at\u00e9 o final de 2024.<\/p>\n<p>Vale destacar que o jovem aprendiz \u00e9 direcionado para pessoas de 14 a 24 anos, que t\u00eam uma carga hor\u00e1ria de 4 a 6 horas por dia.<\/p>\n<h3 style=\"text-align: center\"><span style=\"color: #993300\">\u201cNormalmente, o jovem aprendiz, durante a semana, passa por quatro dias de trabalho nas \u00e1reas onde \u00e9 alocado e um dia ele vai ao centro do CIEE fazer essa forma\u00e7\u00e3o. O que estamos alterando \u00e9 que esse dia de forma\u00e7\u00e3o ter\u00e1 uma grade inovadora para gerar mais valor para a empresa\u201d, afirma <\/span><span style=\"color: #993300\"><strong>Rodrigo Dib, superintendente Institucional do CIEE.<\/strong><\/span><\/h3>\n<p>O objetivo da iniciativa ser\u00e1 combater dois principais gargalos diagnosticados: a defasagem de conhecimentos educacionais b\u00e1sicos e o apag\u00e3o de profissionais na \u00e1rea de tecnologia \u2013 que poder\u00e1 chegar ao d\u00e9ficit de 206 mil profissionais em 2025 no Brasil. A forma\u00e7\u00e3o ser\u00e1 concedia pelo CIEE nos polos presenciais.<\/p>\n<h3>Como vai funcionar?<\/h3>\n<p>Primeiro, a capita\u00e7\u00e3o ser\u00e1 realizada pelo CIEE em parceria com a AdaTech, plataforma que realiza forma\u00e7\u00f5es para empresas de tecnologia. O ingresso desse jovem ao CIEE \u00e9 gratuito e a iniciativa vai abranger a grande S\u00e3o Paulo.<\/p>\n<h3 style=\"text-align: center\"><span style=\"color: #993300\">\u201cAntes de chegar \u00e0 empresa, o jovem ter\u00e1 tamb\u00e9m uma pr\u00e9-qualifica\u00e7\u00e3o para que ele chegue mais robusto, com nivelamento de portugu\u00eas, matem\u00e1tica\u2026 Depois de ele passar por isso se tornar\u00e1 um jovem aprendiz.\u201d<\/span><\/h3>\n<p>Posteriormente, o jovem dentro da empresa contar\u00e1 com o fortalecimento de habilidades t\u00e9cnicas em comunica\u00e7\u00e3o, racioc\u00ednio l\u00f3gico e pensamento computacional, al\u00e9m de conciliar 520 horas dedicadas ao estudo da l\u00edngua portuguesa, inglesa, matem\u00e1tica, estat\u00edstica, banco de dados, entre outros temas.<\/p>\n<h3 style=\"text-align: center\"><span style=\"color: #993300\"><strong>\u201cA forma\u00e7\u00e3o n\u00e3o apenas serve para o setor de tecnologia, mas tamb\u00e9m para qualquer \u00e1rea. Ser\u00e1 uma forma\u00e7\u00e3o de conhecimentos digitais. Esse jovem pode trabalhar em marketing, administra\u00e7\u00e3o e tecnologia, por exemplo. \u00c9 mais como a gente moderniza o curr\u00edculo desse jovem para que o mercado precisa hoje\u201d, diz Felipe Paiva, CEO da AdaTech.<\/strong><\/span><\/h3>\n<p>O programa de aprendizagem vai durar 24 meses e tamb\u00e9m conta com o apoio do Centro Paula Souza e da MovTech, coaliz\u00e3o de organiza\u00e7\u00f5es que buscam direcionar recursos para investimento social em educa\u00e7\u00e3o e tecnologia.<\/p>\n<h3>Inscri\u00e7\u00f5es<\/h3>\n<p>Os jovens podem se inscrever pelo site do <strong><a href=\"https:\/\/portal.ciee.org.br\/quero-uma-vaga\/jovem-aprendiz\/\" rel=\"nofollow noopener\" target=\"_blank\">CIEE<\/a>, <\/strong>enquanto as empresas interessadas em contratar para o programa devem acessar o <a style=\"font-weight: bold\" href=\"https:\/\/portal.ciee.org.br\/contrate-com-o-ciee\/\" rel=\"nofollow noopener\" target=\"_blank\">portal<\/a> de contratante da plataforma.<\/p>\n<section data-hb-type=\"ads\" name=\"adsMateria\" data-hb-position=\"after-content\" data-hb-provider=\"\">\n<hr\/>\n<\/section>\n<div id=\"share-modal\" class=\"share-modal\"> <button class=\"box-close btn-share\"> <img decoding=\"async\" src=\"https:\/\/istoedinheiro.com.br\/wp-content\/themes\/dinheiro-wp-theme\/assets\/img\/svg\/closeIcon.svg?x46096\" alt=\"Close icon\" class=\"close-btn lazy\"\/> <\/button><\/div>\n<\/p><\/div>\n<p><script>!function(f,b,e,v,n,t,s){if(f.fbq)return;n=f.fbq=function(){n.callMethod?n.callMethod.apply(n,arguments):n.queue.push(arguments)};if(!f._fbq)f._fbq=n;n.push=n;n.loaded=!0;n.version='2.0';n.queue=[];t=b.createElement(e);t.async=!0;t.src=v;s=b.getElementsByTagName(e)[0];s.parentNode.insertBefore(t,s)}(window,document,'script','<\/script><br \/>\n<br \/><br \/>\n<br \/><a href=\"https:\/\/istoedinheiro.com.br\/como-vai-funcionar-o-programa-do-ciee-com-5-mil-vagas-de-jovem-aprendiz\/\">Source link <\/a><\/p>\n<!-- CONTENT END 1 -->\n","protected":false},"excerpt":{"rendered":"<p>Mauro Balhessai Mauro Balhessa 11\/03\/2024 &#8211; 7:02 O Centro de Integra\u00e7\u00e3o Empresa-Escola \u2013 CIEE apresentou um programa de aprendizagem denominado de \u201cImpulso Digital\u201d, que promete&#8230;<\/p>\n","protected":false},"author":1,"featured_media":41749,"comment_status":"open","ping_status":"open","sticky":false,"template":"","format":"standard","meta":{"advanced_seo_description":"","jetpack_seo_html_title":"","jetpack_seo_noindex":false,"jetpack_post_was_ever_published":false,"_jetpack_newsletter_access":"","_jetpack_dont_email_post_to_subs":false,"_jetpack_newsletter_tier_id":0,"_jetpack_memberships_contains_paywalled_content":false,"_jetpack_memberships_contains_paid_content":false,"footnotes":"","jetpack_publicize_message":"","jetpack_publicize_feature_enabled":true,"jetpack_social_post_already_shared":true,"jetpack_social_options":{"image_generator_settings":{"template":"highway","default_image_id":0,"font":"","enabled":false},"version":2}},"categories":[3598],"tags":[],"class_list":["post-41748","post","type-post","status-publish","format-standard","has-post-thumbnail","hentry","category-empregos-classificados-vagas-trabalho"],"jetpack_publicize_connections":[],"jetpack_featured_media_url":"https:\/\/i0.wp.com\/noticiasribeiraopreto.com.br\/wp-content\/uploads\/2024\/03\/jovemaprendiz.jpg?fit=1294%2C868&ssl=1","jetpack-related-posts":[{"id":40970,"url":"https:\/\/noticiasribeiraopreto.com.br\/index.php\/2024\/03\/06\/ciee-lanca-programa-com-foco-em-tecnologia-com-5-mil-vagas-de-jovem-aprendiz\/","url_meta":{"origin":41748,"position":0},"title":"CIEE lan\u00e7a programa com foco em tecnologia com 5 mil vagas de jovem aprendiz","author":"noticiasribeiraopreto.com.br","date":"6 de March de 2024","format":false,"excerpt":"Da reda\u00e7\u00e3oi Da reda\u00e7\u00e3o 06\/03\/2024 - 9:17 O Centro de Integra\u00e7\u00e3o Empresa-Escola \u2013 CIEE, ONG de inclus\u00e3o social e empregabilidade jovem, lan\u00e7ou nesta quarta-feira, 6, um programa com foco em tecnologia, que promete abrir 5 mil vagas de jovem aprendiz at\u00e9 o final de 2024.A expectativa \u00e9 que os aprendizes\u2026","rel":"","context":"In &quot;Empregos - Classificados&quot;","block_context":{"text":"Empregos - Classificados","link":"https:\/\/noticiasribeiraopreto.com.br\/index.php\/category\/empregos-classificados-vagas-trabalho\/"},"img":{"alt_text":"","src":"https:\/\/i0.wp.com\/noticiasribeiraopreto.com.br\/wp-content\/uploads\/2024\/03\/tec.jpg?fit=1170%2C700&ssl=1&resize=350%2C200","width":350,"height":200,"srcset":"https:\/\/i0.wp.com\/noticiasribeiraopreto.com.br\/wp-content\/uploads\/2024\/03\/tec.jpg?fit=1170%2C700&ssl=1&resize=350%2C200 1x, https:\/\/i0.wp.com\/noticiasribeiraopreto.com.br\/wp-content\/uploads\/2024\/03\/tec.jpg?fit=1170%2C700&ssl=1&resize=525%2C300 1.5x, https:\/\/i0.wp.com\/noticiasribeiraopreto.com.br\/wp-content\/uploads\/2024\/03\/tec.jpg?fit=1170%2C700&ssl=1&resize=700%2C400 2x, https:\/\/i0.wp.com\/noticiasribeiraopreto.com.br\/wp-content\/uploads\/2024\/03\/tec.jpg?fit=1170%2C700&ssl=1&resize=1050%2C600 3x"},"classes":[]},{"id":41332,"url":"https:\/\/noticiasribeiraopreto.com.br\/index.php\/2024\/03\/07\/jovem-aprendiz-ciee-lanca-programa-na-area-de-tecnologia-com-5-mil-vagas\/","url_meta":{"origin":41748,"position":1},"title":"Jovem aprendiz: CIEE lan\u00e7a programa na \u00e1rea de tecnologia com 5 mil vagas","author":"noticiasribeiraopreto.com.br","date":"7 de March de 2024","format":false,"excerpt":"O Centro de Integra\u00e7\u00e3o da Escola de Neg\u00f3cios (CIEE), conhecida ONG dedicada \u00e0 inclus\u00e3o social e \u00e0 empregabilidade juvenil, deu um importante passo ao lan\u00e7ar, nesta quarta-feira, 6, o \u201cPrograma de Aprendizagem por Impulso Digital\u201d. Com foco em tecnologia, o ambicioso programa pretende abrir 5 mil vagas para jovens aprendizes\u2026","rel":"","context":"In &quot;Empregos - Classificados&quot;","block_context":{"text":"Empregos - Classificados","link":"https:\/\/noticiasribeiraopreto.com.br\/index.php\/category\/empregos-classificados-vagas-trabalho\/"},"img":{"alt_text":"","src":"https:\/\/i0.wp.com\/noticiasribeiraopreto.com.br\/wp-content\/uploads\/2024\/03\/alavancar-sua.webp.jpeg?fit=1200%2C630&ssl=1&resize=350%2C200","width":350,"height":200,"srcset":"https:\/\/i0.wp.com\/noticiasribeiraopreto.com.br\/wp-content\/uploads\/2024\/03\/alavancar-sua.webp.jpeg?fit=1200%2C630&ssl=1&resize=350%2C200 1x, https:\/\/i0.wp.com\/noticiasribeiraopreto.com.br\/wp-content\/uploads\/2024\/03\/alavancar-sua.webp.jpeg?fit=1200%2C630&ssl=1&resize=525%2C300 1.5x, https:\/\/i0.wp.com\/noticiasribeiraopreto.com.br\/wp-content\/uploads\/2024\/03\/alavancar-sua.webp.jpeg?fit=1200%2C630&ssl=1&resize=700%2C400 2x, https:\/\/i0.wp.com\/noticiasribeiraopreto.com.br\/wp-content\/uploads\/2024\/03\/alavancar-sua.webp.jpeg?fit=1200%2C630&ssl=1&resize=1050%2C600 3x"},"classes":[]},{"id":44424,"url":"https:\/\/noticiasribeiraopreto.com.br\/index.php\/2024\/03\/27\/vagas-jovem-aprendiz-para-trabalhar-de-casa\/","url_meta":{"origin":41748,"position":2},"title":"Vagas Jovem Aprendiz para trabalhar de casa","author":"noticiasribeiraopreto.com.br","date":"27 de March de 2024","format":false,"excerpt":"Jovem Aprendiz Jovem Aprendiz VIVO 2024: Veja informa\u00e7\u00f5es sobre Inscri\u00e7\u00f5es, Vagas Abertas e Sal\u00e1rios A Vivo, uma das maiores empresas de telecomunica\u00e7\u00f5es do Brasil, est\u00e1 oferecendo cerca de 290 vagas de emprego em seu Programa de Jovem Aprendiz. Dispon\u00edveis em 23 estados e no Leia mais Home Office Jovem Aprendiz\u2026","rel":"","context":"In &quot;Vagas de Emprego Remoto - Home Office&quot;","block_context":{"text":"Vagas de Emprego Remoto - Home Office","link":"https:\/\/noticiasribeiraopreto.com.br\/index.php\/category\/empregos-classificados-vagas-trabalho\/vagas-de-empregos-em-ribeirao-preto-regiao-brasil\/vagas-de-emprego-para-trabalhar-de-casa-home-office-remoto\/"},"img":{"alt_text":"","src":"https:\/\/i0.wp.com\/noticiasribeiraopreto.com.br\/wp-content\/uploads\/2024\/02\/vivo-telefonica-brasil-companyupdate-1708439628465-761x492.webp?fit=761%2C492&ssl=1&resize=350%2C200","width":350,"height":200,"srcset":"https:\/\/i0.wp.com\/noticiasribeiraopreto.com.br\/wp-content\/uploads\/2024\/02\/vivo-telefonica-brasil-companyupdate-1708439628465-761x492.webp?fit=761%2C492&ssl=1&resize=350%2C200 1x, https:\/\/i0.wp.com\/noticiasribeiraopreto.com.br\/wp-content\/uploads\/2024\/02\/vivo-telefonica-brasil-companyupdate-1708439628465-761x492.webp?fit=761%2C492&ssl=1&resize=525%2C300 1.5x, https:\/\/i0.wp.com\/noticiasribeiraopreto.com.br\/wp-content\/uploads\/2024\/02\/vivo-telefonica-brasil-companyupdate-1708439628465-761x492.webp?fit=761%2C492&ssl=1&resize=700%2C400 2x"},"classes":[]},{"id":55620,"url":"https:\/\/noticiasribeiraopreto.com.br\/index.php\/2024\/08\/04\/vagas-jovem-aprendiz-para-trabalhar-de-casa-4\/","url_meta":{"origin":41748,"position":3},"title":"Vagas Jovem Aprendiz para trabalhar de casa","author":"noticiasribeiraopreto.com.br","date":"4 de August de 2024","format":false,"excerpt":"Home Office Jovem Aprendiz Seu primeiro emprego diretamente de casa! Cobmax abre vagas para JOVEM APRENDIZ 100% HOME OFFICE Aqui, despertamos o potencial m\u00e1ximo de pessoas e organiza\u00e7\u00f5es por meio de tecnologias em venda para transformar jornadas! Estamos h\u00e1 14 anos otimizamos jornadas de compras de clientes para criar Leia\u2026","rel":"","context":"In &quot;Vagas de Emprego Remoto - Home Office&quot;","block_context":{"text":"Vagas de Emprego Remoto - Home Office","link":"https:\/\/noticiasribeiraopreto.com.br\/index.php\/category\/empregos-classificados-vagas-trabalho\/vagas-de-empregos-em-ribeirao-preto-regiao-brasil\/vagas-de-emprego-para-trabalhar-de-casa-home-office-remoto\/"},"img":{"alt_text":"","src":"https:\/\/i0.wp.com\/noticiasribeiraopreto.com.br\/wp-content\/uploads\/2024\/06\/jovem-aprendia-cobmax-761x492.webp?fit=761%2C492&ssl=1&resize=350%2C200","width":350,"height":200,"srcset":"https:\/\/i0.wp.com\/noticiasribeiraopreto.com.br\/wp-content\/uploads\/2024\/06\/jovem-aprendia-cobmax-761x492.webp?fit=761%2C492&ssl=1&resize=350%2C200 1x, https:\/\/i0.wp.com\/noticiasribeiraopreto.com.br\/wp-content\/uploads\/2024\/06\/jovem-aprendia-cobmax-761x492.webp?fit=761%2C492&ssl=1&resize=525%2C300 1.5x, https:\/\/i0.wp.com\/noticiasribeiraopreto.com.br\/wp-content\/uploads\/2024\/06\/jovem-aprendia-cobmax-761x492.webp?fit=761%2C492&ssl=1&resize=700%2C400 2x"},"classes":[]},{"id":52939,"url":"https:\/\/noticiasribeiraopreto.com.br\/index.php\/2024\/06\/14\/vagas-jovem-aprendiz-para-trabalhar-de-casa-3\/","url_meta":{"origin":41748,"position":4},"title":"Vagas Jovem Aprendiz para trabalhar de casa","author":"noticiasribeiraopreto.com.br","date":"14 de June de 2024","format":false,"excerpt":"Home Office Jovem Aprendiz Seu primeiro emprego diretamente de casa! Cobmax abre vagas para JOVEM APRENDIZ 100% HOME OFFICE Aqui, despertamos o potencial m\u00e1ximo de pessoas e organiza\u00e7\u00f5es por meio de tecnologias em venda para transformar jornadas! Estamos h\u00e1 14 anos otimizamos jornadas de compras de clientes para criar Leia\u2026","rel":"","context":"In &quot;Vagas de Emprego Remoto - Home Office&quot;","block_context":{"text":"Vagas de Emprego Remoto - Home Office","link":"https:\/\/noticiasribeiraopreto.com.br\/index.php\/category\/empregos-classificados-vagas-trabalho\/vagas-de-empregos-em-ribeirao-preto-regiao-brasil\/vagas-de-emprego-para-trabalhar-de-casa-home-office-remoto\/"},"img":{"alt_text":"","src":"https:\/\/i0.wp.com\/noticiasribeiraopreto.com.br\/wp-content\/uploads\/2024\/06\/jovem-aprendia-cobmax-761x492.webp?fit=761%2C492&ssl=1&resize=350%2C200","width":350,"height":200,"srcset":"https:\/\/i0.wp.com\/noticiasribeiraopreto.com.br\/wp-content\/uploads\/2024\/06\/jovem-aprendia-cobmax-761x492.webp?fit=761%2C492&ssl=1&resize=350%2C200 1x, https:\/\/i0.wp.com\/noticiasribeiraopreto.com.br\/wp-content\/uploads\/2024\/06\/jovem-aprendia-cobmax-761x492.webp?fit=761%2C492&ssl=1&resize=525%2C300 1.5x, https:\/\/i0.wp.com\/noticiasribeiraopreto.com.br\/wp-content\/uploads\/2024\/06\/jovem-aprendia-cobmax-761x492.webp?fit=761%2C492&ssl=1&resize=700%2C400 2x"},"classes":[]},{"id":52099,"url":"https:\/\/noticiasribeiraopreto.com.br\/index.php\/2024\/06\/04\/vagas-jovem-aprendiz-para-trabalhar-de-casa-2\/","url_meta":{"origin":41748,"position":5},"title":"Vagas Jovem Aprendiz para trabalhar de casa","author":"noticiasribeiraopreto.com.br","date":"4 de June de 2024","format":false,"excerpt":"Home Office Jovem Aprendiz Seu primeiro emprego diretamente de casa! Cobmax abre vagas para JOVEM APRENDIZ 100% HOME OFFICE Aqui, despertamos o potencial m\u00e1ximo de pessoas e organiza\u00e7\u00f5es por meio de tecnologias em venda para transformar jornadas! Estamos h\u00e1 14 anos otimizamos jornadas de compras de clientes para criar Leia\u2026","rel":"","context":"In &quot;Vagas de Emprego Remoto - Home Office&quot;","block_context":{"text":"Vagas de Emprego Remoto - Home Office","link":"https:\/\/noticiasribeiraopreto.com.br\/index.php\/category\/empregos-classificados-vagas-trabalho\/vagas-de-empregos-em-ribeirao-preto-regiao-brasil\/vagas-de-emprego-para-trabalhar-de-casa-home-office-remoto\/"},"img":{"alt_text":"","src":"https:\/\/i0.wp.com\/noticiasribeiraopreto.com.br\/wp-content\/uploads\/2024\/06\/jovem-aprendia-cobmax-761x492.webp?fit=761%2C492&ssl=1&resize=350%2C200","width":350,"height":200,"srcset":"https:\/\/i0.wp.com\/noticiasribeiraopreto.com.br\/wp-content\/uploads\/2024\/06\/jovem-aprendia-cobmax-761x492.webp?fit=761%2C492&ssl=1&resize=350%2C200 1x, https:\/\/i0.wp.com\/noticiasribeiraopreto.com.br\/wp-content\/uploads\/2024\/06\/jovem-aprendia-cobmax-761x492.webp?fit=761%2C492&ssl=1&resize=525%2C300 1.5x, https:\/\/i0.wp.com\/noticiasribeiraopreto.com.br\/wp-content\/uploads\/2024\/06\/jovem-aprendia-cobmax-761x492.webp?fit=761%2C492&ssl=1&resize=700%2C400 2x"},"classes":[]}],"jetpack_sharing_enabled":true,"jetpack_shortlink":"https:\/\/wp.me\/peQAOb-aRm","_links":{"self":[{"href":"https:\/\/noticiasribeiraopreto.com.br\/index.php\/wp-json\/wp\/v2\/posts\/41748","targetHints":{"allow":["GET"]}}],"collection":[{"href":"https:\/\/noticiasribeiraopreto.com.br\/index.php\/wp-json\/wp\/v2\/posts"}],"about":[{"href":"https:\/\/noticiasribeiraopreto.com.br\/index.php\/wp-json\/wp\/v2\/types\/post"}],"author":[{"embeddable":true,"href":"https:\/\/noticiasribeiraopreto.com.br\/index.php\/wp-json\/wp\/v2\/users\/1"}],"replies":[{"embeddable":true,"href":"https:\/\/noticiasribeiraopreto.com.br\/index.php\/wp-json\/wp\/v2\/comments?post=41748"}],"version-history":[{"count":0,"href":"https:\/\/noticiasribeiraopreto.com.br\/index.php\/wp-json\/wp\/v2\/posts\/41748\/revisions"}],"wp:featuredmedia":[{"embeddable":true,"href":"https:\/\/noticiasribeiraopreto.com.br\/index.php\/wp-json\/wp\/v2\/media\/41749"}],"wp:attachment":[{"href":"https:\/\/noticiasribeiraopreto.com.br\/index.php\/wp-json\/wp\/v2\/media?parent=41748"}],"wp:term":[{"taxonomy":"category","embeddable":true,"href":"https:\/\/noticiasribeiraopreto.com.br\/index.php\/wp-json\/wp\/v2\/categories?post=41748"},{"taxonomy":"post_tag","embeddable":true,"href":"https:\/\/noticiasribeiraopreto.com.br\/index.php\/wp-json\/wp\/v2\/tags?post=41748"}],"curies":[{"name":"wp","href":"https:\/\/api.w.org\/{rel}","templated":true}]}}