{"id":41813,"date":"2024-03-11T14:12:35","date_gmt":"2024-03-11T17:12:35","guid":{"rendered":"https:\/\/noticiasribeiraopreto.com.br\/index.php\/2024\/03\/11\/evento-hibrido-busca-incentivar-a-mediacao-de-conflitos-trabalhistas\/"},"modified":"2024-03-11T14:12:35","modified_gmt":"2024-03-11T17:12:35","slug":"evento-hibrido-busca-incentivar-a-mediacao-de-conflitos-trabalhistas","status":"publish","type":"post","link":"https:\/\/noticiasribeiraopreto.com.br\/index.php\/2024\/03\/11\/evento-hibrido-busca-incentivar-a-mediacao-de-conflitos-trabalhistas\/","title":{"rendered":"Evento h\u00edbrido busca incentivar a media\u00e7\u00e3o de conflitos trabalhistas"},"content":{"rendered":"<div class='code-block code-block-1' style='margin: 8px 0 8px auto; text-align: right; display: block; clear: both;'>\n<p><a href=\"https:\/\/wa.link\/vpicfd\"><img data-recalc-dims=\"1\" class=\"wp-image-4922\" style=\"aspect-ratio: 2.0253164556962027; width: 561px; height: auto;\" src=\"https:\/\/i0.wp.com\/ismaelcolosi.com.br\/wp-content\/uploads\/2023\/11\/grupo-de-empregos-whatsapp-e-facebook-ismael-colosi-vagas.jpg?ssl=1\" alt=\"\" \/><\/a><\/p>\n<!-- \/wp:image -->\n<\/div>\n<p> <br \/>\n<\/p>\n<div id=\"\">\n<p> <span class=\"entry-meta-item penci-posted-on\"><i class=\"fa fa-clock-o\"\/><time class=\"entry-date published updated\" datetime=\"2024-03-11T14:07:39-03:00\">11 de mar\u00e7o de 2024 | 14:07<\/time><\/span><\/p>\n<p> <span class=\"penci-social-buttons penci-social-share-footer\"><a href=\"#\" class=\"penci-post-like penci_post-meta_item  single-like-button penci-social-item like\" data-post_id=\"376944\" title=\"Like\" data-like=\"Like\" data-unlike=\"Unlike\"><i class=\"fa fa-thumbs-o-up\"\/><span class=\"penci-share-number\">0<\/span><\/a><i class=\"fa fa-facebook\"\/><a class=\"penci-social-item twitter\" target=\"_blank\" rel=\"noopener\" title=\"\" href=\"https:\/\/twitter.com\/intent\/tweet?text=Evento%20h\u00edbrido%20busca%20incentivar%20a%20media\u00e7\u00e3o%20de%20conflitos%20trabalhistas%20-%20https:\/\/www.tribunaribeirao.com.br\/site\/evento-hibrido-busca-incentivar-a-mediacao-de-conflitos-trabalhistas\/\"><i class=\"fa fa-twitter\"\/><\/a><i class=\"fa fa-whatsapp\"\/><\/span><\/div>\n<div>\n<p>No pr\u00f3ximo dia 15 de mar\u00e7o (sexta-feira), \u00e0s 09h, o Minist\u00e9rio P\u00fablico do Trabalho (MPT) na 15\u00aa Regi\u00e3o far\u00e1 um evento h\u00edbrido com a presen\u00e7a de magistrados, advogados, sindicatos, entidades de classe, organiza\u00e7\u00f5es da sociedade civil e \u00f3rg\u00e3os p\u00fablicos para apresentar \u00e0 sociedade o N\u00facleo Permanente de Incentivo \u00e0 Autocomposi\u00e7\u00e3o (NUPIA), uma frente de atua\u00e7\u00e3o ministerial que busca a solu\u00e7\u00e3o de conflitos coletivos trabalhistas por meio da media\u00e7\u00e3o.<\/p>\n<p>O evento acontecer\u00e1 no audit\u00f3rio do edif\u00edcio-sede do MPT em Campinas, com a presen\u00e7a da coordenadora nacional do NUPIA e vice-procuradora-geral do Trabalho, Maria Aparecida Gugel. Institui\u00e7\u00f5es com atua\u00e7\u00e3o no interior paulista e litoral norte, al\u00e9m de TRT-15 e OAB, poder\u00e3o comparecer presencialmente ou por meio de videoconfer\u00eancia.<\/p>\n<p>O NUPIA atua em procedimentos de media\u00e7\u00e3o de forma permanente e especializada para resolver conflitos coletivos trabalhistas por meio de acordo entre as partes, sem necessidade de judicializa\u00e7\u00e3o. O objetivo \u00e9 proporcionar solu\u00e7\u00f5es mais r\u00e1pidas para trabalhadores e empregadores, e menos custosas para o contribuinte, pois colaboram para desonerar a estrutura do Judici\u00e1rio. O encontro que acontecer\u00e1 no dia 15\/03 tamb\u00e9m tem como finalidade incentivar a pr\u00e1tica.<\/p>\n<p>A atua\u00e7\u00e3o do N\u00facleo n\u00e3o deve ser confundida com o trabalho que o MPT realiza em inqu\u00e9ritos civis e nem com o que realiza perante a Justi\u00e7a do Trabalho. \u201cO objetivo do N\u00facleo \u00e9 buscar uma solu\u00e7\u00e3o extrajudicial nos conflitos coletivos, garantindo alternativas que sejam favor\u00e1veis aos acordos envolvendo empregadores e sindicatos. Por isso, \u00e9 imprescind\u00edvel que entidades sindicais, OAB e outras organiza\u00e7\u00f5es sociais tomem conhecimento dessa nova vertente de atua\u00e7\u00e3o do MPT, para que saibam que temos um canal aberto de di\u00e1logo, e que podemos contribuir para a resolu\u00e7\u00e3o de uma controv\u00e9rsia gerada nas rela\u00e7\u00f5es de trabalho\u201d, pontuou a coordenadora regional do NUPIA, Renata Cristina Piaia Petrocino.<\/p>\n<p>H\u00e1 muitos anos o MPT atua realizando media\u00e7\u00f5es e buscando solu\u00e7\u00f5es para conflitos coletivos trabalhistas em audi\u00eancias administrativas, por\u00e9m, somente recentemente de forma organizada em um n\u00facleo especializado. Nos \u00faltimos dois anos (janeiro de 2021 a dezembro de 2023), a Regional do MPT na 15\u00aa Regi\u00e3o realizou 686 media\u00e7\u00f5es, nas seguintes regi\u00f5es do estado: Campinas (375), Ara\u00e7atuba (24), Araraquara (23), Bauru (58), Presidente Prudente (23), S\u00e3o Jos\u00e9 dos Campos (65), S\u00e3o Jos\u00e9 do Rio Preto (63) e Sorocaba (20). Em todo o Brasil foram 6.525 media\u00e7\u00f5es realizadas, no mesmo per\u00edodo.<\/p>\n<p>Os pedidos de media\u00e7\u00e3o poder\u00e3o ser encaminhados pelo portal do Minist\u00e9rio P\u00fablico do<br \/>Trabalho no link: https:\/\/peticionamento.prt15.mpt.mp.br\/mediacao\/.<\/p>\n<\/div>\n<p><script async src=\"\/\/platform.twitter.com\/widgets.js\" charset=\"utf-8\"><\/script><br \/>\n<br \/><br \/>\n<br \/><a href=\"https:\/\/www.tribunaribeirao.com.br\/site\/evento-hibrido-busca-incentivar-a-mediacao-de-conflitos-trabalhistas\/\">Source link <\/a><\/p>\n<!-- CONTENT END 1 -->\n","protected":false},"excerpt":{"rendered":"<p>11 de mar\u00e7o de 2024 | 14:07 0 No pr\u00f3ximo dia 15 de mar\u00e7o (sexta-feira), \u00e0s 09h, o Minist\u00e9rio P\u00fablico do Trabalho (MPT) na 15\u00aa&#8230;<\/p>\n","protected":false},"author":1,"featured_media":41814,"comment_status":"open","ping_status":"open","sticky":false,"template":"","format":"standard","meta":{"advanced_seo_description":"","jetpack_seo_html_title":"","jetpack_seo_noindex":false,"jetpack_post_was_ever_published":false,"_jetpack_newsletter_access":"","_jetpack_dont_email_post_to_subs":false,"_jetpack_newsletter_tier_id":0,"_jetpack_memberships_contains_paywalled_content":false,"_jetpack_memberships_contains_paid_content":false,"footnotes":"","jetpack_publicize_message":"","jetpack_publicize_feature_enabled":true,"jetpack_social_post_already_shared":true,"jetpack_social_options":{"image_generator_settings":{"template":"highway","default_image_id":0,"font":"","enabled":false},"version":2}},"categories":[11],"tags":[1994,4928,773,4925,4926,4927,4929],"class_list":["post-41813","post","type-post","status-publish","format-standard","has-post-thumbnail","hentry","category-noticias-de-ribeirao-preto-sp-e-regiao-ismael-colosi","tag-busca","tag-conflitos","tag-evento","tag-hibrido","tag-incentivar","tag-mediacao","tag-trabalhistas"],"jetpack_publicize_connections":[],"jetpack_featured_media_url":"https:\/\/i0.wp.com\/noticiasribeiraopreto.com.br\/wp-content\/uploads\/2024\/03\/aaaaa-scaled.jpg?fit=1000%2C585&ssl=1","jetpack-related-posts":[{"id":80051,"url":"https:\/\/noticiasribeiraopreto.com.br\/index.php\/2025\/11\/13\/ribeirao-preto-ganha-polo-da-camara-de-conciliacao-mediacao-e-arbitragem-ciesp-fiesp\/","url_meta":{"origin":41813,"position":0},"title":"Ribeir\u00e3o Preto ganha polo da C\u00e2mara de Concilia\u00e7\u00e3o, Media\u00e7\u00e3o e Arbitragem Ciesp\/Fiesp","author":"noticiasribeiraopreto.com.br","date":"13 de November de 2025","format":false,"excerpt":"A Diretoria Regional do Ciesp (Centro das Ind\u00fastrias do Estado de S\u00e3o Paulo) em Ribeir\u00e3o Preto inaugura nesta sexta-feira (14), o Polo Regional da C\u00e2mara de Concilia\u00e7\u00e3o, Media\u00e7\u00e3o e Arbitragem Ciesp\/Fiesp. Durante o evento, tamb\u00e9m ser\u00e1 assinada uma parceria entre a C\u00e2mara Ciesp\/Fiesp e a Faesp (Federa\u00e7\u00e3o da Agricultura e\u2026","rel":"","context":"In &quot;Not\u00edcias de Ribeir\u00e3o Preto-SP e Regi\u00e3o&quot;","block_context":{"text":"Not\u00edcias de Ribeir\u00e3o Preto-SP e Regi\u00e3o","link":"https:\/\/noticiasribeiraopreto.com.br\/index.php\/category\/noticias-de-ribeirao-preto-sp-e-regiao-ismael-colosi\/"},"img":{"alt_text":"","src":"https:\/\/i0.wp.com\/noticiasribeiraopreto.com.br\/wp-content\/uploads\/2025\/11\/conciliacao_2025-11-13_15-08-14.webp.webp?fit=1200%2C800&ssl=1&resize=350%2C200","width":350,"height":200,"srcset":"https:\/\/i0.wp.com\/noticiasribeiraopreto.com.br\/wp-content\/uploads\/2025\/11\/conciliacao_2025-11-13_15-08-14.webp.webp?fit=1200%2C800&ssl=1&resize=350%2C200 1x, https:\/\/i0.wp.com\/noticiasribeiraopreto.com.br\/wp-content\/uploads\/2025\/11\/conciliacao_2025-11-13_15-08-14.webp.webp?fit=1200%2C800&ssl=1&resize=525%2C300 1.5x, https:\/\/i0.wp.com\/noticiasribeiraopreto.com.br\/wp-content\/uploads\/2025\/11\/conciliacao_2025-11-13_15-08-14.webp.webp?fit=1200%2C800&ssl=1&resize=700%2C400 2x, https:\/\/i0.wp.com\/noticiasribeiraopreto.com.br\/wp-content\/uploads\/2025\/11\/conciliacao_2025-11-13_15-08-14.webp.webp?fit=1200%2C800&ssl=1&resize=1050%2C600 3x"},"classes":[]},{"id":80938,"url":"https:\/\/noticiasribeiraopreto.com.br\/index.php\/2025\/12\/18\/oab-sp-e-ministerio-da-justica-avancam-na-implantacao-das-casas-de-justica-no-estado-de-sao-paulo\/","url_meta":{"origin":41813,"position":1},"title":"OAB SP e Minist\u00e9rio da Justi\u00e7a avan\u00e7am na implanta\u00e7\u00e3o das Casas de Justi\u00e7a no Estado de S\u00e3o Paulo","author":"noticiasribeiraopreto.com.br","date":"18 de December de 2025","format":false,"excerpt":"\r \r \r 18 de dezembro de 2025 13:43 \r Compartilhar0 A Ordem dos Advogados do Brasil Se\u00e7\u00e3o S\u00e3o Paulo (OAB SP) e o Minist\u00e9rio da Justi\u00e7a e Seguran\u00e7a P\u00fablica avan\u00e7am em uma nova etapa do programa Casas de Justi\u00e7a, iniciativa proposta pela Ordem paulista, com a assinatura de acordo\u2026","rel":"","context":"In &quot;Not\u00edcias de Ribeir\u00e3o Preto-SP e Regi\u00e3o&quot;","block_context":{"text":"Not\u00edcias de Ribeir\u00e3o Preto-SP e Regi\u00e3o","link":"https:\/\/noticiasribeiraopreto.com.br\/index.php\/category\/noticias-de-ribeirao-preto-sp-e-regiao-ismael-colosi\/"},"img":{"alt_text":"","src":"https:\/\/i0.wp.com\/noticiasribeiraopreto.com.br\/wp-content\/uploads\/2025\/12\/OAB-JF-Pimenta-Arquivo-scaled-1.jpg?fit=700%2C408&ssl=1&resize=350%2C200","width":350,"height":200,"srcset":"https:\/\/i0.wp.com\/noticiasribeiraopreto.com.br\/wp-content\/uploads\/2025\/12\/OAB-JF-Pimenta-Arquivo-scaled-1.jpg?fit=700%2C408&ssl=1&resize=350%2C200 1x, https:\/\/i0.wp.com\/noticiasribeiraopreto.com.br\/wp-content\/uploads\/2025\/12\/OAB-JF-Pimenta-Arquivo-scaled-1.jpg?fit=700%2C408&ssl=1&resize=525%2C300 1.5x, https:\/\/i0.wp.com\/noticiasribeiraopreto.com.br\/wp-content\/uploads\/2025\/12\/OAB-JF-Pimenta-Arquivo-scaled-1.jpg?fit=700%2C408&ssl=1&resize=700%2C400 2x"},"classes":[]},{"id":58967,"url":"https:\/\/noticiasribeiraopreto.com.br\/index.php\/2024\/10\/10\/ribeirao-preto-recebe-festival-de-musica-e-arte-veja-a-programacao\/","url_meta":{"origin":41813,"position":2},"title":"Ribeir\u00e3o Preto recebe festival de m\u00fasica e arte; Veja a programa\u00e7\u00e3o","author":"noticiasribeiraopreto.com.br","date":"10 de October de 2024","format":false,"excerpt":"Ribeir\u00e3o Preto recebe pela terceira vez o FestMAO, um festival de m\u00fasica e arte, que acontece entre os dias 16 e 19 de outubro em diferentes espa\u00e7os culturais da cidade. O evento re\u00fane artistas e talentos emergentes, al\u00e9m de proporcionar debates e experi\u00eancias. A abertura acontece \u00e0s 19h no deck\u2026","rel":"","context":"In &quot;Not\u00edcias de Ribeir\u00e3o Preto-SP e Regi\u00e3o&quot;","block_context":{"text":"Not\u00edcias de Ribeir\u00e3o Preto-SP e Regi\u00e3o","link":"https:\/\/noticiasribeiraopreto.com.br\/index.php\/category\/noticias-de-ribeirao-preto-sp-e-regiao-ismael-colosi\/"},"img":{"alt_text":"","src":"https:\/\/i0.wp.com\/noticiasribeiraopreto.com.br\/wp-content\/uploads\/2024\/10\/1ec65f67-3a36-4d9f-8c68-2764147adf3d_2024-10-10_16-25-29_jpg_2024-10-10_16-25-30.webp.webp?fit=1200%2C600&ssl=1&resize=350%2C200","width":350,"height":200,"srcset":"https:\/\/i0.wp.com\/noticiasribeiraopreto.com.br\/wp-content\/uploads\/2024\/10\/1ec65f67-3a36-4d9f-8c68-2764147adf3d_2024-10-10_16-25-29_jpg_2024-10-10_16-25-30.webp.webp?fit=1200%2C600&ssl=1&resize=350%2C200 1x, https:\/\/i0.wp.com\/noticiasribeiraopreto.com.br\/wp-content\/uploads\/2024\/10\/1ec65f67-3a36-4d9f-8c68-2764147adf3d_2024-10-10_16-25-29_jpg_2024-10-10_16-25-30.webp.webp?fit=1200%2C600&ssl=1&resize=525%2C300 1.5x, https:\/\/i0.wp.com\/noticiasribeiraopreto.com.br\/wp-content\/uploads\/2024\/10\/1ec65f67-3a36-4d9f-8c68-2764147adf3d_2024-10-10_16-25-29_jpg_2024-10-10_16-25-30.webp.webp?fit=1200%2C600&ssl=1&resize=700%2C400 2x, https:\/\/i0.wp.com\/noticiasribeiraopreto.com.br\/wp-content\/uploads\/2024\/10\/1ec65f67-3a36-4d9f-8c68-2764147adf3d_2024-10-10_16-25-29_jpg_2024-10-10_16-25-30.webp.webp?fit=1200%2C600&ssl=1&resize=1050%2C600 3x"},"classes":[]},{"id":66186,"url":"https:\/\/noticiasribeiraopreto.com.br\/index.php\/2025\/03\/28\/evento-gratuito-para-criancas-tem-contacao-de-historias-neste-dia-29-3-em-franca\/","url_meta":{"origin":41813,"position":3},"title":"Evento gratuito para crian\u00e7as tem conta\u00e7\u00e3o de hist\u00f3rias neste dia 29\/3, em Franca","author":"noticiasribeiraopreto.com.br","date":"28 de March de 2025","format":false,"excerpt":"Neste s\u00e1bado, dia 29 de mar\u00e7o, o Franca Shopping ser\u00e1 palco de um evento especial para crian\u00e7as e fam\u00edlias: uma conta\u00e7\u00e3o de hist\u00f3rias gratuita em celebra\u00e7\u00e3o aos 10 anos do projeto Roda Livro, o mesmo respons\u00e1vel pela iniciativa da Geladeiroteca. A a\u00e7\u00e3o busca incentivar a leitura e o encantamento pela\u2026","rel":"","context":"In &quot;Not\u00edcias de Franca-SP&quot;","block_context":{"text":"Not\u00edcias de Franca-SP","link":"https:\/\/noticiasribeiraopreto.com.br\/index.php\/category\/noticias-de-ribeirao-preto-sp-e-regiao-ismael-colosi\/noticias-franca-sp\/"},"img":{"alt_text":"","src":"https:\/\/i0.wp.com\/noticiasribeiraopreto.com.br\/wp-content\/uploads\/2025\/03\/roda-livro-contacao-historias-e1743200075559.png?fit=1200%2C826&ssl=1&resize=350%2C200","width":350,"height":200,"srcset":"https:\/\/i0.wp.com\/noticiasribeiraopreto.com.br\/wp-content\/uploads\/2025\/03\/roda-livro-contacao-historias-e1743200075559.png?fit=1200%2C826&ssl=1&resize=350%2C200 1x, https:\/\/i0.wp.com\/noticiasribeiraopreto.com.br\/wp-content\/uploads\/2025\/03\/roda-livro-contacao-historias-e1743200075559.png?fit=1200%2C826&ssl=1&resize=525%2C300 1.5x, https:\/\/i0.wp.com\/noticiasribeiraopreto.com.br\/wp-content\/uploads\/2025\/03\/roda-livro-contacao-historias-e1743200075559.png?fit=1200%2C826&ssl=1&resize=700%2C400 2x, https:\/\/i0.wp.com\/noticiasribeiraopreto.com.br\/wp-content\/uploads\/2025\/03\/roda-livro-contacao-historias-e1743200075559.png?fit=1200%2C826&ssl=1&resize=1050%2C600 3x"},"classes":[]},{"id":74134,"url":"https:\/\/noticiasribeiraopreto.com.br\/index.php\/2025\/07\/16\/ribeirao-recebe-evento-que-pretende-incentivar-novas-tecnologias-na-area-da-saude\/","url_meta":{"origin":41813,"position":4},"title":"Ribeir\u00e3o recebe evento que pretende incentivar novas tecnologias na \u00e1rea da sa\u00fade","author":"noticiasribeiraopreto.com.br","date":"16 de July de 2025","format":false,"excerpt":"Ribeir\u00e3o Preto recebe nesta quinta-feira (17) o Embrapii Day Sa\u00fade, a partir das 8h30. O evento \u00e9 direcionado \u00e0s empresas do segmento da sa\u00fade que queiram se conectar com as unidades Embrapii (Empresa Brasileira de Pesquisa e Inova\u00e7\u00e3o Industrial). O Embrapii Day Sa\u00fade tem o apoio do Departamento do Complexo\u2026","rel":"","context":"In &quot;Not\u00edcias de Ribeir\u00e3o Preto-SP e Regi\u00e3o&quot;","block_context":{"text":"Not\u00edcias de Ribeir\u00e3o Preto-SP e Regi\u00e3o","link":"https:\/\/noticiasribeiraopreto.com.br\/index.php\/category\/noticias-de-ribeirao-preto-sp-e-regiao-ismael-colosi\/"},"img":{"alt_text":"","src":"https:\/\/i0.wp.com\/noticiasribeiraopreto.com.br\/wp-content\/uploads\/2025\/07\/saude-tecnologia_2025-07-16_16-52-49.webp.webp?fit=1200%2C798&ssl=1&resize=350%2C200","width":350,"height":200,"srcset":"https:\/\/i0.wp.com\/noticiasribeiraopreto.com.br\/wp-content\/uploads\/2025\/07\/saude-tecnologia_2025-07-16_16-52-49.webp.webp?fit=1200%2C798&ssl=1&resize=350%2C200 1x, https:\/\/i0.wp.com\/noticiasribeiraopreto.com.br\/wp-content\/uploads\/2025\/07\/saude-tecnologia_2025-07-16_16-52-49.webp.webp?fit=1200%2C798&ssl=1&resize=525%2C300 1.5x, https:\/\/i0.wp.com\/noticiasribeiraopreto.com.br\/wp-content\/uploads\/2025\/07\/saude-tecnologia_2025-07-16_16-52-49.webp.webp?fit=1200%2C798&ssl=1&resize=700%2C400 2x, https:\/\/i0.wp.com\/noticiasribeiraopreto.com.br\/wp-content\/uploads\/2025\/07\/saude-tecnologia_2025-07-16_16-52-49.webp.webp?fit=1200%2C798&ssl=1&resize=1050%2C600 3x"},"classes":[]},{"id":65002,"url":"https:\/\/noticiasribeiraopreto.com.br\/index.php\/2025\/03\/14\/ribeirao-preto-recebe-evento-gratuito-sobre-gestao-esportiva-veja-como-participar\/","url_meta":{"origin":41813,"position":5},"title":"Ribeir\u00e3o Preto recebe evento gratuito sobre gest\u00e3o esportiva; Veja como participar","author":"noticiasribeiraopreto.com.br","date":"14 de March de 2025","format":false,"excerpt":"O Botafogo Futebol Clube e a FEA-RP (Faculdade de Economia, Administra\u00e7\u00e3o e Contabilidade de Ribeir\u00e3o Preto) da USP (Universidade de S\u00e3o Paulo) realizam na pr\u00f3xima quarta-feira (19) um semin\u00e1rio gratuito sobre gest\u00e3o esportiva, mercado e governan\u00e7a. O evento ser\u00e1 realizado no Anfiteatro Ivo Torres, dentro da USP (Universidade de S\u00e3o\u2026","rel":"","context":"In &quot;Not\u00edcias de Ribeir\u00e3o Preto-SP e Regi\u00e3o&quot;","block_context":{"text":"Not\u00edcias de Ribeir\u00e3o Preto-SP e Regi\u00e3o","link":"https:\/\/noticiasribeiraopreto.com.br\/index.php\/category\/noticias-de-ribeirao-preto-sp-e-regiao-ismael-colosi\/"},"img":{"alt_text":"","src":"https:\/\/i0.wp.com\/noticiasribeiraopreto.com.br\/wp-content\/uploads\/2025\/03\/fea-usp-ribeirao-preto.jpg?fit=1200%2C800&ssl=1&resize=350%2C200","width":350,"height":200,"srcset":"https:\/\/i0.wp.com\/noticiasribeiraopreto.com.br\/wp-content\/uploads\/2025\/03\/fea-usp-ribeirao-preto.jpg?fit=1200%2C800&ssl=1&resize=350%2C200 1x, https:\/\/i0.wp.com\/noticiasribeiraopreto.com.br\/wp-content\/uploads\/2025\/03\/fea-usp-ribeirao-preto.jpg?fit=1200%2C800&ssl=1&resize=525%2C300 1.5x, https:\/\/i0.wp.com\/noticiasribeiraopreto.com.br\/wp-content\/uploads\/2025\/03\/fea-usp-ribeirao-preto.jpg?fit=1200%2C800&ssl=1&resize=700%2C400 2x, https:\/\/i0.wp.com\/noticiasribeiraopreto.com.br\/wp-content\/uploads\/2025\/03\/fea-usp-ribeirao-preto.jpg?fit=1200%2C800&ssl=1&resize=1050%2C600 3x"},"classes":[]}],"jetpack_sharing_enabled":true,"jetpack_shortlink":"https:\/\/wp.me\/peQAOb-aSp","_links":{"self":[{"href":"https:\/\/noticiasribeiraopreto.com.br\/index.php\/wp-json\/wp\/v2\/posts\/41813","targetHints":{"allow":["GET"]}}],"collection":[{"href":"https:\/\/noticiasribeiraopreto.com.br\/index.php\/wp-json\/wp\/v2\/posts"}],"about":[{"href":"https:\/\/noticiasribeiraopreto.com.br\/index.php\/wp-json\/wp\/v2\/types\/post"}],"author":[{"embeddable":true,"href":"https:\/\/noticiasribeiraopreto.com.br\/index.php\/wp-json\/wp\/v2\/users\/1"}],"replies":[{"embeddable":true,"href":"https:\/\/noticiasribeiraopreto.com.br\/index.php\/wp-json\/wp\/v2\/comments?post=41813"}],"version-history":[{"count":0,"href":"https:\/\/noticiasribeiraopreto.com.br\/index.php\/wp-json\/wp\/v2\/posts\/41813\/revisions"}],"wp:featuredmedia":[{"embeddable":true,"href":"https:\/\/noticiasribeiraopreto.com.br\/index.php\/wp-json\/wp\/v2\/media\/41814"}],"wp:attachment":[{"href":"https:\/\/noticiasribeiraopreto.com.br\/index.php\/wp-json\/wp\/v2\/media?parent=41813"}],"wp:term":[{"taxonomy":"category","embeddable":true,"href":"https:\/\/noticiasribeiraopreto.com.br\/index.php\/wp-json\/wp\/v2\/categories?post=41813"},{"taxonomy":"post_tag","embeddable":true,"href":"https:\/\/noticiasribeiraopreto.com.br\/index.php\/wp-json\/wp\/v2\/tags?post=41813"}],"curies":[{"name":"wp","href":"https:\/\/api.w.org\/{rel}","templated":true}]}}