{"id":41817,"date":"2024-03-11T14:17:18","date_gmt":"2024-03-11T17:17:18","guid":{"rendered":"https:\/\/noticiasribeiraopreto.com.br\/index.php\/2024\/03\/11\/abertas-inscricoes-para-concurso-publico-da-usp-veja-as-vagas\/"},"modified":"2024-03-11T14:17:18","modified_gmt":"2024-03-11T17:17:18","slug":"abertas-inscricoes-para-concurso-publico-da-usp-veja-as-vagas","status":"publish","type":"post","link":"https:\/\/noticiasribeiraopreto.com.br\/index.php\/2024\/03\/11\/abertas-inscricoes-para-concurso-publico-da-usp-veja-as-vagas\/","title":{"rendered":"Abertas inscri\u00e7\u00f5es para concurso p\u00fablico da USP; veja as vagas"},"content":{"rendered":"<div class='code-block code-block-1' style='margin: 8px 0 8px auto; text-align: right; display: block; clear: both;'>\n<p><a href=\"https:\/\/wa.link\/vpicfd\"><img data-recalc-dims=\"1\" class=\"wp-image-4922\" style=\"aspect-ratio: 2.0253164556962027; width: 561px; height: auto;\" src=\"https:\/\/i0.wp.com\/ismaelcolosi.com.br\/wp-content\/uploads\/2023\/11\/grupo-de-empregos-whatsapp-e-facebook-ismael-colosi-vagas.jpg?ssl=1\" alt=\"\" \/><\/a><\/p>\n<!-- \/wp:image -->\n<\/div>\n<p> <br \/>\n<\/p>\n<div data-td-block-uid=\"tdi_101\">\n<div class=\"tdb-block-inner td-fix-index\">\n<p>As <strong>inscri\u00e7\u00f5es<\/strong> para os <strong>concursos p\u00fablicos<\/strong> da <strong>USP<\/strong> (Universidade de S\u00e3o Paulo) <strong><span style=\"background-color:#f7cc62\" class=\"td_text_highlight_marker\"><mark style=\"background-color:rgba(0, 0, 0, 0)\" class=\"has-inline-color has-black-color\">abriram ao meio-dia desta segunda-feira (11)<\/mark><\/span><\/strong>. As <strong>oportunidades <\/strong>para os diversos segmentos (<strong>veja abaixo<\/strong>) s\u00e3o para os campi da universidade na <strong>capital<\/strong> e no <strong>interior de S\u00e3o Paulo<\/strong>, incluindo <strong>Ribeir\u00e3o Preto<\/strong> e S\u00e3o Carlos.<\/p>\n<p>Ao todo, s\u00e3o <strong>49 vagas<\/strong> de n\u00edvel superior com<strong> sal\u00e1rios<\/strong> que variam entre <strong>R$ 5,4 mil e R$ 10,2 mil<\/strong>.<\/p>\n<p>Em <strong>Ribeir\u00e3o Preto<\/strong>, as <strong>vagas <\/strong>s\u00e3o para <strong>educador<\/strong> com especialidade em Ci\u00eancias Biol\u00f3gicas e da Sa\u00fade (1 vaga), em Educa\u00e7\u00e3o F\u00edsica (1 vaga) e para pedagogia (2 vagas). <span style=\"background-color:#f7cc62\" class=\"td_text_highlight_marker\"><mark style=\"background-color:rgba(0, 0, 0, 0)\" class=\"has-inline-color has-black-color\">O sal\u00e1rio \u00e9 de R$ 10.231,05.<\/mark><\/span><\/p>\n<p>Os interessados podem se <strong>inscrever at\u00e9 o dia11 de abril <\/strong>no <a href=\"https:\/\/www.fuvest.br\/\" target=\"_blank\" rel=\"noreferrer noopener nofollow\">site da Fuvest<\/a>. Os <strong>valores<\/strong> das <strong>taxas<\/strong> de <strong>inscri\u00e7\u00e3o <\/strong>v\u00e3o de R$ 158,90 a R$ 227,78.<\/p>\n<p>Os <strong>concursos<\/strong> ser\u00e3o compostos por <strong>prova dissertativa<\/strong>, em 26 de abril, e <strong>prova pr\u00e1tica<\/strong> e <strong>argui\u00e7\u00e3o de memoriais<\/strong>, entre 3 e 7 de junho. <\/p>\n<p>As <strong>fun\u00e7\u00f5es<\/strong> ser\u00e3o preenchidas sob o <strong>regime<\/strong> da <strong>CLT<\/strong>. <\/p>\n<h4 class=\"wp-block-heading\"><strong>Veja as vagas dispon\u00edveis e os sal\u00e1rios<\/strong><\/h4>\n<ul>\n<li>Segundo solista com especialidade em trompa \u2013 R$ 10.231,05<\/li>\n<li>Secret\u00e1rio para USP S\u00e3o Carlos \u2013 R$ 5.440,92<\/li>\n<li>Nutricionista \u2013 R$ 10.231,05<\/li>\n<li>M\u00e9dico veterin\u00e1rio \u2013 R$ 10.231,05<\/li>\n<li>Especialista em pesquisa e apoio de museu \u2013 R$ 10.231,05<\/li>\n<li>Especialista em coopera\u00e7\u00e3o e extens\u00e3o universit\u00e1ria \u2013 R$ 10.231,05<\/li>\n<li>Engenheiros eletricistas \u2013 R$ 10.231,05 <\/li>\n<li>Educadores \u2013 R$ 10.231,05 <\/li>\n<li>Bibliotec\u00e1rios \u2013 R$ 10.231,05 <\/li>\n<li>Analistas de comunica\u00e7\u00e3o \u2013 R$ R$ 10.231,05<\/li>\n<\/ul>\n<p>SAIBA MAIS<br \/>Piloto de Ribeir\u00e3o leva Bon Jovi para andar de carro na Indy; Veja o v\u00eddeo<\/p>\n<h4 class=\"wp-block-heading\"><strong>FIQUE ON<\/strong><\/h4>\n<p>Fique ligado em tudo que acontece em Ribeir\u00e3o Preto e regi\u00e3o. Siga os perfis do\u00a0<strong>acidade on\u00a0<\/strong>no<a href=\"https:\/\/www.instagram.com\/acidadeonribeirao\" target=\"_blank\" rel=\"noreferrer noopener\">\u00a0Instagram<\/a>\u00a0e no\u00a0<a href=\"https:\/\/www.facebook.com\/acidadeonribeirao\" target=\"_blank\" rel=\"noreferrer noopener\">Facebook<\/a>.<\/p>\n<p>Receba not\u00edcias do<strong>\u00a0acidade on\u00a0<\/strong>no WhatsApp.\u00a0<a href=\"https:\/\/chat.whatsapp.com\/Bnv2w66ZT4VDyZW3oiZ69n\" target=\"_blank\" rel=\"noreferrer noopener\">Para entrar no grupo, basta clicar aqui.<\/a><\/p>\n<p>Fa\u00e7a uma den\u00fancia ou sugira uma reportagem sobre Ribeir\u00e3o Preto e regi\u00e3o pelo WhatsApp: 16 99117 7802.<\/p>\n<p>VEJA TAMB\u00c9M<br \/>Olimp\u00edadas 2024: Brasil ter\u00e1 mais atletas mulheres que homens pela primeira vez<\/p>\n<p><!-- AI CONTENT END 1 -->\n<\/div>\n<\/div>\n<p><script async src=\"\/\/www.instagram.com\/embed.js\"><\/script><br \/>\n<br \/><br \/>\n<br \/><a href=\"https:\/\/www.acidadeon.com\/ribeiraopreto\/economia\/abertas-inscricoes-para-concurso-publico-da-usp-veja-as-vagas\/\">Source link <\/a><\/p>\n<!-- CONTENT END 1 -->\n","protected":false},"excerpt":{"rendered":"<p>As inscri\u00e7\u00f5es para os concursos p\u00fablicos da USP (Universidade de S\u00e3o Paulo) abriram ao meio-dia desta segunda-feira (11). As oportunidades para os diversos segmentos (veja&#8230;<\/p>\n","protected":false},"author":1,"featured_media":41818,"comment_status":"open","ping_status":"open","sticky":false,"template":"","format":"standard","meta":{"advanced_seo_description":"","jetpack_seo_html_title":"","jetpack_seo_noindex":false,"jetpack_post_was_ever_published":false,"_jetpack_newsletter_access":"","_jetpack_dont_email_post_to_subs":false,"_jetpack_newsletter_tier_id":0,"_jetpack_memberships_contains_paywalled_content":false,"_jetpack_memberships_contains_paid_content":false,"footnotes":"","jetpack_publicize_message":"","jetpack_publicize_feature_enabled":true,"jetpack_social_post_already_shared":true,"jetpack_social_options":{"image_generator_settings":{"template":"highway","default_image_id":0,"font":"","enabled":false},"version":2}},"categories":[11],"tags":[],"class_list":["post-41817","post","type-post","status-publish","format-standard","has-post-thumbnail","hentry","category-noticias-de-ribeirao-preto-sp-e-regiao-ismael-colosi"],"jetpack_publicize_connections":[],"jetpack_featured_media_url":"https:\/\/i0.wp.com\/noticiasribeiraopreto.com.br\/wp-content\/uploads\/2024\/03\/3-4.jpg?fit=1200%2C675&ssl=1","jetpack-related-posts":[{"id":12648,"url":"https:\/\/noticiasribeiraopreto.com.br\/index.php\/2023\/12\/08\/usp-tem-34-vagas-em-concurso-publico-com-salarios-de-r-10-mil\/","url_meta":{"origin":41817,"position":0},"title":"USP tem 34 vagas em concurso p\u00fablico com sal\u00e1rios de R$ 10 mil","author":"noticiasribeiraopreto.com.br","date":"8 de December de 2023","format":false,"excerpt":"A USP (Universidade de S\u00e3o Paulo) publicou 18 editais de concurso p\u00fablico com 34 vagas para diversas especialidades com sal\u00e1rios de R$ 10.231,05. As vagas s\u00e3o para os campi da universidade em S\u00e3o Paulo, Ribeir\u00e3o Preto e Pirassununga. As inscri\u00e7\u00f5es para o concurso p\u00fablico da USP devem ser realizadas no\u2026","rel":"","context":"In &quot;Not\u00edcias de Ribeir\u00e3o Preto-SP e Regi\u00e3o&quot;","block_context":{"text":"Not\u00edcias de Ribeir\u00e3o Preto-SP e Regi\u00e3o","link":"https:\/\/noticiasribeiraopreto.com.br\/index.php\/category\/noticias-de-ribeirao-preto-sp-e-regiao-ismael-colosi\/"},"img":{"alt_text":"","src":"https:\/\/i0.wp.com\/noticiasribeiraopreto.com.br\/wp-content\/uploads\/2023\/12\/1702047750_usp_ribeirao_500x320_26072019111611.jpg?fit=500%2C322&ssl=1&resize=350%2C200","width":350,"height":200},"classes":[]},{"id":74810,"url":"https:\/\/noticiasribeiraopreto.com.br\/index.php\/2025\/07\/29\/usp-abre-concurso-publico-com-12-vagas-e-salarios-de-r-6-mil-saiba-como-participar\/","url_meta":{"origin":41817,"position":1},"title":"USP abre concurso p\u00fablico com 12 vagas e sal\u00e1rios de R$ 6 mil; Saiba como participar","author":"noticiasribeiraopreto.com.br","date":"29 de July de 2025","format":false,"excerpt":"A USP (Universidade de S\u00e3o Paulo) publicou edital de concurso p\u00fablico com 12 vagas para o cargo de t\u00e9cnico de laborat\u00f3rio (especialidade: qu\u00edmica). Os sal\u00e1rios s\u00e3o de R$ 6.027,72 e as oportunidades s\u00e3o para quatro campi da USP, incluindo Ribeir\u00e3o Preto. As inscri\u00e7\u00f5es devem ser realizadas no site da Fuvest\u2026","rel":"","context":"In &quot;Not\u00edcias de Ribeir\u00e3o Preto-SP e Regi\u00e3o&quot;","block_context":{"text":"Not\u00edcias de Ribeir\u00e3o Preto-SP e Regi\u00e3o","link":"https:\/\/noticiasribeiraopreto.com.br\/index.php\/category\/noticias-de-ribeirao-preto-sp-e-regiao-ismael-colosi\/"},"img":{"alt_text":"","src":"https:\/\/i0.wp.com\/noticiasribeiraopreto.com.br\/wp-content\/uploads\/2025\/07\/concurso-publico_2025-07-09_13-50-45.webp.webp?fit=1200%2C798&ssl=1&resize=350%2C200","width":350,"height":200,"srcset":"https:\/\/i0.wp.com\/noticiasribeiraopreto.com.br\/wp-content\/uploads\/2025\/07\/concurso-publico_2025-07-09_13-50-45.webp.webp?fit=1200%2C798&ssl=1&resize=350%2C200 1x, https:\/\/i0.wp.com\/noticiasribeiraopreto.com.br\/wp-content\/uploads\/2025\/07\/concurso-publico_2025-07-09_13-50-45.webp.webp?fit=1200%2C798&ssl=1&resize=525%2C300 1.5x, https:\/\/i0.wp.com\/noticiasribeiraopreto.com.br\/wp-content\/uploads\/2025\/07\/concurso-publico_2025-07-09_13-50-45.webp.webp?fit=1200%2C798&ssl=1&resize=700%2C400 2x, https:\/\/i0.wp.com\/noticiasribeiraopreto.com.br\/wp-content\/uploads\/2025\/07\/concurso-publico_2025-07-09_13-50-45.webp.webp?fit=1200%2C798&ssl=1&resize=1050%2C600 3x"},"classes":[]},{"id":74731,"url":"https:\/\/noticiasribeiraopreto.com.br\/index.php\/2025\/07\/28\/usp-abre-concurso-publico-com-vagas-em-ribeirao-preto-veja-como-participar\/","url_meta":{"origin":41817,"position":2},"title":"USP abre concurso p\u00fablico com vagas em Ribeir\u00e3o Preto; Veja como participar","author":"noticiasribeiraopreto.com.br","date":"28 de July de 2025","format":false,"excerpt":"A USP (Universidade de S\u00e3o Paulo) publicou tr\u00eas editais de concurso p\u00fablico no Di\u00e1rio Oficial do Estado desta segunda-feira (28). Ao todo, s\u00e3o tr\u00eas vagas dispon\u00edveis, sendo duas para Ribeir\u00e3o Preto e outra para S\u00e3o Paulo. Os sal\u00e1rios para os tr\u00eas cargos s\u00e3o de R$ 11.334,47. Veja as vagas Ribeir\u00e3o\u2026","rel":"","context":"In &quot;Not\u00edcias de Ribeir\u00e3o Preto-SP e Regi\u00e3o&quot;","block_context":{"text":"Not\u00edcias de Ribeir\u00e3o Preto-SP e Regi\u00e3o","link":"https:\/\/noticiasribeiraopreto.com.br\/index.php\/category\/noticias-de-ribeirao-preto-sp-e-regiao-ismael-colosi\/"},"img":{"alt_text":"","src":"https:\/\/i0.wp.com\/noticiasribeiraopreto.com.br\/wp-content\/uploads\/2025\/07\/21_2025-01-02_15-54-47_jpg_2025-01-02_15-54-47.webp.webp?fit=1200%2C767&ssl=1&resize=350%2C200","width":350,"height":200,"srcset":"https:\/\/i0.wp.com\/noticiasribeiraopreto.com.br\/wp-content\/uploads\/2025\/07\/21_2025-01-02_15-54-47_jpg_2025-01-02_15-54-47.webp.webp?fit=1200%2C767&ssl=1&resize=350%2C200 1x, https:\/\/i0.wp.com\/noticiasribeiraopreto.com.br\/wp-content\/uploads\/2025\/07\/21_2025-01-02_15-54-47_jpg_2025-01-02_15-54-47.webp.webp?fit=1200%2C767&ssl=1&resize=525%2C300 1.5x, https:\/\/i0.wp.com\/noticiasribeiraopreto.com.br\/wp-content\/uploads\/2025\/07\/21_2025-01-02_15-54-47_jpg_2025-01-02_15-54-47.webp.webp?fit=1200%2C767&ssl=1&resize=700%2C400 2x, https:\/\/i0.wp.com\/noticiasribeiraopreto.com.br\/wp-content\/uploads\/2025\/07\/21_2025-01-02_15-54-47_jpg_2025-01-02_15-54-47.webp.webp?fit=1200%2C767&ssl=1&resize=1050%2C600 3x"},"classes":[]},{"id":41627,"url":"https:\/\/noticiasribeiraopreto.com.br\/index.php\/2024\/03\/09\/veja-5-concursos-publicos-com-vagas-em-ribeirao-e-outras-cidades-do-interior-de-sp\/","url_meta":{"origin":41817,"position":3},"title":"Veja 5 concursos p\u00fablicos com vagas em Ribeir\u00e3o e outras cidades do interior de SP","author":"noticiasribeiraopreto.com.br","date":"9 de March de 2024","format":false,"excerpt":"Cinco concursos p\u00fablicos oferecem vagas em Ribeir\u00e3o Preto e outras cidades do interior de S\u00e3o Paulo. H\u00e1 oportunidades com sal\u00e1rios de at\u00e9 R$ 14 mil. Confira a lista: 1 \u2013 Universidade de S\u00e3o Paulo O concurso p\u00fablico\u00a0da\u00a0USP (Universidade de S\u00e3o Paulo)\u00a0com 49 vagas de n\u00edvel superior\u00a0inicia as inscri\u00e7\u00f5es a partir\u2026","rel":"","context":"In &quot;Not\u00edcias de Ribeir\u00e3o Preto-SP e Regi\u00e3o&quot;","block_context":{"text":"Not\u00edcias de Ribeir\u00e3o Preto-SP e Regi\u00e3o","link":"https:\/\/noticiasribeiraopreto.com.br\/index.php\/category\/noticias-de-ribeirao-preto-sp-e-regiao-ismael-colosi\/"},"img":{"alt_text":"","src":"https:\/\/i0.wp.com\/noticiasribeiraopreto.com.br\/wp-content\/uploads\/2024\/03\/concurso-publico-11.jpg?fit=1200%2C801&ssl=1&resize=350%2C200","width":350,"height":200,"srcset":"https:\/\/i0.wp.com\/noticiasribeiraopreto.com.br\/wp-content\/uploads\/2024\/03\/concurso-publico-11.jpg?fit=1200%2C801&ssl=1&resize=350%2C200 1x, https:\/\/i0.wp.com\/noticiasribeiraopreto.com.br\/wp-content\/uploads\/2024\/03\/concurso-publico-11.jpg?fit=1200%2C801&ssl=1&resize=525%2C300 1.5x, https:\/\/i0.wp.com\/noticiasribeiraopreto.com.br\/wp-content\/uploads\/2024\/03\/concurso-publico-11.jpg?fit=1200%2C801&ssl=1&resize=700%2C400 2x, https:\/\/i0.wp.com\/noticiasribeiraopreto.com.br\/wp-content\/uploads\/2024\/03\/concurso-publico-11.jpg?fit=1200%2C801&ssl=1&resize=1050%2C600 3x"},"classes":[]},{"id":58248,"url":"https:\/\/noticiasribeiraopreto.com.br\/index.php\/2024\/09\/22\/veja-sete-concursos-publicos-com-mais-de-200-vagas-no-interior-de-sp\/","url_meta":{"origin":41817,"position":4},"title":"Veja sete concursos p\u00fablicos com mais de 200 vagas no interior de SP","author":"noticiasribeiraopreto.com.br","date":"22 de September de 2024","format":false,"excerpt":"Voc\u00ea procura por uma oportunidade de emprego no servi\u00e7o p\u00fablico? O acidade on Ribeir\u00e3o separou uma lista com sete concursos p\u00fablico que t\u00eam, somados, mais de 200 vagas dispon\u00edveis no interior de S\u00e3o Paulo. As vagas nos concursos p\u00fablicos s\u00e3o de n\u00edvel fundamental, m\u00e9dio, t\u00e9cnico e superior com sal\u00e1rios de\u2026","rel":"","context":"In &quot;Not\u00edcias de Ribeir\u00e3o Preto-SP e Regi\u00e3o&quot;","block_context":{"text":"Not\u00edcias de Ribeir\u00e3o Preto-SP e Regi\u00e3o","link":"https:\/\/noticiasribeiraopreto.com.br\/index.php\/category\/noticias-de-ribeirao-preto-sp-e-regiao-ismael-colosi\/"},"img":{"alt_text":"","src":"https:\/\/i0.wp.com\/noticiasribeiraopreto.com.br\/wp-content\/uploads\/2024\/05\/Copia-de-Copia-de-TAMANHO-EXATO-PARA-FOTOS-NO-SISTEMA-NOVO-33_2024-05-23_13-39-05_jpg_2024-05-23_13-39-05.webp.webp?fit=1200%2C675&ssl=1&resize=350%2C200","width":350,"height":200,"srcset":"https:\/\/i0.wp.com\/noticiasribeiraopreto.com.br\/wp-content\/uploads\/2024\/05\/Copia-de-Copia-de-TAMANHO-EXATO-PARA-FOTOS-NO-SISTEMA-NOVO-33_2024-05-23_13-39-05_jpg_2024-05-23_13-39-05.webp.webp?fit=1200%2C675&ssl=1&resize=350%2C200 1x, https:\/\/i0.wp.com\/noticiasribeiraopreto.com.br\/wp-content\/uploads\/2024\/05\/Copia-de-Copia-de-TAMANHO-EXATO-PARA-FOTOS-NO-SISTEMA-NOVO-33_2024-05-23_13-39-05_jpg_2024-05-23_13-39-05.webp.webp?fit=1200%2C675&ssl=1&resize=525%2C300 1.5x, https:\/\/i0.wp.com\/noticiasribeiraopreto.com.br\/wp-content\/uploads\/2024\/05\/Copia-de-Copia-de-TAMANHO-EXATO-PARA-FOTOS-NO-SISTEMA-NOVO-33_2024-05-23_13-39-05_jpg_2024-05-23_13-39-05.webp.webp?fit=1200%2C675&ssl=1&resize=700%2C400 2x, https:\/\/i0.wp.com\/noticiasribeiraopreto.com.br\/wp-content\/uploads\/2024\/05\/Copia-de-Copia-de-TAMANHO-EXATO-PARA-FOTOS-NO-SISTEMA-NOVO-33_2024-05-23_13-39-05_jpg_2024-05-23_13-39-05.webp.webp?fit=1200%2C675&ssl=1&resize=1050%2C600 3x"},"classes":[]},{"id":39632,"url":"https:\/\/noticiasribeiraopreto.com.br\/index.php\/2024\/02\/27\/veja-cinco-concursos-publicos-com-vagas-abertas-em-ribeirao-preto-e-regiao\/","url_meta":{"origin":41817,"position":5},"title":"Veja cinco concursos p\u00fablicos com vagas abertas em Ribeir\u00e3o Preto e regi\u00e3o","author":"noticiasribeiraopreto.com.br","date":"27 de February de 2024","format":false,"excerpt":"Os interessados em concorrer a uma vaga de concurso p\u00fablico contam com cinco processos seletivos dispon\u00edveis em Ribeir\u00e3o Preto e regi\u00e3o. Ao todo, s\u00e3o 87 vagas com sal\u00e1rios que podem chegar a R$ 10,2 mil. Confira os concursos p\u00fablicos: USP de Ribeir\u00e3o Preto A USP (Universidade de S\u00e3o Paulo) abriu\u2026","rel":"","context":"In &quot;Not\u00edcias de Ribeir\u00e3o Preto-SP e Regi\u00e3o&quot;","block_context":{"text":"Not\u00edcias de Ribeir\u00e3o Preto-SP e Regi\u00e3o","link":"https:\/\/noticiasribeiraopreto.com.br\/index.php\/category\/noticias-de-ribeirao-preto-sp-e-regiao-ismael-colosi\/"},"img":{"alt_text":"","src":"https:\/\/i0.wp.com\/noticiasribeiraopreto.com.br\/wp-content\/uploads\/2024\/02\/1709045486_concurso-publico-nacional-unificado-cesgranrio.jpg?fit=1200%2C798&ssl=1&resize=350%2C200","width":350,"height":200,"srcset":"https:\/\/i0.wp.com\/noticiasribeiraopreto.com.br\/wp-content\/uploads\/2024\/02\/1709045486_concurso-publico-nacional-unificado-cesgranrio.jpg?fit=1200%2C798&ssl=1&resize=350%2C200 1x, https:\/\/i0.wp.com\/noticiasribeiraopreto.com.br\/wp-content\/uploads\/2024\/02\/1709045486_concurso-publico-nacional-unificado-cesgranrio.jpg?fit=1200%2C798&ssl=1&resize=525%2C300 1.5x, https:\/\/i0.wp.com\/noticiasribeiraopreto.com.br\/wp-content\/uploads\/2024\/02\/1709045486_concurso-publico-nacional-unificado-cesgranrio.jpg?fit=1200%2C798&ssl=1&resize=700%2C400 2x, https:\/\/i0.wp.com\/noticiasribeiraopreto.com.br\/wp-content\/uploads\/2024\/02\/1709045486_concurso-publico-nacional-unificado-cesgranrio.jpg?fit=1200%2C798&ssl=1&resize=1050%2C600 3x"},"classes":[]}],"jetpack_sharing_enabled":true,"jetpack_shortlink":"https:\/\/wp.me\/peQAOb-aSt","_links":{"self":[{"href":"https:\/\/noticiasribeiraopreto.com.br\/index.php\/wp-json\/wp\/v2\/posts\/41817","targetHints":{"allow":["GET"]}}],"collection":[{"href":"https:\/\/noticiasribeiraopreto.com.br\/index.php\/wp-json\/wp\/v2\/posts"}],"about":[{"href":"https:\/\/noticiasribeiraopreto.com.br\/index.php\/wp-json\/wp\/v2\/types\/post"}],"author":[{"embeddable":true,"href":"https:\/\/noticiasribeiraopreto.com.br\/index.php\/wp-json\/wp\/v2\/users\/1"}],"replies":[{"embeddable":true,"href":"https:\/\/noticiasribeiraopreto.com.br\/index.php\/wp-json\/wp\/v2\/comments?post=41817"}],"version-history":[{"count":0,"href":"https:\/\/noticiasribeiraopreto.com.br\/index.php\/wp-json\/wp\/v2\/posts\/41817\/revisions"}],"wp:featuredmedia":[{"embeddable":true,"href":"https:\/\/noticiasribeiraopreto.com.br\/index.php\/wp-json\/wp\/v2\/media\/41818"}],"wp:attachment":[{"href":"https:\/\/noticiasribeiraopreto.com.br\/index.php\/wp-json\/wp\/v2\/media?parent=41817"}],"wp:term":[{"taxonomy":"category","embeddable":true,"href":"https:\/\/noticiasribeiraopreto.com.br\/index.php\/wp-json\/wp\/v2\/categories?post=41817"},{"taxonomy":"post_tag","embeddable":true,"href":"https:\/\/noticiasribeiraopreto.com.br\/index.php\/wp-json\/wp\/v2\/tags?post=41817"}],"curies":[{"name":"wp","href":"https:\/\/api.w.org\/{rel}","templated":true}]}}