{"id":41819,"date":"2024-03-11T14:41:21","date_gmt":"2024-03-11T17:41:21","guid":{"rendered":"https:\/\/noticiasribeiraopreto.com.br\/index.php\/2024\/03\/11\/pesquisa-avalia-sequelas-da-covid-19-na-populacao-brasileira\/"},"modified":"2024-03-11T14:41:21","modified_gmt":"2024-03-11T17:41:21","slug":"pesquisa-avalia-sequelas-da-covid-19-na-populacao-brasileira","status":"publish","type":"post","link":"https:\/\/noticiasribeiraopreto.com.br\/index.php\/2024\/03\/11\/pesquisa-avalia-sequelas-da-covid-19-na-populacao-brasileira\/","title":{"rendered":"Pesquisa avalia sequelas da covid-19 na popula\u00e7\u00e3o brasileira"},"content":{"rendered":"<div class='code-block code-block-1' style='margin: 8px 0 8px auto; text-align: right; display: block; clear: both;'>\n<p><a href=\"https:\/\/wa.link\/vpicfd\"><img data-recalc-dims=\"1\" class=\"wp-image-4922\" style=\"aspect-ratio: 2.0253164556962027; width: 561px; height: auto;\" src=\"https:\/\/i0.wp.com\/ismaelcolosi.com.br\/wp-content\/uploads\/2023\/11\/grupo-de-empregos-whatsapp-e-facebook-ismael-colosi-vagas.jpg?ssl=1\" alt=\"\" \/><\/a><\/p>\n<!-- \/wp:image -->\n<\/div>\n<p> <br \/>\n<\/p>\n<div>\n<p>O Minist\u00e9rio da Sa\u00fade iniciou nesta segunda-feira\u00a0 a segunda fase da coleta de dados de um estudo de base populacional sobre a covid-19 no Brasil. Durante o m\u00eas de mar\u00e7o, ser\u00e3o realizadas visitas domiciliares a 33.250 pessoas que tiveram a doen\u00e7a e que residem em 133 munic\u00edpios brasileiros. O objetivo, segundo a pasta, \u00e9 levantar dados para subsidiar a cria\u00e7\u00e3o de pol\u00edticas p\u00fablicas direcionadas ao tratamento das chamadas condi\u00e7\u00f5es p\u00f3s-covid ou covid longa, classificadas como sequelas da doen\u00e7a.<noscript><img data-recalc-dims=\"1\" decoding=\"async\" src=\"https:\/\/i0.wp.com\/agenciabrasil.ebc.com.br\/ebc.png?ssl=1\"\/><\/noscript><img data-recalc-dims=\"1\" decoding=\"async\" src=\"https:\/\/i0.wp.com\/agenciabrasil.ebc.com.br\/ebc.gif?ssl=1\" class=\"lazyload\"\/><noscript><img data-recalc-dims=\"1\" decoding=\"async\" src=\"https:\/\/i0.wp.com\/agenciabrasil.ebc.com.br\/ebc.gif?ssl=1\"\/><\/noscript><\/p>\n<p>O estudo, denominado Epicovid 2.0: Inqu\u00e9rito nacional para avalia\u00e7\u00e3o da real dimens\u00e3o da pandemia de Covid-19 no Brasil, \u00e9 coordenado pela Secretaria de Vigil\u00e2ncia em Sa\u00fade e Ambiente e encomendado \u00e0 Universidade Federal de Pelotas. Em nota, o minist\u00e9rio destacou, at\u00e9 o momento, n\u00e3o existem estimativas nacionais sobre o impacto da doen\u00e7a a longo prazo. Dados da Organiza\u00e7\u00e3o Mundial da Sa\u00fade (OMS) apontam que 20% das pessoas infectadas, independentemente da gravidade do quadro, desenvolvem condi\u00e7\u00f5es p\u00f3s-covid.<\/p>\n<p>A expectativa do minist\u00e9rio \u00e9 que o per\u00edodo de coleta dos dados dure entre 15 e 20 dias. A pesquisa usar\u00e1 informa\u00e7\u00f5es de 250 cidad\u00e3os de cada um dos munic\u00edpios selecionados que j\u00e1 fizeram parte das quatro rodadas anteriores do trabalho cient\u00edfico, em 2020 e 2021. Para isso, equipes de entrevistadores visitar\u00e3o as resid\u00eancias para ouvir os moradores sobre quest\u00f5es centradas em pontos como vacina\u00e7\u00e3o, hist\u00f3rico de infec\u00e7\u00e3o, sintomas de longa dura\u00e7\u00e3o e efeitos da doen\u00e7a sobre o cotidiano.<\/p>\n<p>\u201cTodos os participantes ser\u00e3o selecionados de forma aleat\u00f3ria, por sorteio. Somente uma pessoa por resid\u00eancia responder\u00e1 ao question\u00e1rio\u201d, destacou a pasta, ao citar que, diferentemente das primeiras etapas do estudo, na fase atual, n\u00e3o haver\u00e1 qualquer tipo de coleta de sangue ou outro teste de covid. Tamb\u00e9m participam da pesquisa a Universidade Cat\u00f3lica de Pelotas, a Universidade Federal de Ci\u00eancias da Sa\u00fade de Porto Alegre, a Funda\u00e7\u00e3o Oswaldo Cruz (Fiocruz) e a Funda\u00e7\u00e3o Get\u00falio Vargas (FGV).<\/p>\n<h2><span style=\"font-size: 12pt\"><strong>Entrevistadores identificados<\/strong><\/span><\/h2>\n<p>Todas as entrevistas ser\u00e3o realizadas pela empresa LGA Assessoria Empresarial, contratada pelo minist\u00e9rio. \u201cOs profissionais que far\u00e3o o contato direto com os moradores para a coleta dos dados receberam treinamento e estar\u00e3o devidamente identificados com crach\u00e1s da empresa e coletes brancos com as marcas da UFPel, da Funda\u00e7\u00e3o Delfim Mendes Silveira (FDMS) e da LGA\u201d, destacou a pasta.<\/p>\n<p>Para auxiliar com o processo de divulga\u00e7\u00e3o e esclarecimento da popula\u00e7\u00e3o, as prefeituras das 133 cidades envolvidas no estudo foram comunicadas do trabalho \u2013 por meio de suas secretarias municipais de Sa\u00fade \u2013 e participaram de reuni\u00e3o online com o epidemiologista Pedro Halla, coordenador da pesquisa, e integrantes do minist\u00e9rio. A orienta\u00e7\u00e3o \u00e9 que, em caso de d\u00favidas, os moradores entrem em contato com as prefeituras.<\/p>\n<p>A empresa LGA tamb\u00e9m pode ser acionada atrav\u00e9s dos telefones (31) 3335-1777 e (31) 99351-2430. Informa\u00e7\u00f5es sobre o Epicovid 2.0 tamb\u00e9m est\u00e3o dispon\u00edveis nos\u00a0<em>sites<\/em>\u00a0do Minist\u00e9rio da Sa\u00fade e da Universidade Federal de Pelotas.<\/p>\n<h2><span style=\"font-size: 12pt\"><strong>Primeiras fases<\/strong><\/span><\/h2>\n<p>Entre 2020 e 2021, o Epicovid-19 serviu para tra\u00e7ar um retrato da pandemia que auxiliou cientistas e autoridades em sa\u00fade p\u00fablica a compreender melhor os efeitos e a dissemina\u00e7\u00e3o do v\u00edrus no Brasil. Entre as principais conclus\u00f5es, o estudo apontou que a quantidade de pessoas infectadas naquele momento era tr\u00eas vezes maior que os dados oficiais, com os 20% mais pobres tendo o dobro de risco de infec\u00e7\u00e3o em rela\u00e7\u00e3o aos 20% mais ricos.<\/p>\n<h2><span style=\"font-size: 12pt\"><strong>Memorial<\/strong><\/span><\/h2>\n<p>Em 11 de mar\u00e7o de 2020, a Organiza\u00e7\u00e3o Mundial da Sa\u00fade (OMS) classificava o cen\u00e1rio de covid-19 no mundo como uma pandemia. Quatro anos depois, tamb\u00e9m nesta segunda-feira, o Minist\u00e9rio da Sa\u00fade anunciou a cria\u00e7\u00e3o de um memorial \u00e0s v\u00edtimas da doen\u00e7a que matou 710 mil brasileiros. O local escolhido, de acordo com a ministra da Sa\u00fade, N\u00edsia Trindade, \u00e9 o Centro Cultural do Minist\u00e9rio da Sa\u00fade no Rio de Janeiro.<\/p>\n<p>\u201cAo falarmos de um memorial e de uma pol\u00edtica de mem\u00f3ria, porque \u00e9 isso que estamos propondo, n\u00e3o circunscrevemos a pandemia de covid-19 ao passado. Como todas as reflex\u00f5es sobre mem\u00f3ria, sabemos do componente presente, pol\u00edtico, das a\u00e7\u00f5es de mem\u00f3ria. E, ao mesmo tempo, lembramos que, a despeito de termos superado a emerg\u00eancia sanit\u00e1ria, n\u00f3s n\u00e3o superamos a covid-19 como problema de sa\u00fade p\u00fablica\u201d.<\/p>\n<\/div>\n<p><br \/>\n<br \/><a href=\"https:\/\/www.tribunaribeirao.com.br\/site\/pesquisa-avalia-sequelas-da-covid-19-na-populacao-brasileira\/\">Source link <\/a><\/p>\n<!-- CONTENT END 1 -->\n","protected":false},"excerpt":{"rendered":"<p>O Minist\u00e9rio da Sa\u00fade iniciou nesta segunda-feira\u00a0 a segunda fase da coleta de dados de um estudo de base populacional sobre a covid-19 no Brasil&#8230;.<\/p>\n","protected":false},"author":1,"featured_media":41820,"comment_status":"open","ping_status":"open","sticky":false,"template":"","format":"standard","meta":{"advanced_seo_description":"","jetpack_seo_html_title":"","jetpack_seo_noindex":false,"jetpack_post_was_ever_published":false,"_jetpack_newsletter_access":"","_jetpack_dont_email_post_to_subs":false,"_jetpack_newsletter_tier_id":0,"_jetpack_memberships_contains_paywalled_content":false,"_jetpack_memberships_contains_paid_content":false,"footnotes":"","jetpack_publicize_message":"","jetpack_publicize_feature_enabled":true,"jetpack_social_post_already_shared":true,"jetpack_social_options":{"image_generator_settings":{"template":"highway","default_image_id":0,"font":"","enabled":false},"version":2}},"categories":[11],"tags":[4930,743,1947,99,1525,4931],"class_list":["post-41819","post","type-post","status-publish","format-standard","has-post-thumbnail","hentry","category-noticias-de-ribeirao-preto-sp-e-regiao-ismael-colosi","tag-avalia","tag-brasileira","tag-covid19","tag-pesquisa","tag-populacao","tag-sequelas"],"jetpack_publicize_connections":[],"jetpack_featured_media_url":"https:\/\/i0.wp.com\/noticiasribeiraopreto.com.br\/wp-content\/uploads\/2024\/03\/5b54467c-91dd-43f2-a400-873329137bb1.jpg?fit=650%2C322&ssl=1","jetpack-related-posts":[{"id":42590,"url":"https:\/\/noticiasribeiraopreto.com.br\/index.php\/2024\/03\/15\/ribeirao-preto-participa-de-pesquisa-sobre-as-sequelas-da-covid-19\/","url_meta":{"origin":41819,"position":0},"title":"Ribeir\u00e3o Preto participa de pesquisa sobre as sequelas da covid-19","author":"noticiasribeiraopreto.com.br","date":"15 de March de 2024","format":false,"excerpt":"Ribeir\u00e3o Preto est\u00e1 entre as 11 cidades do estado de S\u00e3o Paulo que participa da segunda etapa da Epicovid 2.0, uma pesquisa nacional sobre as sequelas da covid-19. A coleta de dados teve in\u00edcio no dia 11 e segue durante todo o m\u00eas. Ao todo, ser\u00e3o realizadas visitas domiciliares a\u2026","rel":"","context":"In &quot;Not\u00edcias de Ribeir\u00e3o Preto-SP e Regi\u00e3o&quot;","block_context":{"text":"Not\u00edcias de Ribeir\u00e3o Preto-SP e Regi\u00e3o","link":"https:\/\/noticiasribeiraopreto.com.br\/index.php\/category\/noticias-de-ribeirao-preto-sp-e-regiao-ismael-colosi\/"},"img":{"alt_text":"","src":"https:\/\/i0.wp.com\/noticiasribeiraopreto.com.br\/wp-content\/uploads\/2024\/03\/teste-covid-2.jpg?fit=1200%2C800&ssl=1&resize=350%2C200","width":350,"height":200,"srcset":"https:\/\/i0.wp.com\/noticiasribeiraopreto.com.br\/wp-content\/uploads\/2024\/03\/teste-covid-2.jpg?fit=1200%2C800&ssl=1&resize=350%2C200 1x, https:\/\/i0.wp.com\/noticiasribeiraopreto.com.br\/wp-content\/uploads\/2024\/03\/teste-covid-2.jpg?fit=1200%2C800&ssl=1&resize=525%2C300 1.5x, https:\/\/i0.wp.com\/noticiasribeiraopreto.com.br\/wp-content\/uploads\/2024\/03\/teste-covid-2.jpg?fit=1200%2C800&ssl=1&resize=700%2C400 2x, https:\/\/i0.wp.com\/noticiasribeiraopreto.com.br\/wp-content\/uploads\/2024\/03\/teste-covid-2.jpg?fit=1200%2C800&ssl=1&resize=1050%2C600 3x"},"classes":[]},{"id":42707,"url":"https:\/\/noticiasribeiraopreto.com.br\/index.php\/2024\/03\/16\/covid-19-ribeirao-preto-registra-16-mortes-em-menos-de-tres-meses\/","url_meta":{"origin":41819,"position":1},"title":"Covid-19: Ribeir\u00e3o Preto registra 16 mortes em menos de tr\u00eas meses","author":"noticiasribeiraopreto.com.br","date":"16 de March de 2024","format":false,"excerpt":"Dados da Secretaria Municipal da Sa\u00fade de Ribeir\u00e3o Preto confirmam que 16 pessoas morreram este ano em decorr\u00eancia da covid-19 em menos de tr\u00eas meses. O m\u00eas com maior registro de mortes foi fevereiro com 10 v\u00edtimas. Em janeiro, foram cinco \u00f3bitos e at\u00e9 o \u00faltimo dia 12 deste m\u00eas,\u2026","rel":"","context":"In &quot;Not\u00edcias de Ribeir\u00e3o Preto-SP e Regi\u00e3o&quot;","block_context":{"text":"Not\u00edcias de Ribeir\u00e3o Preto-SP e Regi\u00e3o","link":"https:\/\/noticiasribeiraopreto.com.br\/index.php\/category\/noticias-de-ribeirao-preto-sp-e-regiao-ismael-colosi\/"},"img":{"alt_text":"","src":"https:\/\/i0.wp.com\/noticiasribeiraopreto.com.br\/wp-content\/uploads\/2024\/03\/Copia-de-Copia-de-TAMANHO-EXATO-PARA-FOTOS-NO-SISTEMA-NOVO-58.jpg?fit=1200%2C675&ssl=1&resize=350%2C200","width":350,"height":200,"srcset":"https:\/\/i0.wp.com\/noticiasribeiraopreto.com.br\/wp-content\/uploads\/2024\/03\/Copia-de-Copia-de-TAMANHO-EXATO-PARA-FOTOS-NO-SISTEMA-NOVO-58.jpg?fit=1200%2C675&ssl=1&resize=350%2C200 1x, https:\/\/i0.wp.com\/noticiasribeiraopreto.com.br\/wp-content\/uploads\/2024\/03\/Copia-de-Copia-de-TAMANHO-EXATO-PARA-FOTOS-NO-SISTEMA-NOVO-58.jpg?fit=1200%2C675&ssl=1&resize=525%2C300 1.5x, https:\/\/i0.wp.com\/noticiasribeiraopreto.com.br\/wp-content\/uploads\/2024\/03\/Copia-de-Copia-de-TAMANHO-EXATO-PARA-FOTOS-NO-SISTEMA-NOVO-58.jpg?fit=1200%2C675&ssl=1&resize=700%2C400 2x, https:\/\/i0.wp.com\/noticiasribeiraopreto.com.br\/wp-content\/uploads\/2024\/03\/Copia-de-Copia-de-TAMANHO-EXATO-PARA-FOTOS-NO-SISTEMA-NOVO-58.jpg?fit=1200%2C675&ssl=1&resize=1050%2C600 3x"},"classes":[]},{"id":50676,"url":"https:\/\/noticiasribeiraopreto.com.br\/index.php\/2024\/05\/17\/centro-de-pesquisa-realiza-acao-sobre-importancia-da-vacina-na-regiao-de-ribeirao\/","url_meta":{"origin":41819,"position":2},"title":"Centro de pesquisa realiza a\u00e7\u00e3o sobre import\u00e2ncia da vacina na regi\u00e3o de Ribeir\u00e3o","author":"noticiasribeiraopreto.com.br","date":"17 de May de 2024","format":false,"excerpt":"O Centro de Pesquisa Cl\u00ednica da Faepa (Funda\u00e7\u00e3o de Apoio ao Ensino, Pesquisa e Assist\u00eancia do HCMRP), parceiro na realiza\u00e7\u00e3o do Projeto S do Instituto Butatan (veja abaixo) e a Prefeitura de Serrana realizar\u00e3o um evento, na segunda-feira (20), para alertar \u00e0 popula\u00e7\u00e3o sobre a import\u00e2ncia da pesquisa cl\u00ednica e\u2026","rel":"","context":"In &quot;Not\u00edcias de Ribeir\u00e3o Preto-SP e Regi\u00e3o&quot;","block_context":{"text":"Not\u00edcias de Ribeir\u00e3o Preto-SP e Regi\u00e3o","link":"https:\/\/noticiasribeiraopreto.com.br\/index.php\/category\/noticias-de-ribeirao-preto-sp-e-regiao-ismael-colosi\/"},"img":{"alt_text":"","src":"https:\/\/i0.wp.com\/noticiasribeiraopreto.com.br\/wp-content\/uploads\/2024\/05\/Copia-de-Copia-de-TAMANHO-EXATO-PARA-FOTOS-NO-SISTEMA-NOVO-16_2024-05-17_20-56-33_jpg_2024-05-17_20-56-33.webp.webp?fit=1200%2C675&ssl=1&resize=350%2C200","width":350,"height":200,"srcset":"https:\/\/i0.wp.com\/noticiasribeiraopreto.com.br\/wp-content\/uploads\/2024\/05\/Copia-de-Copia-de-TAMANHO-EXATO-PARA-FOTOS-NO-SISTEMA-NOVO-16_2024-05-17_20-56-33_jpg_2024-05-17_20-56-33.webp.webp?fit=1200%2C675&ssl=1&resize=350%2C200 1x, https:\/\/i0.wp.com\/noticiasribeiraopreto.com.br\/wp-content\/uploads\/2024\/05\/Copia-de-Copia-de-TAMANHO-EXATO-PARA-FOTOS-NO-SISTEMA-NOVO-16_2024-05-17_20-56-33_jpg_2024-05-17_20-56-33.webp.webp?fit=1200%2C675&ssl=1&resize=525%2C300 1.5x, https:\/\/i0.wp.com\/noticiasribeiraopreto.com.br\/wp-content\/uploads\/2024\/05\/Copia-de-Copia-de-TAMANHO-EXATO-PARA-FOTOS-NO-SISTEMA-NOVO-16_2024-05-17_20-56-33_jpg_2024-05-17_20-56-33.webp.webp?fit=1200%2C675&ssl=1&resize=700%2C400 2x, https:\/\/i0.wp.com\/noticiasribeiraopreto.com.br\/wp-content\/uploads\/2024\/05\/Copia-de-Copia-de-TAMANHO-EXATO-PARA-FOTOS-NO-SISTEMA-NOVO-16_2024-05-17_20-56-33_jpg_2024-05-17_20-56-33.webp.webp?fit=1200%2C675&ssl=1&resize=1050%2C600 3x"},"classes":[]},{"id":38590,"url":"https:\/\/noticiasribeiraopreto.com.br\/index.php\/2024\/02\/20\/com-aumento-de-casos-de-covid-19-ribeirao-orienta-volta-do-uso-de-mascara\/","url_meta":{"origin":41819,"position":3},"title":"Com aumento de casos de Covid-19, Ribeir\u00e3o orienta volta do uso de m\u00e1scara","author":"noticiasribeiraopreto.com.br","date":"20 de February de 2024","format":false,"excerpt":"A Secretaria Municipal da Sa\u00fade de Ribeir\u00e3o Preto est\u00e1 orientando \u00e0 popula\u00e7\u00e3o que volte a usar m\u00e1scara em servi\u00e7os de sa\u00fade p\u00fablicos e privados e em ambientes fechados, com baixa ventila\u00e7\u00e3o e com aglomera\u00e7\u00e3o de pessoas para evitar o aumento de casos de Covid-19. O alerta foi divulgado no site\u2026","rel":"","context":"In &quot;Not\u00edcias de Ribeir\u00e3o Preto-SP e Regi\u00e3o&quot;","block_context":{"text":"Not\u00edcias de Ribeir\u00e3o Preto-SP e Regi\u00e3o","link":"https:\/\/noticiasribeiraopreto.com.br\/index.php\/category\/noticias-de-ribeirao-preto-sp-e-regiao-ismael-colosi\/"},"img":{"alt_text":"","src":"https:\/\/i0.wp.com\/noticiasribeiraopreto.com.br\/wp-content\/uploads\/2024\/02\/3-7.jpg?fit=1200%2C675&ssl=1&resize=350%2C200","width":350,"height":200,"srcset":"https:\/\/i0.wp.com\/noticiasribeiraopreto.com.br\/wp-content\/uploads\/2024\/02\/3-7.jpg?fit=1200%2C675&ssl=1&resize=350%2C200 1x, https:\/\/i0.wp.com\/noticiasribeiraopreto.com.br\/wp-content\/uploads\/2024\/02\/3-7.jpg?fit=1200%2C675&ssl=1&resize=525%2C300 1.5x, https:\/\/i0.wp.com\/noticiasribeiraopreto.com.br\/wp-content\/uploads\/2024\/02\/3-7.jpg?fit=1200%2C675&ssl=1&resize=700%2C400 2x, https:\/\/i0.wp.com\/noticiasribeiraopreto.com.br\/wp-content\/uploads\/2024\/02\/3-7.jpg?fit=1200%2C675&ssl=1&resize=1050%2C600 3x"},"classes":[]},{"id":27230,"url":"https:\/\/noticiasribeiraopreto.com.br\/index.php\/2024\/01\/11\/estudo-estima-17-mil-mortes-por-tratamento-de-covid-19-com-cloroquina\/","url_meta":{"origin":41819,"position":4},"title":"Estudo estima 17 mil mortes por tratamento de covid-19 com cloroquina \u2013 Folha de Ribeir\u00e3o","author":"noticiasribeiraopreto.com.br","date":"11 de January de 2024","format":false,"excerpt":"O uso, sem previs\u00e3o na bula (off label), de hidroxicloroquina para tratar pacientes hospitalizados com covid-19 na primeira onda da pandemia pode estar relacionado a cerca de 17 mil mortes em seis pa\u00edses:\u00a0B\u00e9lgica, Fran\u00e7a, It\u00e1lia, Espanha, Estados Unidos e Turquia. A maior parte das mortes estimadas, cerca de 7,5 mil,\u2026","rel":"","context":"In &quot;Not\u00edcias de Ribeir\u00e3o Preto-SP e Regi\u00e3o&quot;","block_context":{"text":"Not\u00edcias de Ribeir\u00e3o Preto-SP e Regi\u00e3o","link":"https:\/\/noticiasribeiraopreto.com.br\/index.php\/category\/noticias-de-ribeirao-preto-sp-e-regiao-ismael-colosi\/"},"img":{"alt_text":"","src":"","width":0,"height":0},"classes":[]},{"id":26257,"url":"https:\/\/noticiasribeiraopreto.com.br\/index.php\/2024\/01\/09\/vacina-recombinante-zalika-contra-covid-19-e-registrada-pela-anvisa\/","url_meta":{"origin":41819,"position":5},"title":"Vacina recombinante Zalika contra covid-19 \u00e9 registrada pela Anvisa \u2013 Folha de Ribeir\u00e3o","author":"noticiasribeiraopreto.com.br","date":"9 de January de 2024","format":false,"excerpt":"A nova vacina contra covid-19 registrada pela Ag\u00eancia Nacional de Vigil\u00e2ncia Sanit\u00e1ria (Anvisa), nesta segunda-feira (8), \u00e9 fabricada pelo Instituto Serum, da \u00cdndia, e teve registro solicitado pela empresa brasileira Zalika Farmac\u00eautica. O imunizante poder\u00e1 ser usado em pessoas a partir de 12 anos de idade, e ser\u00e1 administrado em\u2026","rel":"","context":"In &quot;Not\u00edcias de Ribeir\u00e3o Preto-SP e Regi\u00e3o&quot;","block_context":{"text":"Not\u00edcias de Ribeir\u00e3o Preto-SP e Regi\u00e3o","link":"https:\/\/noticiasribeiraopreto.com.br\/index.php\/category\/noticias-de-ribeirao-preto-sp-e-regiao-ismael-colosi\/"},"img":{"alt_text":"","src":"","width":0,"height":0},"classes":[]}],"jetpack_sharing_enabled":true,"jetpack_shortlink":"https:\/\/wp.me\/peQAOb-aSv","_links":{"self":[{"href":"https:\/\/noticiasribeiraopreto.com.br\/index.php\/wp-json\/wp\/v2\/posts\/41819","targetHints":{"allow":["GET"]}}],"collection":[{"href":"https:\/\/noticiasribeiraopreto.com.br\/index.php\/wp-json\/wp\/v2\/posts"}],"about":[{"href":"https:\/\/noticiasribeiraopreto.com.br\/index.php\/wp-json\/wp\/v2\/types\/post"}],"author":[{"embeddable":true,"href":"https:\/\/noticiasribeiraopreto.com.br\/index.php\/wp-json\/wp\/v2\/users\/1"}],"replies":[{"embeddable":true,"href":"https:\/\/noticiasribeiraopreto.com.br\/index.php\/wp-json\/wp\/v2\/comments?post=41819"}],"version-history":[{"count":0,"href":"https:\/\/noticiasribeiraopreto.com.br\/index.php\/wp-json\/wp\/v2\/posts\/41819\/revisions"}],"wp:featuredmedia":[{"embeddable":true,"href":"https:\/\/noticiasribeiraopreto.com.br\/index.php\/wp-json\/wp\/v2\/media\/41820"}],"wp:attachment":[{"href":"https:\/\/noticiasribeiraopreto.com.br\/index.php\/wp-json\/wp\/v2\/media?parent=41819"}],"wp:term":[{"taxonomy":"category","embeddable":true,"href":"https:\/\/noticiasribeiraopreto.com.br\/index.php\/wp-json\/wp\/v2\/categories?post=41819"},{"taxonomy":"post_tag","embeddable":true,"href":"https:\/\/noticiasribeiraopreto.com.br\/index.php\/wp-json\/wp\/v2\/tags?post=41819"}],"curies":[{"name":"wp","href":"https:\/\/api.w.org\/{rel}","templated":true}]}}