{"id":41840,"date":"2024-03-11T16:21:23","date_gmt":"2024-03-11T19:21:23","guid":{"rendered":"https:\/\/noticiasribeiraopreto.com.br\/index.php\/2024\/03\/11\/veja-como-comprar-ingresso-para-o-show-beneficente-de-kiko-zambianchi-em-ribeirao\/"},"modified":"2024-03-11T16:21:23","modified_gmt":"2024-03-11T19:21:23","slug":"veja-como-comprar-ingresso-para-o-show-beneficente-de-kiko-zambianchi-em-ribeirao","status":"publish","type":"post","link":"https:\/\/noticiasribeiraopreto.com.br\/index.php\/2024\/03\/11\/veja-como-comprar-ingresso-para-o-show-beneficente-de-kiko-zambianchi-em-ribeirao\/","title":{"rendered":"Veja como comprar ingresso para o show beneficente de Kiko Zambianchi em Ribeir\u00e3o"},"content":{"rendered":"<div class='code-block code-block-1' style='margin: 8px 0 8px auto; text-align: right; display: block; clear: both;'>\n<p><a href=\"https:\/\/wa.link\/vpicfd\"><img data-recalc-dims=\"1\" class=\"wp-image-4922\" style=\"aspect-ratio: 2.0253164556962027; width: 561px; height: auto;\" src=\"https:\/\/i0.wp.com\/ismaelcolosi.com.br\/wp-content\/uploads\/2023\/11\/grupo-de-empregos-whatsapp-e-facebook-ismael-colosi-vagas.jpg?ssl=1\" alt=\"\" \/><\/a><\/p>\n<!-- \/wp:image -->\n<\/div>\n<p> <br \/>\n<\/p>\n<div>\n<p>O<strong> show beneficente <\/strong>do cantor e compositor ribeir\u00e3o-pretano <strong>Kiko Zambianchi<\/strong> acontece nesta<strong> quinta-feira<\/strong> (14) com participa\u00e7\u00e3o especial de <strong>Rod Hanna<\/strong> e <strong>\u00c1lvaro Petersen<\/strong>. O event ser\u00e1 \u00e0s 20h, no espa\u00e7o Bella Citt\u00e0 em <strong>Ribeir\u00e3o Preto<\/strong>.<\/p>\n<p>A <strong>apresenta\u00e7\u00e3o musical <\/strong>e <strong>a\u00e7\u00e3o solid\u00e1ria<\/strong> faz parte do <strong>projeto \u201cRitmo do Bem\u201d<\/strong>, que visa levantar fundos para a entidade <strong>Casa das Mangueiras<\/strong>, que atende crian\u00e7as e adolescentes na zona Norte da cidade.<\/p>\n<p>Para Kiko Zambianchi, a oportunidade de contribuir com o projeto \u00e9 gratificante.<\/p>\n<p><em><strong>\u00a0<\/strong>\u201cQuando voc\u00ea participa de uma a\u00e7\u00e3o como essa, costumo dizer que \u00e9 um cach\u00ea espiritual, pois sa\u00edmos com uma satisfa\u00e7\u00e3o que \u00e9 inexplic\u00e1vel. Queremos contar com a presen\u00e7a de todos para essa a\u00e7\u00e3o especial em benef\u00edcio a esta entidade que realiza um projeto muito legal com crian\u00e7as e adolescentes\u201d.<\/em><\/p>\n<h4 class=\"wp-block-heading\"><strong>Novo ponto de venda <\/strong><\/h4>\n<p><strong>Os <\/strong><strong>ingressos\u00a0<\/strong>para o show\u00a0<strong>custam<\/strong>\u00a0<strong>R$ 80<\/strong>\u00a0e est\u00e3o sendo vendidos pelo<strong><a href=\"https:\/\/cart.totalacesso.com\/ritmodobem_kikozambianchi\" target=\"_blank\" rel=\"noreferrer noopener\">\u00a0site do Projeto Ritmo do Bem<\/a><\/strong>\u00a0ou\u00a0<strong>pessoalmente<\/strong>\u00a0na\u00a0<strong>Casa das Mangueiras<\/strong>, de segunda a sexta-feira, das 7h30 \u00e0s 17h, que fica na<strong>\u00a0rua Tupinamb\u00e1, 1.457<\/strong>, na Vila Recreio.<\/p>\n<p><strong>Outro ponto<\/strong> de venda f\u00edsica dos ingressos \u00e9 na<strong> loja Arezzo <\/strong>da avenida Presidente Vargas, 551, Jardim Sumar\u00e9<\/p>\n<h4 class=\"wp-block-heading\"><strong>Institui\u00e7\u00e3o beneficiada <\/strong><\/h4>\n<p>H\u00e1\u00a0<strong>50 anos<\/strong>, a\u00a0<strong>Casa das Mangueiras<\/strong>\u00a0desenvolve um\u00a0<strong>trabalho gratuito<\/strong>\u00a0e transformador na vida de<strong>\u00a0crian\u00e7as e adolescentes, de 6 a 17 anos<\/strong>, em\u00a0<strong>situa\u00e7\u00e3o<\/strong>\u00a0de\u00a0<strong>risco\u00a0<\/strong>ou\u00a0<strong>vulnerabilidade\u00a0<\/strong>social de Ribeir\u00e3o Preto.<\/p>\n<p>A institui\u00e7\u00e3o\u00a0<strong>atende<\/strong>\u00a0<strong>140 pessoas<\/strong>\u00a0em\u00a0<strong>11 projetos sociais<\/strong>\u00a0como: Inclus\u00e3o Digital, Multiplique o Bem (projeto de rob\u00f3tica), Entre Versos (projeto poesia), Grava\u00e7\u00e3o (projeto audiovisual), Circo, Jud\u00f4 \u2013 Um Golpe de Solidariedade (projeto de jud\u00f4), Rock das Mangueiras (projeto de dan\u00e7as urbanas, viol\u00e3o, percuss\u00e3o e coral, em parceria com o festival Jo\u00e3o Rock), Educacroos (projeto de apoio pedag\u00f3gico por meio de gamifica\u00e7\u00e3o da aprendizagem), Bem-Estar (projeto de educa\u00e7\u00e3o em sa\u00fade), Artes C\u00eanicas e Artes Visuais.<\/p>\n<p>A Casa das Mangueiras \u00e9 mantida com apoio institucional e financeiro de toda a sociedade civil e poder p\u00fablico, al\u00e9m de estrat\u00e9gias de gera\u00e7\u00e3o de receita pr\u00f3pria.<\/p>\n<h4 class=\"wp-block-heading\"><strong>Servi\u00e7o<\/strong><\/h4>\n<p><strong>Show: <\/strong>Kiko Zambianchi com as participa\u00e7\u00f5es especiais de Rod Hanna e \u00c1lvaro Petersen<br \/><strong>Data e hor\u00e1rio:<\/strong>\u00a014 de mar\u00e7o, \u00e0s 20h<br \/><strong>Local:<\/strong>\u00a0Espa\u00e7o Bella Citt\u00e0 (Rodovia Anhanguera, km 304, Ribeir\u00e3o Preto)<br \/><strong>Ingressos:<\/strong>\u00a0<strong>R\uff04 80,00<\/strong> \u00e0 venda pela\u00a0<strong>internet<\/strong>; na <strong>Casa das Mangueiras<\/strong>, que fica na Rua Tupinamb\u00e1, 1457, Vila Recreio, com atendimento de segunda a sexta-feira, das 7h30 \u00e0s 17h; e na <strong>loja Arezzo<\/strong> da avenida Presidente Vargas n\u00ba 551, Jardim Sumar\u00e9<\/p>\n<p>SAIBA MAIS<\/p>\n<p>Viagem de avi\u00e3o para o litoral de SP? Aeroporto do Guaruj\u00e1 pode ganhar voos regionais<\/p>\n<h4 class=\"wp-block-heading\"><strong>FIQUE ON<\/strong><\/h4>\n<p>Fique ligado em tudo que acontece em Ribeir\u00e3o Preto e regi\u00e3o. Siga os perfis do<strong>\u00a0acidade on<\/strong>\u00a0no\u00a0<a href=\"https:\/\/www.instagram.com\/acidadeonribeirao\" target=\"_blank\" rel=\"noreferrer noopener\">Instagram<\/a>\u00a0e no<a href=\"https:\/\/www.facebook.com\/acidadeonribeirao\" target=\"_blank\" rel=\"noreferrer noopener\">\u00a0Facebook<\/a>.<\/p>\n<p>Receba not\u00edcias do\u00a0<strong>acidade on<\/strong>\u00a0no WhatsApp.\u00a0<a href=\"https:\/\/chat.whatsapp.com\/Bnv2w66ZT4VDyZW3oiZ69n\" target=\"_blank\" rel=\"noreferrer noopener\">Para entrar no grupo, basta clicar aqui.<\/a><\/p>\n<p>Fa\u00e7a uma den\u00fancia ou sugira uma reportagem sobre Ribeir\u00e3o Preto e regi\u00e3o pelo WhatsApp: 16 99117 7802.<\/p>\n<p>VEJA TAMB\u00c9M<br \/>BBB 24: Beatriz revela motivo inusitado para n\u00e3o entrar na piscina<\/p>\n<p><!-- AI CONTENT END 1 -->\n<\/div>\n<p><script async src=\"\/\/www.instagram.com\/embed.js\"><\/script><br \/>\n<br \/><br \/>\n<br \/><a href=\"https:\/\/www.acidadeon.com\/ribeiraopreto\/lazer-e-cultura\/veja-como-comprar-ingresso-para-o-show-beneficente-de-kiko-zambianchi-em-ribeirao\/\">Source link <\/a><\/p>\n<!-- CONTENT END 1 -->\n","protected":false},"excerpt":{"rendered":"<p>O show beneficente do cantor e compositor ribeir\u00e3o-pretano Kiko Zambianchi acontece nesta quinta-feira (14) com participa\u00e7\u00e3o especial de Rod Hanna e \u00c1lvaro Petersen. O event&#8230;<\/p>\n","protected":false},"author":1,"featured_media":41841,"comment_status":"open","ping_status":"open","sticky":false,"template":"","format":"standard","meta":{"advanced_seo_description":"","jetpack_seo_html_title":"","jetpack_seo_noindex":false,"jetpack_post_was_ever_published":false,"_jetpack_newsletter_access":"","_jetpack_dont_email_post_to_subs":false,"_jetpack_newsletter_tier_id":0,"_jetpack_memberships_contains_paywalled_content":false,"_jetpack_memberships_contains_paid_content":false,"footnotes":"","jetpack_publicize_message":"","jetpack_publicize_feature_enabled":true,"jetpack_social_post_already_shared":true,"jetpack_social_options":{"image_generator_settings":{"template":"highway","default_image_id":0,"font":"","enabled":false},"version":2}},"categories":[11],"tags":[],"class_list":["post-41840","post","type-post","status-publish","format-standard","has-post-thumbnail","hentry","category-noticias-de-ribeirao-preto-sp-e-regiao-ismael-colosi"],"jetpack_publicize_connections":[],"jetpack_featured_media_url":"https:\/\/i0.wp.com\/noticiasribeiraopreto.com.br\/wp-content\/uploads\/2024\/03\/1710184889_acidadeon_logos_Prancheta-1-copia-12_edited.jpg?fit=2250%2C2251&ssl=1","jetpack-related-posts":[{"id":40156,"url":"https:\/\/noticiasribeiraopreto.com.br\/index.php\/2024\/03\/01\/kiko-zambianchi-faz-show-beneficente-em-ribeirao-preto-saiba-como-participar\/","url_meta":{"origin":41840,"position":0},"title":"Kiko Zambianchi faz show beneficente em Ribeir\u00e3o Preto; Saiba como participar","author":"noticiasribeiraopreto.com.br","date":"1 de March de 2024","format":false,"excerpt":"O cantor e compositor ribeir\u00e3o-pretano Kiko Zambianchi faz show beneficente com participa\u00e7\u00e3o especial de Rod Hanna e \u00c1lvaro Petersen, no dia 14 de mar\u00e7o, em Ribeir\u00e3o Preto. A apresenta\u00e7\u00e3o musical e a\u00e7\u00e3o de solidariedade faz parte do Projeto \u201cRitmo do Bem\u201d, que tem como objetivo levantar fundos para a entidade\u2026","rel":"","context":"In &quot;Not\u00edcias de Ribeir\u00e3o Preto-SP e Regi\u00e3o&quot;","block_context":{"text":"Not\u00edcias de Ribeir\u00e3o Preto-SP e Regi\u00e3o","link":"https:\/\/noticiasribeiraopreto.com.br\/index.php\/category\/noticias-de-ribeirao-preto-sp-e-regiao-ismael-colosi\/"},"img":{"alt_text":"","src":"https:\/\/i0.wp.com\/noticiasribeiraopreto.com.br\/wp-content\/uploads\/2024\/03\/Copia-de-Copia-de-TAMANHO-EXATO-PARA-FOTOS-NO-SISTEMA-NOVO-18.jpg?fit=1200%2C675&ssl=1&resize=350%2C200","width":350,"height":200,"srcset":"https:\/\/i0.wp.com\/noticiasribeiraopreto.com.br\/wp-content\/uploads\/2024\/03\/Copia-de-Copia-de-TAMANHO-EXATO-PARA-FOTOS-NO-SISTEMA-NOVO-18.jpg?fit=1200%2C675&ssl=1&resize=350%2C200 1x, https:\/\/i0.wp.com\/noticiasribeiraopreto.com.br\/wp-content\/uploads\/2024\/03\/Copia-de-Copia-de-TAMANHO-EXATO-PARA-FOTOS-NO-SISTEMA-NOVO-18.jpg?fit=1200%2C675&ssl=1&resize=525%2C300 1.5x, https:\/\/i0.wp.com\/noticiasribeiraopreto.com.br\/wp-content\/uploads\/2024\/03\/Copia-de-Copia-de-TAMANHO-EXATO-PARA-FOTOS-NO-SISTEMA-NOVO-18.jpg?fit=1200%2C675&ssl=1&resize=700%2C400 2x, https:\/\/i0.wp.com\/noticiasribeiraopreto.com.br\/wp-content\/uploads\/2024\/03\/Copia-de-Copia-de-TAMANHO-EXATO-PARA-FOTOS-NO-SISTEMA-NOVO-18.jpg?fit=1200%2C675&ssl=1&resize=1050%2C600 3x"},"classes":[]},{"id":42412,"url":"https:\/\/noticiasribeiraopreto.com.br\/index.php\/2024\/03\/14\/kiko-zambianchi-faz-show-beneficente\/","url_meta":{"origin":41840,"position":1},"title":"Kiko Zambianchi faz show beneficente \u00a0","author":"noticiasribeiraopreto.com.br","date":"14 de March de 2024","format":false,"excerpt":"A Casa das Mangueiras \u00e9 mantida com apoio institucional e financeiro de toda a sociedade civil e poder p\u00fablico, al\u00e9m de estrat\u00e9gias de gera\u00e7\u00e3o de receita pr\u00f3pria. O projeto Ritmo do Bem, por exemplo, nasceu para colaborar com as atividades da institui\u00e7\u00e3o. Para isso, Ribeir\u00e3o Preto receber\u00e1 nesta quinta-feira, 14\u2026","rel":"","context":"In &quot;Not\u00edcias de Ribeir\u00e3o Preto-SP e Regi\u00e3o&quot;","block_context":{"text":"Not\u00edcias de Ribeir\u00e3o Preto-SP e Regi\u00e3o","link":"https:\/\/noticiasribeiraopreto.com.br\/index.php\/category\/noticias-de-ribeirao-preto-sp-e-regiao-ismael-colosi\/"},"img":{"alt_text":"","src":"https:\/\/i0.wp.com\/noticiasribeiraopreto.com.br\/wp-content\/uploads\/2024\/03\/Mangueiras-Kik-Priscila-Prade-scaled.jpg?fit=966%2C645&ssl=1&resize=350%2C200","width":350,"height":200,"srcset":"https:\/\/i0.wp.com\/noticiasribeiraopreto.com.br\/wp-content\/uploads\/2024\/03\/Mangueiras-Kik-Priscila-Prade-scaled.jpg?fit=966%2C645&ssl=1&resize=350%2C200 1x, https:\/\/i0.wp.com\/noticiasribeiraopreto.com.br\/wp-content\/uploads\/2024\/03\/Mangueiras-Kik-Priscila-Prade-scaled.jpg?fit=966%2C645&ssl=1&resize=525%2C300 1.5x, https:\/\/i0.wp.com\/noticiasribeiraopreto.com.br\/wp-content\/uploads\/2024\/03\/Mangueiras-Kik-Priscila-Prade-scaled.jpg?fit=966%2C645&ssl=1&resize=700%2C400 2x"},"classes":[]},{"id":40402,"url":"https:\/\/noticiasribeiraopreto.com.br\/index.php\/2024\/03\/03\/kiko-zambianchi-e-rod-hanna-no-ritmo-do-bem\/","url_meta":{"origin":41840,"position":2},"title":"Kiko Zambianchi e Rod Hanna no Ritmo do Bem\u00a0","author":"noticiasribeiraopreto.com.br","date":"3 de March de 2024","format":false,"excerpt":"No pr\u00f3ximo dia 14 de mar\u00e7o, \u00e0s 20 horas, no Espa\u00e7o Bella Citt\u00e0, em Ribeir\u00e3o Preto, acontece show do cantor ribeir\u00e3o-pretano Kiko Zambianchi e as participa\u00e7\u00f5es especiais de Rod Hanna e do m\u00fasico \u00c1lvaro Petersen. Toda renda obtida ser\u00e1 integralmente destinada para a Casa das Mangueiras. A apresenta\u00e7\u00e3o faz parte\u2026","rel":"","context":"In &quot;Not\u00edcias de Ribeir\u00e3o Preto-SP e Regi\u00e3o&quot;","block_context":{"text":"Not\u00edcias de Ribeir\u00e3o Preto-SP e Regi\u00e3o","link":"https:\/\/noticiasribeiraopreto.com.br\/index.php\/category\/noticias-de-ribeirao-preto-sp-e-regiao-ismael-colosi\/"},"img":{"alt_text":"","src":"https:\/\/i0.wp.com\/noticiasribeiraopreto.com.br\/wp-content\/uploads\/2024\/03\/mangueira-kiko.jpg?fit=800%2C532&ssl=1&resize=350%2C200","width":350,"height":200,"srcset":"https:\/\/i0.wp.com\/noticiasribeiraopreto.com.br\/wp-content\/uploads\/2024\/03\/mangueira-kiko.jpg?fit=800%2C532&ssl=1&resize=350%2C200 1x, https:\/\/i0.wp.com\/noticiasribeiraopreto.com.br\/wp-content\/uploads\/2024\/03\/mangueira-kiko.jpg?fit=800%2C532&ssl=1&resize=525%2C300 1.5x, https:\/\/i0.wp.com\/noticiasribeiraopreto.com.br\/wp-content\/uploads\/2024\/03\/mangueira-kiko.jpg?fit=800%2C532&ssl=1&resize=700%2C400 2x"},"classes":[]},{"id":41191,"url":"https:\/\/noticiasribeiraopreto.com.br\/index.php\/2024\/03\/06\/ritmo-do-bem-kiko-zambianchi-traz-classicos-nacionais-em-show-em-ribeirao-preto\/","url_meta":{"origin":41840,"position":3},"title":"Kiko Zambianchi traz cl\u00e1ssicos nacionais em show em Ribeir\u00e3o Preto \u2013 Portal Popito","author":"noticiasribeiraopreto.com.br","date":"6 de March de 2024","format":false,"excerpt":"Rod Hanna e \u00c1lvaro Petersen far\u00e3o participa\u00e7\u00e3o especial com setlist que misturar\u00e1 MBP, pop rock e disco music; todos eles, artistas da \u2018casa\u2019, se unem em evento beneficente em prol da Casa das Mangueiras no dia 14 de mar\u00e7o. Ingressos est\u00e3o \u00e0 venda As hist\u00f3rias de vida e carreiras profissionais\u2026","rel":"","context":"In &quot;Not\u00edcias de Ribeir\u00e3o Preto-SP e Regi\u00e3o&quot;","block_context":{"text":"Not\u00edcias de Ribeir\u00e3o Preto-SP e Regi\u00e3o","link":"https:\/\/noticiasribeiraopreto.com.br\/index.php\/category\/noticias-de-ribeirao-preto-sp-e-regiao-ismael-colosi\/"},"img":{"alt_text":"","src":"https:\/\/i0.wp.com\/noticiasribeiraopreto.com.br\/wp-content\/uploads\/2024\/03\/Rod-Hanna.jpg?fit=1200%2C721&ssl=1&resize=350%2C200","width":350,"height":200,"srcset":"https:\/\/i0.wp.com\/noticiasribeiraopreto.com.br\/wp-content\/uploads\/2024\/03\/Rod-Hanna.jpg?fit=1200%2C721&ssl=1&resize=350%2C200 1x, https:\/\/i0.wp.com\/noticiasribeiraopreto.com.br\/wp-content\/uploads\/2024\/03\/Rod-Hanna.jpg?fit=1200%2C721&ssl=1&resize=525%2C300 1.5x, https:\/\/i0.wp.com\/noticiasribeiraopreto.com.br\/wp-content\/uploads\/2024\/03\/Rod-Hanna.jpg?fit=1200%2C721&ssl=1&resize=700%2C400 2x, https:\/\/i0.wp.com\/noticiasribeiraopreto.com.br\/wp-content\/uploads\/2024\/03\/Rod-Hanna.jpg?fit=1200%2C721&ssl=1&resize=1050%2C600 3x"},"classes":[]},{"id":78552,"url":"https:\/\/noticiasribeiraopreto.com.br\/index.php\/2025\/10\/13\/kiko-zambianchi-e-homenageado-em-projeto-de-lei-que-sera-votado-hoje-e-instituira-o-dia-municipal-do-rock-em-ribeirao\/","url_meta":{"origin":41840,"position":4},"title":"Kiko Zambianchi \u00e9 homenageado em Projeto de Lei que ser\u00e1 votado hoje e instituir\u00e1 o \u201cDia Municipal do Rock\u201d em Ribeir\u00e3o","author":"noticiasribeiraopreto.com.br","date":"13 de October de 2025","format":false,"excerpt":"13 de outubro de 2025 17:011 Compartilhar0 Cantor confirmou presen\u00e7a para acompanhar a vota\u00e7\u00e3o do Projeto de autoria do vereador Danilo Scochi, que sera\u0301 votado a\u0300s 18h30 desta segunda, (13), no Plena\u0301rio da Ca\u0302mara\u00a0 de Ribeira\u0303o Preto A Ca\u0302mara Municipal de Ribeira\u0303o Preto realiza nesta segunda-feira, dia 13 de outubro\u2026","rel":"","context":"In &quot;Not\u00edcias de Ribeir\u00e3o Preto-SP e Regi\u00e3o&quot;","block_context":{"text":"Not\u00edcias de Ribeir\u00e3o Preto-SP e Regi\u00e3o","link":"https:\/\/noticiasribeiraopreto.com.br\/index.php\/category\/noticias-de-ribeirao-preto-sp-e-regiao-ismael-colosi\/"},"img":{"alt_text":"","src":"https:\/\/i0.wp.com\/noticiasribeiraopreto.com.br\/wp-content\/uploads\/2025\/10\/WhatsApp-Image-2025-10-13-at-15.29.21-scaled.jpeg?fit=847%2C780&ssl=1&resize=350%2C200","width":350,"height":200,"srcset":"https:\/\/i0.wp.com\/noticiasribeiraopreto.com.br\/wp-content\/uploads\/2025\/10\/WhatsApp-Image-2025-10-13-at-15.29.21-scaled.jpeg?fit=847%2C780&ssl=1&resize=350%2C200 1x, https:\/\/i0.wp.com\/noticiasribeiraopreto.com.br\/wp-content\/uploads\/2025\/10\/WhatsApp-Image-2025-10-13-at-15.29.21-scaled.jpeg?fit=847%2C780&ssl=1&resize=525%2C300 1.5x, https:\/\/i0.wp.com\/noticiasribeiraopreto.com.br\/wp-content\/uploads\/2025\/10\/WhatsApp-Image-2025-10-13-at-15.29.21-scaled.jpeg?fit=847%2C780&ssl=1&resize=700%2C400 2x"},"classes":[]},{"id":64794,"url":"https:\/\/noticiasribeiraopreto.com.br\/index.php\/2025\/03\/12\/capital-inicial-acustico-ribeirao-pretano-kiko-zambianchi-participa-de-turne-especial\/","url_meta":{"origin":41840,"position":5},"title":"Capital Inicial Ac\u00fastico: ribeir\u00e3o-pretano Kiko Zambianchi participa de turn\u00ea especial","author":"noticiasribeiraopreto.com.br","date":"12 de March de 2025","format":false,"excerpt":"Considerada uma das maiores bandas da hist\u00f3ria do rock nacional, Capital Inicial est\u00e1 em turn\u00ea celebrando seu \u00e1lbum \u201cCapital Inicial Ac\u00fastico MTV\u201d. No s\u00e1bado, dia 22 de mar\u00e7o, Dinho Ouro Preto, Fl\u00e1vio Lemos, F\u00ea Lemos e Yves Passarell desembarcam em Ribeir\u00e3o Preto para uma apresenta\u00e7\u00e3o repleta de hits e muita\u2026","rel":"","context":"In &quot;Not\u00edcias de Ribeir\u00e3o Preto-SP e Regi\u00e3o&quot;","block_context":{"text":"Not\u00edcias de Ribeir\u00e3o Preto-SP e Regi\u00e3o","link":"https:\/\/noticiasribeiraopreto.com.br\/index.php\/category\/noticias-de-ribeirao-preto-sp-e-regiao-ismael-colosi\/"},"img":{"alt_text":"","src":"https:\/\/i0.wp.com\/noticiasribeiraopreto.com.br\/wp-content\/uploads\/2025\/03\/WhatsApp-Image-2025-03-12-at-12.00.01.jpeg?fit=1200%2C750&ssl=1&resize=350%2C200","width":350,"height":200,"srcset":"https:\/\/i0.wp.com\/noticiasribeiraopreto.com.br\/wp-content\/uploads\/2025\/03\/WhatsApp-Image-2025-03-12-at-12.00.01.jpeg?fit=1200%2C750&ssl=1&resize=350%2C200 1x, https:\/\/i0.wp.com\/noticiasribeiraopreto.com.br\/wp-content\/uploads\/2025\/03\/WhatsApp-Image-2025-03-12-at-12.00.01.jpeg?fit=1200%2C750&ssl=1&resize=525%2C300 1.5x, https:\/\/i0.wp.com\/noticiasribeiraopreto.com.br\/wp-content\/uploads\/2025\/03\/WhatsApp-Image-2025-03-12-at-12.00.01.jpeg?fit=1200%2C750&ssl=1&resize=700%2C400 2x, https:\/\/i0.wp.com\/noticiasribeiraopreto.com.br\/wp-content\/uploads\/2025\/03\/WhatsApp-Image-2025-03-12-at-12.00.01.jpeg?fit=1200%2C750&ssl=1&resize=1050%2C600 3x"},"classes":[]}],"jetpack_sharing_enabled":true,"jetpack_shortlink":"https:\/\/wp.me\/peQAOb-aSQ","_links":{"self":[{"href":"https:\/\/noticiasribeiraopreto.com.br\/index.php\/wp-json\/wp\/v2\/posts\/41840","targetHints":{"allow":["GET"]}}],"collection":[{"href":"https:\/\/noticiasribeiraopreto.com.br\/index.php\/wp-json\/wp\/v2\/posts"}],"about":[{"href":"https:\/\/noticiasribeiraopreto.com.br\/index.php\/wp-json\/wp\/v2\/types\/post"}],"author":[{"embeddable":true,"href":"https:\/\/noticiasribeiraopreto.com.br\/index.php\/wp-json\/wp\/v2\/users\/1"}],"replies":[{"embeddable":true,"href":"https:\/\/noticiasribeiraopreto.com.br\/index.php\/wp-json\/wp\/v2\/comments?post=41840"}],"version-history":[{"count":0,"href":"https:\/\/noticiasribeiraopreto.com.br\/index.php\/wp-json\/wp\/v2\/posts\/41840\/revisions"}],"wp:featuredmedia":[{"embeddable":true,"href":"https:\/\/noticiasribeiraopreto.com.br\/index.php\/wp-json\/wp\/v2\/media\/41841"}],"wp:attachment":[{"href":"https:\/\/noticiasribeiraopreto.com.br\/index.php\/wp-json\/wp\/v2\/media?parent=41840"}],"wp:term":[{"taxonomy":"category","embeddable":true,"href":"https:\/\/noticiasribeiraopreto.com.br\/index.php\/wp-json\/wp\/v2\/categories?post=41840"},{"taxonomy":"post_tag","embeddable":true,"href":"https:\/\/noticiasribeiraopreto.com.br\/index.php\/wp-json\/wp\/v2\/tags?post=41840"}],"curies":[{"name":"wp","href":"https:\/\/api.w.org\/{rel}","templated":true}]}}