{"id":41847,"date":"2024-03-11T16:46:02","date_gmt":"2024-03-11T19:46:02","guid":{"rendered":"https:\/\/noticiasribeiraopreto.com.br\/index.php\/2024\/03\/11\/ribeirao-recebe-espetaculo-musical-de-cavaleiros-do-zodiaco-e-dragon-ball-veja-quando\/"},"modified":"2024-03-11T16:46:02","modified_gmt":"2024-03-11T19:46:02","slug":"ribeirao-recebe-espetaculo-musical-de-cavaleiros-do-zodiaco-e-dragon-ball-veja-quando","status":"publish","type":"post","link":"https:\/\/noticiasribeiraopreto.com.br\/index.php\/2024\/03\/11\/ribeirao-recebe-espetaculo-musical-de-cavaleiros-do-zodiaco-e-dragon-ball-veja-quando\/","title":{"rendered":"Ribeir\u00e3o recebe espet\u00e1culo musical de &#8216;Cavaleiros do Zod\u00edaco&#8217; e &#8216;Dragon Ball&#8217;; Veja quando"},"content":{"rendered":"<div class='code-block code-block-1' style='margin: 8px 0 8px auto; text-align: right; display: block; clear: both;'>\n<p><a href=\"https:\/\/wa.link\/vpicfd\"><img data-recalc-dims=\"1\" class=\"wp-image-4922\" style=\"aspect-ratio: 2.0253164556962027; width: 561px; height: auto;\" src=\"https:\/\/i0.wp.com\/ismaelcolosi.com.br\/wp-content\/uploads\/2023\/11\/grupo-de-empregos-whatsapp-e-facebook-ismael-colosi-vagas.jpg?ssl=1\" alt=\"\" \/><\/a><\/p>\n<!-- \/wp:image -->\n<\/div>\n<p> <br \/>\n<\/p>\n<div>\n<p><strong>Ribeir\u00e3o Preto<\/strong> recebe nos dias <strong>02<\/strong> e <strong>03<\/strong> <strong>de abril<\/strong>, o \u2018<strong>Pegasus Symphony<\/strong>\u2018 e o \u2018<strong>Dragon Concert<\/strong>\u2018, espet\u00e1culos musicais com <strong>orquestra ao vivo<\/strong>, que homenagearam e celebraram o legado das s\u00e9ries <strong>Cavaleiros do Zod\u00edaco <\/strong>e <strong>Dragon Ball<\/strong>. <\/p>\n<p><mark style=\"background-color:#fcb900\" class=\"has-inline-color\"><strong>Os ingressos para os evento podem ser adquiridos de forma on-line<\/strong>.<\/mark> Contudo, \u00e9 importante lembrar que entradas <strong>n\u00e3o s\u00e3o \u00fanicas<\/strong>, portanto, <strong>os interessados devem adquirir um convite para cada dia<\/strong>.<\/p>\n<p>Os f\u00e3s dos animes que deram origem a filmes, videogames e programas de TV conhecidos em todo o mundo, ter\u00e3o uma <strong>imers\u00e3o sonora no universo musical <\/strong>dos <strong>Cavaleiros do Zod\u00edaco <\/strong>e de<strong> Dragon Ball<\/strong>, \u201cem uma experi\u00eancia in\u00e9dita, emocionante e inesquec\u00edvel\u201d, de acordo com a organiza\u00e7\u00e3o.<\/p>\n<p>Com reg\u00eancia do maestro<strong> Alexey Kurkdjian<\/strong>, a <strong>Sphaera Rock Orchestra<\/strong> ser\u00e1 a respons\u00e1vel por executar desde as <strong>principais m\u00fasicas<\/strong> de abertura e encerramento, at\u00e9 <strong>trilhas e temas das principais sagas<\/strong> das s\u00e9ries, al\u00e9m de participa\u00e7\u00f5es especiais e surpresas.<\/p>\n<h4 class=\"wp-block-heading\"><strong>Ingressos<\/strong><\/h4>\n<p>Os ingressos para as apresenta\u00e7\u00f5es podem ser adquiridos de <strong>forma on-line<\/strong>, atrav\u00e9s da plataforma \u2018<strong>Clube dos Ingressos\u2019<\/strong>. <strong><mark style=\"background-color:#fcb900\" class=\"has-inline-color\">Eles variam entre R$ 90 (meia-entrada) e R$ 180 (inteira).<\/mark><\/strong><\/p>\n<ul>\n<li>Para adquirir os ingressos para o evento dos<strong> Cavaleiros do Zod\u00edaco<\/strong>, <a href=\"https:\/\/www.clubedoingresso.com\/evento\/pegasussymphony-ribeiraopreto\" target=\"_blank\" rel=\"noreferrer noopener\">clique aqui<\/a>. <\/li>\n<\/ul>\n<ul>\n<li>Para adquirir os ingressos para o evento de <strong>Dragon Ball<\/strong>, <a href=\"https:\/\/www.clubedoingresso.com\/evento\/dragonconcert-ribeiraopreto\" target=\"_blank\" rel=\"noreferrer noopener\">clique aqui<\/a>. <\/li>\n<\/ul>\n<p><em>Vale ressaltar que os valores podem ser alterados devido \u00e0 virada de lote.<\/em><\/p>\n<h4 class=\"wp-block-heading\"><strong>Servi\u00e7os<\/strong><\/h4>\n<p><strong><mark style=\"background-color:#fcb900\" class=\"has-inline-color\"><em>Pegasus Symphony<\/em><\/mark><\/strong><\/p>\n<p>Quando: 02 de abril de 2024 (ter\u00e7a-feira)<\/p>\n<p>Abertura: 19h30 \/ In\u00edcio da apresenta\u00e7\u00e3o: 20h30<\/p>\n<p>Endere\u00e7o: Espa\u00e7o G3 \u2013 rua Guatapar\u00e1, 567 \u2013 Vila Virg\u00ednia \u2013 Ribeir\u00e3o Preto<\/p>\n<p>Classifica\u00e7\u00e3o: 16 anos (menores podem entrar acompanhados de pai ou m\u00e3e)<\/p>\n<p>Ingressos: a partir de R$ 90 \u2013<a href=\"https:\/\/www.clubedoingresso.com\/evento\/pegasussymphony-ribeiraopreto\" target=\"_blank\" rel=\"noreferrer noopener\"> clique aqui para adquirir<\/a><\/p>\n<p><em><strong><mark style=\"background-color:#fcb900\" class=\"has-inline-color\">Dragon Concert<\/mark><\/strong><\/em><\/p>\n<p>Quando: 03 de abril de 2024 (quarta-feira)<\/p>\n<p>Abertura: 19h30 \/ In\u00edcio da apresenta\u00e7\u00e3o: 20h30<\/p>\n<p>Endere\u00e7o: Espa\u00e7o G3 \u2013 rua Guatapar\u00e1, 567 \u2013 Vila Virg\u00ednia \u2013 Ribeir\u00e3o Preto<\/p>\n<p>Classifica\u00e7\u00e3o: 16 anos (menores podem entrar acompanhados de pai ou m\u00e3e)<\/p>\n<p>Ingressos: a partir de R$ 90 \u2013 <a href=\"https:\/\/www.clubedoingresso.com\/evento\/dragonconcert-ribeiraopreto\" target=\"_blank\" rel=\"noreferrer noopener\">clique aqui para adquirir<\/a><\/p>\n<hr class=\"wp-block-separator has-alpha-channel-opacity\"\/>\n<p>SAIBA MAIS<\/p>\n<p>Zona Norte de Ribeir\u00e3o recebe apresenta\u00e7\u00e3o teatral gratuita; Saiba como assistir<\/p>\n<h4 class=\"wp-block-heading\"><strong><mark style=\"background-color:#fcb900\" class=\"has-inline-color\">FIQUE ON<\/mark><\/strong><\/h4>\n<p>Fique ligado em tudo que acontece em Ribeir\u00e3o Preto e regi\u00e3o. Siga os perfis do\u00a0<strong>acidade on<\/strong>\u00a0no<a href=\"https:\/\/www.instagram.com\/acidadeonribeirao\" target=\"_blank\" rel=\"noreferrer noopener\">\u00a0Instagram<\/a>\u00a0e no\u00a0<a href=\"https:\/\/www.facebook.com\/acidadeonribeirao\" target=\"_blank\" rel=\"noreferrer noopener\">Facebook<\/a>.<\/p>\n<p>Receba not\u00edcias do acidade on no WhatsApp. Para entrar no grupo, basta\u00a0<a href=\"https:\/\/chat.whatsapp.com\/Bnv2w66ZT4VDyZW3oiZ69n\" target=\"_blank\" rel=\"noreferrer noopener\">clicar aqui<\/a>.<\/p>\n<p>Fa\u00e7a uma den\u00fancia ou sugira uma reportagem sobre Ribeir\u00e3o Preto e regi\u00e3o pelo WhatsApp: 16 99117 7802.<\/p>\n<p>VEJA TAMB\u00c9M<\/p>\n<p>Quem \u00e9 o cantor que ficava com Alane do BBB 24?<\/p>\n<p><!-- AI CONTENT END 1 -->\n<\/div>\n<p><script async src=\"\/\/www.instagram.com\/embed.js\"><\/script><br \/>\n<br \/><br \/>\n<br \/><a href=\"https:\/\/www.acidadeon.com\/ribeiraopreto\/lazer-e-cultura\/ribeirao-recebe-espetaculo-musical-de-cavaleiros-do-zodiaco-e-dragon-ball-veja-quando\/\">Source link <\/a><\/p>\n<!-- CONTENT END 1 -->\n","protected":false},"excerpt":{"rendered":"<p>Ribeir\u00e3o Preto recebe nos dias 02 e 03 de abril, o \u2018Pegasus Symphony\u2018 e o \u2018Dragon Concert\u2018, espet\u00e1culos musicais com orquestra ao vivo, que homenagearam&#8230;<\/p>\n","protected":false},"author":1,"featured_media":41848,"comment_status":"open","ping_status":"open","sticky":false,"template":"","format":"standard","meta":{"advanced_seo_description":"","jetpack_seo_html_title":"","jetpack_seo_noindex":false,"jetpack_post_was_ever_published":false,"_jetpack_newsletter_access":"","_jetpack_dont_email_post_to_subs":false,"_jetpack_newsletter_tier_id":0,"_jetpack_memberships_contains_paywalled_content":false,"_jetpack_memberships_contains_paid_content":false,"footnotes":"","jetpack_publicize_message":"","jetpack_publicize_feature_enabled":true,"jetpack_social_post_already_shared":true,"jetpack_social_options":{"image_generator_settings":{"template":"highway","default_image_id":0,"font":"","enabled":false},"version":2}},"categories":[11],"tags":[],"class_list":["post-41847","post","type-post","status-publish","format-standard","has-post-thumbnail","hentry","category-noticias-de-ribeirao-preto-sp-e-regiao-ismael-colosi"],"jetpack_publicize_connections":[],"jetpack_featured_media_url":"https:\/\/i0.wp.com\/noticiasribeiraopreto.com.br\/wp-content\/uploads\/2024\/03\/AnyConv.com__Copia-de-Copia-de-TAMANHO-EXATO-PARA-FOTOS-NO-SISTEMA-NOVO-71.webp.webp?fit=1200%2C675&ssl=1","jetpack-related-posts":[{"id":12391,"url":"https:\/\/noticiasribeiraopreto.com.br\/index.php\/2023\/12\/07\/veja-os-animes-que-serao-exibidos-dublados-na-crunchyroll-meu-valor-digital\/","url_meta":{"origin":41847,"position":0},"title":"Veja os animes que ser\u00e3o exibidos dublados na Crunchyroll &#8211; Meu Valor Digital","author":"noticiasribeiraopreto.com.br","date":"7 de December de 2023","format":false,"excerpt":"Todas as quintas-feiras a Crunchyroll libera animes em vers\u00e3o dublada. O evento \u00e9 chamado pelo servi\u00e7o de streaming de \u201cQuintas de Dublagem\u201d. Neste m\u00eas de dezembro a plataforma est\u00e1 liberando a 2\u00aa temporada de duas s\u00e9ries bastante queridas: O Duque da Morte e Sua Empregada e Link Click ! Al\u00e9m\u2026","rel":"","context":"In &quot;Vagas de Emprego em Ribeir\u00e3o Preto-SP&quot;","block_context":{"text":"Vagas de Emprego em Ribeir\u00e3o Preto-SP","link":"https:\/\/noticiasribeiraopreto.com.br\/index.php\/category\/empregos-classificados-vagas-trabalho\/vagas-de-empregos-em-ribeirao-preto-regiao-brasil\/"},"img":{"alt_text":"","src":"https:\/\/i0.wp.com\/noticiasribeiraopreto.com.br\/wp-content\/uploads\/2023\/12\/Clique-no-link-2a-temporada-1.jpg?fit=1200%2C773&ssl=1&resize=350%2C200","width":350,"height":200,"srcset":"https:\/\/i0.wp.com\/noticiasribeiraopreto.com.br\/wp-content\/uploads\/2023\/12\/Clique-no-link-2a-temporada-1.jpg?fit=1200%2C773&ssl=1&resize=350%2C200 1x, https:\/\/i0.wp.com\/noticiasribeiraopreto.com.br\/wp-content\/uploads\/2023\/12\/Clique-no-link-2a-temporada-1.jpg?fit=1200%2C773&ssl=1&resize=525%2C300 1.5x, https:\/\/i0.wp.com\/noticiasribeiraopreto.com.br\/wp-content\/uploads\/2023\/12\/Clique-no-link-2a-temporada-1.jpg?fit=1200%2C773&ssl=1&resize=700%2C400 2x, https:\/\/i0.wp.com\/noticiasribeiraopreto.com.br\/wp-content\/uploads\/2023\/12\/Clique-no-link-2a-temporada-1.jpg?fit=1200%2C773&ssl=1&resize=1050%2C600 3x"},"classes":[]},{"id":12881,"url":"https:\/\/noticiasribeiraopreto.com.br\/index.php\/2023\/12\/08\/hbo-max-tera-mais-de-30-lancamentos-em-dezembro-veja-a-lista\/","url_meta":{"origin":41847,"position":1},"title":"HBO Max ter\u00e1 mais de 30 lan\u00e7amentos em dezembro; veja a lista","author":"noticiasribeiraopreto.com.br","date":"8 de December de 2023","format":false,"excerpt":"Cr\u00e9ditos: Divulga\u00e7\u00e3o\/HBO MaxO que chega na HBO Max em dezembro de 2023?O \u00faltimo m\u00eas de 2023 promete grandes estreias na HBO Max! Em dezembro, a plataforma de streaming trar\u00e1 novas s\u00e9ries, document\u00e1rios, animes e filmes para o cat\u00e1logo.O destaque, obviamente, fica com os longas que acabaram de sair dos cinemas,\u2026","rel":"","context":"In &quot;Variedades&quot;","block_context":{"text":"Variedades","link":"https:\/\/noticiasribeiraopreto.com.br\/index.php\/category\/variedades\/"},"img":{"alt_text":"","src":"https:\/\/i0.wp.com\/noticiasribeiraopreto.com.br\/wp-content\/uploads\/2023\/12\/hbo-max-26mai2021.jpg?fit=1200%2C638&ssl=1&resize=350%2C200","width":350,"height":200,"srcset":"https:\/\/i0.wp.com\/noticiasribeiraopreto.com.br\/wp-content\/uploads\/2023\/12\/hbo-max-26mai2021.jpg?fit=1200%2C638&ssl=1&resize=350%2C200 1x, https:\/\/i0.wp.com\/noticiasribeiraopreto.com.br\/wp-content\/uploads\/2023\/12\/hbo-max-26mai2021.jpg?fit=1200%2C638&ssl=1&resize=525%2C300 1.5x, https:\/\/i0.wp.com\/noticiasribeiraopreto.com.br\/wp-content\/uploads\/2023\/12\/hbo-max-26mai2021.jpg?fit=1200%2C638&ssl=1&resize=700%2C400 2x, https:\/\/i0.wp.com\/noticiasribeiraopreto.com.br\/wp-content\/uploads\/2023\/12\/hbo-max-26mai2021.jpg?fit=1200%2C638&ssl=1&resize=1050%2C600 3x"},"classes":[]},{"id":67073,"url":"https:\/\/noticiasribeiraopreto.com.br\/index.php\/2025\/04\/09\/teatro-municipal-de-ribeirao-preto-recebe-o-musical-refrao-da-furia\/","url_meta":{"origin":41847,"position":2},"title":"Teatro Municipal de Ribeir\u00e3o Preto recebe o musical \u2018Refr\u00e3o da F\u00faria\u2019","author":"noticiasribeiraopreto.com.br","date":"9 de April de 2025","format":false,"excerpt":"O Teatro Municipal de Ribeir\u00e3o Preto recebe no pr\u00f3ximo dia 17 de abril, \u00e0s 20h, o musical \u201cRefr\u00e3o da F\u00faria\u201d, inspirada em cantores da m\u00fasica popular brasileira e rock nacional. O espet\u00e1culo faz parte da programa\u00e7\u00e3o da 18\u00aa Mostra de Teatro TPC. A hist\u00f3ria acompanha a forma\u00e7\u00e3o de uma banda\u2026","rel":"","context":"In &quot;Not\u00edcias de Ribeir\u00e3o Preto-SP e Regi\u00e3o&quot;","block_context":{"text":"Not\u00edcias de Ribeir\u00e3o Preto-SP e Regi\u00e3o","link":"https:\/\/noticiasribeiraopreto.com.br\/index.php\/category\/noticias-de-ribeirao-preto-sp-e-regiao-ismael-colosi\/"},"img":{"alt_text":"","src":"https:\/\/i0.wp.com\/noticiasribeiraopreto.com.br\/wp-content\/uploads\/2025\/04\/Copia-de-Copia-de-Copia-de-TAMANHO-EXATO-PARA-FOTOS-NO-SISTEMA-NOVO-46_2025-04-09_16-25-55_jpg_2025-04-09_16-25-55.webp.webp?fit=1200%2C675&ssl=1&resize=350%2C200","width":350,"height":200,"srcset":"https:\/\/i0.wp.com\/noticiasribeiraopreto.com.br\/wp-content\/uploads\/2025\/04\/Copia-de-Copia-de-Copia-de-TAMANHO-EXATO-PARA-FOTOS-NO-SISTEMA-NOVO-46_2025-04-09_16-25-55_jpg_2025-04-09_16-25-55.webp.webp?fit=1200%2C675&ssl=1&resize=350%2C200 1x, https:\/\/i0.wp.com\/noticiasribeiraopreto.com.br\/wp-content\/uploads\/2025\/04\/Copia-de-Copia-de-Copia-de-TAMANHO-EXATO-PARA-FOTOS-NO-SISTEMA-NOVO-46_2025-04-09_16-25-55_jpg_2025-04-09_16-25-55.webp.webp?fit=1200%2C675&ssl=1&resize=525%2C300 1.5x, https:\/\/i0.wp.com\/noticiasribeiraopreto.com.br\/wp-content\/uploads\/2025\/04\/Copia-de-Copia-de-Copia-de-TAMANHO-EXATO-PARA-FOTOS-NO-SISTEMA-NOVO-46_2025-04-09_16-25-55_jpg_2025-04-09_16-25-55.webp.webp?fit=1200%2C675&ssl=1&resize=700%2C400 2x, https:\/\/i0.wp.com\/noticiasribeiraopreto.com.br\/wp-content\/uploads\/2025\/04\/Copia-de-Copia-de-Copia-de-TAMANHO-EXATO-PARA-FOTOS-NO-SISTEMA-NOVO-46_2025-04-09_16-25-55_jpg_2025-04-09_16-25-55.webp.webp?fit=1200%2C675&ssl=1&resize=1050%2C600 3x"},"classes":[]},{"id":63217,"url":"https:\/\/noticiasribeiraopreto.com.br\/index.php\/2025\/02\/06\/emilia-perez-e-blindado-chegam-aos-cinemas-de-ribeirao-preto-veja-os-trailers\/","url_meta":{"origin":41847,"position":3},"title":"\u2018Emilia P\u00e9rez\u2019 e \u2018Blindado\u2019 chegam aos cinemas de Ribeir\u00e3o Preto; Veja os trailers","author":"noticiasribeiraopreto.com.br","date":"6 de February de 2025","format":false,"excerpt":"Os cinemas de Ribeir\u00e3o Preto t\u00eam quatro estreias nesta quinta-feira (6). Entre os filmes em cartaz est\u00e3o o filme indicado ao Oscar 2025 \u201cEmilia P\u00e9rez\u201d e o novo longa de a\u00e7\u00e3o com Sylvester Stallone, \u201cBlindado\u201d. Confira a programa\u00e7\u00e3o completa abaixo. Ribeir\u00e3o Preto conta com quatro cinemas: o UCI localizado no\u2026","rel":"","context":"In &quot;Not\u00edcias de Ribeir\u00e3o Preto-SP e Regi\u00e3o&quot;","block_context":{"text":"Not\u00edcias de Ribeir\u00e3o Preto-SP e Regi\u00e3o","link":"https:\/\/noticiasribeiraopreto.com.br\/index.php\/category\/noticias-de-ribeirao-preto-sp-e-regiao-ismael-colosi\/"},"img":{"alt_text":"","src":"https:\/\/i0.wp.com\/noticiasribeiraopreto.com.br\/wp-content\/uploads\/2025\/02\/emilia-perez-1155x770-1_2025-02-06_15-11-00.webp.webp?fit=1155%2C770&ssl=1&resize=350%2C200","width":350,"height":200,"srcset":"https:\/\/i0.wp.com\/noticiasribeiraopreto.com.br\/wp-content\/uploads\/2025\/02\/emilia-perez-1155x770-1_2025-02-06_15-11-00.webp.webp?fit=1155%2C770&ssl=1&resize=350%2C200 1x, https:\/\/i0.wp.com\/noticiasribeiraopreto.com.br\/wp-content\/uploads\/2025\/02\/emilia-perez-1155x770-1_2025-02-06_15-11-00.webp.webp?fit=1155%2C770&ssl=1&resize=525%2C300 1.5x, https:\/\/i0.wp.com\/noticiasribeiraopreto.com.br\/wp-content\/uploads\/2025\/02\/emilia-perez-1155x770-1_2025-02-06_15-11-00.webp.webp?fit=1155%2C770&ssl=1&resize=700%2C400 2x, https:\/\/i0.wp.com\/noticiasribeiraopreto.com.br\/wp-content\/uploads\/2025\/02\/emilia-perez-1155x770-1_2025-02-06_15-11-00.webp.webp?fit=1155%2C770&ssl=1&resize=1050%2C600 3x"},"classes":[]},{"id":11337,"url":"https:\/\/noticiasribeiraopreto.com.br\/index.php\/2023\/12\/06\/qual-jogo-do-touro-que-ganha-dinheiro\/","url_meta":{"origin":41847,"position":4},"title":"Qual Jogo do Touro que Ganha Dinheiro?","author":"noticiasribeiraopreto.com.br","date":"6 de December de 2023","format":false,"excerpt":"5 de dezembro de 2023 | 15:30 0No mercado de apostas, h\u00e1 jogos sobre v\u00e1rios temas que rendem dinheiro. Qual \u00e9 o seu tema e estilo de jogo favoritos? Talvez voc\u00ea j\u00e1 esteja familiarizado com o jogo do touro que ganha dinheiro. Esse \u00e9 um de uma s\u00e9rie de jogos\u2026","rel":"","context":"In &quot;Not\u00edcias de Ribeir\u00e3o Preto-SP e Regi\u00e3o&quot;","block_context":{"text":"Not\u00edcias de Ribeir\u00e3o Preto-SP e Regi\u00e3o","link":"https:\/\/noticiasribeiraopreto.com.br\/index.php\/category\/noticias-de-ribeirao-preto-sp-e-regiao-ismael-colosi\/"},"img":{"alt_text":"","src":"https:\/\/i0.wp.com\/noticiasribeiraopreto.com.br\/wp-content\/uploads\/2023\/12\/foto1.jpg?fit=802%2C401&ssl=1&resize=350%2C200","width":350,"height":200,"srcset":"https:\/\/i0.wp.com\/noticiasribeiraopreto.com.br\/wp-content\/uploads\/2023\/12\/foto1.jpg?fit=802%2C401&ssl=1&resize=350%2C200 1x, https:\/\/i0.wp.com\/noticiasribeiraopreto.com.br\/wp-content\/uploads\/2023\/12\/foto1.jpg?fit=802%2C401&ssl=1&resize=525%2C300 1.5x, https:\/\/i0.wp.com\/noticiasribeiraopreto.com.br\/wp-content\/uploads\/2023\/12\/foto1.jpg?fit=802%2C401&ssl=1&resize=700%2C400 2x"},"classes":[]},{"id":58982,"url":"https:\/\/noticiasribeiraopreto.com.br\/index.php\/2024\/10\/11\/veja-a-historia-da-imagem-de-nossa-senhora-que-foi-roubada-e-ficou-intacta-apos-incendio\/","url_meta":{"origin":41847,"position":5},"title":"Veja a hist\u00f3ria da imagem de Nossa Senhora que foi roubada e ficou intacta ap\u00f3s inc\u00eandio","author":"noticiasribeiraopreto.com.br","date":"11 de October de 2024","format":false,"excerpt":"A imagem de Nossa Senhora j\u00e1 foi alvo de roubo e ficou intacta, depois que um inc\u00eandio atingiu a capela onde a santa era venerada, em Aparecida de Monte Alto, distrito de Monte Alto,\u00a0cidade a aproximadamente 80 quil\u00f4metros de Ribeir\u00e3o Preto. O local hoje abriga o Santu\u00e1rio Diocesano de Nossa\u2026","rel":"","context":"In &quot;Not\u00edcias de Ribeir\u00e3o Preto-SP e Regi\u00e3o&quot;","block_context":{"text":"Not\u00edcias de Ribeir\u00e3o Preto-SP e Regi\u00e3o","link":"https:\/\/noticiasribeiraopreto.com.br\/index.php\/category\/noticias-de-ribeirao-preto-sp-e-regiao-ismael-colosi\/"},"img":{"alt_text":"","src":"https:\/\/i0.wp.com\/noticiasribeiraopreto.com.br\/wp-content\/uploads\/2024\/10\/NOSSA-SENHORA_2024-10-11_12-01-45_jpg_2024-10-11_12-01-46.webp.webp?fit=1200%2C831&ssl=1&resize=350%2C200","width":350,"height":200,"srcset":"https:\/\/i0.wp.com\/noticiasribeiraopreto.com.br\/wp-content\/uploads\/2024\/10\/NOSSA-SENHORA_2024-10-11_12-01-45_jpg_2024-10-11_12-01-46.webp.webp?fit=1200%2C831&ssl=1&resize=350%2C200 1x, https:\/\/i0.wp.com\/noticiasribeiraopreto.com.br\/wp-content\/uploads\/2024\/10\/NOSSA-SENHORA_2024-10-11_12-01-45_jpg_2024-10-11_12-01-46.webp.webp?fit=1200%2C831&ssl=1&resize=525%2C300 1.5x, https:\/\/i0.wp.com\/noticiasribeiraopreto.com.br\/wp-content\/uploads\/2024\/10\/NOSSA-SENHORA_2024-10-11_12-01-45_jpg_2024-10-11_12-01-46.webp.webp?fit=1200%2C831&ssl=1&resize=700%2C400 2x, https:\/\/i0.wp.com\/noticiasribeiraopreto.com.br\/wp-content\/uploads\/2024\/10\/NOSSA-SENHORA_2024-10-11_12-01-45_jpg_2024-10-11_12-01-46.webp.webp?fit=1200%2C831&ssl=1&resize=1050%2C600 3x"},"classes":[]}],"jetpack_sharing_enabled":true,"jetpack_shortlink":"https:\/\/wp.me\/peQAOb-aSX","_links":{"self":[{"href":"https:\/\/noticiasribeiraopreto.com.br\/index.php\/wp-json\/wp\/v2\/posts\/41847","targetHints":{"allow":["GET"]}}],"collection":[{"href":"https:\/\/noticiasribeiraopreto.com.br\/index.php\/wp-json\/wp\/v2\/posts"}],"about":[{"href":"https:\/\/noticiasribeiraopreto.com.br\/index.php\/wp-json\/wp\/v2\/types\/post"}],"author":[{"embeddable":true,"href":"https:\/\/noticiasribeiraopreto.com.br\/index.php\/wp-json\/wp\/v2\/users\/1"}],"replies":[{"embeddable":true,"href":"https:\/\/noticiasribeiraopreto.com.br\/index.php\/wp-json\/wp\/v2\/comments?post=41847"}],"version-history":[{"count":0,"href":"https:\/\/noticiasribeiraopreto.com.br\/index.php\/wp-json\/wp\/v2\/posts\/41847\/revisions"}],"wp:featuredmedia":[{"embeddable":true,"href":"https:\/\/noticiasribeiraopreto.com.br\/index.php\/wp-json\/wp\/v2\/media\/41848"}],"wp:attachment":[{"href":"https:\/\/noticiasribeiraopreto.com.br\/index.php\/wp-json\/wp\/v2\/media?parent=41847"}],"wp:term":[{"taxonomy":"category","embeddable":true,"href":"https:\/\/noticiasribeiraopreto.com.br\/index.php\/wp-json\/wp\/v2\/categories?post=41847"},{"taxonomy":"post_tag","embeddable":true,"href":"https:\/\/noticiasribeiraopreto.com.br\/index.php\/wp-json\/wp\/v2\/tags?post=41847"}],"curies":[{"name":"wp","href":"https:\/\/api.w.org\/{rel}","templated":true}]}}