{"id":41929,"date":"2024-03-12T08:32:23","date_gmt":"2024-03-12T11:32:23","guid":{"rendered":"https:\/\/noticiasribeiraopreto.com.br\/index.php\/2024\/03\/12\/376958-2\/"},"modified":"2024-03-12T08:32:23","modified_gmt":"2024-03-12T11:32:23","slug":"376958-2","status":"publish","type":"post","link":"https:\/\/noticiasribeiraopreto.com.br\/index.php\/2024\/03\/12\/376958-2\/","title":{"rendered":"Receita antecipa libera\u00e7\u00e3o de programa do IR 2024"},"content":{"rendered":"<div class='code-block code-block-1' style='margin: 8px 0 8px auto; text-align: right; display: block; clear: both;'>\n<p><a href=\"https:\/\/wa.link\/vpicfd\"><img data-recalc-dims=\"1\" class=\"wp-image-4922\" style=\"aspect-ratio: 2.0253164556962027; width: 561px; height: auto;\" src=\"https:\/\/i0.wp.com\/ismaelcolosi.com.br\/wp-content\/uploads\/2023\/11\/grupo-de-empregos-whatsapp-e-facebook-ismael-colosi-vagas.jpg?ssl=1\" alt=\"\" \/><\/a><\/p>\n<!-- \/wp:image -->\n<\/div>\n<p> <br \/>\n<\/p>\n<div id=\"post-376958\">\n<header class=\"entry-header penci-entry-header penci-title-center\">\n<p> <span class=\"entry-meta-item penci-posted-on\"><i class=\"fa fa-clock-o\"\/><time class=\"entry-date published\" datetime=\"2024-03-12T08:30:12-03:00\">12 de mar\u00e7o de 2024 | 8:30<\/time><time class=\"updated\" datetime=\"2024-03-11T18:40:19-03:00\">11 de mar\u00e7o de 2024 | 18:40<\/time><\/span><\/p>\n<p> <span class=\"penci-social-buttons penci-social-share-footer\"><a href=\"#\" class=\"penci-post-like penci_post-meta_item  single-like-button penci-social-item like\" data-post_id=\"376958\" title=\"Like\" data-like=\"Like\" data-unlike=\"Unlike\"><i class=\"fa fa-thumbs-o-up\"\/><span class=\"penci-share-number\">0<\/span><\/a><i class=\"fa fa-facebook\"\/><a class=\"penci-social-item twitter\" target=\"_blank\" rel=\"noopener\" title=\"\" href=\"https:\/\/twitter.com\/intent\/tweet?text=Receita%20antecipa%20libera\u00e7\u00e3o%20de%20programa%20do%20IR%202024%20-%20https:\/\/www.tribunaribeirao.com.br\/site\/376958-2\/\"><i class=\"fa fa-twitter\"\/><\/a><i class=\"fa fa-whatsapp\"\/><\/span><\/header>\n<div class=\"penci-entry-content entry-content\">\n<p>O contribuinte que quiser preencher antecipadamente a Declara\u00e7\u00e3o do Imposto de Renda Pessoa F\u00edsica 2024 poder\u00e1 baixar o programa gerador a partir desta ter\u00e7a-feira (12). A Receita Federal antecipou a libera\u00e7\u00e3o do programa, que inicialmente s\u00f3 seria baixado a partir de sexta-feira (15).<noscript><img data-recalc-dims=\"1\" decoding=\"async\" src=\"https:\/\/i0.wp.com\/agenciabrasil.ebc.com.br\/ebc.png?ssl=1\"\/><\/noscript><img data-recalc-dims=\"1\" decoding=\"async\" src=\"https:\/\/i0.wp.com\/agenciabrasil.ebc.com.br\/ebc.gif?ssl=1\" class=\"lazyload\"\/><noscript><img data-recalc-dims=\"1\" decoding=\"async\" src=\"https:\/\/i0.wp.com\/agenciabrasil.ebc.com.br\/ebc.gif?ssl=1\"\/><\/noscript><\/p>\n<p>O download antecipado ser\u00e1 poss\u00edvel apenas aos contribuintes com conta n\u00edvel prata e ouro no Portal Gov.br. Os demais ter\u00e3o de esperar at\u00e9 sexta-feira para baixar o programa.<\/p>\n<p>Em nota, o Supervisor Nacional do Programa do Imposto de Renda, Jos\u00e9 Carlos Fonseca, informou que a antecipa\u00e7\u00e3o do acesso ao programa permite ao contribuinte a possibilidade de verificar as informa\u00e7\u00f5es necess\u00e1rias e, se for o caso, levantar documenta\u00e7\u00f5es que porventura sejam necess\u00e1rias.<\/p>\n<p>O prazo de entrega da declara\u00e7\u00e3o do Imposto de Renda come\u00e7a \u00e0s 8h da pr\u00f3xima sexta-feira e vai at\u00e9 as 23h59min59s de 31 de maio. Neste ano, o Fisco espera receber 43 milh\u00f5es de declara\u00e7\u00f5es, contra 41.151.515 entregues em 2023.<\/p>\n<p>A declara\u00e7\u00e3o deste ano<a href=\"http:\/\/%3Chttps\/\/agenciabrasil.ebc.com.br\/economia\/noticia\/2024-03\/entenda-novas-regras-da-declaracao-do-imposto-de-renda%3E\" target=\"_blank\" rel=\"noopener\">\u00a0teve algumas mudan\u00e7as<\/a>. Por causa do novo limite de isen\u00e7\u00e3o, que entrou em vigor no ano passado, os valores de rendimentos isentos e n\u00e3o tribut\u00e1veis e de patrim\u00f4nio m\u00ednimo para declarar Imposto de Renda subiram . No entanto, os limites de dedu\u00e7\u00f5es n\u00e3o mudaram.<\/p>\n<\/div>\n<footer class=\"penci-entry-footer\"\/><\/div>\n<p><script async src=\"\/\/platform.twitter.com\/widgets.js\" charset=\"utf-8\"><\/script><br \/>\n<br \/><br \/>\n<br \/><a href=\"https:\/\/www.tribunaribeirao.com.br\/site\/376958-2\/\">Source link <\/a><\/p>\n<!-- CONTENT END 1 -->\n","protected":false},"excerpt":{"rendered":"<p>12 de mar\u00e7o de 2024 | 8:3011 de mar\u00e7o de 2024 | 18:40 0 O contribuinte que quiser preencher antecipadamente a Declara\u00e7\u00e3o do Imposto de&#8230;<\/p>\n","protected":false},"author":1,"featured_media":41930,"comment_status":"open","ping_status":"open","sticky":false,"template":"","format":"standard","meta":{"advanced_seo_description":"","jetpack_seo_html_title":"","jetpack_seo_noindex":false,"jetpack_post_was_ever_published":false,"_jetpack_newsletter_access":"","_jetpack_dont_email_post_to_subs":false,"_jetpack_newsletter_tier_id":0,"_jetpack_memberships_contains_paywalled_content":false,"_jetpack_memberships_contains_paid_content":false,"footnotes":"","jetpack_publicize_message":"","jetpack_publicize_feature_enabled":true,"jetpack_social_post_already_shared":true,"jetpack_social_options":{"image_generator_settings":{"template":"highway","default_image_id":0,"font":"","enabled":false},"version":2}},"categories":[11],"tags":[1771,3138,1071,1131],"class_list":["post-41929","post","type-post","status-publish","format-standard","has-post-thumbnail","hentry","category-noticias-de-ribeirao-preto-sp-e-regiao-ismael-colosi","tag-antecipa","tag-liberacao","tag-programa","tag-receita"],"jetpack_publicize_connections":[],"jetpack_featured_media_url":"https:\/\/i0.wp.com\/noticiasribeiraopreto.com.br\/wp-content\/uploads\/2024\/03\/1-LeaoIR-Marcello-Casal-Jr.-Ag.Br_.jpg?fit=675%2C450&ssl=1","jetpack-related-posts":[{"id":41940,"url":"https:\/\/noticiasribeiraopreto.com.br\/index.php\/2024\/03\/12\/imposto-de-renda-receita-antecipa-liberacao-de-programa-de-declaracao-entenda\/","url_meta":{"origin":41929,"position":0},"title":"Imposto de Renda: Receita antecipa libera\u00e7\u00e3o de programa de declara\u00e7\u00e3o; Entenda","author":"noticiasribeiraopreto.com.br","date":"12 de March de 2024","format":false,"excerpt":"O contribuinte que quiser preencher antecipadamente a Declara\u00e7\u00e3o do Imposto de Renda Pessoa F\u00edsica 2024 poder\u00e1 baixar o programa gerador a partir desta ter\u00e7a-feira (12). A Receita Federal antecipou a libera\u00e7\u00e3o do programa, que inicialmente s\u00f3 seria baixado a partir de sexta-feira (15). O download antecipado ser\u00e1 poss\u00edvel apenas aos\u2026","rel":"","context":"In &quot;Not\u00edcias de Ribeir\u00e3o Preto-SP e Regi\u00e3o&quot;","block_context":{"text":"Not\u00edcias de Ribeir\u00e3o Preto-SP e Regi\u00e3o","link":"https:\/\/noticiasribeiraopreto.com.br\/index.php\/category\/noticias-de-ribeirao-preto-sp-e-regiao-ismael-colosi\/"},"img":{"alt_text":"","src":"https:\/\/i0.wp.com\/noticiasribeiraopreto.com.br\/wp-content\/uploads\/2024\/03\/novo_lote_1024x576_22072020125933.jpg?fit=1024%2C575&ssl=1&resize=350%2C200","width":350,"height":200,"srcset":"https:\/\/i0.wp.com\/noticiasribeiraopreto.com.br\/wp-content\/uploads\/2024\/03\/novo_lote_1024x576_22072020125933.jpg?fit=1024%2C575&ssl=1&resize=350%2C200 1x, https:\/\/i0.wp.com\/noticiasribeiraopreto.com.br\/wp-content\/uploads\/2024\/03\/novo_lote_1024x576_22072020125933.jpg?fit=1024%2C575&ssl=1&resize=525%2C300 1.5x, https:\/\/i0.wp.com\/noticiasribeiraopreto.com.br\/wp-content\/uploads\/2024\/03\/novo_lote_1024x576_22072020125933.jpg?fit=1024%2C575&ssl=1&resize=700%2C400 2x"},"classes":[]},{"id":13095,"url":"https:\/\/noticiasribeiraopreto.com.br\/index.php\/2023\/12\/09\/governo-antecipa-calendario-do-bolsa-familia-em-dezembro\/","url_meta":{"origin":41929,"position":1},"title":"Governo antecipa calend\u00e1rio do Bolsa Fam\u00edlia em dezembro","author":"noticiasribeiraopreto.com.br","date":"9 de December de 2023","format":false,"excerpt":"Cr\u00e9ditos: Istock\/IltonRogerioNovo calend\u00e1rio do Bolsa Fam\u00edlia de dezembro \u00e9 divulgado; confira O m\u00eas de dezembro traz uma not\u00edcia positiva para os benefici\u00e1rios do Bolsa Fam\u00edlia em todo o pa\u00eds, j\u00e1 que o Governo Federal decidiu antecipar o calend\u00e1rio de pagamento. Essa iniciativa tem como objetivo principal garantir que as fam\u00edlias\u2026","rel":"","context":"In &quot;Variedades&quot;","block_context":{"text":"Variedades","link":"https:\/\/noticiasribeiraopreto.com.br\/index.php\/category\/variedades\/"},"img":{"alt_text":"","src":"https:\/\/i0.wp.com\/noticiasribeiraopreto.com.br\/wp-content\/uploads\/2023\/12\/1702116113_bolsa-familia-a-noticia-mais-esperada-de-setembro-acaba-de-chegar.jpg?fit=1200%2C638&ssl=1&resize=350%2C200","width":350,"height":200,"srcset":"https:\/\/i0.wp.com\/noticiasribeiraopreto.com.br\/wp-content\/uploads\/2023\/12\/1702116113_bolsa-familia-a-noticia-mais-esperada-de-setembro-acaba-de-chegar.jpg?fit=1200%2C638&ssl=1&resize=350%2C200 1x, https:\/\/i0.wp.com\/noticiasribeiraopreto.com.br\/wp-content\/uploads\/2023\/12\/1702116113_bolsa-familia-a-noticia-mais-esperada-de-setembro-acaba-de-chegar.jpg?fit=1200%2C638&ssl=1&resize=525%2C300 1.5x, https:\/\/i0.wp.com\/noticiasribeiraopreto.com.br\/wp-content\/uploads\/2023\/12\/1702116113_bolsa-familia-a-noticia-mais-esperada-de-setembro-acaba-de-chegar.jpg?fit=1200%2C638&ssl=1&resize=700%2C400 2x, https:\/\/i0.wp.com\/noticiasribeiraopreto.com.br\/wp-content\/uploads\/2023\/12\/1702116113_bolsa-familia-a-noticia-mais-esperada-de-setembro-acaba-de-chegar.jpg?fit=1200%2C638&ssl=1&resize=1050%2C600 3x"},"classes":[]},{"id":13931,"url":"https:\/\/noticiasribeiraopreto.com.br\/index.php\/2023\/12\/11\/bolsa-familia-antecipa-pagamento-para-municipios-em-situacao-de-emergencia-2\/","url_meta":{"origin":41929,"position":2},"title":"Bolsa Fam\u00edlia antecipa pagamento para munic\u00edpios em situa\u00e7\u00e3o de emerg\u00eancia","author":"noticiasribeiraopreto.com.br","date":"11 de December de 2023","format":false,"excerpt":"O Governo Federal vai antecipar o pagamento do Bolsa Fam\u00edlia para 150 munic\u00edpios de tr\u00eas estados que est\u00e3o em situa\u00e7\u00e3o de emerg\u00eancia ou de calamidade p\u00fablica. O pagamento unificado ser\u00e1 feito na pr\u00f3xima segunda-feira (11), beneficiando mais de 859,8 mil fam\u00edlias que receber\u00e3o R$ 615,5 milh\u00f5es. A medida \u00e9 adotada\u2026","rel":"","context":"In &quot;Vagas de Emprego em Ribeir\u00e3o Preto-SP&quot;","block_context":{"text":"Vagas de Emprego em Ribeir\u00e3o Preto-SP","link":"https:\/\/noticiasribeiraopreto.com.br\/index.php\/category\/empregos-classificados-vagas-trabalho\/vagas-de-empregos-em-ribeirao-preto-regiao-brasil\/"},"img":{"alt_text":"","src":"https:\/\/i0.wp.com\/noticiasribeiraopreto.com.br\/wp-content\/uploads\/2023\/12\/1702314012_bolsa-familia-divulgacao-mds.png?fit=1200%2C675&ssl=1&resize=350%2C200","width":350,"height":200,"srcset":"https:\/\/i0.wp.com\/noticiasribeiraopreto.com.br\/wp-content\/uploads\/2023\/12\/1702314012_bolsa-familia-divulgacao-mds.png?fit=1200%2C675&ssl=1&resize=350%2C200 1x, https:\/\/i0.wp.com\/noticiasribeiraopreto.com.br\/wp-content\/uploads\/2023\/12\/1702314012_bolsa-familia-divulgacao-mds.png?fit=1200%2C675&ssl=1&resize=525%2C300 1.5x, https:\/\/i0.wp.com\/noticiasribeiraopreto.com.br\/wp-content\/uploads\/2023\/12\/1702314012_bolsa-familia-divulgacao-mds.png?fit=1200%2C675&ssl=1&resize=700%2C400 2x, https:\/\/i0.wp.com\/noticiasribeiraopreto.com.br\/wp-content\/uploads\/2023\/12\/1702314012_bolsa-familia-divulgacao-mds.png?fit=1200%2C675&ssl=1&resize=1050%2C600 3x"},"classes":[]},{"id":11124,"url":"https:\/\/noticiasribeiraopreto.com.br\/index.php\/2023\/12\/05\/governo-lula-antecipa-bolsa-familia-de-dezembro-veja-datas\/","url_meta":{"origin":41929,"position":3},"title":"Governo Lula antecipa Bolsa Fam\u00edlia de dezembro; veja datas","author":"noticiasribeiraopreto.com.br","date":"5 de December de 2023","format":false,"excerpt":"Cr\u00e9ditos: Ag\u00eancia BrasilGoverno Lula antecipa pagamentos do Bolsa Fam\u00edlia O governo Lula, em colabora\u00e7\u00e3o com a Caixa Econ\u00f4mica Federal, anunciou a antecipa\u00e7\u00e3o do pagamento do Bolsa Fam\u00edlia de dezembro. Normalmente, os dep\u00f3sitos s\u00e3o realizados nos \u00faltimos 10 dias \u00fateis dos meses, mas em dezembro eles ocorrer\u00e3o do dia 11 ao\u2026","rel":"","context":"In &quot;Variedades&quot;","block_context":{"text":"Variedades","link":"https:\/\/noticiasribeiraopreto.com.br\/index.php\/category\/variedades\/"},"img":{"alt_text":"","src":"https:\/\/i0.wp.com\/noticiasribeiraopreto.com.br\/wp-content\/uploads\/2023\/12\/depositphotos-619569426-xl-scaled.jpg?fit=1200%2C638&ssl=1&resize=350%2C200","width":350,"height":200,"srcset":"https:\/\/i0.wp.com\/noticiasribeiraopreto.com.br\/wp-content\/uploads\/2023\/12\/depositphotos-619569426-xl-scaled.jpg?fit=1200%2C638&ssl=1&resize=350%2C200 1x, https:\/\/i0.wp.com\/noticiasribeiraopreto.com.br\/wp-content\/uploads\/2023\/12\/depositphotos-619569426-xl-scaled.jpg?fit=1200%2C638&ssl=1&resize=525%2C300 1.5x, https:\/\/i0.wp.com\/noticiasribeiraopreto.com.br\/wp-content\/uploads\/2023\/12\/depositphotos-619569426-xl-scaled.jpg?fit=1200%2C638&ssl=1&resize=700%2C400 2x, https:\/\/i0.wp.com\/noticiasribeiraopreto.com.br\/wp-content\/uploads\/2023\/12\/depositphotos-619569426-xl-scaled.jpg?fit=1200%2C638&ssl=1&resize=1050%2C600 3x"},"classes":[]},{"id":42064,"url":"https:\/\/noticiasribeiraopreto.com.br\/index.php\/2024\/03\/12\/centro-universitario-de-ribeirao-preto-oferece-auxilio-para-declaracao-do-irpf-2024\/","url_meta":{"origin":41929,"position":4},"title":"Centro universit\u00e1rio de Ribeir\u00e3o Preto oferece aux\u00edlio para declara\u00e7\u00e3o do IRPF 2024","author":"noticiasribeiraopreto.com.br","date":"12 de March de 2024","format":false,"excerpt":"Os alunos do curso de Ci\u00eancias Cont\u00e1beis do centro universit\u00e1rio Est\u00e1cio est\u00e3o com agendamento aberto para pessoas interessadas em receber aux\u00edlio, de gra\u00e7a, para o preenchimento e envio da declara\u00e7\u00e3o do Imposto de Renda deste ano. O programa do IRPF 2024 foi liberado pela Receita Federal nesta ter\u00e7a-feira (12) (veja\u2026","rel":"","context":"In &quot;Not\u00edcias de Ribeir\u00e3o Preto-SP e Regi\u00e3o&quot;","block_context":{"text":"Not\u00edcias de Ribeir\u00e3o Preto-SP e Regi\u00e3o","link":"https:\/\/noticiasribeiraopreto.com.br\/index.php\/category\/noticias-de-ribeirao-preto-sp-e-regiao-ismael-colosi\/"},"img":{"alt_text":"","src":"https:\/\/i0.wp.com\/noticiasribeiraopreto.com.br\/wp-content\/uploads\/2024\/03\/imposto-de-renda.jpg?fit=1170%2C700&ssl=1&resize=350%2C200","width":350,"height":200,"srcset":"https:\/\/i0.wp.com\/noticiasribeiraopreto.com.br\/wp-content\/uploads\/2024\/03\/imposto-de-renda.jpg?fit=1170%2C700&ssl=1&resize=350%2C200 1x, https:\/\/i0.wp.com\/noticiasribeiraopreto.com.br\/wp-content\/uploads\/2024\/03\/imposto-de-renda.jpg?fit=1170%2C700&ssl=1&resize=525%2C300 1.5x, https:\/\/i0.wp.com\/noticiasribeiraopreto.com.br\/wp-content\/uploads\/2024\/03\/imposto-de-renda.jpg?fit=1170%2C700&ssl=1&resize=700%2C400 2x, https:\/\/i0.wp.com\/noticiasribeiraopreto.com.br\/wp-content\/uploads\/2024\/03\/imposto-de-renda.jpg?fit=1170%2C700&ssl=1&resize=1050%2C600 3x"},"classes":[]},{"id":41455,"url":"https:\/\/noticiasribeiraopreto.com.br\/index.php\/2024\/03\/08\/bolsa-familia-beneficiarios-do-programa-irao-receber-cesta-basica-este-mes-confira-quem-tem-direito\/","url_meta":{"origin":41929,"position":5},"title":"Bolsa Fam\u00edlia: Benefici\u00e1rios do Programa ir\u00e3o receber cesta b\u00e1sica ESTE m\u00eas; Confira quem tem direito","author":"noticiasribeiraopreto.com.br","date":"8 de March de 2024","format":false,"excerpt":"O Minist\u00e9rio do Desenvolvimento Social (MDS) anunciou uma grande novidade para os benefici\u00e1rios em recente atualiza\u00e7\u00e3o do programa Bolsa Fam\u00edlia, que incluir\u00e1 uma parcela que ser\u00e1 fornecida \u00e0 cesta b\u00e1sica em Mar\u00e7o de 2024. A iniciativa tem como objetivo oferecer apoio adicional \u00e0s fam\u00edlias em situa\u00e7\u00e3o de vulnerabilidade, garantindo n\u00e3o\u2026","rel":"","context":"In &quot;Dinheiro e Investimento&quot;","block_context":{"text":"Dinheiro e Investimento","link":"https:\/\/noticiasribeiraopreto.com.br\/index.php\/category\/dinheiro-e-investimento-como-fazer-como-ganhar\/"},"img":{"alt_text":"","src":"https:\/\/i0.wp.com\/noticiasribeiraopreto.com.br\/wp-content\/uploads\/2024\/03\/dacao-de.webp.jpeg?fit=1200%2C630&ssl=1&resize=350%2C200","width":350,"height":200,"srcset":"https:\/\/i0.wp.com\/noticiasribeiraopreto.com.br\/wp-content\/uploads\/2024\/03\/dacao-de.webp.jpeg?fit=1200%2C630&ssl=1&resize=350%2C200 1x, https:\/\/i0.wp.com\/noticiasribeiraopreto.com.br\/wp-content\/uploads\/2024\/03\/dacao-de.webp.jpeg?fit=1200%2C630&ssl=1&resize=525%2C300 1.5x, https:\/\/i0.wp.com\/noticiasribeiraopreto.com.br\/wp-content\/uploads\/2024\/03\/dacao-de.webp.jpeg?fit=1200%2C630&ssl=1&resize=700%2C400 2x, https:\/\/i0.wp.com\/noticiasribeiraopreto.com.br\/wp-content\/uploads\/2024\/03\/dacao-de.webp.jpeg?fit=1200%2C630&ssl=1&resize=1050%2C600 3x"},"classes":[]}],"jetpack_sharing_enabled":true,"jetpack_shortlink":"https:\/\/wp.me\/peQAOb-aUh","_links":{"self":[{"href":"https:\/\/noticiasribeiraopreto.com.br\/index.php\/wp-json\/wp\/v2\/posts\/41929","targetHints":{"allow":["GET"]}}],"collection":[{"href":"https:\/\/noticiasribeiraopreto.com.br\/index.php\/wp-json\/wp\/v2\/posts"}],"about":[{"href":"https:\/\/noticiasribeiraopreto.com.br\/index.php\/wp-json\/wp\/v2\/types\/post"}],"author":[{"embeddable":true,"href":"https:\/\/noticiasribeiraopreto.com.br\/index.php\/wp-json\/wp\/v2\/users\/1"}],"replies":[{"embeddable":true,"href":"https:\/\/noticiasribeiraopreto.com.br\/index.php\/wp-json\/wp\/v2\/comments?post=41929"}],"version-history":[{"count":0,"href":"https:\/\/noticiasribeiraopreto.com.br\/index.php\/wp-json\/wp\/v2\/posts\/41929\/revisions"}],"wp:featuredmedia":[{"embeddable":true,"href":"https:\/\/noticiasribeiraopreto.com.br\/index.php\/wp-json\/wp\/v2\/media\/41930"}],"wp:attachment":[{"href":"https:\/\/noticiasribeiraopreto.com.br\/index.php\/wp-json\/wp\/v2\/media?parent=41929"}],"wp:term":[{"taxonomy":"category","embeddable":true,"href":"https:\/\/noticiasribeiraopreto.com.br\/index.php\/wp-json\/wp\/v2\/categories?post=41929"},{"taxonomy":"post_tag","embeddable":true,"href":"https:\/\/noticiasribeiraopreto.com.br\/index.php\/wp-json\/wp\/v2\/tags?post=41929"}],"curies":[{"name":"wp","href":"https:\/\/api.w.org\/{rel}","templated":true}]}}