{"id":41936,"date":"2024-03-12T09:14:38","date_gmt":"2024-03-12T12:14:38","guid":{"rendered":"https:\/\/noticiasribeiraopreto.com.br\/index.php\/2024\/03\/12\/show-do-jao-arrecada-25-toneladas-de-alimentos-em-ribeirao-preto\/"},"modified":"2024-03-12T09:14:38","modified_gmt":"2024-03-12T12:14:38","slug":"show-do-jao-arrecada-25-toneladas-de-alimentos-em-ribeirao-preto","status":"publish","type":"post","link":"https:\/\/noticiasribeiraopreto.com.br\/index.php\/2024\/03\/12\/show-do-jao-arrecada-25-toneladas-de-alimentos-em-ribeirao-preto\/","title":{"rendered":"Show do J\u00e3o arrecada 2,5 toneladas de alimentos em Ribeir\u00e3o Preto"},"content":{"rendered":"<div class='code-block code-block-1' style='margin: 8px 0 8px auto; text-align: right; display: block; clear: both;'>\n<p><a href=\"https:\/\/wa.link\/vpicfd\"><img data-recalc-dims=\"1\" class=\"wp-image-4922\" style=\"aspect-ratio: 2.0253164556962027; width: 561px; height: auto;\" src=\"https:\/\/i0.wp.com\/ismaelcolosi.com.br\/wp-content\/uploads\/2023\/11\/grupo-de-empregos-whatsapp-e-facebook-ismael-colosi-vagas.jpg?ssl=1\" alt=\"\" \/><\/a><\/p>\n<!-- \/wp:image -->\n<\/div>\n<p> <br \/>\n<\/p>\n<div data-td-block-uid=\"tdi_101\">\n<div class=\"tdb-block-inner td-fix-index\">\n<p><strong>O show do cantor J\u00e3o na \u201cSuperturn\u00ea\u201d, em Ribeir\u00e3o Preto, arrecadou 2,5 toneladas em alimentos n\u00e3o perec\u00edveis para doa\u00e7\u00e3o a entidades da cidade, por meio do Fundo Social de Solidariedade (FSS).<\/strong> O evento <strong>aconteceu<\/strong> no \u00faltimo<strong> s\u00e1bado (9)<\/strong>, no <strong>Est\u00e1dio Palma Travassos (Comercial)<\/strong>.<\/p>\n<p>O evento contou com a op\u00e7\u00e3o de\u00a0<strong>\u201cingresso solid\u00e1rio\u201d<\/strong>. Na entrada, equipes volunt\u00e1rias do\u00a0<strong>FSS<\/strong>\u00a0recebiam os\u00a0<strong>alimentos<\/strong> doados por f\u00e3s do cantor,\u00a0que posteriormente ser\u00e3o\u00a0<strong>destinados\u00a0<\/strong>ao atendimento de\u00a0<strong>pessoas\u00a0<\/strong>em\u00a0<strong>situa\u00e7\u00e3o de risco<\/strong>.<\/p>\n<blockquote class=\"wp-block-quote\">\n<p>\u201cMais um grande evento na cidade que nos ajuda a manter o abastecimento de alimentos. Os eventos que aderem ao ingresso solid\u00e1rio, al\u00e9m do entretenimento, a causa social \u00e9 tamb\u00e9m \u00e9 exercida\u201d, ressaltou a presidente do Fundo Social de Solidariedade, Mariana J\u00e1bali.<\/p>\n<\/blockquote>\n<p>SAIBA MAIS<br \/>Com onda de calor, interior de SP ainda pode ter chuva; Veja previs\u00e3o para 5 dias em Ribeir\u00e3o<\/p>\n<h4 class=\"wp-block-heading\"><strong>FIQUE ON<\/strong><\/h4>\n<p>Fique ligado em tudo que acontece em Ribeir\u00e3o Preto e regi\u00e3o. Siga os perfis do <strong>acidade on<\/strong> no <a href=\"https:\/\/www.instagram.com\/acidadeonribeirao\" target=\"_blank\" rel=\"noreferrer noopener\">Instagram<\/a> e no <a href=\"https:\/\/www.facebook.com\/acidadeonribeirao\" target=\"_blank\" rel=\"noreferrer noopener\">Facebook<\/a>.<\/p>\n<p>Receba not\u00edcias do acidade on no WhatsApp. Para entrar no grupo, basta<a href=\"https:\/\/chat.whatsapp.com\/Bnv2w66ZT4VDyZW3oiZ69n\" target=\"_blank\" rel=\"noreferrer noopener\"> clicar aqui<\/a>.<\/p>\n<p>Fa\u00e7a uma den\u00fancia ou sugira uma reportagem sobre Ribeir\u00e3o Preto e regi\u00e3o pelo WhatsApp: 16 99117 7802.<\/p>\n<p>VEJA TAMB\u00c9M<br \/>Leidy joga roupas de Davi na piscina no BBB 24<\/p>\n<p><!-- AI CONTENT END 1 -->\n<\/div>\n<\/div>\n<p><script async src=\"\/\/www.instagram.com\/embed.js\"><\/script><br \/>\n<br \/><br \/>\n<br \/><a href=\"https:\/\/www.acidadeon.com\/ribeiraopreto\/cotidiano\/show-do-jao-arrecada-25-toneladas-de-alimentos-em-ribeirao-preto\/\">Source link <\/a><\/p>\n<!-- CONTENT END 1 -->\n","protected":false},"excerpt":{"rendered":"<p>O show do cantor J\u00e3o na \u201cSuperturn\u00ea\u201d, em Ribeir\u00e3o Preto, arrecadou 2,5 toneladas em alimentos n\u00e3o perec\u00edveis para doa\u00e7\u00e3o a entidades da cidade, por meio&#8230;<\/p>\n","protected":false},"author":1,"featured_media":41937,"comment_status":"open","ping_status":"open","sticky":false,"template":"","format":"standard","meta":{"advanced_seo_description":"","jetpack_seo_html_title":"","jetpack_seo_noindex":false,"jetpack_post_was_ever_published":false,"_jetpack_newsletter_access":"","_jetpack_dont_email_post_to_subs":false,"_jetpack_newsletter_tier_id":0,"_jetpack_memberships_contains_paywalled_content":false,"_jetpack_memberships_contains_paid_content":false,"footnotes":"","jetpack_publicize_message":"","jetpack_publicize_feature_enabled":true,"jetpack_social_post_already_shared":true,"jetpack_social_options":{"image_generator_settings":{"template":"highway","default_image_id":0,"font":"","enabled":false},"version":2}},"categories":[11],"tags":[],"class_list":["post-41936","post","type-post","status-publish","format-standard","has-post-thumbnail","hentry","category-noticias-de-ribeirao-preto-sp-e-regiao-ismael-colosi"],"jetpack_publicize_connections":[],"jetpack_featured_media_url":"https:\/\/i0.wp.com\/noticiasribeiraopreto.com.br\/wp-content\/uploads\/2024\/03\/fss_turne_jao_1.jpg?fit=1044%2C692&ssl=1","jetpack-related-posts":[{"id":35415,"url":"https:\/\/noticiasribeiraopreto.com.br\/index.php\/2024\/02\/06\/bloco-california-arrecada-mais-de-2-toneladas-de-alimentos-em-ribeirao\/","url_meta":{"origin":41936,"position":0},"title":"Bloco Calif\u00f3rnia arrecada mais de 2 toneladas de alimentos em Ribeir\u00e3o","author":"noticiasribeiraopreto.com.br","date":"6 de February de 2024","format":false,"excerpt":"O Bloco Calif\u00f3rnia 2024 arrecadou 2,5 toneladas de alimentos n\u00e3o perec\u00edveis para doa\u00e7\u00e3o a entidades, por meio do Fundo Social de Solidariedade (FSS) de Ribeir\u00e3o Preto. O evento aconteceu no \u00faltimo s\u00e1bado (3), no Est\u00e1dio Palma Travassos (Comercial), e reuniu mais de 15 mil pessoas. O bloco contou com a\u2026","rel":"","context":"In &quot;Not\u00edcias de Ribeir\u00e3o Preto-SP e Regi\u00e3o&quot;","block_context":{"text":"Not\u00edcias de Ribeir\u00e3o Preto-SP e Regi\u00e3o","link":"https:\/\/noticiasribeiraopreto.com.br\/index.php\/category\/noticias-de-ribeirao-preto-sp-e-regiao-ismael-colosi\/"},"img":{"alt_text":"","src":"https:\/\/i0.wp.com\/noticiasribeiraopreto.com.br\/wp-content\/uploads\/2024\/02\/alimentos_fundo_social_5.jpg?fit=1200%2C900&ssl=1&resize=350%2C200","width":350,"height":200,"srcset":"https:\/\/i0.wp.com\/noticiasribeiraopreto.com.br\/wp-content\/uploads\/2024\/02\/alimentos_fundo_social_5.jpg?fit=1200%2C900&ssl=1&resize=350%2C200 1x, https:\/\/i0.wp.com\/noticiasribeiraopreto.com.br\/wp-content\/uploads\/2024\/02\/alimentos_fundo_social_5.jpg?fit=1200%2C900&ssl=1&resize=525%2C300 1.5x, https:\/\/i0.wp.com\/noticiasribeiraopreto.com.br\/wp-content\/uploads\/2024\/02\/alimentos_fundo_social_5.jpg?fit=1200%2C900&ssl=1&resize=700%2C400 2x, https:\/\/i0.wp.com\/noticiasribeiraopreto.com.br\/wp-content\/uploads\/2024\/02\/alimentos_fundo_social_5.jpg?fit=1200%2C900&ssl=1&resize=1050%2C600 3x"},"classes":[]},{"id":65909,"url":"https:\/\/noticiasribeiraopreto.com.br\/index.php\/2025\/03\/25\/show-do-capital-inicial-arrecada-16-tonelada-de-alimentos-para-o-fundo-social-de-solidariedade-de-ribeirao-preto\/","url_meta":{"origin":41936,"position":1},"title":"Show do Capital Inicial arrecada 1,6 tonelada de alimentos para o Fundo Social de Solidariedade de Ribeir\u00e3o Preto","author":"noticiasribeiraopreto.com.br","date":"25 de March de 2025","format":false,"excerpt":"Se em cima do palco a Banda Capital Inicial deu um verdadeiro show com a turn\u00ea que celebra os 25 anos do \u00e1lbum ac\u00fastico, fora dele, a solidariedade tamb\u00e9m teve seu espa\u00e7o. A apresenta\u00e7\u00e3o, realizada no \u00faltimo s\u00e1bado, 22, reuniu mais de 5 mil pessoas e arrecadou 1,6 tonelada de\u2026","rel":"","context":"In &quot;Not\u00edcias de Ribeir\u00e3o Preto-SP e Regi\u00e3o&quot;","block_context":{"text":"Not\u00edcias de Ribeir\u00e3o Preto-SP e Regi\u00e3o","link":"https:\/\/noticiasribeiraopreto.com.br\/index.php\/category\/noticias-de-ribeirao-preto-sp-e-regiao-ismael-colosi\/"},"img":{"alt_text":"","src":"https:\/\/i0.wp.com\/noticiasribeiraopreto.com.br\/wp-content\/uploads\/2025\/03\/WhatsApp-Image-2025-03-25-at-15.59.50.jpeg?fit=1200%2C900&ssl=1&resize=350%2C200","width":350,"height":200,"srcset":"https:\/\/i0.wp.com\/noticiasribeiraopreto.com.br\/wp-content\/uploads\/2025\/03\/WhatsApp-Image-2025-03-25-at-15.59.50.jpeg?fit=1200%2C900&ssl=1&resize=350%2C200 1x, https:\/\/i0.wp.com\/noticiasribeiraopreto.com.br\/wp-content\/uploads\/2025\/03\/WhatsApp-Image-2025-03-25-at-15.59.50.jpeg?fit=1200%2C900&ssl=1&resize=525%2C300 1.5x, https:\/\/i0.wp.com\/noticiasribeiraopreto.com.br\/wp-content\/uploads\/2025\/03\/WhatsApp-Image-2025-03-25-at-15.59.50.jpeg?fit=1200%2C900&ssl=1&resize=700%2C400 2x, https:\/\/i0.wp.com\/noticiasribeiraopreto.com.br\/wp-content\/uploads\/2025\/03\/WhatsApp-Image-2025-03-25-at-15.59.50.jpeg?fit=1200%2C900&ssl=1&resize=1050%2C600 3x"},"classes":[]},{"id":63512,"url":"https:\/\/noticiasribeiraopreto.com.br\/index.php\/2025\/02\/14\/bloco-california-arrecadara-alimentos-com-a-opcao-de-ingresso-solidario\/","url_meta":{"origin":41936,"position":2},"title":"Bloco Calif\u00f3rnia arrecadar\u00e1 alimentos com a op\u00e7\u00e3o de ingresso solid\u00e1rio","author":"noticiasribeiraopreto.com.br","date":"14 de February de 2025","format":false,"excerpt":"Trazendo a conscientiza\u00e7\u00e3o social presente em seu DNA, por mais um ano o Bloco Calif\u00f3rnia refor\u00e7a a sua parceria com o Fundo Social de Solidariedade de Ribeir\u00e3o Preto, por meio da doa\u00e7\u00e3o de alimentos que ser\u00e3o arrecadados durante o pr\u00e9-carnaval, que acontece no dia 22 de fevereiro, no Est\u00e1dio Palma\u2026","rel":"","context":"In &quot;Not\u00edcias de Ribeir\u00e3o Preto-SP e Regi\u00e3o&quot;","block_context":{"text":"Not\u00edcias de Ribeir\u00e3o Preto-SP e Regi\u00e3o","link":"https:\/\/noticiasribeiraopreto.com.br\/index.php\/category\/noticias-de-ribeirao-preto-sp-e-regiao-ismael-colosi\/"},"img":{"alt_text":"","src":"https:\/\/i0.wp.com\/noticiasribeiraopreto.com.br\/wp-content\/uploads\/2025\/02\/Imagem-do-WhatsApp-de-2025-02-14-as-15.47.22_e22a21a1.jpg?fit=800%2C600&ssl=1&resize=350%2C200","width":350,"height":200,"srcset":"https:\/\/i0.wp.com\/noticiasribeiraopreto.com.br\/wp-content\/uploads\/2025\/02\/Imagem-do-WhatsApp-de-2025-02-14-as-15.47.22_e22a21a1.jpg?fit=800%2C600&ssl=1&resize=350%2C200 1x, https:\/\/i0.wp.com\/noticiasribeiraopreto.com.br\/wp-content\/uploads\/2025\/02\/Imagem-do-WhatsApp-de-2025-02-14-as-15.47.22_e22a21a1.jpg?fit=800%2C600&ssl=1&resize=525%2C300 1.5x, https:\/\/i0.wp.com\/noticiasribeiraopreto.com.br\/wp-content\/uploads\/2025\/02\/Imagem-do-WhatsApp-de-2025-02-14-as-15.47.22_e22a21a1.jpg?fit=800%2C600&ssl=1&resize=700%2C400 2x"},"classes":[]},{"id":63945,"url":"https:\/\/noticiasribeiraopreto.com.br\/index.php\/2025\/02\/26\/bloco-california-entrega-tres-toneladas-de-alimentos-ao-fundo-social-de-solidariedade\/","url_meta":{"origin":41936,"position":3},"title":"Bloco Calif\u00f3rnia entrega tr\u00eas toneladas de alimentos ao Fundo Social de Solidariedade","author":"noticiasribeiraopreto.com.br","date":"26 de February de 2025","format":false,"excerpt":"Maior pr\u00e9-carnaval de Ribeir\u00e3o Preto e regi\u00e3o, o Bloco Calif\u00f3rnia embalou os foli\u00f5es e deu um show de solidariedade no \u00faltimo s\u00e1bado, 22 de fevereiro. Com mais de 15 mil pessoas reunidas para a folia antecipada, o evento arrecadou tr\u00eas toneladas de alimentos n\u00e3o perec\u00edveis com a op\u00e7\u00e3o de ingresso\u2026","rel":"","context":"In &quot;Not\u00edcias de Ribeir\u00e3o Preto-SP e Regi\u00e3o&quot;","block_context":{"text":"Not\u00edcias de Ribeir\u00e3o Preto-SP e Regi\u00e3o","link":"https:\/\/noticiasribeiraopreto.com.br\/index.php\/category\/noticias-de-ribeirao-preto-sp-e-regiao-ismael-colosi\/"},"img":{"alt_text":"","src":"https:\/\/i0.wp.com\/noticiasribeiraopreto.com.br\/wp-content\/uploads\/2025\/02\/WhatsApp-Image-2025-02-25-at-15.14.41.jpeg?fit=1200%2C800&ssl=1&resize=350%2C200","width":350,"height":200,"srcset":"https:\/\/i0.wp.com\/noticiasribeiraopreto.com.br\/wp-content\/uploads\/2025\/02\/WhatsApp-Image-2025-02-25-at-15.14.41.jpeg?fit=1200%2C800&ssl=1&resize=350%2C200 1x, https:\/\/i0.wp.com\/noticiasribeiraopreto.com.br\/wp-content\/uploads\/2025\/02\/WhatsApp-Image-2025-02-25-at-15.14.41.jpeg?fit=1200%2C800&ssl=1&resize=525%2C300 1.5x, https:\/\/i0.wp.com\/noticiasribeiraopreto.com.br\/wp-content\/uploads\/2025\/02\/WhatsApp-Image-2025-02-25-at-15.14.41.jpeg?fit=1200%2C800&ssl=1&resize=700%2C400 2x, https:\/\/i0.wp.com\/noticiasribeiraopreto.com.br\/wp-content\/uploads\/2025\/02\/WhatsApp-Image-2025-02-25-at-15.14.41.jpeg?fit=1200%2C800&ssl=1&resize=1050%2C600 3x"},"classes":[]},{"id":69839,"url":"https:\/\/noticiasribeiraopreto.com.br\/index.php\/2025\/05\/09\/fundo-social-recebeu-12-toneladas-de-alimentos-do-ribeirao-rodeo-music\/","url_meta":{"origin":41936,"position":4},"title":"Fundo Social recebeu 12 toneladas de alimentos do Ribeir\u00e3o Rodeo Music","author":"noticiasribeiraopreto.com.br","date":"9 de May de 2025","format":false,"excerpt":"O Fundo Social de Solidariedade de Ribeir\u00e3o Preto recebeu 12 toneladas de alimentos arrecadados durante os quatro dias do Ribeir\u00e3o Rodeo Music. O evento aconteceu nos dias 26 e 30 de abril e 2 e 3 de maio, no Parque Permanente de Exposi\u00e7\u00f5es. De acordo com o Fundo Social de\u2026","rel":"","context":"In &quot;Not\u00edcias de Ribeir\u00e3o Preto-SP e Regi\u00e3o&quot;","block_context":{"text":"Not\u00edcias de Ribeir\u00e3o Preto-SP e Regi\u00e3o","link":"https:\/\/noticiasribeiraopreto.com.br\/index.php\/category\/noticias-de-ribeirao-preto-sp-e-regiao-ismael-colosi\/"},"img":{"alt_text":"","src":"https:\/\/i0.wp.com\/noticiasribeiraopreto.com.br\/wp-content\/uploads\/2025\/05\/alimentos-RRM_2025-05-09_20-31-03.webp.webp?fit=1200%2C800&ssl=1&resize=350%2C200","width":350,"height":200,"srcset":"https:\/\/i0.wp.com\/noticiasribeiraopreto.com.br\/wp-content\/uploads\/2025\/05\/alimentos-RRM_2025-05-09_20-31-03.webp.webp?fit=1200%2C800&ssl=1&resize=350%2C200 1x, https:\/\/i0.wp.com\/noticiasribeiraopreto.com.br\/wp-content\/uploads\/2025\/05\/alimentos-RRM_2025-05-09_20-31-03.webp.webp?fit=1200%2C800&ssl=1&resize=525%2C300 1.5x, https:\/\/i0.wp.com\/noticiasribeiraopreto.com.br\/wp-content\/uploads\/2025\/05\/alimentos-RRM_2025-05-09_20-31-03.webp.webp?fit=1200%2C800&ssl=1&resize=700%2C400 2x, https:\/\/i0.wp.com\/noticiasribeiraopreto.com.br\/wp-content\/uploads\/2025\/05\/alimentos-RRM_2025-05-09_20-31-03.webp.webp?fit=1200%2C800&ssl=1&resize=1050%2C600 3x"},"classes":[]},{"id":69858,"url":"https:\/\/noticiasribeiraopreto.com.br\/index.php\/2025\/05\/09\/fundo-social-recebe-12-toneladas-de-alimentos-do-ribeirao-rodeo-music\/","url_meta":{"origin":41936,"position":5},"title":"Fundo Social recebe 12 toneladas de alimentos do Ribeir\u00e3o Rodeo Music","author":"noticiasribeiraopreto.com.br","date":"9 de May de 2025","format":false,"excerpt":"O Fundo Social de Solidariedade de Ribeir\u00e3o Preto recebeu 12 toneladas de alimentos arrecadados durante os quatro dias do Ribeir\u00e3o Rodeo Music. O evento aconteceu nos dias 26 e 30 de abril e 2 e 3 de maio, no Parque Permanente de Exposi\u00e7\u00f5es. De acordo com o Fundo Social de\u2026","rel":"","context":"In &quot;Not\u00edcias de Ribeir\u00e3o Preto-SP e Regi\u00e3o&quot;","block_context":{"text":"Not\u00edcias de Ribeir\u00e3o Preto-SP e Regi\u00e3o","link":"https:\/\/noticiasribeiraopreto.com.br\/index.php\/category\/noticias-de-ribeirao-preto-sp-e-regiao-ismael-colosi\/"},"img":{"alt_text":"","src":"https:\/\/i0.wp.com\/noticiasribeiraopreto.com.br\/wp-content\/uploads\/2025\/05\/alimentos-RRM_2025-05-09_20-31-03.webp.webp?fit=1200%2C800&ssl=1&resize=350%2C200","width":350,"height":200,"srcset":"https:\/\/i0.wp.com\/noticiasribeiraopreto.com.br\/wp-content\/uploads\/2025\/05\/alimentos-RRM_2025-05-09_20-31-03.webp.webp?fit=1200%2C800&ssl=1&resize=350%2C200 1x, https:\/\/i0.wp.com\/noticiasribeiraopreto.com.br\/wp-content\/uploads\/2025\/05\/alimentos-RRM_2025-05-09_20-31-03.webp.webp?fit=1200%2C800&ssl=1&resize=525%2C300 1.5x, https:\/\/i0.wp.com\/noticiasribeiraopreto.com.br\/wp-content\/uploads\/2025\/05\/alimentos-RRM_2025-05-09_20-31-03.webp.webp?fit=1200%2C800&ssl=1&resize=700%2C400 2x, https:\/\/i0.wp.com\/noticiasribeiraopreto.com.br\/wp-content\/uploads\/2025\/05\/alimentos-RRM_2025-05-09_20-31-03.webp.webp?fit=1200%2C800&ssl=1&resize=1050%2C600 3x"},"classes":[]}],"jetpack_sharing_enabled":true,"jetpack_shortlink":"https:\/\/wp.me\/peQAOb-aUo","_links":{"self":[{"href":"https:\/\/noticiasribeiraopreto.com.br\/index.php\/wp-json\/wp\/v2\/posts\/41936","targetHints":{"allow":["GET"]}}],"collection":[{"href":"https:\/\/noticiasribeiraopreto.com.br\/index.php\/wp-json\/wp\/v2\/posts"}],"about":[{"href":"https:\/\/noticiasribeiraopreto.com.br\/index.php\/wp-json\/wp\/v2\/types\/post"}],"author":[{"embeddable":true,"href":"https:\/\/noticiasribeiraopreto.com.br\/index.php\/wp-json\/wp\/v2\/users\/1"}],"replies":[{"embeddable":true,"href":"https:\/\/noticiasribeiraopreto.com.br\/index.php\/wp-json\/wp\/v2\/comments?post=41936"}],"version-history":[{"count":0,"href":"https:\/\/noticiasribeiraopreto.com.br\/index.php\/wp-json\/wp\/v2\/posts\/41936\/revisions"}],"wp:featuredmedia":[{"embeddable":true,"href":"https:\/\/noticiasribeiraopreto.com.br\/index.php\/wp-json\/wp\/v2\/media\/41937"}],"wp:attachment":[{"href":"https:\/\/noticiasribeiraopreto.com.br\/index.php\/wp-json\/wp\/v2\/media?parent=41936"}],"wp:term":[{"taxonomy":"category","embeddable":true,"href":"https:\/\/noticiasribeiraopreto.com.br\/index.php\/wp-json\/wp\/v2\/categories?post=41936"},{"taxonomy":"post_tag","embeddable":true,"href":"https:\/\/noticiasribeiraopreto.com.br\/index.php\/wp-json\/wp\/v2\/tags?post=41936"}],"curies":[{"name":"wp","href":"https:\/\/api.w.org\/{rel}","templated":true}]}}