{"id":41956,"date":"2024-03-12T10:51:39","date_gmt":"2024-03-12T13:51:39","guid":{"rendered":"https:\/\/noticiasribeiraopreto.com.br\/index.php\/2024\/03\/12\/adolescente-e-detido-com-quase-mil-porcoes-de-drogas\/"},"modified":"2024-03-12T10:51:39","modified_gmt":"2024-03-12T13:51:39","slug":"adolescente-e-detido-com-quase-mil-porcoes-de-drogas","status":"publish","type":"post","link":"https:\/\/noticiasribeiraopreto.com.br\/index.php\/2024\/03\/12\/adolescente-e-detido-com-quase-mil-porcoes-de-drogas\/","title":{"rendered":"Adolescente \u00e9 detido com quase mil por\u00e7\u00f5es de drogas"},"content":{"rendered":"<div class='code-block code-block-1' style='margin: 8px 0 8px auto; text-align: right; display: block; clear: both;'>\n<p><a href=\"https:\/\/wa.link\/vpicfd\"><img data-recalc-dims=\"1\" class=\"wp-image-4922\" style=\"aspect-ratio: 2.0253164556962027; width: 561px; height: auto;\" src=\"https:\/\/i0.wp.com\/ismaelcolosi.com.br\/wp-content\/uploads\/2023\/11\/grupo-de-empregos-whatsapp-e-facebook-ismael-colosi-vagas.jpg?ssl=1\" alt=\"\" \/><\/a><\/p>\n<!-- \/wp:image -->\n<\/div>\n<p> <br \/>\n<\/p>\n<div id=\"post-377080\">\n<header class=\"entry-header penci-entry-header penci-title-center\">\n<h2 class=\"penci-post-subtitle\">Entorpecentes estavam na mochila do menor, que foi flagrado na zona Oeste da cidade<\/h2>\n<p> <span class=\"entry-meta-item penci-posted-on\"><i class=\"fa fa-clock-o\"\/><time class=\"entry-date published updated\" datetime=\"2024-03-12T10:24:44-03:00\">12 de mar\u00e7o de 2024 | 10:24<\/time><\/span><\/p>\n<p> <span class=\"penci-social-buttons penci-social-share-footer\"><a href=\"#\" class=\"penci-post-like penci_post-meta_item  single-like-button penci-social-item like\" data-post_id=\"377080\" title=\"Like\" data-like=\"Like\" data-unlike=\"Unlike\"><i class=\"fa fa-thumbs-o-up\"\/><span class=\"penci-share-number\">2<\/span><\/a><i class=\"fa fa-facebook\"\/><a class=\"penci-social-item twitter\" target=\"_blank\" rel=\"noopener\" title=\"\" href=\"https:\/\/twitter.com\/intent\/tweet?text=Adolescente%20\u00e9%20detido%20com%20quase%20mil%20por\u00e7\u00f5es%20de%20drogas%20-%20https:\/\/www.tribunaribeirao.com.br\/site\/adolescente-e-detido-com-quase-mil-porcoes-de-drogas\/\"><i class=\"fa fa-twitter\"\/><\/a><i class=\"fa fa-whatsapp\"\/><\/span><\/header>\n<div class=\"penci-entry-content entry-content\">\n<p>Por: Adalberto Luque<\/p>\n<p>Um adolescente foi apreendido, na tarde desta segunda-feira (11), com uma mochila repleta de por\u00e7\u00f5es de drogas. Ele estava na Rua Jo\u00e3o Thomazo, Jardim Marchesi, zona Oeste de Ribeir\u00e3o Preto.<\/p>\n<p>Segundo informa\u00e7\u00f5es da Divis\u00e3o Especializada em Investiga\u00e7\u00f5es Criminais (DEIC), as drogas j\u00e1 estavam embaladas e prontas para vender aos usu\u00e1rios. Ele foi surpreendido por uma equipe da Delegacia de Investiga\u00e7\u00f5es Sobre Entorpecentes (DISE).<\/p>\n<p>Dentro da mochila, havia 779 c\u00e1psulas com coca\u00edna e 140 por\u00e7\u00f5es de maconha. A droga foi apreendida. O adolescente foi autuado por ato infracional an\u00e1logo ao tr\u00e1fico de drogas e ficou \u00e0 disposi\u00e7\u00e3o da Justi\u00e7a.<\/p>\n<\/div>\n<footer class=\"penci-entry-footer\"\/><\/div>\n<p><script async src=\"\/\/platform.twitter.com\/widgets.js\" charset=\"utf-8\"><\/script><br \/>\n<br \/><br \/>\n<br \/><a href=\"https:\/\/www.tribunaribeirao.com.br\/site\/adolescente-e-detido-com-quase-mil-porcoes-de-drogas\/\">Source link <\/a><\/p>\n<!-- CONTENT END 1 -->\n","protected":false},"excerpt":{"rendered":"<p>Entorpecentes estavam na mochila do menor, que foi flagrado na zona Oeste da cidade 12 de mar\u00e7o de 2024 | 10:24 2 Por: Adalberto Luque&#8230;<\/p>\n","protected":false},"author":1,"featured_media":41957,"comment_status":"open","ping_status":"open","sticky":false,"template":"","format":"standard","meta":{"advanced_seo_description":"","jetpack_seo_html_title":"","jetpack_seo_noindex":false,"jetpack_post_was_ever_published":false,"_jetpack_newsletter_access":"","_jetpack_dont_email_post_to_subs":false,"_jetpack_newsletter_tier_id":0,"_jetpack_memberships_contains_paywalled_content":false,"_jetpack_memberships_contains_paid_content":false,"footnotes":"","jetpack_publicize_message":"","jetpack_publicize_feature_enabled":true,"jetpack_social_post_already_shared":true,"jetpack_social_options":{"image_generator_settings":{"template":"highway","default_image_id":0,"font":"","enabled":false},"version":2}},"categories":[11],"tags":[78,1379,1050,402,3526,349],"class_list":["post-41956","post","type-post","status-publish","format-standard","has-post-thumbnail","hentry","category-noticias-de-ribeirao-preto-sp-e-regiao-ismael-colosi","tag-adolescente","tag-detido","tag-drogas","tag-mil","tag-porcoes","tag-quase"],"jetpack_publicize_connections":[],"jetpack_featured_media_url":"https:\/\/i0.wp.com\/noticiasribeiraopreto.com.br\/wp-content\/uploads\/2024\/03\/00-12-mar-2024-apreensao-dise-foto-deic.jpg?fit=564%2C423&ssl=1","jetpack-related-posts":[{"id":41149,"url":"https:\/\/noticiasribeiraopreto.com.br\/index.php\/2024\/03\/06\/rei-das-porcoes-homem-e-preso-com-mil-porcoes-de-drogas\/","url_meta":{"origin":41956,"position":0},"title":"Rei das por\u00e7\u00f5es: homem \u00e9 preso com mil por\u00e7\u00f5es de drogas","author":"noticiasribeiraopreto.com.br","date":"6 de March de 2024","format":false,"excerpt":"Pris\u00e3o ocorreu na zona Oeste e mais de 1 kg de entorpecentes foram apreendidos 6 de mar\u00e7o de 2024 | 16:37 0Por: Adalberto LuqueUm homem foi preso, na tarde desta ter\u00e7a-feira (05), com mais de mil por\u00e7\u00f5es de drogas. Ele foi detido na esquina da Avenida Arlindo Silva Pimenta com\u2026","rel":"","context":"In &quot;Not\u00edcias de Ribeir\u00e3o Preto-SP e Regi\u00e3o&quot;","block_context":{"text":"Not\u00edcias de Ribeir\u00e3o Preto-SP e Regi\u00e3o","link":"https:\/\/noticiasribeiraopreto.com.br\/index.php\/category\/noticias-de-ribeirao-preto-sp-e-regiao-ismael-colosi\/"},"img":{"alt_text":"","src":"https:\/\/i0.wp.com\/noticiasribeiraopreto.com.br\/wp-content\/uploads\/2024\/03\/00-06-mar-2024-drogas-dise-foto-divulgacao-scaled.jpg?fit=1000%2C634&ssl=1&resize=350%2C200","width":350,"height":200,"srcset":"https:\/\/i0.wp.com\/noticiasribeiraopreto.com.br\/wp-content\/uploads\/2024\/03\/00-06-mar-2024-drogas-dise-foto-divulgacao-scaled.jpg?fit=1000%2C634&ssl=1&resize=350%2C200 1x, https:\/\/i0.wp.com\/noticiasribeiraopreto.com.br\/wp-content\/uploads\/2024\/03\/00-06-mar-2024-drogas-dise-foto-divulgacao-scaled.jpg?fit=1000%2C634&ssl=1&resize=525%2C300 1.5x, https:\/\/i0.wp.com\/noticiasribeiraopreto.com.br\/wp-content\/uploads\/2024\/03\/00-06-mar-2024-drogas-dise-foto-divulgacao-scaled.jpg?fit=1000%2C634&ssl=1&resize=700%2C400 2x"},"classes":[]},{"id":12032,"url":"https:\/\/noticiasribeiraopreto.com.br\/index.php\/2023\/12\/07\/traficante-deixa-a-droga-e-foge-ao-ver-gcm\/","url_meta":{"origin":41956,"position":1},"title":"Traficante deixa a droga e foge ao ver GCM","author":"noticiasribeiraopreto.com.br","date":"7 de December de 2023","format":false,"excerpt":"Homem deixou mochila com mais de 1,5 mil por\u00e7\u00f5es de drogas 7 de dezembro de 2023 | 10:08 2Por: Adalberto LuqueA Guarda Civil Metropolitana apreendeu, na tarde desta quarta-feira (06) mais de 1,5 mil por\u00e7\u00f5es de drogas. O material estava com um homem que, ao notar a aproxima\u00e7\u00e3o da viatura,\u2026","rel":"","context":"In &quot;Not\u00edcias de Ribeir\u00e3o Preto-SP e Regi\u00e3o&quot;","block_context":{"text":"Not\u00edcias de Ribeir\u00e3o Preto-SP e Regi\u00e3o","link":"https:\/\/noticiasribeiraopreto.com.br\/index.php\/category\/noticias-de-ribeirao-preto-sp-e-regiao-ismael-colosi\/"},"img":{"alt_text":"","src":"https:\/\/i0.wp.com\/noticiasribeiraopreto.com.br\/wp-content\/uploads\/2023\/12\/00-07-dez-2023-apreensao-gcm-foto-max-gallao-mesquita-scaled.jpg?fit=911%2C645&ssl=1&resize=350%2C200","width":350,"height":200,"srcset":"https:\/\/i0.wp.com\/noticiasribeiraopreto.com.br\/wp-content\/uploads\/2023\/12\/00-07-dez-2023-apreensao-gcm-foto-max-gallao-mesquita-scaled.jpg?fit=911%2C645&ssl=1&resize=350%2C200 1x, https:\/\/i0.wp.com\/noticiasribeiraopreto.com.br\/wp-content\/uploads\/2023\/12\/00-07-dez-2023-apreensao-gcm-foto-max-gallao-mesquita-scaled.jpg?fit=911%2C645&ssl=1&resize=525%2C300 1.5x, https:\/\/i0.wp.com\/noticiasribeiraopreto.com.br\/wp-content\/uploads\/2023\/12\/00-07-dez-2023-apreensao-gcm-foto-max-gallao-mesquita-scaled.jpg?fit=911%2C645&ssl=1&resize=700%2C400 2x"},"classes":[]},{"id":40495,"url":"https:\/\/noticiasribeiraopreto.com.br\/index.php\/2024\/03\/04\/adolescente-e-apanhado-com-drogas-na-zona-leste\/","url_meta":{"origin":41956,"position":2},"title":"Adolescente \u00e9 apanhado com drogas na zona Leste","author":"noticiasribeiraopreto.com.br","date":"4 de March de 2024","format":false,"excerpt":"Rapaz tentou fugir quando viu a viatura da GCM, mas acabou apreendido 4 de mar\u00e7o de 2024 | 10:484 de mar\u00e7o de 2024 | 10:49 0Por: Adalberto LuqueUm adolescente foi apanhado com drogas, neste domingo (03). Ele andava pela Avenida Dr. Urandir Vieira de Souza Leite, Jardim Juliana, zona Leste\u2026","rel":"","context":"In &quot;Not\u00edcias de Ribeir\u00e3o Preto-SP e Regi\u00e3o&quot;","block_context":{"text":"Not\u00edcias de Ribeir\u00e3o Preto-SP e Regi\u00e3o","link":"https:\/\/noticiasribeiraopreto.com.br\/index.php\/category\/noticias-de-ribeirao-preto-sp-e-regiao-ismael-colosi\/"},"img":{"alt_text":"","src":"https:\/\/i0.wp.com\/noticiasribeiraopreto.com.br\/wp-content\/uploads\/2024\/03\/00-04-fev-2024-drogas-gcm-foto-divulgacao-scaled.jpg?fit=543%2C645&ssl=1&resize=350%2C200","width":350,"height":200,"srcset":"https:\/\/i0.wp.com\/noticiasribeiraopreto.com.br\/wp-content\/uploads\/2024\/03\/00-04-fev-2024-drogas-gcm-foto-divulgacao-scaled.jpg?fit=543%2C645&ssl=1&resize=350%2C200 1x, https:\/\/i0.wp.com\/noticiasribeiraopreto.com.br\/wp-content\/uploads\/2024\/03\/00-04-fev-2024-drogas-gcm-foto-divulgacao-scaled.jpg?fit=543%2C645&ssl=1&resize=525%2C300 1.5x"},"classes":[]},{"id":65283,"url":"https:\/\/noticiasribeiraopreto.com.br\/index.php\/2025\/03\/18\/policia-militar-encontra-maquina-de-cartao-e-r-10-mil-em-ponto-de-droga-na-avenida-dom-pedro-i\/","url_meta":{"origin":41956,"position":3},"title":"Pol\u00edcia Militar encontra m\u00e1quina de cart\u00e3o e R$ 10 mil em ponto de droga na avenida Dom Pedro I","author":"noticiasribeiraopreto.com.br","date":"18 de March de 2025","format":false,"excerpt":"A Pol\u00edcia Militar de Franca conseguiu prender um jovem de 18 anos e encontrou com ele R$ 10 mil em esp\u00e9cie, al\u00e9m de arma, drogas e m\u00e1quinas de cart\u00e3o utilizadas para a venda dos entorpecentes. Houve uma opera\u00e7\u00e3o na avenida Dom Pedro I, onde ocorreu o flagrante. Esse local onde\u2026","rel":"","context":"In &quot;Not\u00edcias de Franca-SP&quot;","block_context":{"text":"Not\u00edcias de Franca-SP","link":"https:\/\/noticiasribeiraopreto.com.br\/index.php\/category\/noticias-de-ribeirao-preto-sp-e-regiao-ismael-colosi\/noticias-franca-sp\/"},"img":{"alt_text":"","src":"https:\/\/i0.wp.com\/noticiasribeiraopreto.com.br\/wp-content\/uploads\/2025\/03\/Screenshot_20250318_120541_Instagram.jpg?fit=1080%2C703&ssl=1&resize=350%2C200","width":350,"height":200,"srcset":"https:\/\/i0.wp.com\/noticiasribeiraopreto.com.br\/wp-content\/uploads\/2025\/03\/Screenshot_20250318_120541_Instagram.jpg?fit=1080%2C703&ssl=1&resize=350%2C200 1x, https:\/\/i0.wp.com\/noticiasribeiraopreto.com.br\/wp-content\/uploads\/2025\/03\/Screenshot_20250318_120541_Instagram.jpg?fit=1080%2C703&ssl=1&resize=525%2C300 1.5x, https:\/\/i0.wp.com\/noticiasribeiraopreto.com.br\/wp-content\/uploads\/2025\/03\/Screenshot_20250318_120541_Instagram.jpg?fit=1080%2C703&ssl=1&resize=700%2C400 2x, https:\/\/i0.wp.com\/noticiasribeiraopreto.com.br\/wp-content\/uploads\/2025\/03\/Screenshot_20250318_120541_Instagram.jpg?fit=1080%2C703&ssl=1&resize=1050%2C600 3x"},"classes":[]},{"id":80387,"url":"https:\/\/noticiasribeiraopreto.com.br\/index.php\/2025\/12\/03\/video-acusados-de-roubos-sao-detidos-na-regiao\/","url_meta":{"origin":41956,"position":4},"title":"V\u00cdDEO &#8211; Acusados de roubos s\u00e3o detidos na regi\u00e3o","author":"noticiasribeiraopreto.com.br","date":"3 de December de 2025","format":false,"excerpt":"\r \r \r Grupo teria assaltado loja de celulares e furtado moto, divulgando o \u201cfeito\u201d em redes sociais\r \r 2 de dezembro de 2025 13:142 de dezembro de 2025 13:34 \r Compartilhar2 \r Por: Adalberto Luque Dois homens foram presos e dois adolescentes apreendidos, na manh\u00e3 desta ter\u00e7a-feira (2), por\u2026","rel":"","context":"In &quot;Not\u00edcias de Ribeir\u00e3o Preto-SP e Regi\u00e3o&quot;","block_context":{"text":"Not\u00edcias de Ribeir\u00e3o Preto-SP e Regi\u00e3o","link":"https:\/\/noticiasribeiraopreto.com.br\/index.php\/category\/noticias-de-ribeirao-preto-sp-e-regiao-ismael-colosi\/"},"img":{"alt_text":"","src":"https:\/\/i0.wp.com\/noticiasribeiraopreto.com.br\/wp-content\/uploads\/2025\/12\/02-dez-2025-assaltantesserrana1-scaled.jpg?fit=1200%2C675&ssl=1&resize=350%2C200","width":350,"height":200,"srcset":"https:\/\/i0.wp.com\/noticiasribeiraopreto.com.br\/wp-content\/uploads\/2025\/12\/02-dez-2025-assaltantesserrana1-scaled.jpg?fit=1200%2C675&ssl=1&resize=350%2C200 1x, https:\/\/i0.wp.com\/noticiasribeiraopreto.com.br\/wp-content\/uploads\/2025\/12\/02-dez-2025-assaltantesserrana1-scaled.jpg?fit=1200%2C675&ssl=1&resize=525%2C300 1.5x, https:\/\/i0.wp.com\/noticiasribeiraopreto.com.br\/wp-content\/uploads\/2025\/12\/02-dez-2025-assaltantesserrana1-scaled.jpg?fit=1200%2C675&ssl=1&resize=700%2C400 2x, https:\/\/i0.wp.com\/noticiasribeiraopreto.com.br\/wp-content\/uploads\/2025\/12\/02-dez-2025-assaltantesserrana1-scaled.jpg?fit=1200%2C675&ssl=1&resize=1050%2C600 3x"},"classes":[]},{"id":80743,"url":"https:\/\/noticiasribeiraopreto.com.br\/index.php\/2025\/12\/12\/preso-traficante-que-usava-cardapio-do-dia\/","url_meta":{"origin":41956,"position":5},"title":"Preso traficante que usava \u2018Card\u00e1pio do Dia\u2019","author":"noticiasribeiraopreto.com.br","date":"12 de December de 2025","format":false,"excerpt":"\r Homem fomentava delivery que entregava drogas convencionais e sint\u00e9ticas, inclusive por\u00e7\u00f5es de Tusei, conhecida por \u2018coca\u00edna rosa\u2019\r \r 12 de dezembro de 2025 12:07 \r Compartilhar1 Por: Adalberto Luque \u2013 Ap\u00f3s um trabalho de investiga\u00e7\u00e3o, dois homens foram presos, nesta quinta-feira (11), suspeitos de operarem um esquema de \u201cdelivery\u201d\u2026","rel":"","context":"In &quot;Not\u00edcias de Ribeir\u00e3o Preto-SP e Regi\u00e3o&quot;","block_context":{"text":"Not\u00edcias de Ribeir\u00e3o Preto-SP e Regi\u00e3o","link":"https:\/\/noticiasribeiraopreto.com.br\/index.php\/category\/noticias-de-ribeirao-preto-sp-e-regiao-ismael-colosi\/"},"img":{"alt_text":"","src":"https:\/\/i0.wp.com\/noticiasribeiraopreto.com.br\/wp-content\/uploads\/2025\/12\/12-dez-2025-deliverydroga2-scaled.jpg?fit=1194%2C780&ssl=1&resize=350%2C200","width":350,"height":200,"srcset":"https:\/\/i0.wp.com\/noticiasribeiraopreto.com.br\/wp-content\/uploads\/2025\/12\/12-dez-2025-deliverydroga2-scaled.jpg?fit=1194%2C780&ssl=1&resize=350%2C200 1x, https:\/\/i0.wp.com\/noticiasribeiraopreto.com.br\/wp-content\/uploads\/2025\/12\/12-dez-2025-deliverydroga2-scaled.jpg?fit=1194%2C780&ssl=1&resize=525%2C300 1.5x, https:\/\/i0.wp.com\/noticiasribeiraopreto.com.br\/wp-content\/uploads\/2025\/12\/12-dez-2025-deliverydroga2-scaled.jpg?fit=1194%2C780&ssl=1&resize=700%2C400 2x, https:\/\/i0.wp.com\/noticiasribeiraopreto.com.br\/wp-content\/uploads\/2025\/12\/12-dez-2025-deliverydroga2-scaled.jpg?fit=1194%2C780&ssl=1&resize=1050%2C600 3x"},"classes":[]}],"jetpack_sharing_enabled":true,"jetpack_shortlink":"https:\/\/wp.me\/peQAOb-aUI","_links":{"self":[{"href":"https:\/\/noticiasribeiraopreto.com.br\/index.php\/wp-json\/wp\/v2\/posts\/41956","targetHints":{"allow":["GET"]}}],"collection":[{"href":"https:\/\/noticiasribeiraopreto.com.br\/index.php\/wp-json\/wp\/v2\/posts"}],"about":[{"href":"https:\/\/noticiasribeiraopreto.com.br\/index.php\/wp-json\/wp\/v2\/types\/post"}],"author":[{"embeddable":true,"href":"https:\/\/noticiasribeiraopreto.com.br\/index.php\/wp-json\/wp\/v2\/users\/1"}],"replies":[{"embeddable":true,"href":"https:\/\/noticiasribeiraopreto.com.br\/index.php\/wp-json\/wp\/v2\/comments?post=41956"}],"version-history":[{"count":0,"href":"https:\/\/noticiasribeiraopreto.com.br\/index.php\/wp-json\/wp\/v2\/posts\/41956\/revisions"}],"wp:featuredmedia":[{"embeddable":true,"href":"https:\/\/noticiasribeiraopreto.com.br\/index.php\/wp-json\/wp\/v2\/media\/41957"}],"wp:attachment":[{"href":"https:\/\/noticiasribeiraopreto.com.br\/index.php\/wp-json\/wp\/v2\/media?parent=41956"}],"wp:term":[{"taxonomy":"category","embeddable":true,"href":"https:\/\/noticiasribeiraopreto.com.br\/index.php\/wp-json\/wp\/v2\/categories?post=41956"},{"taxonomy":"post_tag","embeddable":true,"href":"https:\/\/noticiasribeiraopreto.com.br\/index.php\/wp-json\/wp\/v2\/tags?post=41956"}],"curies":[{"name":"wp","href":"https:\/\/api.w.org\/{rel}","templated":true}]}}