{"id":41996,"date":"2024-03-12T13:45:21","date_gmt":"2024-03-12T16:45:21","guid":{"rendered":"https:\/\/noticiasribeiraopreto.com.br\/index.php\/2024\/03\/12\/usp-ribeirao-abre-concurso-publico-com-salarios-de-r-14-mil-veja-como-participar\/"},"modified":"2024-03-12T13:45:21","modified_gmt":"2024-03-12T16:45:21","slug":"usp-ribeirao-abre-concurso-publico-com-salarios-de-r-14-mil-veja-como-participar","status":"publish","type":"post","link":"https:\/\/noticiasribeiraopreto.com.br\/index.php\/2024\/03\/12\/usp-ribeirao-abre-concurso-publico-com-salarios-de-r-14-mil-veja-como-participar\/","title":{"rendered":"USP Ribeir\u00e3o abre concurso p\u00fablico com sal\u00e1rios de R$ 14 mil; Veja como participar"},"content":{"rendered":"<div class='code-block code-block-1' style='margin: 8px 0 8px auto; text-align: right; display: block; clear: both;'>\n<p><a href=\"https:\/\/wa.link\/vpicfd\"><img data-recalc-dims=\"1\" class=\"wp-image-4922\" style=\"aspect-ratio: 2.0253164556962027; width: 561px; height: auto;\" src=\"https:\/\/i0.wp.com\/ismaelcolosi.com.br\/wp-content\/uploads\/2023\/11\/grupo-de-empregos-whatsapp-e-facebook-ismael-colosi-vagas.jpg?ssl=1\" alt=\"\" \/><\/a><\/p>\n<!-- \/wp:image -->\n<\/div>\n<p> <br \/>\n<\/p>\n<p>A <strong><a href=\"https:\/\/www.forp.usp.br\/\" target=\"_blank\" rel=\"noreferrer noopener nofollow\">Faculdade de Odontologia de Ribeir\u00e3o Preto da USP (Universidade de S\u00e3o Paulo)<\/a><\/strong> publicou edital de <strong>concurso p\u00fablico<\/strong> com sal\u00e1rios de R$ 14.761,02. A oportunidade \u00e9 para o cargo de professor doutor.<\/p>\n<p>O aprovado ser\u00e1 lotado no departamento de Materiais Dent\u00e1rios e Pr\u00f3tese, na \u00e1rea de conhecimento de pr\u00f3tese total.<\/p>\n<p>O edital foi publicado na edi\u00e7\u00e3o desta ter\u00e7a-feira (12) do <a href=\"http:\/\/diariooficial.imprensaoficial.com.br\/nav_v6\/index.asp?c=34619&amp;e=20240312&amp;p=1\" target=\"_blank\" rel=\"noreferrer noopener nofollow\"><strong>Di\u00e1rio Oficial do Estado de S\u00e3o Paulo <\/strong>(clique aqui).<\/a><\/p>\n<p><mark style=\"background-color:#fcb900\" class=\"has-inline-color has-black-color\">As inscri\u00e7\u00f5es devem ser realizadas pela internet no site de admiss\u00f5es da<strong> <\/strong><a href=\"https:\/\/uspdigital.usp.br\/gr\/admissao\" target=\"_blank\" rel=\"noreferrer noopener nofollow\"><strong>USP<\/strong> (clique aqui)<\/a> no per\u00edodo entre 8h do dia 15 de mar\u00e7o e 17h do dia 13 de maio de 2024.<\/mark><\/p>\n<p>SAIBA MAIS<br \/>Lula confirma cria\u00e7\u00e3o do Instituto Federal de Ribeir\u00e3o Preto<\/p>\n<h4 class=\"wp-block-heading\"><strong>FIQUE ON<\/strong><\/h4>\n<p>Fique ligado em tudo que acontece em Ribeir\u00e3o Preto e regi\u00e3o. Siga os perfis do <strong>acidade on<\/strong> no<a href=\"https:\/\/www.instagram.com\/acidadeonribeirao\" target=\"_blank\" rel=\"noreferrer noopener nofollow\"> Instagram <\/a>e no <a href=\"https:\/\/www.facebook.com\/acidadeonribeirao\" target=\"_blank\" rel=\"noreferrer noopener nofollow\">Facebook<\/a>.<\/p>\n<p>Receba not\u00edcias do <strong>acidade on<\/strong> no WhatsApp.<a href=\"https:\/\/chat.whatsapp.com\/Bnv2w66ZT4VDyZW3oiZ69n\" target=\"_blank\" rel=\"noreferrer noopener nofollow\"> Para entrar no grupo, basta clicar aqui.<\/a><\/p>\n<p>Fa\u00e7a uma den\u00fancia ou sugira uma reportagem sobre Ribeir\u00e3o Preto e regi\u00e3o pelo WhatsApp: 16 99117 7802.<\/p>\n<p>VEJA TAMB\u00c9M<br \/>Jovens sem ensino b\u00e1sico e fora da escola s\u00e3o quase 10 milh\u00f5es<\/p>\n<p>O post USP Ribeir\u00e3o abre concurso p\u00fablico com sal\u00e1rios de R$ 14 mil; Veja como participar apareceu primeiro em ACidade ON Ribeir\u00e3o Preto.<\/p>\n<p><script async src=\"\/\/www.instagram.com\/embed.js\"><\/script><br \/>\n<br \/><br \/>\n<br \/><a href=\"https:\/\/www.acidadeon.com\/ribeiraopreto\/economia\/usp-ribeirao-abre-concurso-publico-com-salarios-de-r-14-mil-veja-como-participar\/\">Source link <\/a><\/p>\n<!-- CONTENT END 1 -->\n","protected":false},"excerpt":{"rendered":"<p>A Faculdade de Odontologia de Ribeir\u00e3o Preto da USP (Universidade de S\u00e3o Paulo) publicou edital de concurso p\u00fablico com sal\u00e1rios de R$ 14.761,02. A oportunidade&#8230;<\/p>\n","protected":false},"author":1,"featured_media":41997,"comment_status":"open","ping_status":"open","sticky":false,"template":"","format":"standard","meta":{"advanced_seo_description":"","jetpack_seo_html_title":"","jetpack_seo_noindex":false,"jetpack_post_was_ever_published":false,"_jetpack_newsletter_access":"","_jetpack_dont_email_post_to_subs":false,"_jetpack_newsletter_tier_id":0,"_jetpack_memberships_contains_paywalled_content":false,"_jetpack_memberships_contains_paid_content":false,"footnotes":"","jetpack_publicize_message":"","jetpack_publicize_feature_enabled":true,"jetpack_social_post_already_shared":true,"jetpack_social_options":{"image_generator_settings":{"template":"highway","default_image_id":0,"font":"","enabled":false},"version":2}},"categories":[11],"tags":[],"class_list":["post-41996","post","type-post","status-publish","format-standard","has-post-thumbnail","hentry","category-noticias-de-ribeirao-preto-sp-e-regiao-ismael-colosi"],"jetpack_publicize_connections":[],"jetpack_featured_media_url":"https:\/\/i0.wp.com\/noticiasribeiraopreto.com.br\/wp-content\/uploads\/2024\/03\/AnyConv.com__faculdade-odontologia-usp-ribeirao-preto.webp.webp?fit=1920%2C1080&ssl=1","jetpack-related-posts":[{"id":58666,"url":"https:\/\/noticiasribeiraopreto.com.br\/index.php\/2024\/10\/03\/usp-ribeirao-preto-tem-concurso-publico-com-salarios-de-r-15-mil-2\/","url_meta":{"origin":41996,"position":0},"title":"USP Ribeir\u00e3o Preto tem concurso p\u00fablico com sal\u00e1rios de R$ 15 mil","author":"noticiasribeiraopreto.com.br","date":"3 de October de 2024","format":false,"excerpt":"A Faculdade de Medicina de Ribeir\u00e3o Preto da USP (Universidade de S\u00e3o Paulo) publicou o edital do concurso p\u00fablico para o cargo de professor doutor no departamento de Ortopedia e Anestesiologia. Os sal\u00e1rios para o cargo s\u00e3o de R$ 15.498,97. As inscri\u00e7\u00f5es dever\u00e3o ser realizadas no per\u00edodo entre 9h do\u2026","rel":"","context":"In &quot;Not\u00edcias de Ribeir\u00e3o Preto-SP e Regi\u00e3o&quot;","block_context":{"text":"Not\u00edcias de Ribeir\u00e3o Preto-SP e Regi\u00e3o","link":"https:\/\/noticiasribeiraopreto.com.br\/index.php\/category\/noticias-de-ribeirao-preto-sp-e-regiao-ismael-colosi\/"},"img":{"alt_text":"","src":"https:\/\/i0.wp.com\/noticiasribeiraopreto.com.br\/wp-content\/uploads\/2024\/07\/fmrp4jpg_2024-07-11_23-52-20_jpg_2024-07-11_23-52-21.webp.webp?fit=1200%2C675&ssl=1&resize=350%2C200","width":350,"height":200,"srcset":"https:\/\/i0.wp.com\/noticiasribeiraopreto.com.br\/wp-content\/uploads\/2024\/07\/fmrp4jpg_2024-07-11_23-52-20_jpg_2024-07-11_23-52-21.webp.webp?fit=1200%2C675&ssl=1&resize=350%2C200 1x, https:\/\/i0.wp.com\/noticiasribeiraopreto.com.br\/wp-content\/uploads\/2024\/07\/fmrp4jpg_2024-07-11_23-52-20_jpg_2024-07-11_23-52-21.webp.webp?fit=1200%2C675&ssl=1&resize=525%2C300 1.5x, https:\/\/i0.wp.com\/noticiasribeiraopreto.com.br\/wp-content\/uploads\/2024\/07\/fmrp4jpg_2024-07-11_23-52-20_jpg_2024-07-11_23-52-21.webp.webp?fit=1200%2C675&ssl=1&resize=700%2C400 2x, https:\/\/i0.wp.com\/noticiasribeiraopreto.com.br\/wp-content\/uploads\/2024\/07\/fmrp4jpg_2024-07-11_23-52-20_jpg_2024-07-11_23-52-21.webp.webp?fit=1200%2C675&ssl=1&resize=1050%2C600 3x"},"classes":[]},{"id":58538,"url":"https:\/\/noticiasribeiraopreto.com.br\/index.php\/2024\/09\/30\/usp-ribeirao-preto-abre-concurso-publico-com-salarios-de-r-23-mil\/","url_meta":{"origin":41996,"position":1},"title":"USP Ribeir\u00e3o Preto abre concurso p\u00fablico com sal\u00e1rios de R$ 23 mil","author":"noticiasribeiraopreto.com.br","date":"30 de September de 2024","format":false,"excerpt":"A Faculdade de Filosofia, Ci\u00eancias e Letras de Ribeir\u00e3o Preto da USP (Universidade de S\u00e3o Paulo) publicou edital de concurso p\u00fablico para o cargo de professor titular. O sal\u00e1rio para fun\u00e7\u00e3o \u00e9 de R$ 23.039,56. O profissional vai atuar em regime de dedica\u00e7\u00e3o integral \u00e0 doc\u00eancia e \u00e0 pesquisa junto\u2026","rel":"","context":"In &quot;Not\u00edcias de Ribeir\u00e3o Preto-SP e Regi\u00e3o&quot;","block_context":{"text":"Not\u00edcias de Ribeir\u00e3o Preto-SP e Regi\u00e3o","link":"https:\/\/noticiasribeiraopreto.com.br\/index.php\/category\/noticias-de-ribeirao-preto-sp-e-regiao-ismael-colosi\/"},"img":{"alt_text":"","src":"https:\/\/i0.wp.com\/noticiasribeiraopreto.com.br\/wp-content\/uploads\/2024\/09\/1727707990_prova-concurso-publico-3.jpg?fit=1200%2C800&ssl=1&resize=350%2C200","width":350,"height":200,"srcset":"https:\/\/i0.wp.com\/noticiasribeiraopreto.com.br\/wp-content\/uploads\/2024\/09\/1727707990_prova-concurso-publico-3.jpg?fit=1200%2C800&ssl=1&resize=350%2C200 1x, https:\/\/i0.wp.com\/noticiasribeiraopreto.com.br\/wp-content\/uploads\/2024\/09\/1727707990_prova-concurso-publico-3.jpg?fit=1200%2C800&ssl=1&resize=525%2C300 1.5x, https:\/\/i0.wp.com\/noticiasribeiraopreto.com.br\/wp-content\/uploads\/2024\/09\/1727707990_prova-concurso-publico-3.jpg?fit=1200%2C800&ssl=1&resize=700%2C400 2x, https:\/\/i0.wp.com\/noticiasribeiraopreto.com.br\/wp-content\/uploads\/2024\/09\/1727707990_prova-concurso-publico-3.jpg?fit=1200%2C800&ssl=1&resize=1050%2C600 3x"},"classes":[]},{"id":57902,"url":"https:\/\/noticiasribeiraopreto.com.br\/index.php\/2024\/09\/13\/usp-de-ribeirao-preto-abre-concurso-publico-com-salarios-de-r-15-mil\/","url_meta":{"origin":41996,"position":2},"title":"USP de Ribeir\u00e3o Preto abre concurso p\u00fablico com sal\u00e1rios de R$ 15 mil","author":"noticiasribeiraopreto.com.br","date":"13 de September de 2024","format":false,"excerpt":"A Escola de Enfermagem de Ribeir\u00e3o Preto da USP (Universidade de S\u00e3o Paulo) publicou edital de abertura de concurso p\u00fablico com sal\u00e1rios de R$ 15.498,97. A vaga \u00e9 para o cargo de professor doutor, em regime de dedica\u00e7\u00e3o integral \u00e0 doc\u00eancia e \u00e0 pesquisa. O cargo \u00e9 para o departamento\u2026","rel":"","context":"In &quot;Not\u00edcias de Ribeir\u00e3o Preto-SP e Regi\u00e3o&quot;","block_context":{"text":"Not\u00edcias de Ribeir\u00e3o Preto-SP e Regi\u00e3o","link":"https:\/\/noticiasribeiraopreto.com.br\/index.php\/category\/noticias-de-ribeirao-preto-sp-e-regiao-ismael-colosi\/"},"img":{"alt_text":"","src":"https:\/\/i0.wp.com\/noticiasribeiraopreto.com.br\/wp-content\/uploads\/2024\/05\/concurso_publico_1-1024x683-1_2024-05-09_19-38-33_jpeg_2024-05-09_19-38-33.webp.webp?fit=1024%2C683&ssl=1&resize=350%2C200","width":350,"height":200,"srcset":"https:\/\/i0.wp.com\/noticiasribeiraopreto.com.br\/wp-content\/uploads\/2024\/05\/concurso_publico_1-1024x683-1_2024-05-09_19-38-33_jpeg_2024-05-09_19-38-33.webp.webp?fit=1024%2C683&ssl=1&resize=350%2C200 1x, https:\/\/i0.wp.com\/noticiasribeiraopreto.com.br\/wp-content\/uploads\/2024\/05\/concurso_publico_1-1024x683-1_2024-05-09_19-38-33_jpeg_2024-05-09_19-38-33.webp.webp?fit=1024%2C683&ssl=1&resize=525%2C300 1.5x, https:\/\/i0.wp.com\/noticiasribeiraopreto.com.br\/wp-content\/uploads\/2024\/05\/concurso_publico_1-1024x683-1_2024-05-09_19-38-33_jpeg_2024-05-09_19-38-33.webp.webp?fit=1024%2C683&ssl=1&resize=700%2C400 2x"},"classes":[]},{"id":859,"url":"https:\/\/noticiasribeiraopreto.com.br\/index.php\/2023\/11\/09\/usp-de-ribeirao-preto-tem-concurso-publico-com-salarios-de-r-14-mil\/","url_meta":{"origin":41996,"position":3},"title":"USP de Ribeir\u00e3o Preto tem concurso p\u00fablico com sal\u00e1rios de R$ 14 mil","author":"noticiasribeiraopreto.com.br","date":"9 de November de 2023","format":false,"excerpt":"A Faculdade de Ci\u00eancias Farmac\u00eauticas de Ribeir\u00e3o Preto da USP (Universidade de S\u00e3o Paulo) publicou nesta quinta-feira (9) edital de concurso p\u00fablico para o cargo de professor doutor. Os sal\u00e1rios para fun\u00e7\u00e3o s\u00e3o de R$ 14.761,02. O cargo \u00e9 para o Departamento de Ci\u00eancias Biomoleculares da Faculdade de Ci\u00eancias Farmac\u00eauticas,\u2026","rel":"","context":"In &quot;Not\u00edcias de Ribeir\u00e3o Preto-SP e Regi\u00e3o&quot;","block_context":{"text":"Not\u00edcias de Ribeir\u00e3o Preto-SP e Regi\u00e3o","link":"https:\/\/noticiasribeiraopreto.com.br\/index.php\/category\/noticias-de-ribeirao-preto-sp-e-regiao-ismael-colosi\/"},"img":{"alt_text":"","src":"https:\/\/i0.wp.com\/noticiasribeiraopreto.com.br\/wp-content\/uploads\/2023\/11\/CAMPUS-DA-USP-DE-RIBEIRAO-PRETO-1024x683.jpg?fit=1024%2C683&ssl=1&resize=350%2C200","width":350,"height":200,"srcset":"https:\/\/i0.wp.com\/noticiasribeiraopreto.com.br\/wp-content\/uploads\/2023\/11\/CAMPUS-DA-USP-DE-RIBEIRAO-PRETO-1024x683.jpg?fit=1024%2C683&ssl=1&resize=350%2C200 1x, https:\/\/i0.wp.com\/noticiasribeiraopreto.com.br\/wp-content\/uploads\/2023\/11\/CAMPUS-DA-USP-DE-RIBEIRAO-PRETO-1024x683.jpg?fit=1024%2C683&ssl=1&resize=525%2C300 1.5x, https:\/\/i0.wp.com\/noticiasribeiraopreto.com.br\/wp-content\/uploads\/2023\/11\/CAMPUS-DA-USP-DE-RIBEIRAO-PRETO-1024x683.jpg?fit=1024%2C683&ssl=1&resize=700%2C400 2x"},"classes":[]},{"id":41025,"url":"https:\/\/noticiasribeiraopreto.com.br\/index.php\/2024\/03\/06\/usp-de-ribeirao-preto-abre-concurso-publico-com-salarios-de-r-14-mil\/","url_meta":{"origin":41996,"position":4},"title":"USP de Ribeir\u00e3o Preto abre concurso p\u00fablico com sal\u00e1rios de R$ 14 mil","author":"noticiasribeiraopreto.com.br","date":"6 de March de 2024","format":false,"excerpt":"\u00a0A FEA-RP (Faculdade de Economia, Administra\u00e7\u00e3o e Contabilidade de Ribeir\u00e3o Preto) da USP (Universidade de S\u00e3o Paulo) abriu concurso p\u00fablico para o cargo de professor doutor do departamento de Administra\u00e7\u00e3o. Os sal\u00e1rios para o cargo s\u00e3o de R$ 14.761,02. O professor atuar\u00e1 na \u00e1rea de conhecimento Administra\u00e7\u00e3o Geral e Direito.\u2026","rel":"","context":"In &quot;Not\u00edcias de Ribeir\u00e3o Preto-SP e Regi\u00e3o&quot;","block_context":{"text":"Not\u00edcias de Ribeir\u00e3o Preto-SP e Regi\u00e3o","link":"https:\/\/noticiasribeiraopreto.com.br\/index.php\/category\/noticias-de-ribeirao-preto-sp-e-regiao-ismael-colosi\/"},"img":{"alt_text":"","src":"https:\/\/i0.wp.com\/noticiasribeiraopreto.com.br\/wp-content\/uploads\/2024\/03\/fea-usp-ribeirao-preto.jpg?fit=1200%2C800&ssl=1&resize=350%2C200","width":350,"height":200,"srcset":"https:\/\/i0.wp.com\/noticiasribeiraopreto.com.br\/wp-content\/uploads\/2024\/03\/fea-usp-ribeirao-preto.jpg?fit=1200%2C800&ssl=1&resize=350%2C200 1x, https:\/\/i0.wp.com\/noticiasribeiraopreto.com.br\/wp-content\/uploads\/2024\/03\/fea-usp-ribeirao-preto.jpg?fit=1200%2C800&ssl=1&resize=525%2C300 1.5x, https:\/\/i0.wp.com\/noticiasribeiraopreto.com.br\/wp-content\/uploads\/2024\/03\/fea-usp-ribeirao-preto.jpg?fit=1200%2C800&ssl=1&resize=700%2C400 2x, https:\/\/i0.wp.com\/noticiasribeiraopreto.com.br\/wp-content\/uploads\/2024\/03\/fea-usp-ribeirao-preto.jpg?fit=1200%2C800&ssl=1&resize=1050%2C600 3x"},"classes":[]},{"id":56039,"url":"https:\/\/noticiasribeiraopreto.com.br\/index.php\/2024\/08\/09\/usp-ribeirao-preto-tem-concurso-publico-com-salarios-de-r-15-mil\/","url_meta":{"origin":41996,"position":5},"title":"USP Ribeir\u00e3o Preto tem concurso p\u00fablico com sal\u00e1rios de R$ 15 mil","author":"noticiasribeiraopreto.com.br","date":"9 de August de 2024","format":false,"excerpt":"A FEA-RP (Faculdade de Economia, Administra\u00e7\u00e3o e Contabilidade de Ribeir\u00e3o Preto) da USP (Universidade de S\u00e3o Paulo) est\u00e1 com as inscri\u00e7\u00f5es abertas para o concurso p\u00fablico de professor doutor. Os sal\u00e1rios para o cargo s\u00e3o de R$ 15.498,97. O profissional vai atuar na \u00e1rea de teoria econ\u00f4mica no departamento de\u2026","rel":"","context":"In &quot;Not\u00edcias de Ribeir\u00e3o Preto-SP e Regi\u00e3o&quot;","block_context":{"text":"Not\u00edcias de Ribeir\u00e3o Preto-SP e Regi\u00e3o","link":"https:\/\/noticiasribeiraopreto.com.br\/index.php\/category\/noticias-de-ribeirao-preto-sp-e-regiao-ismael-colosi\/"},"img":{"alt_text":"","src":"https:\/\/i0.wp.com\/noticiasribeiraopreto.com.br\/wp-content\/uploads\/2024\/08\/fea-usp-ribeirao-preto.jpg?fit=1200%2C800&ssl=1&resize=350%2C200","width":350,"height":200,"srcset":"https:\/\/i0.wp.com\/noticiasribeiraopreto.com.br\/wp-content\/uploads\/2024\/08\/fea-usp-ribeirao-preto.jpg?fit=1200%2C800&ssl=1&resize=350%2C200 1x, https:\/\/i0.wp.com\/noticiasribeiraopreto.com.br\/wp-content\/uploads\/2024\/08\/fea-usp-ribeirao-preto.jpg?fit=1200%2C800&ssl=1&resize=525%2C300 1.5x, https:\/\/i0.wp.com\/noticiasribeiraopreto.com.br\/wp-content\/uploads\/2024\/08\/fea-usp-ribeirao-preto.jpg?fit=1200%2C800&ssl=1&resize=700%2C400 2x, https:\/\/i0.wp.com\/noticiasribeiraopreto.com.br\/wp-content\/uploads\/2024\/08\/fea-usp-ribeirao-preto.jpg?fit=1200%2C800&ssl=1&resize=1050%2C600 3x"},"classes":[]}],"jetpack_sharing_enabled":true,"jetpack_shortlink":"https:\/\/wp.me\/peQAOb-aVm","_links":{"self":[{"href":"https:\/\/noticiasribeiraopreto.com.br\/index.php\/wp-json\/wp\/v2\/posts\/41996","targetHints":{"allow":["GET"]}}],"collection":[{"href":"https:\/\/noticiasribeiraopreto.com.br\/index.php\/wp-json\/wp\/v2\/posts"}],"about":[{"href":"https:\/\/noticiasribeiraopreto.com.br\/index.php\/wp-json\/wp\/v2\/types\/post"}],"author":[{"embeddable":true,"href":"https:\/\/noticiasribeiraopreto.com.br\/index.php\/wp-json\/wp\/v2\/users\/1"}],"replies":[{"embeddable":true,"href":"https:\/\/noticiasribeiraopreto.com.br\/index.php\/wp-json\/wp\/v2\/comments?post=41996"}],"version-history":[{"count":0,"href":"https:\/\/noticiasribeiraopreto.com.br\/index.php\/wp-json\/wp\/v2\/posts\/41996\/revisions"}],"wp:featuredmedia":[{"embeddable":true,"href":"https:\/\/noticiasribeiraopreto.com.br\/index.php\/wp-json\/wp\/v2\/media\/41997"}],"wp:attachment":[{"href":"https:\/\/noticiasribeiraopreto.com.br\/index.php\/wp-json\/wp\/v2\/media?parent=41996"}],"wp:term":[{"taxonomy":"category","embeddable":true,"href":"https:\/\/noticiasribeiraopreto.com.br\/index.php\/wp-json\/wp\/v2\/categories?post=41996"},{"taxonomy":"post_tag","embeddable":true,"href":"https:\/\/noticiasribeiraopreto.com.br\/index.php\/wp-json\/wp\/v2\/tags?post=41996"}],"curies":[{"name":"wp","href":"https:\/\/api.w.org\/{rel}","templated":true}]}}