{"id":42006,"date":"2024-03-12T14:46:46","date_gmt":"2024-03-12T17:46:46","guid":{"rendered":"https:\/\/noticiasribeiraopreto.com.br\/index.php\/2024\/03\/12\/encontro-reune-colecionadores-em-ribeirao-preto\/"},"modified":"2024-03-12T14:46:46","modified_gmt":"2024-03-12T17:46:46","slug":"encontro-reune-colecionadores-em-ribeirao-preto","status":"publish","type":"post","link":"https:\/\/noticiasribeiraopreto.com.br\/index.php\/2024\/03\/12\/encontro-reune-colecionadores-em-ribeirao-preto\/","title":{"rendered":"Encontro re\u00fane colecionadores em Ribeir\u00e3o Preto"},"content":{"rendered":"<div class='code-block code-block-1' style='margin: 8px 0 8px auto; text-align: right; display: block; clear: both;'>\n<p><a href=\"https:\/\/wa.link\/vpicfd\"><img data-recalc-dims=\"1\" class=\"wp-image-4922\" style=\"aspect-ratio: 2.0253164556962027; width: 561px; height: auto;\" src=\"https:\/\/i0.wp.com\/ismaelcolosi.com.br\/wp-content\/uploads\/2023\/11\/grupo-de-empregos-whatsapp-e-facebook-ismael-colosi-vagas.jpg?ssl=1\" alt=\"\" \/><\/a><\/p>\n<!-- \/wp:image -->\n<\/div>\n<p> <br \/>\n<\/p>\n<div>\n<p><noscript><img data-recalc-dims=\"1\" loading=\"lazy\" decoding=\"async\" class=\"size-medium wp-image-377111 alignleft\" src=\"https:\/\/i0.wp.com\/www.tribunaribeirao.com.br\/site\/wp-content\/uploads\/2024\/03\/11b58935-3a01-4e42-8d6f-736c036ee5c0-300x288.jpg?resize=300%2C288&#038;ssl=1\" alt=\"\" width=\"300\" height=\"288\" srcset=\"https:\/\/www.tribunaribeirao.com.br\/site\/wp-content\/uploads\/2024\/03\/11b58935-3a01-4e42-8d6f-736c036ee5c0-300x288.jpg 300w, https:\/\/www.tribunaribeirao.com.br\/site\/wp-content\/uploads\/2024\/03\/11b58935-3a01-4e42-8d6f-736c036ee5c0-1024x984.jpg 1024w, https:\/\/www.tribunaribeirao.com.br\/site\/wp-content\/uploads\/2024\/03\/11b58935-3a01-4e42-8d6f-736c036ee5c0-768x738.jpg 768w, https:\/\/www.tribunaribeirao.com.br\/site\/wp-content\/uploads\/2024\/03\/11b58935-3a01-4e42-8d6f-736c036ee5c0-1536x1476.jpg 1536w, https:\/\/www.tribunaribeirao.com.br\/site\/wp-content\/uploads\/2024\/03\/11b58935-3a01-4e42-8d6f-736c036ee5c0-960x922.jpg 960w, https:\/\/www.tribunaribeirao.com.br\/site\/wp-content\/uploads\/2024\/03\/11b58935-3a01-4e42-8d6f-736c036ee5c0-416x400.jpg 416w, https:\/\/www.tribunaribeirao.com.br\/site\/wp-content\/uploads\/2024\/03\/11b58935-3a01-4e42-8d6f-736c036ee5c0-585x562.jpg 585w, https:\/\/www.tribunaribeirao.com.br\/site\/wp-content\/uploads\/2024\/03\/11b58935-3a01-4e42-8d6f-736c036ee5c0-scaled.jpg 671w\" sizes=\"auto, (max-width: 300px) 100vw, 300px\"\/><\/noscript>O objeto do desejo pode variar: desde pequenas caixinhas de f\u00f3sforos, distribu\u00eddas como brindes, at\u00e9 car\u00edssimos rel\u00f3gios de luxo. A paix\u00e3o, por\u00e9m, \u00e9 a mesma, capaz de levar colecionadores a cometerem loucuras e n\u00e3o pouparem esfor\u00e7os em busca \u201cdaquela pe\u00e7a especial\u201d para seus acervos.<br \/>Muitos deles s\u00e3o esperados em Ribeir\u00e3o Preto a partir desta sexta-feira, dia 15\/03, para mais uma edi\u00e7\u00e3o do Encontro de Filatelia e Numism\u00e1tica, que acontece desde 2010 e tradicionalmente re\u00fane milhares de apaixonados por selos, moedas, c\u00e9dulas, cart\u00f5es postais, figurinhas, miniaturas, chaveiros, camisas de futebol e tudo mais o que puder ser colecionado\u2026<\/p>\n<p>Neste ano, o evento, que faz parte do calend\u00e1rio oficial de eventos de Ribeir\u00e3o Preto, acontece no hotel Dan Inn (Rua Luiz da Cunha, 404 \u2013 Vila Tib\u00e9rio), com entrada gratuita. Nos dois primeiros dias o hor\u00e1rio vai das 8 \u00e0s 18 horas. No encerramento, no domingo, o fechamento acontece \u00e0s 14 horas. Al\u00e9m do espa\u00e7o para compra, troca, venda e avalia\u00e7\u00e3o de itens colecion\u00e1veis, o Encontro ser\u00e1 marcado pela apresenta\u00e7\u00e3o de tr\u00eas selos postais personalizados, em homenagem \u00e0 Orquestra Sinf\u00f4nica de Ribeir\u00e3o Preto, ao Faixa Branca Clube do Carro Antigo e outro comemorativo aos 100 anos da inaugura\u00e7\u00e3o do antigo est\u00e1dio Luiz Pereira.<\/p>\n<p>Uma c\u00e9dula fantasia, retratando esses tr\u00eas temas tamb\u00e9m ser\u00e1 lan\u00e7ada no evento. Nela estar\u00e1 estampado o rosto do conhecido colecionador Omar Nahas, falecido em 2021 e considerado um dos grandes incentivadores da filatelia e da numism\u00e1tica na cidade.<\/p>\n<p><strong>SERVI\u00c7O<\/strong><br \/>Encontro Filat\u00e9lico e Numism\u00e1tico de Ribeir\u00e3o Preto<br \/>Datas: 15, 16 e 17\/03 (sexta, s\u00e1bado e domingo)<br \/>Hor\u00e1rio: 8h \u00e0s 18h (sexta e s\u00e1bado) \u2013 8h \u00e0s 14h (domingo)<br \/>Local: Hotel Dan Inn \u2013 Rua Luiz da Cunha, 404 \u2013 Vila Tib\u00e9rio<br \/>Informa\u00e7\u00f5es: [email\u00a0protected] | 16-99208.4448 (whats) | 16-98176.4000<br \/>Entrada Gr\u00e1tis<\/p>\n<p>Evento acontece desde 2010<br \/>O primeiro Encontro Filat\u00e9lico de Ribeir\u00e3o Preto foi realizado em 2010, durante a Expofinter \u2013 Exposi\u00e7\u00e3o Filat\u00e9lica do Interior de S\u00e3o Paulo. \u201cFoi o in\u00edcio de tudo, bem modesto. Naquela oportunidade s\u00f3 tivermos colecionadores de selos\u201d, conta o jornalista Marcio Javaroni, organizador do evento. A numism\u00e1tica s\u00f3 ganhou espa\u00e7o em 2014, na quinta edi\u00e7\u00e3o do evento, que passou a se chamar Encontro Filat\u00e9lico e Numism\u00e1tico de Ribeir\u00e3o Preto. \u201cHoje, al\u00e9m de selos, moedas e c\u00e9dulas, temos colecionadores de postais, miniaturas, cart\u00f5es telef\u00f4nicos, antiguidades e figurinhas, entre outros. \u00c9 um grande encontro do colecionismo\u201d, completa.<\/p>\n<p><strong>Cat\u00e1logo de selos e bate-papo sobre cole\u00e7\u00f5es<\/strong><br \/><img data-recalc-dims=\"1\" loading=\"lazy\" decoding=\"async\" alt=\"\" width=\"300\" height=\"300\" srcset=\"https:\/\/www.tribunaribeirao.com.br\/site\/wp-content\/uploads\/2024\/03\/d198e138-a8cd-4270-8e19-35675f5c81cf-300x300.jpg 300w, https:\/\/www.tribunaribeirao.com.br\/site\/wp-content\/uploads\/2024\/03\/d198e138-a8cd-4270-8e19-35675f5c81cf-150x150.jpg 150w, https:\/\/www.tribunaribeirao.com.br\/site\/wp-content\/uploads\/2024\/03\/d198e138-a8cd-4270-8e19-35675f5c81cf-480x480.jpg 480w, https:\/\/www.tribunaribeirao.com.br\/site\/wp-content\/uploads\/2024\/03\/d198e138-a8cd-4270-8e19-35675f5c81cf-280x280.jpg 280w, https:\/\/www.tribunaribeirao.com.br\/site\/wp-content\/uploads\/2024\/03\/d198e138-a8cd-4270-8e19-35675f5c81cf-401x400.jpg 401w, https:\/\/www.tribunaribeirao.com.br\/site\/wp-content\/uploads\/2024\/03\/d198e138-a8cd-4270-8e19-35675f5c81cf-585x584.jpg 585w, https:\/\/www.tribunaribeirao.com.br\/site\/wp-content\/uploads\/2024\/03\/d198e138-a8cd-4270-8e19-35675f5c81cf.jpg 646w\" src=\"https:\/\/i0.wp.com\/www.tribunaribeirao.com.br\/site\/wp-content\/uploads\/2024\/03\/d198e138-a8cd-4270-8e19-35675f5c81cf-300x300.jpg?resize=300%2C300&#038;ssl=1\" data-sizes=\"(max-width: 300px) 100vw, 300px\" class=\"size-medium wp-image-377113 alignleft lazyload\"\/><noscript><img data-recalc-dims=\"1\" loading=\"lazy\" decoding=\"async\" class=\"size-medium wp-image-377113 alignleft\" src=\"https:\/\/i0.wp.com\/www.tribunaribeirao.com.br\/site\/wp-content\/uploads\/2024\/03\/d198e138-a8cd-4270-8e19-35675f5c81cf-300x300.jpg?resize=300%2C300&#038;ssl=1\" alt=\"\" width=\"300\" height=\"300\" srcset=\"https:\/\/www.tribunaribeirao.com.br\/site\/wp-content\/uploads\/2024\/03\/d198e138-a8cd-4270-8e19-35675f5c81cf-300x300.jpg 300w, https:\/\/www.tribunaribeirao.com.br\/site\/wp-content\/uploads\/2024\/03\/d198e138-a8cd-4270-8e19-35675f5c81cf-150x150.jpg 150w, https:\/\/www.tribunaribeirao.com.br\/site\/wp-content\/uploads\/2024\/03\/d198e138-a8cd-4270-8e19-35675f5c81cf-480x480.jpg 480w, https:\/\/www.tribunaribeirao.com.br\/site\/wp-content\/uploads\/2024\/03\/d198e138-a8cd-4270-8e19-35675f5c81cf-280x280.jpg 280w, https:\/\/www.tribunaribeirao.com.br\/site\/wp-content\/uploads\/2024\/03\/d198e138-a8cd-4270-8e19-35675f5c81cf-401x400.jpg 401w, https:\/\/www.tribunaribeirao.com.br\/site\/wp-content\/uploads\/2024\/03\/d198e138-a8cd-4270-8e19-35675f5c81cf-585x584.jpg 585w, https:\/\/www.tribunaribeirao.com.br\/site\/wp-content\/uploads\/2024\/03\/d198e138-a8cd-4270-8e19-35675f5c81cf.jpg 646w\" sizes=\"auto, (max-width: 300px) 100vw, 300px\"\/><\/noscript>Entre as atra\u00e7\u00f5es do Encontro Filat\u00e9lico e Numism\u00e1tico, que tem entrada gratuita e vai acontecer em um espa\u00e7o com mais de 300 metros quadrados no Hotel Dan Inn, na Vila Tib\u00e9rio, est\u00e3o o lan\u00e7amento nacional da mais nova edi\u00e7\u00e3o do Cat\u00e1logo de Selos RHM, \u00fanico do g\u00eanero a classificar os selos brasileiros, refer\u00eancia na filatelia mundial. Ser\u00e3o lan\u00e7ados durante o evento quatro selo personalizado e uma c\u00e9dula comemorativa, al\u00e9m de rodas de bate-papo sobre o colecionismo de moedas, c\u00e9dulas e medalhas, ministrada pelo presidente da Sociedade Numism\u00e1tica Brasileira Gilberto Tenor.<\/p>\n<p>Quer avaliar uma moeda, selo ou outro item? O Encontro \u00e9 o lugar!<br \/>A cena \u00e9 comum: de repente voc\u00ea encontra uma moeda perdida numa gaveta, presente do av\u00f4. A d\u00favida \u00e9 inevit\u00e1vel para que n\u00e3o conhece: ser\u00e1 que ela vale algo? A resposta para a pergunta pode estar no Encontro Filat\u00e9lico e Numism\u00e1tico de Ribeir\u00e3o Preto.<br \/>\u201c\u00c9 muito comum as pessoas encontrarem algum item antigo e terem essa curiosidade. At\u00e9 mesmo moedas em circula\u00e7\u00e3o, como algumas de R$ 1, podem ter um valor acima do facil\u201d, explica Marcio Javaroni. \u201cComo teremos colecionadores e comerciantes durante o Encontro, eles podem tirar essas e outras d\u00favidas, al\u00e9m de orientar quem queira se iniciar no mundo do colecionismo\u201d, completa o organizador.<\/p>\n<\/div>\n<p><br \/>\n<br \/><a href=\"https:\/\/www.tribunaribeirao.com.br\/site\/encontro-reune-colecionadores-em-ribeirao-preto\/\">Source link <\/a><\/p>\n<!-- CONTENT END 1 -->\n","protected":false},"excerpt":{"rendered":"<p>O objeto do desejo pode variar: desde pequenas caixinhas de f\u00f3sforos, distribu\u00eddas como brindes, at\u00e9 car\u00edssimos rel\u00f3gios de luxo. A paix\u00e3o, por\u00e9m, \u00e9 a mesma,&#8230;<\/p>\n","protected":false},"author":1,"featured_media":42007,"comment_status":"open","ping_status":"open","sticky":false,"template":"","format":"standard","meta":{"advanced_seo_description":"","jetpack_seo_html_title":"","jetpack_seo_noindex":false,"jetpack_post_was_ever_published":false,"_jetpack_newsletter_access":"","_jetpack_dont_email_post_to_subs":false,"_jetpack_newsletter_tier_id":0,"_jetpack_memberships_contains_paywalled_content":false,"_jetpack_memberships_contains_paid_content":false,"footnotes":"","jetpack_publicize_message":"","jetpack_publicize_feature_enabled":true,"jetpack_social_post_already_shared":true,"jetpack_social_options":{"image_generator_settings":{"template":"highway","default_image_id":0,"font":"","enabled":false},"version":2}},"categories":[11],"tags":[4959,747,27,1709,26],"class_list":["post-42006","post","type-post","status-publish","format-standard","has-post-thumbnail","hentry","category-noticias-de-ribeirao-preto-sp-e-regiao-ismael-colosi","tag-colecionadores","tag-encontro","tag-preto","tag-reune","tag-ribeirao"],"jetpack_publicize_connections":[],"jetpack_featured_media_url":"https:\/\/i0.wp.com\/noticiasribeiraopreto.com.br\/wp-content\/uploads\/2024\/03\/e419f1d9-c19c-4541-826f-af0128facb9b-scaled.jpg?fit=1000%2C629&ssl=1","jetpack-related-posts":[{"id":42404,"url":"https:\/\/noticiasribeiraopreto.com.br\/index.php\/2024\/03\/14\/saiba-tudo-sobre-o-evento-que-reune-colecionadores-em-ribeirao-preto\/","url_meta":{"origin":42006,"position":0},"title":"Saiba tudo sobre o evento que re\u00fane colecionadores em Ribeir\u00e3o Preto","author":"noticiasribeiraopreto.com.br","date":"14 de March de 2024","format":false,"excerpt":"A partir de sexta-feira (15) at\u00e9 domingo (17), Ribeir\u00e3o Preto recebe o \u201cEncontro Filat\u00e9lico Numism\u00e1tico 2024\u201d, evento gratuito que re\u00fane colecionadores na cidade. O encontro ser\u00e1 realizado das 8h \u00e0s 18h na sexta e no s\u00e1bado, no Hotel Dan Inn, localizado na Vila Tib\u00e9rio. No domingo, acontece das 8h \u00e0s\u2026","rel":"","context":"In &quot;Not\u00edcias de Ribeir\u00e3o Preto-SP e Regi\u00e3o&quot;","block_context":{"text":"Not\u00edcias de Ribeir\u00e3o Preto-SP e Regi\u00e3o","link":"https:\/\/noticiasribeiraopreto.com.br\/index.php\/category\/noticias-de-ribeirao-preto-sp-e-regiao-ismael-colosi\/"},"img":{"alt_text":"","src":"https:\/\/i0.wp.com\/noticiasribeiraopreto.com.br\/wp-content\/uploads\/2024\/03\/FILATELIA-2.jpg?fit=1200%2C913&ssl=1&resize=350%2C200","width":350,"height":200,"srcset":"https:\/\/i0.wp.com\/noticiasribeiraopreto.com.br\/wp-content\/uploads\/2024\/03\/FILATELIA-2.jpg?fit=1200%2C913&ssl=1&resize=350%2C200 1x, https:\/\/i0.wp.com\/noticiasribeiraopreto.com.br\/wp-content\/uploads\/2024\/03\/FILATELIA-2.jpg?fit=1200%2C913&ssl=1&resize=525%2C300 1.5x, https:\/\/i0.wp.com\/noticiasribeiraopreto.com.br\/wp-content\/uploads\/2024\/03\/FILATELIA-2.jpg?fit=1200%2C913&ssl=1&resize=700%2C400 2x, https:\/\/i0.wp.com\/noticiasribeiraopreto.com.br\/wp-content\/uploads\/2024\/03\/FILATELIA-2.jpg?fit=1200%2C913&ssl=1&resize=1050%2C600 3x"},"classes":[]},{"id":79959,"url":"https:\/\/noticiasribeiraopreto.com.br\/index.php\/2025\/11\/11\/encontro-de-colecionadores-de-camisas-de-futebol-chega-a-segunda-edicao-em-ribeirao-preto\/","url_meta":{"origin":42006,"position":1},"title":"Encontro de colecionadores de camisas de futebol chega \u00e0 segunda edi\u00e7\u00e3o em Ribeir\u00e3o Preto","author":"noticiasribeiraopreto.com.br","date":"11 de November de 2025","format":false,"excerpt":"Ribeir\u00e3o Preto recebe no dia 6 de dezembro a segunda edi\u00e7\u00e3o do Encontro de Colecionadores de Camisas de Futebol. O evento ocorre no Emp\u00f3rio Bras\u00edlia, na regi\u00e3o central da cidade, com entrada gratuita. A iniciativa \u00e9 de Brunno Malzoni, propriet\u00e1rio de uma loja online especializada em camisas de futebol, antigas\u2026","rel":"","context":"In &quot;Not\u00edcias de Ribeir\u00e3o Preto-SP e Regi\u00e3o&quot;","block_context":{"text":"Not\u00edcias de Ribeir\u00e3o Preto-SP e Regi\u00e3o","link":"https:\/\/noticiasribeiraopreto.com.br\/index.php\/category\/noticias-de-ribeirao-preto-sp-e-regiao-ismael-colosi\/"},"img":{"alt_text":"","src":"https:\/\/i0.wp.com\/noticiasribeiraopreto.com.br\/wp-content\/uploads\/2025\/11\/palace-26_2025-11-11_20-47-52.webp.webp?fit=1200%2C675&ssl=1&resize=350%2C200","width":350,"height":200,"srcset":"https:\/\/i0.wp.com\/noticiasribeiraopreto.com.br\/wp-content\/uploads\/2025\/11\/palace-26_2025-11-11_20-47-52.webp.webp?fit=1200%2C675&ssl=1&resize=350%2C200 1x, https:\/\/i0.wp.com\/noticiasribeiraopreto.com.br\/wp-content\/uploads\/2025\/11\/palace-26_2025-11-11_20-47-52.webp.webp?fit=1200%2C675&ssl=1&resize=525%2C300 1.5x, https:\/\/i0.wp.com\/noticiasribeiraopreto.com.br\/wp-content\/uploads\/2025\/11\/palace-26_2025-11-11_20-47-52.webp.webp?fit=1200%2C675&ssl=1&resize=700%2C400 2x, https:\/\/i0.wp.com\/noticiasribeiraopreto.com.br\/wp-content\/uploads\/2025\/11\/palace-26_2025-11-11_20-47-52.webp.webp?fit=1200%2C675&ssl=1&resize=1050%2C600 3x"},"classes":[]},{"id":76506,"url":"https:\/\/noticiasribeiraopreto.com.br\/index.php\/2025\/08\/30\/evento-gratuito-reune-carros-antigos-na-regiao-de-ribeirao-preto\/","url_meta":{"origin":42006,"position":2},"title":"Evento gratuito re\u00fane carros antigos na regi\u00e3o de Ribeir\u00e3o Preto","author":"noticiasribeiraopreto.com.br","date":"30 de August de 2025","format":false,"excerpt":"Os apaixonados por carros poder\u00e3o visitar, neste domingo (31), o 4\u00ba Encontro de Ve\u00edculos Antigos, que ser\u00e1 realizado no Parque Ecol\u00f3gico e de Lazer \u201cGustavo Simioni\u201d, em Sert\u00e3ozinho, cidade localizada a 21 quil\u00f4metros de Ribeir\u00e3o Preto. A visita\u00e7\u00e3o \u00e9 gratuita e come\u00e7a \u00e0s 8h. O encontro re\u00fane diversos modelos de\u2026","rel":"","context":"In &quot;Not\u00edcias de Ribeir\u00e3o Preto-SP e Regi\u00e3o&quot;","block_context":{"text":"Not\u00edcias de Ribeir\u00e3o Preto-SP e Regi\u00e3o","link":"https:\/\/noticiasribeiraopreto.com.br\/index.php\/category\/noticias-de-ribeirao-preto-sp-e-regiao-ismael-colosi\/"},"img":{"alt_text":"","src":"https:\/\/i0.wp.com\/noticiasribeiraopreto.com.br\/wp-content\/uploads\/2025\/08\/WhatsApp-Image-2025-08-25-at-14.20.24_2025-08-30_14-30-27.webp.webp?fit=1160%2C763&ssl=1&resize=350%2C200","width":350,"height":200,"srcset":"https:\/\/i0.wp.com\/noticiasribeiraopreto.com.br\/wp-content\/uploads\/2025\/08\/WhatsApp-Image-2025-08-25-at-14.20.24_2025-08-30_14-30-27.webp.webp?fit=1160%2C763&ssl=1&resize=350%2C200 1x, https:\/\/i0.wp.com\/noticiasribeiraopreto.com.br\/wp-content\/uploads\/2025\/08\/WhatsApp-Image-2025-08-25-at-14.20.24_2025-08-30_14-30-27.webp.webp?fit=1160%2C763&ssl=1&resize=525%2C300 1.5x, https:\/\/i0.wp.com\/noticiasribeiraopreto.com.br\/wp-content\/uploads\/2025\/08\/WhatsApp-Image-2025-08-25-at-14.20.24_2025-08-30_14-30-27.webp.webp?fit=1160%2C763&ssl=1&resize=700%2C400 2x, https:\/\/i0.wp.com\/noticiasribeiraopreto.com.br\/wp-content\/uploads\/2025\/08\/WhatsApp-Image-2025-08-25-at-14.20.24_2025-08-30_14-30-27.webp.webp?fit=1160%2C763&ssl=1&resize=1050%2C600 3x"},"classes":[]},{"id":70551,"url":"https:\/\/noticiasribeiraopreto.com.br\/index.php\/2025\/05\/27\/gosta-de-camisas-de-futebol-ribeirao-preto-vai-ter-1o-encontro-para-colecionadores\/","url_meta":{"origin":42006,"position":3},"title":"Gosta de camisas de futebol? Ribeir\u00e3o Preto vai ter 1\u00ba encontro para colecionadores","author":"noticiasribeiraopreto.com.br","date":"27 de May de 2025","format":false,"excerpt":"No dia 21 de junho, Ribeir\u00e3o Preto recebe o 1\u00ba Encontro de Colecionadores de Camisas de Futebol, no Emp\u00f3rio Bras\u00edlia, na regi\u00e3o central da cidade. Com entrada gratuita, o evento \u00e9 uma iniciativa de Brunno Malzoni, dono de uma loja online especializada em camisas de futebol, antigas e atuais. Segundo\u2026","rel":"","context":"In &quot;Not\u00edcias de Ribeir\u00e3o Preto-SP e Regi\u00e3o&quot;","block_context":{"text":"Not\u00edcias de Ribeir\u00e3o Preto-SP e Regi\u00e3o","link":"https:\/\/noticiasribeiraopreto.com.br\/index.php\/category\/noticias-de-ribeirao-preto-sp-e-regiao-ismael-colosi\/"},"img":{"alt_text":"","src":"https:\/\/i0.wp.com\/noticiasribeiraopreto.com.br\/wp-content\/uploads\/2025\/05\/Copia-de-Copia-de-Copia-de-TAMANHO-EXATO-PARA-FOTOS-NO-SISTEMA-NOVO-2025-05-27T142030.604_2025-05-27_17-20-48.webp.webp?fit=1200%2C675&ssl=1&resize=350%2C200","width":350,"height":200,"srcset":"https:\/\/i0.wp.com\/noticiasribeiraopreto.com.br\/wp-content\/uploads\/2025\/05\/Copia-de-Copia-de-Copia-de-TAMANHO-EXATO-PARA-FOTOS-NO-SISTEMA-NOVO-2025-05-27T142030.604_2025-05-27_17-20-48.webp.webp?fit=1200%2C675&ssl=1&resize=350%2C200 1x, https:\/\/i0.wp.com\/noticiasribeiraopreto.com.br\/wp-content\/uploads\/2025\/05\/Copia-de-Copia-de-Copia-de-TAMANHO-EXATO-PARA-FOTOS-NO-SISTEMA-NOVO-2025-05-27T142030.604_2025-05-27_17-20-48.webp.webp?fit=1200%2C675&ssl=1&resize=525%2C300 1.5x, https:\/\/i0.wp.com\/noticiasribeiraopreto.com.br\/wp-content\/uploads\/2025\/05\/Copia-de-Copia-de-Copia-de-TAMANHO-EXATO-PARA-FOTOS-NO-SISTEMA-NOVO-2025-05-27T142030.604_2025-05-27_17-20-48.webp.webp?fit=1200%2C675&ssl=1&resize=700%2C400 2x, https:\/\/i0.wp.com\/noticiasribeiraopreto.com.br\/wp-content\/uploads\/2025\/05\/Copia-de-Copia-de-Copia-de-TAMANHO-EXATO-PARA-FOTOS-NO-SISTEMA-NOVO-2025-05-27T142030.604_2025-05-27_17-20-48.webp.webp?fit=1200%2C675&ssl=1&resize=1050%2C600 3x"},"classes":[]},{"id":79265,"url":"https:\/\/noticiasribeiraopreto.com.br\/index.php\/2025\/10\/28\/evento-reune-20-brechos-no-sesi-em-ribeirao-preto-veja-quando\/","url_meta":{"origin":42006,"position":4},"title":"Evento re\u00fane 20 brech\u00f3s no Sesi em Ribeir\u00e3o Preto; Veja quando","author":"noticiasribeiraopreto.com.br","date":"28 de October de 2025","format":false,"excerpt":"Ribeir\u00e3o Preto recebe nesta quarta-feira (29) o evento \u201cEncontro de Brech\u00f3s\u201d, no Sesi, localizado no Jardim Castelo Branco, zona Leste de Ribeir\u00e3o Preto. A entrada \u00e9 gratuita. O evento ser\u00e1 das 16h \u00e0s 21h e reunir\u00e1 20 brech\u00f3s com op\u00e7\u00f5es em pe\u00e7as femininas, masculinas e infantis. Os organizadores dizem que\u2026","rel":"","context":"In &quot;Not\u00edcias de Ribeir\u00e3o Preto-SP e Regi\u00e3o&quot;","block_context":{"text":"Not\u00edcias de Ribeir\u00e3o Preto-SP e Regi\u00e3o","link":"https:\/\/noticiasribeiraopreto.com.br\/index.php\/category\/noticias-de-ribeirao-preto-sp-e-regiao-ismael-colosi\/"},"img":{"alt_text":"","src":"https:\/\/i0.wp.com\/noticiasribeiraopreto.com.br\/wp-content\/uploads\/2025\/10\/Encontro07dez-7_2025-10-28_17-54-57.webp.webp?fit=1200%2C1200&ssl=1&resize=350%2C200","width":350,"height":200,"srcset":"https:\/\/i0.wp.com\/noticiasribeiraopreto.com.br\/wp-content\/uploads\/2025\/10\/Encontro07dez-7_2025-10-28_17-54-57.webp.webp?fit=1200%2C1200&ssl=1&resize=350%2C200 1x, https:\/\/i0.wp.com\/noticiasribeiraopreto.com.br\/wp-content\/uploads\/2025\/10\/Encontro07dez-7_2025-10-28_17-54-57.webp.webp?fit=1200%2C1200&ssl=1&resize=525%2C300 1.5x, https:\/\/i0.wp.com\/noticiasribeiraopreto.com.br\/wp-content\/uploads\/2025\/10\/Encontro07dez-7_2025-10-28_17-54-57.webp.webp?fit=1200%2C1200&ssl=1&resize=700%2C400 2x, https:\/\/i0.wp.com\/noticiasribeiraopreto.com.br\/wp-content\/uploads\/2025\/10\/Encontro07dez-7_2025-10-28_17-54-57.webp.webp?fit=1200%2C1200&ssl=1&resize=1050%2C600 3x"},"classes":[]},{"id":72731,"url":"https:\/\/noticiasribeiraopreto.com.br\/index.php\/2025\/06\/20\/camisas-de-futebol-sao-tema-de-encontro-inedito-em-ribeirao-neste-fim-de-semana\/","url_meta":{"origin":42006,"position":5},"title":"Camisas de futebol s\u00e3o tema de encontro in\u00e9dito em Ribeir\u00e3o neste fim de semana","author":"noticiasribeiraopreto.com.br","date":"20 de June de 2025","format":false,"excerpt":"Ribeir\u00e3o Preto recebe neste s\u00e1bado (21) o 1\u00ba Encontro de Colecionadores de Camisas de Futebol. O evento ser\u00e1 realizado no Emp\u00f3rio Bras\u00edlia, na regi\u00e3o central da cidade, com entrada gratuita. A iniciativa \u00e9 de Brunno Malzoni, propriet\u00e1rio de uma loja virtual especializada em camisas de futebol, antigas e atuais. O\u2026","rel":"","context":"In &quot;Not\u00edcias de Ribeir\u00e3o Preto-SP e Regi\u00e3o&quot;","block_context":{"text":"Not\u00edcias de Ribeir\u00e3o Preto-SP e Regi\u00e3o","link":"https:\/\/noticiasribeiraopreto.com.br\/index.php\/category\/noticias-de-ribeirao-preto-sp-e-regiao-ismael-colosi\/"},"img":{"alt_text":"","src":"https:\/\/i0.wp.com\/noticiasribeiraopreto.com.br\/wp-content\/uploads\/2025\/06\/Copia-de-Copia-de-Copia-de-TAMANHO-EXATO-PARA-FOTOS-NO-SISTEMA-NOVO-2025-05-27T142030.604_2025-05-27_17-20-48.webp.webp?fit=1200%2C675&ssl=1&resize=350%2C200","width":350,"height":200,"srcset":"https:\/\/i0.wp.com\/noticiasribeiraopreto.com.br\/wp-content\/uploads\/2025\/06\/Copia-de-Copia-de-Copia-de-TAMANHO-EXATO-PARA-FOTOS-NO-SISTEMA-NOVO-2025-05-27T142030.604_2025-05-27_17-20-48.webp.webp?fit=1200%2C675&ssl=1&resize=350%2C200 1x, https:\/\/i0.wp.com\/noticiasribeiraopreto.com.br\/wp-content\/uploads\/2025\/06\/Copia-de-Copia-de-Copia-de-TAMANHO-EXATO-PARA-FOTOS-NO-SISTEMA-NOVO-2025-05-27T142030.604_2025-05-27_17-20-48.webp.webp?fit=1200%2C675&ssl=1&resize=525%2C300 1.5x, https:\/\/i0.wp.com\/noticiasribeiraopreto.com.br\/wp-content\/uploads\/2025\/06\/Copia-de-Copia-de-Copia-de-TAMANHO-EXATO-PARA-FOTOS-NO-SISTEMA-NOVO-2025-05-27T142030.604_2025-05-27_17-20-48.webp.webp?fit=1200%2C675&ssl=1&resize=700%2C400 2x, https:\/\/i0.wp.com\/noticiasribeiraopreto.com.br\/wp-content\/uploads\/2025\/06\/Copia-de-Copia-de-Copia-de-TAMANHO-EXATO-PARA-FOTOS-NO-SISTEMA-NOVO-2025-05-27T142030.604_2025-05-27_17-20-48.webp.webp?fit=1200%2C675&ssl=1&resize=1050%2C600 3x"},"classes":[]}],"jetpack_sharing_enabled":true,"jetpack_shortlink":"https:\/\/wp.me\/peQAOb-aVw","_links":{"self":[{"href":"https:\/\/noticiasribeiraopreto.com.br\/index.php\/wp-json\/wp\/v2\/posts\/42006","targetHints":{"allow":["GET"]}}],"collection":[{"href":"https:\/\/noticiasribeiraopreto.com.br\/index.php\/wp-json\/wp\/v2\/posts"}],"about":[{"href":"https:\/\/noticiasribeiraopreto.com.br\/index.php\/wp-json\/wp\/v2\/types\/post"}],"author":[{"embeddable":true,"href":"https:\/\/noticiasribeiraopreto.com.br\/index.php\/wp-json\/wp\/v2\/users\/1"}],"replies":[{"embeddable":true,"href":"https:\/\/noticiasribeiraopreto.com.br\/index.php\/wp-json\/wp\/v2\/comments?post=42006"}],"version-history":[{"count":0,"href":"https:\/\/noticiasribeiraopreto.com.br\/index.php\/wp-json\/wp\/v2\/posts\/42006\/revisions"}],"wp:featuredmedia":[{"embeddable":true,"href":"https:\/\/noticiasribeiraopreto.com.br\/index.php\/wp-json\/wp\/v2\/media\/42007"}],"wp:attachment":[{"href":"https:\/\/noticiasribeiraopreto.com.br\/index.php\/wp-json\/wp\/v2\/media?parent=42006"}],"wp:term":[{"taxonomy":"category","embeddable":true,"href":"https:\/\/noticiasribeiraopreto.com.br\/index.php\/wp-json\/wp\/v2\/categories?post=42006"},{"taxonomy":"post_tag","embeddable":true,"href":"https:\/\/noticiasribeiraopreto.com.br\/index.php\/wp-json\/wp\/v2\/tags?post=42006"}],"curies":[{"name":"wp","href":"https:\/\/api.w.org\/{rel}","templated":true}]}}