{"id":42074,"date":"2024-03-12T18:48:54","date_gmt":"2024-03-12T21:48:54","guid":{"rendered":"https:\/\/noticiasribeiraopreto.com.br\/index.php\/2024\/03\/12\/sonar-solucoes-em-engenharia-e-individualizacao-qualidade-e-seguranca-em-primeiro-lugar\/"},"modified":"2024-03-12T18:48:54","modified_gmt":"2024-03-12T21:48:54","slug":"sonar-solucoes-em-engenharia-e-individualizacao-qualidade-e-seguranca-em-primeiro-lugar","status":"publish","type":"post","link":"https:\/\/noticiasribeiraopreto.com.br\/index.php\/2024\/03\/12\/sonar-solucoes-em-engenharia-e-individualizacao-qualidade-e-seguranca-em-primeiro-lugar\/","title":{"rendered":"Sonar Solu\u00e7\u00f5es em Engenharia e Individualiza\u00e7\u00e3o: Qualidade e Seguran\u00e7a em Primeiro Lugar"},"content":{"rendered":"<div class='code-block code-block-1' style='margin: 8px 0 8px auto; text-align: right; display: block; clear: both;'>\n<p><a href=\"https:\/\/wa.link\/vpicfd\"><img data-recalc-dims=\"1\" class=\"wp-image-4922\" style=\"aspect-ratio: 2.0253164556962027; width: 561px; height: auto;\" src=\"https:\/\/i0.wp.com\/ismaelcolosi.com.br\/wp-content\/uploads\/2023\/11\/grupo-de-empregos-whatsapp-e-facebook-ismael-colosi-vagas.jpg?ssl=1\" alt=\"\" \/><\/a><\/p>\n<!-- \/wp:image -->\n<\/div>\n<p> <br \/>\n<\/p>\n<div>\n<p align=\"justify\"><span style=\"font-size: large\"><b>Sonar Solu\u00e7\u00f5es em Engenharia e Individualiza\u00e7\u00e3o:<\/b><\/span><\/p>\n<p align=\"justify\"><span style=\"font-size: large\"><b>Qualidade e Seguran\u00e7a em Primeiro Lugar<\/b><\/span><\/p>\n<p align=\"justify\">A Sonar Solu\u00e7\u00f5es em Engenharia \u00e9 uma empresa dedicada a oferecer servi\u00e7os de alta qualidade e seguran\u00e7a para seus clientes. Com profissionais graduados em Engenharia de Seguran\u00e7a do Trabalho, Mec\u00e2nica e El\u00e9trica, a empresa conta com uma equipe experiente e qualificada na execu\u00e7\u00e3o dos servi\u00e7os, garantindo a satisfa\u00e7\u00e3o dos clientes.<\/p>\n<p align=\"justify\">A empresa e seus profissionais s\u00e3o credenciados junto ao CREA-MS (Conselho Regional de Engenharia e Agronomia de Mato Grosso do Sul) e junto ao CBM-MS (Corpo de Bombeiros Militar de Mato Grosso do Sul), e CBM-SP, garantindo a excel\u00eancia e a seguran\u00e7a dos servi\u00e7os prestados.<\/p>\n<p align=\"justify\">A Sonar Solu\u00e7\u00f5es em Engenharia atua na instala\u00e7\u00e3o de g\u00e1s natural e GLP, laudo e per\u00edcia t\u00e9cnica dos bombeiros, inspe\u00e7\u00e3o de vasos de press\u00e3o, gases medicinais e ar comprimido. Com um compromisso inabal\u00e1vel com a qualidade e a seguran\u00e7a, a Sonar Solu\u00e7\u00f5es em Engenharia se destaca no mercado como uma empresa confi\u00e1vel e competente, pronta para atender \u00e0s necessidades de seus clientes com efici\u00eancia e profissionalismo.<\/p>\n<p align=\"justify\"><noscript><img data-recalc-dims=\"1\" loading=\"lazy\" decoding=\"async\" class=\"alignnone size-full wp-image-377126\" src=\"https:\/\/i0.wp.com\/www.tribunaribeirao.com.br\/site\/wp-content\/uploads\/2024\/03\/imagem1-1-scaled.jpg?resize=1000%2C439&#038;ssl=1\" alt=\"\" width=\"1000\" height=\"439\" srcset=\"https:\/\/www.tribunaribeirao.com.br\/site\/wp-content\/uploads\/2024\/03\/imagem1-1-scaled.jpg 1000w, https:\/\/www.tribunaribeirao.com.br\/site\/wp-content\/uploads\/2024\/03\/imagem1-1-300x132.jpg 300w, https:\/\/www.tribunaribeirao.com.br\/site\/wp-content\/uploads\/2024\/03\/imagem1-1-1024x449.jpg 1024w, https:\/\/www.tribunaribeirao.com.br\/site\/wp-content\/uploads\/2024\/03\/imagem1-1-768x337.jpg 768w, https:\/\/www.tribunaribeirao.com.br\/site\/wp-content\/uploads\/2024\/03\/imagem1-1-1536x674.jpg 1536w, https:\/\/www.tribunaribeirao.com.br\/site\/wp-content\/uploads\/2024\/03\/imagem1-1-960x421.jpg 960w, https:\/\/www.tribunaribeirao.com.br\/site\/wp-content\/uploads\/2024\/03\/imagem1-1-912x400.jpg 912w, https:\/\/www.tribunaribeirao.com.br\/site\/wp-content\/uploads\/2024\/03\/imagem1-1-585x257.jpg 585w\" sizes=\"auto, (max-width: 1000px) 100vw, 1000px\"\/><\/noscript><\/p>\n<p style=\"text-align: center\" align=\"justify\"><span style=\"font-size: large\"><b><img data-recalc-dims=\"1\" loading=\"lazy\" decoding=\"async\" alt=\"\" width=\"218\" height=\"387\" srcset=\"https:\/\/www.tribunaribeirao.com.br\/site\/wp-content\/uploads\/2024\/03\/imagem2-1-scaled.jpg 363w, https:\/\/www.tribunaribeirao.com.br\/site\/wp-content\/uploads\/2024\/03\/imagem2-1-169x300.jpg 169w, https:\/\/www.tribunaribeirao.com.br\/site\/wp-content\/uploads\/2024\/03\/imagem2-1-576x1024.jpg 576w, https:\/\/www.tribunaribeirao.com.br\/site\/wp-content\/uploads\/2024\/03\/imagem2-1-768x1365.jpg 768w, https:\/\/www.tribunaribeirao.com.br\/site\/wp-content\/uploads\/2024\/03\/imagem2-1-864x1536.jpg 864w, https:\/\/www.tribunaribeirao.com.br\/site\/wp-content\/uploads\/2024\/03\/imagem2-1-225x400.jpg 225w, https:\/\/www.tribunaribeirao.com.br\/site\/wp-content\/uploads\/2024\/03\/imagem2-1-585x1040.jpg 585w\" src=\"https:\/\/i0.wp.com\/www.tribunaribeirao.com.br\/site\/wp-content\/uploads\/2024\/03\/imagem2-1-scaled.jpg?resize=218%2C387&#038;ssl=1\" data-sizes=\"(max-width: 218px) 100vw, 218px\" class=\" wp-image-377127 alignleft lazyload\"\/><noscript><img data-recalc-dims=\"1\" loading=\"lazy\" decoding=\"async\" class=\" wp-image-377127 alignleft\" src=\"https:\/\/i0.wp.com\/www.tribunaribeirao.com.br\/site\/wp-content\/uploads\/2024\/03\/imagem2-1-scaled.jpg?resize=218%2C387&#038;ssl=1\" alt=\"\" width=\"218\" height=\"387\" srcset=\"https:\/\/www.tribunaribeirao.com.br\/site\/wp-content\/uploads\/2024\/03\/imagem2-1-scaled.jpg 363w, https:\/\/www.tribunaribeirao.com.br\/site\/wp-content\/uploads\/2024\/03\/imagem2-1-169x300.jpg 169w, https:\/\/www.tribunaribeirao.com.br\/site\/wp-content\/uploads\/2024\/03\/imagem2-1-576x1024.jpg 576w, https:\/\/www.tribunaribeirao.com.br\/site\/wp-content\/uploads\/2024\/03\/imagem2-1-768x1365.jpg 768w, https:\/\/www.tribunaribeirao.com.br\/site\/wp-content\/uploads\/2024\/03\/imagem2-1-864x1536.jpg 864w, https:\/\/www.tribunaribeirao.com.br\/site\/wp-content\/uploads\/2024\/03\/imagem2-1-225x400.jpg 225w, https:\/\/www.tribunaribeirao.com.br\/site\/wp-content\/uploads\/2024\/03\/imagem2-1-585x1040.jpg 585w\" sizes=\"auto, (max-width: 218px) 100vw, 218px\"\/><\/noscript><\/b><\/span><\/p>\n<p style=\"text-align: center\" align=\"justify\"><span style=\"font-size: large\"><b>Garantindo a Seguran\u00e7a:<\/b><\/span><\/p>\n<p style=\"text-align: center\" align=\"justify\"><span style=\"font-size: large\"><b>Instala\u00e7\u00e3o e Inspe\u00e7\u00e3o de Vasos de Press\u00e3o<\/b><\/span><\/p>\n<p align=\"justify\">A instala\u00e7\u00e3o e inspe\u00e7\u00e3o de vasos de press\u00e3o s\u00e3o procedimentos fundamentais para garantir a seguran\u00e7a e a integridade dos equipamentos. De acordo com a NR13, norma regulamentadora que estabelece requisitos m\u00ednimos para a seguran\u00e7a na opera\u00e7\u00e3o de vasos de press\u00e3o, \u00e9 necess\u00e1rio realizar inspe\u00e7\u00f5es regulares a fim de evitar poss\u00edveis acidentes e danos \u00e0 vida e ao meio ambiente.<\/p>\n<p align=\"justify\">A Sonar Solu\u00e7\u00f5es em Engenharia possui profissionais altamente capacitados para realizar a inspe\u00e7\u00e3o de vasos de press\u00e3o, seguindo rigorosamente as diretrizes estabelecidas pela NR13. Al\u00e9m disso, a empresa oferece diversos outros servi\u00e7os ligados a manuten\u00e7\u00f5es preventivas e corretivas para garantir o bom funcionamento dos equipamentos.<\/p>\n<p align=\"justify\"><span style=\"font-size: large\"><b>Conhe\u00e7a abaixo os servi\u00e7os relacionados a vasos de press\u00e3o oferecidos pela Sonar Solu\u00e7\u00f5es em Engenharia:<\/b><\/span><\/p>\n<p align=\"justify\"><img data-recalc-dims=\"1\" loading=\"lazy\" decoding=\"async\" alt=\"\" width=\"413\" height=\"310\" srcset=\"https:\/\/www.tribunaribeirao.com.br\/site\/wp-content\/uploads\/2024\/03\/imagem3-1.jpg 860w, https:\/\/www.tribunaribeirao.com.br\/site\/wp-content\/uploads\/2024\/03\/imagem3-1-300x225.jpg 300w, https:\/\/www.tribunaribeirao.com.br\/site\/wp-content\/uploads\/2024\/03\/imagem3-1-768x576.jpg 768w, https:\/\/www.tribunaribeirao.com.br\/site\/wp-content\/uploads\/2024\/03\/imagem3-1-760x570.jpg 760w, https:\/\/www.tribunaribeirao.com.br\/site\/wp-content\/uploads\/2024\/03\/imagem3-1-533x400.jpg 533w, https:\/\/www.tribunaribeirao.com.br\/site\/wp-content\/uploads\/2024\/03\/imagem3-1-585x439.jpg 585w\" src=\"https:\/\/i0.wp.com\/www.tribunaribeirao.com.br\/site\/wp-content\/uploads\/2024\/03\/imagem3-1.jpg?resize=413%2C310&#038;ssl=1\" data-sizes=\"(max-width: 413px) 100vw, 413px\" class=\" wp-image-377128 alignright lazyload\"\/><noscript><img data-recalc-dims=\"1\" loading=\"lazy\" decoding=\"async\" class=\" wp-image-377128 alignright\" src=\"https:\/\/i0.wp.com\/www.tribunaribeirao.com.br\/site\/wp-content\/uploads\/2024\/03\/imagem3-1.jpg?resize=413%2C310&#038;ssl=1\" alt=\"\" width=\"413\" height=\"310\" srcset=\"https:\/\/www.tribunaribeirao.com.br\/site\/wp-content\/uploads\/2024\/03\/imagem3-1.jpg 860w, https:\/\/www.tribunaribeirao.com.br\/site\/wp-content\/uploads\/2024\/03\/imagem3-1-300x225.jpg 300w, https:\/\/www.tribunaribeirao.com.br\/site\/wp-content\/uploads\/2024\/03\/imagem3-1-768x576.jpg 768w, https:\/\/www.tribunaribeirao.com.br\/site\/wp-content\/uploads\/2024\/03\/imagem3-1-760x570.jpg 760w, https:\/\/www.tribunaribeirao.com.br\/site\/wp-content\/uploads\/2024\/03\/imagem3-1-533x400.jpg 533w, https:\/\/www.tribunaribeirao.com.br\/site\/wp-content\/uploads\/2024\/03\/imagem3-1-585x439.jpg 585w\" sizes=\"auto, (max-width: 413px) 100vw, 413px\"\/><\/noscript><\/p>\n<ul>\n<li>\n<p align=\"justify\">Montagem de 4 tanques P-4000 e quadro de 1\u00b0 est\u00e1gio;<\/p>\n<\/li>\n<li>\n<p align=\"justify\">Constru\u00e7\u00e3o da central em alambrado 30 x 12 metros (Bases e Port\u00f5es);<\/p>\n<\/li>\n<li>\n<p align=\"justify\">Sistema de aterramento da central, tanques e equipamentos;<\/p>\n<\/li>\n<li>\n<p align=\"justify\">Montagem de sistema de vaporiza\u00e7\u00e3o misto (El\u00e9trico e Atmosf\u00e9rico);<\/p>\n<\/li>\n<li>\n<p align=\"justify\">Montagem de sistema de abastecimento de P-20 (Pit Stop) com quadro el\u00e9trico;<\/p>\n<\/li>\n<li>\n<p align=\"justify\">Sistema para abastecimento e utiliza\u00e7\u00e3o atrav\u00e9s de carreta;<\/p>\n<\/li>\n<li>\n<p align=\"justify\">Confec\u00e7\u00e3o e instala\u00e7\u00e3o de filtro de Pesados (Pulm\u00e3o);<\/p>\n<\/li>\n<li>\n<p align=\"justify\">Desenvolvimento de Projeto Executivo;<\/p>\n<\/li>\n<li>\n<p align=\"justify\">Fornecimento de treinamento para utiliza\u00e7\u00e3o dos equipamentos.<\/p>\n<\/li>\n<\/ul>\n<p style=\"text-align: center\" align=\"justify\"><span style=\"font-size: medium\"><b><img data-recalc-dims=\"1\" loading=\"lazy\" decoding=\"async\" alt=\"\" width=\"305\" height=\"417\" srcset=\"https:\/\/www.tribunaribeirao.com.br\/site\/wp-content\/uploads\/2024\/03\/imagem4.png 472w, https:\/\/www.tribunaribeirao.com.br\/site\/wp-content\/uploads\/2024\/03\/imagem4-219x300.png 219w, https:\/\/www.tribunaribeirao.com.br\/site\/wp-content\/uploads\/2024\/03\/imagem4-749x1024.png 749w, https:\/\/www.tribunaribeirao.com.br\/site\/wp-content\/uploads\/2024\/03\/imagem4-768x1050.png 768w, https:\/\/www.tribunaribeirao.com.br\/site\/wp-content\/uploads\/2024\/03\/imagem4-293x400.png 293w, https:\/\/www.tribunaribeirao.com.br\/site\/wp-content\/uploads\/2024\/03\/imagem4-585x800.png 585w\" src=\"https:\/\/i0.wp.com\/www.tribunaribeirao.com.br\/site\/wp-content\/uploads\/2024\/03\/imagem4.png?resize=305%2C417&#038;ssl=1\" data-sizes=\"(max-width: 305px) 100vw, 305px\" class=\" wp-image-377129 alignleft lazyload\"\/><noscript><img data-recalc-dims=\"1\" loading=\"lazy\" decoding=\"async\" class=\" wp-image-377129 alignleft\" src=\"https:\/\/i0.wp.com\/www.tribunaribeirao.com.br\/site\/wp-content\/uploads\/2024\/03\/imagem4.png?resize=305%2C417&#038;ssl=1\" alt=\"\" width=\"305\" height=\"417\" srcset=\"https:\/\/www.tribunaribeirao.com.br\/site\/wp-content\/uploads\/2024\/03\/imagem4.png 472w, https:\/\/www.tribunaribeirao.com.br\/site\/wp-content\/uploads\/2024\/03\/imagem4-219x300.png 219w, https:\/\/www.tribunaribeirao.com.br\/site\/wp-content\/uploads\/2024\/03\/imagem4-749x1024.png 749w, https:\/\/www.tribunaribeirao.com.br\/site\/wp-content\/uploads\/2024\/03\/imagem4-768x1050.png 768w, https:\/\/www.tribunaribeirao.com.br\/site\/wp-content\/uploads\/2024\/03\/imagem4-293x400.png 293w, https:\/\/www.tribunaribeirao.com.br\/site\/wp-content\/uploads\/2024\/03\/imagem4-585x800.png 585w\" sizes=\"auto, (max-width: 305px) 100vw, 305px\"\/><\/noscript>Instala\u00e7\u00e3o de G\u00e1s Natural e GLP<\/b><\/span><\/p>\n<p align=\"justify\">A SONAR Engenharia efetua montagem, instala\u00e7\u00f5es, manuten\u00e7\u00f5es corretivas e preventivas em redes de distribui\u00e7\u00e3o e centrais de g\u00e1s Natural ou GLP (G\u00e1s Liquefeito do Petr\u00f3leo) em resid\u00eancias, com\u00e9rcios, ind\u00fastria ou agropecu\u00e1ria.<\/p>\n<p align=\"justify\">Instala\u00e7\u00f5es de centrais de GLP a granel, ou esta\u00e7\u00f5es de G\u00e1s Natural, montagem de redes de distribui\u00e7\u00e3o de g\u00e1s de tubos de Cobre, A\u00e7o carbono, Multicamada ou PEAD. Equipes de plant\u00e3o 24 horas, carros equipados com equipamentos adequados para melhor solucionar seu problema.<\/p>\n<p align=\"justify\"><img data-recalc-dims=\"1\" loading=\"lazy\" decoding=\"async\" alt=\"\" width=\"317\" height=\"423\" srcset=\"https:\/\/www.tribunaribeirao.com.br\/site\/wp-content\/uploads\/2024\/03\/imagem5-1-scaled.jpg 484w, https:\/\/www.tribunaribeirao.com.br\/site\/wp-content\/uploads\/2024\/03\/imagem5-1-225x300.jpg 225w, https:\/\/www.tribunaribeirao.com.br\/site\/wp-content\/uploads\/2024\/03\/imagem5-1-768x1024.jpg 768w, https:\/\/www.tribunaribeirao.com.br\/site\/wp-content\/uploads\/2024\/03\/imagem5-1-1152x1536.jpg 1152w, https:\/\/www.tribunaribeirao.com.br\/site\/wp-content\/uploads\/2024\/03\/imagem5-1-960x1280.jpg 960w, https:\/\/www.tribunaribeirao.com.br\/site\/wp-content\/uploads\/2024\/03\/imagem5-1-300x400.jpg 300w, https:\/\/www.tribunaribeirao.com.br\/site\/wp-content\/uploads\/2024\/03\/imagem5-1-585x780.jpg 585w\" src=\"https:\/\/i0.wp.com\/www.tribunaribeirao.com.br\/site\/wp-content\/uploads\/2024\/03\/imagem5-1-scaled.jpg?resize=317%2C423&#038;ssl=1\" data-sizes=\"(max-width: 317px) 100vw, 317px\" class=\" wp-image-377131 alignright lazyload\"\/><noscript><img data-recalc-dims=\"1\" loading=\"lazy\" decoding=\"async\" class=\" wp-image-377131 alignright\" src=\"https:\/\/i0.wp.com\/www.tribunaribeirao.com.br\/site\/wp-content\/uploads\/2024\/03\/imagem5-1-scaled.jpg?resize=317%2C423&#038;ssl=1\" alt=\"\" width=\"317\" height=\"423\" srcset=\"https:\/\/www.tribunaribeirao.com.br\/site\/wp-content\/uploads\/2024\/03\/imagem5-1-scaled.jpg 484w, https:\/\/www.tribunaribeirao.com.br\/site\/wp-content\/uploads\/2024\/03\/imagem5-1-225x300.jpg 225w, https:\/\/www.tribunaribeirao.com.br\/site\/wp-content\/uploads\/2024\/03\/imagem5-1-768x1024.jpg 768w, https:\/\/www.tribunaribeirao.com.br\/site\/wp-content\/uploads\/2024\/03\/imagem5-1-1152x1536.jpg 1152w, https:\/\/www.tribunaribeirao.com.br\/site\/wp-content\/uploads\/2024\/03\/imagem5-1-960x1280.jpg 960w, https:\/\/www.tribunaribeirao.com.br\/site\/wp-content\/uploads\/2024\/03\/imagem5-1-300x400.jpg 300w, https:\/\/www.tribunaribeirao.com.br\/site\/wp-content\/uploads\/2024\/03\/imagem5-1-585x780.jpg 585w\" sizes=\"auto, (max-width: 317px) 100vw, 317px\"\/><\/noscript>Al\u00e9m de oferecer servi\u00e7os de instala\u00e7\u00e3o e manuten\u00e7\u00e3o de redes de g\u00e1s LP e natural, a Sonar Solu\u00e7\u00f5es em Engenharia tamb\u00e9m realiza uma s\u00e9rie de outras atividades especializadas:<\/p>\n<ul>\n<li>\n<p align=\"justify\">Teste de Estanqueidade da central e rede, com emiss\u00e3o de Laudo e ART;<\/p>\n<\/li>\n<li>\n<p align=\"justify\">Montagem de rede e pontos de consumo;<\/p>\n<\/li>\n<li>\n<p align=\"justify\">Instala\u00e7\u00e3o e Manuten\u00e7\u00e3o de Vaporizador El\u00e9trico e Atmosf\u00e9rico;<\/p>\n<\/li>\n<li>\n<p align=\"justify\">Instala\u00e7\u00e3o de Pit Stop.<\/p>\n<\/li>\n<\/ul>\n<p align=\"justify\">A individualiza\u00e7\u00e3o de <i>\u00e1gua<\/i> \u00e9 um servi\u00e7o<i> essencial <\/i>oferecido pela Sonar, que possibilita a medi\u00e7\u00e3o individual do consumo de \u00e1gua em condom\u00ednios. Com isso, cada unidade paga apenas pelo seu consumo real, promovendo um pagamento justo e equitativo. A individualiza\u00e7\u00e3o de \u00e1gua em condom\u00ednios \u00e9 realizada por meio da instala\u00e7\u00e3o de hidr\u00f4metros individuais em cada unidade residencial. Esse processo \u00e9 feito de forma t\u00e9cnica e seguindo normas espec\u00edficas, garantindo a precis\u00e3o e a efici\u00eancia da medi\u00e7\u00e3o. Para iniciar a individualiza\u00e7\u00e3o, \u00e9 necess\u00e1rio realizar um estudo detalhado do sistema hidr\u00e1ulico do condom\u00ednio, identificando os pontos de instala\u00e7\u00e3o dos hidr\u00f4metros individuais. Em seguida, os equipamentos s\u00e3o instalados e conectados \u00e0 tubula\u00e7\u00e3o existente, permitindo a medi\u00e7\u00e3o individual do consumo de \u00e1gua de cada unidade.<\/p>\n<p align=\"justify\">Com a individualiza\u00e7\u00e3o de \u00e1gua, \u00e9 poss\u00edvel evitar desperd\u00edcios, incentivar o uso consciente e garantir uma divis\u00e3o justa dos custos entre os moradores. Al\u00e9m disso, o servi\u00e7o contribui para a redu\u00e7\u00e3o do valor total da conta de \u00e1gua do condom\u00ednio, beneficiando todos os cond\u00f4minos. Conte conosco para realizar a individualiza\u00e7\u00e3o de \u00e1gua em seu condom\u00ednio e desfrute de uma gest\u00e3o mais eficiente e transparente dos recursos h\u00eddricos!<\/p>\n<p align=\"justify\">Esses servi\u00e7os complementares garantem que a Sonar seja sua parceira completa em solu\u00e7\u00f5es para engenharia e individualiza\u00e7\u00e3o.<\/p>\n<p align=\"justify\"><b>Para obter mais informa\u00e7\u00f5es sobre nossos servi\u00e7os e como podemos atender \u00e0s suas necessidades, entre em contato conosco. Voc\u00ea pode nos contatar pelo WhatsApp atrav\u00e9s do n\u00famero 0800 729 0686, acessar nosso site em <\/b><i><b>www.sonarengenharia.com<\/b><\/i><b> e nos seguir nas redes sociais para ficar por dentro de todas as novidades e servi\u00e7os oferecidos, basta procurar por <\/b><i><b>@sonarengenharia<\/b><\/i><b>. Estamos ansiosos para atend\u00ea-lo!<\/b><\/p>\n<\/div>\n<p><br \/>\n<br \/><a href=\"https:\/\/www.tribunaribeirao.com.br\/site\/sonar-solucoes-em-engenharia-e-individualizacao-qualidade-e-seguranca-em-primeiro-lugar\/\">Source link <\/a><\/p>\n<!-- CONTENT END 1 -->\n","protected":false},"excerpt":{"rendered":"<p>Sonar Solu\u00e7\u00f5es em Engenharia e Individualiza\u00e7\u00e3o: Qualidade e Seguran\u00e7a em Primeiro Lugar A Sonar Solu\u00e7\u00f5es em Engenharia \u00e9 uma empresa dedicada a oferecer servi\u00e7os de&#8230;<\/p>\n","protected":false},"author":1,"featured_media":42075,"comment_status":"open","ping_status":"open","sticky":false,"template":"","format":"standard","meta":{"advanced_seo_description":"","jetpack_seo_html_title":"","jetpack_seo_noindex":false,"jetpack_post_was_ever_published":false,"_jetpack_newsletter_access":"","_jetpack_dont_email_post_to_subs":false,"_jetpack_newsletter_tier_id":0,"_jetpack_memberships_contains_paywalled_content":false,"_jetpack_memberships_contains_paid_content":false,"footnotes":"","jetpack_publicize_message":"","jetpack_publicize_feature_enabled":true,"jetpack_social_post_already_shared":true,"jetpack_social_options":{"image_generator_settings":{"template":"highway","default_image_id":0,"font":"","enabled":false},"version":2}},"categories":[11],"tags":[4968,4969,1061,2279,4816,1878,4967,4966],"class_list":["post-42074","post","type-post","status-publish","format-standard","has-post-thumbnail","hentry","category-noticias-de-ribeirao-preto-sp-e-regiao-ismael-colosi","tag-engenharia","tag-individualizacao","tag-lugar","tag-primeiro","tag-qualidade","tag-seguranca","tag-solucoes","tag-sonar"],"jetpack_publicize_connections":[],"jetpack_featured_media_url":"https:\/\/i0.wp.com\/noticiasribeiraopreto.com.br\/wp-content\/uploads\/2024\/03\/imagem1-1-scaled.jpg?fit=1000%2C439&ssl=1","jetpack-related-posts":[{"id":16818,"url":"https:\/\/noticiasribeiraopreto.com.br\/index.php\/2023\/12\/16\/grupo-tejofran-contrata-em-diferentes-estados-do-pais\/","url_meta":{"origin":42074,"position":0},"title":"Grupo Tejofran CONTRATA em diferentes estados do pa\u00eds","author":"noticiasribeiraopreto.com.br","date":"16 de December de 2023","format":false,"excerpt":"O Grupo Tejofran, pioneiro nos processos de servi\u00e7os especializados do Brasil,\u00a0 est\u00e1 contratando profissionais em S\u00e3o Paulo e no Rio de Janeiro. Dito isso, antes de falar mais sobre a empresa que usa toda sua experi\u00eancia para identificar necessidades e propor solu\u00e7\u00f5es em servi\u00e7os especializados com a mais alta qualidade\u2026","rel":"","context":"In &quot;Vagas de Emprego em Ribeir\u00e3o Preto-SP&quot;","block_context":{"text":"Vagas de Emprego em Ribeir\u00e3o Preto-SP","link":"https:\/\/noticiasribeiraopreto.com.br\/index.php\/category\/empregos-classificados-vagas-trabalho\/vagas-de-empregos-em-ribeirao-preto-regiao-brasil\/"},"img":{"alt_text":"","src":"https:\/\/i0.wp.com\/noticiasribeiraopreto.com.br\/wp-content\/uploads\/2023\/12\/noticiasconcursos.com_.br-grupo-tejofran-contrata-em-diferentes-estados-do-pais-f9136082760c9ca1706ca8351798d01f68b6c319-1.jpg?fit=800%2C480&ssl=1&resize=350%2C200","width":350,"height":200,"srcset":"https:\/\/i0.wp.com\/noticiasribeiraopreto.com.br\/wp-content\/uploads\/2023\/12\/noticiasconcursos.com_.br-grupo-tejofran-contrata-em-diferentes-estados-do-pais-f9136082760c9ca1706ca8351798d01f68b6c319-1.jpg?fit=800%2C480&ssl=1&resize=350%2C200 1x, https:\/\/i0.wp.com\/noticiasribeiraopreto.com.br\/wp-content\/uploads\/2023\/12\/noticiasconcursos.com_.br-grupo-tejofran-contrata-em-diferentes-estados-do-pais-f9136082760c9ca1706ca8351798d01f68b6c319-1.jpg?fit=800%2C480&ssl=1&resize=525%2C300 1.5x, https:\/\/i0.wp.com\/noticiasribeiraopreto.com.br\/wp-content\/uploads\/2023\/12\/noticiasconcursos.com_.br-grupo-tejofran-contrata-em-diferentes-estados-do-pais-f9136082760c9ca1706ca8351798d01f68b6c319-1.jpg?fit=800%2C480&ssl=1&resize=700%2C400 2x"},"classes":[]},{"id":20437,"url":"https:\/\/noticiasribeiraopreto.com.br\/index.php\/2023\/12\/25\/quer-trabalhar-na-alamo-veja-os-cargos-locais-e-mais\/","url_meta":{"origin":42074,"position":1},"title":"Quer trabalhar na \u00c1lamo? Veja os cargos, locais e mais!","author":"noticiasribeiraopreto.com.br","date":"25 de December de 2023","format":false,"excerpt":"A \u00c1lamo Engenharia, empresa que tem como miss\u00e3o prestar servi\u00e7os de engenharia otimizando a opera\u00e7\u00e3o e custos nas instala\u00e7\u00f5es dos clientes, com alto padr\u00e3o de qualidade, efici\u00eancia, compatibilidade, seguran\u00e7a e conforto, est\u00e1 com \u00f3timas op\u00e7\u00f5es de empregos dispon\u00edveis. Isto \u00e9, vale a pena conferir quais s\u00e3o os principais cargos abertos:\u2026","rel":"","context":"In &quot;Vagas de Emprego em Ribeir\u00e3o Preto-SP&quot;","block_context":{"text":"Vagas de Emprego em Ribeir\u00e3o Preto-SP","link":"https:\/\/noticiasribeiraopreto.com.br\/index.php\/category\/empregos-classificados-vagas-trabalho\/vagas-de-empregos-em-ribeirao-preto-regiao-brasil\/"},"img":{"alt_text":"","src":"https:\/\/i0.wp.com\/noticiasribeiraopreto.com.br\/wp-content\/uploads\/2023\/12\/noticiasconcursos.com_.br-alamo-oferece-empregos-em-sp-rj-e-mg-345279852-550315267174431-2603113073698612353-n-e1684427940276.jpg?fit=1200%2C923&ssl=1&resize=350%2C200","width":350,"height":200,"srcset":"https:\/\/i0.wp.com\/noticiasribeiraopreto.com.br\/wp-content\/uploads\/2023\/12\/noticiasconcursos.com_.br-alamo-oferece-empregos-em-sp-rj-e-mg-345279852-550315267174431-2603113073698612353-n-e1684427940276.jpg?fit=1200%2C923&ssl=1&resize=350%2C200 1x, https:\/\/i0.wp.com\/noticiasribeiraopreto.com.br\/wp-content\/uploads\/2023\/12\/noticiasconcursos.com_.br-alamo-oferece-empregos-em-sp-rj-e-mg-345279852-550315267174431-2603113073698612353-n-e1684427940276.jpg?fit=1200%2C923&ssl=1&resize=525%2C300 1.5x, https:\/\/i0.wp.com\/noticiasribeiraopreto.com.br\/wp-content\/uploads\/2023\/12\/noticiasconcursos.com_.br-alamo-oferece-empregos-em-sp-rj-e-mg-345279852-550315267174431-2603113073698612353-n-e1684427940276.jpg?fit=1200%2C923&ssl=1&resize=700%2C400 2x, https:\/\/i0.wp.com\/noticiasribeiraopreto.com.br\/wp-content\/uploads\/2023\/12\/noticiasconcursos.com_.br-alamo-oferece-empregos-em-sp-rj-e-mg-345279852-550315267174431-2603113073698612353-n-e1684427940276.jpg?fit=1200%2C923&ssl=1&resize=1050%2C600 3x"},"classes":[]},{"id":80315,"url":"https:\/\/noticiasribeiraopreto.com.br\/index.php\/2025\/11\/19\/como-a-lamesa-se-tornou-referencia-em-qualidade-e-seguranca\/","url_meta":{"origin":42074,"position":2},"title":"Como a Lamesa se tornou refer\u00eancia em qualidade e seguran\u00e7a","author":"noticiasribeiraopreto.com.br","date":"19 de November de 2025","format":false,"excerpt":"Em um setor onde cada detalhe conta, a escolha do cabo el\u00e9trico ideal vai muito al\u00e9m da condu\u00e7\u00e3o de energia. Trata-se de uma decis\u00e3o que define o desempenho, a seguran\u00e7a e a longevidade de todo um sistema. E \u00e9 justamente nesse ponto que a Lamesa Cabos El\u00e9tricos se destaca: pela\u2026","rel":"","context":"In &quot;Not\u00edcias de Ribeir\u00e3o Preto-SP e Regi\u00e3o&quot;","block_context":{"text":"Not\u00edcias de Ribeir\u00e3o Preto-SP e Regi\u00e3o","link":"https:\/\/noticiasribeiraopreto.com.br\/index.php\/category\/noticias-de-ribeirao-preto-sp-e-regiao-ismael-colosi\/"},"img":{"alt_text":"","src":"https:\/\/i0.wp.com\/noticiasribeiraopreto.com.br\/wp-content\/uploads\/2025\/11\/1-2025-11-19T134927.793_2025-11-19_16-52-12.webp.webp?fit=1200%2C800&ssl=1&resize=350%2C200","width":350,"height":200,"srcset":"https:\/\/i0.wp.com\/noticiasribeiraopreto.com.br\/wp-content\/uploads\/2025\/11\/1-2025-11-19T134927.793_2025-11-19_16-52-12.webp.webp?fit=1200%2C800&ssl=1&resize=350%2C200 1x, https:\/\/i0.wp.com\/noticiasribeiraopreto.com.br\/wp-content\/uploads\/2025\/11\/1-2025-11-19T134927.793_2025-11-19_16-52-12.webp.webp?fit=1200%2C800&ssl=1&resize=525%2C300 1.5x, https:\/\/i0.wp.com\/noticiasribeiraopreto.com.br\/wp-content\/uploads\/2025\/11\/1-2025-11-19T134927.793_2025-11-19_16-52-12.webp.webp?fit=1200%2C800&ssl=1&resize=700%2C400 2x, https:\/\/i0.wp.com\/noticiasribeiraopreto.com.br\/wp-content\/uploads\/2025\/11\/1-2025-11-19T134927.793_2025-11-19_16-52-12.webp.webp?fit=1200%2C800&ssl=1&resize=1050%2C600 3x"},"classes":[]},{"id":20165,"url":"https:\/\/noticiasribeiraopreto.com.br\/index.php\/2023\/12\/24\/strata-engenharia-esta-na-procura-de-novos-funcionarios\/","url_meta":{"origin":42074,"position":3},"title":"Strata Engenharia est\u00e1 NA PROCURA de novos funcion\u00e1rios","author":"noticiasribeiraopreto.com.br","date":"24 de December de 2023","format":false,"excerpt":"A Strata Engenharia, empresa de engenharia consultiva especializada em infraestrutura de transportes, com atua\u00e7\u00e3o tamb\u00e9m nos mercados de minera\u00e7\u00e3o, energia e saneamento, est\u00e1 com in\u00fameros cargos dispon\u00edveis no presente momento. Desse modo, antes de falar mais sobre, confira a lista de vagas: Auxiliar de Engenharia PCD \u2013 Belo Horizonte \u2013\u2026","rel":"","context":"In &quot;Vagas de Emprego em Ribeir\u00e3o Preto-SP&quot;","block_context":{"text":"Vagas de Emprego em Ribeir\u00e3o Preto-SP","link":"https:\/\/noticiasribeiraopreto.com.br\/index.php\/category\/empregos-classificados-vagas-trabalho\/vagas-de-empregos-em-ribeirao-preto-regiao-brasil\/"},"img":{"alt_text":"","src":"https:\/\/i0.wp.com\/noticiasribeiraopreto.com.br\/wp-content\/uploads\/2023\/12\/noticiasconcursos.com_.br-whatsapp-image-2021-05-27-at-09.06.38-2.jpeg?fit=1024%2C768&ssl=1&resize=350%2C200","width":350,"height":200,"srcset":"https:\/\/i0.wp.com\/noticiasribeiraopreto.com.br\/wp-content\/uploads\/2023\/12\/noticiasconcursos.com_.br-whatsapp-image-2021-05-27-at-09.06.38-2.jpeg?fit=1024%2C768&ssl=1&resize=350%2C200 1x, https:\/\/i0.wp.com\/noticiasribeiraopreto.com.br\/wp-content\/uploads\/2023\/12\/noticiasconcursos.com_.br-whatsapp-image-2021-05-27-at-09.06.38-2.jpeg?fit=1024%2C768&ssl=1&resize=525%2C300 1.5x, https:\/\/i0.wp.com\/noticiasribeiraopreto.com.br\/wp-content\/uploads\/2023\/12\/noticiasconcursos.com_.br-whatsapp-image-2021-05-27-at-09.06.38-2.jpeg?fit=1024%2C768&ssl=1&resize=700%2C400 2x"},"classes":[]},{"id":23322,"url":"https:\/\/noticiasribeiraopreto.com.br\/index.php\/2024\/01\/01\/loga-oferece-empregos-efetivos-e-para-estagio\/","url_meta":{"origin":42074,"position":4},"title":"Loga OFERECE EMPREGOS efetivos e para EST\u00c1GIO","author":"noticiasribeiraopreto.com.br","date":"1 de January de 2024","format":false,"excerpt":"A Loga (Log\u00edstica Ambiental de S\u00e3o Paulo S.A.), empresa que visa ser refer\u00eancia na gest\u00e3o de res\u00edduos, pela excel\u00eancia na atua\u00e7\u00e3o em uma das maiores cidades do mundo, garantindo qualidade para o meio ambiente e sustentabilidade para o neg\u00f3cio, est\u00e1 com in\u00fameras possibilidades em aberto. Dito isso, veja a lista\u2026","rel":"","context":"In &quot;Vagas de Emprego em Ribeir\u00e3o Preto-SP&quot;","block_context":{"text":"Vagas de Emprego em Ribeir\u00e3o Preto-SP","link":"https:\/\/noticiasribeiraopreto.com.br\/index.php\/category\/empregos-classificados-vagas-trabalho\/vagas-de-empregos-em-ribeirao-preto-regiao-brasil\/"},"img":{"alt_text":"","src":"https:\/\/i0.wp.com\/noticiasribeiraopreto.com.br\/wp-content\/uploads\/2024\/01\/noticiasconcursos.com_.br-loga-oferece-empregos-efetivos-e-para-estagio-272822741-1216374665559251-4225619723051160506-n-e1704117181113.jpg?fit=1000%2C778&ssl=1&resize=350%2C200","width":350,"height":200,"srcset":"https:\/\/i0.wp.com\/noticiasribeiraopreto.com.br\/wp-content\/uploads\/2024\/01\/noticiasconcursos.com_.br-loga-oferece-empregos-efetivos-e-para-estagio-272822741-1216374665559251-4225619723051160506-n-e1704117181113.jpg?fit=1000%2C778&ssl=1&resize=350%2C200 1x, https:\/\/i0.wp.com\/noticiasribeiraopreto.com.br\/wp-content\/uploads\/2024\/01\/noticiasconcursos.com_.br-loga-oferece-empregos-efetivos-e-para-estagio-272822741-1216374665559251-4225619723051160506-n-e1704117181113.jpg?fit=1000%2C778&ssl=1&resize=525%2C300 1.5x, https:\/\/i0.wp.com\/noticiasribeiraopreto.com.br\/wp-content\/uploads\/2024\/01\/noticiasconcursos.com_.br-loga-oferece-empregos-efetivos-e-para-estagio-272822741-1216374665559251-4225619723051160506-n-e1704117181113.jpg?fit=1000%2C778&ssl=1&resize=700%2C400 2x"},"classes":[]},{"id":17127,"url":"https:\/\/noticiasribeiraopreto.com.br\/index.php\/2023\/12\/17\/gigante-oceanica-oferta-mais-de-50-vagas-de-emprego-para-auxiliares-eletricistas-moco-de-conves-marinheiros-e-mais\/","url_meta":{"origin":42074,"position":5},"title":"Gigante Oce\u00e2nica oferta mais de 50 vagas de emprego para auxiliares, eletricistas, mo\u00e7o de conv\u00e9s, marinheiros e mais!","author":"noticiasribeiraopreto.com.br","date":"17 de December de 2023","format":false,"excerpt":"Foto: Reprodu\u00e7\u00e3o sejaoceanica.gupy.io As vagas de emprego da Oce\u00e2nica s\u00e3o para as cidades do Rio de Janeiro, Maca\u00e9 e Rio das Ostras e s\u00e3o para diversos cargos e \u00e1reas. Confira abaixo como concorrer! Com atua\u00e7\u00e3o de 44 anos no mercado, a empresa brasileira Oce\u00e2nica \u00e9 l\u00edder em integridade de \u00f3leo\u2026","rel":"","context":"In &quot;Vagas de Emprego em Ribeir\u00e3o Preto-SP&quot;","block_context":{"text":"Vagas de Emprego em Ribeir\u00e3o Preto-SP","link":"https:\/\/noticiasribeiraopreto.com.br\/index.php\/category\/empregos-classificados-vagas-trabalho\/vagas-de-empregos-em-ribeirao-preto-regiao-brasil\/"},"img":{"alt_text":"","src":"https:\/\/i0.wp.com\/noticiasribeiraopreto.com.br\/wp-content\/uploads\/2023\/12\/2022-06-29_16-03_mainImage-1-830x450.png?fit=830%2C450&ssl=1&resize=350%2C200","width":350,"height":200,"srcset":"https:\/\/i0.wp.com\/noticiasribeiraopreto.com.br\/wp-content\/uploads\/2023\/12\/2022-06-29_16-03_mainImage-1-830x450.png?fit=830%2C450&ssl=1&resize=350%2C200 1x, https:\/\/i0.wp.com\/noticiasribeiraopreto.com.br\/wp-content\/uploads\/2023\/12\/2022-06-29_16-03_mainImage-1-830x450.png?fit=830%2C450&ssl=1&resize=525%2C300 1.5x, https:\/\/i0.wp.com\/noticiasribeiraopreto.com.br\/wp-content\/uploads\/2023\/12\/2022-06-29_16-03_mainImage-1-830x450.png?fit=830%2C450&ssl=1&resize=700%2C400 2x"},"classes":[]}],"jetpack_sharing_enabled":true,"jetpack_shortlink":"https:\/\/wp.me\/peQAOb-aWC","_links":{"self":[{"href":"https:\/\/noticiasribeiraopreto.com.br\/index.php\/wp-json\/wp\/v2\/posts\/42074","targetHints":{"allow":["GET"]}}],"collection":[{"href":"https:\/\/noticiasribeiraopreto.com.br\/index.php\/wp-json\/wp\/v2\/posts"}],"about":[{"href":"https:\/\/noticiasribeiraopreto.com.br\/index.php\/wp-json\/wp\/v2\/types\/post"}],"author":[{"embeddable":true,"href":"https:\/\/noticiasribeiraopreto.com.br\/index.php\/wp-json\/wp\/v2\/users\/1"}],"replies":[{"embeddable":true,"href":"https:\/\/noticiasribeiraopreto.com.br\/index.php\/wp-json\/wp\/v2\/comments?post=42074"}],"version-history":[{"count":0,"href":"https:\/\/noticiasribeiraopreto.com.br\/index.php\/wp-json\/wp\/v2\/posts\/42074\/revisions"}],"wp:featuredmedia":[{"embeddable":true,"href":"https:\/\/noticiasribeiraopreto.com.br\/index.php\/wp-json\/wp\/v2\/media\/42075"}],"wp:attachment":[{"href":"https:\/\/noticiasribeiraopreto.com.br\/index.php\/wp-json\/wp\/v2\/media?parent=42074"}],"wp:term":[{"taxonomy":"category","embeddable":true,"href":"https:\/\/noticiasribeiraopreto.com.br\/index.php\/wp-json\/wp\/v2\/categories?post=42074"},{"taxonomy":"post_tag","embeddable":true,"href":"https:\/\/noticiasribeiraopreto.com.br\/index.php\/wp-json\/wp\/v2\/tags?post=42074"}],"curies":[{"name":"wp","href":"https:\/\/api.w.org\/{rel}","templated":true}]}}