{"id":42110,"date":"2024-03-12T21:46:31","date_gmt":"2024-03-13T00:46:31","guid":{"rendered":"https:\/\/noticiasribeiraopreto.com.br\/index.php\/2024\/03\/12\/lula-anuncia-estudo-federal-em-rp-ao-lado-de-alckmin-e-vereadora-duda-hidalgo\/"},"modified":"2024-03-12T21:46:31","modified_gmt":"2024-03-13T00:46:31","slug":"lula-anuncia-estudo-federal-em-rp-ao-lado-de-alckmin-e-vereadora-duda-hidalgo","status":"publish","type":"post","link":"https:\/\/noticiasribeiraopreto.com.br\/index.php\/2024\/03\/12\/lula-anuncia-estudo-federal-em-rp-ao-lado-de-alckmin-e-vereadora-duda-hidalgo\/","title":{"rendered":"Lula anuncia estudo Federal em RP ao lado de Alckmin e vereadora Duda Hidalgo"},"content":{"rendered":"<div class='code-block code-block-1' style='margin: 8px 0 8px auto; text-align: right; display: block; clear: both;'>\n<p><a href=\"https:\/\/wa.link\/vpicfd\"><img data-recalc-dims=\"1\" class=\"wp-image-4922\" style=\"aspect-ratio: 2.0253164556962027; width: 561px; height: auto;\" src=\"https:\/\/i0.wp.com\/ismaelcolosi.com.br\/wp-content\/uploads\/2023\/11\/grupo-de-empregos-whatsapp-e-facebook-ismael-colosi-vagas.jpg?ssl=1\" alt=\"\" \/><\/a><\/p>\n<!-- \/wp:image -->\n<\/div>\n<p> <br \/>\n<\/p>\n<div id=\"\">\n<p> <span class=\"entry-meta-item penci-posted-on\"><i class=\"fa fa-clock-o\"\/><time class=\"entry-date published updated\" datetime=\"2024-03-12T21:22:54-03:00\">12 de mar\u00e7o de 2024 | 21:22<\/time><\/span><\/p>\n<p> <span class=\"penci-social-buttons penci-social-share-footer\"><a href=\"#\" class=\"penci-post-like penci_post-meta_item  single-like-button penci-social-item like\" data-post_id=\"377150\" title=\"Like\" data-like=\"Like\" data-unlike=\"Unlike\"><i class=\"fa fa-thumbs-o-up\"\/><span class=\"penci-share-number\">0<\/span><\/a><i class=\"fa fa-facebook\"\/><a class=\"penci-social-item twitter\" target=\"_blank\" rel=\"noopener\" title=\"\" href=\"https:\/\/twitter.com\/intent\/tweet?text=Lula%20anuncia%20estudo%20Federal%20em%20RP%20ao%20lado%20de%20Alckmin%20e%20vereadora%20Duda%20Hidalgo%20-%20https:\/\/www.tribunaribeirao.com.br\/site\/lula-anuncia-estudo-federal-em-rp-ao-lado-de-alckmin-e-vereadora-duda-hidalgo\/\"><i class=\"fa fa-twitter\"\/><\/a><i class=\"fa fa-whatsapp\"\/><\/span><\/div>\n<div>\n<p>Nesta ter\u00e7a-feira, 12 de mar\u00e7o, em meio a uma cerim\u00f4nia de an\u00fancio de mais de cem unidades novas de institutos federais, a cidade de Ribeir\u00e3o Preto foi contemplada de forma in\u00e9dita para ter o seu primeiro campi de instituto federal na cidade. Ap\u00f3s mais de uma d\u00e9cada de pleito, o munic\u00edpio celebra finalmente a implanta\u00e7\u00e3o de um Instituto Federal de Educa\u00e7\u00e3o, Ci\u00eancia e Tecnologia (IFs) que visa desenvolver a educa\u00e7\u00e3o e forma\u00e7\u00e3o profissional de nossos jovens.<\/p>\n<p>A conquista, que representa um marco significativo no fortalecimento do ensino p\u00fablico e no acesso de jovens e adultos ribeir\u00e3o-pretanos, foi anunciada acompanhada de uma foto prestigiosa em que o Presidente Lula, acompanhado da vereadora Duda Hidalgo (PT) e do vice-presidente Geraldo Alckmin (PSB) seguram uma placa com os dizeres \u201cInstituto Federal Ribeir\u00e3o Preto Conquista da nossa cidade\u201d.<\/p>\n<p>A cerim\u00f4nia contou com a presen\u00e7a de dezenas de prefeitos, no entanto, quem buscou capitalizar o an\u00fancio foi a vereadora de oposi\u00e7\u00e3o ao Prefeito Duarte Nogueira (PSDB), citando em suas redes s\u00f3cias a Frente pela cria\u00e7\u00e3o do instituto federal em Ribeir\u00e3o e o seu correligion\u00e1rio prof. Ricardo Jimenez.<\/p>\n<p>A vereadora Duda ainda destacou que em fevereiro de 2022 esteve em Bras\u00edlia representando a Comiss\u00e3o de Ci\u00eancia e Tecnologia, Desenvolvimento Econ\u00f4mico, Rela\u00e7\u00f5es Internacionais e de Consumo do Legislativo da C\u00e2mara Municipal de Ribeir\u00e3o Preto e a Frente de Luta pelo Instituto Federal de Ribeir\u00e3o Preto, quando entregou \u2013 pela primeira vez \u2013 um of\u00edcio ao Ministro das Rela\u00e7\u00f5es Institucionais, Alexandre Padilha, no qual pleiteava a instala\u00e7\u00e3o do campus no munic\u00edpio. Recentemente realizou tamb\u00e9m um abaixo assinado coletando assinaturas e uma audi\u00eancia p\u00fablica na C\u00e2mara Municipal de Ribeir\u00e3o Preto acerca do tema.<\/p>\n<p>Os Institutos Federais s\u00e3o institui\u00e7\u00f5es de ensino que oferecem educa\u00e7\u00e3o profissional e tecnol\u00f3gica em diversos n\u00edveis e modalidades, incluindo ensino m\u00e9dio, cursos t\u00e9cnicos, superiores e de p\u00f3s-gradua\u00e7\u00e3o. S\u00e3o reconhecidos pela qualidade de ensino e pelo compromisso com a forma\u00e7\u00e3o de profissionais capacitados e aptos a contribuir para o desenvolvimento socioecon\u00f4mico do pa\u00eds.<\/p>\n<p>A conquista da implanta\u00e7\u00e3o do Instituto Federal de Ribeir\u00e3o Preto beneficiar\u00e1 n\u00e3o apenas nossa cidade, mas toda a Regi\u00e3o Metropolitana, proporcionando uma educa\u00e7\u00e3o gratuita, inclusiva e de qualidade que ir\u00e1 formar cerca de 1.200 alunos por ano.<\/p>\n<\/div>\n<p><script async src=\"\/\/platform.twitter.com\/widgets.js\" charset=\"utf-8\"><\/script><br \/>\n<br \/><br \/>\n<br \/><a href=\"https:\/\/www.tribunaribeirao.com.br\/site\/lula-anuncia-estudo-federal-em-rp-ao-lado-de-alckmin-e-vereadora-duda-hidalgo\/\">Source link <\/a><\/p>\n<!-- CONTENT END 1 -->\n","protected":false},"excerpt":{"rendered":"<p>12 de mar\u00e7o de 2024 | 21:22 0 Nesta ter\u00e7a-feira, 12 de mar\u00e7o, em meio a uma cerim\u00f4nia de an\u00fancio de mais de cem unidades&#8230;<\/p>\n","protected":false},"author":1,"featured_media":42111,"comment_status":"open","ping_status":"open","sticky":false,"template":"","format":"standard","meta":{"advanced_seo_description":"","jetpack_seo_html_title":"","jetpack_seo_noindex":false,"jetpack_post_was_ever_published":false,"_jetpack_newsletter_access":"","_jetpack_dont_email_post_to_subs":false,"_jetpack_newsletter_tier_id":0,"_jetpack_memberships_contains_paywalled_content":false,"_jetpack_memberships_contains_paid_content":false,"footnotes":"","jetpack_publicize_message":"","jetpack_publicize_feature_enabled":true,"jetpack_social_post_already_shared":true,"jetpack_social_options":{"image_generator_settings":{"template":"highway","default_image_id":0,"font":"","enabled":false},"version":2}},"categories":[11],"tags":[3462,175,795,2378,674,4972,4971,750,500],"class_list":["post-42110","post","type-post","status-publish","format-standard","has-post-thumbnail","hentry","category-noticias-de-ribeirao-preto-sp-e-regiao-ismael-colosi","tag-alckmin","tag-anuncia","tag-duda","tag-estudo","tag-federal","tag-hidalgo","tag-lado","tag-lula","tag-vereadora"],"jetpack_publicize_connections":[],"jetpack_featured_media_url":"https:\/\/i0.wp.com\/noticiasribeiraopreto.com.br\/wp-content\/uploads\/2024\/03\/085c9510-9625-468c-8f7b-096faf97b828-1-scaled.jpg?fit=968%2C645&ssl=1","jetpack-related-posts":[{"id":44532,"url":"https:\/\/noticiasribeiraopreto.com.br\/index.php\/2024\/03\/28\/pt-vai-ao-stf-contra-lei-dos-clubes-de-tiro\/","url_meta":{"origin":42110,"position":0},"title":"PT vai ao STF contra lei dos clubes de tiro","author":"noticiasribeiraopreto.com.br","date":"28 de March de 2024","format":false,"excerpt":"O Partido dos Trabalhadores protocolou, na quarta-feira, 27 de mar\u00e7o, no Supremo Tribunal Federal, uma Argui\u00e7\u00e3o de Descumprimento de Preceito Fundamental (ADPF) contra a lei n\u00famero 14.876\/2023, que permite funcionamento 24 horas dos clubes e estandes de tiro em Ribeir\u00e3o Preto. A iniciativa partiu da vereadora Duda Hidalgo e contou\u2026","rel":"","context":"In &quot;Not\u00edcias de Ribeir\u00e3o Preto-SP e Regi\u00e3o&quot;","block_context":{"text":"Not\u00edcias de Ribeir\u00e3o Preto-SP e Regi\u00e3o","link":"https:\/\/noticiasribeiraopreto.com.br\/index.php\/category\/noticias-de-ribeirao-preto-sp-e-regiao-ismael-colosi\/"},"img":{"alt_text":"","src":"https:\/\/i0.wp.com\/noticiasribeiraopreto.com.br\/wp-content\/uploads\/2024\/03\/clubetiro.png?fit=800%2C497&ssl=1&resize=350%2C200","width":350,"height":200,"srcset":"https:\/\/i0.wp.com\/noticiasribeiraopreto.com.br\/wp-content\/uploads\/2024\/03\/clubetiro.png?fit=800%2C497&ssl=1&resize=350%2C200 1x, https:\/\/i0.wp.com\/noticiasribeiraopreto.com.br\/wp-content\/uploads\/2024\/03\/clubetiro.png?fit=800%2C497&ssl=1&resize=525%2C300 1.5x, https:\/\/i0.wp.com\/noticiasribeiraopreto.com.br\/wp-content\/uploads\/2024\/03\/clubetiro.png?fit=800%2C497&ssl=1&resize=700%2C400 2x"},"classes":[]},{"id":910,"url":"https:\/\/noticiasribeiraopreto.com.br\/index.php\/2023\/11\/09\/vereadora-quer-dia-do-ze-pelintra-em-ribeirao-preto-entenda\/","url_meta":{"origin":42110,"position":1},"title":"Vereadora quer Dia do Z\u00e9 Pelintra em Ribeir\u00e3o Preto; Entenda","author":"noticiasribeiraopreto.com.br","date":"9 de November de 2023","format":false,"excerpt":"A vereadora Duda Hidalgo (PT) protocolou um projeto de lei que institui e inclui no calend\u00e1rio oficial de eventos de Ribeir\u00e3o Preto o Dia do Z\u00e9 Pelintra, cultuado por religi\u00f5es de matriz africana. Segundo a proposta, que deu entrada na C\u00e2mara Municipal na \u00faltima quarta-feira (8), o Dia do Z\u00e9\u2026","rel":"","context":"In &quot;Not\u00edcias de Ribeir\u00e3o Preto-SP e Regi\u00e3o&quot;","block_context":{"text":"Not\u00edcias de Ribeir\u00e3o Preto-SP e Regi\u00e3o","link":"https:\/\/noticiasribeiraopreto.com.br\/index.php\/category\/noticias-de-ribeirao-preto-sp-e-regiao-ismael-colosi\/"},"img":{"alt_text":"","src":"https:\/\/i0.wp.com\/noticiasribeiraopreto.com.br\/wp-content\/uploads\/2023\/11\/ze-pelintra-scaled.jpg?fit=1200%2C800&ssl=1&resize=350%2C200","width":350,"height":200,"srcset":"https:\/\/i0.wp.com\/noticiasribeiraopreto.com.br\/wp-content\/uploads\/2023\/11\/ze-pelintra-scaled.jpg?fit=1200%2C800&ssl=1&resize=350%2C200 1x, https:\/\/i0.wp.com\/noticiasribeiraopreto.com.br\/wp-content\/uploads\/2023\/11\/ze-pelintra-scaled.jpg?fit=1200%2C800&ssl=1&resize=525%2C300 1.5x, https:\/\/i0.wp.com\/noticiasribeiraopreto.com.br\/wp-content\/uploads\/2023\/11\/ze-pelintra-scaled.jpg?fit=1200%2C800&ssl=1&resize=700%2C400 2x, https:\/\/i0.wp.com\/noticiasribeiraopreto.com.br\/wp-content\/uploads\/2023\/11\/ze-pelintra-scaled.jpg?fit=1200%2C800&ssl=1&resize=1050%2C600 3x"},"classes":[]},{"id":58842,"url":"https:\/\/noticiasribeiraopreto.com.br\/index.php\/2024\/10\/07\/pt-elege-as-tres-mulheres-da-camara-de-ribeirao-preto-a-partir-de-2025\/","url_meta":{"origin":42110,"position":2},"title":"PT elege as tr\u00eas mulheres da C\u00e2mara de Ribeir\u00e3o Preto a partir de 2025","author":"noticiasribeiraopreto.com.br","date":"7 de October de 2024","format":false,"excerpt":"As mulheres continuar\u00e3o com apenas tr\u00eas representantes na C\u00e2mara Municipal de Ribeir\u00e3o Preto a partir de 1\u00ba de janeiro de 2025. Duda Hidalgo, Perla M\u00fcller e Judeti Zilli, do Coletivo Popular, ambas do PT, foram eleitas no primeiro turno das elei\u00e7\u00f5es municipais, realizado no \u00faltimo domingo (6). Todas as parlamentares,\u2026","rel":"","context":"In &quot;Not\u00edcias de Ribeir\u00e3o Preto-SP e Regi\u00e3o&quot;","block_context":{"text":"Not\u00edcias de Ribeir\u00e3o Preto-SP e Regi\u00e3o","link":"https:\/\/noticiasribeiraopreto.com.br\/index.php\/category\/noticias-de-ribeirao-preto-sp-e-regiao-ismael-colosi\/"},"img":{"alt_text":"","src":"https:\/\/i0.wp.com\/noticiasribeiraopreto.com.br\/wp-content\/uploads\/2024\/10\/mulheres-camara_2024-10-07_16-04-38_jpeg_2024-10-07_16-04-38.webp.webp?fit=1200%2C674&ssl=1&resize=350%2C200","width":350,"height":200,"srcset":"https:\/\/i0.wp.com\/noticiasribeiraopreto.com.br\/wp-content\/uploads\/2024\/10\/mulheres-camara_2024-10-07_16-04-38_jpeg_2024-10-07_16-04-38.webp.webp?fit=1200%2C674&ssl=1&resize=350%2C200 1x, https:\/\/i0.wp.com\/noticiasribeiraopreto.com.br\/wp-content\/uploads\/2024\/10\/mulheres-camara_2024-10-07_16-04-38_jpeg_2024-10-07_16-04-38.webp.webp?fit=1200%2C674&ssl=1&resize=525%2C300 1.5x, https:\/\/i0.wp.com\/noticiasribeiraopreto.com.br\/wp-content\/uploads\/2024\/10\/mulheres-camara_2024-10-07_16-04-38_jpeg_2024-10-07_16-04-38.webp.webp?fit=1200%2C674&ssl=1&resize=700%2C400 2x, https:\/\/i0.wp.com\/noticiasribeiraopreto.com.br\/wp-content\/uploads\/2024\/10\/mulheres-camara_2024-10-07_16-04-38_jpeg_2024-10-07_16-04-38.webp.webp?fit=1200%2C674&ssl=1&resize=1050%2C600 3x"},"classes":[]},{"id":11870,"url":"https:\/\/noticiasribeiraopreto.com.br\/index.php\/2023\/12\/06\/pt-fara-previas-para-escolher-candidato-do-partido-a-prefeitura-de-rp\/","url_meta":{"origin":42110,"position":3},"title":"PT far\u00e1 pr\u00e9vias para escolher candidato do partido \u00e0 prefeitura de RP","author":"noticiasribeiraopreto.com.br","date":"6 de December de 2023","format":false,"excerpt":"6 de dezembro de 2023 | 15:41 0O PT vai escolher o seu candidato \u00e0 prefeitura de Ribeir\u00e3o Preto no dia 24 de fevereiro do ano que vem. A data foi definida numa reuni\u00e3o na noite desta segunda-feira, 4, na sede municipal da legenda. A realiza\u00e7\u00e3o das pr\u00e9vias foi o\u2026","rel":"","context":"In &quot;Not\u00edcias de Ribeir\u00e3o Preto-SP e Regi\u00e3o&quot;","block_context":{"text":"Not\u00edcias de Ribeir\u00e3o Preto-SP e Regi\u00e3o","link":"https:\/\/noticiasribeiraopreto.com.br\/index.php\/category\/noticias-de-ribeirao-preto-sp-e-regiao-ismael-colosi\/"},"img":{"alt_text":"","src":"https:\/\/i0.wp.com\/noticiasribeiraopreto.com.br\/wp-content\/uploads\/2023\/12\/pt-ribeirao.jpg?fit=620%2C465&ssl=1&resize=350%2C200","width":350,"height":200,"srcset":"https:\/\/i0.wp.com\/noticiasribeiraopreto.com.br\/wp-content\/uploads\/2023\/12\/pt-ribeirao.jpg?fit=620%2C465&ssl=1&resize=350%2C200 1x, https:\/\/i0.wp.com\/noticiasribeiraopreto.com.br\/wp-content\/uploads\/2023\/12\/pt-ribeirao.jpg?fit=620%2C465&ssl=1&resize=525%2C300 1.5x"},"classes":[]},{"id":76329,"url":"https:\/\/noticiasribeiraopreto.com.br\/index.php\/2025\/08\/26\/camara-de-ribeirao-preto-aprova-mocao-de-repudio-contra-lula-entenda\/","url_meta":{"origin":42110,"position":4},"title":"C\u00e2mara de Ribeir\u00e3o Preto aprova mo\u00e7\u00e3o de rep\u00fadio contra Lula; Entenda","author":"noticiasribeiraopreto.com.br","date":"26 de August de 2025","format":false,"excerpt":"A C\u00e2mara de Ribeir\u00e3o Preto aprovou na noite da \u00faltima segunda-feira (25) uma mo\u00e7\u00e3o de rep\u00fadio contra uma fala do presidente Luiz In\u00e1cio Lula da Silva (PT). A mo\u00e7\u00e3o de rep\u00fadio recebeu 15 votos favor\u00e1veis, tr\u00eas contr\u00e1rios e duas absten\u00e7\u00f5es \u2013 veja como cada vereador votou abaixo. O caso O\u2026","rel":"","context":"In &quot;Not\u00edcias de Ribeir\u00e3o Preto-SP e Regi\u00e3o&quot;","block_context":{"text":"Not\u00edcias de Ribeir\u00e3o Preto-SP e Regi\u00e3o","link":"https:\/\/noticiasribeiraopreto.com.br\/index.php\/category\/noticias-de-ribeirao-preto-sp-e-regiao-ismael-colosi\/"},"img":{"alt_text":"","src":"https:\/\/i0.wp.com\/noticiasribeiraopreto.com.br\/wp-content\/uploads\/2025\/08\/lula-padilha_2025-08-26_19-23-39.webp.webp?fit=1200%2C633&ssl=1&resize=350%2C200","width":350,"height":200,"srcset":"https:\/\/i0.wp.com\/noticiasribeiraopreto.com.br\/wp-content\/uploads\/2025\/08\/lula-padilha_2025-08-26_19-23-39.webp.webp?fit=1200%2C633&ssl=1&resize=350%2C200 1x, https:\/\/i0.wp.com\/noticiasribeiraopreto.com.br\/wp-content\/uploads\/2025\/08\/lula-padilha_2025-08-26_19-23-39.webp.webp?fit=1200%2C633&ssl=1&resize=525%2C300 1.5x, https:\/\/i0.wp.com\/noticiasribeiraopreto.com.br\/wp-content\/uploads\/2025\/08\/lula-padilha_2025-08-26_19-23-39.webp.webp?fit=1200%2C633&ssl=1&resize=700%2C400 2x, https:\/\/i0.wp.com\/noticiasribeiraopreto.com.br\/wp-content\/uploads\/2025\/08\/lula-padilha_2025-08-26_19-23-39.webp.webp?fit=1200%2C633&ssl=1&resize=1050%2C600 3x"},"classes":[]},{"id":82019,"url":"https:\/\/noticiasribeiraopreto.com.br\/index.php\/2026\/02\/01\/caminhada-em-ribeirao-pede-justica-para-caso-do-cachorro-orelha\/","url_meta":{"origin":42110,"position":5},"title":"Caminhada em Ribeir\u00e3o pede justi\u00e7a para caso do cachorro Orelha","author":"noticiasribeiraopreto.com.br","date":"1 de February de 2026","format":false,"excerpt":"\r \r \r 1 de fevereiro de 2026 14:071 de fevereiro de 2026 14:10 \r Compartilhar0 Uma caminhada em defesa da causa animal reuniu dezenas de tutores, protetores independentes e apoiadores na manh\u00e3 deste domingo (01) em Ribeir\u00e3o Preto. O ato teve como principal objetivo pedir justi\u00e7a no caso do\u2026","rel":"","context":"In &quot;Not\u00edcias de Ribeir\u00e3o Preto-SP e Regi\u00e3o&quot;","block_context":{"text":"Not\u00edcias de Ribeir\u00e3o Preto-SP e Regi\u00e3o","link":"https:\/\/noticiasribeiraopreto.com.br\/index.php\/category\/noticias-de-ribeirao-preto-sp-e-regiao-ismael-colosi\/"},"img":{"alt_text":"","src":"https:\/\/i0.wp.com\/noticiasribeiraopreto.com.br\/wp-content\/uploads\/2026\/02\/orelha-capa-scaled.jpeg?fit=1200%2C752&ssl=1&resize=350%2C200","width":350,"height":200,"srcset":"https:\/\/i0.wp.com\/noticiasribeiraopreto.com.br\/wp-content\/uploads\/2026\/02\/orelha-capa-scaled.jpeg?fit=1200%2C752&ssl=1&resize=350%2C200 1x, https:\/\/i0.wp.com\/noticiasribeiraopreto.com.br\/wp-content\/uploads\/2026\/02\/orelha-capa-scaled.jpeg?fit=1200%2C752&ssl=1&resize=525%2C300 1.5x, https:\/\/i0.wp.com\/noticiasribeiraopreto.com.br\/wp-content\/uploads\/2026\/02\/orelha-capa-scaled.jpeg?fit=1200%2C752&ssl=1&resize=700%2C400 2x, https:\/\/i0.wp.com\/noticiasribeiraopreto.com.br\/wp-content\/uploads\/2026\/02\/orelha-capa-scaled.jpeg?fit=1200%2C752&ssl=1&resize=1050%2C600 3x"},"classes":[]}],"jetpack_sharing_enabled":true,"jetpack_shortlink":"https:\/\/wp.me\/peQAOb-aXc","_links":{"self":[{"href":"https:\/\/noticiasribeiraopreto.com.br\/index.php\/wp-json\/wp\/v2\/posts\/42110","targetHints":{"allow":["GET"]}}],"collection":[{"href":"https:\/\/noticiasribeiraopreto.com.br\/index.php\/wp-json\/wp\/v2\/posts"}],"about":[{"href":"https:\/\/noticiasribeiraopreto.com.br\/index.php\/wp-json\/wp\/v2\/types\/post"}],"author":[{"embeddable":true,"href":"https:\/\/noticiasribeiraopreto.com.br\/index.php\/wp-json\/wp\/v2\/users\/1"}],"replies":[{"embeddable":true,"href":"https:\/\/noticiasribeiraopreto.com.br\/index.php\/wp-json\/wp\/v2\/comments?post=42110"}],"version-history":[{"count":0,"href":"https:\/\/noticiasribeiraopreto.com.br\/index.php\/wp-json\/wp\/v2\/posts\/42110\/revisions"}],"wp:featuredmedia":[{"embeddable":true,"href":"https:\/\/noticiasribeiraopreto.com.br\/index.php\/wp-json\/wp\/v2\/media\/42111"}],"wp:attachment":[{"href":"https:\/\/noticiasribeiraopreto.com.br\/index.php\/wp-json\/wp\/v2\/media?parent=42110"}],"wp:term":[{"taxonomy":"category","embeddable":true,"href":"https:\/\/noticiasribeiraopreto.com.br\/index.php\/wp-json\/wp\/v2\/categories?post=42110"},{"taxonomy":"post_tag","embeddable":true,"href":"https:\/\/noticiasribeiraopreto.com.br\/index.php\/wp-json\/wp\/v2\/tags?post=42110"}],"curies":[{"name":"wp","href":"https:\/\/api.w.org\/{rel}","templated":true}]}}