{"id":42114,"date":"2024-03-12T21:52:28","date_gmt":"2024-03-13T00:52:28","guid":{"rendered":"https:\/\/noticiasribeiraopreto.com.br\/index.php\/2024\/03\/12\/oswaldo-montenegro-celebra-50-anos-de-carreira-com-turne-especial-em-ribeirao-preto\/"},"modified":"2024-03-12T21:52:28","modified_gmt":"2024-03-13T00:52:28","slug":"oswaldo-montenegro-celebra-50-anos-de-carreira-com-turne-especial-em-ribeirao-preto","status":"publish","type":"post","link":"https:\/\/noticiasribeiraopreto.com.br\/index.php\/2024\/03\/12\/oswaldo-montenegro-celebra-50-anos-de-carreira-com-turne-especial-em-ribeirao-preto\/","title":{"rendered":"Oswaldo Montenegro celebra 50 anos de carreira com turn\u00ea especial em Ribeir\u00e3o Preto"},"content":{"rendered":"<div class='code-block code-block-1' style='margin: 8px 0 8px auto; text-align: right; display: block; clear: both;'>\n<p><a href=\"https:\/\/wa.link\/vpicfd\"><img data-recalc-dims=\"1\" class=\"wp-image-4922\" style=\"aspect-ratio: 2.0253164556962027; width: 561px; height: auto;\" src=\"https:\/\/i0.wp.com\/ismaelcolosi.com.br\/wp-content\/uploads\/2023\/11\/grupo-de-empregos-whatsapp-e-facebook-ismael-colosi-vagas.jpg?ssl=1\" alt=\"\" \/><\/a><\/p>\n<!-- \/wp:image -->\n<\/div>\n<p> <br \/>\n<\/p>\n<div data-td-block-uid=\"tdi_101\">\n<div class=\"tdb-block-inner td-fix-index\">\n<p>O cantor e compositor <strong>Oswaldo Montenegro<\/strong> vem a <strong>Ribeir\u00e3o Preto<\/strong> com o show \u2018<strong>Celebrando 50 anos de Estrada<\/strong>\u2019, no dia 25 de maio, no <strong>Theatro Pedro II<\/strong>, no Centro da cidade.<\/p>\n<p><mark style=\"background-color:#fcb900\" class=\"has-inline-color\"><strong>Os ingressos podem ser adquiridos on-line (<a href=\"https:\/\/ingressodigital.com\/evento\/11046\/Oswaldo_Montenegro___Celebrando_50_anos_de_Estrada\" target=\"_blank\" rel=\"noreferrer noopener\">clique aqui<\/a>) ou bilheteria do Theatro \u2013<a href=\"https:\/\/www.theatropedro2.com.br\/comprar-ingresso.php\" target=\"_blank\" rel=\"noreferrer noopener\"> clique para conferir o hor\u00e1rio de funcionamento.<\/a><\/strong><\/mark><\/p>\n<p>No espet\u00e1culo, o p\u00fablico poder\u00e1 acompanhar a <strong>trajet\u00f3ria de Montenegro<\/strong>, que durante todo o show, <strong>interage com imagens de sua vida e carreira projetadas num imenso tel\u00e3o<\/strong>. Al\u00e9m disso, ser\u00e1 poss\u00edvel assistir ao Menestrel tocando simultaneamente mais de um instrumento.<\/p>\n<p>Sucessos como \u201c<strong>Bandolins<\/strong>\u201d, \u201c<strong>A Lista<\/strong>\u201d, \u201c<strong>Lua e Flor<\/strong>\u201d, \u201c<strong>Intui\u00e7\u00e3o<\/strong>\u201d e as rec\u00e9m-lan\u00e7adas \u201c<strong>Lembrei de N\u00f3s<\/strong>\u201d e \u201c<strong>O melhor da vida ainda vai acontecer<\/strong>\u201d, v\u00e3o se unir \u00e0s historias e cenas virtuais, que revelar\u00e3o as origens das can\u00e7\u00f5es.<\/p>\n<p>O <strong>show<\/strong> em <strong>Ribeir\u00e3o Preto<\/strong> ainda contar\u00e1 com a participa\u00e7\u00e3o de <strong>Madalena Salles<\/strong>, a flautista-irm\u00e3 do Menestrel e do o multi-instrumentista <strong>Alexandre Meu Rei<\/strong>.<\/p>\n<h3 class=\"wp-block-heading\"><strong>Ingressos<\/strong><\/h3>\n<ul>\n<li>Plateia A: (t\u00e9rreo em frente ao palco): R$ 230 inteira | R$ 115 meia-entrada\u00a0<\/li>\n<\/ul>\n<ul>\n<li>Plateia B: (t\u00e9rreo em frente ao palco): R$ 200 inteira | R$ 100 meia-entrada<\/li>\n<\/ul>\n<ul>\n<li>Frisa: (t\u00e9rreo em frente ao palco): R$ 200 inteira | R$ 100 meia-entrada\u00a0\u00a0<\/li>\n<\/ul>\n<ul>\n<li>Balc\u00e3o Nobre (1\u00ba andar): R$ 180 inteira | R$ 90 meia-entrada<\/li>\n<\/ul>\n<ul>\n<li>Balc\u00e3o Simples (2\u00ba andar): R$ 150 inteira | R$ 75 meia-entrada<\/li>\n<\/ul>\n<h3 class=\"wp-block-heading\"><strong>Servi\u00e7o<\/strong><\/h3>\n<h4 class=\"wp-block-heading\"><em>Oswaldo Montenegro \u2013 Celebrando 50 anos de Estrada<\/em><\/h4>\n<p>Quando: 25 de maio de 2024 (s\u00e1bado)<\/p>\n<p>Hor\u00e1rio: \u00e0s 20h<\/p>\n<p>Onde: Theatro Pedro II \u2013 rua \u00c1lvares Cabral, 370 \u2013 Centro, Ribeir\u00e3o Preto<\/p>\n<p>Classifica\u00e7\u00e3o: 12 anos<\/p>\n<p>Ingressos: a partir de R$ 75 \u2013<a href=\"https:\/\/ingressodigital.com\/evento\/11046\/Oswaldo_Montenegro___Celebrando_50_anos_de_Estrada\" target=\"_blank\" rel=\"noreferrer noopener\"> clique aqui para adquirir<\/a><\/p>\n<hr class=\"wp-block-separator has-alpha-channel-opacity\"\/>\n<p>SAIBA MAIS<\/p>\n<p>Cemit\u00e9rio da Saudade de Ribeir\u00e3o recebe nova edi\u00e7\u00e3o de visita cultural guiada; Veja quando<\/p>\n<h4 class=\"wp-block-heading\"><strong><mark style=\"background-color:#fcb900\" class=\"has-inline-color\">FIQUE ON<\/mark><\/strong><\/h4>\n<p>Fique ligado em tudo que acontece em Ribeir\u00e3o Preto e regi\u00e3o. Siga os perfis do\u00a0<strong>acidade on\u00a0<\/strong>no<a href=\"https:\/\/www.instagram.com\/acidadeonribeirao\" target=\"_blank\" rel=\"noreferrer noopener\">\u00a0Instagram\u00a0<\/a>e no\u00a0<a href=\"https:\/\/www.facebook.com\/acidadeonribeirao\" target=\"_blank\" rel=\"noreferrer noopener\">Facebook<\/a>.<\/p>\n<p>Receba not\u00edcias do<strong>\u00a0acidade on<\/strong>\u00a0no WhatsApp.<a href=\"https:\/\/chat.whatsapp.com\/GFH9HUMUTHNFJdnyEd0xxq\" target=\"_blank\" rel=\"noreferrer noopener\">\u00a0Para entrar no grupo, basta clicar aqui.<\/a><\/p>\n<p>Fa\u00e7a uma den\u00fancia ou sugira uma reportagem sobre Ribeir\u00e3o Preto e regi\u00e3o pelo WhatsApp: 16 99117 7802.<\/p>\n<p>VEJA TAMB\u00c9M<\/p>\n<p>Wanessa Camargo admite atitudes racistas no BBB 24 e faz pedido de desculpas a Davi<\/p>\n<p><!-- AI CONTENT END 1 -->\n<\/div>\n<\/div>\n<p><script async src=\"\/\/www.instagram.com\/embed.js\"><\/script><br \/>\n<br \/><br \/>\n<br \/><a href=\"https:\/\/www.acidadeon.com\/ribeiraopreto\/lazer-e-cultura\/oswaldo-montenegro-celebra-50-anos-de-carreira-com-turne-especial-em-ribeirao-preto\/\">Source link <\/a><\/p>\n<!-- CONTENT END 1 -->\n","protected":false},"excerpt":{"rendered":"<p>O cantor e compositor Oswaldo Montenegro vem a Ribeir\u00e3o Preto com o show \u2018Celebrando 50 anos de Estrada\u2019, no dia 25 de maio, no Theatro&#8230;<\/p>\n","protected":false},"author":1,"featured_media":42115,"comment_status":"open","ping_status":"open","sticky":false,"template":"","format":"standard","meta":{"advanced_seo_description":"","jetpack_seo_html_title":"","jetpack_seo_noindex":false,"jetpack_post_was_ever_published":false,"_jetpack_newsletter_access":"","_jetpack_dont_email_post_to_subs":false,"_jetpack_newsletter_tier_id":0,"_jetpack_memberships_contains_paywalled_content":false,"_jetpack_memberships_contains_paid_content":false,"footnotes":"","jetpack_publicize_message":"","jetpack_publicize_feature_enabled":true,"jetpack_social_post_already_shared":true,"jetpack_social_options":{"image_generator_settings":{"template":"highway","default_image_id":0,"font":"","enabled":false},"version":2}},"categories":[11],"tags":[],"class_list":["post-42114","post","type-post","status-publish","format-standard","has-post-thumbnail","hentry","category-noticias-de-ribeirao-preto-sp-e-regiao-ismael-colosi"],"jetpack_publicize_connections":[],"jetpack_featured_media_url":"https:\/\/i0.wp.com\/noticiasribeiraopreto.com.br\/wp-content\/uploads\/2024\/03\/OswaldoMontenegrofazshowcomorquestraemRibeiroPreto_Tamanho_2_image.jpg?fit=1200%2C900&ssl=1","jetpack-related-posts":[{"id":51176,"url":"https:\/\/noticiasribeiraopreto.com.br\/index.php\/2024\/05\/23\/oswaldo-montenegro-faz-show-em-ribeirao-preto-neste-fim-de-semana\/","url_meta":{"origin":42114,"position":0},"title":"Oswaldo Montenegro faz show em Ribeir\u00e3o Preto neste fim de semana","author":"noticiasribeiraopreto.com.br","date":"23 de May de 2024","format":false,"excerpt":"O show do cantor e compositor Oswaldo Montenegro \u201cCelebrando 50 anos de Estrada\u201d em Ribeir\u00e3o Preto, acontece neste s\u00e1bado (25), no Theatro Pedro II. Com a turn\u00ea em comemora\u00e7\u00e3o aos 50 anos de carreira, a apresenta\u00e7\u00e3o est\u00e1 marcada para \u00e0s 20h e permitir\u00e1 ao p\u00fablico reviver a trajet\u00f3ria do cantor.\u2026","rel":"","context":"In &quot;Not\u00edcias de Ribeir\u00e3o Preto-SP e Regi\u00e3o&quot;","block_context":{"text":"Not\u00edcias de Ribeir\u00e3o Preto-SP e Regi\u00e3o","link":"https:\/\/noticiasribeiraopreto.com.br\/index.php\/category\/noticias-de-ribeirao-preto-sp-e-regiao-ismael-colosi\/"},"img":{"alt_text":"","src":"https:\/\/i0.wp.com\/noticiasribeiraopreto.com.br\/wp-content\/uploads\/2024\/05\/Copia-de-Copia-de-TAMANHO-EXATO-PARA-FOTOS-NO-SISTEMA-NOVO-36_2024-05-23_19-09-45_jpg_2024-05-23_19-09-45.webp.webp?fit=1200%2C675&ssl=1&resize=350%2C200","width":350,"height":200,"srcset":"https:\/\/i0.wp.com\/noticiasribeiraopreto.com.br\/wp-content\/uploads\/2024\/05\/Copia-de-Copia-de-TAMANHO-EXATO-PARA-FOTOS-NO-SISTEMA-NOVO-36_2024-05-23_19-09-45_jpg_2024-05-23_19-09-45.webp.webp?fit=1200%2C675&ssl=1&resize=350%2C200 1x, https:\/\/i0.wp.com\/noticiasribeiraopreto.com.br\/wp-content\/uploads\/2024\/05\/Copia-de-Copia-de-TAMANHO-EXATO-PARA-FOTOS-NO-SISTEMA-NOVO-36_2024-05-23_19-09-45_jpg_2024-05-23_19-09-45.webp.webp?fit=1200%2C675&ssl=1&resize=525%2C300 1.5x, https:\/\/i0.wp.com\/noticiasribeiraopreto.com.br\/wp-content\/uploads\/2024\/05\/Copia-de-Copia-de-TAMANHO-EXATO-PARA-FOTOS-NO-SISTEMA-NOVO-36_2024-05-23_19-09-45_jpg_2024-05-23_19-09-45.webp.webp?fit=1200%2C675&ssl=1&resize=700%2C400 2x, https:\/\/i0.wp.com\/noticiasribeiraopreto.com.br\/wp-content\/uploads\/2024\/05\/Copia-de-Copia-de-TAMANHO-EXATO-PARA-FOTOS-NO-SISTEMA-NOVO-36_2024-05-23_19-09-45_jpg_2024-05-23_19-09-45.webp.webp?fit=1200%2C675&ssl=1&resize=1050%2C600 3x"},"classes":[]},{"id":42068,"url":"https:\/\/noticiasribeiraopreto.com.br\/index.php\/2024\/03\/12\/oswaldo-montenegro-fara-show-no-pedro-ii\/","url_meta":{"origin":42114,"position":1},"title":"Oswaldo Montenegro far\u00e1 show no Pedro II \u00a0","author":"noticiasribeiraopreto.com.br","date":"12 de March de 2024","format":false,"excerpt":"O cantor e compositor Oswaldo Montenegro estar\u00e1 no Theatro Pedro II, em Ribeir\u00e3o Preto, em 25 de maio, s\u00e1bado, com o show da nova turn\u00ea, em que comemora 50 anos de carreira. Sucessos como \u201cBandolins\u201d, \u201cA Lista\u201d, \u201cLua e Flor\u201d, \u201cIntui\u00e7\u00e3o\u201d e as rec\u00e9m-lan\u00e7adas \u201cLembrei de N\u00f3s\u201d e \u201cO melhor\u2026","rel":"","context":"In &quot;Not\u00edcias de Ribeir\u00e3o Preto-SP e Regi\u00e3o&quot;","block_context":{"text":"Not\u00edcias de Ribeir\u00e3o Preto-SP e Regi\u00e3o","link":"https:\/\/noticiasribeiraopreto.com.br\/index.php\/category\/noticias-de-ribeirao-preto-sp-e-regiao-ismael-colosi\/"},"img":{"alt_text":"","src":"https:\/\/i0.wp.com\/noticiasribeiraopreto.com.br\/wp-content\/uploads\/2024\/03\/Oswaldo-Ele-Daniela-Santos-Divulgacao-scaled.jpg?fit=1000%2C565&ssl=1&resize=350%2C200","width":350,"height":200,"srcset":"https:\/\/i0.wp.com\/noticiasribeiraopreto.com.br\/wp-content\/uploads\/2024\/03\/Oswaldo-Ele-Daniela-Santos-Divulgacao-scaled.jpg?fit=1000%2C565&ssl=1&resize=350%2C200 1x, https:\/\/i0.wp.com\/noticiasribeiraopreto.com.br\/wp-content\/uploads\/2024\/03\/Oswaldo-Ele-Daniela-Santos-Divulgacao-scaled.jpg?fit=1000%2C565&ssl=1&resize=525%2C300 1.5x, https:\/\/i0.wp.com\/noticiasribeiraopreto.com.br\/wp-content\/uploads\/2024\/03\/Oswaldo-Ele-Daniela-Santos-Divulgacao-scaled.jpg?fit=1000%2C565&ssl=1&resize=700%2C400 2x"},"classes":[]},{"id":75556,"url":"https:\/\/noticiasribeiraopreto.com.br\/index.php\/2025\/08\/11\/oswaldo-montenegro-se-apresenta-em-ribeirao-preto-em-agosto-saiba-mais\/","url_meta":{"origin":42114,"position":2},"title":"Oswaldo Montenegro se apresenta em Ribeir\u00e3o Preto em agosto; saiba mais","author":"noticiasribeiraopreto.com.br","date":"11 de August de 2025","format":false,"excerpt":"O cantor e compositor Oswaldo Montenegro retorna a Ribeir\u00e3o Preto no pr\u00f3ximo dia 23 de agosto, \u00e0s 19h. A apresenta\u00e7\u00e3o acontece no Multiplan Hall, do Ribeir\u00e3o Shopping. Com mais de 40 anos de carreira, o cantor, compositor, diretor e poeta revisita can\u00e7\u00f5es que marcaram gera\u00e7\u00f5es. O repert\u00f3rio inclui m\u00fasicas como\u2026","rel":"","context":"In &quot;Not\u00edcias de Ribeir\u00e3o Preto-SP e Regi\u00e3o&quot;","block_context":{"text":"Not\u00edcias de Ribeir\u00e3o Preto-SP e Regi\u00e3o","link":"https:\/\/noticiasribeiraopreto.com.br\/index.php\/category\/noticias-de-ribeirao-preto-sp-e-regiao-ismael-colosi\/"},"img":{"alt_text":"","src":"https:\/\/i0.wp.com\/noticiasribeiraopreto.com.br\/wp-content\/uploads\/2025\/08\/IMG-20250811-WA0029_2025-08-11_15-29-52.webp.webp?fit=1200%2C800&ssl=1&resize=350%2C200","width":350,"height":200,"srcset":"https:\/\/i0.wp.com\/noticiasribeiraopreto.com.br\/wp-content\/uploads\/2025\/08\/IMG-20250811-WA0029_2025-08-11_15-29-52.webp.webp?fit=1200%2C800&ssl=1&resize=350%2C200 1x, https:\/\/i0.wp.com\/noticiasribeiraopreto.com.br\/wp-content\/uploads\/2025\/08\/IMG-20250811-WA0029_2025-08-11_15-29-52.webp.webp?fit=1200%2C800&ssl=1&resize=525%2C300 1.5x, https:\/\/i0.wp.com\/noticiasribeiraopreto.com.br\/wp-content\/uploads\/2025\/08\/IMG-20250811-WA0029_2025-08-11_15-29-52.webp.webp?fit=1200%2C800&ssl=1&resize=700%2C400 2x, https:\/\/i0.wp.com\/noticiasribeiraopreto.com.br\/wp-content\/uploads\/2025\/08\/IMG-20250811-WA0029_2025-08-11_15-29-52.webp.webp?fit=1200%2C800&ssl=1&resize=1050%2C600 3x"},"classes":[]},{"id":51233,"url":"https:\/\/noticiasribeiraopreto.com.br\/index.php\/2024\/05\/24\/oswaldo-montenegro-renato-albani-e-pericles-confira-a-agenda-cultural-em-ribeirao-e-regiao\/","url_meta":{"origin":42114,"position":3},"title":"Oswaldo Montenegro, Renato Albani e P\u00e9ricles: Confira a agenda cultural em Ribeir\u00e3o e regi\u00e3o","author":"noticiasribeiraopreto.com.br","date":"24 de May de 2024","format":false,"excerpt":"Ribeir\u00e3o Preto conta com uma programa\u00e7\u00e3o cultural diversificada para curtir com toda fam\u00edlia e amigos no fim de semana. Tem show de Oswaldo Montenegro, stand-up de Renato Albani e Feijoada do Bamba, com Pericl\u00e9s. Confira a agenda completa: Oswaldo Montenegro Um dos destaques da programa\u00e7\u00e3o de Ribeir\u00e3o Preto \u00e9 o\u00a0show\u2026","rel":"","context":"In &quot;Not\u00edcias de Ribeir\u00e3o Preto-SP e Regi\u00e3o&quot;","block_context":{"text":"Not\u00edcias de Ribeir\u00e3o Preto-SP e Regi\u00e3o","link":"https:\/\/noticiasribeiraopreto.com.br\/index.php\/category\/noticias-de-ribeirao-preto-sp-e-regiao-ismael-colosi\/"},"img":{"alt_text":"","src":"https:\/\/i0.wp.com\/noticiasribeiraopreto.com.br\/wp-content\/uploads\/2024\/05\/Copia-de-Copia-de-TAMANHO-EXATO-PARA-FOTOS-NO-SISTEMA-NOVO-1_2024-05-24_12-38-20_jpg_2024-05-24_12-38-20.webp.webp?fit=1200%2C675&ssl=1&resize=350%2C200","width":350,"height":200,"srcset":"https:\/\/i0.wp.com\/noticiasribeiraopreto.com.br\/wp-content\/uploads\/2024\/05\/Copia-de-Copia-de-TAMANHO-EXATO-PARA-FOTOS-NO-SISTEMA-NOVO-1_2024-05-24_12-38-20_jpg_2024-05-24_12-38-20.webp.webp?fit=1200%2C675&ssl=1&resize=350%2C200 1x, https:\/\/i0.wp.com\/noticiasribeiraopreto.com.br\/wp-content\/uploads\/2024\/05\/Copia-de-Copia-de-TAMANHO-EXATO-PARA-FOTOS-NO-SISTEMA-NOVO-1_2024-05-24_12-38-20_jpg_2024-05-24_12-38-20.webp.webp?fit=1200%2C675&ssl=1&resize=525%2C300 1.5x, https:\/\/i0.wp.com\/noticiasribeiraopreto.com.br\/wp-content\/uploads\/2024\/05\/Copia-de-Copia-de-TAMANHO-EXATO-PARA-FOTOS-NO-SISTEMA-NOVO-1_2024-05-24_12-38-20_jpg_2024-05-24_12-38-20.webp.webp?fit=1200%2C675&ssl=1&resize=700%2C400 2x, https:\/\/i0.wp.com\/noticiasribeiraopreto.com.br\/wp-content\/uploads\/2024\/05\/Copia-de-Copia-de-TAMANHO-EXATO-PARA-FOTOS-NO-SISTEMA-NOVO-1_2024-05-24_12-38-20_jpg_2024-05-24_12-38-20.webp.webp?fit=1200%2C675&ssl=1&resize=1050%2C600 3x"},"classes":[]},{"id":2873,"url":"https:\/\/noticiasribeiraopreto.com.br\/index.php\/2023\/11\/16\/cantor-guilherme-de-sa-se-apresenta-no-theatro-pedro-ii-em-ribeirao-preto\/","url_meta":{"origin":42114,"position":4},"title":"Cantor Guilherme de S\u00e1 se apresenta no Theatro Pedro II em Ribeir\u00e3o Preto","author":"noticiasribeiraopreto.com.br","date":"16 de November de 2023","format":false,"excerpt":"O cantor Guilherme de S\u00e1 se apresenta em Ribeir\u00e3o Preto, nesta sexta-feira (17), no Theatro Pedro II, a partir das 20h, com o show \u2018Minimalista Tour\u2019. Os ingressos ainda est\u00e3o dispon\u00edveis. Cantor, compositor, escritor, produtor musical e arranjador brasileiro, Guilherme foi vocalista da banda Rosa de Saron de 2001 a\u2026","rel":"","context":"In &quot;Not\u00edcias de Ribeir\u00e3o Preto-SP e Regi\u00e3o&quot;","block_context":{"text":"Not\u00edcias de Ribeir\u00e3o Preto-SP e Regi\u00e3o","link":"https:\/\/noticiasribeiraopreto.com.br\/index.php\/category\/noticias-de-ribeirao-preto-sp-e-regiao-ismael-colosi\/"},"img":{"alt_text":"","src":"https:\/\/i0.wp.com\/noticiasribeiraopreto.com.br\/wp-content\/uploads\/2023\/11\/WhatsApp-Image-2023-09-01-at-15.04.23-1-1.jpeg?fit=1200%2C675&ssl=1&resize=350%2C200","width":350,"height":200,"srcset":"https:\/\/i0.wp.com\/noticiasribeiraopreto.com.br\/wp-content\/uploads\/2023\/11\/WhatsApp-Image-2023-09-01-at-15.04.23-1-1.jpeg?fit=1200%2C675&ssl=1&resize=350%2C200 1x, https:\/\/i0.wp.com\/noticiasribeiraopreto.com.br\/wp-content\/uploads\/2023\/11\/WhatsApp-Image-2023-09-01-at-15.04.23-1-1.jpeg?fit=1200%2C675&ssl=1&resize=525%2C300 1.5x, https:\/\/i0.wp.com\/noticiasribeiraopreto.com.br\/wp-content\/uploads\/2023\/11\/WhatsApp-Image-2023-09-01-at-15.04.23-1-1.jpeg?fit=1200%2C675&ssl=1&resize=700%2C400 2x, https:\/\/i0.wp.com\/noticiasribeiraopreto.com.br\/wp-content\/uploads\/2023\/11\/WhatsApp-Image-2023-09-01-at-15.04.23-1-1.jpeg?fit=1200%2C675&ssl=1&resize=1050%2C600 3x"},"classes":[]},{"id":40138,"url":"https:\/\/noticiasribeiraopreto.com.br\/index.php\/2024\/03\/01\/morreu-o-pm-e-radialista-francisco-oswaldo-passarelli\/","url_meta":{"origin":42114,"position":5},"title":"Morreu o PM e radialista Francisco Oswaldo Passarelli","author":"noticiasribeiraopreto.com.br","date":"1 de March de 2024","format":false,"excerpt":"1 de mar\u00e7o de 2024 | 11:04 0Francisco Oswaldo Passarelli morreu nesta quinta-feira (29) aos 72 anos, em Ribeir\u00e3o Preto. Ele era policial militar aposentado e radialista.Segundo informa\u00e7\u00f5es, Passarelli\u00a0se recuperava de um AVC (Acidente Vascular Cerebral)\u00a0em casa, na\u00a0Vila Virg\u00ednia, mas sofreu uma parada cardiorrespirat\u00f3ria. Ele foi socorrido, mas n\u00e3o resistiu.\u2026","rel":"","context":"In &quot;Not\u00edcias de Ribeir\u00e3o Preto-SP e Regi\u00e3o&quot;","block_context":{"text":"Not\u00edcias de Ribeir\u00e3o Preto-SP e Regi\u00e3o","link":"https:\/\/noticiasribeiraopreto.com.br\/index.php\/category\/noticias-de-ribeirao-preto-sp-e-regiao-ismael-colosi\/"},"img":{"alt_text":"","src":"https:\/\/i0.wp.com\/noticiasribeiraopreto.com.br\/wp-content\/uploads\/2024\/03\/a7240349-6223-4244-96ef-e13f2d7dbe21-scaled.jpg?fit=876%2C645&ssl=1&resize=350%2C200","width":350,"height":200,"srcset":"https:\/\/i0.wp.com\/noticiasribeiraopreto.com.br\/wp-content\/uploads\/2024\/03\/a7240349-6223-4244-96ef-e13f2d7dbe21-scaled.jpg?fit=876%2C645&ssl=1&resize=350%2C200 1x, https:\/\/i0.wp.com\/noticiasribeiraopreto.com.br\/wp-content\/uploads\/2024\/03\/a7240349-6223-4244-96ef-e13f2d7dbe21-scaled.jpg?fit=876%2C645&ssl=1&resize=525%2C300 1.5x, https:\/\/i0.wp.com\/noticiasribeiraopreto.com.br\/wp-content\/uploads\/2024\/03\/a7240349-6223-4244-96ef-e13f2d7dbe21-scaled.jpg?fit=876%2C645&ssl=1&resize=700%2C400 2x"},"classes":[]}],"jetpack_sharing_enabled":true,"jetpack_shortlink":"https:\/\/wp.me\/peQAOb-aXg","_links":{"self":[{"href":"https:\/\/noticiasribeiraopreto.com.br\/index.php\/wp-json\/wp\/v2\/posts\/42114","targetHints":{"allow":["GET"]}}],"collection":[{"href":"https:\/\/noticiasribeiraopreto.com.br\/index.php\/wp-json\/wp\/v2\/posts"}],"about":[{"href":"https:\/\/noticiasribeiraopreto.com.br\/index.php\/wp-json\/wp\/v2\/types\/post"}],"author":[{"embeddable":true,"href":"https:\/\/noticiasribeiraopreto.com.br\/index.php\/wp-json\/wp\/v2\/users\/1"}],"replies":[{"embeddable":true,"href":"https:\/\/noticiasribeiraopreto.com.br\/index.php\/wp-json\/wp\/v2\/comments?post=42114"}],"version-history":[{"count":0,"href":"https:\/\/noticiasribeiraopreto.com.br\/index.php\/wp-json\/wp\/v2\/posts\/42114\/revisions"}],"wp:featuredmedia":[{"embeddable":true,"href":"https:\/\/noticiasribeiraopreto.com.br\/index.php\/wp-json\/wp\/v2\/media\/42115"}],"wp:attachment":[{"href":"https:\/\/noticiasribeiraopreto.com.br\/index.php\/wp-json\/wp\/v2\/media?parent=42114"}],"wp:term":[{"taxonomy":"category","embeddable":true,"href":"https:\/\/noticiasribeiraopreto.com.br\/index.php\/wp-json\/wp\/v2\/categories?post=42114"},{"taxonomy":"post_tag","embeddable":true,"href":"https:\/\/noticiasribeiraopreto.com.br\/index.php\/wp-json\/wp\/v2\/tags?post=42114"}],"curies":[{"name":"wp","href":"https:\/\/api.w.org\/{rel}","templated":true}]}}