{"id":42186,"date":"2024-03-13T10:46:01","date_gmt":"2024-03-13T13:46:01","guid":{"rendered":"https:\/\/noticiasribeiraopreto.com.br\/index.php\/2024\/03\/13\/caminhao-tomba-em-rotatoria-sobre-anel-viario-sul\/"},"modified":"2024-03-13T10:46:01","modified_gmt":"2024-03-13T13:46:01","slug":"caminhao-tomba-em-rotatoria-sobre-anel-viario-sul","status":"publish","type":"post","link":"https:\/\/noticiasribeiraopreto.com.br\/index.php\/2024\/03\/13\/caminhao-tomba-em-rotatoria-sobre-anel-viario-sul\/","title":{"rendered":"Caminh\u00e3o tomba em rotat\u00f3ria sobre Anel Vi\u00e1rio Sul"},"content":{"rendered":"<div class='code-block code-block-1' style='margin: 8px 0 8px auto; text-align: right; display: block; clear: both;'>\n<p><a href=\"https:\/\/wa.link\/vpicfd\"><img data-recalc-dims=\"1\" class=\"wp-image-4922\" style=\"aspect-ratio: 2.0253164556962027; width: 561px; height: auto;\" src=\"https:\/\/i0.wp.com\/ismaelcolosi.com.br\/wp-content\/uploads\/2023\/11\/grupo-de-empregos-whatsapp-e-facebook-ismael-colosi-vagas.jpg?ssl=1\" alt=\"\" \/><\/a><\/p>\n<!-- \/wp:image -->\n<\/div>\n<p> <br \/>\n<\/p>\n<div id=\"post-377216\">\n<header class=\"entry-header penci-entry-header penci-title-center\">\n<h2 class=\"penci-post-subtitle\">Ve\u00edculo teria derrapado e perdido o controle; n\u00e3o houve v\u00edtimas<\/h2>\n<p> <span class=\"entry-meta-item penci-posted-on\"><i class=\"fa fa-clock-o\"\/><time class=\"entry-date published updated\" datetime=\"2024-03-13T10:42:48-03:00\">13 de mar\u00e7o de 2024 | 10:42<\/time><\/span><\/p>\n<p> <span class=\"penci-social-buttons penci-social-share-footer\"><a href=\"#\" class=\"penci-post-like penci_post-meta_item  single-like-button penci-social-item like\" data-post_id=\"377216\" title=\"Like\" data-like=\"Like\" data-unlike=\"Unlike\"><i class=\"fa fa-thumbs-o-up\"\/><span class=\"penci-share-number\">1<\/span><\/a><i class=\"fa fa-facebook\"\/><a class=\"penci-social-item twitter\" target=\"_blank\" rel=\"noopener\" title=\"\" href=\"https:\/\/twitter.com\/intent\/tweet?text=Caminh\u00e3o%20tomba%20em%20rotat\u00f3ria%20sobre%20Anel%20Vi\u00e1rio%20Sul%20-%20https:\/\/www.tribunaribeirao.com.br\/site\/caminhao-tomba-em-rotatoria-sobre-anel-viario-sul\/\"><i class=\"fa fa-twitter\"\/><\/a><i class=\"fa fa-whatsapp\"\/><\/span><\/header>\n<div class=\"penci-entry-content entry-content\">\n<p>Por: Adalberto Luque<\/p>\n<p>Um caminh\u00e3o tombou, na manh\u00e3 desta quarta-feira (13). O acidente ocorreu na rotat\u00f3ria da Rodovia M\u00e1rio Doneg\u00e1 (SP-291), no trecho sobre a Rodovia Ant\u00f4nio Duarte Nogueira (SP-322), tamb\u00e9m conhecida por Anel Vi\u00e1rio Sul.<\/p>\n<p>Por volta das 09h40, o caminh\u00e3o ba\u00fa fazia o contorno da rotat\u00f3ria quando, por motivos a serem apurados, derrapou e tombou. O ve\u00edculo ficou numa \u00e1rea fora da rodovia. N\u00e3o foi necess\u00e1rio interditar a pista.<\/p>\n<figure id=\"attachment_377203\" aria-describedby=\"caption-attachment-377203\" style=\"width: 1000px\" class=\"wp-caption alignnone\"><noscript><img data-recalc-dims=\"1\" loading=\"lazy\" decoding=\"async\" class=\"size-full wp-image-377203\" src=\"https:\/\/i0.wp.com\/www.tribunaribeirao.com.br\/site\/wp-content\/uploads\/2024\/03\/00-00-caminhao-com-logo-02-scaled.jpg?resize=1000%2C560&#038;ssl=1\" alt=\"\" width=\"1000\" height=\"560\" srcset=\"https:\/\/www.tribunaribeirao.com.br\/site\/wp-content\/uploads\/2024\/03\/00-00-caminhao-com-logo-02-scaled.jpg 1000w, https:\/\/www.tribunaribeirao.com.br\/site\/wp-content\/uploads\/2024\/03\/00-00-caminhao-com-logo-02-300x168.jpg 300w, https:\/\/www.tribunaribeirao.com.br\/site\/wp-content\/uploads\/2024\/03\/00-00-caminhao-com-logo-02-1024x573.jpg 1024w, https:\/\/www.tribunaribeirao.com.br\/site\/wp-content\/uploads\/2024\/03\/00-00-caminhao-com-logo-02-768x430.jpg 768w, https:\/\/www.tribunaribeirao.com.br\/site\/wp-content\/uploads\/2024\/03\/00-00-caminhao-com-logo-02-1536x860.jpg 1536w, https:\/\/www.tribunaribeirao.com.br\/site\/wp-content\/uploads\/2024\/03\/00-00-caminhao-com-logo-02-960x538.jpg 960w, https:\/\/www.tribunaribeirao.com.br\/site\/wp-content\/uploads\/2024\/03\/00-00-caminhao-com-logo-02-714x400.jpg 714w, https:\/\/www.tribunaribeirao.com.br\/site\/wp-content\/uploads\/2024\/03\/00-00-caminhao-com-logo-02-585x328.jpg 585w\" sizes=\"auto, (max-width: 1000px) 100vw, 1000px\"\/><\/noscript><figcaption id=\"caption-attachment-377203\" class=\"wp-caption-text\">Causas ser\u00e3o apuradas, mas n\u00e3o houve feridos no acidente (Foto: Marcelo Pinto)<\/figcaption><\/figure>\n<p>A Pol\u00edcia Militar Rodovi\u00e1ria (PMRv) e a concession\u00e1ria Entrevias foram at\u00e9 o local para orientar e sinalizar o tr\u00e2nsito. N\u00e3o houve feridos no acidente.<\/p>\n<\/div>\n<footer class=\"penci-entry-footer\"\/><\/div>\n<p><script async src=\"\/\/platform.twitter.com\/widgets.js\" charset=\"utf-8\"><\/script><br \/>\n<br \/><br \/>\n<br \/><a href=\"https:\/\/www.tribunaribeirao.com.br\/site\/caminhao-tomba-em-rotatoria-sobre-anel-viario-sul\/\">Source link <\/a><\/p>\n<!-- CONTENT END 1 -->\n","protected":false},"excerpt":{"rendered":"<p>Ve\u00edculo teria derrapado e perdido o controle; n\u00e3o houve v\u00edtimas 13 de mar\u00e7o de 2024 | 10:42 1 Por: Adalberto Luque Um caminh\u00e3o tombou, na&#8230;<\/p>\n","protected":false},"author":1,"featured_media":42187,"comment_status":"open","ping_status":"open","sticky":false,"template":"","format":"standard","meta":{"advanced_seo_description":"","jetpack_seo_html_title":"","jetpack_seo_noindex":false,"jetpack_post_was_ever_published":false,"_jetpack_newsletter_access":"","_jetpack_dont_email_post_to_subs":false,"_jetpack_newsletter_tier_id":0,"_jetpack_memberships_contains_paywalled_content":false,"_jetpack_memberships_contains_paid_content":false,"footnotes":"","jetpack_publicize_message":"","jetpack_publicize_feature_enabled":true,"jetpack_social_post_already_shared":true,"jetpack_social_options":{"image_generator_settings":{"template":"highway","default_image_id":0,"font":"","enabled":false},"version":2}},"categories":[11],"tags":[927,1971,2251,468,420,1973,928],"class_list":["post-42186","post","type-post","status-publish","format-standard","has-post-thumbnail","hentry","category-noticias-de-ribeirao-preto-sp-e-regiao-ismael-colosi","tag-anel","tag-caminhao","tag-rotatoria","tag-sobre","tag-sul","tag-tomba","tag-viario"],"jetpack_publicize_connections":[],"jetpack_featured_media_url":"https:\/\/i0.wp.com\/noticiasribeiraopreto.com.br\/wp-content\/uploads\/2024\/03\/00-00-caminhao-com-logo-01-scaled.jpg?fit=1000%2C590&ssl=1","jetpack-related-posts":[{"id":56521,"url":"https:\/\/noticiasribeiraopreto.com.br\/index.php\/2024\/08\/14\/caminhao-carregado-tomba-no-anel-viario-sul-em-ribeirao-preto\/","url_meta":{"origin":42186,"position":0},"title":"Caminh\u00e3o carregado tomba no Anel Vi\u00e1rio Sul em Ribeir\u00e3o Preto","author":"noticiasribeiraopreto.com.br","date":"14 de August de 2024","format":false,"excerpt":"Um caminh\u00e3o carregado com cana de a\u00e7\u00facar tombou e quase caiu em uma ribanceira na manh\u00e3 desta quarta-(14), na al\u00e7a de acesso que liga a rodovia Ant\u00f4nio Machado Santana (SP-255) ao Anel Vi\u00e1rio Sul, no sentido a Ribeir\u00e3o Preto. O motorista perdeu o controle da carreta e tombou em um\u2026","rel":"","context":"In &quot;Not\u00edcias de Ribeir\u00e3o Preto-SP e Regi\u00e3o&quot;","block_context":{"text":"Not\u00edcias de Ribeir\u00e3o Preto-SP e Regi\u00e3o","link":"https:\/\/noticiasribeiraopreto.com.br\/index.php\/category\/noticias-de-ribeirao-preto-sp-e-regiao-ismael-colosi\/"},"img":{"alt_text":"","src":"https:\/\/i0.wp.com\/noticiasribeiraopreto.com.br\/wp-content\/uploads\/2024\/08\/Copia-de-Copia-de-Copia-de-TAMANHO-EXATO-PARA-FOTOS-NO-SISTEMA-NOVO-2_2024-08-14_15-31-07_png_2024-08-14_15-31-07.webp.webp?fit=1200%2C675&ssl=1&resize=350%2C200","width":350,"height":200,"srcset":"https:\/\/i0.wp.com\/noticiasribeiraopreto.com.br\/wp-content\/uploads\/2024\/08\/Copia-de-Copia-de-Copia-de-TAMANHO-EXATO-PARA-FOTOS-NO-SISTEMA-NOVO-2_2024-08-14_15-31-07_png_2024-08-14_15-31-07.webp.webp?fit=1200%2C675&ssl=1&resize=350%2C200 1x, https:\/\/i0.wp.com\/noticiasribeiraopreto.com.br\/wp-content\/uploads\/2024\/08\/Copia-de-Copia-de-Copia-de-TAMANHO-EXATO-PARA-FOTOS-NO-SISTEMA-NOVO-2_2024-08-14_15-31-07_png_2024-08-14_15-31-07.webp.webp?fit=1200%2C675&ssl=1&resize=525%2C300 1.5x, https:\/\/i0.wp.com\/noticiasribeiraopreto.com.br\/wp-content\/uploads\/2024\/08\/Copia-de-Copia-de-Copia-de-TAMANHO-EXATO-PARA-FOTOS-NO-SISTEMA-NOVO-2_2024-08-14_15-31-07_png_2024-08-14_15-31-07.webp.webp?fit=1200%2C675&ssl=1&resize=700%2C400 2x, https:\/\/i0.wp.com\/noticiasribeiraopreto.com.br\/wp-content\/uploads\/2024\/08\/Copia-de-Copia-de-Copia-de-TAMANHO-EXATO-PARA-FOTOS-NO-SISTEMA-NOVO-2_2024-08-14_15-31-07_png_2024-08-14_15-31-07.webp.webp?fit=1200%2C675&ssl=1&resize=1050%2C600 3x"},"classes":[]},{"id":76041,"url":"https:\/\/noticiasribeiraopreto.com.br\/index.php\/2025\/08\/21\/carreta-se-solta-de-caminhao-canavieiro-e-tomba-em-alca-do-trevao\/","url_meta":{"origin":42186,"position":1},"title":"Carreta se solta de caminh\u00e3o canavieiro e tomba em al\u00e7a do Trev\u00e3o","author":"noticiasribeiraopreto.com.br","date":"21 de August de 2025","format":false,"excerpt":"Uma carreta se desprendeu de um caminh\u00e3o canavieiro e tombou em uma al\u00e7a de acesso do Trev\u00e3o nesta quinta-feira (21), na zona Leste de Ribeir\u00e3o Preto. Segundo informa\u00e7\u00f5es, a carreta bloqueia a pista para quem segue em dire\u00e7\u00e3o ao Anel Vi\u00e1rio Sul e \u00e0 rodovia Ant\u00f4nio Machado Sant\u2019Anna (SP-255). Parte\u2026","rel":"","context":"In &quot;Not\u00edcias de Ribeir\u00e3o Preto-SP e Regi\u00e3o&quot;","block_context":{"text":"Not\u00edcias de Ribeir\u00e3o Preto-SP e Regi\u00e3o","link":"https:\/\/noticiasribeiraopreto.com.br\/index.php\/category\/noticias-de-ribeirao-preto-sp-e-regiao-ismael-colosi\/"},"img":{"alt_text":"","src":"https:\/\/i0.wp.com\/noticiasribeiraopreto.com.br\/wp-content\/uploads\/2025\/08\/WhatsApp-Image-2025-08-21-at-07.39.44_2025-08-21_11-00-19.webp.webp?fit=1200%2C900&ssl=1&resize=350%2C200","width":350,"height":200,"srcset":"https:\/\/i0.wp.com\/noticiasribeiraopreto.com.br\/wp-content\/uploads\/2025\/08\/WhatsApp-Image-2025-08-21-at-07.39.44_2025-08-21_11-00-19.webp.webp?fit=1200%2C900&ssl=1&resize=350%2C200 1x, https:\/\/i0.wp.com\/noticiasribeiraopreto.com.br\/wp-content\/uploads\/2025\/08\/WhatsApp-Image-2025-08-21-at-07.39.44_2025-08-21_11-00-19.webp.webp?fit=1200%2C900&ssl=1&resize=525%2C300 1.5x, https:\/\/i0.wp.com\/noticiasribeiraopreto.com.br\/wp-content\/uploads\/2025\/08\/WhatsApp-Image-2025-08-21-at-07.39.44_2025-08-21_11-00-19.webp.webp?fit=1200%2C900&ssl=1&resize=700%2C400 2x, https:\/\/i0.wp.com\/noticiasribeiraopreto.com.br\/wp-content\/uploads\/2025\/08\/WhatsApp-Image-2025-08-21-at-07.39.44_2025-08-21_11-00-19.webp.webp?fit=1200%2C900&ssl=1&resize=1050%2C600 3x"},"classes":[]},{"id":59234,"url":"https:\/\/noticiasribeiraopreto.com.br\/index.php\/2024\/10\/18\/caminhao-carregado-de-cerveja-tomba-no-trevao-de-ribeirao-preto-ha-interdicao\/","url_meta":{"origin":42186,"position":2},"title":"Caminh\u00e3o carregado de cerveja tomba no Trev\u00e3o de Ribeir\u00e3o Preto; H\u00e1 interdi\u00e7\u00e3o","author":"noticiasribeiraopreto.com.br","date":"18 de October de 2024","format":false,"excerpt":"Um caminh\u00e3o carregado de cerveja tombou nesta sexta-feira (18), no Trev\u00e3o de Ribeir\u00e3o Preto. H\u00e1 carga espalhada pela pista no acesso do Anel Vi\u00e1rio Sul (rodovia Prefeito Ant\u00f4nio Duarte Nogueira, SP-322) para a Anhanguera (SP-330). A concession\u00e1ria Arteris ViaPaulista informou que h\u00e1 interdi\u00e7\u00e3o para o motorista que vem do Anel\u2026","rel":"","context":"In &quot;Not\u00edcias de Ribeir\u00e3o Preto-SP e Regi\u00e3o&quot;","block_context":{"text":"Not\u00edcias de Ribeir\u00e3o Preto-SP e Regi\u00e3o","link":"https:\/\/noticiasribeiraopreto.com.br\/index.php\/category\/noticias-de-ribeirao-preto-sp-e-regiao-ismael-colosi\/"},"img":{"alt_text":"","src":"https:\/\/i0.wp.com\/noticiasribeiraopreto.com.br\/wp-content\/uploads\/2024\/10\/WhatsApp-Image-2024-10-18-at-08.39.41-1_2024-10-18_11-40-38_jpeg_2024-10-18_11-40-38.webp.webp?fit=808%2C377&ssl=1&resize=350%2C200","width":350,"height":200,"srcset":"https:\/\/i0.wp.com\/noticiasribeiraopreto.com.br\/wp-content\/uploads\/2024\/10\/WhatsApp-Image-2024-10-18-at-08.39.41-1_2024-10-18_11-40-38_jpeg_2024-10-18_11-40-38.webp.webp?fit=808%2C377&ssl=1&resize=350%2C200 1x, https:\/\/i0.wp.com\/noticiasribeiraopreto.com.br\/wp-content\/uploads\/2024\/10\/WhatsApp-Image-2024-10-18-at-08.39.41-1_2024-10-18_11-40-38_jpeg_2024-10-18_11-40-38.webp.webp?fit=808%2C377&ssl=1&resize=525%2C300 1.5x, https:\/\/i0.wp.com\/noticiasribeiraopreto.com.br\/wp-content\/uploads\/2024\/10\/WhatsApp-Image-2024-10-18-at-08.39.41-1_2024-10-18_11-40-38_jpeg_2024-10-18_11-40-38.webp.webp?fit=808%2C377&ssl=1&resize=700%2C400 2x"},"classes":[]},{"id":73495,"url":"https:\/\/noticiasribeiraopreto.com.br\/index.php\/2025\/07\/03\/carreta-com-lixo-tomba-e-interdita-alca-de-acesso-do-anel-viario-sul-em-ribeirao-preto\/","url_meta":{"origin":42186,"position":3},"title":"Carreta com lixo tomba e interdita al\u00e7a de acesso do Anel Vi\u00e1rio Sul em Ribeir\u00e3o Preto","author":"noticiasribeiraopreto.com.br","date":"3 de July de 2025","format":false,"excerpt":"A carreta de um caminh\u00e3o carregado com lixo tombou na manh\u00e3 desta quarta-feira (3), na rodovia Prefeito Ant\u00f4nio Duarte Nogueira (SP-322), o Anel Vi\u00e1rio Sul de Ribeir\u00e3o Preto. De acordo com as informa\u00e7\u00f5es, o ve\u00edculo havia sido carregado com lixo no transbordo de Ribeir\u00e3o Preto e seguia em dire\u00e7\u00e3o ao\u2026","rel":"","context":"In &quot;Not\u00edcias de Ribeir\u00e3o Preto-SP e Regi\u00e3o&quot;","block_context":{"text":"Not\u00edcias de Ribeir\u00e3o Preto-SP e Regi\u00e3o","link":"https:\/\/noticiasribeiraopreto.com.br\/index.php\/category\/noticias-de-ribeirao-preto-sp-e-regiao-ismael-colosi\/"},"img":{"alt_text":"","src":"https:\/\/i0.wp.com\/noticiasribeiraopreto.com.br\/wp-content\/uploads\/2025\/07\/download-24_2025-07-03_14-57-25.webp.webp?fit=1200%2C675&ssl=1&resize=350%2C200","width":350,"height":200,"srcset":"https:\/\/i0.wp.com\/noticiasribeiraopreto.com.br\/wp-content\/uploads\/2025\/07\/download-24_2025-07-03_14-57-25.webp.webp?fit=1200%2C675&ssl=1&resize=350%2C200 1x, https:\/\/i0.wp.com\/noticiasribeiraopreto.com.br\/wp-content\/uploads\/2025\/07\/download-24_2025-07-03_14-57-25.webp.webp?fit=1200%2C675&ssl=1&resize=525%2C300 1.5x, https:\/\/i0.wp.com\/noticiasribeiraopreto.com.br\/wp-content\/uploads\/2025\/07\/download-24_2025-07-03_14-57-25.webp.webp?fit=1200%2C675&ssl=1&resize=700%2C400 2x, https:\/\/i0.wp.com\/noticiasribeiraopreto.com.br\/wp-content\/uploads\/2025\/07\/download-24_2025-07-03_14-57-25.webp.webp?fit=1200%2C675&ssl=1&resize=1050%2C600 3x"},"classes":[]},{"id":70183,"url":"https:\/\/noticiasribeiraopreto.com.br\/index.php\/2025\/05\/23\/acidente-envolve-quatro-carros-no-anel-viario-norte-de-ribeirao-preto\/","url_meta":{"origin":42186,"position":4},"title":"Acidente envolve quatro carros no Anel Vi\u00e1rio Norte de Ribeir\u00e3o Preto","author":"noticiasribeiraopreto.com.br","date":"23 de May de 2025","format":false,"excerpt":"Um acidente envolveu quatro carros na manh\u00e3 desta sexta-feira (23), no km 326 do Anel Vi\u00e1rio Norte (rodovia Alexandre Balbo, SP-328), em Ribeir\u00e3o Preto. Assista ao v\u00eddeo abaixo. Segundo a concession\u00e1ria Entrevias, duas faixas no sentido Sul est\u00e3o interditadas e o tr\u00e2nsito foi desviado para o acostamento. N\u00e3o h\u00e1 informa\u00e7\u00f5es\u2026","rel":"","context":"In &quot;Not\u00edcias de Ribeir\u00e3o Preto-SP e Regi\u00e3o&quot;","block_context":{"text":"Not\u00edcias de Ribeir\u00e3o Preto-SP e Regi\u00e3o","link":"https:\/\/noticiasribeiraopreto.com.br\/index.php\/category\/noticias-de-ribeirao-preto-sp-e-regiao-ismael-colosi\/"},"img":{"alt_text":"","src":"https:\/\/i0.wp.com\/noticiasribeiraopreto.com.br\/wp-content\/uploads\/2025\/05\/ACIDENTE_2025-05-23_12-36-39.webp.webp?fit=1200%2C721&ssl=1&resize=350%2C200","width":350,"height":200,"srcset":"https:\/\/i0.wp.com\/noticiasribeiraopreto.com.br\/wp-content\/uploads\/2025\/05\/ACIDENTE_2025-05-23_12-36-39.webp.webp?fit=1200%2C721&ssl=1&resize=350%2C200 1x, https:\/\/i0.wp.com\/noticiasribeiraopreto.com.br\/wp-content\/uploads\/2025\/05\/ACIDENTE_2025-05-23_12-36-39.webp.webp?fit=1200%2C721&ssl=1&resize=525%2C300 1.5x, https:\/\/i0.wp.com\/noticiasribeiraopreto.com.br\/wp-content\/uploads\/2025\/05\/ACIDENTE_2025-05-23_12-36-39.webp.webp?fit=1200%2C721&ssl=1&resize=700%2C400 2x, https:\/\/i0.wp.com\/noticiasribeiraopreto.com.br\/wp-content\/uploads\/2025\/05\/ACIDENTE_2025-05-23_12-36-39.webp.webp?fit=1200%2C721&ssl=1&resize=1050%2C600 3x"},"classes":[]},{"id":58949,"url":"https:\/\/noticiasribeiraopreto.com.br\/index.php\/2024\/10\/10\/caminhao-pega-fogo-e-interdita-parte-do-anel-viario-sul-em-ribeirao-preto\/","url_meta":{"origin":42186,"position":5},"title":"Caminh\u00e3o pega fogo e interdita parte do Anel Vi\u00e1rio Sul em Ribeir\u00e3o Preto","author":"noticiasribeiraopreto.com.br","date":"10 de October de 2024","format":false,"excerpt":"Um caminh\u00e3o carregado com tr\u00eas ca\u00e7ambas pegou fogo e parte da rodovia Ant\u00f4nio Duarte Nogueira (SP-322), Anel Vi\u00e1rio Sul, precisou ser interditada na manh\u00e3 desta quinta-feira (10). Conforme a Entrevias, concession\u00e1ria respons\u00e1vel pelo trecho, o Corpo de Bombeiros foi acionado e realiza o combate as chamas. Foi necess\u00e1rio interditar a\u2026","rel":"","context":"In &quot;Not\u00edcias de Ribeir\u00e3o Preto-SP e Regi\u00e3o&quot;","block_context":{"text":"Not\u00edcias de Ribeir\u00e3o Preto-SP e Regi\u00e3o","link":"https:\/\/noticiasribeiraopreto.com.br\/index.php\/category\/noticias-de-ribeirao-preto-sp-e-regiao-ismael-colosi\/"},"img":{"alt_text":"","src":"https:\/\/i0.wp.com\/noticiasribeiraopreto.com.br\/wp-content\/uploads\/2024\/10\/Copia-de-Copia-de-Copia-de-TAMANHO-EXATO-PARA-FOTOS-NO-SISTEMA-NOVO-99_2024-10-10_14-12-49_png_2024-10-10_14-12-50.webp.webp?fit=1200%2C675&ssl=1&resize=350%2C200","width":350,"height":200,"srcset":"https:\/\/i0.wp.com\/noticiasribeiraopreto.com.br\/wp-content\/uploads\/2024\/10\/Copia-de-Copia-de-Copia-de-TAMANHO-EXATO-PARA-FOTOS-NO-SISTEMA-NOVO-99_2024-10-10_14-12-49_png_2024-10-10_14-12-50.webp.webp?fit=1200%2C675&ssl=1&resize=350%2C200 1x, https:\/\/i0.wp.com\/noticiasribeiraopreto.com.br\/wp-content\/uploads\/2024\/10\/Copia-de-Copia-de-Copia-de-TAMANHO-EXATO-PARA-FOTOS-NO-SISTEMA-NOVO-99_2024-10-10_14-12-49_png_2024-10-10_14-12-50.webp.webp?fit=1200%2C675&ssl=1&resize=525%2C300 1.5x, https:\/\/i0.wp.com\/noticiasribeiraopreto.com.br\/wp-content\/uploads\/2024\/10\/Copia-de-Copia-de-Copia-de-TAMANHO-EXATO-PARA-FOTOS-NO-SISTEMA-NOVO-99_2024-10-10_14-12-49_png_2024-10-10_14-12-50.webp.webp?fit=1200%2C675&ssl=1&resize=700%2C400 2x, https:\/\/i0.wp.com\/noticiasribeiraopreto.com.br\/wp-content\/uploads\/2024\/10\/Copia-de-Copia-de-Copia-de-TAMANHO-EXATO-PARA-FOTOS-NO-SISTEMA-NOVO-99_2024-10-10_14-12-49_png_2024-10-10_14-12-50.webp.webp?fit=1200%2C675&ssl=1&resize=1050%2C600 3x"},"classes":[]}],"jetpack_sharing_enabled":true,"jetpack_shortlink":"https:\/\/wp.me\/peQAOb-aYq","_links":{"self":[{"href":"https:\/\/noticiasribeiraopreto.com.br\/index.php\/wp-json\/wp\/v2\/posts\/42186","targetHints":{"allow":["GET"]}}],"collection":[{"href":"https:\/\/noticiasribeiraopreto.com.br\/index.php\/wp-json\/wp\/v2\/posts"}],"about":[{"href":"https:\/\/noticiasribeiraopreto.com.br\/index.php\/wp-json\/wp\/v2\/types\/post"}],"author":[{"embeddable":true,"href":"https:\/\/noticiasribeiraopreto.com.br\/index.php\/wp-json\/wp\/v2\/users\/1"}],"replies":[{"embeddable":true,"href":"https:\/\/noticiasribeiraopreto.com.br\/index.php\/wp-json\/wp\/v2\/comments?post=42186"}],"version-history":[{"count":0,"href":"https:\/\/noticiasribeiraopreto.com.br\/index.php\/wp-json\/wp\/v2\/posts\/42186\/revisions"}],"wp:featuredmedia":[{"embeddable":true,"href":"https:\/\/noticiasribeiraopreto.com.br\/index.php\/wp-json\/wp\/v2\/media\/42187"}],"wp:attachment":[{"href":"https:\/\/noticiasribeiraopreto.com.br\/index.php\/wp-json\/wp\/v2\/media?parent=42186"}],"wp:term":[{"taxonomy":"category","embeddable":true,"href":"https:\/\/noticiasribeiraopreto.com.br\/index.php\/wp-json\/wp\/v2\/categories?post=42186"},{"taxonomy":"post_tag","embeddable":true,"href":"https:\/\/noticiasribeiraopreto.com.br\/index.php\/wp-json\/wp\/v2\/tags?post=42186"}],"curies":[{"name":"wp","href":"https:\/\/api.w.org\/{rel}","templated":true}]}}