{"id":42252,"date":"2024-03-13T15:21:55","date_gmt":"2024-03-13T18:21:55","guid":{"rendered":"https:\/\/noticiasribeiraopreto.com.br\/index.php\/2024\/03\/13\/eventos-gratuitos-incentivam-a-conscientizacao-ambiental-em-rp\/"},"modified":"2024-03-13T15:21:55","modified_gmt":"2024-03-13T18:21:55","slug":"eventos-gratuitos-incentivam-a-conscientizacao-ambiental-em-rp","status":"publish","type":"post","link":"https:\/\/noticiasribeiraopreto.com.br\/index.php\/2024\/03\/13\/eventos-gratuitos-incentivam-a-conscientizacao-ambiental-em-rp\/","title":{"rendered":"Eventos gratuitos incentivam a conscientiza\u00e7\u00e3o ambiental em RP"},"content":{"rendered":"<div class='code-block code-block-1' style='margin: 8px 0 8px auto; text-align: right; display: block; clear: both;'>\n<p><a href=\"https:\/\/wa.link\/vpicfd\"><img data-recalc-dims=\"1\" class=\"wp-image-4922\" style=\"aspect-ratio: 2.0253164556962027; width: 561px; height: auto;\" src=\"https:\/\/i0.wp.com\/ismaelcolosi.com.br\/wp-content\/uploads\/2023\/11\/grupo-de-empregos-whatsapp-e-facebook-ismael-colosi-vagas.jpg?ssl=1\" alt=\"\" \/><\/a><\/p>\n<!-- \/wp:image -->\n<\/div>\n<p> <br \/>\n<\/p>\n<div>\n<p>O projeto Festa no Jardim, a\u00e7\u00e3o aberta ao p\u00fablico, gratuita , desembarcou nesta semana em Ribeir\u00e3o Preto. O projeto abrange oficinas para crian\u00e7as e o espet\u00e1culo \u201cFesta no Jardim\u201d.<\/p>\n<p>No dia 12\/3\u00a0 a pe\u00e7a foi encenada duas vezes, \u00e0s 14h30 e \u00e0s 16h. Hoje (13) tamb\u00e9m no mesmo hor\u00e1rio. J\u00e1 para o dia 14\/3, est\u00e3o previstas duas exibi\u00e7\u00f5es, \u00e0s 13h e \u00e0s 15h e, no dia 15\/3, apenas \u00e0s 13h. A pe\u00e7a est\u00e1 sendo apresentada no Marista Escola Social Irm\u00e3o Rui, na Avenida Manoel Ant\u00f4nio Dias, 2155 \u2013 Jardim Maria da Gra\u00e7as<\/p>\n<p>Tamb\u00e9m est\u00e3o sendo oferecidas, nos 13 e 14\/3, oficinas voltadas para jovens de 13 a 17 anos, com as tem\u00e1ticas: musicaliza\u00e7\u00e3o, caracteriza\u00e7\u00e3o c\u00eanica e interpreta\u00e7\u00e3o c\u00eanica, com 30 vagas dispon\u00edveis. Mais informa\u00e7\u00f5es podem ser obtidas pelo telefone (16) 3969-9380 e (16) 3919-3939<\/p>\n<p>Ser\u00e3o oferecidas, ainda, nos dias 13 e 14\/3, oficinas voltadas para jovens de 13 a 17 anos, com as tem\u00e1ticas: musicaliza\u00e7\u00e3o, caracteriza\u00e7\u00e3o c\u00eanica e interpreta\u00e7\u00e3o c\u00eanica, com 30 vagas dispon\u00edveis. As outras duas cidades nas quais as oficinas foram aplicadas contaram com a participa\u00e7\u00e3o de 1.054 crian\u00e7as. Mais informa\u00e7\u00f5es podem ser obtidas pelo telefone (16) 3969-9380 e (16) 3919-3939 ou pelo instagram da escola.<\/p>\n<p>A iniciativa \u00e9 do Instituto Crescer \u2013 entidade que atua como um laborat\u00f3rio de cria\u00e7\u00e3o e implementa\u00e7\u00e3o de metodologias de impacto social em escala para a educa\u00e7\u00e3o e para o fortalecimento de comunidades e pessoas \u2013 e tem como objetivo interagir com a popula\u00e7\u00e3o de Ribeir\u00e3o Preto por meio do teatro, que \u00e9 um exerc\u00edcio de cidadania e uma forma de ampliar o repert\u00f3rio cultural de qualquer cidad\u00e3o.<\/p>\n<p><strong>O despertar do amor pela ecologia<\/strong><\/p>\n<p>Anna Maria, uma adolescente, quer impressionar seu novo \u201cpaquera\u201d, o Chico, um menino engajado com a ecologia da sua cidade. E pra isso ela cria obras de arte com materiais recicl\u00e1veis. Certa manh\u00e3 um monstro invade a casa de Anna Maria e ela se v\u00ea obrigada a repensar suas atitudes e suas escolhas, pois a \u201cFloresta Jardim\u201d, a \u00faltima mata brasileira existente, corre um grande perigo de ser extinta.<\/p>\n<p>Agora o futuro do planeta e da Floresta Jardim est\u00e1 em suas m\u00e3os e de seus novos amigos nada convencionais. Produzido pelo Instituto Crescer e com dire\u00e7\u00e3o teatral de Alexandre Souzah, \u201cFesta no Jardim\u201d \u00e9 um espet\u00e1culo repleto de a\u00e7\u00e3o e aventura com personagens engra\u00e7ados e surpreendentes, que prometem despertar nas crian\u00e7as e adolescentes a consci\u00eancia ambiental, al\u00e9m de trazer temas como companheirismo, coragem, tomadas de atitudes, respeito, reciclagem, desmatamento e prote\u00e7\u00e3o ao meio ambiente.<\/p>\n<p>\u00a0<\/p>\n<p><strong>Servi\u00e7o<\/strong><\/p>\n<p>Datas de apresenta\u00e7\u00f5es do espet\u00e1culo:<\/p>\n<p>\u00a0<\/p>\n<p>13\/3 \u2013 2 apresenta\u00e7\u00f5es: \u00e0s 13h e \u00e0s 15h<\/p>\n<p>\u00a0<\/p>\n<p>14\/3 \u2013 2 apresenta\u00e7\u00f5es: \u00e0s 13h e \u00e0s 15h<\/p>\n<p>\u00a0<\/p>\n<p>15\/3 \u2013 1 apresenta\u00e7\u00e3o: \u00e0s 13h<\/p>\n<p>\u00a0<\/p>\n<p>Local e endere\u00e7o: Marista Escola Social Irm\u00e3o Rui \u2013 avenida Manoel Ant\u00f4nio Dias, 2155 \u2013 Jardim Maria da Gra\u00e7as, Ribeir\u00e3o Preto (SP)<\/p>\n<p>\u00a0<\/p>\n<p><strong>Datas e hor\u00e1rios das oficinas<\/strong><\/p>\n<p>\u00a0<\/p>\n<p>13\/3 \u2013 10h20 \u2013 Musicaliza\u00e7\u00e3o<\/p>\n<p>\u00a0<\/p>\n<p>13\/3 \u2013 21h20 \u2013 Caracteriza\u00e7\u00e3o C\u00eanica<\/p>\n<p>\u00a0<\/p>\n<p>13\/3 \u2013 22h \u2013 Interpreta\u00e7\u00e3o C\u00eanica<\/p>\n<p>\u00a0<\/p>\n<p>\u00a0<\/p>\n<p>14\/3 \u2013 11h05 \u2013 Caracteriza\u00e7\u00e3o C\u00eanica<\/p>\n<p>\u00a0<\/p>\n<p>14\/3 \u2013 11h50 \u2013 Interpreta\u00e7\u00e3o C\u00eanica<\/p>\n<p>\u00a0<\/p>\n<p>Local das oficinas: Marista Escola Social Irm\u00e3o Rui<\/p>\n<p>Endere\u00e7o: avenida Manoel Ant\u00f4nio Dias, 2155 \u2013 Jardim Maria da Gra\u00e7as, Ribeir\u00e3o Preto (SP)<\/p>\n<\/div>\n<p><br \/>\n<br \/><a href=\"https:\/\/www.tribunaribeirao.com.br\/site\/eventos-gratuitos-incentivam-a-conscientizacao-ambiental-em-rp\/\">Source link <\/a><\/p>\n<!-- CONTENT END 1 -->\n","protected":false},"excerpt":{"rendered":"<p>O projeto Festa no Jardim, a\u00e7\u00e3o aberta ao p\u00fablico, gratuita , desembarcou nesta semana em Ribeir\u00e3o Preto. O projeto abrange oficinas para crian\u00e7as e o&#8230;<\/p>\n","protected":false},"author":1,"featured_media":42253,"comment_status":"open","ping_status":"open","sticky":false,"template":"","format":"standard","meta":{"advanced_seo_description":"","jetpack_seo_html_title":"","jetpack_seo_noindex":false,"jetpack_post_was_ever_published":false,"_jetpack_newsletter_access":"","_jetpack_dont_email_post_to_subs":false,"_jetpack_newsletter_tier_id":0,"_jetpack_memberships_contains_paywalled_content":false,"_jetpack_memberships_contains_paid_content":false,"footnotes":"","jetpack_publicize_message":"","jetpack_publicize_feature_enabled":true,"jetpack_social_post_already_shared":true,"jetpack_social_options":{"image_generator_settings":{"template":"highway","default_image_id":0,"font":"","enabled":false},"version":2}},"categories":[11],"tags":[3990,4985,1532,1693,4984],"class_list":["post-42252","post","type-post","status-publish","format-standard","has-post-thumbnail","hentry","category-noticias-de-ribeirao-preto-sp-e-regiao-ismael-colosi","tag-ambiental","tag-conscientizacao","tag-eventos","tag-gratuitos","tag-incentivam"],"jetpack_publicize_connections":[],"jetpack_featured_media_url":"https:\/\/i0.wp.com\/noticiasribeiraopreto.com.br\/wp-content\/uploads\/2024\/03\/conscientizacao-ambiental-topo-1024x576-1-scaled.jpg?fit=1000%2C563&ssl=1","jetpack-related-posts":[{"id":53716,"url":"https:\/\/noticiasribeiraopreto.com.br\/index.php\/2024\/06\/23\/ribeirao-preto-recebe-mostra-de-artes-cenicas-gratuita-veja-quando\/","url_meta":{"origin":42252,"position":0},"title":"Ribeir\u00e3o Preto recebe mostra de Artes C\u00eanicas gratuita; Veja quando","author":"noticiasribeiraopreto.com.br","date":"23 de June de 2024","format":false,"excerpt":"O Senac de Ribeir\u00e3o Preto realiza entre os dias 24 e 28 de junho, a 17\u00aa Mostra de Artes C\u00eanicas da unidade, localizada na rua Capit\u00e3o Salom\u00e3o, 2133, no Jardim Mosteiro. O evento \u00e9 gratuito e aberto ao p\u00fablico. O intuito da mostra \u00e9 promover uma imers\u00e3o \u00e0 atmosfera art\u00edstica,\u2026","rel":"","context":"In &quot;Not\u00edcias de Ribeir\u00e3o Preto-SP e Regi\u00e3o&quot;","block_context":{"text":"Not\u00edcias de Ribeir\u00e3o Preto-SP e Regi\u00e3o","link":"https:\/\/noticiasribeiraopreto.com.br\/index.php\/category\/noticias-de-ribeirao-preto-sp-e-regiao-ismael-colosi\/"},"img":{"alt_text":"","src":"https:\/\/i0.wp.com\/noticiasribeiraopreto.com.br\/wp-content\/uploads\/2024\/06\/WhatsApp-Image-2024-06-21-at-09.48.50_2024-06-23_15-15-23_jpeg_2024-06-23_15-15-24.webp.webp?fit=1179%2C1097&ssl=1&resize=350%2C200","width":350,"height":200,"srcset":"https:\/\/i0.wp.com\/noticiasribeiraopreto.com.br\/wp-content\/uploads\/2024\/06\/WhatsApp-Image-2024-06-21-at-09.48.50_2024-06-23_15-15-23_jpeg_2024-06-23_15-15-24.webp.webp?fit=1179%2C1097&ssl=1&resize=350%2C200 1x, https:\/\/i0.wp.com\/noticiasribeiraopreto.com.br\/wp-content\/uploads\/2024\/06\/WhatsApp-Image-2024-06-21-at-09.48.50_2024-06-23_15-15-23_jpeg_2024-06-23_15-15-24.webp.webp?fit=1179%2C1097&ssl=1&resize=525%2C300 1.5x, https:\/\/i0.wp.com\/noticiasribeiraopreto.com.br\/wp-content\/uploads\/2024\/06\/WhatsApp-Image-2024-06-21-at-09.48.50_2024-06-23_15-15-23_jpeg_2024-06-23_15-15-24.webp.webp?fit=1179%2C1097&ssl=1&resize=700%2C400 2x, https:\/\/i0.wp.com\/noticiasribeiraopreto.com.br\/wp-content\/uploads\/2024\/06\/WhatsApp-Image-2024-06-21-at-09.48.50_2024-06-23_15-15-23_jpeg_2024-06-23_15-15-24.webp.webp?fit=1179%2C1097&ssl=1&resize=1050%2C600 3x"},"classes":[]},{"id":66706,"url":"https:\/\/noticiasribeiraopreto.com.br\/index.php\/2025\/04\/04\/shoppings-de-ribeirao-tem-programacao-gratuita-de-pascoa-veja-como-participar\/","url_meta":{"origin":42252,"position":1},"title":"Shoppings de Ribeir\u00e3o t\u00eam programa\u00e7\u00e3o gratuita de P\u00e1scoa; Veja como participar","author":"noticiasribeiraopreto.com.br","date":"4 de April de 2025","format":false,"excerpt":"Os shoppings de Ribeir\u00e3o Preto est\u00e3o se preparando para celebrar a P\u00e1scoa, que acontece no dia 20 de abril neste ano. Na programa\u00e7\u00e3o est\u00e3o oficinas especiais, pintura facial tem\u00e1tica, visita do \u2018Coelhinho da P\u00e1scoa\u2019, personaliza\u00e7\u00e3o de biscoitos amanteigados e parada especial de P\u00e1scoa. Confira: Ribeir\u00e3o Shopping At\u00e9 o dia 20\u2026","rel":"","context":"In &quot;Not\u00edcias de Ribeir\u00e3o Preto-SP e Regi\u00e3o&quot;","block_context":{"text":"Not\u00edcias de Ribeir\u00e3o Preto-SP e Regi\u00e3o","link":"https:\/\/noticiasribeiraopreto.com.br\/index.php\/category\/noticias-de-ribeirao-preto-sp-e-regiao-ismael-colosi\/"},"img":{"alt_text":"","src":"https:\/\/i0.wp.com\/noticiasribeiraopreto.com.br\/wp-content\/uploads\/2025\/04\/Copia-de-Copia-de-Copia-de-TAMANHO-EXATO-PARA-FOTOS-NO-SISTEMA-NOVO-2025-04-04T132036.531_2025-04-04_16-20-39_png_2025-04-04_16-20-39.webp.webp?fit=1200%2C675&ssl=1&resize=350%2C200","width":350,"height":200,"srcset":"https:\/\/i0.wp.com\/noticiasribeiraopreto.com.br\/wp-content\/uploads\/2025\/04\/Copia-de-Copia-de-Copia-de-TAMANHO-EXATO-PARA-FOTOS-NO-SISTEMA-NOVO-2025-04-04T132036.531_2025-04-04_16-20-39_png_2025-04-04_16-20-39.webp.webp?fit=1200%2C675&ssl=1&resize=350%2C200 1x, https:\/\/i0.wp.com\/noticiasribeiraopreto.com.br\/wp-content\/uploads\/2025\/04\/Copia-de-Copia-de-Copia-de-TAMANHO-EXATO-PARA-FOTOS-NO-SISTEMA-NOVO-2025-04-04T132036.531_2025-04-04_16-20-39_png_2025-04-04_16-20-39.webp.webp?fit=1200%2C675&ssl=1&resize=525%2C300 1.5x, https:\/\/i0.wp.com\/noticiasribeiraopreto.com.br\/wp-content\/uploads\/2025\/04\/Copia-de-Copia-de-Copia-de-TAMANHO-EXATO-PARA-FOTOS-NO-SISTEMA-NOVO-2025-04-04T132036.531_2025-04-04_16-20-39_png_2025-04-04_16-20-39.webp.webp?fit=1200%2C675&ssl=1&resize=700%2C400 2x, https:\/\/i0.wp.com\/noticiasribeiraopreto.com.br\/wp-content\/uploads\/2025\/04\/Copia-de-Copia-de-Copia-de-TAMANHO-EXATO-PARA-FOTOS-NO-SISTEMA-NOVO-2025-04-04T132036.531_2025-04-04_16-20-39_png_2025-04-04_16-20-39.webp.webp?fit=1200%2C675&ssl=1&resize=1050%2C600 3x"},"classes":[]},{"id":52697,"url":"https:\/\/noticiasribeiraopreto.com.br\/index.php\/2024\/06\/11\/danca-musica-e-teatro-projeto-abre-200-novas-vagas-para-oficinas-em-ribeirao-preto\/","url_meta":{"origin":42252,"position":2},"title":"Dan\u00e7a, m\u00fasica e teatro: Projeto abre 200 novas vagas para oficinas em Ribeir\u00e3o Preto","author":"noticiasribeiraopreto.com.br","date":"11 de June de 2024","format":false,"excerpt":"O projeto cultural Saci Perer\u00ea abriu 200 novas vagas para interessados em participar de oficinas de artes c\u00eanicas e circenses, ballet, dan\u00e7as afro e de sal\u00e3o, piano e viol\u00e3o, em Ribeir\u00e3o Preto. O projeto tem o intuito de promover inclus\u00e3o cultural e art\u00edstica, atrav\u00e9s de oficinas gratuitas em v\u00e1rias modalidades,\u2026","rel":"","context":"In &quot;Not\u00edcias de Ribeir\u00e3o Preto-SP e Regi\u00e3o&quot;","block_context":{"text":"Not\u00edcias de Ribeir\u00e3o Preto-SP e Regi\u00e3o","link":"https:\/\/noticiasribeiraopreto.com.br\/index.php\/category\/noticias-de-ribeirao-preto-sp-e-regiao-ismael-colosi\/"},"img":{"alt_text":"","src":"https:\/\/i0.wp.com\/noticiasribeiraopreto.com.br\/wp-content\/uploads\/2024\/06\/voltaaulas_saciperere_1_2024-06-11_17-54-18_jpeg_2024-06-11_17-54-18.webp.webp?fit=847%2C560&ssl=1&resize=350%2C200","width":350,"height":200,"srcset":"https:\/\/i0.wp.com\/noticiasribeiraopreto.com.br\/wp-content\/uploads\/2024\/06\/voltaaulas_saciperere_1_2024-06-11_17-54-18_jpeg_2024-06-11_17-54-18.webp.webp?fit=847%2C560&ssl=1&resize=350%2C200 1x, https:\/\/i0.wp.com\/noticiasribeiraopreto.com.br\/wp-content\/uploads\/2024\/06\/voltaaulas_saciperere_1_2024-06-11_17-54-18_jpeg_2024-06-11_17-54-18.webp.webp?fit=847%2C560&ssl=1&resize=525%2C300 1.5x, https:\/\/i0.wp.com\/noticiasribeiraopreto.com.br\/wp-content\/uploads\/2024\/06\/voltaaulas_saciperere_1_2024-06-11_17-54-18_jpeg_2024-06-11_17-54-18.webp.webp?fit=847%2C560&ssl=1&resize=700%2C400 2x"},"classes":[]},{"id":61211,"url":"https:\/\/noticiasribeiraopreto.com.br\/index.php\/2024\/12\/06\/parque-recem-reaberto-recebe-evento-cultural-gratuito-em-ribeirao-preto\/","url_meta":{"origin":42252,"position":3},"title":"Parque rec\u00e9m-reaberto recebe evento cultural gratuito em Ribeir\u00e3o Preto","author":"noticiasribeiraopreto.com.br","date":"6 de December de 2024","format":false,"excerpt":"O Parque Roberto Mello Genaro, localizado, no Jardim Sumar\u00e9, recebe nesta sexta-feira (6), das 14h \u00e0s 17h, o projeto \u201cCultura em Todo Lugar\u201d, com atividades e brincadeiras. O evento \u00e9 gratuito e aberto ao p\u00fablico. O parque foi reaberto no \u00faltimo dia 16 de novembro, depois de permanecer fechado por\u2026","rel":"","context":"In &quot;Not\u00edcias de Ribeir\u00e3o Preto-SP e Regi\u00e3o&quot;","block_context":{"text":"Not\u00edcias de Ribeir\u00e3o Preto-SP e Regi\u00e3o","link":"https:\/\/noticiasribeiraopreto.com.br\/index.php\/category\/noticias-de-ribeirao-preto-sp-e-regiao-ismael-colosi\/"},"img":{"alt_text":"","src":"https:\/\/i0.wp.com\/noticiasribeiraopreto.com.br\/wp-content\/uploads\/2024\/04\/cultura_em_todo_lugar_vila_elisa2_-_foto_guilherme_sircili_60_2024-04-25_14-47-00_jpg.webp.webp?fit=1200%2C800&ssl=1&resize=350%2C200","width":350,"height":200,"srcset":"https:\/\/i0.wp.com\/noticiasribeiraopreto.com.br\/wp-content\/uploads\/2024\/04\/cultura_em_todo_lugar_vila_elisa2_-_foto_guilherme_sircili_60_2024-04-25_14-47-00_jpg.webp.webp?fit=1200%2C800&ssl=1&resize=350%2C200 1x, https:\/\/i0.wp.com\/noticiasribeiraopreto.com.br\/wp-content\/uploads\/2024\/04\/cultura_em_todo_lugar_vila_elisa2_-_foto_guilherme_sircili_60_2024-04-25_14-47-00_jpg.webp.webp?fit=1200%2C800&ssl=1&resize=525%2C300 1.5x, https:\/\/i0.wp.com\/noticiasribeiraopreto.com.br\/wp-content\/uploads\/2024\/04\/cultura_em_todo_lugar_vila_elisa2_-_foto_guilherme_sircili_60_2024-04-25_14-47-00_jpg.webp.webp?fit=1200%2C800&ssl=1&resize=700%2C400 2x, https:\/\/i0.wp.com\/noticiasribeiraopreto.com.br\/wp-content\/uploads\/2024\/04\/cultura_em_todo_lugar_vila_elisa2_-_foto_guilherme_sircili_60_2024-04-25_14-47-00_jpg.webp.webp?fit=1200%2C800&ssl=1&resize=1050%2C600 3x"},"classes":[]},{"id":77442,"url":"https:\/\/noticiasribeiraopreto.com.br\/index.php\/2025\/09\/18\/programacao-do-dia-da-arvore-tem-oficinas-musica-food-truck-e-plantio-de-mudas\/","url_meta":{"origin":42252,"position":4},"title":"Programa\u00e7\u00e3o do Dia da \u00c1rvore tem oficinas, m\u00fasica, food truck e plantio de mudas","author":"noticiasribeiraopreto.com.br","date":"18 de September de 2025","format":false,"excerpt":"Ribeir\u00e3o Preto conta com diversas atividades em comemora\u00e7\u00e3o ao Dia da \u00c1rvore, que acontece no pr\u00f3ximo domingo (21). Entre as a\u00e7\u00f5es, est\u00e3o uma corrida com op\u00e7\u00f5es de m\u00fasica ao vivo e food truck, plantio de mudas e conta\u00e7\u00e3o de hist\u00f3rias. Confira a programa\u00e7\u00e3o A Secretaria de Meio Ambiente de Ribeir\u00e3o\u2026","rel":"","context":"In &quot;Not\u00edcias de Ribeir\u00e3o Preto-SP e Regi\u00e3o&quot;","block_context":{"text":"Not\u00edcias de Ribeir\u00e3o Preto-SP e Regi\u00e3o","link":"https:\/\/noticiasribeiraopreto.com.br\/index.php\/category\/noticias-de-ribeirao-preto-sp-e-regiao-ismael-colosi\/"},"img":{"alt_text":"","src":"https:\/\/i0.wp.com\/noticiasribeiraopreto.com.br\/wp-content\/uploads\/2025\/09\/plantio_mudas_-_foto_guilherme_sircili_3_2025-09-17_22-58-51.webp.webp?fit=1200%2C799&ssl=1&resize=350%2C200","width":350,"height":200,"srcset":"https:\/\/i0.wp.com\/noticiasribeiraopreto.com.br\/wp-content\/uploads\/2025\/09\/plantio_mudas_-_foto_guilherme_sircili_3_2025-09-17_22-58-51.webp.webp?fit=1200%2C799&ssl=1&resize=350%2C200 1x, https:\/\/i0.wp.com\/noticiasribeiraopreto.com.br\/wp-content\/uploads\/2025\/09\/plantio_mudas_-_foto_guilherme_sircili_3_2025-09-17_22-58-51.webp.webp?fit=1200%2C799&ssl=1&resize=525%2C300 1.5x, https:\/\/i0.wp.com\/noticiasribeiraopreto.com.br\/wp-content\/uploads\/2025\/09\/plantio_mudas_-_foto_guilherme_sircili_3_2025-09-17_22-58-51.webp.webp?fit=1200%2C799&ssl=1&resize=700%2C400 2x, https:\/\/i0.wp.com\/noticiasribeiraopreto.com.br\/wp-content\/uploads\/2025\/09\/plantio_mudas_-_foto_guilherme_sircili_3_2025-09-17_22-58-51.webp.webp?fit=1200%2C799&ssl=1&resize=1050%2C600 3x"},"classes":[]},{"id":77156,"url":"https:\/\/noticiasribeiraopreto.com.br\/index.php\/2025\/09\/12\/fim-de-semana-em-ribeirao-preto-e-regiao-tem-muita-musica-stand-up-e-gastronomia-confira\/","url_meta":{"origin":42252,"position":5},"title":"Fim de semana em Ribeir\u00e3o Preto e regi\u00e3o tem muita m\u00fasica, stand-up e gastronomia; Confira","author":"noticiasribeiraopreto.com.br","date":"12 de September de 2025","format":false,"excerpt":"Shows, espet\u00e1culos teatrais e festivais gastron\u00f4micos est\u00e3o entre as atra\u00e7\u00f5es do fim de semana em Ribeir\u00e3o Preto e regi\u00e3o. A programa\u00e7\u00e3o re\u00fane atividades gratuitas e pagas para quem deseja aproveitar fora de casa. Os destaques s\u00e3o: nesta sexta-feira (12), a banda Lagum se apresenta em Ribeir\u00e3o Preto, a m\u00fasica continua\u2026","rel":"","context":"In &quot;Not\u00edcias de Ribeir\u00e3o Preto-SP e Regi\u00e3o&quot;","block_context":{"text":"Not\u00edcias de Ribeir\u00e3o Preto-SP e Regi\u00e3o","link":"https:\/\/noticiasribeiraopreto.com.br\/index.php\/category\/noticias-de-ribeirao-preto-sp-e-regiao-ismael-colosi\/"},"img":{"alt_text":"","src":"https:\/\/i0.wp.com\/noticiasribeiraopreto.com.br\/wp-content\/uploads\/2025\/09\/Copia-de-Copia-de-Copia-de-TAMANHO-EXATO-PARA-FOTOS-NO-SISTEMA-NOVO-2_2025-09-12_13-06-01.webp.webp?fit=1200%2C675&ssl=1&resize=350%2C200","width":350,"height":200,"srcset":"https:\/\/i0.wp.com\/noticiasribeiraopreto.com.br\/wp-content\/uploads\/2025\/09\/Copia-de-Copia-de-Copia-de-TAMANHO-EXATO-PARA-FOTOS-NO-SISTEMA-NOVO-2_2025-09-12_13-06-01.webp.webp?fit=1200%2C675&ssl=1&resize=350%2C200 1x, https:\/\/i0.wp.com\/noticiasribeiraopreto.com.br\/wp-content\/uploads\/2025\/09\/Copia-de-Copia-de-Copia-de-TAMANHO-EXATO-PARA-FOTOS-NO-SISTEMA-NOVO-2_2025-09-12_13-06-01.webp.webp?fit=1200%2C675&ssl=1&resize=525%2C300 1.5x, https:\/\/i0.wp.com\/noticiasribeiraopreto.com.br\/wp-content\/uploads\/2025\/09\/Copia-de-Copia-de-Copia-de-TAMANHO-EXATO-PARA-FOTOS-NO-SISTEMA-NOVO-2_2025-09-12_13-06-01.webp.webp?fit=1200%2C675&ssl=1&resize=700%2C400 2x, https:\/\/i0.wp.com\/noticiasribeiraopreto.com.br\/wp-content\/uploads\/2025\/09\/Copia-de-Copia-de-Copia-de-TAMANHO-EXATO-PARA-FOTOS-NO-SISTEMA-NOVO-2_2025-09-12_13-06-01.webp.webp?fit=1200%2C675&ssl=1&resize=1050%2C600 3x"},"classes":[]}],"jetpack_sharing_enabled":true,"jetpack_shortlink":"https:\/\/wp.me\/peQAOb-aZu","_links":{"self":[{"href":"https:\/\/noticiasribeiraopreto.com.br\/index.php\/wp-json\/wp\/v2\/posts\/42252","targetHints":{"allow":["GET"]}}],"collection":[{"href":"https:\/\/noticiasribeiraopreto.com.br\/index.php\/wp-json\/wp\/v2\/posts"}],"about":[{"href":"https:\/\/noticiasribeiraopreto.com.br\/index.php\/wp-json\/wp\/v2\/types\/post"}],"author":[{"embeddable":true,"href":"https:\/\/noticiasribeiraopreto.com.br\/index.php\/wp-json\/wp\/v2\/users\/1"}],"replies":[{"embeddable":true,"href":"https:\/\/noticiasribeiraopreto.com.br\/index.php\/wp-json\/wp\/v2\/comments?post=42252"}],"version-history":[{"count":0,"href":"https:\/\/noticiasribeiraopreto.com.br\/index.php\/wp-json\/wp\/v2\/posts\/42252\/revisions"}],"wp:featuredmedia":[{"embeddable":true,"href":"https:\/\/noticiasribeiraopreto.com.br\/index.php\/wp-json\/wp\/v2\/media\/42253"}],"wp:attachment":[{"href":"https:\/\/noticiasribeiraopreto.com.br\/index.php\/wp-json\/wp\/v2\/media?parent=42252"}],"wp:term":[{"taxonomy":"category","embeddable":true,"href":"https:\/\/noticiasribeiraopreto.com.br\/index.php\/wp-json\/wp\/v2\/categories?post=42252"},{"taxonomy":"post_tag","embeddable":true,"href":"https:\/\/noticiasribeiraopreto.com.br\/index.php\/wp-json\/wp\/v2\/tags?post=42252"}],"curies":[{"name":"wp","href":"https:\/\/api.w.org\/{rel}","templated":true}]}}