{"id":42254,"date":"2024-03-13T15:34:56","date_gmt":"2024-03-13T18:34:56","guid":{"rendered":"https:\/\/noticiasribeiraopreto.com.br\/index.php\/2024\/03\/13\/inss-governo-anuncia-pagamento-antecipado-do-13o-para-aposentados-e-pensionistas-veja-calendario\/"},"modified":"2024-03-13T15:34:56","modified_gmt":"2024-03-13T18:34:56","slug":"inss-governo-anuncia-pagamento-antecipado-do-13o-para-aposentados-e-pensionistas-veja-calendario","status":"publish","type":"post","link":"https:\/\/noticiasribeiraopreto.com.br\/index.php\/2024\/03\/13\/inss-governo-anuncia-pagamento-antecipado-do-13o-para-aposentados-e-pensionistas-veja-calendario\/","title":{"rendered":"INSS: Governo anuncia pagamento antecipado do 13\u00ba para aposentados e pensionistas; Veja calend\u00e1rio"},"content":{"rendered":"<div class='code-block code-block-1' style='margin: 8px 0 8px auto; text-align: right; display: block; clear: both;'>\n<p><a href=\"https:\/\/wa.link\/vpicfd\"><img data-recalc-dims=\"1\" class=\"wp-image-4922\" style=\"aspect-ratio: 2.0253164556962027; width: 561px; height: auto;\" src=\"https:\/\/i0.wp.com\/ismaelcolosi.com.br\/wp-content\/uploads\/2023\/11\/grupo-de-empregos-whatsapp-e-facebook-ismael-colosi-vagas.jpg?ssl=1\" alt=\"\" \/><\/a><\/p>\n<!-- \/wp:image -->\n<\/div>\n<p> <br \/>\n<\/p>\n<div data-td-block-uid=\"tdi_88\">\n<div class=\"tdb-block-inner td-fix-index\">\n<p style=\"text-align: justify;\"><span style=\"font-family: arial, helvetica, sans-serif; font-size: 14pt;\">O Governo Federal optou por prosseguir com a distribui\u00e7\u00e3o de benef\u00edcios anuais aos benefici\u00e1rios da Previd\u00eancia Social, conhecida como \u201c13\u00aa do INSS\u201d. A decis\u00e3o foi formalizada por decreto assinado pelo presidente Luiz In\u00e1cio Lula da Silva (PT), cuja divulga\u00e7\u00e3o foi publicada recentemente no Di\u00e1rio Oficial da Uni\u00e3o.<\/span><\/p>\n<p style=\"text-align: justify;\"><span style=\"font-family: arial, helvetica, sans-serif; font-size: 14pt;\">Os subs\u00eddios s\u00e3o normalmente pagos no segundo semestre do ano. No entanto, nos \u00faltimos anos, o Governo optou por antecipar os pagamentos como estrat\u00e9gia para estimular a economia do pa\u00eds.<\/span><\/p>\n<p style=\"text-align: justify;\"><span style=\"font-family: arial, helvetica, sans-serif; font-size: 14pt;\">Esse benef\u00edcio \u00e9 direcionado aos benefici\u00e1rios do INSS que est\u00e3o recebendo aux\u00edlio por incapacidade tempor\u00e1ria ou acidentes. Tamb\u00e9m se aplica a quem recebe aposentadoria, pens\u00e3o por morte e aux\u00edlio-pris\u00e3o.<\/span><\/p>\n<h2><strong><span style=\"font-family: arial, helvetica, sans-serif;\">Como ser\u00e1 feito o pagamento antecipado do 13\u00ba ?<\/span><\/strong><\/h2>\n<p style=\"text-align: justify;\"><span style=\"font-family: arial, helvetica, sans-serif; font-size: 14pt;\">De acordo com o decreto, de acordo com as normas mantidas, o pagamento do dia 13 \u00e9 feito em duas parcelas. A primeira parcela a ser liberada ser\u00e1 paga junto com o lucro de Abril.<\/span><\/p>\n<p style=\"text-align: justify;\"><span style=\"font-family: arial, helvetica, sans-serif; font-size: 14pt;\">A segunda parcela do adiantamento \u00e9 paga no m\u00eas seguinte \u00e0 primeira, ou seja, em Maio.<\/span><\/p>\n<p><img fetchpriority=\"high\" decoding=\"async\" class=\"alignnone wp-image-8897 size-full\" alt=\"INSS\" width=\"696\" height=\"365\" title=\"INSS: Governo anuncia pagamento antecipado do 13\u00ba para aposentados e pensionistas; Veja calend\u00e1rio 1\" srcset=\"https:\/\/i0.wp.com\/www.financasbrasil.org\/wp-content\/uploads\/2024\/03\/INSS-1.webp?w=1200&amp;ssl=1 1200w, https:\/\/i0.wp.com\/www.financasbrasil.org\/wp-content\/uploads\/2024\/03\/INSS-1.webp?resize=300%2C158&amp;ssl=1 300w, https:\/\/i0.wp.com\/www.financasbrasil.org\/wp-content\/uploads\/2024\/03\/INSS-1.webp?resize=1024%2C538&amp;ssl=1 1024w, https:\/\/i0.wp.com\/www.financasbrasil.org\/wp-content\/uploads\/2024\/03\/INSS-1.webp?resize=768%2C403&amp;ssl=1 768w, https:\/\/i0.wp.com\/www.financasbrasil.org\/wp-content\/uploads\/2024\/03\/INSS-1.webp?resize=150%2C79&amp;ssl=1 150w, https:\/\/i0.wp.com\/www.financasbrasil.org\/wp-content\/uploads\/2024\/03\/INSS-1.webp?resize=696%2C365&amp;ssl=1 696w, https:\/\/i0.wp.com\/www.financasbrasil.org\/wp-content\/uploads\/2024\/03\/INSS-1.webp?resize=1068%2C561&amp;ssl=1 1068w\" data-lazy-sizes=\"(max-width: 696px) 100vw, 696px\" data-recalc-dims=\"1\" src=\"https:\/\/i0.wp.com\/www.financasbrasil.org\/wp-content\/uploads\/2024\/03\/INSS-1.webp?resize=696%2C365&amp;ssl=1\"\/><noscript><img fetchpriority=\"high\" decoding=\"async\" class=\"alignnone wp-image-8897 size-full\" src=\"https:\/\/i0.wp.com\/www.financasbrasil.org\/wp-content\/uploads\/2024\/03\/INSS-1.webp?resize=696%2C365&amp;ssl=1\" alt=\"INSS\" width=\"696\" height=\"365\" title=\"INSS: Governo anuncia pagamento antecipado do 13\u00ba para aposentados e pensionistas; Veja calend\u00e1rio 1\" srcset=\"https:\/\/i0.wp.com\/www.financasbrasil.org\/wp-content\/uploads\/2024\/03\/INSS-1.webp?w=1200&amp;ssl=1 1200w, https:\/\/i0.wp.com\/www.financasbrasil.org\/wp-content\/uploads\/2024\/03\/INSS-1.webp?resize=300%2C158&amp;ssl=1 300w, https:\/\/i0.wp.com\/www.financasbrasil.org\/wp-content\/uploads\/2024\/03\/INSS-1.webp?resize=1024%2C538&amp;ssl=1 1024w, https:\/\/i0.wp.com\/www.financasbrasil.org\/wp-content\/uploads\/2024\/03\/INSS-1.webp?resize=768%2C403&amp;ssl=1 768w, https:\/\/i0.wp.com\/www.financasbrasil.org\/wp-content\/uploads\/2024\/03\/INSS-1.webp?resize=150%2C79&amp;ssl=1 150w, https:\/\/i0.wp.com\/www.financasbrasil.org\/wp-content\/uploads\/2024\/03\/INSS-1.webp?resize=696%2C365&amp;ssl=1 696w, https:\/\/i0.wp.com\/www.financasbrasil.org\/wp-content\/uploads\/2024\/03\/INSS-1.webp?resize=1068%2C561&amp;ssl=1 1068w\" sizes=\"(max-width: 696px) 100vw, 696px\" data-recalc-dims=\"1\"\/><\/noscript><\/p>\n<p style=\"text-align: justify;\"><span style=\"font-family: arial, helvetica, sans-serif; font-size: 14pt;\">A expectativa \u00e9 que a 13\u00aa medida provis\u00f3ria do Governo beneficie muita gente. No entanto, at\u00e9 o momento, o estado ainda n\u00e3o divulgou oficialmente o n\u00famero exato de pessoas alvo da a\u00e7\u00e3o.<\/span><\/p>\n<h2><strong><span style=\"font-family: arial, helvetica, sans-serif;\">Organiza\u00e7\u00e3o de pagamento<\/span><\/strong><\/h2>\n<p style=\"text-align: justify;\"><span style=\"font-size: 14pt;\"><span style=\"font-family: arial, helvetica, sans-serif;\">Normalmente, o pagamento do dia 13 \u00e9 feito de acordo com o \u00faltimo d\u00edgito do N\u00famero de Identifica\u00e7\u00e3o Social (NIS). Por isso, \u00e9 importante que o benefici\u00e1rio verifique o cadastro para determinar a data exata em que receber\u00e1 o valor. Veja abaixo um calend\u00e1rio para quem recebe at\u00e9 um sal\u00e1rio m\u00ednimo.<\/span><\/span><\/p>\n<p><img loading=\"lazy\" decoding=\"async\" class=\"alignnone wp-image-8895 size-full\" alt=\"Captura de tela 2024 03 13 151645\" width=\"696\" height=\"400\" title=\"INSS: Governo anuncia pagamento antecipado do 13\u00ba para aposentados e pensionistas; Veja calend\u00e1rio 2\" srcset=\"https:\/\/i0.wp.com\/www.financasbrasil.org\/wp-content\/uploads\/2024\/03\/Captura-de-tela-2024-03-13-151645.png?w=810&amp;ssl=1 810w, https:\/\/i0.wp.com\/www.financasbrasil.org\/wp-content\/uploads\/2024\/03\/Captura-de-tela-2024-03-13-151645.png?resize=300%2C173&amp;ssl=1 300w, https:\/\/i0.wp.com\/www.financasbrasil.org\/wp-content\/uploads\/2024\/03\/Captura-de-tela-2024-03-13-151645.png?resize=768%2C442&amp;ssl=1 768w, https:\/\/i0.wp.com\/www.financasbrasil.org\/wp-content\/uploads\/2024\/03\/Captura-de-tela-2024-03-13-151645.png?resize=150%2C86&amp;ssl=1 150w, https:\/\/i0.wp.com\/www.financasbrasil.org\/wp-content\/uploads\/2024\/03\/Captura-de-tela-2024-03-13-151645.png?resize=696%2C400&amp;ssl=1 696w\" data-lazy-sizes=\"(max-width: 696px) 100vw, 696px\" data-recalc-dims=\"1\" src=\"https:\/\/i0.wp.com\/www.financasbrasil.org\/wp-content\/uploads\/2024\/03\/Captura-de-tela-2024-03-13-151645.png?resize=696%2C400&amp;ssl=1\"\/><noscript><img loading=\"lazy\" decoding=\"async\" class=\"alignnone wp-image-8895 size-full\" src=\"https:\/\/i0.wp.com\/www.financasbrasil.org\/wp-content\/uploads\/2024\/03\/Captura-de-tela-2024-03-13-151645.png?resize=696%2C400&amp;ssl=1\" alt=\"Captura de tela 2024 03 13 151645\" width=\"696\" height=\"400\" title=\"INSS: Governo anuncia pagamento antecipado do 13\u00ba para aposentados e pensionistas; Veja calend\u00e1rio 2\" srcset=\"https:\/\/i0.wp.com\/www.financasbrasil.org\/wp-content\/uploads\/2024\/03\/Captura-de-tela-2024-03-13-151645.png?w=810&amp;ssl=1 810w, https:\/\/i0.wp.com\/www.financasbrasil.org\/wp-content\/uploads\/2024\/03\/Captura-de-tela-2024-03-13-151645.png?resize=300%2C173&amp;ssl=1 300w, https:\/\/i0.wp.com\/www.financasbrasil.org\/wp-content\/uploads\/2024\/03\/Captura-de-tela-2024-03-13-151645.png?resize=768%2C442&amp;ssl=1 768w, https:\/\/i0.wp.com\/www.financasbrasil.org\/wp-content\/uploads\/2024\/03\/Captura-de-tela-2024-03-13-151645.png?resize=150%2C86&amp;ssl=1 150w, https:\/\/i0.wp.com\/www.financasbrasil.org\/wp-content\/uploads\/2024\/03\/Captura-de-tela-2024-03-13-151645.png?resize=696%2C400&amp;ssl=1 696w\" sizes=\"auto, (max-width: 696px) 100vw, 696px\" data-recalc-dims=\"1\"\/><\/noscript><\/p>\n<p style=\"text-align: justify;\"><span style=\"font-size: 14pt;\"><span style=\"font-family: arial, helvetica, sans-serif;\">A expectativa \u00e9 que a medida estimule a economia brasileira. Dessa forma, a iniciativa deve proporcionar um al\u00edvio financeiro significativo a milhares de aposentados e pensionistas do INSS em todo o pa\u00eds.<\/span><\/span><\/p>\n<\/div>\n<\/div>\n<p><br \/>\n<br \/><a href=\"https:\/\/www.financasbrasil.org\/2024\/03\/inss-governo-anuncia-pagamento.html\">Source link <\/a><\/p>\n<!-- CONTENT END 1 -->\n","protected":false},"excerpt":{"rendered":"<p>O Governo Federal optou por prosseguir com a distribui\u00e7\u00e3o de benef\u00edcios anuais aos benefici\u00e1rios da Previd\u00eancia Social, conhecida como \u201c13\u00aa do INSS\u201d. A decis\u00e3o foi&#8230;<\/p>\n","protected":false},"author":1,"featured_media":42255,"comment_status":"open","ping_status":"open","sticky":false,"template":"","format":"standard","meta":{"advanced_seo_description":"","jetpack_seo_html_title":"","jetpack_seo_noindex":false,"jetpack_post_was_ever_published":false,"_jetpack_newsletter_access":"","_jetpack_dont_email_post_to_subs":false,"_jetpack_newsletter_tier_id":0,"_jetpack_memberships_contains_paywalled_content":false,"_jetpack_memberships_contains_paid_content":false,"footnotes":"","jetpack_publicize_message":"","jetpack_publicize_feature_enabled":true,"jetpack_social_post_already_shared":true,"jetpack_social_options":{"image_generator_settings":{"template":"highway","default_image_id":0,"font":"","enabled":false},"version":2}},"categories":[1235],"tags":[],"class_list":["post-42254","post","type-post","status-publish","format-standard","has-post-thumbnail","hentry","category-dinheiro-e-investimento-como-fazer-como-ganhar"],"jetpack_publicize_connections":[],"jetpack_featured_media_url":"https:\/\/i0.wp.com\/noticiasribeiraopreto.com.br\/wp-content\/uploads\/2024\/03\/INSS.webp.jpeg?fit=1200%2C630&ssl=1","jetpack-related-posts":[{"id":13370,"url":"https:\/\/noticiasribeiraopreto.com.br\/index.php\/2023\/12\/10\/inss-convoca-beneficiarios-por-telefone\/","url_meta":{"origin":42254,"position":0},"title":"INSS convoca benefici\u00e1rios por telefone","author":"noticiasribeiraopreto.com.br","date":"10 de December de 2023","format":false,"excerpt":"Cr\u00e9ditos: Depositphotos\/rmcarvalhobsbVeja como consultar o extrato do INSS Em um movimento inovador, o INSS est\u00e1 adotando uma abordagem proativa ao ligar para benefici\u00e1rios, convidando-os a antecipar a aprova\u00e7\u00e3o de seus benef\u00edcios. Essa iniciativa vem em um momento crucial, no final de 2023, e \u00e9 essencial que os brasileiros compreendam como\u2026","rel":"","context":"In &quot;Variedades&quot;","block_context":{"text":"Variedades","link":"https:\/\/noticiasribeiraopreto.com.br\/index.php\/category\/variedades\/"},"img":{"alt_text":"","src":"https:\/\/i0.wp.com\/noticiasribeiraopreto.com.br\/wp-content\/uploads\/2023\/12\/1702177746_fotos-catraca-2023-11-30t121633253.png?fit=1200%2C638&ssl=1&resize=350%2C200","width":350,"height":200,"srcset":"https:\/\/i0.wp.com\/noticiasribeiraopreto.com.br\/wp-content\/uploads\/2023\/12\/1702177746_fotos-catraca-2023-11-30t121633253.png?fit=1200%2C638&ssl=1&resize=350%2C200 1x, https:\/\/i0.wp.com\/noticiasribeiraopreto.com.br\/wp-content\/uploads\/2023\/12\/1702177746_fotos-catraca-2023-11-30t121633253.png?fit=1200%2C638&ssl=1&resize=525%2C300 1.5x, https:\/\/i0.wp.com\/noticiasribeiraopreto.com.br\/wp-content\/uploads\/2023\/12\/1702177746_fotos-catraca-2023-11-30t121633253.png?fit=1200%2C638&ssl=1&resize=700%2C400 2x, https:\/\/i0.wp.com\/noticiasribeiraopreto.com.br\/wp-content\/uploads\/2023\/12\/1702177746_fotos-catraca-2023-11-30t121633253.png?fit=1200%2C638&ssl=1&resize=1050%2C600 3x"},"classes":[]},{"id":36427,"url":"https:\/\/noticiasribeiraopreto.com.br\/index.php\/2024\/02\/09\/inss-confirmou-o-pagamento-do-13-salario-veja-quando-sera\/","url_meta":{"origin":42254,"position":1},"title":"INSS confirmou o pagamento do 13 sal\u00e1rio; Veja quando ser\u00e1","author":"noticiasribeiraopreto.com.br","date":"9 de February de 2024","format":false,"excerpt":"O Instituto Nacional de Pesquisas do Seguro Social (INSS) confirmou recentemente o pagamento do seu 13\u00ba sal\u00e1rio para aposentados no segundo semestre de 2024. A informa\u00e7\u00e3o veio em meio a questionamentos de benefici\u00e1rios sobre a possibilidade de previs\u00e3o de pagamentos. \u00c9 semelhante ao que aconteceu em v\u00e1rios casos anteriores pelo\u2026","rel":"","context":"In &quot;Dinheiro e Investimento&quot;","block_context":{"text":"Dinheiro e Investimento","link":"https:\/\/noticiasribeiraopreto.com.br\/index.php\/category\/dinheiro-e-investimento-como-fazer-como-ganhar\/"},"img":{"alt_text":"","src":"https:\/\/i0.wp.com\/noticiasribeiraopreto.com.br\/wp-content\/uploads\/2024\/02\/13o-Salario-do.webp.png?fit=1200%2C630&ssl=1&resize=350%2C200","width":350,"height":200,"srcset":"https:\/\/i0.wp.com\/noticiasribeiraopreto.com.br\/wp-content\/uploads\/2024\/02\/13o-Salario-do.webp.png?fit=1200%2C630&ssl=1&resize=350%2C200 1x, https:\/\/i0.wp.com\/noticiasribeiraopreto.com.br\/wp-content\/uploads\/2024\/02\/13o-Salario-do.webp.png?fit=1200%2C630&ssl=1&resize=525%2C300 1.5x, https:\/\/i0.wp.com\/noticiasribeiraopreto.com.br\/wp-content\/uploads\/2024\/02\/13o-Salario-do.webp.png?fit=1200%2C630&ssl=1&resize=700%2C400 2x, https:\/\/i0.wp.com\/noticiasribeiraopreto.com.br\/wp-content\/uploads\/2024\/02\/13o-Salario-do.webp.png?fit=1200%2C630&ssl=1&resize=1050%2C600 3x"},"classes":[]},{"id":75924,"url":"https:\/\/noticiasribeiraopreto.com.br\/index.php\/2025\/08\/18\/prova-de-vida-ja-foi-feita-por-90-dos-beneficiarios-do-inss\/","url_meta":{"origin":42254,"position":2},"title":"Prova de Vida j\u00e1 foi feita por 90% dos benefici\u00e1rios do INSS","author":"noticiasribeiraopreto.com.br","date":"18 de August de 2025","format":false,"excerpt":"18 de agosto de 2025 16:318 Compartilhar0 O governo federal calcula que, em 2025, mais de 30,5 milh\u00f5es de benefici\u00e1rios do Instituto Nacional do Seguro Social (INSS) validaram a prova de vida, procedimento anual que garante a continuidade dos repasses previdenci\u00e1rios. O n\u00famero corresponde a 90% dos que precisam fazer\u2026","rel":"","context":"In &quot;Not\u00edcias de Ribeir\u00e3o Preto-SP e Regi\u00e3o&quot;","block_context":{"text":"Not\u00edcias de Ribeir\u00e3o Preto-SP e Regi\u00e3o","link":"https:\/\/noticiasribeiraopreto.com.br\/index.php\/category\/noticias-de-ribeirao-preto-sp-e-regiao-ismael-colosi\/"},"img":{"alt_text":"","src":"https:\/\/i0.wp.com\/noticiasribeiraopreto.com.br\/wp-content\/uploads\/2025\/08\/fotos-tribunasite.jpg?fit=800%2C500&ssl=1&resize=350%2C200","width":350,"height":200,"srcset":"https:\/\/i0.wp.com\/noticiasribeiraopreto.com.br\/wp-content\/uploads\/2025\/08\/fotos-tribunasite.jpg?fit=800%2C500&ssl=1&resize=350%2C200 1x, https:\/\/i0.wp.com\/noticiasribeiraopreto.com.br\/wp-content\/uploads\/2025\/08\/fotos-tribunasite.jpg?fit=800%2C500&ssl=1&resize=525%2C300 1.5x, https:\/\/i0.wp.com\/noticiasribeiraopreto.com.br\/wp-content\/uploads\/2025\/08\/fotos-tribunasite.jpg?fit=800%2C500&ssl=1&resize=700%2C400 2x"},"classes":[]},{"id":83260,"url":"https:\/\/noticiasribeiraopreto.com.br\/index.php\/2026\/03\/14\/inss-vai-pagar-13o-antecipado-veja-datas-previstas-e-quem-tem-direito\/","url_meta":{"origin":42254,"position":3},"title":"INSS vai pagar 13\u00ba antecipado? Veja datas previstas e quem tem direito","author":"noticiasribeiraopreto.com.br","date":"14 de March de 2026","format":false,"excerpt":"O pagamento antecipado do 13\u00ba sal\u00e1rio para aposentados e pensionistas do Instituto Nacional do Seguro Social (INSS) deve ocorrer novamente em 2026. A expectativa do Minist\u00e9rio da Previd\u00eancia Social (MPS) indica que o governo pode liberar as parcelas j\u00e1 no primeiro semestre, seguindo o modelo adotado nos \u00faltimos anos. O\u2026","rel":"","context":"In &quot;Not\u00edcias de Ribeir\u00e3o Preto-SP e Regi\u00e3o&quot;","block_context":{"text":"Not\u00edcias de Ribeir\u00e3o Preto-SP e Regi\u00e3o","link":"https:\/\/noticiasribeiraopreto.com.br\/index.php\/category\/noticias-de-ribeirao-preto-sp-e-regiao-ismael-colosi\/"},"img":{"alt_text":"","src":"https:\/\/i0.wp.com\/noticiasribeiraopreto.com.br\/wp-content\/uploads\/2025\/07\/MEU-INSS_2025-05-13_11-36-54.webp.webp?fit=1200%2C716&ssl=1&resize=350%2C200","width":350,"height":200,"srcset":"https:\/\/i0.wp.com\/noticiasribeiraopreto.com.br\/wp-content\/uploads\/2025\/07\/MEU-INSS_2025-05-13_11-36-54.webp.webp?fit=1200%2C716&ssl=1&resize=350%2C200 1x, https:\/\/i0.wp.com\/noticiasribeiraopreto.com.br\/wp-content\/uploads\/2025\/07\/MEU-INSS_2025-05-13_11-36-54.webp.webp?fit=1200%2C716&ssl=1&resize=525%2C300 1.5x, https:\/\/i0.wp.com\/noticiasribeiraopreto.com.br\/wp-content\/uploads\/2025\/07\/MEU-INSS_2025-05-13_11-36-54.webp.webp?fit=1200%2C716&ssl=1&resize=700%2C400 2x, https:\/\/i0.wp.com\/noticiasribeiraopreto.com.br\/wp-content\/uploads\/2025\/07\/MEU-INSS_2025-05-13_11-36-54.webp.webp?fit=1200%2C716&ssl=1&resize=1050%2C600 3x"},"classes":[]},{"id":55238,"url":"https:\/\/noticiasribeiraopreto.com.br\/index.php\/2024\/07\/30\/beneficios-do-inss-passam-por-pente-fino-pelo-governo-federal\/","url_meta":{"origin":42254,"position":4},"title":"Benef\u00edcios do INSS passam por \u2018pente-fino\u2019 pelo Governo Federal","author":"noticiasribeiraopreto.com.br","date":"30 de July de 2024","format":false,"excerpt":"O Governo Federal far\u00e1, em agosto, o \u201cpente-fino dos benef\u00edcios do INSS\u201d que visa distribuir os recursos p\u00fablicos de forma justa e detectar poss\u00edveis fraudes. Essa ser\u00e1 a primeira auditoria desde 2019. Com foco em benef\u00edcios tempor\u00e1rios, como aux\u00edlio-doen\u00e7a e benef\u00edcio assistencial, o processo de revis\u00e3o deve impactar cerca de\u2026","rel":"","context":"In &quot;Not\u00edcias de Ribeir\u00e3o Preto-SP e Regi\u00e3o&quot;","block_context":{"text":"Not\u00edcias de Ribeir\u00e3o Preto-SP e Regi\u00e3o","link":"https:\/\/noticiasribeiraopreto.com.br\/index.php\/category\/noticias-de-ribeirao-preto-sp-e-regiao-ismael-colosi\/"},"img":{"alt_text":"","src":"https:\/\/i0.wp.com\/noticiasribeiraopreto.com.br\/wp-content\/uploads\/2024\/07\/Copia-de-Copia-de-TAMANHO-EXATO-PARA-FOTOS-NO-SISTEMA-NOVO-15_2024-07-30_23-19-42_jpg_2024-07-30_23-19-43.webp.webp?fit=1200%2C675&ssl=1&resize=350%2C200","width":350,"height":200,"srcset":"https:\/\/i0.wp.com\/noticiasribeiraopreto.com.br\/wp-content\/uploads\/2024\/07\/Copia-de-Copia-de-TAMANHO-EXATO-PARA-FOTOS-NO-SISTEMA-NOVO-15_2024-07-30_23-19-42_jpg_2024-07-30_23-19-43.webp.webp?fit=1200%2C675&ssl=1&resize=350%2C200 1x, https:\/\/i0.wp.com\/noticiasribeiraopreto.com.br\/wp-content\/uploads\/2024\/07\/Copia-de-Copia-de-TAMANHO-EXATO-PARA-FOTOS-NO-SISTEMA-NOVO-15_2024-07-30_23-19-42_jpg_2024-07-30_23-19-43.webp.webp?fit=1200%2C675&ssl=1&resize=525%2C300 1.5x, https:\/\/i0.wp.com\/noticiasribeiraopreto.com.br\/wp-content\/uploads\/2024\/07\/Copia-de-Copia-de-TAMANHO-EXATO-PARA-FOTOS-NO-SISTEMA-NOVO-15_2024-07-30_23-19-42_jpg_2024-07-30_23-19-43.webp.webp?fit=1200%2C675&ssl=1&resize=700%2C400 2x, https:\/\/i0.wp.com\/noticiasribeiraopreto.com.br\/wp-content\/uploads\/2024\/07\/Copia-de-Copia-de-TAMANHO-EXATO-PARA-FOTOS-NO-SISTEMA-NOVO-15_2024-07-30_23-19-42_jpg_2024-07-30_23-19-43.webp.webp?fit=1200%2C675&ssl=1&resize=1050%2C600 3x"},"classes":[]},{"id":64039,"url":"https:\/\/noticiasribeiraopreto.com.br\/index.php\/2025\/02\/28\/beneficios-em-acao-inss-antecipara-pagamento-de-aposentadorias-e-pensoes-para-marco\/","url_meta":{"origin":42254,"position":5},"title":"Benef\u00edcios em A\u00e7\u00e3o: INSS Antecipar\u00e1 Pagamento de Aposentadorias e Pens\u00f5es para Mar\u00e7o","author":"noticiasribeiraopreto.com.br","date":"28 de February de 2025","format":false,"excerpt":"Em uma decis\u00e3o que vem atender \u00e0s necessidades dos aposentados e pensionistas, o Instituto Nacional do Seguro Social (INSS) anunciou a antecipa\u00e7\u00e3o do pagamento dos benef\u00edcios relativos ao m\u00eas de mar\u00e7o. A medida, que busca oferecer maior al\u00edvio financeiro aos benefici\u00e1rios, faz parte de uma estrat\u00e9gia mais ampla para modernizar\u2026","rel":"","context":"In &quot;Not\u00edcias de Ribeir\u00e3o Preto-SP e Regi\u00e3o&quot;","block_context":{"text":"Not\u00edcias de Ribeir\u00e3o Preto-SP e Regi\u00e3o","link":"https:\/\/noticiasribeiraopreto.com.br\/index.php\/category\/noticias-de-ribeirao-preto-sp-e-regiao-ismael-colosi\/"},"img":{"alt_text":"","src":"https:\/\/i0.wp.com\/noticiasribeiraopreto.com.br\/wp-content\/uploads\/2025\/02\/0d9a5829.webp.webp?fit=1170%2C700&ssl=1&resize=350%2C200","width":350,"height":200,"srcset":"https:\/\/i0.wp.com\/noticiasribeiraopreto.com.br\/wp-content\/uploads\/2025\/02\/0d9a5829.webp.webp?fit=1170%2C700&ssl=1&resize=350%2C200 1x, https:\/\/i0.wp.com\/noticiasribeiraopreto.com.br\/wp-content\/uploads\/2025\/02\/0d9a5829.webp.webp?fit=1170%2C700&ssl=1&resize=525%2C300 1.5x, https:\/\/i0.wp.com\/noticiasribeiraopreto.com.br\/wp-content\/uploads\/2025\/02\/0d9a5829.webp.webp?fit=1170%2C700&ssl=1&resize=700%2C400 2x, https:\/\/i0.wp.com\/noticiasribeiraopreto.com.br\/wp-content\/uploads\/2025\/02\/0d9a5829.webp.webp?fit=1170%2C700&ssl=1&resize=1050%2C600 3x"},"classes":[]}],"jetpack_sharing_enabled":true,"jetpack_shortlink":"https:\/\/wp.me\/peQAOb-aZw","_links":{"self":[{"href":"https:\/\/noticiasribeiraopreto.com.br\/index.php\/wp-json\/wp\/v2\/posts\/42254","targetHints":{"allow":["GET"]}}],"collection":[{"href":"https:\/\/noticiasribeiraopreto.com.br\/index.php\/wp-json\/wp\/v2\/posts"}],"about":[{"href":"https:\/\/noticiasribeiraopreto.com.br\/index.php\/wp-json\/wp\/v2\/types\/post"}],"author":[{"embeddable":true,"href":"https:\/\/noticiasribeiraopreto.com.br\/index.php\/wp-json\/wp\/v2\/users\/1"}],"replies":[{"embeddable":true,"href":"https:\/\/noticiasribeiraopreto.com.br\/index.php\/wp-json\/wp\/v2\/comments?post=42254"}],"version-history":[{"count":0,"href":"https:\/\/noticiasribeiraopreto.com.br\/index.php\/wp-json\/wp\/v2\/posts\/42254\/revisions"}],"wp:featuredmedia":[{"embeddable":true,"href":"https:\/\/noticiasribeiraopreto.com.br\/index.php\/wp-json\/wp\/v2\/media\/42255"}],"wp:attachment":[{"href":"https:\/\/noticiasribeiraopreto.com.br\/index.php\/wp-json\/wp\/v2\/media?parent=42254"}],"wp:term":[{"taxonomy":"category","embeddable":true,"href":"https:\/\/noticiasribeiraopreto.com.br\/index.php\/wp-json\/wp\/v2\/categories?post=42254"},{"taxonomy":"post_tag","embeddable":true,"href":"https:\/\/noticiasribeiraopreto.com.br\/index.php\/wp-json\/wp\/v2\/tags?post=42254"}],"curies":[{"name":"wp","href":"https:\/\/api.w.org\/{rel}","templated":true}]}}