{"id":42269,"date":"2024-03-13T16:28:29","date_gmt":"2024-03-13T19:28:29","guid":{"rendered":"https:\/\/noticiasribeiraopreto.com.br\/index.php\/2024\/03\/13\/casos-de-covid-19-crescem-em-asilos\/"},"modified":"2024-03-13T16:28:29","modified_gmt":"2024-03-13T19:28:29","slug":"casos-de-covid-19-crescem-em-asilos","status":"publish","type":"post","link":"https:\/\/noticiasribeiraopreto.com.br\/index.php\/2024\/03\/13\/casos-de-covid-19-crescem-em-asilos\/","title":{"rendered":"Casos de covid-19 crescem em asilos"},"content":{"rendered":"<div class='code-block code-block-1' style='margin: 8px 0 8px auto; text-align: right; display: block; clear: both;'>\n<p><a href=\"https:\/\/wa.link\/vpicfd\"><img data-recalc-dims=\"1\" class=\"wp-image-4922\" style=\"aspect-ratio: 2.0253164556962027; width: 561px; height: auto;\" src=\"https:\/\/i0.wp.com\/ismaelcolosi.com.br\/wp-content\/uploads\/2023\/11\/grupo-de-empregos-whatsapp-e-facebook-ismael-colosi-vagas.jpg?ssl=1\" alt=\"\" \/><\/a><\/p>\n<!-- \/wp:image -->\n<\/div>\n<p> <br \/>\n<\/p>\n<div id=\"post-377212\">\n<header class=\"entry-header penci-entry-header penci-title-center\">\n<p> <span class=\"entry-meta-item penci-posted-on\"><i class=\"fa fa-clock-o\"\/><time class=\"entry-date published\" datetime=\"2024-03-13T16:00:49-03:00\">13 de mar\u00e7o de 2024 | 16:00<\/time><time class=\"updated\" datetime=\"2024-03-13T10:43:15-03:00\">13 de mar\u00e7o de 2024 | 10:43<\/time><\/span><\/p>\n<p> <span class=\"penci-social-buttons penci-social-share-footer\"><a href=\"#\" class=\"penci-post-like penci_post-meta_item  single-like-button penci-social-item like\" data-post_id=\"377212\" title=\"Like\" data-like=\"Like\" data-unlike=\"Unlike\"><i class=\"fa fa-thumbs-o-up\"\/><span class=\"penci-share-number\">0<\/span><\/a><i class=\"fa fa-facebook\"\/><a class=\"penci-social-item twitter\" target=\"_blank\" rel=\"noopener\" title=\"\" href=\"https:\/\/twitter.com\/intent\/tweet?text=Casos%20de%20covid-19%20crescem%20em%20asilos%20-%20https:\/\/www.tribunaribeirao.com.br\/site\/casos-de-covid-19-crescem-em-asilos\/\"><i class=\"fa fa-twitter\"\/><\/a><i class=\"fa fa-whatsapp\"\/><\/span><\/header>\n<div class=\"penci-entry-content entry-content\">\n<p><span class=\"TextRun SCXW257488505 BCX0\" lang=\"PT-BR\" xml:lang=\"PT-BR\" data-contrast=\"auto\"><span class=\"NormalTextRun SCXW257488505 BCX0\">A Divis\u00e3o de Vigil\u00e2ncia Epidemiol\u00f3gica (DVE) da Secretaria Municipal da Sa\u00fade emitiu, nesta ter\u00e7a-feira, 12 de mar\u00e7o, um comunicado \u00e0s Institui\u00e7\u00f5es de Longa Perman\u00eancia de Idosos (ILPI) de Ribeir\u00e3o Preto sobre o aumento dos casos de <\/span><span class=\"NormalTextRun SCXW257488505 BCX0\">covid<\/span><span class=\"NormalTextRun SCXW257488505 BCX0\">-19 nestes locais. O Lar Padre Euclides<\/span> <span class=\"NormalTextRun SCXW257488505 BCX0\">j\u00e1 <\/span><span class=\"NormalTextRun SCXW257488505 BCX0\">retom<\/span><span class=\"NormalTextRun SCXW257488505 BCX0\">ou<\/span><span class=\"NormalTextRun SCXW257488505 BCX0\"> o uso obrigat\u00f3rio de m\u00e1scaras para todos os colaboradores e visitantes.<\/span><\/span><span class=\"LineBreakBlob BlobObject DragDrop SCXW257488505 BCX0\"><span class=\"SCXW257488505 BCX0\">\u00a0<\/span><br class=\"SCXW257488505 BCX0\"\/><\/span><span class=\"LineBreakBlob BlobObject DragDrop SCXW257488505 BCX0\"><span class=\"SCXW257488505 BCX0\">\u00a0<\/span><br class=\"SCXW257488505 BCX0\"\/><\/span><span class=\"TextRun SCXW257488505 BCX0\" lang=\"PT-BR\" xml:lang=\"PT-BR\" data-contrast=\"auto\"><span class=\"NormalTextRun SCXW257488505 BCX0\">\u201c<\/span><span class=\"NormalTextRun SCXW257488505 BCX0\">Nas \u00faltimas semanas temos notado um aumento crescente de casos confirmados da <\/span><span class=\"NormalTextRun SCXW257488505 BCX0\">covid<\/span><span class=\"NormalTextRun SCXW257488505 BCX0\">-19, na positividade dos testes realizados para detec\u00e7\u00e3o de <\/span><span class=\"NormalTextRun SCXW257488505 BCX0\">S<\/span><span class=\"NormalTextRun SCXW257488505 BCX0\">ars<\/span><span class=\"NormalTextRun SCXW257488505 BCX0\">-CoV<\/span><span class=\"NormalTextRun SCXW257488505 BCX0\">-2 e a ocorr\u00eancia de surtos de <\/span><span class=\"NormalTextRun SCXW257488505 BCX0\">covid<\/span><span class=\"NormalTextRun SCXW257488505 BCX0\">-19 em ILPI<\/span><span class=\"NormalTextRun SCXW257488505 BCX0\">,<\/span><span class=\"NormalTextRun SCXW257488505 BCX0\"> acometendo profissionais de sa\u00fade e residentes<\/span> <span class=\"NormalTextRun SCXW257488505 BCX0\">no munic\u00edpio de Ribeir\u00e3o Preto<\/span><span class=\"NormalTextRun SCXW257488505 BCX0\">, <\/span><span class=\"NormalTextRun SCXW257488505 BCX0\">indicando aumento na circula\u00e7\u00e3o do v\u00edrus<\/span><span class=\"NormalTextRun SCXW257488505 BCX0\">\u201d, diz o alerta<\/span><span class=\"NormalTextRun SCXW257488505 BCX0\">. <\/span><\/span><span class=\"LineBreakBlob BlobObject DragDrop SCXW257488505 BCX0\"><span class=\"SCXW257488505 BCX0\">\u00a0<\/span><br class=\"SCXW257488505 BCX0\"\/><\/span><span class=\"LineBreakBlob BlobObject DragDrop SCXW257488505 BCX0\"><span class=\"SCXW257488505 BCX0\">\u00a0<\/span><br class=\"SCXW257488505 BCX0\"\/><\/span><span class=\"TextRun SCXW257488505 BCX0\" lang=\"PT-BR\" xml:lang=\"PT-BR\" data-contrast=\"auto\"><span class=\"NormalTextRun SCXW257488505 BCX0\">Por causa disso, a DVE recomenda aos asilos que <\/span><span class=\"NormalTextRun SCXW257488505 BCX0\">identifi<\/span><span class=\"NormalTextRun SCXW257488505 BCX0\">quem <\/span><span class=\"NormalTextRun SCXW257488505 BCX0\">poss\u00edveis atrasos vacinais entre os residentes e os trabalhadores de sa\u00fade <\/span><span class=\"NormalTextRun SCXW257488505 BCX0\">para <\/span><span class=\"NormalTextRun SCXW257488505 BCX0\">atualizar o esquema<\/span><span class=\"NormalTextRun SCXW257488505 BCX0\">.<\/span> <span class=\"NormalTextRun SCXW257488505 BCX0\">Identificar oportunamente casos suspeitos da doen\u00e7a<\/span><span class=\"NormalTextRun SCXW257488505 BCX0\"> e <\/span><span class=\"NormalTextRun SCXW257488505 BCX0\">isolar os residentes<\/span><span class=\"NormalTextRun SCXW257488505 BCX0\">, al\u00e9m de <\/span><span class=\"NormalTextRun SCXW257488505 BCX0\">afastar os trabalhadores<\/span> <span class=\"NormalTextRun SCXW257488505 BCX0\">e orientar avalia\u00e7\u00e3o<\/span> <span class=\"NormalTextRun SCXW257488505 BCX0\">m\u00e9dica quando observar quadros respirat\u00f3rios<\/span><span class=\"NormalTextRun SCXW257488505 BCX0\">.<\/span><\/span><span class=\"LineBreakBlob BlobObject DragDrop SCXW257488505 BCX0\"><span class=\"SCXW257488505 BCX0\">\u00a0<\/span><br class=\"SCXW257488505 BCX0\"\/><\/span><span class=\"LineBreakBlob BlobObject DragDrop SCXW257488505 BCX0\"><span class=\"SCXW257488505 BCX0\">\u00a0<\/span><br class=\"SCXW257488505 BCX0\"\/><\/span><span class=\"TextRun SCXW257488505 BCX0\" lang=\"PT-BR\" xml:lang=\"PT-BR\" data-contrast=\"auto\"><span class=\"NormalTextRun SCXW257488505 BCX0\">Sobre as visitas, diz que \u00e9 <\/span><span class=\"NormalTextRun SCXW257488505 BCX0\">recomend\u00e1vel n\u00e3o permitir a entrada de visitantes que apresentem quadro com sintomas respirat\u00f3rios<\/span><span class=\"NormalTextRun SCXW257488505 BCX0\">. O u<\/span><span class=\"NormalTextRun SCXW257488505 BCX0\">so de <\/span><span class=\"NormalTextRun SCXW257488505 BCX0\">m<\/span><span class=\"NormalTextRun SCXW257488505 BCX0\">\u00e1scara<\/span><span class=\"NormalTextRun SCXW257488505 BCX0\"> deve ser o<\/span><span class=\"NormalTextRun SCXW257488505 BCX0\">brigat\u00f3rio <\/span><span class=\"NormalTextRun SCXW257488505 BCX0\">para <\/span><span class=\"NormalTextRun SCXW257488505 BCX0\">funcion\u00e1rios e visitantes<\/span><span class=\"NormalTextRun SCXW257488505 BCX0\">. Se houver <\/span><span class=\"NormalTextRun SCXW257488505 BCX0\">casos de <\/span><span class=\"NormalTextRun SCXW257488505 BCX0\">covid<\/span><span class=\"NormalTextRun SCXW257488505 BCX0\">-19 dentro das institui\u00e7\u00f5es<\/span><span class=\"NormalTextRun SCXW257488505 BCX0\">,<\/span><span class=\"NormalTextRun SCXW257488505 BCX0\"> recomenda-se avaliar a entrada de pessoas externas para visita e refor\u00e7ar o uso de m\u00e1scara pelos profissionais<\/span><span class=\"NormalTextRun SCXW257488505 BCX0\">.<\/span><\/span><span class=\"LineBreakBlob BlobObject DragDrop SCXW257488505 BCX0\"><span class=\"SCXW257488505 BCX0\">\u00a0<\/span><br class=\"SCXW257488505 BCX0\"\/><\/span><span class=\"LineBreakBlob BlobObject DragDrop SCXW257488505 BCX0\"><span class=\"SCXW257488505 BCX0\">\u00a0<\/span><br class=\"SCXW257488505 BCX0\"\/><\/span><span class=\"TextRun SCXW257488505 BCX0\" lang=\"PT-BR\" xml:lang=\"PT-BR\" data-contrast=\"auto\"><span class=\"NormalTextRun SCXW257488505 BCX0\">Pede ainda que notifiquem <\/span><span class=\"NormalTextRun SCXW257488505 BCX0\">a <\/span><span class=\"NormalTextRun SCXW257488505 BCX0\">V<\/span><span class=\"NormalTextRun SCXW257488505 BCX0\">igil\u00e2ncia <\/span><span class=\"NormalTextRun SCXW257488505 BCX0\">E<\/span><span class=\"NormalTextRun SCXW257488505 BCX0\">pidemiol\u00f3gica quando identificar um caso suspeito de <\/span><span class=\"NormalTextRun SCXW257488505 BCX0\">covid<\/span><span class=\"NormalTextRun SCXW257488505 BCX0\">-19 para acompanhamento e <\/span><span class=\"NormalTextRun SCXW257488505 BCX0\">testagem<\/span><span class=\"NormalTextRun SCXW257488505 BCX0\"> quando indicado. <\/span><span class=\"NormalTextRun SCXW257488505 BCX0\">\u201c<\/span><span class=\"NormalTextRun SCXW257488505 BCX0\">Com o objetivo de garantir a seguran\u00e7a da popula\u00e7\u00e3o vulner\u00e1vel para esta doen\u00e7a<\/span><span class=\"NormalTextRun SCXW257488505 BCX0\">,<\/span><span class=\"NormalTextRun SCXW257488505 BCX0\"> as institui\u00e7\u00f5es e as fam\u00edlias dever\u00e3o manter canais de comunica\u00e7\u00e3o abertos<\/span><span class=\"NormalTextRun SCXW257488505 BCX0\">\u201d, emenda<\/span><span class=\"NormalTextRun SCXW257488505 BCX0\">. <\/span><\/span><span class=\"LineBreakBlob BlobObject DragDrop SCXW257488505 BCX0\"><span class=\"SCXW257488505 BCX0\">\u00a0<\/span><br class=\"SCXW257488505 BCX0\"\/><\/span><span class=\"LineBreakBlob BlobObject DragDrop SCXW257488505 BCX0\"><span class=\"SCXW257488505 BCX0\">\u00a0<\/span><br class=\"SCXW257488505 BCX0\"\/><\/span><\/p>\n<\/div>\n<footer class=\"penci-entry-footer\"\/><\/div>\n<p><script async src=\"\/\/platform.twitter.com\/widgets.js\" charset=\"utf-8\"><\/script><br \/>\n<br \/><br \/>\n<br \/><a href=\"https:\/\/www.tribunaribeirao.com.br\/site\/casos-de-covid-19-crescem-em-asilos\/\">Source link <\/a><\/p>\n<!-- CONTENT END 1 -->\n","protected":false},"excerpt":{"rendered":"<p>13 de mar\u00e7o de 2024 | 16:0013 de mar\u00e7o de 2024 | 10:43 0 A Divis\u00e3o de Vigil\u00e2ncia Epidemiol\u00f3gica (DVE) da Secretaria Municipal da Sa\u00fade&#8230;<\/p>\n","protected":false},"author":1,"featured_media":42270,"comment_status":"open","ping_status":"open","sticky":false,"template":"","format":"standard","meta":{"advanced_seo_description":"","jetpack_seo_html_title":"","jetpack_seo_noindex":false,"jetpack_post_was_ever_published":false,"_jetpack_newsletter_access":"","_jetpack_dont_email_post_to_subs":false,"_jetpack_newsletter_tier_id":0,"_jetpack_memberships_contains_paywalled_content":false,"_jetpack_memberships_contains_paid_content":false,"footnotes":"","jetpack_publicize_message":"","jetpack_publicize_feature_enabled":true,"jetpack_social_post_already_shared":true,"jetpack_social_options":{"image_generator_settings":{"template":"highway","default_image_id":0,"font":"","enabled":false},"version":2}},"categories":[11],"tags":[4988,996,1947,1375],"class_list":["post-42269","post","type-post","status-publish","format-standard","has-post-thumbnail","hentry","category-noticias-de-ribeirao-preto-sp-e-regiao-ismael-colosi","tag-asilos","tag-casos","tag-covid19","tag-crescem"],"jetpack_publicize_connections":[],"jetpack_featured_media_url":"https:\/\/i0.wp.com\/noticiasribeiraopreto.com.br\/wp-content\/uploads\/2024\/03\/AsiloCOV-JF-Pimenta-Arquivo-scaled.jpg?fit=967%2C645&ssl=1","jetpack-related-posts":[{"id":73887,"url":"https:\/\/noticiasribeiraopreto.com.br\/index.php\/2025\/07\/11\/licitacao-para-criar-vagas-em-asilos-nao-tem-interessado\/","url_meta":{"origin":42269,"position":0},"title":"Licita\u00e7\u00e3o para criar vagas em asilos n\u00e3o tem interessado","author":"noticiasribeiraopreto.com.br","date":"11 de July de 2025","format":false,"excerpt":"11 de julho de 2025 16:0810 Compartilhar0 Os 96 idosos cadastrados na Secretaria Municipal de Assist\u00eancia Social (Semas) que aguardam vagas em Institui\u00e7\u00e3o de Longa Perman\u00eancia, os conhecidos asilos ainda ter\u00e3o que esperar mais tempo para conseguirem uma vaga. Isso porque, o Chamamento P\u00fablico aberto pela Secretaria Municipal de Assist\u00eancia\u2026","rel":"","context":"In &quot;Not\u00edcias de Ribeir\u00e3o Preto-SP e Regi\u00e3o&quot;","block_context":{"text":"Not\u00edcias de Ribeir\u00e3o Preto-SP e Regi\u00e3o","link":"https:\/\/noticiasribeiraopreto.com.br\/index.php\/category\/noticias-de-ribeirao-preto-sp-e-regiao-ismael-colosi\/"},"img":{"alt_text":"","src":"https:\/\/i0.wp.com\/noticiasribeiraopreto.com.br\/wp-content\/uploads\/2025\/07\/1-CHAMADA-DE-CAPA-Foto-Alfredo-Risk.jpg?fit=1200%2C838&ssl=1&resize=350%2C200","width":350,"height":200,"srcset":"https:\/\/i0.wp.com\/noticiasribeiraopreto.com.br\/wp-content\/uploads\/2025\/07\/1-CHAMADA-DE-CAPA-Foto-Alfredo-Risk.jpg?fit=1200%2C838&ssl=1&resize=350%2C200 1x, https:\/\/i0.wp.com\/noticiasribeiraopreto.com.br\/wp-content\/uploads\/2025\/07\/1-CHAMADA-DE-CAPA-Foto-Alfredo-Risk.jpg?fit=1200%2C838&ssl=1&resize=525%2C300 1.5x, https:\/\/i0.wp.com\/noticiasribeiraopreto.com.br\/wp-content\/uploads\/2025\/07\/1-CHAMADA-DE-CAPA-Foto-Alfredo-Risk.jpg?fit=1200%2C838&ssl=1&resize=700%2C400 2x, https:\/\/i0.wp.com\/noticiasribeiraopreto.com.br\/wp-content\/uploads\/2025\/07\/1-CHAMADA-DE-CAPA-Foto-Alfredo-Risk.jpg?fit=1200%2C838&ssl=1&resize=1050%2C600 3x"},"classes":[]},{"id":69093,"url":"https:\/\/noticiasribeiraopreto.com.br\/index.php\/2025\/05\/02\/furtos-e-roubos-de-veiculos-crescem-em-rp\/","url_meta":{"origin":42269,"position":1},"title":"Furtos e roubos de ve\u00edculos crescem em RP","author":"noticiasribeiraopreto.com.br","date":"2 de May de 2025","format":false,"excerpt":"A Secretaria de Seguran\u00e7a P\u00fablica do Estado de S\u00e3o Paulo (SSP\/SP) divulgou os resultados das \u201cEstat\u00edsticas da Criminalidade\u201d. Em Ribeir\u00e3o Preto, furtos em geral e roubo de ve\u00edculos cresceram no primeiro trimestre em rela\u00e7\u00e3o ao mesmo per\u00edodo do ano passado. Roubos em geral e furtos de carros, motos e afins\u2026","rel":"","context":"In &quot;Not\u00edcias de Ribeir\u00e3o Preto-SP e Regi\u00e3o&quot;","block_context":{"text":"Not\u00edcias de Ribeir\u00e3o Preto-SP e Regi\u00e3o","link":"https:\/\/noticiasribeiraopreto.com.br\/index.php\/category\/noticias-de-ribeirao-preto-sp-e-regiao-ismael-colosi\/"},"img":{"alt_text":"","src":"https:\/\/i0.wp.com\/noticiasribeiraopreto.com.br\/wp-content\/uploads\/2025\/05\/CrimeRP-Pixabay-2-scaled.jpg?fit=750%2C500&ssl=1&resize=350%2C200","width":350,"height":200,"srcset":"https:\/\/i0.wp.com\/noticiasribeiraopreto.com.br\/wp-content\/uploads\/2025\/05\/CrimeRP-Pixabay-2-scaled.jpg?fit=750%2C500&ssl=1&resize=350%2C200 1x, https:\/\/i0.wp.com\/noticiasribeiraopreto.com.br\/wp-content\/uploads\/2025\/05\/CrimeRP-Pixabay-2-scaled.jpg?fit=750%2C500&ssl=1&resize=525%2C300 1.5x, https:\/\/i0.wp.com\/noticiasribeiraopreto.com.br\/wp-content\/uploads\/2025\/05\/CrimeRP-Pixabay-2-scaled.jpg?fit=750%2C500&ssl=1&resize=700%2C400 2x"},"classes":[]},{"id":76389,"url":"https:\/\/noticiasribeiraopreto.com.br\/index.php\/2025\/08\/28\/semas-estuda-como-criar-vagas-em-asilos\/","url_meta":{"origin":42269,"position":2},"title":"Semas estuda como criar vagas em asilos","author":"noticiasribeiraopreto.com.br","date":"28 de August de 2025","format":false,"excerpt":"28 de agosto de 2025 08:4528 de agosto de 2025 08:310 Compartilhar0 A Secretaria Municipal de Assist\u00eancia Social (Semas) informou nesta quarta-feira, 27 de agosto, que est\u00e1 em tratativas com a prefeitura de Ribeir\u00e3o Preto para definir como criar vagas em institui\u00e7\u00f5es de longa perman\u00eancia (ILP), os populares asilos, para\u2026","rel":"","context":"In &quot;Not\u00edcias de Ribeir\u00e3o Preto-SP e Regi\u00e3o&quot;","block_context":{"text":"Not\u00edcias de Ribeir\u00e3o Preto-SP e Regi\u00e3o","link":"https:\/\/noticiasribeiraopreto.com.br\/index.php\/category\/noticias-de-ribeirao-preto-sp-e-regiao-ismael-colosi\/"},"img":{"alt_text":"","src":"https:\/\/i0.wp.com\/noticiasribeiraopreto.com.br\/wp-content\/uploads\/2025\/08\/Asilo-Alfredo-Risk-Arquivo-scaled.jpg?fit=1170%2C780&ssl=1&resize=350%2C200","width":350,"height":200,"srcset":"https:\/\/i0.wp.com\/noticiasribeiraopreto.com.br\/wp-content\/uploads\/2025\/08\/Asilo-Alfredo-Risk-Arquivo-scaled.jpg?fit=1170%2C780&ssl=1&resize=350%2C200 1x, https:\/\/i0.wp.com\/noticiasribeiraopreto.com.br\/wp-content\/uploads\/2025\/08\/Asilo-Alfredo-Risk-Arquivo-scaled.jpg?fit=1170%2C780&ssl=1&resize=525%2C300 1.5x, https:\/\/i0.wp.com\/noticiasribeiraopreto.com.br\/wp-content\/uploads\/2025\/08\/Asilo-Alfredo-Risk-Arquivo-scaled.jpg?fit=1170%2C780&ssl=1&resize=700%2C400 2x, https:\/\/i0.wp.com\/noticiasribeiraopreto.com.br\/wp-content\/uploads\/2025\/08\/Asilo-Alfredo-Risk-Arquivo-scaled.jpg?fit=1170%2C780&ssl=1&resize=1050%2C600 3x"},"classes":[]},{"id":72536,"url":"https:\/\/noticiasribeiraopreto.com.br\/index.php\/2025\/06\/18\/fim-do-prazo-para-desativacao-de-asilos\/","url_meta":{"origin":42269,"position":3},"title":"Fim do prazo para desativa\u00e7\u00e3o de \u2018asilos\u2019","author":"noticiasribeiraopreto.com.br","date":"18 de June de 2025","format":false,"excerpt":"18 de junho de 2025 10:020 Compartilhar0 Terminou na sexta-feira, 13 de junho, o prazo de 30 dias estipulado pela Justi\u00e7a de Ribeir\u00e3o Preto, por meio da Vara do Idoso, para que a propriet\u00e1ria de tr\u00eas casas de repouso fa\u00e7a a remo\u00e7\u00e3o de todos os acolhidos para suas respectivas fam\u00edlias\u2026","rel":"","context":"In &quot;Not\u00edcias de Ribeir\u00e3o Preto-SP e Regi\u00e3o&quot;","block_context":{"text":"Not\u00edcias de Ribeir\u00e3o Preto-SP e Regi\u00e3o","link":"https:\/\/noticiasribeiraopreto.com.br\/index.php\/category\/noticias-de-ribeirao-preto-sp-e-regiao-ismael-colosi\/"},"img":{"alt_text":"","src":"https:\/\/i0.wp.com\/noticiasribeiraopreto.com.br\/wp-content\/uploads\/2025\/06\/Asilos-Alfredo-Risk-scaled.jpg?fit=750%2C500&ssl=1&resize=350%2C200","width":350,"height":200,"srcset":"https:\/\/i0.wp.com\/noticiasribeiraopreto.com.br\/wp-content\/uploads\/2025\/06\/Asilos-Alfredo-Risk-scaled.jpg?fit=750%2C500&ssl=1&resize=350%2C200 1x, https:\/\/i0.wp.com\/noticiasribeiraopreto.com.br\/wp-content\/uploads\/2025\/06\/Asilos-Alfredo-Risk-scaled.jpg?fit=750%2C500&ssl=1&resize=525%2C300 1.5x, https:\/\/i0.wp.com\/noticiasribeiraopreto.com.br\/wp-content\/uploads\/2025\/06\/Asilos-Alfredo-Risk-scaled.jpg?fit=750%2C500&ssl=1&resize=700%2C400 2x"},"classes":[]},{"id":57651,"url":"https:\/\/noticiasribeiraopreto.com.br\/index.php\/2024\/09\/06\/censo-2022-revela-realidade-de-idosos-e-criancas-em-instituicoes-no-brasil\/","url_meta":{"origin":42269,"position":4},"title":"Censo 2022 Revela Realidade de Idosos e Crian\u00e7as em Institui\u00e7\u00f5es no Brasil","author":"noticiasribeiraopreto.com.br","date":"6 de September de 2024","format":false,"excerpt":"O Censo 2022, divulgado pelo Instituto Brasileiro de Geografia e Estat\u00edstica (IBGE), revelou dados preocupantes sobre a popula\u00e7\u00e3o brasileira vivendo em institui\u00e7\u00f5es. Segundo o levantamento, 160.784 pessoas residem em asilos ou institui\u00e7\u00f5es de longa perman\u00eancia para idosos, representando 0,5% da popula\u00e7\u00e3o com mais de 60 anos no pa\u00eds. A maior\u2026","rel":"","context":"In &quot;Not\u00edcias de Ribeir\u00e3o Preto-SP e Regi\u00e3o&quot;","block_context":{"text":"Not\u00edcias de Ribeir\u00e3o Preto-SP e Regi\u00e3o","link":"https:\/\/noticiasribeiraopreto.com.br\/index.php\/category\/noticias-de-ribeirao-preto-sp-e-regiao-ismael-colosi\/"},"img":{"alt_text":"","src":"","width":0,"height":0},"classes":[]},{"id":68431,"url":"https:\/\/noticiasribeiraopreto.com.br\/index.php\/2025\/04\/25\/vendas-do-comercio-de-rp-crescem-1-em-marco\/","url_meta":{"origin":42269,"position":5},"title":"Vendas do com\u00e9rcio de RP crescem 1% em mar\u00e7o","author":"noticiasribeiraopreto.com.br","date":"25 de April de 2025","format":false,"excerpt":"25 de abril de 2025 11:200 Compartilhar0 As vendas do Com\u00e9rcio Varejista de Ribeir\u00e3o Preto tiveram t\u00edmido crescimento de 1% em mar\u00e7o de 2025, com vi\u00e9s de estabilidade, na compara\u00e7\u00e3o com o mesmo per\u00edodo do ano anterior quando foi registrada alta de 1,5% em rela\u00e7\u00e3o a 2023. \u00c9 o que\u2026","rel":"","context":"In &quot;Not\u00edcias de Ribeir\u00e3o Preto-SP e Regi\u00e3o&quot;","block_context":{"text":"Not\u00edcias de Ribeir\u00e3o Preto-SP e Regi\u00e3o","link":"https:\/\/noticiasribeiraopreto.com.br\/index.php\/category\/noticias-de-ribeirao-preto-sp-e-regiao-ismael-colosi\/"},"img":{"alt_text":"","src":"https:\/\/i0.wp.com\/noticiasribeiraopreto.com.br\/wp-content\/uploads\/2025\/04\/1_centro_calcadao_pessoas_-_foto_guilherme_sircili_35.jpg?fit=1200%2C799&ssl=1&resize=350%2C200","width":350,"height":200,"srcset":"https:\/\/i0.wp.com\/noticiasribeiraopreto.com.br\/wp-content\/uploads\/2025\/04\/1_centro_calcadao_pessoas_-_foto_guilherme_sircili_35.jpg?fit=1200%2C799&ssl=1&resize=350%2C200 1x, https:\/\/i0.wp.com\/noticiasribeiraopreto.com.br\/wp-content\/uploads\/2025\/04\/1_centro_calcadao_pessoas_-_foto_guilherme_sircili_35.jpg?fit=1200%2C799&ssl=1&resize=525%2C300 1.5x, https:\/\/i0.wp.com\/noticiasribeiraopreto.com.br\/wp-content\/uploads\/2025\/04\/1_centro_calcadao_pessoas_-_foto_guilherme_sircili_35.jpg?fit=1200%2C799&ssl=1&resize=700%2C400 2x, https:\/\/i0.wp.com\/noticiasribeiraopreto.com.br\/wp-content\/uploads\/2025\/04\/1_centro_calcadao_pessoas_-_foto_guilherme_sircili_35.jpg?fit=1200%2C799&ssl=1&resize=1050%2C600 3x"},"classes":[]}],"jetpack_sharing_enabled":true,"jetpack_shortlink":"https:\/\/wp.me\/peQAOb-aZL","_links":{"self":[{"href":"https:\/\/noticiasribeiraopreto.com.br\/index.php\/wp-json\/wp\/v2\/posts\/42269","targetHints":{"allow":["GET"]}}],"collection":[{"href":"https:\/\/noticiasribeiraopreto.com.br\/index.php\/wp-json\/wp\/v2\/posts"}],"about":[{"href":"https:\/\/noticiasribeiraopreto.com.br\/index.php\/wp-json\/wp\/v2\/types\/post"}],"author":[{"embeddable":true,"href":"https:\/\/noticiasribeiraopreto.com.br\/index.php\/wp-json\/wp\/v2\/users\/1"}],"replies":[{"embeddable":true,"href":"https:\/\/noticiasribeiraopreto.com.br\/index.php\/wp-json\/wp\/v2\/comments?post=42269"}],"version-history":[{"count":0,"href":"https:\/\/noticiasribeiraopreto.com.br\/index.php\/wp-json\/wp\/v2\/posts\/42269\/revisions"}],"wp:featuredmedia":[{"embeddable":true,"href":"https:\/\/noticiasribeiraopreto.com.br\/index.php\/wp-json\/wp\/v2\/media\/42270"}],"wp:attachment":[{"href":"https:\/\/noticiasribeiraopreto.com.br\/index.php\/wp-json\/wp\/v2\/media?parent=42269"}],"wp:term":[{"taxonomy":"category","embeddable":true,"href":"https:\/\/noticiasribeiraopreto.com.br\/index.php\/wp-json\/wp\/v2\/categories?post=42269"},{"taxonomy":"post_tag","embeddable":true,"href":"https:\/\/noticiasribeiraopreto.com.br\/index.php\/wp-json\/wp\/v2\/tags?post=42269"}],"curies":[{"name":"wp","href":"https:\/\/api.w.org\/{rel}","templated":true}]}}