{"id":42290,"date":"2024-03-13T17:32:46","date_gmt":"2024-03-13T20:32:46","guid":{"rendered":"https:\/\/noticiasribeiraopreto.com.br\/index.php\/2024\/03\/13\/motorista-fica-gravemente-ferido-apos-capotamento-em-rodovia-da-regiao-de-ribeirao\/"},"modified":"2024-03-13T17:32:46","modified_gmt":"2024-03-13T20:32:46","slug":"motorista-fica-gravemente-ferido-apos-capotamento-em-rodovia-da-regiao-de-ribeirao","status":"publish","type":"post","link":"https:\/\/noticiasribeiraopreto.com.br\/index.php\/2024\/03\/13\/motorista-fica-gravemente-ferido-apos-capotamento-em-rodovia-da-regiao-de-ribeirao\/","title":{"rendered":"Motorista fica gravemente ferido ap\u00f3s capotamento em rodovia da regi\u00e3o de Ribeir\u00e3o"},"content":{"rendered":"<div class='code-block code-block-1' style='margin: 8px 0 8px auto; text-align: right; display: block; clear: both;'>\n<p><a href=\"https:\/\/wa.link\/vpicfd\"><img data-recalc-dims=\"1\" class=\"wp-image-4922\" style=\"aspect-ratio: 2.0253164556962027; width: 561px; height: auto;\" src=\"https:\/\/i0.wp.com\/ismaelcolosi.com.br\/wp-content\/uploads\/2023\/11\/grupo-de-empregos-whatsapp-e-facebook-ismael-colosi-vagas.jpg?ssl=1\" alt=\"\" \/><\/a><\/p>\n<!-- \/wp:image -->\n<\/div>\n<p> <br \/>\n<\/p>\n<div data-td-block-uid=\"tdi_101\">\n<div class=\"tdb-block-inner td-fix-index\">\n<p>Um<strong> homem<\/strong> ficou <strong>gravemente<\/strong> <strong>ferido<\/strong> ap\u00f3s <strong>capotar o ve\u00edculo<\/strong> que dirigia na <strong>tarde<\/strong> desta quarta-feira (13), na <strong>rodovia Ronan Rocha<\/strong> (SP 345), em Franca.<\/p>\n<p>Segundo informa\u00e7\u00f5es apuradas pela EPTV, o <strong>motorista<\/strong> seguia sentido ao Distrito Industrial da cidade quando <strong>perdeu o controle da dire\u00e7\u00e3o, invadiu o acostamento e capotou<\/strong>. O carro com as rodas para cima parou no sentido oposto da pista.<\/p>\n<p>Ainda n\u00e3o se sabe o motivo do acidente e as causas ser\u00e3o apuradas pela pol\u00edcia. <\/p>\n<p>A v\u00edtima foi socorrida pela ambul\u00e2ncia da concession\u00e1ria que administra o trecho para a Santa Casa de Franca.<\/p>\n<p><strong>Interdi\u00e7\u00e3o<\/strong> <\/p>\n<p>A concession\u00e1ria informou que a pista onde ocorreu o acidente \u00e9 dupla, por\u00e9m, uma das faixas foi interditada. O tr\u00e1fego na segunda faixa est\u00e1 fluindo normalmente.<\/p>\n<p>SAIBA MAIS <\/p>\n<p>Entenda como funciona a terapia celular contra o c\u00e2ncer do HC de Ribeir\u00e3o<\/p>\n<h4 class=\"wp-block-heading\"><strong>FIQUE ON<\/strong><\/h4>\n<p>Fique ligado em tudo que acontece em Ribeir\u00e3o Preto e regi\u00e3o. Siga os perfis do\u00a0<strong>acidade on\u00a0<\/strong>no<a href=\"https:\/\/www.instagram.com\/acidadeonribeirao\" target=\"_blank\" rel=\"noreferrer noopener\">\u00a0Instagram<\/a>\u00a0e no\u00a0<a href=\"https:\/\/www.facebook.com\/acidadeonribeirao\" target=\"_blank\" rel=\"noreferrer noopener\">Facebook<\/a>.<\/p>\n<p>Receba not\u00edcias do<strong>\u00a0acidade on<\/strong>\u00a0no WhatsApp.\u00a0<a href=\"https:\/\/chat.whatsapp.com\/GFH9HUMUTHNFJdnyEd0xxq\" target=\"_blank\" rel=\"noreferrer noopener\">Para entrar no grupo, basta clicar aqui.<\/a><\/p>\n<p>Fa\u00e7a uma den\u00fancia ou sugira uma reportagem sobre Ribeir\u00e3o Preto e regi\u00e3o pelo WhatsApp: 16 99117 7802.<\/p>\n<p>VEJA TAMB\u00c9M<\/p>\n<p>Ao mestre com carinho, uma homenagem a Jos\u00e9 Mojica Marins<\/p>\n<p><!-- AI CONTENT END 1 -->\n<\/div>\n<\/div>\n<p><script async src=\"\/\/www.instagram.com\/embed.js\"><\/script><br \/>\n<br \/><br \/>\n<br \/><a href=\"https:\/\/www.acidadeon.com\/ribeiraopreto\/cotidiano\/motorista-fica-gravemente-ferido-apos-capotamento-em-rodovia-da-regiao-de-ribeirao\/\">Source link <\/a><\/p>\n<!-- CONTENT END 1 -->\n","protected":false},"excerpt":{"rendered":"<p>Um homem ficou gravemente ferido ap\u00f3s capotar o ve\u00edculo que dirigia na tarde desta quarta-feira (13), na rodovia Ronan Rocha (SP 345), em Franca. Segundo&#8230;<\/p>\n","protected":false},"author":1,"featured_media":42291,"comment_status":"open","ping_status":"open","sticky":false,"template":"","format":"standard","meta":{"advanced_seo_description":"","jetpack_seo_html_title":"","jetpack_seo_noindex":false,"jetpack_post_was_ever_published":false,"_jetpack_newsletter_access":"","_jetpack_dont_email_post_to_subs":false,"_jetpack_newsletter_tier_id":0,"_jetpack_memberships_contains_paywalled_content":false,"_jetpack_memberships_contains_paid_content":false,"footnotes":"","jetpack_publicize_message":"","jetpack_publicize_feature_enabled":true,"jetpack_social_post_already_shared":true,"jetpack_social_options":{"image_generator_settings":{"template":"highway","default_image_id":0,"font":"","enabled":false},"version":2}},"categories":[11],"tags":[],"class_list":["post-42290","post","type-post","status-publish","format-standard","has-post-thumbnail","hentry","category-noticias-de-ribeirao-preto-sp-e-regiao-ismael-colosi"],"jetpack_publicize_connections":[],"jetpack_featured_media_url":"https:\/\/i0.wp.com\/noticiasribeiraopreto.com.br\/wp-content\/uploads\/2024\/03\/Copia-de-Copia-de-TAMANHO-EXATO-PARA-FOTOS-NO-SISTEMA-NOVO-47.jpg?fit=1200%2C675&ssl=1","jetpack-related-posts":[{"id":44635,"url":"https:\/\/noticiasribeiraopreto.com.br\/index.php\/2024\/03\/28\/onibus-com-49-pessoas-tomba-e-deixa-feridos-na-regiao\/","url_meta":{"origin":42290,"position":0},"title":"\u00d4nibus com 49 pessoas tomba e deixa feridos na regi\u00e3o","author":"noticiasribeiraopreto.com.br","date":"28 de March de 2024","format":false,"excerpt":"De acordo com o Corpo de Bombeiros, v\u00edtimas sofreram ferimentos leves e moderados 28 de mar\u00e7o de 2024 | 12:11 2 Por: Adalberto Luque Um \u00f4nibus tombou, na madrugada desta quinta-feira (28), na Rodovia C\u00e2ndido Portinari (SP-334). O acidente ocorreu no km 358, em Batatais, no sentido a Franca. Segundo\u2026","rel":"","context":"In &quot;Not\u00edcias de Ribeir\u00e3o Preto-SP e Regi\u00e3o&quot;","block_context":{"text":"Not\u00edcias de Ribeir\u00e3o Preto-SP e Regi\u00e3o","link":"https:\/\/noticiasribeiraopreto.com.br\/index.php\/category\/noticias-de-ribeirao-preto-sp-e-regiao-ismael-colosi\/"},"img":{"alt_text":"","src":"https:\/\/i0.wp.com\/noticiasribeiraopreto.com.br\/wp-content\/uploads\/2024\/03\/00-28-mar-2024-acidente-batatais-foto-redes-sociais.jpg?fit=800%2C452&ssl=1&resize=350%2C200","width":350,"height":200,"srcset":"https:\/\/i0.wp.com\/noticiasribeiraopreto.com.br\/wp-content\/uploads\/2024\/03\/00-28-mar-2024-acidente-batatais-foto-redes-sociais.jpg?fit=800%2C452&ssl=1&resize=350%2C200 1x, https:\/\/i0.wp.com\/noticiasribeiraopreto.com.br\/wp-content\/uploads\/2024\/03\/00-28-mar-2024-acidente-batatais-foto-redes-sociais.jpg?fit=800%2C452&ssl=1&resize=525%2C300 1.5x, https:\/\/i0.wp.com\/noticiasribeiraopreto.com.br\/wp-content\/uploads\/2024\/03\/00-28-mar-2024-acidente-batatais-foto-redes-sociais.jpg?fit=800%2C452&ssl=1&resize=700%2C400 2x"},"classes":[]},{"id":72376,"url":"https:\/\/noticiasribeiraopreto.com.br\/index.php\/2025\/06\/16\/motorista-fica-ferido-apos-capotamento-em-rodovia-na-regiao-de-ribeirao\/","url_meta":{"origin":42290,"position":1},"title":"Motorista fica ferido ap\u00f3s capotamento em rodovia na regi\u00e3o de Ribeir\u00e3o","author":"noticiasribeiraopreto.com.br","date":"16 de June de 2025","format":false,"excerpt":"Uma pessoa foi socorrida com ferimentos ap\u00f3s um acidente de tr\u00e2nsito na tarde desta segunda-feira (16), na rodovia Nem\u00e9sio Cadetti (SP-333), em Jaboticabal, cidade na regi\u00e3o de Ribeir\u00e3o Preto. De acordo com Ecovias Noroeste Paulista, concession\u00e1ria respons\u00e1vel pela via, o carro teria capotado pr\u00f3ximo ao quil\u00f4metro 129, no sentido Oeste.\u2026","rel":"","context":"In &quot;Not\u00edcias de Ribeir\u00e3o Preto-SP e Regi\u00e3o&quot;","block_context":{"text":"Not\u00edcias de Ribeir\u00e3o Preto-SP e Regi\u00e3o","link":"https:\/\/noticiasribeiraopreto.com.br\/index.php\/category\/noticias-de-ribeirao-preto-sp-e-regiao-ismael-colosi\/"},"img":{"alt_text":"","src":"https:\/\/i0.wp.com\/noticiasribeiraopreto.com.br\/wp-content\/uploads\/2025\/06\/Copia-de-Copia-de-Copia-de-TAMANHO-EXATO-PARA-FOTOS-NO-SISTEMA-NOVO-2025-06-16T155335.545_2025-06-16_18-53-41.webp.webp?fit=1200%2C675&ssl=1&resize=350%2C200","width":350,"height":200,"srcset":"https:\/\/i0.wp.com\/noticiasribeiraopreto.com.br\/wp-content\/uploads\/2025\/06\/Copia-de-Copia-de-Copia-de-TAMANHO-EXATO-PARA-FOTOS-NO-SISTEMA-NOVO-2025-06-16T155335.545_2025-06-16_18-53-41.webp.webp?fit=1200%2C675&ssl=1&resize=350%2C200 1x, https:\/\/i0.wp.com\/noticiasribeiraopreto.com.br\/wp-content\/uploads\/2025\/06\/Copia-de-Copia-de-Copia-de-TAMANHO-EXATO-PARA-FOTOS-NO-SISTEMA-NOVO-2025-06-16T155335.545_2025-06-16_18-53-41.webp.webp?fit=1200%2C675&ssl=1&resize=525%2C300 1.5x, https:\/\/i0.wp.com\/noticiasribeiraopreto.com.br\/wp-content\/uploads\/2025\/06\/Copia-de-Copia-de-Copia-de-TAMANHO-EXATO-PARA-FOTOS-NO-SISTEMA-NOVO-2025-06-16T155335.545_2025-06-16_18-53-41.webp.webp?fit=1200%2C675&ssl=1&resize=700%2C400 2x, https:\/\/i0.wp.com\/noticiasribeiraopreto.com.br\/wp-content\/uploads\/2025\/06\/Copia-de-Copia-de-Copia-de-TAMANHO-EXATO-PARA-FOTOS-NO-SISTEMA-NOVO-2025-06-16T155335.545_2025-06-16_18-53-41.webp.webp?fit=1200%2C675&ssl=1&resize=1050%2C600 3x"},"classes":[]},{"id":74725,"url":"https:\/\/noticiasribeiraopreto.com.br\/index.php\/2025\/07\/28\/caminhoes-batem-na-anhanguera-proximo-ao-acidente-da-ultima-semana\/","url_meta":{"origin":42290,"position":2},"title":"Caminh\u00f5es batem na Anhanguera pr\u00f3ximo ao acidente da \u00faltima semana","author":"noticiasribeiraopreto.com.br","date":"28 de July de 2025","format":false,"excerpt":"N\u00e3o h\u00e1 informa\u00e7\u00f5es de v\u00edtimas, mas uma das faixas da pista sentido Capital precisou ser interditada 28 de julho de 2025 13:025 Compartilhar2 Por: Adalberto Luque Um acidente envolvendo dois caminh\u00f5es foi registrado, no final da manh\u00e3 desta segunda-feira (28). A colis\u00e3o ocorreu no km 294 da Rodovia Anhanguera (SP-330),\u2026","rel":"","context":"In &quot;Not\u00edcias de Ribeir\u00e3o Preto-SP e Regi\u00e3o&quot;","block_context":{"text":"Not\u00edcias de Ribeir\u00e3o Preto-SP e Regi\u00e3o","link":"https:\/\/noticiasribeiraopreto.com.br\/index.php\/category\/noticias-de-ribeirao-preto-sp-e-regiao-ismael-colosi\/"},"img":{"alt_text":"","src":"https:\/\/i0.wp.com\/noticiasribeiraopreto.com.br\/wp-content\/uploads\/2025\/07\/28-jul-2025-acidentecravinhos0.jpg?fit=802%2C750&ssl=1&resize=350%2C200","width":350,"height":200,"srcset":"https:\/\/i0.wp.com\/noticiasribeiraopreto.com.br\/wp-content\/uploads\/2025\/07\/28-jul-2025-acidentecravinhos0.jpg?fit=802%2C750&ssl=1&resize=350%2C200 1x, https:\/\/i0.wp.com\/noticiasribeiraopreto.com.br\/wp-content\/uploads\/2025\/07\/28-jul-2025-acidentecravinhos0.jpg?fit=802%2C750&ssl=1&resize=525%2C300 1.5x, https:\/\/i0.wp.com\/noticiasribeiraopreto.com.br\/wp-content\/uploads\/2025\/07\/28-jul-2025-acidentecravinhos0.jpg?fit=802%2C750&ssl=1&resize=700%2C400 2x"},"classes":[]},{"id":76573,"url":"https:\/\/noticiasribeiraopreto.com.br\/index.php\/2025\/09\/01\/motorista-fica-ferido-e-cavalo-morre-apos-acidente-em-rodovia-no-interior-de-sp\/","url_meta":{"origin":42290,"position":3},"title":"Motorista fica ferido e cavalo morre ap\u00f3s acidente em rodovia no interior de SP","author":"noticiasribeiraopreto.com.br","date":"1 de September de 2025","format":false,"excerpt":"Um motorista ficou ferido e um cavalo morreu ap\u00f3s um acidente de tr\u00e2nsito na rodovia Nestor Ferreira (SPA 397\/334), entre Franca e Restinga, na manh\u00e3 desta segunda-feira (1\u00ba). Segundo apura\u00e7\u00e3o da EPTV, o motorista seguia pela rodovia quando atingiu um cavalo solto que teria invadido a pista. Com o impacto,\u2026","rel":"","context":"In &quot;Not\u00edcias de Ribeir\u00e3o Preto-SP e Regi\u00e3o&quot;","block_context":{"text":"Not\u00edcias de Ribeir\u00e3o Preto-SP e Regi\u00e3o","link":"https:\/\/noticiasribeiraopreto.com.br\/index.php\/category\/noticias-de-ribeirao-preto-sp-e-regiao-ismael-colosi\/"},"img":{"alt_text":"","src":"https:\/\/i0.wp.com\/noticiasribeiraopreto.com.br\/wp-content\/uploads\/2025\/09\/Copia-de-Copia-de-Copia-de-TAMANHO-EXATO-PARA-FOTOS-NO-SISTEMA-NOVO-2025-09-01T094441.082_2025-09-01_12-45-01.webp.webp?fit=1200%2C675&ssl=1&resize=350%2C200","width":350,"height":200,"srcset":"https:\/\/i0.wp.com\/noticiasribeiraopreto.com.br\/wp-content\/uploads\/2025\/09\/Copia-de-Copia-de-Copia-de-TAMANHO-EXATO-PARA-FOTOS-NO-SISTEMA-NOVO-2025-09-01T094441.082_2025-09-01_12-45-01.webp.webp?fit=1200%2C675&ssl=1&resize=350%2C200 1x, https:\/\/i0.wp.com\/noticiasribeiraopreto.com.br\/wp-content\/uploads\/2025\/09\/Copia-de-Copia-de-Copia-de-TAMANHO-EXATO-PARA-FOTOS-NO-SISTEMA-NOVO-2025-09-01T094441.082_2025-09-01_12-45-01.webp.webp?fit=1200%2C675&ssl=1&resize=525%2C300 1.5x, https:\/\/i0.wp.com\/noticiasribeiraopreto.com.br\/wp-content\/uploads\/2025\/09\/Copia-de-Copia-de-Copia-de-TAMANHO-EXATO-PARA-FOTOS-NO-SISTEMA-NOVO-2025-09-01T094441.082_2025-09-01_12-45-01.webp.webp?fit=1200%2C675&ssl=1&resize=700%2C400 2x, https:\/\/i0.wp.com\/noticiasribeiraopreto.com.br\/wp-content\/uploads\/2025\/09\/Copia-de-Copia-de-Copia-de-TAMANHO-EXATO-PARA-FOTOS-NO-SISTEMA-NOVO-2025-09-01T094441.082_2025-09-01_12-45-01.webp.webp?fit=1200%2C675&ssl=1&resize=1050%2C600 3x"},"classes":[]},{"id":80166,"url":"https:\/\/noticiasribeiraopreto.com.br\/index.php\/2025\/11\/17\/rodovia-tem-interdicao-total-de-pista-apos-acidente-em-ribeirao-preto\/","url_meta":{"origin":42290,"position":4},"title":"Rodovia tem interdi\u00e7\u00e3o total de pista ap\u00f3s acidente em Ribeir\u00e3o Preto","author":"noticiasribeiraopreto.com.br","date":"17 de November de 2025","format":false,"excerpt":"Um caminh\u00e3o atingiu a prote\u00e7\u00e3o de concreto no canteiro central da rodovia Ant\u00f4nio Machado Sant\u2019Anna (SP-255), na madrugada desta segunda-feira (17), no km 4,5, em Ribeir\u00e3o Preto. Segundo o Artesp (Ag\u00eancia de Transporte do Estado de S\u00e3o Paulo), a pista sentido sul (Ribeir\u00e3o-Araraquara) est\u00e1 totalmente bloqueada. Um carro tamb\u00e9m foi\u2026","rel":"","context":"In &quot;Not\u00edcias de Ribeir\u00e3o Preto-SP e Regi\u00e3o&quot;","block_context":{"text":"Not\u00edcias de Ribeir\u00e3o Preto-SP e Regi\u00e3o","link":"https:\/\/noticiasribeiraopreto.com.br\/index.php\/category\/noticias-de-ribeirao-preto-sp-e-regiao-ismael-colosi\/"},"img":{"alt_text":"","src":"https:\/\/i0.wp.com\/noticiasribeiraopreto.com.br\/wp-content\/uploads\/2025\/11\/caminhao_2025-11-17_09-47-09.webp.webp?fit=1200%2C651&ssl=1&resize=350%2C200","width":350,"height":200,"srcset":"https:\/\/i0.wp.com\/noticiasribeiraopreto.com.br\/wp-content\/uploads\/2025\/11\/caminhao_2025-11-17_09-47-09.webp.webp?fit=1200%2C651&ssl=1&resize=350%2C200 1x, https:\/\/i0.wp.com\/noticiasribeiraopreto.com.br\/wp-content\/uploads\/2025\/11\/caminhao_2025-11-17_09-47-09.webp.webp?fit=1200%2C651&ssl=1&resize=525%2C300 1.5x, https:\/\/i0.wp.com\/noticiasribeiraopreto.com.br\/wp-content\/uploads\/2025\/11\/caminhao_2025-11-17_09-47-09.webp.webp?fit=1200%2C651&ssl=1&resize=700%2C400 2x, https:\/\/i0.wp.com\/noticiasribeiraopreto.com.br\/wp-content\/uploads\/2025\/11\/caminhao_2025-11-17_09-47-09.webp.webp?fit=1200%2C651&ssl=1&resize=1050%2C600 3x"},"classes":[]},{"id":84938,"url":"https:\/\/noticiasribeiraopreto.com.br\/index.php\/2026\/04\/18\/acidente-entre-carro-e-ambulancia-deixa-sete-feridos-em-rodovia-no-interior-de-sao-paulo\/","url_meta":{"origin":42290,"position":5},"title":"Acidente entre carro e ambul\u00e2ncia deixa sete feridos em rodovia no interior de S\u00e3o Paulo","author":"noticiasribeiraopreto.com.br","date":"18 de April de 2026","format":false,"excerpt":"Ler o resumo da not\u00edcia Na madrugada de s\u00e1bado (18), na rodovia Engenheiro Ronan Rocha (SP\u2011345), km\u202f26, em Franca (SP), um Corsa colidiu na traseira de uma ambul\u00e2ncia da Arteris Via Paulista que atendia um carro tombado. O carro que havia sa\u00eddo da pista transportava cinco ocupantes que retornavam de\u2026","rel":"","context":"In &quot;Not\u00edcias de Ribeir\u00e3o Preto-SP e Regi\u00e3o&quot;","block_context":{"text":"Not\u00edcias de Ribeir\u00e3o Preto-SP e Regi\u00e3o","link":"https:\/\/noticiasribeiraopreto.com.br\/index.php\/category\/noticias-de-ribeirao-preto-sp-e-regiao-ismael-colosi\/"},"img":{"alt_text":"","src":"https:\/\/i0.wp.com\/noticiasribeiraopreto.com.br\/wp-content\/uploads\/2026\/04\/domingo-1_2026-04-18_13-31-02.webp.webp?fit=1200%2C675&ssl=1&resize=350%2C200","width":350,"height":200,"srcset":"https:\/\/i0.wp.com\/noticiasribeiraopreto.com.br\/wp-content\/uploads\/2026\/04\/domingo-1_2026-04-18_13-31-02.webp.webp?fit=1200%2C675&ssl=1&resize=350%2C200 1x, https:\/\/i0.wp.com\/noticiasribeiraopreto.com.br\/wp-content\/uploads\/2026\/04\/domingo-1_2026-04-18_13-31-02.webp.webp?fit=1200%2C675&ssl=1&resize=525%2C300 1.5x, https:\/\/i0.wp.com\/noticiasribeiraopreto.com.br\/wp-content\/uploads\/2026\/04\/domingo-1_2026-04-18_13-31-02.webp.webp?fit=1200%2C675&ssl=1&resize=700%2C400 2x, https:\/\/i0.wp.com\/noticiasribeiraopreto.com.br\/wp-content\/uploads\/2026\/04\/domingo-1_2026-04-18_13-31-02.webp.webp?fit=1200%2C675&ssl=1&resize=1050%2C600 3x"},"classes":[]}],"jetpack_sharing_enabled":true,"jetpack_shortlink":"https:\/\/wp.me\/peQAOb-b06","_links":{"self":[{"href":"https:\/\/noticiasribeiraopreto.com.br\/index.php\/wp-json\/wp\/v2\/posts\/42290","targetHints":{"allow":["GET"]}}],"collection":[{"href":"https:\/\/noticiasribeiraopreto.com.br\/index.php\/wp-json\/wp\/v2\/posts"}],"about":[{"href":"https:\/\/noticiasribeiraopreto.com.br\/index.php\/wp-json\/wp\/v2\/types\/post"}],"author":[{"embeddable":true,"href":"https:\/\/noticiasribeiraopreto.com.br\/index.php\/wp-json\/wp\/v2\/users\/1"}],"replies":[{"embeddable":true,"href":"https:\/\/noticiasribeiraopreto.com.br\/index.php\/wp-json\/wp\/v2\/comments?post=42290"}],"version-history":[{"count":0,"href":"https:\/\/noticiasribeiraopreto.com.br\/index.php\/wp-json\/wp\/v2\/posts\/42290\/revisions"}],"wp:featuredmedia":[{"embeddable":true,"href":"https:\/\/noticiasribeiraopreto.com.br\/index.php\/wp-json\/wp\/v2\/media\/42291"}],"wp:attachment":[{"href":"https:\/\/noticiasribeiraopreto.com.br\/index.php\/wp-json\/wp\/v2\/media?parent=42290"}],"wp:term":[{"taxonomy":"category","embeddable":true,"href":"https:\/\/noticiasribeiraopreto.com.br\/index.php\/wp-json\/wp\/v2\/categories?post=42290"},{"taxonomy":"post_tag","embeddable":true,"href":"https:\/\/noticiasribeiraopreto.com.br\/index.php\/wp-json\/wp\/v2\/tags?post=42290"}],"curies":[{"name":"wp","href":"https:\/\/api.w.org\/{rel}","templated":true}]}}