{"id":42336,"date":"2024-03-14T01:01:29","date_gmt":"2024-03-14T04:01:29","guid":{"rendered":"https:\/\/noticiasribeiraopreto.com.br\/index.php\/2024\/03\/14\/jovens-de-15-a-29-anos-podem-viajar-de-graca-saiba-como\/"},"modified":"2024-03-14T01:01:29","modified_gmt":"2024-03-14T04:01:29","slug":"jovens-de-15-a-29-anos-podem-viajar-de-graca-saiba-como","status":"publish","type":"post","link":"https:\/\/noticiasribeiraopreto.com.br\/index.php\/2024\/03\/14\/jovens-de-15-a-29-anos-podem-viajar-de-graca-saiba-como\/","title":{"rendered":"Jovens de 15 a 29 anos podem viajar de gra\u00e7a &#8211; saiba como"},"content":{"rendered":"<div class='code-block code-block-1' style='margin: 8px 0 8px auto; text-align: right; display: block; clear: both;'>\n<p><a href=\"https:\/\/wa.link\/vpicfd\"><img data-recalc-dims=\"1\" class=\"wp-image-4922\" style=\"aspect-ratio: 2.0253164556962027; width: 561px; height: auto;\" src=\"https:\/\/i0.wp.com\/ismaelcolosi.com.br\/wp-content\/uploads\/2023\/11\/grupo-de-empregos-whatsapp-e-facebook-ismael-colosi-vagas.jpg?ssl=1\" alt=\"\" \/><\/a><\/p>\n<!-- \/wp:image -->\n<\/div>\n<p> <br \/>\n<\/p>\n<div>\n<h2>Jovens podem viajar de gra\u00e7a com o ID Jovem 2.0 e ter outros benef\u00edcios como meia-entrada no cinema, descontos em show, jogos de futebol, entre outros<\/h2>\n<p>J\u00e1 imaginou poder viajar de gra\u00e7a no Brasil? E tamb\u00e9m ter benef\u00edcios como\u00a0descontos em ingressos para programas culturais, esportivos, art\u00edsticos e at\u00e9\u00a0<strong>isen\u00e7\u00e3o de taxa<\/strong>\u00a0para concursos p\u00fablicos? Ent\u00e3o saiba que voc\u00ea pode fazer tudo isso com o\u00a0<strong>aplicativo ID Jovem 2.0<\/strong>, atrav\u00e9s do programa do governo que oferece os benef\u00edcios a jovens de 15 a 29 anos.<\/p>\n<h3><strong>Sobre o ID Jovem<\/strong><\/h3>\n<p>O<strong>\u00a0<\/strong>ID Jovem\u00a0\u00e9 um programa do governo, que oferece um documento a jovens de baixa renda, com idade entre 15 e 29 anos. Este documento possibilita acesso\u00a0aos benef\u00edcios de meia-entrada em eventos art\u00edstico-culturais e esportivos e tamb\u00e9m a vagas gratuitas ou com desconto no sistema de transporte coletivo interestadual, conforme disposto no\u00a0<strong>Decreto 8.537\/2015<\/strong>.<\/p>\n<h3><strong>Quem pode ter ID Jovem?<\/strong><\/h3>\n<p>Para ter o ID Jovem, \u00e9 necess\u00e1rio que a renda familiar da pessoa seja\u00a0de at\u00e9 dois sal\u00e1rios m\u00ednimos, e possua inscri\u00e7\u00e3o no\u00a0<strong>Cadastro \u00danico do Governo Federal<\/strong> atualizado.<\/p>\n<h3><strong>Benef\u00edcios<\/strong><\/h3>\n<p>Confira alguns dos benef\u00edcios e descontos oferecidos pelo programa:<\/p>\n<div class=\"column four\">\n<div class=\"small-icon-text clear-after\">\n<ul>\n<li><strong>Cultura:<\/strong>\u00a0Meia-entrada \u2013 50% do valor cobrado no ingresso ao p\u00fablico em geral \u2013 em eventos art\u00edstico-culturais e esportivos.<\/li>\n<\/ul>\n<\/div>\n<\/div>\n<div class=\"column four\">\n<div class=\"small-icon-text clear-after\">\n<ul>\n<li><strong>Lazer:\u00a0<\/strong>50% do valor cobrado no ingresso ao p\u00fablico em geral \u2013 em eventos art\u00edstico-culturais e esportivos.<\/li>\n<\/ul>\n<\/div>\n<\/div>\n<div class=\"column four last\">\n<div class=\"small-icon-text clear-after\">\n<ul>\n<li><strong>Esporte:<\/strong>\u00a050% do valor cobrado no ingresso ao p\u00fablico em geral \u2013 em eventos art\u00edstico-culturais e esportivos.<\/li>\n<\/ul>\n<\/div>\n<\/div>\n<div class=\"column four\">\n<div class=\"small-icon-text clear-after\">\n<ul>\n<li><strong>Transporte:<\/strong>\u00a0S\u00e3o reservadas por viagem, duas vagas gratuitas em cada ve\u00edculo, comboio ferrovi\u00e1rio ou embarca\u00e7\u00e3o do servi\u00e7o convencional de transporte interestadual de passageiros\u200b\u200b.<\/li>\n<\/ul>\n<\/div>\n<\/div>\n<div class=\"column four\">\n<div class=\"small-icon-text clear-after\">\n<ul>\n<li><strong>Shows:<\/strong>\u00a050% do valor cobrado no ingresso ao p\u00fablico em geral \u2013 em eventos art\u00edstico-culturais e esportivos.<\/li>\n<\/ul>\n<\/div>\n<\/div>\n<div class=\"column four last\">\n<div class=\"small-icon-text clear-after\">\n<ul>\n<li><strong>Teatro:<\/strong>\u00a050% do valor cobrado no ingresso ao p\u00fablico em geral \u2013 em eventos art\u00edstico-culturais e esportivos.<\/li>\n<\/ul>\n<h3 class=\"text-xs\"><strong>Inscri\u00e7\u00e3o ID Jovem 2.0<\/strong><\/h3>\n<\/div>\n<\/div>\n<p>Para solicitar a carteira ID Jovem pelo aplicativo, siga os seguintes passos:<\/p>\n<ol>\n<li aria-level=\"1\">Baixe o aplicativo ID Jovem 2.0 na\u00a0<a href=\"https:\/\/apps.apple.com\/br\/app\/id-jovem\/id1541727719\" target=\"_blank\" rel=\"noopener\">App Store<\/a>\u00a0ou\u00a0<a href=\"https:\/\/play.google.com\/store\/apps\/details?gl=US&amp;hl=pt_BR&amp;id=com.idjovem2&amp;pli=1\" target=\"_blank\" rel=\"noopener\">Google Play<\/a>;<\/li>\n<li aria-level=\"1\">Abra o aplicativo e crie uma conta;<\/li>\n<li aria-level=\"1\">Insira suas informa\u00e7\u00f5es pessoais, incluindo nome completo, data de nascimento, n\u00famero do NIS e nome da m\u00e3e;<\/li>\n<li aria-level=\"1\">Tire uma foto sua para a carteira ID Jovem;<\/li>\n<li aria-level=\"1\">Confirme seus dados e envie a solicita\u00e7\u00e3o.<\/li>\n<\/ol>\n<p>Ap\u00f3s a solicita\u00e7\u00e3o, a carteira ID Jovem ser\u00e1 emitida em at\u00e9 24 horas. Voc\u00ea receber\u00e1 um e-mail com o link para baixar a carteira.<\/p>\n<p>Para solicitar a carteira ID Jovem pelo site, siga os seguintes passos:<\/p>\n<ol>\n<li aria-level=\"1\">Acesse o\u00a0<a href=\"https:\/\/idjovem.juventude.gov.br\/emitir-id-jovem\" target=\"_blank\" rel=\"noopener\">site do ID Jovem<\/a>;<\/li>\n<li aria-level=\"1\">Clique no bot\u00e3o \u201cSolicitar ID Jovem\u201d;<\/li>\n<li aria-level=\"1\">Insira suas informa\u00e7\u00f5es pessoais, incluindo nome completo, data de nascimento, n\u00famero do NIS e nome da m\u00e3e;<\/li>\n<li aria-level=\"1\">Tire uma foto sua para a carteira ID Jovem;<\/li>\n<li aria-level=\"1\">Confirme seus dados e envie a solicita\u00e7\u00e3o.<\/li>\n<\/ol>\n<p>Ap\u00f3s a solicita\u00e7\u00e3o, a carteira ID Jovem ser\u00e1 emitida em at\u00e9 24 horas. Voc\u00ea receber\u00e1 um e-mail com o link para baixar a carteira. A carteira ID Jovem \u00e9 v\u00e1lida por seis meses e pode ser renovada pelo aplicativo ou site do benef\u00edcio.<\/p>\n<div class=\"column four last\">\n<div class=\"small-icon-text clear-after\">\n<p>Voc\u00ea sabia que existia o benef\u00edcio de viajar de gra\u00e7a?<\/p>\n<h2>Cursos online gratuitos da USP oferecidos pelo Veduca<\/h2>\n<p>O Veduca \u00e9 um site que j\u00e1 ultrapassou mais de 3 milh\u00f5es de alunos e oferece cursos online\u00a0gratuitos com professores da USP\u00a0e profissionais de mercado. S\u00e3o cursos que far\u00e3o a diferen\u00e7a na sua carreira, pois combinam conceitos fundamentais dos mais diferentes assuntos com exemplos pr\u00e1ticos e depoimentos.<\/p>\n<ol>&#13;<\/p>\n<li><strong>Fundamentos da Administra\u00e7\u00e3o:<\/strong>\u00a0voc\u00ea ir\u00e1 aprender conceitos e metodologias para colocar na pr\u00e1tica o melhor da fun\u00e7\u00e3o administrativa, planejamento, organiza\u00e7\u00e3o, dire\u00e7\u00e3o e controle, casos de sucesso no Brasil, no mundo e muito mais.<\/li>\n<p>&#13;<\/p>\n<li><strong>Gest\u00e3o de Projetos:<\/strong>\u00a0nesse curso, voc\u00ea aprender\u00e1 gest\u00e3o de stakeholders. Como administrar o escopo de um projeto. M\u00e9todos de an\u00e1lise de um projeto. Como fazer um planejamento excelente.<\/li>\n<p>&#13;<\/p>\n<li><strong>Engenharia Econ\u00f4mica:<\/strong>\u00a0voc\u00ea ir\u00e1 aprender sobre juros.Taxa de mercado. Dinheiro no tempo. Sistema de amortiza\u00e7\u00e3o de financiamento. Payback e VPL. Taxa interna de retorno.Op\u00e7\u00f5es e fechamento. Estimativa do custo de capital. Modelando um projeto de gera\u00e7\u00e3o de energia e\u00f3lica.<\/li>\n<p>&#13;<\/p>\n<li><strong>Gest\u00e3o da Inova\u00e7\u00e3o:<\/strong>\u00a0voc\u00ea aprender\u00e1 sobre o\u00a0que \u00e9 inova\u00e7\u00e3o, princ\u00edpios da criatividade, financiamento de ideias, lean startup, gerenciamento de incertezas.<\/li>\n<p>&#13;<\/p>\n<li><strong>Desenvolvimento de Produtos e Servi\u00e7os:\u00a0<\/strong>A cria\u00e7\u00e3o de um novo produto ou servi\u00e7o requer estrat\u00e9gia, organiza\u00e7\u00e3o e planejamento. Saiba neste curso quais as etapas, atividades e m\u00e9todos para desenvolver novos produtos e servi\u00e7os desde a sua concep\u00e7\u00e3o at\u00e9 o primeiro contato com o cliente.<\/li>\n<p>&#13;<\/p>\n<li><strong>Eletromagnetismo:<\/strong>\u00a0O curso online gratuito compreende os conceitos b\u00e1sicos de eletromagnetismo, o conceito de cargas e de como elas interagem entre si, o movimento de carga denominado corrente el\u00e9trica, as leis b\u00e1sicas da corrente el\u00e9trica, o circuito onde elas percorrem e o conceito de magnetismo. O objetivo do curso \u00e9 mostrar a conex\u00e3o entre a eletricidade e o magnetismo em uma unifica\u00e7\u00e3o atrav\u00e9s das equa\u00e7\u00f5es de Maxwell.<\/li>\n<p>&#13;<\/p>\n<li><strong>F\u00edsica B\u00e1sica:<\/strong>\u00a0O curso online de F\u00edsica B\u00e1sica, ministrado pelo professor doutor Vanderlei Salvador Bagnato, traz um estudo te\u00f3rico e pr\u00e1tico sobre o movimento, as leis de Newton, energia, a evolu\u00e7\u00e3o no tempo e seus deslocamentos sob a a\u00e7\u00e3o de for\u00e7as e seus efeitos subsequentes sobre seu ambiente. O curso traz uma vis\u00e3o aprofundada e precisa, com descri\u00e7\u00e3o das fun\u00e7\u00f5es matem\u00e1ticas da f\u00edsica, seu prop\u00f3sito e aplica\u00e7\u00e3o, com exemplos trazidos do mundo real.<\/li>\n<p>&#13;<\/p>\n<li><strong>Gest\u00e3o Ambiental:<\/strong>\u00a0Conhec\u0327a os fundamentos que orientam a implementac\u0327a\u0303o de poli\u0301ticas de meio ambiente e sistemas de gesta\u0303o ambiental no contexto da gesta\u0303o da sustentabilidade empresarial. Entenda como acontecem as relac\u0327o\u0303es entre as esferas pu\u0301blica e privada da gesta\u0303o ambiental no Brasil.<\/li>\n<p>&#13;<\/p>\n<li><strong>Medicina do Sono:<\/strong>\u00a0O curso online gratuito trata de diversos aspectos relacionado ao sono. Com uma vis\u00e3o cient\u00edfica e psicol\u00f3gica, o curso aborda os principais transtornos do sono, com enfoque pr\u00e1tico para os interessados na \u00e1rea da medicina do sono. O curso \u00e9 voltado para estudantes de medicina, fisioterapia, enfermagem e toda \u00e1rea de ci\u00eancias biol\u00f3gicas, al\u00e9m das pessoas que se interessam em entender os transtornos do sono, fen\u00f4meno que afeta mais de 33% da popula\u00e7\u00e3o.<\/li>\n<p>&#13;<\/p>\n<li><strong>Ecoinova\u00e7\u00e3o:<\/strong>\u00a0Neste curso voc\u00ea ver\u00e1 conte\u00fados relacionados a sustentabilidade e gest\u00e3o ambiental, ser\u00e1 abordado alguns conceitos e aplica\u00e7\u00f5es para a \u00e1rea de engenharia e inova\u00e7\u00e3o. Entre os assuntos discutidos est\u00e3o as \u201cpegadas ecol\u00f3gicas\u201d, gest\u00e3o e avalia\u00e7\u00e3o do ciclo de vida e novas tecnologias em energia.<\/li>\n<p>&#13;<\/p>\n<li><strong>Coronav\u00edrus:<\/strong>\u00a0Este curso, produzido pela Faculdade de Medicina de Ribeir\u00e3o Preto USP e disponibilizado gratuitamente pelo Veduca, tem como objetivo informar toda a SOCIEDADE sobre a pandemia do coronav\u00edrus (SARS-CoV-2). O Brasil est\u00e1 reduzindo suas atividades e todos devemos saber o PORQU\u00ca que essas medidas s\u00e3o necess\u00e1rias e COMO podemos contribuir para minimizar a dissemina\u00e7\u00e3o da doen\u00e7a no pa\u00eds. S\u00e3o quatro m\u00f3dulos curtos e bem simples. Esperamos que este curso ajude voc\u00ea a entender melhor o que est\u00e1 acontecendo, sendo uma fonte segura e confi\u00e1vel de informa\u00e7\u00e3o sobre o coronav\u00edrus para seus amigos, familiares e contatos.<\/li>\n<p>&#13;<\/p>\n<li><strong>Ecologia Industrial:<\/strong>\u00a0Neste curso apresentamos a defini\u00e7\u00e3o do conceito de P+L (Produ\u00e7\u00e3o Mais Limpa) e o roteiro para a sua aplica\u00e7\u00e3o e seus indicadores de desempenho numa empresa. Ao final do curso voc\u00ea ter\u00e1 uma vis\u00e3o n\u00e3o apenas da Ecologia Industrial, mas de alternativas para desenvolver processos produtivos mais limpos.<\/li>\n<p>&#13;<\/p>\n<li><strong>Metodologia Cient\u00edfica:<\/strong>\u00a0Metodologia cient\u00edfica \u00e9 um conjunto de t\u00e9cnicas e processos empregados para a pesquisa e a formula\u00e7\u00e3o de uma produ\u00e7\u00e3o cient\u00edfica. Aprenda a elaborar um trabalho de conclus\u00e3o de curso (TCC), e saiba como selecionar um tema, definir objetivos, identificar e descrever um problema, fundamentar sua argumenta\u00e7\u00e3o com base em trabalhos de outros autores, coletar e analisar dados e como apresentar resultados e conclus\u00f5es de forma concisa e clara.<\/li>\n<p>&#13;<\/p>\n<li><strong>Probabilidade e Estat\u00edstica:<\/strong>\u00a0Neste curso online gratuito voc\u00ea ver\u00e1 como o c\u00e1lculo de probabilidade \u00e9 uma importante ferramenta estat\u00edstica e como trata de situa\u00e7\u00f5es que n\u00e3o s\u00e3o totalmente previs\u00edveis. Esse conhecimento \u00e9 fundamental para interpretar resultados obtidos pelos m\u00e9todos estat\u00edsticos e pode ser aplicado de diversas formas no dia a dia.<\/li>\n<p>&#13;<\/p>\n<li><strong>Planejamento Estrat\u00e9gico:<\/strong>\u00a0voc\u00ea ir\u00e1 aprender conceitos e ferramentas da estrat\u00e9gia empresarial para utiliz\u00e1-los em suas organiza\u00e7\u00f5es, construindo um planejamento estrat\u00e9gico de neg\u00f3cio adequado a din\u00e2mica do mercado em que se encontram e um acompanhamento alinhado com as ferramentas de gest\u00e3o mais utilizadas.<\/li>\n<p>&#13;<\/p>\n<li><strong>LGBTQIA+ Conceitos e Hist\u00f3rias:<\/strong>\u00a0O curso oferece uma vis\u00e3o geral sobre quest\u00f5es que envolvem a sexualidade humana e a identidade de g\u00eanero. S\u00e3o apresentados conceitos e informa\u00e7\u00f5es sobre quatro caracter\u00edsticas \u2013 Sexo Biol\u00f3gico, Identidade de G\u00eanero, Express\u00e3o de G\u00eanero e Orienta\u00e7\u00e3o Afetivo-sexual \u2013 e tamb\u00e9m sobre o significado da sigla LGBT+. As hist\u00f3rias de vida s\u00e3o um convite para que voc\u00ea amplie seu olhar de mundo. Esses v\u00eddeos contam com a participa\u00e7\u00e3o de colaboradores do Veduca, da Serasa e tamb\u00e9m de convidados e convidadas que compartilham suas experi\u00eancias e vis\u00f5es.<\/li>\n<p>&#13;\n<\/ol>\n<h2>Inscri\u00e7\u00e3o Cursos Online Gratuitos Veduca<\/h2>\n<p>Para se inscrever nos cursos da Veduca:\u00a0<span style=\"color: #008080;\"><strong>[Acesse aqui]<\/strong><\/span><\/p>\n<hr\/>\n<p>Imagem em destaque: Foto\/Reprodu\u00e7\u00e3o internet<\/p>\n<p>\u00a0<\/p>\n<\/div>\n<\/div>\n<p><!-- AI CONTENT END 1 --><\/p>\n<p><!-- #comments --><\/p>\n<\/div>\n<p><script>\n                    (function(d, s, id) {\n                        var js, fjs = d.getElementsByTagName(s)[0];\n                        if (d.getElementById(id)) return;\n                        js = d.createElement(s);\n                        js.id = id;\n                        js.src = \"\/\/connect.facebook.net\/pt_PT\/sdk.js#xfbml=1&version=v2.5\";\n                        fjs.parentNode.insertBefore(js, fjs);\n                    }(document, 'script', 'facebook-jssdk'));\n                <\/script><script type=\"text\/javascript\">\n\t    (function(d){\n\t        var js, id = 'facebook-jssdk', ref = d.getElementsByTagName('script')[0];\n\t        if (d.getElementById(id)) {return;}\n\t        js = d.createElement('script'); js.id = id; js.async = true;\n\t        js.src = \"https:\/\/connect.facebook.net\/en_US\/all.js\";\n\t        ref.parentNode.insertBefore(js, ref);\n\t    }(document));\n\t    window.fbAsyncInit = function() {\n\t      \t\tFB.init({\n\t            \tappId: facebook_app_ID,\n\t            \tstatus: true,\n\t            \tcookie: true,\n\t            \txfbml: true\n\t        \t});  \n\t    };\n\t\tfunction login() {\n\t\t\tFB.login(function(response) {\n\t\t\t\tFB.api('\/me', { locale: 'en_US', fields: 'name, email' },\n\t\t\t\t\tfunction(response2) {\n\t\t\t\t\t\tif (typeof response2.error == 'undefined') {\n\t\t\t\t\t\t\tjQuery(document).ready(function($){'use strict';\n      \t\t\t\t\t\/\/console.log(response2);\n\t\t\t\t\t\t\t\t$.ajax({\n\t\t\t\t\t\t\t        type: 'POST',\n\t\t\t\t\t\t\t        dataType: 'json',\n\t\t\t\t\t\t\t        url: ajax_object.ajaxurl,\n\t\t\t\t\t\t\t        data: { \n\t\t\t\t\t\t\t            'action': 'ajaxfacebooklogin', \/\/calls wp_ajax_nopriv_ajaxlogin\n\t\t\t\t\t\t\t            'id_token': response.authResponse.accessToken,\n\t\t\t\t\t\t\t            'useremail': response2.email,\n\t\t\t\t\t\t\t            'username': response2.name,\n\t\t\t\t\t\t\t            'security': $( 'form#login #security2').val() },\n\t\t\t\t\t\t\t        success: function(data){\n\t\t\t\t\t\t\t            \/\/$('form#login div.login-error').text(data.message);\n\t\t\t\t\t\t\t            if (data.loggedin == true){\n      \t\t\t\t\t\t\t\t\t\t\t\t$('form#login div.login-error').removeClass('alert-danger').addClass('alert-success');\n      \t\t\t\t\t\t\t\t\t\t\t\t$('form#login div.login-error').text(data.message);\n\t\t\t\t\t\t\t                document.location.href = ajax_object.redirecturl;\n\t\t\t\t\t\t\t            }else{\n      \t\t\t\t\t\t\t\t\t\t\t\t$('form#login div.login-error').removeClass('alert-success').addClass('alert-danger');\n      \t\t\t\t\t\t\t\t\t\t\t\t$('form#login div.login-error').text(data.message);\n      \t\t\t\t\t\t\t\t\t\t}\n\t\t\t\t\t\t\t            if($('.login-error').text() == ''){\n\t\t\t\t\t\t\t                $('form#login div.login-error').hide();\n\t\t\t\t\t\t\t            }else{\n\t\t\t\t\t\t\t                $('form#login div.login-error').show();\n\t\t\t\t\t\t\t            }\n\t\t\t\t\t\t\t        }\n\t\t\t\t\t\t\t    });\n\t\t\t\t\t\t    });\n\t\t\t\t\t\t\t\/\/ console.log('FB Login Working!');\n\t\t\t\t\t\t\t\/\/ console.log(response2);\n\t\t\t\t\t\t}else{\n\t\t\t\t\t\t\t\/\/ console.log('FB Login Error!');\n\t\t\t\t\t\t\t\/\/ console.log(response);\n\t\t\t\t\t\t}\n\t\t\t\t\t}\n\t\t\t\t);\n\t\t\t}, {scope: 'public_profile,user_friends,email'});    \n\t\t}\n\t<\/script><br \/>\n<br \/><br \/>\n<br \/><a href=\"https:\/\/veduca.org\/jovens-de-15-a-29-anos-podem-viajar-de-graca-saiba-como\/\">Source link <\/a><\/p>\n<!-- CONTENT END 1 -->\n","protected":false},"excerpt":{"rendered":"<p>Jovens podem viajar de gra\u00e7a com o ID Jovem 2.0 e ter outros benef\u00edcios como meia-entrada no cinema, descontos em show, jogos de futebol, entre&#8230;<\/p>\n","protected":false},"author":1,"featured_media":42337,"comment_status":"open","ping_status":"open","sticky":false,"template":"","format":"standard","meta":{"advanced_seo_description":"","jetpack_seo_html_title":"","jetpack_seo_noindex":false,"jetpack_post_was_ever_published":false,"_jetpack_newsletter_access":"","_jetpack_dont_email_post_to_subs":false,"_jetpack_newsletter_tier_id":0,"_jetpack_memberships_contains_paywalled_content":false,"_jetpack_memberships_contains_paid_content":false,"footnotes":"","jetpack_publicize_message":"","jetpack_publicize_feature_enabled":true,"jetpack_social_post_already_shared":true,"jetpack_social_options":{"image_generator_settings":{"template":"highway","default_image_id":0,"font":"","enabled":false},"version":2}},"categories":[1],"tags":[],"class_list":["post-42336","post","type-post","status-publish","format-standard","has-post-thumbnail","hentry","category-blog"],"jetpack_publicize_connections":[],"jetpack_featured_media_url":"https:\/\/i0.wp.com\/noticiasribeiraopreto.com.br\/wp-content\/uploads\/2024\/03\/Jovens-Viajar-de-Graca.webp.webp?fit=620%2C388&ssl=1","jetpack-related-posts":[{"id":23809,"url":"https:\/\/noticiasribeiraopreto.com.br\/index.php\/2024\/01\/03\/cadunico-2024-divulgada-lista-atualizada-dos-programas-disponiveis-para-voce\/","url_meta":{"origin":42336,"position":0},"title":"Cad\u00danico 2024: DIVULGADA lista ATUALIZADA dos programas dispon\u00edveis para voc\u00ea","author":"noticiasribeiraopreto.com.br","date":"3 de January de 2024","format":false,"excerpt":"O Cadastro \u00danico para Programas Sociais do Governo Federal (Cad\u00danico) \u00e9 mais do que uma simples inscri\u00e7\u00e3o na base de dados do governo. Isso porque ele re\u00fane informa\u00e7\u00f5es de fam\u00edlias brasileiras de baixa renda para que elas possam participar de diversos benef\u00edcios sociais. Assim, se voc\u00ea est\u00e1 inscrito no Cad\u00danico,\u2026","rel":"","context":"In &quot;Vagas de Emprego em Ribeir\u00e3o Preto-SP&quot;","block_context":{"text":"Vagas de Emprego em Ribeir\u00e3o Preto-SP","link":"https:\/\/noticiasribeiraopreto.com.br\/index.php\/category\/empregos-classificados-vagas-trabalho\/vagas-de-empregos-em-ribeirao-preto-regiao-brasil\/"},"img":{"alt_text":"","src":"https:\/\/i0.wp.com\/noticiasribeiraopreto.com.br\/wp-content\/uploads\/2024\/01\/noticiasconcursos.com_.br-cadunico-2024-divulgada-lista-atualizada-dos-programas-disponiveis-para-voce-cadastro-unico.jpeg?fit=1200%2C755&ssl=1&resize=350%2C200","width":350,"height":200,"srcset":"https:\/\/i0.wp.com\/noticiasribeiraopreto.com.br\/wp-content\/uploads\/2024\/01\/noticiasconcursos.com_.br-cadunico-2024-divulgada-lista-atualizada-dos-programas-disponiveis-para-voce-cadastro-unico.jpeg?fit=1200%2C755&ssl=1&resize=350%2C200 1x, https:\/\/i0.wp.com\/noticiasribeiraopreto.com.br\/wp-content\/uploads\/2024\/01\/noticiasconcursos.com_.br-cadunico-2024-divulgada-lista-atualizada-dos-programas-disponiveis-para-voce-cadastro-unico.jpeg?fit=1200%2C755&ssl=1&resize=525%2C300 1.5x, https:\/\/i0.wp.com\/noticiasribeiraopreto.com.br\/wp-content\/uploads\/2024\/01\/noticiasconcursos.com_.br-cadunico-2024-divulgada-lista-atualizada-dos-programas-disponiveis-para-voce-cadastro-unico.jpeg?fit=1200%2C755&ssl=1&resize=700%2C400 2x, https:\/\/i0.wp.com\/noticiasribeiraopreto.com.br\/wp-content\/uploads\/2024\/01\/noticiasconcursos.com_.br-cadunico-2024-divulgada-lista-atualizada-dos-programas-disponiveis-para-voce-cadastro-unico.jpeg?fit=1200%2C755&ssl=1&resize=1050%2C600 3x"},"classes":[]},{"id":20556,"url":"https:\/\/noticiasribeiraopreto.com.br\/index.php\/2023\/12\/25\/auxilio-jovem-esta-de-volta-descubra-como-se-inscrever-e-os-valores-pagos\/","url_meta":{"origin":42336,"position":1},"title":"Aux\u00edlio Jovem est\u00e1 de volta? Descubra como se inscrever e os valores pagos!","author":"noticiasribeiraopreto.com.br","date":"25 de December de 2023","format":false,"excerpt":"O Aux\u00edlio Brasil Jovem, um programa que visa apoiar financeiramente jovens e adolescentes que tenham bom desempenho escolar, esportivo, entre outros campos, est\u00e1 sendo discutido para voltar a ser uma realidade no universo dos programas sociais brasileiros. Neste artigo, vamos explicar como funciona o Aux\u00edlio Brasil Jovem, os crit\u00e9rios necess\u00e1rios\u2026","rel":"","context":"In &quot;Vagas de Emprego em Ribeir\u00e3o Preto-SP&quot;","block_context":{"text":"Vagas de Emprego em Ribeir\u00e3o Preto-SP","link":"https:\/\/noticiasribeiraopreto.com.br\/index.php\/category\/empregos-classificados-vagas-trabalho\/vagas-de-empregos-em-ribeirao-preto-regiao-brasil\/"},"img":{"alt_text":"","src":"","width":0,"height":0},"classes":[]},{"id":40783,"url":"https:\/\/noticiasribeiraopreto.com.br\/index.php\/2024\/03\/05\/jovem-aprendiz-coelba-2024-saiba-tudo-sobre-vagas-salarios-e-beneficios-veja-como-se-inscrever\/","url_meta":{"origin":42336,"position":2},"title":"Jovem Aprendiz Coelba 2024: Saiba tudo sobre vagas, sal\u00e1rios e benef\u00edcios. Veja como se inscrever","author":"noticiasribeiraopreto.com.br","date":"5 de March de 2024","format":false,"excerpt":"O programa Coelba Jovem Aprendiz 2024 oferece uma grande oportunidade para jovens talentos desenvolverem suas habilidades. Com o Coelba Jovem Aprendiz 2024, voc\u00ea pode iniciar sua carreira profissional no mercado de trabalho com uma empresa conceituada. Saiba mais sobre! Jovem Aprendiz Coelba 2024 A Coelba \u00e9 uma empresa dedicada a\u2026","rel":"","context":"In &quot;Empregos - Classificados&quot;","block_context":{"text":"Empregos - Classificados","link":"https:\/\/noticiasribeiraopreto.com.br\/index.php\/category\/empregos-classificados-vagas-trabalho\/"},"img":{"alt_text":"","src":"https:\/\/i0.wp.com\/noticiasribeiraopreto.com.br\/wp-content\/uploads\/2024\/03\/Jovem-aprendiz.webp.jpeg?fit=1200%2C630&ssl=1&resize=350%2C200","width":350,"height":200,"srcset":"https:\/\/i0.wp.com\/noticiasribeiraopreto.com.br\/wp-content\/uploads\/2024\/03\/Jovem-aprendiz.webp.jpeg?fit=1200%2C630&ssl=1&resize=350%2C200 1x, https:\/\/i0.wp.com\/noticiasribeiraopreto.com.br\/wp-content\/uploads\/2024\/03\/Jovem-aprendiz.webp.jpeg?fit=1200%2C630&ssl=1&resize=525%2C300 1.5x, https:\/\/i0.wp.com\/noticiasribeiraopreto.com.br\/wp-content\/uploads\/2024\/03\/Jovem-aprendiz.webp.jpeg?fit=1200%2C630&ssl=1&resize=700%2C400 2x, https:\/\/i0.wp.com\/noticiasribeiraopreto.com.br\/wp-content\/uploads\/2024\/03\/Jovem-aprendiz.webp.jpeg?fit=1200%2C630&ssl=1&resize=1050%2C600 3x"},"classes":[]},{"id":35880,"url":"https:\/\/noticiasribeiraopreto.com.br\/index.php\/2024\/02\/07\/jovem-aprendiz-sicoob-2024-vagas-abertas-para-idade-entre-14-a-24-anos-com-salario-de-r-92999-veja-como-se-inscrever\/","url_meta":{"origin":42336,"position":3},"title":"Jovem aprendiz SICOOB 2024: Vagas abertas para idade entre 14 A 24 ANOS com sal\u00e1rio de R$ 929,99; Veja como se inscrever","author":"noticiasribeiraopreto.com.br","date":"7 de February de 2024","format":false,"excerpt":"O SICOOB est\u00e1 com inscri\u00e7\u00f5es abertas para o Processo Seletivo Jovem Aprendiz em 2024, proporcionando uma grande oportunidade para jovens entre 14 e 24 anos ingressarem no mercado de trabalho. O cargo oferece benef\u00edcios e carga hor\u00e1ria das 9h \u00e0s 21h, de segunda a sexta-feira, acrescido de sal\u00e1rio de R$\u2026","rel":"","context":"In &quot;Empregos - Classificados&quot;","block_context":{"text":"Empregos - Classificados","link":"https:\/\/noticiasribeiraopreto.com.br\/index.php\/category\/empregos-classificados-vagas-trabalho\/"},"img":{"alt_text":"","src":"https:\/\/i0.wp.com\/noticiasribeiraopreto.com.br\/wp-content\/uploads\/2024\/02\/Jovem-aprendiz.png?fit=1200%2C630&ssl=1&resize=350%2C200","width":350,"height":200,"srcset":"https:\/\/i0.wp.com\/noticiasribeiraopreto.com.br\/wp-content\/uploads\/2024\/02\/Jovem-aprendiz.png?fit=1200%2C630&ssl=1&resize=350%2C200 1x, https:\/\/i0.wp.com\/noticiasribeiraopreto.com.br\/wp-content\/uploads\/2024\/02\/Jovem-aprendiz.png?fit=1200%2C630&ssl=1&resize=525%2C300 1.5x, https:\/\/i0.wp.com\/noticiasribeiraopreto.com.br\/wp-content\/uploads\/2024\/02\/Jovem-aprendiz.png?fit=1200%2C630&ssl=1&resize=700%2C400 2x, https:\/\/i0.wp.com\/noticiasribeiraopreto.com.br\/wp-content\/uploads\/2024\/02\/Jovem-aprendiz.png?fit=1200%2C630&ssl=1&resize=1050%2C600 3x"},"classes":[]},{"id":35942,"url":"https:\/\/noticiasribeiraopreto.com.br\/index.php\/2024\/02\/08\/jovem-aprendiz-banco-do-brasil-2024-vagas-abertas-veja-tudo-sobre-inscricoes-e-salarios\/","url_meta":{"origin":42336,"position":4},"title":"Jovem aprendiz Banco do Brasil 2024: Vagas abertas! Veja tudo sobre inscri\u00e7\u00f5es e sal\u00e1rios","author":"noticiasribeiraopreto.com.br","date":"8 de February de 2024","format":false,"excerpt":"Adolescentes e jovens em busca do primeiro emprego podem dar um grande passo rumo ao mercado de trabalho no Jovem Aprendiz Banco do Brasil 2024. Desenvolvido pelo governo federal, esse programa oferece diversas oportunidades que voc\u00ea pode aproveitar. Saiba agora como garantir sua vaga no Jovem Aprendiz Banco do Brasil\u2026","rel":"","context":"In &quot;Empregos - Classificados&quot;","block_context":{"text":"Empregos - Classificados","link":"https:\/\/noticiasribeiraopreto.com.br\/index.php\/category\/empregos-classificados-vagas-trabalho\/"},"img":{"alt_text":"","src":"https:\/\/i0.wp.com\/noticiasribeiraopreto.com.br\/wp-content\/uploads\/2024\/02\/JOVEM-APRENDIZ-BANCO-DO-BRASIL.png?fit=1200%2C630&ssl=1&resize=350%2C200","width":350,"height":200,"srcset":"https:\/\/i0.wp.com\/noticiasribeiraopreto.com.br\/wp-content\/uploads\/2024\/02\/JOVEM-APRENDIZ-BANCO-DO-BRASIL.png?fit=1200%2C630&ssl=1&resize=350%2C200 1x, https:\/\/i0.wp.com\/noticiasribeiraopreto.com.br\/wp-content\/uploads\/2024\/02\/JOVEM-APRENDIZ-BANCO-DO-BRASIL.png?fit=1200%2C630&ssl=1&resize=525%2C300 1.5x, https:\/\/i0.wp.com\/noticiasribeiraopreto.com.br\/wp-content\/uploads\/2024\/02\/JOVEM-APRENDIZ-BANCO-DO-BRASIL.png?fit=1200%2C630&ssl=1&resize=700%2C400 2x, https:\/\/i0.wp.com\/noticiasribeiraopreto.com.br\/wp-content\/uploads\/2024\/02\/JOVEM-APRENDIZ-BANCO-DO-BRASIL.png?fit=1200%2C630&ssl=1&resize=1050%2C600 3x"},"classes":[]},{"id":39443,"url":"https:\/\/noticiasribeiraopreto.com.br\/index.php\/2024\/02\/26\/jovem-aprendiz-shopee-2024-inscricoes-abertas-para-jovens-com-idade-entre-17-e-24-anos-mais-beneficios-para-6-horas-diarias-veja-como-se-inscrever\/","url_meta":{"origin":42336,"position":5},"title":"Jovem aprendiz SHOPEE 2024: Inscri\u00e7\u00f5es abertas para jovens com idade entre 17 e 24 anos mais benef\u00edcios para 6 horas di\u00e1rias; Veja como se inscrever","author":"noticiasribeiraopreto.com.br","date":"26 de February de 2024","format":false,"excerpt":"A Shopee, conhecida plataforma de compras online, est\u00e1 com inscri\u00e7\u00f5es abertas para o Programa Jovem Aprendiz 2024. Destina-se a jovens entre os 17 e os 24 anos e oferece a oportunidade de trabalhar na \u00e1rea corporativa da empresa e presta apoio em diversas \u00e1reas. Detalhes do Programa: Desenvolvimento Profissional e\u2026","rel":"","context":"In &quot;Empregos - Classificados&quot;","block_context":{"text":"Empregos - Classificados","link":"https:\/\/noticiasribeiraopreto.com.br\/index.php\/category\/empregos-classificados-vagas-trabalho\/"},"img":{"alt_text":"","src":"https:\/\/i0.wp.com\/noticiasribeiraopreto.com.br\/wp-content\/uploads\/2024\/02\/da-_1_.webp.png?fit=1200%2C630&ssl=1&resize=350%2C200","width":350,"height":200,"srcset":"https:\/\/i0.wp.com\/noticiasribeiraopreto.com.br\/wp-content\/uploads\/2024\/02\/da-_1_.webp.png?fit=1200%2C630&ssl=1&resize=350%2C200 1x, https:\/\/i0.wp.com\/noticiasribeiraopreto.com.br\/wp-content\/uploads\/2024\/02\/da-_1_.webp.png?fit=1200%2C630&ssl=1&resize=525%2C300 1.5x, https:\/\/i0.wp.com\/noticiasribeiraopreto.com.br\/wp-content\/uploads\/2024\/02\/da-_1_.webp.png?fit=1200%2C630&ssl=1&resize=700%2C400 2x, https:\/\/i0.wp.com\/noticiasribeiraopreto.com.br\/wp-content\/uploads\/2024\/02\/da-_1_.webp.png?fit=1200%2C630&ssl=1&resize=1050%2C600 3x"},"classes":[]}],"jetpack_sharing_enabled":true,"jetpack_shortlink":"https:\/\/wp.me\/peQAOb-b0Q","_links":{"self":[{"href":"https:\/\/noticiasribeiraopreto.com.br\/index.php\/wp-json\/wp\/v2\/posts\/42336","targetHints":{"allow":["GET"]}}],"collection":[{"href":"https:\/\/noticiasribeiraopreto.com.br\/index.php\/wp-json\/wp\/v2\/posts"}],"about":[{"href":"https:\/\/noticiasribeiraopreto.com.br\/index.php\/wp-json\/wp\/v2\/types\/post"}],"author":[{"embeddable":true,"href":"https:\/\/noticiasribeiraopreto.com.br\/index.php\/wp-json\/wp\/v2\/users\/1"}],"replies":[{"embeddable":true,"href":"https:\/\/noticiasribeiraopreto.com.br\/index.php\/wp-json\/wp\/v2\/comments?post=42336"}],"version-history":[{"count":0,"href":"https:\/\/noticiasribeiraopreto.com.br\/index.php\/wp-json\/wp\/v2\/posts\/42336\/revisions"}],"wp:featuredmedia":[{"embeddable":true,"href":"https:\/\/noticiasribeiraopreto.com.br\/index.php\/wp-json\/wp\/v2\/media\/42337"}],"wp:attachment":[{"href":"https:\/\/noticiasribeiraopreto.com.br\/index.php\/wp-json\/wp\/v2\/media?parent=42336"}],"wp:term":[{"taxonomy":"category","embeddable":true,"href":"https:\/\/noticiasribeiraopreto.com.br\/index.php\/wp-json\/wp\/v2\/categories?post=42336"},{"taxonomy":"post_tag","embeddable":true,"href":"https:\/\/noticiasribeiraopreto.com.br\/index.php\/wp-json\/wp\/v2\/tags?post=42336"}],"curies":[{"name":"wp","href":"https:\/\/api.w.org\/{rel}","templated":true}]}}