{"id":42346,"date":"2024-03-14T08:20:11","date_gmt":"2024-03-14T11:20:11","guid":{"rendered":"https:\/\/noticiasribeiraopreto.com.br\/index.php\/2024\/03\/14\/uma-vida-no-pinguim\/"},"modified":"2024-03-14T08:20:11","modified_gmt":"2024-03-14T11:20:11","slug":"uma-vida-no-pinguim","status":"publish","type":"post","link":"https:\/\/noticiasribeiraopreto.com.br\/index.php\/2024\/03\/14\/uma-vida-no-pinguim\/","title":{"rendered":"Uma vida no Pinguim\u00a0"},"content":{"rendered":"<div class='code-block code-block-1' style='margin: 8px 0 8px auto; text-align: right; display: block; clear: both;'>\n<p><a href=\"https:\/\/wa.link\/vpicfd\"><img data-recalc-dims=\"1\" class=\"wp-image-4922\" style=\"aspect-ratio: 2.0253164556962027; width: 561px; height: auto;\" src=\"https:\/\/i0.wp.com\/ismaelcolosi.com.br\/wp-content\/uploads\/2023\/11\/grupo-de-empregos-whatsapp-e-facebook-ismael-colosi-vagas.jpg?ssl=1\" alt=\"\" \/><\/a><\/p>\n<!-- \/wp:image -->\n<\/div>\n<p> <br \/>\n<\/p>\n<p><b><i><span data-contrast=\"auto\">Edwaldo Arantes *<\/span><\/i><\/b><br \/>\n<a href=\"mailto:eedwaldoeugenioarantes@gmail.com\"><b><i><span data-contrast=\"none\">eedwaldoeugenioarantes@gmail.com<\/span><\/i><\/b><\/a><\/p>\n<p><span data-contrast=\"auto\">Tenho uma longa hist\u00f3ria de amizade e relacionamento com o Pinguim, ass\u00edduo frequentador com meus chopps em colarinho alto. <\/span><\/p>\n<p><span data-contrast=\"auto\">Minha familiaridade era t\u00e3o profunda com a casa, que em todos os meus anivers\u00e1rios era agraciado com um ping\u00fcim, com o meu nome gravado e a data, 19 de maio, devo ter ganho uns 40 ou mais.<\/span><\/p>\n<p><span data-contrast=\"auto\">Aos s\u00e1bados, abria \u00e0s 11h, eu j\u00e1 podia entrar \u00e0s 10h, a fila come\u00e7ava a crescer, chegando at\u00e9 o final do quarteir\u00e3o.<\/span><\/p>\n<p><span data-contrast=\"auto\">Ao abrirem as portas era o estouro da boiada, como se dizia nas minhas Minas Gerais. Hoje, os gados s\u00e3o sin\u00f4nimos de ot\u00e1rios e ot\u00e1rias, clamando pelo retorno dos militares, golpistas vestidos de verde-amarelo.<\/span><\/p>\n<p><span data-contrast=\"auto\">Foram muitas e muitas hist\u00f3rias. Certa vez, uma quarta-feira, pouca gente, estava sozinho ao balc\u00e3o, entrou um rapaz alto, rosto l\u00edvido, trajando uma casaca preta, na mais fina eleg\u00e2ncia, cumprimentou-me e encostou-se ao meu lado.<\/span><\/p>\n<p><span data-contrast=\"auto\">Era ningu\u00e9m menos que o brilhante pianista Arthur Moreira Lima Jr, que durante o intervalo foi saborear o n\u00e9ctar da casa. Sorveu rapidamente tr\u00eas chopinhos. Como carioca, pediu \u201ccareca\u201d, um crime, imediatamente inocentado. Trocamos algumas palavras e ele perguntou-me:<\/span><\/p>\n<p><span data-contrast=\"auto\">&#8211; Vais ficar aqui?<\/span><\/p>\n<p><span data-contrast=\"auto\">&#8211; At\u00e9 fechar, respondi.<\/span><\/p>\n<p><span data-contrast=\"auto\">Ele sorriu quase uma risada dizendo, volto ap\u00f3s o concerto.<\/span><\/p>\n<p><span data-contrast=\"auto\">Ficamos conversando at\u00e9 as portas fecharem.<\/span><\/p>\n<p><span data-contrast=\"auto\">Acompanhei-o at\u00e9 ao hotel, os dois, em um porre hom\u00e9rico, que nunca esqueci, um papo memor\u00e1vel.<\/span><\/p>\n<p><span data-contrast=\"auto\">Quando o Pinguim completou 75 anos, uma semana antes, a TV Cultura de S\u00e3o Paulo solicitou uma mat\u00e9ria sobre sua hist\u00f3ria. Foi agendada uma entrevista e filmagens da casa.<\/span><\/p>\n<p><span data-contrast=\"auto\">Paulo Ferreira, querido amigo Paulinho, s\u00f3cio-propriet\u00e1rio, procurou-me dizendo que n\u00e3o poderia participar, pois estaria em Belo Horizonte em uma visita \u00e0 unidade de l\u00e1.<\/span><\/p>\n<p><span data-contrast=\"auto\">Disse que eu seria a \u00fanica pessoa que poderia substitu\u00ed-lo para a entrevista, pois nem ele mesmo conhecia t\u00e3o bem a trajet\u00f3ria como eu. Senti-me emocionado e honrado pela confian\u00e7a depositada e aceitei com muita alegria, mesmo conhecendo, pesquisei muito.<\/span><\/p>\n<p><span data-contrast=\"auto\">Na segunda-feira, \u00e0s 19h, a equipe chegou com uma bel\u00edssima jovem que seria a entrevistadora.<\/span><\/p>\n<p><span data-contrast=\"auto\">Escolhemos uma mesa, o Luiz\u00e3o foi o gar\u00e7om, iniciamos a conversa. Ela fez diversas perguntas, respondi e expliquei sobre todas, sendo que uma ficou marcante pela hist\u00f3ria que sempre corria, contribuindo para a fama nacional<\/span><\/p>\n<p><span data-contrast=\"auto\">A lenda de que um duto subterr\u00e2neo levava o chope da antiga Cervejaria Ant\u00e1rctica, na Avenida Jer\u00f4nimo Gon\u00e7alves, direto para as torneiras da unidade na Pra\u00e7a XV de Novembro.<\/span><\/p>\n<p><span data-contrast=\"auto\">Como bom mineiro, respondi, olha, eu n\u00e3o sei se \u00e9 verdade ou mentira, mas um dia vi um cano surgir de um paralelep\u00edpedo solto. Ela riu, continuamos nossos chopinhos, saboreando as deliciosas por\u00e7\u00f5es do lugar.<\/span><\/p>\n<p><span data-contrast=\"auto\">Encerrando a saga, encontrava-me sentado sorvendo as tulipas com o chopp muito bem servido. <\/span><\/p>\n<p><span data-contrast=\"auto\">Era amigo de todos os gar\u00e7ons, um deles, alto, compenetrado, mas extremamente gozador era o Ga\u00facho, um tempo depois tr\u00eas clientes foram at\u00e9 a minha mesa e um deles, bem admirado indagou:<\/span><\/p>\n<p><span data-contrast=\"auto\">&#8211; O senhor \u00e9 o dono do Pinguim?<\/span><\/p>\n<p><span data-contrast=\"auto\">Eu n\u00e3o tive sa\u00edda, com a voz quase sumida, disse que sim.<\/span><\/p>\n<p><span data-contrast=\"auto\">&#8211; Que honra, muito prazer, somos de Uberaba.<\/span><\/p>\n<p><span data-contrast=\"auto\">Voltaram para a mesa e horas depois um deles retornou e explicou: N\u00f3s pedimos a tradicional \u201csaideira\u201d por conta da casa, o gar\u00e7om falou que era norma do estabelecimento n\u00e3o conceder, dev\u00edamos pedir ao senhor.<\/span><\/p>\n<p><span data-contrast=\"auto\">Na hora, vinguei- me do Ga\u00facho e respondi:<\/span><\/p>\n<p><span data-contrast=\"auto\">&#8211; Se ele pagar a rodada est\u00e1 autorizado.<\/span><\/p>\n<p><b><i><span data-contrast=\"auto\">* Agente cultural<\/span><\/i><\/b><span data-ccp-props=\"{&quot;201341983&quot;:0,&quot;335559739&quot;:200,&quot;335559740&quot;:276}\">\u00a0<\/span><\/p>\n<p><span data-ccp-props=\"{&quot;201341983&quot;:0,&quot;335559739&quot;:200,&quot;335559740&quot;:276}\">\u00a0<\/span><\/p>\n<p>O post Uma vida no Pinguim\u00a0 apareceu primeiro em Jornal Tribuna Ribeir\u00e3o.<\/p>\n<p><br \/>\n<br \/><a href=\"https:\/\/www.tribunaribeirao.com.br\/site\/uma-vida-no-pinguim\/\">Source link <\/a><\/p>\n<!-- CONTENT END 1 -->\n","protected":false},"excerpt":{"rendered":"<p>Edwaldo Arantes * eedwaldoeugenioarantes@gmail.com Tenho uma longa hist\u00f3ria de amizade e relacionamento com o Pinguim, ass\u00edduo frequentador com meus chopps em colarinho alto. Minha familiaridade&#8230;<\/p>\n","protected":false},"author":1,"featured_media":42347,"comment_status":"open","ping_status":"open","sticky":false,"template":"","format":"standard","meta":{"advanced_seo_description":"","jetpack_seo_html_title":"","jetpack_seo_noindex":false,"jetpack_post_was_ever_published":false,"_jetpack_newsletter_access":"","_jetpack_dont_email_post_to_subs":false,"_jetpack_newsletter_tier_id":0,"_jetpack_memberships_contains_paywalled_content":false,"_jetpack_memberships_contains_paid_content":false,"footnotes":"","jetpack_publicize_message":"","jetpack_publicize_feature_enabled":true,"jetpack_social_post_already_shared":true,"jetpack_social_options":{"image_generator_settings":{"template":"highway","default_image_id":0,"font":"","enabled":false},"version":2}},"categories":[11],"tags":[2330,85,1046],"class_list":["post-42346","post","type-post","status-publish","format-standard","has-post-thumbnail","hentry","category-noticias-de-ribeirao-preto-sp-e-regiao-ismael-colosi","tag-pinguim","tag-uma","tag-vida"],"jetpack_publicize_connections":[],"jetpack_featured_media_url":"https:\/\/i0.wp.com\/noticiasribeiraopreto.com.br\/wp-content\/uploads\/2024\/03\/edwaldoarantes.jpg?fit=700%2C450&ssl=1","jetpack-related-posts":[{"id":57866,"url":"https:\/\/noticiasribeiraopreto.com.br\/index.php\/2024\/09\/12\/silvio-e-meu-amigo-pinguim-veja-as-estreias-desta-semana-nos-cinemas\/","url_meta":{"origin":42346,"position":0},"title":"\u201cSilvio\u201d e \u201cMeu Amigo Pinguim\u201d: Veja as estreias desta semana nos cinemas","author":"noticiasribeiraopreto.com.br","date":"12 de September de 2024","format":false,"excerpt":"Nesta quinta-feira (12), quatro novos filmes entram na programa\u00e7\u00e3o dos cinemas de Ribeir\u00e3o Preto, entre elas, a cinebiografia de Silvio Santos, o longa Silvio e um filme sobre a amizade de um pai e um pequeno pinguim, a aventura Meu Amigo Pinguim. Veja todas as estreias: Ribeir\u00e3o Preto conta com\u2026","rel":"","context":"In &quot;Not\u00edcias de Ribeir\u00e3o Preto-SP e Regi\u00e3o&quot;","block_context":{"text":"Not\u00edcias de Ribeir\u00e3o Preto-SP e Regi\u00e3o","link":"https:\/\/noticiasribeiraopreto.com.br\/index.php\/category\/noticias-de-ribeirao-preto-sp-e-regiao-ismael-colosi\/"},"img":{"alt_text":"","src":"https:\/\/i0.wp.com\/noticiasribeiraopreto.com.br\/wp-content\/uploads\/2024\/09\/daniel-enquadramento-capa-2024-09-11t181520073_2024-09-12_12-21-46_jpg_2024-09-12_12-21-46.webp.webp?fit=1100%2C600&ssl=1&resize=350%2C200","width":350,"height":200,"srcset":"https:\/\/i0.wp.com\/noticiasribeiraopreto.com.br\/wp-content\/uploads\/2024\/09\/daniel-enquadramento-capa-2024-09-11t181520073_2024-09-12_12-21-46_jpg_2024-09-12_12-21-46.webp.webp?fit=1100%2C600&ssl=1&resize=350%2C200 1x, https:\/\/i0.wp.com\/noticiasribeiraopreto.com.br\/wp-content\/uploads\/2024\/09\/daniel-enquadramento-capa-2024-09-11t181520073_2024-09-12_12-21-46_jpg_2024-09-12_12-21-46.webp.webp?fit=1100%2C600&ssl=1&resize=525%2C300 1.5x, https:\/\/i0.wp.com\/noticiasribeiraopreto.com.br\/wp-content\/uploads\/2024\/09\/daniel-enquadramento-capa-2024-09-11t181520073_2024-09-12_12-21-46_jpg_2024-09-12_12-21-46.webp.webp?fit=1100%2C600&ssl=1&resize=700%2C400 2x, https:\/\/i0.wp.com\/noticiasribeiraopreto.com.br\/wp-content\/uploads\/2024\/09\/daniel-enquadramento-capa-2024-09-11t181520073_2024-09-12_12-21-46_jpg_2024-09-12_12-21-46.webp.webp?fit=1100%2C600&ssl=1&resize=1050%2C600 3x"},"classes":[]},{"id":17257,"url":"https:\/\/noticiasribeiraopreto.com.br\/index.php\/2023\/12\/17\/meninos-cantores-voltam-ao-pinguim-3\/","url_meta":{"origin":42346,"position":1},"title":"Meninos Cantores voltam ao Pinguim\u00a0\u00a0","author":"noticiasribeiraopreto.com.br","date":"17 de December de 2023","format":false,"excerpt":"Sob a reg\u00eancia da maestrina Gisele Ganade e dos maestros Marcos Pinafo e Pedro Coelho, acompanhados por quarteto de cordas, pianistas, percussionistas, diversos instrumentistas e locutores convidados, os cantores dos corais infantil, pr\u00e9-juvenil e juvenil da Cia. Minaz se juntam para apresentar o t\u00e3o aguardado \u201cConcerto dos Meninos Cantores nas\u2026","rel":"","context":"In &quot;Not\u00edcias de Ribeir\u00e3o Preto-SP e Regi\u00e3o&quot;","block_context":{"text":"Not\u00edcias de Ribeir\u00e3o Preto-SP e Regi\u00e3o","link":"https:\/\/noticiasribeiraopreto.com.br\/index.php\/category\/noticias-de-ribeirao-preto-sp-e-regiao-ismael-colosi\/"},"img":{"alt_text":"","src":"https:\/\/i0.wp.com\/noticiasribeiraopreto.com.br\/wp-content\/uploads\/2023\/12\/Foto-concerto-%E2%80%93-Claudio-Frateschi-2-scaled.jpeg?fit=968%2C645&ssl=1&resize=350%2C200","width":350,"height":200,"srcset":"https:\/\/i0.wp.com\/noticiasribeiraopreto.com.br\/wp-content\/uploads\/2023\/12\/Foto-concerto-%E2%80%93-Claudio-Frateschi-2-scaled.jpeg?fit=968%2C645&ssl=1&resize=350%2C200 1x, https:\/\/i0.wp.com\/noticiasribeiraopreto.com.br\/wp-content\/uploads\/2023\/12\/Foto-concerto-%E2%80%93-Claudio-Frateschi-2-scaled.jpeg?fit=968%2C645&ssl=1&resize=525%2C300 1.5x, https:\/\/i0.wp.com\/noticiasribeiraopreto.com.br\/wp-content\/uploads\/2023\/12\/Foto-concerto-%E2%80%93-Claudio-Frateschi-2-scaled.jpeg?fit=968%2C645&ssl=1&resize=700%2C400 2x"},"classes":[]},{"id":60002,"url":"https:\/\/noticiasribeiraopreto.com.br\/index.php\/2024\/11\/04\/guitarrista-do-r-e-m-visita-ribeirao-preto-e-leva-lembranca-da-cidade\/","url_meta":{"origin":42346,"position":2},"title":"Guitarrista do R.E.M visita Ribeir\u00e3o Preto e leva lembran\u00e7a da cidade","author":"noticiasribeiraopreto.com.br","date":"4 de November de 2024","format":false,"excerpt":"O guitarrista da banda norte-americana R.E.M, Peter Buck, visitou Ribeir\u00e3o Preto neste fim de semana e ainda levou uma lembran\u00e7a da cidade. O artista participou do show do cantor Nando Reis, que se apresentou no Theatro Pedro II nos dias 2 e 3 de novembro. Nesta segunda-feira (4), os perfis\u2026","rel":"","context":"In &quot;Not\u00edcias de Ribeir\u00e3o Preto-SP e Regi\u00e3o&quot;","block_context":{"text":"Not\u00edcias de Ribeir\u00e3o Preto-SP e Regi\u00e3o","link":"https:\/\/noticiasribeiraopreto.com.br\/index.php\/category\/noticias-de-ribeirao-preto-sp-e-regiao-ismael-colosi\/"},"img":{"alt_text":"","src":"https:\/\/i0.wp.com\/noticiasribeiraopreto.com.br\/wp-content\/uploads\/2024\/11\/peter-buck-pinguim_2024-11-04_15-33-29_jpg_2024-11-04_15-33-29.webp.webp?fit=1200%2C868&ssl=1&resize=350%2C200","width":350,"height":200,"srcset":"https:\/\/i0.wp.com\/noticiasribeiraopreto.com.br\/wp-content\/uploads\/2024\/11\/peter-buck-pinguim_2024-11-04_15-33-29_jpg_2024-11-04_15-33-29.webp.webp?fit=1200%2C868&ssl=1&resize=350%2C200 1x, https:\/\/i0.wp.com\/noticiasribeiraopreto.com.br\/wp-content\/uploads\/2024\/11\/peter-buck-pinguim_2024-11-04_15-33-29_jpg_2024-11-04_15-33-29.webp.webp?fit=1200%2C868&ssl=1&resize=525%2C300 1.5x, https:\/\/i0.wp.com\/noticiasribeiraopreto.com.br\/wp-content\/uploads\/2024\/11\/peter-buck-pinguim_2024-11-04_15-33-29_jpg_2024-11-04_15-33-29.webp.webp?fit=1200%2C868&ssl=1&resize=700%2C400 2x, https:\/\/i0.wp.com\/noticiasribeiraopreto.com.br\/wp-content\/uploads\/2024\/11\/peter-buck-pinguim_2024-11-04_15-33-29_jpg_2024-11-04_15-33-29.webp.webp?fit=1200%2C868&ssl=1&resize=1050%2C600 3x"},"classes":[]},{"id":24267,"url":"https:\/\/noticiasribeiraopreto.com.br\/index.php\/2024\/01\/03\/7-series-que-vao-estrear-em-2024-meu-valor-digital\/","url_meta":{"origin":42346,"position":3},"title":"7 s\u00e9ries que v\u00e3o estrear em 2024 &#8211; Meu Valor Digital","author":"noticiasribeiraopreto.com.br","date":"3 de January de 2024","format":false,"excerpt":"Para os amantes de s\u00e9ries, os servi\u00e7os de streaming j\u00e1 come\u00e7am a divulgar seus lan\u00e7amentos para 2024. A Netflix \u00e9 a que mais est\u00e1 se movimentando para satisfazer seus assinantes, trazendo grandes novidades. A gigante do streaming come\u00e7ou o novo ano mostrando que n\u00e3o brinca em servi\u00e7o. Outros servi\u00e7os de\u2026","rel":"","context":"In &quot;Vagas de Emprego em Ribeir\u00e3o Preto-SP&quot;","block_context":{"text":"Vagas de Emprego em Ribeir\u00e3o Preto-SP","link":"https:\/\/noticiasribeiraopreto.com.br\/index.php\/category\/empregos-classificados-vagas-trabalho\/vagas-de-empregos-em-ribeirao-preto-regiao-brasil\/"},"img":{"alt_text":"","src":"https:\/\/i0.wp.com\/noticiasribeiraopreto.com.br\/wp-content\/uploads\/2024\/01\/series-que-vao-estrear-2024.jpg?fit=1200%2C800&ssl=1&resize=350%2C200","width":350,"height":200,"srcset":"https:\/\/i0.wp.com\/noticiasribeiraopreto.com.br\/wp-content\/uploads\/2024\/01\/series-que-vao-estrear-2024.jpg?fit=1200%2C800&ssl=1&resize=350%2C200 1x, https:\/\/i0.wp.com\/noticiasribeiraopreto.com.br\/wp-content\/uploads\/2024\/01\/series-que-vao-estrear-2024.jpg?fit=1200%2C800&ssl=1&resize=525%2C300 1.5x, https:\/\/i0.wp.com\/noticiasribeiraopreto.com.br\/wp-content\/uploads\/2024\/01\/series-que-vao-estrear-2024.jpg?fit=1200%2C800&ssl=1&resize=700%2C400 2x, https:\/\/i0.wp.com\/noticiasribeiraopreto.com.br\/wp-content\/uploads\/2024\/01\/series-que-vao-estrear-2024.jpg?fit=1200%2C800&ssl=1&resize=1050%2C600 3x"},"classes":[]},{"id":39754,"url":"https:\/\/noticiasribeiraopreto.com.br\/index.php\/2024\/02\/28\/o-dia-em-que-me-chamaram-para-uma-posicao-global-na-apple\/","url_meta":{"origin":42346,"position":4},"title":"O dia em que me chamaram para uma posi\u00e7\u00e3o global na Apple","author":"noticiasribeiraopreto.com.br","date":"28 de February de 2024","format":false,"excerpt":"Aprendi com Steve Jobs, e com a Apple, que voc\u00ea precisa confiar em algo \u2013 seja no seu instinto, destino, vida, carma.\u00a0 Todo mundo pode duvidar de voc\u00ea. Menos voc\u00ea. Era o meu pen\u00faltimo dia de f\u00e9rias. Minhas filhas estavam no quarto ao lado e combinamos de acordar mais tarde.\u2026","rel":"","context":"In &quot;Blog&quot;","block_context":{"text":"Blog","link":"https:\/\/noticiasribeiraopreto.com.br\/index.php\/category\/blog\/"},"img":{"alt_text":"","src":"https:\/\/i0.wp.com\/noticiasribeiraopreto.com.br\/wp-content\/uploads\/2024\/02\/careira-lu-odrigues-steve-jobs-apple-1024x683.jpg?fit=1024%2C683&ssl=1&resize=350%2C200","width":350,"height":200,"srcset":"https:\/\/i0.wp.com\/noticiasribeiraopreto.com.br\/wp-content\/uploads\/2024\/02\/careira-lu-odrigues-steve-jobs-apple-1024x683.jpg?fit=1024%2C683&ssl=1&resize=350%2C200 1x, https:\/\/i0.wp.com\/noticiasribeiraopreto.com.br\/wp-content\/uploads\/2024\/02\/careira-lu-odrigues-steve-jobs-apple-1024x683.jpg?fit=1024%2C683&ssl=1&resize=525%2C300 1.5x, https:\/\/i0.wp.com\/noticiasribeiraopreto.com.br\/wp-content\/uploads\/2024\/02\/careira-lu-odrigues-steve-jobs-apple-1024x683.jpg?fit=1024%2C683&ssl=1&resize=700%2C400 2x"},"classes":[]},{"id":49613,"url":"https:\/\/noticiasribeiraopreto.com.br\/index.php\/2024\/05\/12\/eu-sou-uma-mae-mais-presente-como-a-tecnologia-esta-redefinindo-a-maternidade-de-mulheres-brasileiras\/","url_meta":{"origin":42346,"position":5},"title":"&#8220;Eu sou uma m\u00e3e mais presente&#8221;: como a tecnologia est\u00e1 redefinindo a maternidade de mulheres brasileiras","author":"noticiasribeiraopreto.com.br","date":"12 de May de 2024","format":false,"excerpt":"Reprodu\u00e7\u00e3o\/Acervo pessoalA carreira em tecnologia se mostrou uma sa\u00edda para m\u00e3es que desejam mais tempo com os filhos A S\u00edntese de Indicadores Sociais 2023, pesquisa realizada pelo IBGE anualmente para analisar a qualidade de vida dos brasileiros sob a perspectiva das desigualdades sociais, evidenciou que mais de 2,5 milh\u00f5es de\u2026","rel":"","context":"In &quot;Blog&quot;","block_context":{"text":"Blog","link":"https:\/\/noticiasribeiraopreto.com.br\/index.php\/category\/blog\/"},"img":{"alt_text":"","src":"https:\/\/i0.wp.com\/noticiasribeiraopreto.com.br\/wp-content\/uploads\/2024\/05\/Renata-Betti-1024x683.png?fit=1024%2C683&ssl=1&resize=350%2C200","width":350,"height":200,"srcset":"https:\/\/i0.wp.com\/noticiasribeiraopreto.com.br\/wp-content\/uploads\/2024\/05\/Renata-Betti-1024x683.png?fit=1024%2C683&ssl=1&resize=350%2C200 1x, https:\/\/i0.wp.com\/noticiasribeiraopreto.com.br\/wp-content\/uploads\/2024\/05\/Renata-Betti-1024x683.png?fit=1024%2C683&ssl=1&resize=525%2C300 1.5x, https:\/\/i0.wp.com\/noticiasribeiraopreto.com.br\/wp-content\/uploads\/2024\/05\/Renata-Betti-1024x683.png?fit=1024%2C683&ssl=1&resize=700%2C400 2x"},"classes":[]}],"jetpack_sharing_enabled":true,"jetpack_shortlink":"https:\/\/wp.me\/peQAOb-b10","_links":{"self":[{"href":"https:\/\/noticiasribeiraopreto.com.br\/index.php\/wp-json\/wp\/v2\/posts\/42346","targetHints":{"allow":["GET"]}}],"collection":[{"href":"https:\/\/noticiasribeiraopreto.com.br\/index.php\/wp-json\/wp\/v2\/posts"}],"about":[{"href":"https:\/\/noticiasribeiraopreto.com.br\/index.php\/wp-json\/wp\/v2\/types\/post"}],"author":[{"embeddable":true,"href":"https:\/\/noticiasribeiraopreto.com.br\/index.php\/wp-json\/wp\/v2\/users\/1"}],"replies":[{"embeddable":true,"href":"https:\/\/noticiasribeiraopreto.com.br\/index.php\/wp-json\/wp\/v2\/comments?post=42346"}],"version-history":[{"count":0,"href":"https:\/\/noticiasribeiraopreto.com.br\/index.php\/wp-json\/wp\/v2\/posts\/42346\/revisions"}],"wp:featuredmedia":[{"embeddable":true,"href":"https:\/\/noticiasribeiraopreto.com.br\/index.php\/wp-json\/wp\/v2\/media\/42347"}],"wp:attachment":[{"href":"https:\/\/noticiasribeiraopreto.com.br\/index.php\/wp-json\/wp\/v2\/media?parent=42346"}],"wp:term":[{"taxonomy":"category","embeddable":true,"href":"https:\/\/noticiasribeiraopreto.com.br\/index.php\/wp-json\/wp\/v2\/categories?post=42346"},{"taxonomy":"post_tag","embeddable":true,"href":"https:\/\/noticiasribeiraopreto.com.br\/index.php\/wp-json\/wp\/v2\/tags?post=42346"}],"curies":[{"name":"wp","href":"https:\/\/api.w.org\/{rel}","templated":true}]}}